{"id":83047,"date":"2024-11-30T22:04:20","date_gmt":"2024-11-30T22:04:20","guid":{"rendered":"https:\/\/soccer.aidatasports.com\/fr\/uncategorized\/tenerife-vs-elche-nov-30-2024-2000-utc\/"},"modified":"2024-11-30T22:04:20","modified_gmt":"2024-11-30T22:04:20","slug":"tenerife-vs-elche-nov-30-2024-2000-utc","status":"publish","type":"post","link":"https:\/\/soccer.aidatasports.com\/fr\/matches\/tenerife-vs-elche-nov-30-2024-2000-utc\/","title":{"rendered":"Tenerife vs Elche Nov 30 2024 20:00 UTC"},"content":{"rendered":"<p><strong>French:<\/strong><\/p>\n<p>Le CD Tenerife a subi une d\u00e9faite am\u00e8re face \u00e0 l&rsquo;Elche CF lors d&rsquo;un match palpitant au Estadio Heliodoro Rodr\u00edguez Lop\u00e9z. La rencontre, correspondant \u00e0 la 17\u00e8me journ\u00e9e de la Segunda Divisi\u00f3n, s&rsquo;est termin\u00e9e sur un score de 1-2, un r\u00e9sultat qui ne refl\u00e8te pas enti\u00e8rement la domination territoriale de l&rsquo;\u00e9quipe visiteuse. L&rsquo;Elche, avec 60% de possession, a contr\u00f4l\u00e9 le jeu, tandis que Tenerife s&rsquo;est montr\u00e9 plus incisif en attaque, mais avec moins d&rsquo;efficacit\u00e9.<\/p>\n<p>Le match a \u00e9t\u00e9 marqu\u00e9 par un nombre \u00e9lev\u00e9 de cartons. Nico Mercau de l&rsquo;Elche a re\u00e7u deux cartons jaunes et un rouge avant la mi-temps (minutes 23, 26 et 26), tandis que Tenerife a \u00e9galement subi l&rsquo;expulsion de J. Mellot \u00e0 la 83\u00e8me minute apr\u00e8s avoir accumul\u00e9 deux cartons jaunes (minutes 69 et 83). D&rsquo;autres cartons jaunes ont \u00e9t\u00e9 distribu\u00e9s \u00e0 A. Mart\u00edn Luis (Tenerife, minute 3), A. Febas (Elche, minute 35), M. Mesa (Tenerife, minute 60), W. Rubio (Tenerife, minute 62), C. Salvador (Elche, minute 74), N. Castro (Elche, minute 86) et R. Guti (Elche, minute 90).<\/p>\n<p>Malgr\u00e9 sa sup\u00e9riorit\u00e9 num\u00e9rique initiale, Tenerife a ouvert le score gr\u00e2ce \u00e0 un but de Y. Diarra \u00e0 la 30\u00e8me minute, assist\u00e9 par Cruz Luismi. Cependant, l&rsquo;Elche a r\u00e9ussi \u00e0 \u00e9galiser puis \u00e0 gagner dans les derni\u00e8res minutes. Le but \u00e9galisateur est arriv\u00e9 \u00e0 la 90\u00e8me minute gr\u00e2ce \u00e0 Kaba, qui a marqu\u00e9 sur une passe de Bigas. Tenerife a tir\u00e9 12 fois (2 cadr\u00e9s), tandis que l&rsquo;Elche a tir\u00e9 7 fois (2 cadr\u00e9s). Le match, arbitr\u00e9 par Daniel Palencia Caballero, a \u00e9t\u00e9 une rencontre intense avec de nombreuses fautes (20 pour Tenerife et 19 pour Elche).<\/p>\n<p>Remplacements dans l&rsquo;quipe de elche: \u00c0 la 46e minute, C. Salvador est entr\u00e9 et A. Febas est sorti., \u00c0 la 46e minute, N. Castro est entr\u00e9 et Y. Santiago est sorti., \u00c0 la 67e minute, R. Nunez est entr\u00e9 et Josan est sorti., \u00c0 la 75e minute, S. Kaba est entr\u00e9 et A. Alvarez est sorti., \u00c0 la 80e minute, O. Plano est entr\u00e9 et D. Affengruber est sorti. <\/p>\n<p>Remplacements dans l&rsquo;quipe de tenerife: \u00c0 la 46e minute, A. Teto est entr\u00e9 et A. Martin Luis est sorti., \u00c0 la 61e minute, Y. Senhadji est entr\u00e9 et M. Mesa est sorti., \u00c0 la 71e minute, M. Moreno est entr\u00e9 et A. Rodriguez est sorti., \u00c0 la 71e minute, D. Perera est entr\u00e9 et W. Rubio est sorti., \u00c0 la 84e minute, D. Rodriguez est entr\u00e9 et D. Perera est sorti. <\/p>\n<p>Les \u00e9quipes se sont align\u00e9es comme suit:<\/p>\n<div class=\"lineups-container\">\n<style>\n                .lineups-container {\n                    display: flex;\n                    justify-content: space-around;\n                    flex-wrap: wrap;\n                }\n                .team-lineup {\n                    width: 49%;\n                    margin-bottom: 20px;\n                    border: 1px solid #ccc;\n                    padding: 5px;\n                }\n                .team-lineup h3 {\n                    text-align: center;\n                    margin-bottom: 10px;\n                }\n                .players-container {\n                    display: flex;\n                    justify-content: space-between;\n                }\n                .players-container div {\n                    width: 100%;\n                }\n                .player {\n                    display: flex;\n                    align-items: center;\n                    margin-bottom: 5px;\n                }\n                .player img {\n                    width: 30px;\n                    height: 30px;\n                    border-radius: 50%;\n                    margin-right: 10px;\n                }\n                    @media (max-width: 600px) {\n                    .team-lineup {\n                        width: 100%;\n                    }\n                }\n                <\/style>\n<div class=\"team-lineup\">\n<h3>Tenerife<\/h3>\n<p><img decoding=\"async\" src=\"https:\/\/media.api-sports.io\/football\/teams\/719.png\" alt=\"Tenerife\" style=\"width: 50px; height: 50px;\"><\/p>\n<div class=\"players-container\">\n<div>\n<h4>Titulares:<\/h4>\n<div class=\"player\"><a href=\"https:\/\/soccer.aidatasports.com\/fr\/players\/Tomeu-Nadal-46699\"><img decoding=\"async\" src=\"https:\/\/soccer.aidatasports.com\/images\/players\/46699.png\" alt=\"Tomeu Nadal\" onerror=\"this.onerror=null;this.src='https:\/\/soccer.aidatasports.com\/images\/players\/default-player.png';\"><span>Tomeu Nadal<\/span><\/a><\/div>\n<div class=\"player\"><a href=\"https:\/\/soccer.aidatasports.com\/fr\/players\/Jeremy-Mellot-24026\"><img decoding=\"async\" src=\"https:\/\/soccer.aidatasports.com\/images\/players\/24026.png\" alt=\"Jeremy Mellot\" onerror=\"this.onerror=null;this.src='https:\/\/soccer.aidatasports.com\/images\/players\/default-player.png';\"><span>Jeremy Mellot<\/span><\/a><\/div>\n<div class=\"player\"><a href=\"https:\/\/soccer.aidatasports.com\/fr\/players\/Sergio-Gonz\u00e1lez-46760\"><img decoding=\"async\" src=\"https:\/\/soccer.aidatasports.com\/images\/players\/46760.png\" alt=\"Sergio Gonz\u00e1lez\" onerror=\"this.onerror=null;this.src='https:\/\/soccer.aidatasports.com\/images\/players\/default-player.png';\"><span>Sergio Gonz\u00e1lez<\/span><\/a><\/div>\n<div class=\"player\"><a href=\"https:\/\/soccer.aidatasports.com\/fr\/players\/Jos\u00e9-Le\u00f3n-48322\"><img decoding=\"async\" src=\"https:\/\/soccer.aidatasports.com\/images\/players\/48322.png\" alt=\"Jos\u00e9 Le\u00f3n\" onerror=\"this.onerror=null;this.src='https:\/\/soccer.aidatasports.com\/images\/players\/default-player.png';\"><span>Jos\u00e9 Le\u00f3n<\/span><\/a><\/div>\n<div class=\"player\"><a href=\"https:\/\/soccer.aidatasports.com\/fr\/players\/Adri\u00e1n-Guerrero-122804\"><img decoding=\"async\" src=\"https:\/\/soccer.aidatasports.com\/images\/players\/122804.png\" alt=\"Adri\u00e1n Guerrero\" onerror=\"this.onerror=null;this.src='https:\/\/soccer.aidatasports.com\/images\/players\/default-player.png';\"><span>Adri\u00e1n Guerrero<\/span><\/a><\/div>\n<div class=\"player\"><a href=\"https:\/\/soccer.aidatasports.com\/fr\/players\/Luismi-Cruz-188445\"><img decoding=\"async\" src=\"https:\/\/soccer.aidatasports.com\/images\/players\/188445.png\" alt=\"Luismi Cruz\" onerror=\"this.onerror=null;this.src='https:\/\/soccer.aidatasports.com\/images\/players\/default-player.png';\"><span>Luismi Cruz<\/span><\/a><\/div>\n<div class=\"player\"><a href=\"https:\/\/soccer.aidatasports.com\/fr\/players\/Youssouf-Diarra-183853\"><img decoding=\"async\" src=\"https:\/\/soccer.aidatasports.com\/images\/players\/183853.png\" alt=\"Youssouf Diarra\" onerror=\"this.onerror=null;this.src='https:\/\/soccer.aidatasports.com\/images\/players\/default-player.png';\"><span>Youssouf Diarra<\/span><\/a><\/div>\n<div class=\"player\"><a href=\"https:\/\/soccer.aidatasports.com\/fr\/players\/Aar\u00f3n-Martin-Luis-459041\"><img decoding=\"async\" src=\"https:\/\/soccer.aidatasports.com\/images\/players\/459041.png\" alt=\"Aar\u00f3n Martin Luis\" onerror=\"this.onerror=null;this.src='https:\/\/soccer.aidatasports.com\/images\/players\/default-player.png';\"><span>Aar\u00f3n Martin Luis<\/span><\/a><\/div>\n<div class=\"player\"><a href=\"https:\/\/soccer.aidatasports.com\/fr\/players\/Waldo-Rubio-Mar\u00edn-47498\"><img decoding=\"async\" src=\"https:\/\/soccer.aidatasports.com\/images\/players\/47498.png\" alt=\"Waldo Rubio Mar\u00edn\" onerror=\"this.onerror=null;this.src='https:\/\/soccer.aidatasports.com\/images\/players\/default-player.png';\"><span>Waldo Rubio Mar\u00edn<\/span><\/a><\/div>\n<div class=\"player\"><a href=\"https:\/\/soccer.aidatasports.com\/fr\/players\/Maikel-Mesa-47005\"><img decoding=\"async\" src=\"https:\/\/soccer.aidatasports.com\/images\/players\/47005.png\" alt=\"Maikel Mesa\" onerror=\"this.onerror=null;this.src='https:\/\/soccer.aidatasports.com\/images\/players\/default-player.png';\"><span>Maikel Mesa<\/span><\/a><\/div>\n<div class=\"player\"><a href=\"https:\/\/soccer.aidatasports.com\/fr\/players\/\u00c1ngel-Rodr\u00edguez-47266\"><img decoding=\"async\" src=\"https:\/\/soccer.aidatasports.com\/images\/players\/47266.png\" alt=\"\u00c1ngel Rodr\u00edguez\" onerror=\"this.onerror=null;this.src='https:\/\/soccer.aidatasports.com\/images\/players\/default-player.png';\"><span>\u00c1ngel Rodr\u00edguez<\/span><\/a><\/div>\n<\/div>\n<div>\n<h4>Suplentes:<\/h4>\n<div class=\"player\"><a href=\"https:\/\/soccer.aidatasports.com\/fr\/players\/Teto-309127\"><img decoding=\"async\" src=\"https:\/\/soccer.aidatasports.com\/images\/players\/309127.png\" alt=\"Teto\" onerror=\"this.onerror=null;this.src='https:\/\/soccer.aidatasports.com\/images\/players\/default-player.png';\"><span>Teto<\/span><\/a><\/div>\n<div class=\"player\"><a href=\"https:\/\/soccer.aidatasports.com\/fr\/players\/Yanis-Senhadji-443164\"><img decoding=\"async\" src=\"https:\/\/soccer.aidatasports.com\/images\/players\/443164.png\" alt=\"Yanis Senhadji\" onerror=\"this.onerror=null;this.src='https:\/\/soccer.aidatasports.com\/images\/players\/default-player.png';\"><span>Yanis Senhadji<\/span><\/a><\/div>\n<div class=\"player\"><a href=\"https:\/\/soccer.aidatasports.com\/fr\/players\/Salvi-190261\"><img decoding=\"async\" src=\"https:\/\/soccer.aidatasports.com\/images\/players\/190261.png\" alt=\"Salvi\" onerror=\"this.onerror=null;this.src='https:\/\/soccer.aidatasports.com\/images\/players\/default-player.png';\"><span>Salvi<\/span><\/a><\/div>\n<div class=\"player\"><a href=\"https:\/\/soccer.aidatasports.com\/fr\/players\/David-Rodr\u00edguez-Ramos-208117\"><img decoding=\"async\" src=\"https:\/\/soccer.aidatasports.com\/images\/players\/208117.png\" alt=\"David Rodr\u00edguez Ramos\" onerror=\"this.onerror=null;this.src='https:\/\/soccer.aidatasports.com\/images\/players\/default-player.png';\"><span>David Rodr\u00edguez Ramos<\/span><\/a><\/div>\n<div class=\"player\"><a href=\"https:\/\/soccer.aidatasports.com\/fr\/players\/Rub\u00e9n-178941\"><img decoding=\"async\" src=\"https:\/\/soccer.aidatasports.com\/images\/players\/178941.png\" alt=\"Rub\u00e9n\" onerror=\"this.onerror=null;this.src='https:\/\/soccer.aidatasports.com\/images\/players\/default-player.png';\"><span>Rub\u00e9n<\/span><\/a><\/div>\n<div class=\"player\"><a href=\"https:\/\/soccer.aidatasports.com\/fr\/players\/Josep-Gay\u00e1-185715\"><img decoding=\"async\" src=\"https:\/\/soccer.aidatasports.com\/images\/players\/185715.png\" alt=\"Josep Gay\u00e1\" onerror=\"this.onerror=null;this.src='https:\/\/soccer.aidatasports.com\/images\/players\/default-player.png';\"><span>Josep Gay\u00e1<\/span><\/a><\/div>\n<div class=\"player\"><a href=\"https:\/\/soccer.aidatasports.com\/fr\/players\/Daniel-Fern\u00e1ndez-471386\"><img decoding=\"async\" src=\"https:\/\/soccer.aidatasports.com\/images\/players\/471386.png\" alt=\"Daniel Fern\u00e1ndez\" onerror=\"this.onerror=null;this.src='https:\/\/soccer.aidatasports.com\/images\/players\/default-player.png';\"><span>Daniel Fern\u00e1ndez<\/span><\/a><\/div>\n<div class=\"player\"><a href=\"https:\/\/soccer.aidatasports.com\/fr\/players\/Dylan-Perera-Plasencia-291211\"><img decoding=\"async\" src=\"https:\/\/soccer.aidatasports.com\/images\/players\/291211.png\" alt=\"Dylan Perera Plasencia\" onerror=\"this.onerror=null;this.src='https:\/\/soccer.aidatasports.com\/images\/players\/default-player.png';\"><span>Dylan Perera Plasencia<\/span><\/a><\/div>\n<div class=\"player\"><a href=\"https:\/\/soccer.aidatasports.com\/fr\/players\/Marlos-Moreno-35794\"><img decoding=\"async\" src=\"https:\/\/soccer.aidatasports.com\/images\/players\/35794.png\" alt=\"Marlos Moreno\" onerror=\"this.onerror=null;this.src='https:\/\/soccer.aidatasports.com\/images\/players\/default-player.png';\"><span>Marlos Moreno<\/span><\/a><\/div>\n<div class=\"player\"><a href=\"https:\/\/soccer.aidatasports.com\/fr\/players\/Yann-Bodiger-47199\"><img decoding=\"async\" src=\"https:\/\/soccer.aidatasports.com\/images\/players\/47199.png\" alt=\"Yann Bodiger\" onerror=\"this.onerror=null;this.src='https:\/\/soccer.aidatasports.com\/images\/players\/default-player.png';\"><span>Yann Bodiger<\/span><\/a><\/div>\n<div class=\"player\"><a href=\"https:\/\/soccer.aidatasports.com\/fr\/players\/Enric-Gallego-47581\"><img decoding=\"async\" src=\"https:\/\/soccer.aidatasports.com\/images\/players\/47581.png\" alt=\"Enric Gallego\" onerror=\"this.onerror=null;this.src='https:\/\/soccer.aidatasports.com\/images\/players\/default-player.png';\"><span>Enric Gallego<\/span><\/a><\/div>\n<div class=\"player\"><a href=\"https:\/\/soccer.aidatasports.com\/fr\/players\/\u00c1lejandro-Cantero-182671\"><img decoding=\"async\" src=\"https:\/\/soccer.aidatasports.com\/images\/players\/182671.png\" alt=\"\u00c1lejandro Cantero\" onerror=\"this.onerror=null;this.src='https:\/\/soccer.aidatasports.com\/images\/players\/default-player.png';\"><span>\u00c1lejandro Cantero<\/span><\/a><\/div>\n<\/div>\n<\/div>\n<\/div>\n<div class=\"team-lineup\">\n<h3>Elche<\/h3>\n<p><img decoding=\"async\" src=\"https:\/\/media.api-sports.io\/football\/teams\/797.png\" alt=\"Elche\" style=\"width: 50px; height: 50px;\"><\/p>\n<div class=\"players-container\">\n<div>\n<h4>Titulares:<\/h4>\n<div class=\"player\"><a href=\"https:\/\/soccer.aidatasports.com\/fr\/players\/Mat\u00edas-Dituro-11346\"><img decoding=\"async\" src=\"https:\/\/soccer.aidatasports.com\/images\/players\/11346.png\" alt=\"Mat\u00edas Dituro\" onerror=\"this.onerror=null;this.src='https:\/\/soccer.aidatasports.com\/images\/players\/default-player.png';\"><span>Mat\u00edas Dituro<\/span><\/a><\/div>\n<div class=\"player\"><a href=\"https:\/\/soccer.aidatasports.com\/fr\/players\/Alvaro-N\u00fa\u00f1ez-182661\"><img decoding=\"async\" src=\"https:\/\/soccer.aidatasports.com\/images\/players\/182661.png\" alt=\"Alvaro N\u00fa\u00f1ez\" onerror=\"this.onerror=null;this.src='https:\/\/soccer.aidatasports.com\/images\/players\/default-player.png';\"><span>Alvaro N\u00fa\u00f1ez<\/span><\/a><\/div>\n<div class=\"player\"><a href=\"https:\/\/soccer.aidatasports.com\/fr\/players\/David-Affengruber-126640\"><img decoding=\"async\" src=\"https:\/\/soccer.aidatasports.com\/images\/players\/126640.png\" alt=\"David Affengruber\" onerror=\"this.onerror=null;this.src='https:\/\/soccer.aidatasports.com\/images\/players\/default-player.png';\"><span>David Affengruber<\/span><\/a><\/div>\n<div class=\"player\"><a href=\"https:\/\/soccer.aidatasports.com\/fr\/players\/Pedro-Bigas-47378\"><img decoding=\"async\" src=\"https:\/\/soccer.aidatasports.com\/images\/players\/47378.png\" alt=\"Pedro Bigas\" onerror=\"this.onerror=null;this.src='https:\/\/soccer.aidatasports.com\/images\/players\/default-player.png';\"><span>Pedro Bigas<\/span><\/a><\/div>\n<div class=\"player\"><a href=\"https:\/\/soccer.aidatasports.com\/fr\/players\/Jose-Salinas-184407\"><img decoding=\"async\" src=\"https:\/\/soccer.aidatasports.com\/images\/players\/184407.png\" alt=\"Jose Salinas\" onerror=\"this.onerror=null;this.src='https:\/\/soccer.aidatasports.com\/images\/players\/default-player.png';\"><span>Jose Salinas<\/span><\/a><\/div>\n<div class=\"player\"><a href=\"https:\/\/soccer.aidatasports.com\/fr\/players\/Aleix-Febas-46711\"><img decoding=\"async\" src=\"https:\/\/soccer.aidatasports.com\/images\/players\/46711.png\" alt=\"Aleix Febas\" onerror=\"this.onerror=null;this.src='https:\/\/soccer.aidatasports.com\/images\/players\/default-player.png';\"><span>Aleix Febas<\/span><\/a><\/div>\n<div class=\"player\"><a href=\"https:\/\/soccer.aidatasports.com\/fr\/players\/Ra\u00fal-Guti-47057\"><img decoding=\"async\" src=\"https:\/\/soccer.aidatasports.com\/images\/players\/47057.png\" alt=\"Ra\u00fal Guti\" onerror=\"this.onerror=null;this.src='https:\/\/soccer.aidatasports.com\/images\/players\/default-player.png';\"><span>Ra\u00fal Guti<\/span><\/a><\/div>\n<div class=\"player\"><a href=\"https:\/\/soccer.aidatasports.com\/fr\/players\/Josan-46973\"><img decoding=\"async\" src=\"https:\/\/soccer.aidatasports.com\/images\/players\/46973.png\" alt=\"Josan\" onerror=\"this.onerror=null;this.src='https:\/\/soccer.aidatasports.com\/images\/players\/default-player.png';\"><span>Josan<\/span><\/a><\/div>\n<div class=\"player\"><a href=\"https:\/\/soccer.aidatasports.com\/fr\/players\/Nicol\u00e1s-Fern\u00e1ndez-75414\"><img decoding=\"async\" src=\"https:\/\/soccer.aidatasports.com\/images\/players\/75414.png\" alt=\"Nicol\u00e1s Fern\u00e1ndez\" onerror=\"this.onerror=null;this.src='https:\/\/soccer.aidatasports.com\/images\/players\/default-player.png';\"><span>Nicol\u00e1s Fern\u00e1ndez<\/span><\/a><\/div>\n<div class=\"player\"><a href=\"https:\/\/soccer.aidatasports.com\/fr\/players\/Yago-Santiago-284415\"><img decoding=\"async\" src=\"https:\/\/soccer.aidatasports.com\/images\/players\/284415.png\" alt=\"Yago Santiago\" onerror=\"this.onerror=null;this.src='https:\/\/soccer.aidatasports.com\/images\/players\/default-player.png';\"><span>Yago Santiago<\/span><\/a><\/div>\n<div class=\"player\"><a href=\"https:\/\/soccer.aidatasports.com\/fr\/players\/Agust\u00edn-\u00c1lvarez-278190\"><img decoding=\"async\" src=\"https:\/\/soccer.aidatasports.com\/images\/players\/278190.png\" alt=\"Agust\u00edn \u00c1lvarez\" onerror=\"this.onerror=null;this.src='https:\/\/soccer.aidatasports.com\/images\/players\/default-player.png';\"><span>Agust\u00edn \u00c1lvarez<\/span><\/a><\/div>\n<\/div>\n<div>\n<h4>Suplentes:<\/h4>\n<div class=\"player\"><a href=\"https:\/\/soccer.aidatasports.com\/fr\/players\/Nicol\u00e1s-Castro-153372\"><img decoding=\"async\" src=\"https:\/\/soccer.aidatasports.com\/images\/players\/153372.png\" alt=\"Nicol\u00e1s Castro\" onerror=\"this.onerror=null;this.src='https:\/\/soccer.aidatasports.com\/images\/players\/default-player.png';\"><span>Nicol\u00e1s Castro<\/span><\/a><\/div>\n<div class=\"player\"><a href=\"https:\/\/soccer.aidatasports.com\/fr\/players\/Cristian-Salvador-46896\"><img decoding=\"async\" src=\"https:\/\/soccer.aidatasports.com\/images\/players\/46896.png\" alt=\"Cristian Salvador\" onerror=\"this.onerror=null;this.src='https:\/\/soccer.aidatasports.com\/images\/players\/default-player.png';\"><span>Cristian Salvador<\/span><\/a><\/div>\n<div class=\"player\"><a href=\"https:\/\/soccer.aidatasports.com\/fr\/players\/Rafael-N\u00fa\u00f1ez-162136\"><img decoding=\"async\" src=\"https:\/\/soccer.aidatasports.com\/images\/players\/162136.png\" alt=\"Rafael N\u00fa\u00f1ez\" onerror=\"this.onerror=null;this.src='https:\/\/soccer.aidatasports.com\/images\/players\/default-player.png';\"><span>Rafael N\u00fa\u00f1ez<\/span><\/a><\/div>\n<div class=\"player\"><a href=\"https:\/\/soccer.aidatasports.com\/fr\/players\/Miguel-San-Rom\u00e1n-131551\"><img decoding=\"async\" src=\"https:\/\/soccer.aidatasports.com\/images\/players\/131551.png\" alt=\"Miguel San Rom\u00e1n\" onerror=\"this.onerror=null;this.src='https:\/\/soccer.aidatasports.com\/images\/players\/default-player.png';\"><span>Miguel San Rom\u00e1n<\/span><\/a><\/div>\n<div class=\"player\"><a href=\"https:\/\/soccer.aidatasports.com\/fr\/players\/Carlos-Clerc-46651\"><img decoding=\"async\" src=\"https:\/\/soccer.aidatasports.com\/images\/players\/46651.png\" alt=\"Carlos Clerc\" onerror=\"this.onerror=null;this.src='https:\/\/soccer.aidatasports.com\/images\/players\/default-player.png';\"><span>Carlos Clerc<\/span><\/a><\/div>\n<div class=\"player\"><a href=\"https:\/\/soccer.aidatasports.com\/fr\/players\/\u00c1lex-Mart\u00edn-119220\"><img decoding=\"async\" src=\"https:\/\/soccer.aidatasports.com\/images\/players\/119220.png\" alt=\"\u00c1lex Mart\u00edn\" onerror=\"this.onerror=null;this.src='https:\/\/soccer.aidatasports.com\/images\/players\/default-player.png';\"><span>\u00c1lex Mart\u00edn<\/span><\/a><\/div>\n<div class=\"player\"><a href=\"https:\/\/soccer.aidatasports.com\/fr\/players\/Mario-Gaspar-1691\"><img decoding=\"async\" src=\"https:\/\/soccer.aidatasports.com\/images\/players\/1691.png\" alt=\"Mario Gaspar\" onerror=\"this.onerror=null;this.src='https:\/\/soccer.aidatasports.com\/images\/players\/default-player.png';\"><span>Mario Gaspar<\/span><\/a><\/div>\n<div class=\"player\"><a href=\"https:\/\/soccer.aidatasports.com\/fr\/players\/Rodrigo-Mendoza-341371\"><img decoding=\"async\" src=\"https:\/\/soccer.aidatasports.com\/images\/players\/341371.png\" alt=\"Rodrigo Mendoza\" onerror=\"this.onerror=null;this.src='https:\/\/soccer.aidatasports.com\/images\/players\/default-player.png';\"><span>Rodrigo Mendoza<\/span><\/a><\/div>\n<div class=\"player\"><a href=\"https:\/\/soccer.aidatasports.com\/fr\/players\/Gerard-Hern\u00e1ndez-361347\"><img decoding=\"async\" src=\"https:\/\/soccer.aidatasports.com\/images\/players\/361347.png\" alt=\"Gerard Hern\u00e1ndez\" onerror=\"this.onerror=null;this.src='https:\/\/soccer.aidatasports.com\/images\/players\/default-player.png';\"><span>Gerard Hern\u00e1ndez<\/span><\/a><\/div>\n<div class=\"player\"><a href=\"https:\/\/soccer.aidatasports.com\/fr\/players\/Mourad-El-Ghezouani-119223\"><img decoding=\"async\" src=\"https:\/\/soccer.aidatasports.com\/images\/players\/119223.png\" alt=\"Mourad El Ghezouani\" onerror=\"this.onerror=null;this.src='https:\/\/soccer.aidatasports.com\/images\/players\/default-player.png';\"><span>Mourad El Ghezouani<\/span><\/a><\/div>\n<div class=\"player\"><a href=\"https:\/\/soccer.aidatasports.com\/fr\/players\/Sory-Kaba-21714\"><img decoding=\"async\" src=\"https:\/\/soccer.aidatasports.com\/images\/players\/21714.png\" alt=\"Sory Kaba\" onerror=\"this.onerror=null;this.src='https:\/\/soccer.aidatasports.com\/images\/players\/default-player.png';\"><span>Sory Kaba<\/span><\/a><\/div>\n<div class=\"player\"><a href=\"https:\/\/soccer.aidatasports.com\/fr\/players\/\u00d3scar-Plano-47496\"><img decoding=\"async\" src=\"https:\/\/soccer.aidatasports.com\/images\/players\/47496.png\" alt=\"\u00d3scar Plano\" onerror=\"this.onerror=null;this.src='https:\/\/soccer.aidatasports.com\/images\/players\/default-player.png';\"><span>\u00d3scar Plano<\/span><\/a><\/div>\n<\/div>\n<\/div>\n<\/div>\n<\/div>\n<div id=\"wg-api-football-game\"\n                    data-host=\"xxxxx\"\n                    data-key=\"xxxx\"\n                    data-id=\"1217683\"\n                    data-theme=\"\"\n                    data-refresh=\"15\"\n                    data-show-errors=\"false\"\n                    data-show-logos=\"true\"><br \/>\n                    class=\u00a0\u00bbwg_loader\u00a0\u00bb>\n                <\/div>\n<div id=\"wg-api-football-standings\"\n                    data-host=\"xxxx\"\n                    data-key=\"ddddd\"\n                    data-league=\"141\"\n                    data-team=\"\"\n                    data-season=\"2024\"\n                    data-theme=\"\"\n                    data-show-errors=\"false\"\n                    data-show-logos=\"true\"\n                    class=\"wg_loader\">\n                <\/div>\n<p>                <script\n                    type=\"module\"\n                    src=\"https:\/\/soccer.aidatasports.com\/wp-content\/customjs\/widgetslocal.js\">\n                <\/script><\/p>\n","protected":false},"excerpt":{"rendered":"<p>French: Le CD Tenerife a subi une d\u00e9faite am\u00e8re face \u00e0 l&rsquo;Elche CF lors d&rsquo;un&hellip;<\/p>\n","protected":false},"author":1,"featured_media":83046,"comment_status":"open","ping_status":"open","sticky":false,"template":"","format":"standard","meta":{"content-type":"","pmpro_default_level":"","_lmt_disableupdate":"","_lmt_disable":"","_league":15837,"_fixture":1217683,"penci_pfeatured_image_ratio":"","penci_single_style":"","footnotes":""},"categories":[15837],"tags":[873,805],"class_list":["post-83047","post","type-post","status-publish","format-standard","has-post-thumbnail","hentry","category-matches","tag-elche-spain-797","tag-tenerife-spain-719","pmpro-has-access"],"_links":{"self":[{"href":"https:\/\/soccer.aidatasports.com\/fr\/wp-json\/wp\/v2\/posts\/83047"}],"collection":[{"href":"https:\/\/soccer.aidatasports.com\/fr\/wp-json\/wp\/v2\/posts"}],"about":[{"href":"https:\/\/soccer.aidatasports.com\/fr\/wp-json\/wp\/v2\/types\/post"}],"author":[{"embeddable":true,"href":"https:\/\/soccer.aidatasports.com\/fr\/wp-json\/wp\/v2\/users\/1"}],"replies":[{"embeddable":true,"href":"https:\/\/soccer.aidatasports.com\/fr\/wp-json\/wp\/v2\/comments?post=83047"}],"version-history":[{"count":0,"href":"https:\/\/soccer.aidatasports.com\/fr\/wp-json\/wp\/v2\/posts\/83047\/revisions"}],"wp:featuredmedia":[{"embeddable":true,"href":"https:\/\/soccer.aidatasports.com\/fr\/wp-json\/wp\/v2\/media\/83046"}],"wp:attachment":[{"href":"https:\/\/soccer.aidatasports.com\/fr\/wp-json\/wp\/v2\/media?parent=83047"}],"wp:term":[{"taxonomy":"category","embeddable":true,"href":"https:\/\/soccer.aidatasports.com\/fr\/wp-json\/wp\/v2\/categories?post=83047"},{"taxonomy":"post_tag","embeddable":true,"href":"https:\/\/soccer.aidatasports.com\/fr\/wp-json\/wp\/v2\/tags?post=83047"}],"curies":[{"name":"wp","href":"https:\/\/api.w.org\/{rel}","templated":true}]}}