{"id":81394,"date":"2024-11-19T00:21:30","date_gmt":"2024-11-19T00:21:30","guid":{"rendered":"https:\/\/soccer.aidatasports.com\/fr\/uncategorized\/defensa-y-justicia-vs-deportivo-riestra-nov-18-2024-2215-utc\/"},"modified":"2024-11-19T00:21:30","modified_gmt":"2024-11-19T00:21:30","slug":"defensa-y-justicia-vs-deportivo-riestra-nov-18-2024-2215-utc","status":"publish","type":"post","link":"https:\/\/soccer.aidatasports.com\/fr\/matches\/defensa-y-justicia-vs-deportivo-riestra-nov-18-2024-2215-utc\/","title":{"rendered":"Defensa Y Justicia vs Deportivo Riestra Nov 18 2024 22:15 UTC"},"content":{"rendered":"<p><strong>FRENCH<\/strong><\/p>\n<p>Deportivo Riestra surprend Defensa y Justicia \u00e0 Florencio Varela<\/p>\n<p>Lors d&rsquo;un match disput\u00e9 au Estadio Norberto Tito Tomaghello de Florencio Varela, Deportivo Riestra a obtenu un match nul 1-1 face \u00e0 Defensa y Justicia.  Le match, correspondant \u00e0 la 23\u00e8me journ\u00e9e de la deuxi\u00e8me phase du Championnat Professionnel Argentin 2024, a \u00e9t\u00e9 marqu\u00e9 par la domination territoriale de Defensa y Justicia, qui a d\u00e9tenu 77% de la possession et a tir\u00e9 \u00e0 18 reprises (7 cadr\u00e9s, 8 hors cadre). Cependant, c&rsquo;est Riestra qui s&rsquo;est montr\u00e9 plus efficace.<\/p>\n<p>Le seul but de la rencontre a \u00e9t\u00e9 marqu\u00e9 par Agust\u00edn Barrionuevo \u00e0 la 51\u00e8me minute, sur une passe de Pablo Monje. Defensa y Justicia, malgr\u00e9 sa sup\u00e9riorit\u00e9 dans le jeu, n&rsquo;a pas r\u00e9ussi \u00e0 concr\u00e9tiser ses occasions.  En temps additionnel, E. Cannavo a \u00e9galis\u00e9 pour Defensa y Justicia.<\/p>\n<p>Le match a \u00e9t\u00e9 tendu, avec un total de 13 cartons jaunes distribu\u00e9s aux deux \u00e9quipes\u00a0: 4 pour Defensa y Justicia (K. Gutierrez, B. Schamine, J. B. Miritello, A. Soto) et 3 pour Deportivo Riestra (Caro Nicolas, M. Celiz, A. Barrionuevo). Malgr\u00e9 la possession \u00e9crasante de Defensa y Justicia, le match s&rsquo;est termin\u00e9 sur un score de parit\u00e9. L&rsquo;arbitre \u00e9tait N. Lamolina.<\/p>\n<p>Remplacements dans l&rsquo;quipe de defensa y justicia: \u00c0 la 46e minute, E. Cannavo est entr\u00e9 et T. Rubio est sorti., \u00c0 la 46e minute, M. Ramirez est entr\u00e9 et B. Schamine est sorti., \u00c0 la 73e minute, J. B. Miritello est entr\u00e9 et R. Bogarin est sorti., \u00c0 la 84e minute, K. Lopez est entr\u00e9 et C. Perez est sorti., \u00c0 la 84e minute, L. Herrera est entr\u00e9 et A. Osorio est sorti. <\/p>\n<p>Remplacements dans l&rsquo;quipe de deportivo riestra: \u00c0 la 62e minute, C. Paz est entr\u00e9 et B. Sanchez est sorti., \u00c0 la 73e minute, A. Alonso est entr\u00e9 et N. Benegas est sorti., \u00c0 la 73e minute, A. Diaz est entr\u00e9 et J. Herrera est sorti., \u00c0 la 87e minute, J. Velazquez est entr\u00e9 et P. Monje est sorti., \u00c0 la 87e minute, G. Pereira est entr\u00e9 et M. Celiz est sorti. <\/p>\n<p>Les \u00e9quipes se sont align\u00e9es comme suit:<\/p>\n<div class=\"lineups-container\">\n<style>\n                .lineups-container {\n                    display: flex;\n                    justify-content: space-around;\n                    flex-wrap: wrap;\n                }\n                .team-lineup {\n                    width: 49%;\n                    margin-bottom: 20px;\n                    border: 1px solid #ccc;\n                    padding: 5px;\n                }\n                .team-lineup h3 {\n                    text-align: center;\n                    margin-bottom: 10px;\n                }\n                .players-container {\n                    display: flex;\n                    justify-content: space-between;\n                }\n                .players-container div {\n                    width: 100%;\n                }\n                .player {\n                    display: flex;\n                    align-items: center;\n                    margin-bottom: 5px;\n                }\n                .player img {\n                    width: 30px;\n                    height: 30px;\n                    border-radius: 50%;\n                    margin-right: 10px;\n                }\n                    @media (max-width: 600px) {\n                    .team-lineup {\n                        width: 100%;\n                    }\n                }\n                <\/style>\n<div class=\"team-lineup\">\n<h3>Defensa Y Justicia<\/h3>\n<p><img decoding=\"async\" src=\"https:\/\/media.api-sports.io\/football\/teams\/442.png\" alt=\"Defensa Y Justicia\" style=\"width: 50px; height: 50px;\"><\/p>\n<div class=\"players-container\">\n<div>\n<h4>Titulares:<\/h4>\n<div class=\"player\"><a href=\"https:\/\/soccer.aidatasports.com\/fr\/players\/Enrique-Bologna-5984\"><img decoding=\"async\" src=\"https:\/\/soccer.aidatasports.com\/images\/players\/5984.png\" alt=\"Enrique Bologna\" onerror=\"this.onerror=null;this.src='https:\/\/soccer.aidatasports.com\/images\/players\/default-player.png';\"><span>Enrique Bologna<\/span><\/a><\/div>\n<div class=\"player\"><a href=\"https:\/\/soccer.aidatasports.com\/fr\/players\/Tobias-Rubio-363340\"><img decoding=\"async\" src=\"https:\/\/soccer.aidatasports.com\/images\/players\/363340.png\" alt=\"Tobias Rubio\" onerror=\"this.onerror=null;this.src='https:\/\/soccer.aidatasports.com\/images\/players\/default-player.png';\"><span>Tobias Rubio<\/span><\/a><\/div>\n<div class=\"player\"><a href=\"https:\/\/soccer.aidatasports.com\/fr\/players\/Emanuel-Aguilera-35584\"><img decoding=\"async\" src=\"https:\/\/soccer.aidatasports.com\/images\/players\/35584.png\" alt=\"Emanuel Aguilera\" onerror=\"this.onerror=null;this.src='https:\/\/soccer.aidatasports.com\/images\/players\/default-player.png';\"><span>Emanuel Aguilera<\/span><\/a><\/div>\n<div class=\"player\"><a href=\"https:\/\/soccer.aidatasports.com\/fr\/players\/Santiago-Ramos-Mingo-129880\"><img decoding=\"async\" src=\"https:\/\/soccer.aidatasports.com\/images\/players\/129880.png\" alt=\"Santiago Ramos Mingo\" onerror=\"this.onerror=null;this.src='https:\/\/soccer.aidatasports.com\/images\/players\/default-player.png';\"><span>Santiago Ramos Mingo<\/span><\/a><\/div>\n<div class=\"player\"><a href=\"https:\/\/soccer.aidatasports.com\/fr\/players\/Alexis-Soto-5911\"><img decoding=\"async\" src=\"https:\/\/soccer.aidatasports.com\/images\/players\/5911.png\" alt=\"Alexis Soto\" onerror=\"this.onerror=null;this.src='https:\/\/soccer.aidatasports.com\/images\/players\/default-player.png';\"><span>Alexis Soto<\/span><\/a><\/div>\n<div class=\"player\"><a href=\"https:\/\/soccer.aidatasports.com\/fr\/players\/Kevin-Guti\u00e9rrez-6314\"><img decoding=\"async\" src=\"https:\/\/soccer.aidatasports.com\/images\/players\/6314.png\" alt=\"Kevin Guti\u00e9rrez\" onerror=\"this.onerror=null;this.src='https:\/\/soccer.aidatasports.com\/images\/players\/default-player.png';\"><span>Kevin Guti\u00e9rrez<\/span><\/a><\/div>\n<div class=\"player\"><a href=\"https:\/\/soccer.aidatasports.com\/fr\/players\/Benjamin-Schamine-414537\"><img decoding=\"async\" src=\"https:\/\/soccer.aidatasports.com\/images\/players\/414537.png\" alt=\"Benjamin Schamine\" onerror=\"this.onerror=null;this.src='https:\/\/soccer.aidatasports.com\/images\/players\/default-player.png';\"><span>Benjamin Schamine<\/span><\/a><\/div>\n<div class=\"player\"><a href=\"https:\/\/soccer.aidatasports.com\/fr\/players\/C\u00e9sar-P\u00e9rez-70268\"><img decoding=\"async\" src=\"https:\/\/soccer.aidatasports.com\/images\/players\/70268.png\" alt=\"C\u00e9sar P\u00e9rez\" onerror=\"this.onerror=null;this.src='https:\/\/soccer.aidatasports.com\/images\/players\/default-player.png';\"><span>C\u00e9sar P\u00e9rez<\/span><\/a><\/div>\n<div class=\"player\"><a href=\"https:\/\/soccer.aidatasports.com\/fr\/players\/Aaron-Molinas-5976\"><img decoding=\"async\" src=\"https:\/\/soccer.aidatasports.com\/images\/players\/5976.png\" alt=\"Aaron Molinas\" onerror=\"this.onerror=null;this.src='https:\/\/soccer.aidatasports.com\/images\/players\/default-player.png';\"><span>Aaron Molinas<\/span><\/a><\/div>\n<div class=\"player\"><a href=\"https:\/\/soccer.aidatasports.com\/fr\/players\/Rodrigo-Bogar\u00edn-70730\"><img decoding=\"async\" src=\"https:\/\/soccer.aidatasports.com\/images\/players\/70730.png\" alt=\"Rodrigo Bogar\u00edn\" onerror=\"this.onerror=null;this.src='https:\/\/soccer.aidatasports.com\/images\/players\/default-player.png';\"><span>Rodrigo Bogar\u00edn<\/span><\/a><\/div>\n<div class=\"player\"><a href=\"https:\/\/soccer.aidatasports.com\/fr\/players\/Abiel-Osorio-358600\"><img decoding=\"async\" src=\"https:\/\/soccer.aidatasports.com\/images\/players\/358600.png\" alt=\"Abiel Osorio\" onerror=\"this.onerror=null;this.src='https:\/\/soccer.aidatasports.com\/images\/players\/default-player.png';\"><span>Abiel Osorio<\/span><\/a><\/div>\n<\/div>\n<div>\n<h4>Suplentes:<\/h4>\n<div class=\"player\"><a href=\"https:\/\/soccer.aidatasports.com\/fr\/players\/Ezequiel-Cannavo-295508\"><img decoding=\"async\" src=\"https:\/\/soccer.aidatasports.com\/images\/players\/295508.png\" alt=\"Ezequiel Cannavo\" onerror=\"this.onerror=null;this.src='https:\/\/soccer.aidatasports.com\/images\/players\/default-player.png';\"><span>Ezequiel Cannavo<\/span><\/a><\/div>\n<div class=\"player\"><a href=\"https:\/\/soccer.aidatasports.com\/fr\/players\/Mat\u00edas-Ram\u00edrez-5451\"><img decoding=\"async\" src=\"https:\/\/soccer.aidatasports.com\/images\/players\/5451.png\" alt=\"Mat\u00edas Ram\u00edrez\" onerror=\"this.onerror=null;this.src='https:\/\/soccer.aidatasports.com\/images\/players\/default-player.png';\"><span>Mat\u00edas Ram\u00edrez<\/span><\/a><\/div>\n<div class=\"player\"><a href=\"https:\/\/soccer.aidatasports.com\/fr\/players\/Juan-Miritello-158434\"><img decoding=\"async\" src=\"https:\/\/soccer.aidatasports.com\/images\/players\/158434.png\" alt=\"Juan Miritello\" onerror=\"this.onerror=null;this.src='https:\/\/soccer.aidatasports.com\/images\/players\/default-player.png';\"><span>Juan Miritello<\/span><\/a><\/div>\n<div class=\"player\"><a href=\"https:\/\/soccer.aidatasports.com\/fr\/players\/Luciano-Herrera-58668\"><img decoding=\"async\" src=\"https:\/\/soccer.aidatasports.com\/images\/players\/58668.png\" alt=\"Luciano Herrera\" onerror=\"this.onerror=null;this.src='https:\/\/soccer.aidatasports.com\/images\/players\/default-player.png';\"><span>Luciano Herrera<\/span><\/a><\/div>\n<div class=\"player\"><a href=\"https:\/\/soccer.aidatasports.com\/fr\/players\/Cristopher-Fiermar\u00edn-51822\"><img decoding=\"async\" src=\"https:\/\/soccer.aidatasports.com\/images\/players\/51822.png\" alt=\"Cristopher Fiermar\u00edn\" onerror=\"this.onerror=null;this.src='https:\/\/soccer.aidatasports.com\/images\/players\/default-player.png';\"><span>Cristopher Fiermar\u00edn<\/span><\/a><\/div>\n<div class=\"player\"><a href=\"https:\/\/soccer.aidatasports.com\/fr\/players\/Dar\u00edo-C\u00e1ceres-6198\"><img decoding=\"async\" src=\"https:\/\/soccer.aidatasports.com\/images\/players\/6198.png\" alt=\"Dar\u00edo C\u00e1ceres\" onerror=\"this.onerror=null;this.src='https:\/\/soccer.aidatasports.com\/images\/players\/default-player.png';\"><span>Dar\u00edo C\u00e1ceres<\/span><\/a><\/div>\n<div class=\"player\"><a href=\"https:\/\/soccer.aidatasports.com\/fr\/players\/Lucas-Ferreira-209955\"><img decoding=\"async\" src=\"https:\/\/soccer.aidatasports.com\/images\/players\/209955.png\" alt=\"Lucas Ferreira\" onerror=\"this.onerror=null;this.src='https:\/\/soccer.aidatasports.com\/images\/players\/default-player.png';\"><span>Lucas Ferreira<\/span><\/a><\/div>\n<div class=\"player\"><a href=\"https:\/\/soccer.aidatasports.com\/fr\/players\/Kevin-Lopez-325250\"><img decoding=\"async\" src=\"https:\/\/soccer.aidatasports.com\/images\/players\/325250.png\" alt=\"Kevin Lopez\" onerror=\"this.onerror=null;this.src='https:\/\/soccer.aidatasports.com\/images\/players\/default-player.png';\"><span>Kevin Lopez<\/span><\/a><\/div>\n<div class=\"player\"><a href=\"https:\/\/soccer.aidatasports.com\/fr\/players\/Maximiliano-Gonz\u00e1lez-332334\"><img decoding=\"async\" src=\"https:\/\/soccer.aidatasports.com\/images\/players\/332334.png\" alt=\"Maximiliano Gonz\u00e1lez\" onerror=\"this.onerror=null;this.src='https:\/\/soccer.aidatasports.com\/images\/players\/default-player.png';\"><span>Maximiliano Gonz\u00e1lez<\/span><\/a><\/div>\n<div class=\"player\"><a href=\"https:\/\/soccer.aidatasports.com\/fr\/players\/Juli\u00e1n-L\u00f3pez-5917\"><img decoding=\"async\" src=\"https:\/\/soccer.aidatasports.com\/images\/players\/5917.png\" alt=\"Juli\u00e1n L\u00f3pez\" onerror=\"this.onerror=null;this.src='https:\/\/soccer.aidatasports.com\/images\/players\/default-player.png';\"><span>Juli\u00e1n L\u00f3pez<\/span><\/a><\/div>\n<div class=\"player\"><a href=\"https:\/\/soccer.aidatasports.com\/fr\/players\/Gabriel-Alanis-6577\"><img decoding=\"async\" src=\"https:\/\/soccer.aidatasports.com\/images\/players\/6577.png\" alt=\"Gabriel Alanis\" onerror=\"this.onerror=null;this.src='https:\/\/soccer.aidatasports.com\/images\/players\/default-player.png';\"><span>Gabriel Alanis<\/span><\/a><\/div>\n<div class=\"player\"><a href=\"https:\/\/soccer.aidatasports.com\/fr\/players\/Facundo-Echevarr\u00eda-295510\"><img decoding=\"async\" src=\"https:\/\/soccer.aidatasports.com\/images\/players\/295510.png\" alt=\"Facundo Echevarr\u00eda\" onerror=\"this.onerror=null;this.src='https:\/\/soccer.aidatasports.com\/images\/players\/default-player.png';\"><span>Facundo Echevarr\u00eda<\/span><\/a><\/div>\n<\/div>\n<\/div>\n<\/div>\n<div class=\"team-lineup\">\n<h3>Deportivo Riestra<\/h3>\n<p><img decoding=\"async\" src=\"https:\/\/media.api-sports.io\/football\/teams\/476.png\" alt=\"Deportivo Riestra\" style=\"width: 50px; height: 50px;\"><\/p>\n<div class=\"players-container\">\n<div>\n<h4>Titulares:<\/h4>\n<div class=\"player\"><a href=\"https:\/\/soccer.aidatasports.com\/fr\/players\/Nahuel-Manganelli-309825\"><img decoding=\"async\" src=\"https:\/\/soccer.aidatasports.com\/images\/players\/309825.png\" alt=\"Nahuel Manganelli\" onerror=\"this.onerror=null;this.src='https:\/\/soccer.aidatasports.com\/images\/players\/default-player.png';\"><span>Nahuel Manganelli<\/span><\/a><\/div>\n<div class=\"player\"><a href=\"https:\/\/soccer.aidatasports.com\/fr\/players\/Pedro-Ram\u00edrez-278365\"><img decoding=\"async\" src=\"https:\/\/soccer.aidatasports.com\/images\/players\/278365.png\" alt=\"Pedro Ram\u00edrez\" onerror=\"this.onerror=null;this.src='https:\/\/soccer.aidatasports.com\/images\/players\/default-player.png';\"><span>Pedro Ram\u00edrez<\/span><\/a><\/div>\n<div class=\"player\"><a href=\"https:\/\/soccer.aidatasports.com\/fr\/players\/Alan-Barrionuevo-169917\"><img decoding=\"async\" src=\"https:\/\/soccer.aidatasports.com\/images\/players\/169917.png\" alt=\"Alan Barrionuevo\" onerror=\"this.onerror=null;this.src='https:\/\/soccer.aidatasports.com\/images\/players\/default-player.png';\"><span>Alan Barrionuevo<\/span><\/a><\/div>\n<div class=\"player\"><a href=\"https:\/\/soccer.aidatasports.com\/fr\/players\/Nicol\u00e1s-Caro-Torres-5694\"><img decoding=\"async\" src=\"https:\/\/soccer.aidatasports.com\/images\/players\/5694.png\" alt=\"Nicol\u00e1s Caro Torres\" onerror=\"this.onerror=null;this.src='https:\/\/soccer.aidatasports.com\/images\/players\/default-player.png';\"><span>Nicol\u00e1s Caro Torres<\/span><\/a><\/div>\n<div class=\"player\"><a href=\"https:\/\/soccer.aidatasports.com\/fr\/players\/Nicol\u00e1s-Sansotre-5526\"><img decoding=\"async\" src=\"https:\/\/soccer.aidatasports.com\/images\/players\/5526.png\" alt=\"Nicol\u00e1s Sansotre\" onerror=\"this.onerror=null;this.src='https:\/\/soccer.aidatasports.com\/images\/players\/default-player.png';\"><span>Nicol\u00e1s Sansotre<\/span><\/a><\/div>\n<div class=\"player\"><a href=\"https:\/\/soccer.aidatasports.com\/fr\/players\/Jonathan-Goitia-59338\"><img decoding=\"async\" src=\"https:\/\/soccer.aidatasports.com\/images\/players\/59338.png\" alt=\"Jonathan Goitia\" onerror=\"this.onerror=null;this.src='https:\/\/soccer.aidatasports.com\/images\/players\/default-player.png';\"><span>Jonathan Goitia<\/span><\/a><\/div>\n<div class=\"player\"><a href=\"https:\/\/soccer.aidatasports.com\/fr\/players\/Milton-Celiz-59200\"><img decoding=\"async\" src=\"https:\/\/soccer.aidatasports.com\/images\/players\/59200.png\" alt=\"Milton Celiz\" onerror=\"this.onerror=null;this.src='https:\/\/soccer.aidatasports.com\/images\/players\/default-player.png';\"><span>Milton Celiz<\/span><\/a><\/div>\n<div class=\"player\"><a href=\"https:\/\/soccer.aidatasports.com\/fr\/players\/Pablo-Monje-294454\"><img decoding=\"async\" src=\"https:\/\/soccer.aidatasports.com\/images\/players\/294454.png\" alt=\"Pablo Monje\" onerror=\"this.onerror=null;this.src='https:\/\/soccer.aidatasports.com\/images\/players\/default-player.png';\"><span>Pablo Monje<\/span><\/a><\/div>\n<div class=\"player\"><a href=\"https:\/\/soccer.aidatasports.com\/fr\/players\/Brian-S\u00e1nchez-59357\"><img decoding=\"async\" src=\"https:\/\/soccer.aidatasports.com\/images\/players\/59357.png\" alt=\"Brian S\u00e1nchez\" onerror=\"this.onerror=null;this.src='https:\/\/soccer.aidatasports.com\/images\/players\/default-player.png';\"><span>Brian S\u00e1nchez<\/span><\/a><\/div>\n<div class=\"player\"><a href=\"https:\/\/soccer.aidatasports.com\/fr\/players\/Nicol\u00e1s-Benegas-5415\"><img decoding=\"async\" src=\"https:\/\/soccer.aidatasports.com\/images\/players\/5415.png\" alt=\"Nicol\u00e1s Benegas\" onerror=\"this.onerror=null;this.src='https:\/\/soccer.aidatasports.com\/images\/players\/default-player.png';\"><span>Nicol\u00e1s Benegas<\/span><\/a><\/div>\n<div class=\"player\"><a href=\"https:\/\/soccer.aidatasports.com\/fr\/players\/Jonathan-Herrera-59355\"><img decoding=\"async\" src=\"https:\/\/soccer.aidatasports.com\/images\/players\/59355.png\" alt=\"Jonathan Herrera\" onerror=\"this.onerror=null;this.src='https:\/\/soccer.aidatasports.com\/images\/players\/default-player.png';\"><span>Jonathan Herrera<\/span><\/a><\/div>\n<\/div>\n<div>\n<h4>Suplentes:<\/h4>\n<div class=\"player\"><a href=\"https:\/\/soccer.aidatasports.com\/fr\/players\/Cristian-Paz-5545\"><img decoding=\"async\" src=\"https:\/\/soccer.aidatasports.com\/images\/players\/5545.png\" alt=\"Cristian Paz\" onerror=\"this.onerror=null;this.src='https:\/\/soccer.aidatasports.com\/images\/players\/default-player.png';\"><span>Cristian Paz<\/span><\/a><\/div>\n<div class=\"player\"><a href=\"https:\/\/soccer.aidatasports.com\/fr\/players\/Antony-Alonso-106319\"><img decoding=\"async\" src=\"https:\/\/soccer.aidatasports.com\/images\/players\/106319.png\" alt=\"Antony Alonso\" onerror=\"this.onerror=null;this.src='https:\/\/soccer.aidatasports.com\/images\/players\/default-player.png';\"><span>Antony Alonso<\/span><\/a><\/div>\n<div class=\"player\"><a href=\"https:\/\/soccer.aidatasports.com\/fr\/players\/Alexander-D\u00edaz-6617\"><img decoding=\"async\" src=\"https:\/\/soccer.aidatasports.com\/images\/players\/6617.png\" alt=\"Alexander D\u00edaz\" onerror=\"this.onerror=null;this.src='https:\/\/soccer.aidatasports.com\/images\/players\/default-player.png';\"><span>Alexander D\u00edaz<\/span><\/a><\/div>\n<div class=\"player\"><a href=\"https:\/\/soccer.aidatasports.com\/fr\/players\/Jaime-Barcelo-462703\"><img decoding=\"async\" src=\"https:\/\/soccer.aidatasports.com\/images\/players\/462703.png\" alt=\"Jaime Barcelo\" onerror=\"this.onerror=null;this.src='https:\/\/soccer.aidatasports.com\/images\/players\/default-player.png';\"><span>Jaime Barcelo<\/span><\/a><\/div>\n<div class=\"player\"><a href=\"https:\/\/soccer.aidatasports.com\/fr\/players\/Rodrigo-Sayavedra-59056\"><img decoding=\"async\" src=\"https:\/\/soccer.aidatasports.com\/images\/players\/59056.png\" alt=\"Rodrigo Sayavedra\" onerror=\"this.onerror=null;this.src='https:\/\/soccer.aidatasports.com\/images\/players\/default-player.png';\"><span>Rodrigo Sayavedra<\/span><\/a><\/div>\n<div class=\"player\"><a href=\"https:\/\/soccer.aidatasports.com\/fr\/players\/M\u00e1ximiliano-Rodr\u00edguez-59320\"><img decoding=\"async\" src=\"https:\/\/soccer.aidatasports.com\/images\/players\/59320.png\" alt=\"M\u00e1ximiliano Rodr\u00edguez\" onerror=\"this.onerror=null;this.src='https:\/\/soccer.aidatasports.com\/images\/players\/default-player.png';\"><span>M\u00e1ximiliano Rodr\u00edguez<\/span><\/a><\/div>\n<div class=\"player\"><a href=\"https:\/\/soccer.aidatasports.com\/fr\/players\/Gustavo-Ben\u00edtez-59336\"><img decoding=\"async\" src=\"https:\/\/soccer.aidatasports.com\/images\/players\/59336.png\" alt=\"Gustavo Ben\u00edtez\" onerror=\"this.onerror=null;this.src='https:\/\/soccer.aidatasports.com\/images\/players\/default-player.png';\"><span>Gustavo Ben\u00edtez<\/span><\/a><\/div>\n<div class=\"player\"><a href=\"https:\/\/soccer.aidatasports.com\/fr\/players\/Gonzalo-Bravo-59344\"><img decoding=\"async\" src=\"https:\/\/soccer.aidatasports.com\/images\/players\/59344.png\" alt=\"Gonzalo Bravo\" onerror=\"this.onerror=null;this.src='https:\/\/soccer.aidatasports.com\/images\/players\/default-player.png';\"><span>Gonzalo Bravo<\/span><\/a><\/div>\n<div class=\"player\"><a href=\"https:\/\/soccer.aidatasports.com\/fr\/players\/Joaqu\u00edn-Borja-422640\"><img decoding=\"async\" src=\"https:\/\/soccer.aidatasports.com\/images\/players\/422640.png\" alt=\"Joaqu\u00edn Borja\" onerror=\"this.onerror=null;this.src='https:\/\/soccer.aidatasports.com\/images\/players\/default-player.png';\"><span>Joaqu\u00edn Borja<\/span><\/a><\/div>\n<div class=\"player\"><a href=\"https:\/\/soccer.aidatasports.com\/fr\/players\/Mario-Sanabria-371627\"><img decoding=\"async\" src=\"https:\/\/soccer.aidatasports.com\/images\/players\/371627.png\" alt=\"Mario Sanabria\" onerror=\"this.onerror=null;this.src='https:\/\/soccer.aidatasports.com\/images\/players\/default-player.png';\"><span>Mario Sanabria<\/span><\/a><\/div>\n<div class=\"player\"><a href=\"https:\/\/soccer.aidatasports.com\/fr\/players\/Guillermo-Pereira-5888\"><img decoding=\"async\" src=\"https:\/\/soccer.aidatasports.com\/images\/players\/5888.png\" alt=\"Guillermo Pereira\" onerror=\"this.onerror=null;this.src='https:\/\/soccer.aidatasports.com\/images\/players\/default-player.png';\"><span>Guillermo Pereira<\/span><\/a><\/div>\n<div class=\"player\"><a href=\"https:\/\/soccer.aidatasports.com\/fr\/players\/Gustavo-Martin-Fernandez-5617\"><img decoding=\"async\" src=\"https:\/\/soccer.aidatasports.com\/images\/players\/5617.png\" alt=\"Gustavo Martin Fernandez\" onerror=\"this.onerror=null;this.src='https:\/\/soccer.aidatasports.com\/images\/players\/default-player.png';\"><span>Gustavo Martin Fernandez<\/span><\/a><\/div>\n<\/div>\n<\/div>\n<\/div>\n<\/div>\n<div id=\"wg-api-football-game\"\n                    data-host=\"xxxxx\"\n                    data-key=\"xxxx\"\n                    data-id=\"1158975\"\n                    data-theme=\"\"\n                    data-refresh=\"15\"\n                    data-show-errors=\"false\"\n                    data-show-logos=\"true\"><br \/>\n                    class=\u00a0\u00bbwg_loader\u00a0\u00bb>\n                <\/div>\n<div id=\"wg-api-football-standings\"\n                    data-host=\"xxxx\"\n                    data-key=\"ddddd\"\n                    data-league=\"128\"\n                    data-team=\"\"\n                    data-season=\"2024\"\n                    data-theme=\"\"\n                    data-show-errors=\"false\"\n                    data-show-logos=\"true\"\n                    class=\"wg_loader\">\n                <\/div>\n<p>                <script\n                    type=\"module\"\n                    src=\"https:\/\/soccer.aidatasports.com\/wp-content\/customjs\/widgetslocal.js\">\n                <\/script><\/p>\n","protected":false},"excerpt":{"rendered":"<p>FRENCH Deportivo Riestra surprend Defensa y Justicia \u00e0 Florencio Varela Lors d&rsquo;un match disput\u00e9 au&hellip;<\/p>\n","protected":false},"author":1,"featured_media":81393,"comment_status":"open","ping_status":"open","sticky":false,"template":"","format":"standard","meta":{"content-type":"","pmpro_default_level":"","_lmt_disableupdate":"","_lmt_disable":"","_league":15837,"_fixture":1158975,"penci_pfeatured_image_ratio":"","penci_single_style":"","footnotes":""},"categories":[15837],"tags":[555,589],"class_list":["post-81394","post","type-post","status-publish","format-standard","has-post-thumbnail","hentry","category-matches","tag-defensa-y-justicia-argentina-442","tag-deportivo-riestra-argentina-476","pmpro-has-access"],"_links":{"self":[{"href":"https:\/\/soccer.aidatasports.com\/fr\/wp-json\/wp\/v2\/posts\/81394"}],"collection":[{"href":"https:\/\/soccer.aidatasports.com\/fr\/wp-json\/wp\/v2\/posts"}],"about":[{"href":"https:\/\/soccer.aidatasports.com\/fr\/wp-json\/wp\/v2\/types\/post"}],"author":[{"embeddable":true,"href":"https:\/\/soccer.aidatasports.com\/fr\/wp-json\/wp\/v2\/users\/1"}],"replies":[{"embeddable":true,"href":"https:\/\/soccer.aidatasports.com\/fr\/wp-json\/wp\/v2\/comments?post=81394"}],"version-history":[{"count":0,"href":"https:\/\/soccer.aidatasports.com\/fr\/wp-json\/wp\/v2\/posts\/81394\/revisions"}],"wp:featuredmedia":[{"embeddable":true,"href":"https:\/\/soccer.aidatasports.com\/fr\/wp-json\/wp\/v2\/media\/81393"}],"wp:attachment":[{"href":"https:\/\/soccer.aidatasports.com\/fr\/wp-json\/wp\/v2\/media?parent=81394"}],"wp:term":[{"taxonomy":"category","embeddable":true,"href":"https:\/\/soccer.aidatasports.com\/fr\/wp-json\/wp\/v2\/categories?post=81394"},{"taxonomy":"post_tag","embeddable":true,"href":"https:\/\/soccer.aidatasports.com\/fr\/wp-json\/wp\/v2\/tags?post=81394"}],"curies":[{"name":"wp","href":"https:\/\/api.w.org\/{rel}","templated":true}]}}