{"id":81303,"date":"2024-11-17T15:30:32","date_gmt":"2024-11-17T15:30:32","guid":{"rendered":"https:\/\/soccer.aidatasports.com\/fr\/uncategorized\/fc-eindhoven-vs-mvv-nov-17-2024-1330-utc\/"},"modified":"2024-11-17T15:30:32","modified_gmt":"2024-11-17T15:30:32","slug":"fc-eindhoven-vs-mvv-nov-17-2024-1330-utc","status":"publish","type":"post","link":"https:\/\/soccer.aidatasports.com\/fr\/matches\/fc-eindhoven-vs-mvv-nov-17-2024-1330-utc\/","title":{"rendered":"FC Eindhoven vs MVV Nov 17 2024 13:30 UTC"},"content":{"rendered":"<p><strong>Franc\u00e9s<\/strong><\/p>\n<p>Le MVV Maastricht s&rsquo;impose face au FC Eindhoven dans un match serr\u00e9<\/p>\n<p>Le MVV Maastricht a battu le FC Eindhoven sur le score de 2-1 au Jan Louwers Stadion d&rsquo;Eindhoven, aux Pays-Bas, le 17 novembre 2024.  Ce match, comptant pour la 15\u00e8me journ\u00e9e de l&rsquo;Eerste Divisie, a \u00e9t\u00e9 une rencontre serr\u00e9e, le FC Eindhoven ayant l\u00e9g\u00e8rement domin\u00e9 la possession du ballon (52%).<\/p>\n<p>Le FC Eindhoven a re\u00e7u deux cartons jaunes pr\u00e9coces, pour Limouri (26\u00e8me minute) et Huisman (34\u00e8me minute), ce qui a contribu\u00e9 \u00e0 une atmosph\u00e8re tendue.  Malgr\u00e9 un nombre de tirs sup\u00e9rieur (7 contre 3), le FC Eindhoven a eu du mal \u00e0 concr\u00e9tiser ses occasions jusqu&rsquo;au but de Huisman \u00e0 la 89\u00e8me minute.<\/p>\n<p>Cependant, le MVV a ouvert le score \u00e0 la 57\u00e8me minute gr\u00e2ce \u00e0 un but de Buifrahi, sur une passe d\u00e9cisive de Smeets.  Ce but s&rsquo;est av\u00e9r\u00e9 d\u00e9cisif, m\u00eame si le MVV a accumul\u00e9 trois cartons jaunes en fin de match.  Le but tardif de Huisman n&rsquo;a pas suffi \u00e0 emp\u00eacher la victoire du MVV.  La rencontre a mis en \u00e9vidence le niveau de comp\u00e9tition de l&rsquo;Eerste Divisie.<\/p>\n<p>Remplacements dans l&rsquo;quipe de fc eindhoven: \u00c0 la 60e minute, E. Rottier est entr\u00e9 et D. Dorenbosch est sorti., \u00c0 la 78e minute, J. Kwaaitaal est entr\u00e9 et B. van Schuppen est sorti., \u00c0 la 85e minute, L. Verheij est entr\u00e9 et S. Blummel est sorti., \u00c0 la 85e minute, H. Deenen est entr\u00e9 et T. Persyn est sorti. <\/p>\n<p>Remplacements dans l&rsquo;quipe de mvv: \u00c0 la 75e minute, Camil Mmaee est entr\u00e9 et S. Braken est sorti., \u00c0 la 76e minute, M. Sangen est entr\u00e9 et M. Kleinen est sorti., \u00c0 la 76e minute, N. El Basri est entr\u00e9 et S. van Dessel est sorti., \u00c0 la 90e minute, R. Esajas est entr\u00e9 et R. Buifrahi est sorti. <\/p>\n<p>Les \u00e9quipes se sont align\u00e9es comme suit:<\/p>\n<div class=\"lineups-container\">\n<style>\n                .lineups-container {\n                    display: flex;\n                    justify-content: space-around;\n                    flex-wrap: wrap;\n                }\n                .team-lineup {\n                    width: 49%;\n                    margin-bottom: 20px;\n                    border: 1px solid #ccc;\n                    padding: 5px;\n                }\n                .team-lineup h3 {\n                    text-align: center;\n                    margin-bottom: 10px;\n                }\n                .players-container {\n                    display: flex;\n                    justify-content: space-between;\n                }\n                .players-container div {\n                    width: 100%;\n                }\n                .player {\n                    display: flex;\n                    align-items: center;\n                    margin-bottom: 5px;\n                }\n                .player img {\n                    width: 30px;\n                    height: 30px;\n                    border-radius: 50%;\n                    margin-right: 10px;\n                }\n                    @media (max-width: 600px) {\n                    .team-lineup {\n                        width: 100%;\n                    }\n                }\n                <\/style>\n<div class=\"team-lineup\">\n<h3>FC Eindhoven<\/h3>\n<p><img decoding=\"async\" src=\"https:\/\/media.api-sports.io\/football\/teams\/422.png\" alt=\"FC Eindhoven\" style=\"width: 50px; height: 50px;\"><\/p>\n<div class=\"players-container\">\n<div>\n<h4>Titulares:<\/h4>\n<div class=\"player\"><a href=\"https:\/\/soccer.aidatasports.com\/fr\/players\/Jorn-Brondeel-36826\"><img decoding=\"async\" src=\"https:\/\/soccer.aidatasports.com\/images\/players\/36826.png\" alt=\"Jorn Brondeel\" onerror=\"this.onerror=null;this.src='https:\/\/soccer.aidatasports.com\/images\/players\/default-player.png';\"><span>Jorn Brondeel<\/span><\/a><\/div>\n<div class=\"player\"><a href=\"https:\/\/soccer.aidatasports.com\/fr\/players\/Tibo-Persyn-161857\"><img decoding=\"async\" src=\"https:\/\/soccer.aidatasports.com\/images\/players\/161857.png\" alt=\"Tibo Persyn\" onerror=\"this.onerror=null;this.src='https:\/\/soccer.aidatasports.com\/images\/players\/default-player.png';\"><span>Tibo Persyn<\/span><\/a><\/div>\n<div class=\"player\"><a href=\"https:\/\/soccer.aidatasports.com\/fr\/players\/Farouq-Limouri-302912\"><img decoding=\"async\" src=\"https:\/\/soccer.aidatasports.com\/images\/players\/302912.png\" alt=\"Farouq Limouri\" onerror=\"this.onerror=null;this.src='https:\/\/soccer.aidatasports.com\/images\/players\/default-player.png';\"><span>Farouq Limouri<\/span><\/a><\/div>\n<div class=\"player\"><a href=\"https:\/\/soccer.aidatasports.com\/fr\/players\/Collin-Seedorf-37638\"><img decoding=\"async\" src=\"https:\/\/soccer.aidatasports.com\/images\/players\/37638.png\" alt=\"Collin Seedorf\" onerror=\"this.onerror=null;this.src='https:\/\/soccer.aidatasports.com\/images\/players\/default-player.png';\"><span>Collin Seedorf<\/span><\/a><\/div>\n<div class=\"player\"><a href=\"https:\/\/soccer.aidatasports.com\/fr\/players\/Terrence-Douglas-38736\"><img decoding=\"async\" src=\"https:\/\/soccer.aidatasports.com\/images\/players\/38736.png\" alt=\"Terrence Douglas\" onerror=\"this.onerror=null;this.src='https:\/\/soccer.aidatasports.com\/images\/players\/default-player.png';\"><span>Terrence Douglas<\/span><\/a><\/div>\n<div class=\"player\"><a href=\"https:\/\/soccer.aidatasports.com\/fr\/players\/Dyon-Dorenbosch-373797\"><img decoding=\"async\" src=\"https:\/\/soccer.aidatasports.com\/images\/players\/373797.png\" alt=\"Dyon Dorenbosch\" onerror=\"this.onerror=null;this.src='https:\/\/soccer.aidatasports.com\/images\/players\/default-player.png';\"><span>Dyon Dorenbosch<\/span><\/a><\/div>\n<div class=\"player\"><a href=\"https:\/\/soccer.aidatasports.com\/fr\/players\/Daan-Huisman-272729\"><img decoding=\"async\" src=\"https:\/\/soccer.aidatasports.com\/images\/players\/272729.png\" alt=\"Daan Huisman\" onerror=\"this.onerror=null;this.src='https:\/\/soccer.aidatasports.com\/images\/players\/default-player.png';\"><span>Daan Huisman<\/span><\/a><\/div>\n<div class=\"player\"><a href=\"https:\/\/soccer.aidatasports.com\/fr\/players\/Sven-Blummel-37467\"><img decoding=\"async\" src=\"https:\/\/soccer.aidatasports.com\/images\/players\/37467.png\" alt=\"Sven Blummel\" onerror=\"this.onerror=null;this.src='https:\/\/soccer.aidatasports.com\/images\/players\/default-player.png';\"><span>Sven Blummel<\/span><\/a><\/div>\n<div class=\"player\"><a href=\"https:\/\/soccer.aidatasports.com\/fr\/players\/Achraf-El-Bouchataoui-129046\"><img decoding=\"async\" src=\"https:\/\/soccer.aidatasports.com\/images\/players\/129046.png\" alt=\"Achraf El Bouchataoui\" onerror=\"this.onerror=null;this.src='https:\/\/soccer.aidatasports.com\/images\/players\/default-player.png';\"><span>Achraf El Bouchataoui<\/span><\/a><\/div>\n<div class=\"player\"><a href=\"https:\/\/soccer.aidatasports.com\/fr\/players\/Joey-Sleegers-61414\"><img decoding=\"async\" src=\"https:\/\/soccer.aidatasports.com\/images\/players\/61414.png\" alt=\"Joey Sleegers\" onerror=\"this.onerror=null;this.src='https:\/\/soccer.aidatasports.com\/images\/players\/default-player.png';\"><span>Joey Sleegers<\/span><\/a><\/div>\n<div class=\"player\"><a href=\"https:\/\/soccer.aidatasports.com\/fr\/players\/Boris-van-Schuppen-288301\"><img decoding=\"async\" src=\"https:\/\/soccer.aidatasports.com\/images\/players\/288301.png\" alt=\"Boris van Schuppen\" onerror=\"this.onerror=null;this.src='https:\/\/soccer.aidatasports.com\/images\/players\/default-player.png';\"><span>Boris van Schuppen<\/span><\/a><\/div>\n<\/div>\n<div>\n<h4>Suplentes:<\/h4>\n<div class=\"player\"><a href=\"https:\/\/soccer.aidatasports.com\/fr\/players\/Jort-Borgmans-193295\"><img decoding=\"async\" src=\"https:\/\/soccer.aidatasports.com\/images\/players\/193295.png\" alt=\"Jort Borgmans\" onerror=\"this.onerror=null;this.src='https:\/\/soccer.aidatasports.com\/images\/players\/default-player.png';\"><span>Jort Borgmans<\/span><\/a><\/div>\n<div class=\"player\"><a href=\"https:\/\/soccer.aidatasports.com\/fr\/players\/Justin-Manders-435572\"><img decoding=\"async\" src=\"https:\/\/soccer.aidatasports.com\/images\/players\/435572.png\" alt=\"Justin Manders\" onerror=\"this.onerror=null;this.src='https:\/\/soccer.aidatasports.com\/images\/players\/default-player.png';\"><span>Justin Manders<\/span><\/a><\/div>\n<div class=\"player\"><a href=\"https:\/\/soccer.aidatasports.com\/fr\/players\/Shane-van-Aarle-454546\"><img decoding=\"async\" src=\"https:\/\/soccer.aidatasports.com\/images\/players\/454546.png\" alt=\"Shane van Aarle\" onerror=\"this.onerror=null;this.src='https:\/\/soccer.aidatasports.com\/images\/players\/default-player.png';\"><span>Shane van Aarle<\/span><\/a><\/div>\n<div class=\"player\"><a href=\"https:\/\/soccer.aidatasports.com\/fr\/players\/Luuk-Verheij-468421\"><img decoding=\"async\" src=\"https:\/\/soccer.aidatasports.com\/images\/players\/468421.png\" alt=\"Luuk Verheij\" onerror=\"this.onerror=null;this.src='https:\/\/soccer.aidatasports.com\/images\/players\/default-player.png';\"><span>Luuk Verheij<\/span><\/a><\/div>\n<div class=\"player\"><a href=\"https:\/\/soccer.aidatasports.com\/fr\/players\/Matteo-Vandendaele-452406\"><img decoding=\"async\" src=\"https:\/\/soccer.aidatasports.com\/images\/players\/452406.png\" alt=\"Matteo Vandendaele\" onerror=\"this.onerror=null;this.src='https:\/\/soccer.aidatasports.com\/images\/players\/default-player.png';\"><span>Matteo Vandendaele<\/span><\/a><\/div>\n<div class=\"player\"><a href=\"https:\/\/soccer.aidatasports.com\/fr\/players\/Ruben-van-Ejindhoven-476870\"><img decoding=\"async\" src=\"https:\/\/soccer.aidatasports.com\/images\/players\/476870.png\" alt=\"Ruben van Ejindhoven\" onerror=\"this.onerror=null;this.src='https:\/\/soccer.aidatasports.com\/images\/players\/default-player.png';\"><span>Ruben van Ejindhoven<\/span><\/a><\/div>\n<div class=\"player\"><a href=\"https:\/\/soccer.aidatasports.com\/fr\/players\/Hugo-Deenen-379608\"><img decoding=\"async\" src=\"https:\/\/soccer.aidatasports.com\/images\/players\/379608.png\" alt=\"Hugo Deenen\" onerror=\"this.onerror=null;this.src='https:\/\/soccer.aidatasports.com\/images\/players\/default-player.png';\"><span>Hugo Deenen<\/span><\/a><\/div>\n<div class=\"player\"><a href=\"https:\/\/soccer.aidatasports.com\/fr\/players\/Thijs-Muller-476868\"><img decoding=\"async\" src=\"https:\/\/soccer.aidatasports.com\/images\/players\/476868.png\" alt=\"Thijs Muller\" onerror=\"this.onerror=null;this.src='https:\/\/soccer.aidatasports.com\/images\/players\/default-player.png';\"><span>Thijs Muller<\/span><\/a><\/div>\n<div class=\"player\"><a href=\"https:\/\/soccer.aidatasports.com\/fr\/players\/Evan-Rottier-277753\"><img decoding=\"async\" src=\"https:\/\/soccer.aidatasports.com\/images\/players\/277753.png\" alt=\"Evan Rottier\" onerror=\"this.onerror=null;this.src='https:\/\/soccer.aidatasports.com\/images\/players\/default-player.png';\"><span>Evan Rottier<\/span><\/a><\/div>\n<div class=\"player\"><a href=\"https:\/\/soccer.aidatasports.com\/fr\/players\/Julian-Kwaaitaal-426541\"><img decoding=\"async\" src=\"https:\/\/soccer.aidatasports.com\/images\/players\/426541.png\" alt=\"Julian Kwaaitaal\" onerror=\"this.onerror=null;this.src='https:\/\/soccer.aidatasports.com\/images\/players\/default-player.png';\"><span>Julian Kwaaitaal<\/span><\/a><\/div>\n<\/div>\n<\/div>\n<\/div>\n<div class=\"team-lineup\">\n<h3>MVV<\/h3>\n<p><img decoding=\"async\" src=\"https:\/\/media.api-sports.io\/football\/teams\/412.png\" alt=\"MVV\" style=\"width: 50px; height: 50px;\"><\/p>\n<div class=\"players-container\">\n<div>\n<h4>Titulares:<\/h4>\n<div class=\"player\"><a href=\"https:\/\/soccer.aidatasports.com\/fr\/players\/Romain-Matthys-122389\"><img decoding=\"async\" src=\"https:\/\/soccer.aidatasports.com\/images\/players\/122389.png\" alt=\"Romain Matthys\" onerror=\"this.onerror=null;this.src='https:\/\/soccer.aidatasports.com\/images\/players\/default-player.png';\"><span>Romain Matthys<\/span><\/a><\/div>\n<div class=\"player\"><a href=\"https:\/\/soccer.aidatasports.com\/fr\/players\/Tim-Zeegers-38775\"><img decoding=\"async\" src=\"https:\/\/soccer.aidatasports.com\/images\/players\/38775.png\" alt=\"Tim Zeegers\" onerror=\"this.onerror=null;this.src='https:\/\/soccer.aidatasports.com\/images\/players\/default-player.png';\"><span>Tim Zeegers<\/span><\/a><\/div>\n<div class=\"player\"><a href=\"https:\/\/soccer.aidatasports.com\/fr\/players\/Ozgur-Aktas-68427\"><img decoding=\"async\" src=\"https:\/\/soccer.aidatasports.com\/images\/players\/68427.png\" alt=\"Ozgur Aktas\" onerror=\"this.onerror=null;this.src='https:\/\/soccer.aidatasports.com\/images\/players\/default-player.png';\"><span>Ozgur Aktas<\/span><\/a><\/div>\n<div class=\"player\"><a href=\"https:\/\/soccer.aidatasports.com\/fr\/players\/Wout-Coomans-353720\"><img decoding=\"async\" src=\"https:\/\/soccer.aidatasports.com\/images\/players\/353720.png\" alt=\"Wout Coomans\" onerror=\"this.onerror=null;this.src='https:\/\/soccer.aidatasports.com\/images\/players\/default-player.png';\"><span>Wout Coomans<\/span><\/a><\/div>\n<div class=\"player\"><a href=\"https:\/\/soccer.aidatasports.com\/fr\/players\/Lars-Schenk-295220\"><img decoding=\"async\" src=\"https:\/\/soccer.aidatasports.com\/images\/players\/295220.png\" alt=\"Lars Schenk\" onerror=\"this.onerror=null;this.src='https:\/\/soccer.aidatasports.com\/images\/players\/default-player.png';\"><span>Lars Schenk<\/span><\/a><\/div>\n<div class=\"player\"><a href=\"https:\/\/soccer.aidatasports.com\/fr\/players\/Marko-Kleinen-154866\"><img decoding=\"async\" src=\"https:\/\/soccer.aidatasports.com\/images\/players\/154866.png\" alt=\"Marko Kleinen\" onerror=\"this.onerror=null;this.src='https:\/\/soccer.aidatasports.com\/images\/players\/default-player.png';\"><span>Marko Kleinen<\/span><\/a><\/div>\n<div class=\"player\"><a href=\"https:\/\/soccer.aidatasports.com\/fr\/players\/Stan-Van-Dessel-127411\"><img decoding=\"async\" src=\"https:\/\/soccer.aidatasports.com\/images\/players\/127411.png\" alt=\"Stan Van Dessel\" onerror=\"this.onerror=null;this.src='https:\/\/soccer.aidatasports.com\/images\/players\/default-player.png';\"><span>Stan Van Dessel<\/span><\/a><\/div>\n<div class=\"player\"><a href=\"https:\/\/soccer.aidatasports.com\/fr\/players\/Bryan-Smeets-37834\"><img decoding=\"async\" src=\"https:\/\/soccer.aidatasports.com\/images\/players\/37834.png\" alt=\"Bryan Smeets\" onerror=\"this.onerror=null;this.src='https:\/\/soccer.aidatasports.com\/images\/players\/default-player.png';\"><span>Bryan Smeets<\/span><\/a><\/div>\n<div class=\"player\"><a href=\"https:\/\/soccer.aidatasports.com\/fr\/players\/Ilano-Silva-Timas-367596\"><img decoding=\"async\" src=\"https:\/\/soccer.aidatasports.com\/images\/players\/367596.png\" alt=\"Ilano Silva Timas\" onerror=\"this.onerror=null;this.src='https:\/\/soccer.aidatasports.com\/images\/players\/default-player.png';\"><span>Ilano Silva Timas<\/span><\/a><\/div>\n<div class=\"player\"><a href=\"https:\/\/soccer.aidatasports.com\/fr\/players\/Sven-Braken-37304\"><img decoding=\"async\" src=\"https:\/\/soccer.aidatasports.com\/images\/players\/37304.png\" alt=\"Sven Braken\" onerror=\"this.onerror=null;this.src='https:\/\/soccer.aidatasports.com\/images\/players\/default-player.png';\"><span>Sven Braken<\/span><\/a><\/div>\n<div class=\"player\"><a href=\"https:\/\/soccer.aidatasports.com\/fr\/players\/Rayan-Buifrahi-423491\"><img decoding=\"async\" src=\"https:\/\/soccer.aidatasports.com\/images\/players\/423491.png\" alt=\"Rayan Buifrahi\" onerror=\"this.onerror=null;this.src='https:\/\/soccer.aidatasports.com\/images\/players\/default-player.png';\"><span>Rayan Buifrahi<\/span><\/a><\/div>\n<\/div>\n<div>\n<h4>Suplentes:<\/h4>\n<div class=\"player\"><a href=\"https:\/\/soccer.aidatasports.com\/fr\/players\/Thijs-Lambrix-163651\"><img decoding=\"async\" src=\"https:\/\/soccer.aidatasports.com\/images\/players\/163651.png\" alt=\"Thijs Lambrix\" onerror=\"this.onerror=null;this.src='https:\/\/soccer.aidatasports.com\/images\/players\/default-player.png';\"><span>Thijs Lambrix<\/span><\/a><\/div>\n<div class=\"player\"><a href=\"https:\/\/soccer.aidatasports.com\/fr\/players\/Joren-Op-De-Beeck-421119\"><img decoding=\"async\" src=\"https:\/\/soccer.aidatasports.com\/images\/players\/421119.png\" alt=\"Joren Op De Beeck\" onerror=\"this.onerror=null;this.src='https:\/\/soccer.aidatasports.com\/images\/players\/default-player.png';\"><span>Joren Op De Beeck<\/span><\/a><\/div>\n<div class=\"player\"><a href=\"https:\/\/soccer.aidatasports.com\/fr\/players\/Robyn-Esajas-287795\"><img decoding=\"async\" src=\"https:\/\/soccer.aidatasports.com\/images\/players\/287795.png\" alt=\"Robyn Esajas\" onerror=\"this.onerror=null;this.src='https:\/\/soccer.aidatasports.com\/images\/players\/default-player.png';\"><span>Robyn Esajas<\/span><\/a><\/div>\n<div class=\"player\"><a href=\"https:\/\/soccer.aidatasports.com\/fr\/players\/Andrea-Librici-377008\"><img decoding=\"async\" src=\"https:\/\/soccer.aidatasports.com\/images\/players\/377008.png\" alt=\"Andrea Librici\" onerror=\"this.onerror=null;this.src='https:\/\/soccer.aidatasports.com\/images\/players\/default-player.png';\"><span>Andrea Librici<\/span><\/a><\/div>\n<div class=\"player\"><a href=\"https:\/\/soccer.aidatasports.com\/fr\/players\/Simon-Francis-425829\"><img decoding=\"async\" src=\"https:\/\/soccer.aidatasports.com\/images\/players\/425829.png\" alt=\"Simon Francis\" onerror=\"this.onerror=null;this.src='https:\/\/soccer.aidatasports.com\/images\/players\/default-player.png';\"><span>Simon Francis<\/span><\/a><\/div>\n<div class=\"player\"><a href=\"https:\/\/soccer.aidatasports.com\/fr\/players\/Milan-Hofland-395450\"><img decoding=\"async\" src=\"https:\/\/soccer.aidatasports.com\/images\/players\/395450.png\" alt=\"Milan Hofland\" onerror=\"this.onerror=null;this.src='https:\/\/soccer.aidatasports.com\/images\/players\/default-player.png';\"><span>Milan Hofland<\/span><\/a><\/div>\n<div class=\"player\"><a href=\"https:\/\/soccer.aidatasports.com\/fr\/players\/Djairo-Tehubyuluw-450961\"><img decoding=\"async\" src=\"https:\/\/soccer.aidatasports.com\/images\/players\/450961.png\" alt=\"Djairo Tehubyuluw\" onerror=\"this.onerror=null;this.src='https:\/\/soccer.aidatasports.com\/images\/players\/default-player.png';\"><span>Djairo Tehubyuluw<\/span><\/a><\/div>\n<div class=\"player\"><a href=\"https:\/\/soccer.aidatasports.com\/fr\/players\/Saul-Penders-340287\"><img decoding=\"async\" src=\"https:\/\/soccer.aidatasports.com\/images\/players\/340287.png\" alt=\"Saul Penders\" onerror=\"this.onerror=null;this.src='https:\/\/soccer.aidatasports.com\/images\/players\/default-player.png';\"><span>Saul Penders<\/span><\/a><\/div>\n<div class=\"player\"><a href=\"https:\/\/soccer.aidatasports.com\/fr\/players\/Ferre-Slegers-402781\"><img decoding=\"async\" src=\"https:\/\/soccer.aidatasports.com\/images\/players\/402781.png\" alt=\"Ferre Slegers\" onerror=\"this.onerror=null;this.src='https:\/\/soccer.aidatasports.com\/images\/players\/default-player.png';\"><span>Ferre Slegers<\/span><\/a><\/div>\n<div class=\"player\"><a href=\"https:\/\/soccer.aidatasports.com\/fr\/players\/Nabil-El-Basri-380201\"><img decoding=\"async\" src=\"https:\/\/soccer.aidatasports.com\/images\/players\/380201.png\" alt=\"Nabil El Basri\" onerror=\"this.onerror=null;this.src='https:\/\/soccer.aidatasports.com\/images\/players\/default-player.png';\"><span>Nabil El Basri<\/span><\/a><\/div>\n<div class=\"player\"><a href=\"https:\/\/soccer.aidatasports.com\/fr\/players\/Max-Sangen-463523\"><img decoding=\"async\" src=\"https:\/\/soccer.aidatasports.com\/images\/players\/463523.png\" alt=\"Max Sangen\" onerror=\"this.onerror=null;this.src='https:\/\/soccer.aidatasports.com\/images\/players\/default-player.png';\"><span>Max Sangen<\/span><\/a><\/div>\n<div class=\"player\"><a href=\"https:\/\/soccer.aidatasports.com\/fr\/players\/Camil-Mmaee-324840\"><img decoding=\"async\" src=\"https:\/\/soccer.aidatasports.com\/images\/players\/324840.png\" alt=\"Camil Mmaee\" onerror=\"this.onerror=null;this.src='https:\/\/soccer.aidatasports.com\/images\/players\/default-player.png';\"><span>Camil Mmaee<\/span><\/a><\/div>\n<\/div>\n<\/div>\n<\/div>\n<\/div>\n<div id=\"wg-api-football-game\"\n                    data-host=\"xxxxx\"\n                    data-key=\"xxxx\"\n                    data-id=\"1209977\"\n                    data-theme=\"\"\n                    data-refresh=\"15\"\n                    data-show-errors=\"false\"\n                    data-show-logos=\"true\"><br \/>\n                    class=\u00a0\u00bbwg_loader\u00a0\u00bb>\n                <\/div>\n<div id=\"wg-api-football-standings\"\n                    data-host=\"xxxx\"\n                    data-key=\"ddddd\"\n                    data-league=\"89\"\n                    data-team=\"\"\n                    data-season=\"2024\"\n                    data-theme=\"\"\n                    data-show-errors=\"false\"\n                    data-show-logos=\"true\"\n                    class=\"wg_loader\">\n                <\/div>\n<p>                <script\n                    type=\"module\"\n                    src=\"https:\/\/soccer.aidatasports.com\/wp-content\/customjs\/widgetslocal.js\">\n                <\/script><\/p>\n","protected":false},"excerpt":{"rendered":"<p>Franc\u00e9s Le MVV Maastricht s&rsquo;impose face au FC Eindhoven dans un match serr\u00e9 Le MVV&hellip;<\/p>\n","protected":false},"author":1,"featured_media":81302,"comment_status":"open","ping_status":"open","sticky":false,"template":"","format":"standard","meta":{"content-type":"","pmpro_default_level":"","_lmt_disableupdate":"","_lmt_disable":"","_league":15837,"_fixture":1209977,"penci_pfeatured_image_ratio":"","penci_single_style":"","footnotes":""},"categories":[15837],"tags":[536,526],"class_list":["post-81303","post","type-post","status-publish","format-standard","has-post-thumbnail","hentry","category-matches","tag-fc-eindhoven-netherlands-422","tag-mvv-netherlands-412","pmpro-has-access"],"_links":{"self":[{"href":"https:\/\/soccer.aidatasports.com\/fr\/wp-json\/wp\/v2\/posts\/81303"}],"collection":[{"href":"https:\/\/soccer.aidatasports.com\/fr\/wp-json\/wp\/v2\/posts"}],"about":[{"href":"https:\/\/soccer.aidatasports.com\/fr\/wp-json\/wp\/v2\/types\/post"}],"author":[{"embeddable":true,"href":"https:\/\/soccer.aidatasports.com\/fr\/wp-json\/wp\/v2\/users\/1"}],"replies":[{"embeddable":true,"href":"https:\/\/soccer.aidatasports.com\/fr\/wp-json\/wp\/v2\/comments?post=81303"}],"version-history":[{"count":0,"href":"https:\/\/soccer.aidatasports.com\/fr\/wp-json\/wp\/v2\/posts\/81303\/revisions"}],"wp:featuredmedia":[{"embeddable":true,"href":"https:\/\/soccer.aidatasports.com\/fr\/wp-json\/wp\/v2\/media\/81302"}],"wp:attachment":[{"href":"https:\/\/soccer.aidatasports.com\/fr\/wp-json\/wp\/v2\/media?parent=81303"}],"wp:term":[{"taxonomy":"category","embeddable":true,"href":"https:\/\/soccer.aidatasports.com\/fr\/wp-json\/wp\/v2\/categories?post=81303"},{"taxonomy":"post_tag","embeddable":true,"href":"https:\/\/soccer.aidatasports.com\/fr\/wp-json\/wp\/v2\/tags?post=81303"}],"curies":[{"name":"wp","href":"https:\/\/api.w.org\/{rel}","templated":true}]}}