{"id":80904,"date":"2024-11-10T20:10:49","date_gmt":"2024-11-10T20:10:49","guid":{"rendered":"https:\/\/soccer.aidatasports.com\/fr\/uncategorized\/as-eupen-vs-patro-eisden-nov-10-2024-1815-utc\/"},"modified":"2024-11-10T20:10:49","modified_gmt":"2024-11-10T20:10:49","slug":"as-eupen-vs-patro-eisden-nov-10-2024-1815-utc","status":"publish","type":"post","link":"https:\/\/soccer.aidatasports.com\/fr\/matches\/as-eupen-vs-patro-eisden-nov-10-2024-1815-utc\/","title":{"rendered":"AS Eupen vs Patro Eisden Nov 10 2024 18:15 UTC"},"content":{"rendered":"<h1>Le Patro Eisden domine Eupen dans un match palpitant<\/h1>\n<p><strong>Le Patro Eisden s&rsquo;est impos\u00e9 ce dimanche face au AS Eupen sur le score de 4-0 lors d&rsquo;un match vibrant de Challenger Pro League au Kehrwegstadion d&rsquo;Eupen.<\/strong> Le match a \u00e9t\u00e9 marqu\u00e9 par l&rsquo;expulsion d&rsquo;un joueur d&rsquo;Eupen \u00e0 la 43e minute et par une performance convaincante du Patro Eisden en seconde p\u00e9riode.<\/p>\n<p>Le premier but est arriv\u00e9 \u00e0 la 12e minute gr\u00e2ce \u00e0 <strong>W. Simba<\/strong>, assist\u00e9 par <strong>L. Van Eenoo<\/strong>, donnant l&rsquo;avantage au Patro Eisden. Malgr\u00e9 une possession de balle sup\u00e9rieure, le match s&rsquo;est compliqu\u00e9 pour l&rsquo;\u00e9quipe locale avec le carton rouge de <strong>J. Gorenc<\/strong> \u00e0 la 43e minute.<\/p>\n<p>Apr\u00e8s la pause, le Patro Eisden s&rsquo;est montr\u00e9 plus incisif et efficace. <strong>A. Abid<\/strong> a \u00e9tendu l&rsquo;\u00e9cart \u00e0 la 70e minute, et <strong>V. Kiankaulua<\/strong> a scell\u00e9 le match avec un doubl\u00e9 \u00e0 la 73e et 74e minute.<\/p>\n<p><strong>Le AS Eupen n&rsquo;a pas \u00e9t\u00e9 en mesure de cr\u00e9er le danger en attaque, ne r\u00e9ussissant qu&rsquo;un seul tir cadr\u00e9 dans la premi\u00e8re mi-temps. Malgr\u00e9 les tentatives de contr\u00f4ler le jeu, ils n&rsquo;ont r\u00e9ussi que 6 tirs dans l&rsquo;ensemble du match.<\/strong><\/p>\n<p><strong>Le Patro Eisden, quant \u00e0 lui, a su profiter des occasions qui se sont pr\u00e9sent\u00e9es \u00e0 lui, marquant avec seulement 5 tirs, dont 2 ont trouv\u00e9 le chemin des filets.<\/strong><\/p>\n<p><strong>Le match, caract\u00e9ris\u00e9 par une domination claire du Patro Eisden, laisse l&rsquo;\u00e9quipe en bonne position au classement de la Challenger Pro League.<\/strong><\/p>\n<p>Remplacements dans l&rsquo;quipe de as eupen: \u00c0 la 74e minute, B. Caliskan est entr\u00e9 et S. Pattynama est sorti., \u00c0 la 75e minute, T. Alloh est entr\u00e9 et B. Baiye est sorti., \u00c0 la 78e minute, L. Dalla Costa est entr\u00e9 et E. Gedikli est sorti., \u00c0 la 87e minute, K. Mohwald est entr\u00e9 et J. Deom est sorti., \u00c0 la 87e minute, M. Pantovic est entr\u00e9 et A. Keita est sorti. <\/p>\n<p>Remplacements dans l&rsquo;quipe de patro eisden: \u00c0 la 75e minute, P. Ndior est entr\u00e9 et V. Kiankaulua est sorti., \u00c0 la 87e minute, R. Kenne est entr\u00e9 et H. Dijkhuizen est sorti. <\/p>\n<p>Les \u00e9quipes se sont align\u00e9es comme suit:<\/p>\n<div class=\"lineups-container\">\n<style>\n                .lineups-container {\n                    display: flex;\n                    justify-content: space-around;\n                    flex-wrap: wrap;\n                }\n                .team-lineup {\n                    width: 49%;\n                    margin-bottom: 20px;\n                    border: 1px solid #ccc;\n                    padding: 5px;\n                }\n                .team-lineup h3 {\n                    text-align: center;\n                    margin-bottom: 10px;\n                }\n                .players-container {\n                    display: flex;\n                    justify-content: space-between;\n                }\n                .players-container div {\n                    width: 100%;\n                }\n                .player {\n                    display: flex;\n                    align-items: center;\n                    margin-bottom: 5px;\n                }\n                .player img {\n                    width: 30px;\n                    height: 30px;\n                    border-radius: 50%;\n                    margin-right: 10px;\n                }\n                    @media (max-width: 600px) {\n                    .team-lineup {\n                        width: 100%;\n                    }\n                }\n                <\/style>\n<div class=\"team-lineup\">\n<h3>AS Eupen<\/h3>\n<p><img decoding=\"async\" src=\"https:\/\/media.api-sports.io\/football\/teams\/739.png\" alt=\"AS Eupen\" style=\"width: 50px; height: 50px;\"><\/p>\n<div class=\"players-container\">\n<div>\n<h4>Titulares:<\/h4>\n<div class=\"player\"><a href=\"https:\/\/soccer.aidatasports.com\/fr\/players\/Abdul-Manaf-Nurudeen-8631\"><img decoding=\"async\" src=\"https:\/\/soccer.aidatasports.com\/images\/players\/8631.png\" alt=\"Abdul Manaf Nurudeen\" onerror=\"this.onerror=null;this.src='https:\/\/soccer.aidatasports.com\/images\/players\/default-player.png';\"><span>Abdul Manaf Nurudeen<\/span><\/a><\/div>\n<div class=\"player\"><a href=\"https:\/\/soccer.aidatasports.com\/fr\/players\/Rune-Paeshuyse-348786\"><img decoding=\"async\" src=\"https:\/\/soccer.aidatasports.com\/images\/players\/348786.png\" alt=\"Rune Paeshuyse\" onerror=\"this.onerror=null;this.src='https:\/\/soccer.aidatasports.com\/images\/players\/default-player.png';\"><span>Rune Paeshuyse<\/span><\/a><\/div>\n<div class=\"player\"><a href=\"https:\/\/soccer.aidatasports.com\/fr\/players\/Jan-Gorenc-166958\"><img decoding=\"async\" src=\"https:\/\/soccer.aidatasports.com\/images\/players\/166958.png\" alt=\"Jan Gorenc\" onerror=\"this.onerror=null;this.src='https:\/\/soccer.aidatasports.com\/images\/players\/default-player.png';\"><span>Jan Gorenc<\/span><\/a><\/div>\n<div class=\"player\"><a href=\"https:\/\/soccer.aidatasports.com\/fr\/players\/Scott-Kennedy-7293\"><img decoding=\"async\" src=\"https:\/\/soccer.aidatasports.com\/images\/players\/7293.png\" alt=\"Scott Kennedy\" onerror=\"this.onerror=null;this.src='https:\/\/soccer.aidatasports.com\/images\/players\/default-player.png';\"><span>Scott Kennedy<\/span><\/a><\/div>\n<div class=\"player\"><a href=\"https:\/\/soccer.aidatasports.com\/fr\/players\/Yentl-Van-Genechten-8985\"><img decoding=\"async\" src=\"https:\/\/soccer.aidatasports.com\/images\/players\/8985.png\" alt=\"Yentl Van Genechten\" onerror=\"this.onerror=null;this.src='https:\/\/soccer.aidatasports.com\/images\/players\/default-player.png';\"><span>Yentl Van Genechten<\/span><\/a><\/div>\n<div class=\"player\"><a href=\"https:\/\/soccer.aidatasports.com\/fr\/players\/Brandon-Baiye-75\"><img decoding=\"async\" src=\"https:\/\/soccer.aidatasports.com\/images\/players\/75.png\" alt=\"Brandon Baiye\" onerror=\"this.onerror=null;this.src='https:\/\/soccer.aidatasports.com\/images\/players\/default-player.png';\"><span>Brandon Baiye<\/span><\/a><\/div>\n<div class=\"player\"><a href=\"https:\/\/soccer.aidatasports.com\/fr\/players\/Amadou-Keita-338226\"><img decoding=\"async\" src=\"https:\/\/soccer.aidatasports.com\/images\/players\/338226.png\" alt=\"Amadou Keita\" onerror=\"this.onerror=null;this.src='https:\/\/soccer.aidatasports.com\/images\/players\/default-player.png';\"><span>Amadou Keita<\/span><\/a><\/div>\n<div class=\"player\"><a href=\"https:\/\/soccer.aidatasports.com\/fr\/players\/Shayne-Pattynama-92968\"><img decoding=\"async\" src=\"https:\/\/soccer.aidatasports.com\/images\/players\/92968.png\" alt=\"Shayne Pattynama\" onerror=\"this.onerror=null;this.src='https:\/\/soccer.aidatasports.com\/images\/players\/default-player.png';\"><span>Shayne Pattynama<\/span><\/a><\/div>\n<div class=\"player\"><a href=\"https:\/\/soccer.aidatasports.com\/fr\/players\/Emrehan-Gedikli-161980\"><img decoding=\"async\" src=\"https:\/\/soccer.aidatasports.com\/images\/players\/161980.png\" alt=\"Emrehan Gedikli\" onerror=\"this.onerror=null;this.src='https:\/\/soccer.aidatasports.com\/images\/players\/default-player.png';\"><span>Emrehan Gedikli<\/span><\/a><\/div>\n<div class=\"player\"><a href=\"https:\/\/soccer.aidatasports.com\/fr\/players\/Jerome-Deom-38767\"><img decoding=\"async\" src=\"https:\/\/soccer.aidatasports.com\/images\/players\/38767.png\" alt=\"Jerome Deom\" onerror=\"this.onerror=null;this.src='https:\/\/soccer.aidatasports.com\/images\/players\/default-player.png';\"><span>Jerome Deom<\/span><\/a><\/div>\n<div class=\"player\"><a href=\"https:\/\/soccer.aidatasports.com\/fr\/players\/Regan-Charles-Cook-20143\"><img decoding=\"async\" src=\"https:\/\/soccer.aidatasports.com\/images\/players\/20143.png\" alt=\"Regan Charles-Cook\" onerror=\"this.onerror=null;this.src='https:\/\/soccer.aidatasports.com\/images\/players\/default-player.png';\"><span>Regan Charles-Cook<\/span><\/a><\/div>\n<\/div>\n<div>\n<h4>Suplentes:<\/h4>\n<div class=\"player\"><a href=\"https:\/\/soccer.aidatasports.com\/fr\/players\/Tom-Roufosse-194818\"><img decoding=\"async\" src=\"https:\/\/soccer.aidatasports.com\/images\/players\/194818.png\" alt=\"Tom Roufosse\" onerror=\"this.onerror=null;this.src='https:\/\/soccer.aidatasports.com\/images\/players\/default-player.png';\"><span>Tom Roufosse<\/span><\/a><\/div>\n<div class=\"player\"><a href=\"https:\/\/soccer.aidatasports.com\/fr\/players\/Julian-Renner-335922\"><img decoding=\"async\" src=\"https:\/\/soccer.aidatasports.com\/images\/players\/335922.png\" alt=\"Julian Renner\" onerror=\"this.onerror=null;this.src='https:\/\/soccer.aidatasports.com\/images\/players\/default-player.png';\"><span>Julian Renner<\/span><\/a><\/div>\n<div class=\"player\"><a href=\"https:\/\/soccer.aidatasports.com\/fr\/players\/Luca-Costa-482468\"><img decoding=\"async\" src=\"https:\/\/soccer.aidatasports.com\/images\/players\/482468.png\" alt=\"Luca Costa\" onerror=\"this.onerror=null;this.src='https:\/\/soccer.aidatasports.com\/images\/players\/default-player.png';\"><span>Luca Costa<\/span><\/a><\/div>\n<div class=\"player\"><a href=\"https:\/\/soccer.aidatasports.com\/fr\/players\/Kevin-M\u00f6hwald-25323\"><img decoding=\"async\" src=\"https:\/\/soccer.aidatasports.com\/images\/players\/25323.png\" alt=\"Kevin M\u00f6hwald\" onerror=\"this.onerror=null;this.src='https:\/\/soccer.aidatasports.com\/images\/players\/default-player.png';\"><span>Kevin M\u00f6hwald<\/span><\/a><\/div>\n<div class=\"player\"><a href=\"https:\/\/soccer.aidatasports.com\/fr\/players\/Milo\u0161-Pantovi\u0107-25081\"><img decoding=\"async\" src=\"https:\/\/soccer.aidatasports.com\/images\/players\/25081.png\" alt=\"Milo\u0161 Pantovi\u0107\" onerror=\"this.onerror=null;this.src='https:\/\/soccer.aidatasports.com\/images\/players\/default-player.png';\"><span>Milo\u0161 Pantovi\u0107<\/span><\/a><\/div>\n<div class=\"player\"><a href=\"https:\/\/soccer.aidatasports.com\/fr\/players\/Teddy-Alloh-162020\"><img decoding=\"async\" src=\"https:\/\/soccer.aidatasports.com\/images\/players\/162020.png\" alt=\"Teddy Alloh\" onerror=\"this.onerror=null;this.src='https:\/\/soccer.aidatasports.com\/images\/players\/default-player.png';\"><span>Teddy Alloh<\/span><\/a><\/div>\n<div class=\"player\"><a href=\"https:\/\/soccer.aidatasports.com\/fr\/players\/Jaden-Malhage-469416\"><img decoding=\"async\" src=\"https:\/\/soccer.aidatasports.com\/images\/players\/469416.png\" alt=\"Jaden Malhage\" onerror=\"this.onerror=null;this.src='https:\/\/soccer.aidatasports.com\/images\/players\/default-player.png';\"><span>Jaden Malhage<\/span><\/a><\/div>\n<div class=\"player\"><a href=\"https:\/\/soccer.aidatasports.com\/fr\/players\/Renaud-Emond-2122\"><img decoding=\"async\" src=\"https:\/\/soccer.aidatasports.com\/images\/players\/2122.png\" alt=\"Renaud Emond\" onerror=\"this.onerror=null;this.src='https:\/\/soccer.aidatasports.com\/images\/players\/default-player.png';\"><span>Renaud Emond<\/span><\/a><\/div>\n<div class=\"player\"><a href=\"https:\/\/soccer.aidatasports.com\/fr\/players\/Bertan-Caliskan-383069\"><img decoding=\"async\" src=\"https:\/\/soccer.aidatasports.com\/images\/players\/383069.png\" alt=\"Bertan Caliskan\" onerror=\"this.onerror=null;this.src='https:\/\/soccer.aidatasports.com\/images\/players\/default-player.png';\"><span>Bertan Caliskan<\/span><\/a><\/div>\n<\/div>\n<\/div>\n<\/div>\n<div class=\"team-lineup\">\n<h3>Patro Eisden<\/h3>\n<p><img decoding=\"async\" src=\"https:\/\/media.api-sports.io\/football\/teams\/6222.png\" alt=\"Patro Eisden\" style=\"width: 50px; height: 50px;\"><\/p>\n<div class=\"players-container\">\n<div>\n<h4>Titulares:<\/h4>\n<div class=\"player\"><a href=\"https:\/\/soccer.aidatasports.com\/fr\/players\/Jordi-Belin-136306\"><img decoding=\"async\" src=\"https:\/\/soccer.aidatasports.com\/images\/players\/136306.png\" alt=\"Jordi Belin\" onerror=\"this.onerror=null;this.src='https:\/\/soccer.aidatasports.com\/images\/players\/default-player.png';\"><span>Jordi Belin<\/span><\/a><\/div>\n<div class=\"player\"><a href=\"https:\/\/soccer.aidatasports.com\/fr\/players\/Henk-Dijkhuizen-37060\"><img decoding=\"async\" src=\"https:\/\/soccer.aidatasports.com\/images\/players\/37060.png\" alt=\"Henk Dijkhuizen\" onerror=\"this.onerror=null;this.src='https:\/\/soccer.aidatasports.com\/images\/players\/default-player.png';\"><span>Henk Dijkhuizen<\/span><\/a><\/div>\n<div class=\"player\"><a href=\"https:\/\/soccer.aidatasports.com\/fr\/players\/Jordan-Renson-114051\"><img decoding=\"async\" src=\"https:\/\/soccer.aidatasports.com\/images\/players\/114051.png\" alt=\"Jordan Renson\" onerror=\"this.onerror=null;this.src='https:\/\/soccer.aidatasports.com\/images\/players\/default-player.png';\"><span>Jordan Renson<\/span><\/a><\/div>\n<div class=\"player\"><a href=\"https:\/\/soccer.aidatasports.com\/fr\/players\/Kjetil-Borry-8803\"><img decoding=\"async\" src=\"https:\/\/soccer.aidatasports.com\/images\/players\/8803.png\" alt=\"Kjetil Borry\" onerror=\"this.onerror=null;this.src='https:\/\/soccer.aidatasports.com\/images\/players\/default-player.png';\"><span>Kjetil Borry<\/span><\/a><\/div>\n<div class=\"player\"><a href=\"https:\/\/soccer.aidatasports.com\/fr\/players\/William-Simba-268743\"><img decoding=\"async\" src=\"https:\/\/soccer.aidatasports.com\/images\/players\/268743.png\" alt=\"William Simba\" onerror=\"this.onerror=null;this.src='https:\/\/soccer.aidatasports.com\/images\/players\/default-player.png';\"><span>William Simba<\/span><\/a><\/div>\n<div class=\"player\"><a href=\"https:\/\/soccer.aidatasports.com\/fr\/players\/Reno-Wilmots-31243\"><img decoding=\"async\" src=\"https:\/\/soccer.aidatasports.com\/images\/players\/31243.png\" alt=\"Reno Wilmots\" onerror=\"this.onerror=null;this.src='https:\/\/soccer.aidatasports.com\/images\/players\/default-player.png';\"><span>Reno Wilmots<\/span><\/a><\/div>\n<div class=\"player\"><a href=\"https:\/\/soccer.aidatasports.com\/fr\/players\/Lukas-Van-Eenoo-8992\"><img decoding=\"async\" src=\"https:\/\/soccer.aidatasports.com\/images\/players\/8992.png\" alt=\"Lukas Van Eenoo\" onerror=\"this.onerror=null;this.src='https:\/\/soccer.aidatasports.com\/images\/players\/default-player.png';\"><span>Lukas Van Eenoo<\/span><\/a><\/div>\n<div class=\"player\"><a href=\"https:\/\/soccer.aidatasports.com\/fr\/players\/Adnane-Abid-342945\"><img decoding=\"async\" src=\"https:\/\/soccer.aidatasports.com\/images\/players\/342945.png\" alt=\"Adnane Abid\" onerror=\"this.onerror=null;this.src='https:\/\/soccer.aidatasports.com\/images\/players\/default-player.png';\"><span>Adnane Abid<\/span><\/a><\/div>\n<div class=\"player\"><a href=\"https:\/\/soccer.aidatasports.com\/fr\/players\/Simon-Bammens-106394\"><img decoding=\"async\" src=\"https:\/\/soccer.aidatasports.com\/images\/players\/106394.png\" alt=\"Simon Bammens\" onerror=\"this.onerror=null;this.src='https:\/\/soccer.aidatasports.com\/images\/players\/default-player.png';\"><span>Simon Bammens<\/span><\/a><\/div>\n<div class=\"player\"><a href=\"https:\/\/soccer.aidatasports.com\/fr\/players\/Bafode-Dansoko-107439\"><img decoding=\"async\" src=\"https:\/\/soccer.aidatasports.com\/images\/players\/107439.png\" alt=\"Bafode Dansoko\" onerror=\"this.onerror=null;this.src='https:\/\/soccer.aidatasports.com\/images\/players\/default-player.png';\"><span>Bafode Dansoko<\/span><\/a><\/div>\n<div class=\"player\"><a href=\"https:\/\/soccer.aidatasports.com\/fr\/players\/Vicky-Kiankaulua-201338\"><img decoding=\"async\" src=\"https:\/\/soccer.aidatasports.com\/images\/players\/201338.png\" alt=\"Vicky Kiankaulua\" onerror=\"this.onerror=null;this.src='https:\/\/soccer.aidatasports.com\/images\/players\/default-player.png';\"><span>Vicky Kiankaulua<\/span><\/a><\/div>\n<\/div>\n<div>\n<h4>Suplentes:<\/h4>\n<div class=\"player\"><a href=\"https:\/\/soccer.aidatasports.com\/fr\/players\/Stef-Kempeneers-482345\"><img decoding=\"async\" src=\"https:\/\/soccer.aidatasports.com\/images\/players\/482345.png\" alt=\"Stef Kempeneers\" onerror=\"this.onerror=null;this.src='https:\/\/soccer.aidatasports.com\/images\/players\/default-player.png';\"><span>Stef Kempeneers<\/span><\/a><\/div>\n<div class=\"player\"><a href=\"https:\/\/soccer.aidatasports.com\/fr\/players\/Gian\u00a0Gelad\u00e9-281703\"><img decoding=\"async\" src=\"https:\/\/soccer.aidatasports.com\/images\/players\/281703.png\" alt=\"Gian\u00a0Gelad\u00e9\" onerror=\"this.onerror=null;this.src='https:\/\/soccer.aidatasports.com\/images\/players\/default-player.png';\"><span>Gian\u00a0Gelad\u00e9<\/span><\/a><\/div>\n<div class=\"player\"><a href=\"https:\/\/soccer.aidatasports.com\/fr\/players\/Raoul-Kenne-79155\"><img decoding=\"async\" src=\"https:\/\/soccer.aidatasports.com\/images\/players\/79155.png\" alt=\"Raoul Kenne\" onerror=\"this.onerror=null;this.src='https:\/\/soccer.aidatasports.com\/images\/players\/default-player.png';\"><span>Raoul Kenne<\/span><\/a><\/div>\n<div class=\"player\"><a href=\"https:\/\/soccer.aidatasports.com\/fr\/players\/Papa-Demba-Ndior-481513\"><img decoding=\"async\" src=\"https:\/\/soccer.aidatasports.com\/images\/players\/481513.png\" alt=\"Papa Demba Ndior\" onerror=\"this.onerror=null;this.src='https:\/\/soccer.aidatasports.com\/images\/players\/default-player.png';\"><span>Papa Demba Ndior<\/span><\/a><\/div>\n<div class=\"player\"><a href=\"https:\/\/soccer.aidatasports.com\/fr\/players\/Rapha\u00ebl-Sarfo-336579\"><img decoding=\"async\" src=\"https:\/\/soccer.aidatasports.com\/images\/players\/336579.png\" alt=\"Rapha\u00ebl Sarfo\" onerror=\"this.onerror=null;this.src='https:\/\/soccer.aidatasports.com\/images\/players\/default-player.png';\"><span>Rapha\u00ebl Sarfo<\/span><\/a><\/div>\n<div class=\"player\"><a href=\"https:\/\/soccer.aidatasports.com\/fr\/players\/Sebas-Vreys-482344\"><img decoding=\"async\" src=\"https:\/\/soccer.aidatasports.com\/images\/players\/482344.png\" alt=\"Sebas Vreys\" onerror=\"this.onerror=null;this.src='https:\/\/soccer.aidatasports.com\/images\/players\/default-player.png';\"><span>Sebas Vreys<\/span><\/a><\/div>\n<div class=\"player\"><a href=\"https:\/\/soccer.aidatasports.com\/fr\/players\/Francisco-Mederick-489931\"><img decoding=\"async\" src=\"https:\/\/soccer.aidatasports.com\/images\/players\/489931.png\" alt=\"Francisco Mederick\" onerror=\"this.onerror=null;this.src='https:\/\/soccer.aidatasports.com\/images\/players\/default-player.png';\"><span>Francisco Mederick<\/span><\/a><\/div>\n<div class=\"player\"><a href=\"https:\/\/soccer.aidatasports.com\/fr\/players\/Tarek-Loutfi-497114\"><img decoding=\"async\" src=\"https:\/\/soccer.aidatasports.com\/images\/players\/497114.png\" alt=\"Tarek Loutfi\" onerror=\"this.onerror=null;this.src='https:\/\/soccer.aidatasports.com\/images\/players\/default-player.png';\"><span>Tarek Loutfi<\/span><\/a><\/div>\n<\/div>\n<\/div>\n<\/div>\n<\/div>\n<div id=\"wg-api-football-game\"\n                    data-host=\"xxxxx\"\n                    data-key=\"xxxx\"\n                    data-id=\"1206480\"\n                    data-theme=\"\"\n                    data-refresh=\"15\"\n                    data-show-errors=\"false\"\n                    data-show-logos=\"true\"><br \/>\n                    class=\u00a0\u00bbwg_loader\u00a0\u00bb>\n                <\/div>\n<div id=\"wg-api-football-standings\"\n                    data-host=\"xxxx\"\n                    data-key=\"ddddd\"\n                    data-league=\"145\"\n                    data-team=\"\"\n                    data-season=\"2024\"\n                    data-theme=\"\"\n                    data-show-errors=\"false\"\n                    data-show-logos=\"true\"\n                    class=\"wg_loader\">\n                <\/div>\n<p>                <script\n                    type=\"module\"\n                    src=\"https:\/\/soccer.aidatasports.com\/wp-content\/customjs\/widgetslocal.js\">\n                <\/script><\/p>\n","protected":false},"excerpt":{"rendered":"<p>Le Patro Eisden domine Eupen dans un match palpitant Le Patro Eisden s&rsquo;est impos\u00e9 ce&hellip;<\/p>\n","protected":false},"author":1,"featured_media":80903,"comment_status":"open","ping_status":"open","sticky":false,"template":"","format":"standard","meta":{"content-type":"","pmpro_default_level":"","_lmt_disableupdate":"","_lmt_disable":"","_league":15837,"_fixture":1206480,"penci_pfeatured_image_ratio":"","penci_single_style":"","footnotes":""},"categories":[15837],"tags":[822,4576],"class_list":["post-80904","post","type-post","status-publish","format-standard","has-post-thumbnail","hentry","category-matches","tag-as-eupen-belgium-739","tag-patro-eisden-belgium-6222","pmpro-has-access"],"_links":{"self":[{"href":"https:\/\/soccer.aidatasports.com\/fr\/wp-json\/wp\/v2\/posts\/80904"}],"collection":[{"href":"https:\/\/soccer.aidatasports.com\/fr\/wp-json\/wp\/v2\/posts"}],"about":[{"href":"https:\/\/soccer.aidatasports.com\/fr\/wp-json\/wp\/v2\/types\/post"}],"author":[{"embeddable":true,"href":"https:\/\/soccer.aidatasports.com\/fr\/wp-json\/wp\/v2\/users\/1"}],"replies":[{"embeddable":true,"href":"https:\/\/soccer.aidatasports.com\/fr\/wp-json\/wp\/v2\/comments?post=80904"}],"version-history":[{"count":0,"href":"https:\/\/soccer.aidatasports.com\/fr\/wp-json\/wp\/v2\/posts\/80904\/revisions"}],"wp:featuredmedia":[{"embeddable":true,"href":"https:\/\/soccer.aidatasports.com\/fr\/wp-json\/wp\/v2\/media\/80903"}],"wp:attachment":[{"href":"https:\/\/soccer.aidatasports.com\/fr\/wp-json\/wp\/v2\/media?parent=80904"}],"wp:term":[{"taxonomy":"category","embeddable":true,"href":"https:\/\/soccer.aidatasports.com\/fr\/wp-json\/wp\/v2\/categories?post=80904"},{"taxonomy":"post_tag","embeddable":true,"href":"https:\/\/soccer.aidatasports.com\/fr\/wp-json\/wp\/v2\/tags?post=80904"}],"curies":[{"name":"wp","href":"https:\/\/api.w.org\/{rel}","templated":true}]}}