{"id":78942,"date":"2024-10-26T20:01:34","date_gmt":"2024-10-26T20:01:34","guid":{"rendered":"https:\/\/soccer.aidatasports.com\/fr\/uncategorized\/waasland-beveren-vs-rsc-anderlecht-ii-oct-26-2024-1800-utc\/"},"modified":"2024-10-26T20:01:34","modified_gmt":"2024-10-26T20:01:34","slug":"waasland-beveren-vs-rsc-anderlecht-ii-oct-26-2024-1800-utc","status":"publish","type":"post","link":"https:\/\/soccer.aidatasports.com\/fr\/matches\/waasland-beveren-vs-rsc-anderlecht-ii-oct-26-2024-1800-utc\/","title":{"rendered":"Waasland-beveren vs RSC Anderlecht II Oct 26 2024 18:00 UTC"},"content":{"rendered":"<h1>Waasland-Beveren s&rsquo;impose face \u00e0 Anderlecht II dans un match serr\u00e9<\/h1>\n<p><strong>Le Waasland-Beveren s&rsquo;est impos\u00e9 face au RSC Anderlecht II sur le score de 1-0 lors d&rsquo;un match de Challenger Pro League disput\u00e9 ce samedi au Freethielstadion de Beveren.<\/strong><\/p>\n<p>Le match a d\u00e9but\u00e9 sur un rythme \u00e9lev\u00e9 avec des occasions pour les deux \u00e9quipes, mais c&rsquo;est le Waasland-Beveren qui a ouvert le score \u00e0 la 30e minute gr\u00e2ce \u00e0 un but de S. Coopman, assist\u00e9 par L. Jans. Anderlecht II a tent\u00e9 de r\u00e9agir, mais le Waasland-Beveren s&rsquo;est d\u00e9fendu avec solidit\u00e9 et a r\u00e9ussi \u00e0 conserver son avantage jusqu&rsquo;au coup de sifflet final.<\/p>\n<p><strong>Le match a \u00e9t\u00e9 marqu\u00e9 par la discipline des deux \u00e9quipes, avec un total de 39 fautes et 5 cartons jaunes.<\/strong><\/p>\n<p>En deuxi\u00e8me mi-temps, Anderlecht II a cherch\u00e9 l&rsquo;\u00e9galisation avec acharnement, mais le Waasland-Beveren est rest\u00e9 ferme et a contr\u00f4l\u00e9 le match. Finalement, le Waasland-Beveren a remport\u00e9 les trois points, une victoire importante qui leur permet de rester en lice pour les premi\u00e8res places du classement.<\/p>\n<p><strong>Le Waasland-Beveren a eu 48% de possession de balle et a tir\u00e9 8 fois, 3 de ces tirs \u00e9tant cadr\u00e9s. De son c\u00f4t\u00e9, Anderlecht II a eu 52% de possession et a tir\u00e9 9 fois, 2 de ces tirs \u00e9tant cadr\u00e9s.<\/strong><\/p>\n<p><strong>Ce r\u00e9sultat place le Waasland-Beveren en troisi\u00e8me position du classement, tandis qu&rsquo;Anderlecht II se retrouve \u00e0 la 12e place.<\/strong><\/p>\n<p>Remplacements dans l&rsquo;quipe de waasland-beveren: \u00c0 la 25e minute, H. Erturk est entr\u00e9 et A. Ola-Adebomi est sorti., \u00c0 la 46e minute, L. Kerrigan est entr\u00e9 et Y. Michiwaki est sorti., \u00c0 la 62e minute, J. Van Hecke est entr\u00e9 et S. Coopman est sorti. <\/p>\n<p>Remplacements dans l&rsquo;quipe de rsc anderlecht ii: \u00c0 la 46e minute, M. Kana est entr\u00e9 et N. De Cat est sorti., \u00c0 la 81e minute, L. Vergeylen est entr\u00e9 et M. Robberechts est sorti., \u00c0 la 81e minute, K. Barry est entr\u00e9 et B. Vroninks est sorti., \u00c0 la 84e minute, G. Sylla est entr\u00e9 et N. Angulo est sorti., \u00c0 la 85e minute, R. Ure est entr\u00e9 et K. Goto est sorti. <\/p>\n<p>Les \u00e9quipes se sont align\u00e9es comme suit:<\/p>\n<div class=\"lineups-container\">\n<style>\n                .lineups-container {\n                    display: flex;\n                    justify-content: space-around;\n                    flex-wrap: wrap;\n                }\n                .team-lineup {\n                    width: 49%;\n                    margin-bottom: 20px;\n                    border: 1px solid #ccc;\n                    padding: 5px;\n                }\n                .team-lineup h3 {\n                    text-align: center;\n                    margin-bottom: 10px;\n                }\n                .players-container {\n                    display: flex;\n                    justify-content: space-between;\n                }\n                .players-container div {\n                    width: 100%;\n                }\n                .player {\n                    display: flex;\n                    align-items: center;\n                    margin-bottom: 5px;\n                }\n                .player img {\n                    width: 30px;\n                    height: 30px;\n                    border-radius: 50%;\n                    margin-right: 10px;\n                }\n                    @media (max-width: 600px) {\n                    .team-lineup {\n                        width: 100%;\n                    }\n                }\n                <\/style>\n<div class=\"team-lineup\">\n<h3>Waasland-beveren<\/h3>\n<p><img decoding=\"async\" src=\"https:\/\/media.api-sports.io\/football\/teams\/738.png\" alt=\"Waasland-beveren\" style=\"width: 50px; height: 50px;\"><\/p>\n<div class=\"players-container\">\n<div>\n<h4>Titulares:<\/h4>\n<div class=\"player\"><a href=\"https:\/\/soccer.aidatasports.com\/fr\/players\/Beau-Reus-38811\"><img decoding=\"async\" src=\"https:\/\/soccer.aidatasports.com\/images\/players\/38811.png\" alt=\"Beau Reus\" onerror=\"this.onerror=null;this.src='https:\/\/soccer.aidatasports.com\/images\/players\/default-player.png';\"><span>Beau Reus<\/span><\/a><\/div>\n<div class=\"player\"><a href=\"https:\/\/soccer.aidatasports.com\/fr\/players\/Laurent-Jans-20522\"><img decoding=\"async\" src=\"https:\/\/soccer.aidatasports.com\/images\/players\/20522.png\" alt=\"Laurent Jans\" onerror=\"this.onerror=null;this.src='https:\/\/soccer.aidatasports.com\/images\/players\/default-player.png';\"><span>Laurent Jans<\/span><\/a><\/div>\n<div class=\"player\"><a href=\"https:\/\/soccer.aidatasports.com\/fr\/players\/Jakov-Filipovi\u0107-8747\"><img decoding=\"async\" src=\"https:\/\/soccer.aidatasports.com\/images\/players\/8747.png\" alt=\"Jakov Filipovi\u0107\" onerror=\"this.onerror=null;this.src='https:\/\/soccer.aidatasports.com\/images\/players\/default-player.png';\"><span>Jakov Filipovi\u0107<\/span><\/a><\/div>\n<div class=\"player\"><a href=\"https:\/\/soccer.aidatasports.com\/fr\/players\/Dries-Wuytens-37430\"><img decoding=\"async\" src=\"https:\/\/soccer.aidatasports.com\/images\/players\/37430.png\" alt=\"Dries Wuytens\" onerror=\"this.onerror=null;this.src='https:\/\/soccer.aidatasports.com\/images\/players\/default-player.png';\"><span>Dries Wuytens<\/span><\/a><\/div>\n<div class=\"player\"><a href=\"https:\/\/soccer.aidatasports.com\/fr\/players\/Dylan-Dassy-302279\"><img decoding=\"async\" src=\"https:\/\/soccer.aidatasports.com\/images\/players\/302279.png\" alt=\"Dylan Dassy\" onerror=\"this.onerror=null;this.src='https:\/\/soccer.aidatasports.com\/images\/players\/default-player.png';\"><span>Dylan Dassy<\/span><\/a><\/div>\n<div class=\"player\"><a href=\"https:\/\/soccer.aidatasports.com\/fr\/players\/Everton-Luiz-51207\"><img decoding=\"async\" src=\"https:\/\/soccer.aidatasports.com\/images\/players\/51207.png\" alt=\"Everton Luiz\" onerror=\"this.onerror=null;this.src='https:\/\/soccer.aidatasports.com\/images\/players\/default-player.png';\"><span>Everton Luiz<\/span><\/a><\/div>\n<div class=\"player\"><a href=\"https:\/\/soccer.aidatasports.com\/fr\/players\/Sieben-Dewaele-105802\"><img decoding=\"async\" src=\"https:\/\/soccer.aidatasports.com\/images\/players\/105802.png\" alt=\"Sieben Dewaele\" onerror=\"this.onerror=null;this.src='https:\/\/soccer.aidatasports.com\/images\/players\/default-player.png';\"><span>Sieben Dewaele<\/span><\/a><\/div>\n<div class=\"player\"><a href=\"https:\/\/soccer.aidatasports.com\/fr\/players\/Sander-Coopman-8704\"><img decoding=\"async\" src=\"https:\/\/soccer.aidatasports.com\/images\/players\/8704.png\" alt=\"Sander Coopman\" onerror=\"this.onerror=null;this.src='https:\/\/soccer.aidatasports.com\/images\/players\/default-player.png';\"><span>Sander Coopman<\/span><\/a><\/div>\n<div class=\"player\"><a href=\"https:\/\/soccer.aidatasports.com\/fr\/players\/Mathis-Servais-295233\"><img decoding=\"async\" src=\"https:\/\/soccer.aidatasports.com\/images\/players\/295233.png\" alt=\"Mathis Servais\" onerror=\"this.onerror=null;this.src='https:\/\/soccer.aidatasports.com\/images\/players\/default-player.png';\"><span>Mathis Servais<\/span><\/a><\/div>\n<div class=\"player\"><a href=\"https:\/\/soccer.aidatasports.com\/fr\/players\/Yutaka-Michiwaki-360326\"><img decoding=\"async\" src=\"https:\/\/soccer.aidatasports.com\/images\/players\/360326.png\" alt=\"Yutaka Michiwaki\" onerror=\"this.onerror=null;this.src='https:\/\/soccer.aidatasports.com\/images\/players\/default-player.png';\"><span>Yutaka Michiwaki<\/span><\/a><\/div>\n<div class=\"player\"><a href=\"https:\/\/soccer.aidatasports.com\/fr\/players\/Ademola-Ola-Adebomi-304319\"><img decoding=\"async\" src=\"https:\/\/soccer.aidatasports.com\/images\/players\/304319.png\" alt=\"Ademola Ola-Adebomi\" onerror=\"this.onerror=null;this.src='https:\/\/soccer.aidatasports.com\/images\/players\/default-player.png';\"><span>Ademola Ola-Adebomi<\/span><\/a><\/div>\n<\/div>\n<div>\n<h4>Suplentes:<\/h4>\n<div class=\"player\"><a href=\"https:\/\/soccer.aidatasports.com\/fr\/players\/H\u00fcseyin-Ert\u00fcrk-432763\"><img decoding=\"async\" src=\"https:\/\/soccer.aidatasports.com\/images\/players\/432763.png\" alt=\"H\u00fcseyin Ert\u00fcrk\" onerror=\"this.onerror=null;this.src='https:\/\/soccer.aidatasports.com\/images\/players\/default-player.png';\"><span>H\u00fcseyin Ert\u00fcrk<\/span><\/a><\/div>\n<div class=\"player\"><a href=\"https:\/\/soccer.aidatasports.com\/fr\/players\/Liam-Kerrigan-69374\"><img decoding=\"async\" src=\"https:\/\/soccer.aidatasports.com\/images\/players\/69374.png\" alt=\"Liam Kerrigan\" onerror=\"this.onerror=null;this.src='https:\/\/soccer.aidatasports.com\/images\/players\/default-player.png';\"><span>Liam Kerrigan<\/span><\/a><\/div>\n<div class=\"player\"><a href=\"https:\/\/soccer.aidatasports.com\/fr\/players\/Jannes-Van-Hecke-64307\"><img decoding=\"async\" src=\"https:\/\/soccer.aidatasports.com\/images\/players\/64307.png\" alt=\"Jannes Van Hecke\" onerror=\"this.onerror=null;this.src='https:\/\/soccer.aidatasports.com\/images\/players\/default-player.png';\"><span>Jannes Van Hecke<\/span><\/a><\/div>\n<div class=\"player\"><a href=\"https:\/\/soccer.aidatasports.com\/fr\/players\/Sheldon-Bateau-2012\"><img decoding=\"async\" src=\"https:\/\/soccer.aidatasports.com\/images\/players\/2012.png\" alt=\"Sheldon Bateau\" onerror=\"this.onerror=null;this.src='https:\/\/soccer.aidatasports.com\/images\/players\/default-player.png';\"><span>Sheldon Bateau<\/span><\/a><\/div>\n<div class=\"player\"><a href=\"https:\/\/soccer.aidatasports.com\/fr\/players\/Maxim-De-Man-8520\"><img decoding=\"async\" src=\"https:\/\/soccer.aidatasports.com\/images\/players\/8520.png\" alt=\"Maxim De Man\" onerror=\"this.onerror=null;this.src='https:\/\/soccer.aidatasports.com\/images\/players\/default-player.png';\"><span>Maxim De Man<\/span><\/a><\/div>\n<div class=\"player\"><a href=\"https:\/\/soccer.aidatasports.com\/fr\/players\/Hadji-Issa-Moustapha-409128\"><img decoding=\"async\" src=\"https:\/\/soccer.aidatasports.com\/images\/players\/409128.png\" alt=\"Hadji Issa Moustapha\" onerror=\"this.onerror=null;this.src='https:\/\/soccer.aidatasports.com\/images\/players\/default-player.png';\"><span>Hadji Issa Moustapha<\/span><\/a><\/div>\n<div class=\"player\"><a href=\"https:\/\/soccer.aidatasports.com\/fr\/players\/Malick-Fall-375978\"><img decoding=\"async\" src=\"https:\/\/soccer.aidatasports.com\/images\/players\/375978.png\" alt=\"Malick Fall\" onerror=\"this.onerror=null;this.src='https:\/\/soccer.aidatasports.com\/images\/players\/default-player.png';\"><span>Malick Fall<\/span><\/a><\/div>\n<div class=\"player\"><a href=\"https:\/\/soccer.aidatasports.com\/fr\/players\/Finn-Dicke-351786\"><img decoding=\"async\" src=\"https:\/\/soccer.aidatasports.com\/images\/players\/351786.png\" alt=\"Finn Dicke\" onerror=\"this.onerror=null;this.src='https:\/\/soccer.aidatasports.com\/images\/players\/default-player.png';\"><span>Finn Dicke<\/span><\/a><\/div>\n<div class=\"player\"><a href=\"https:\/\/soccer.aidatasports.com\/fr\/players\/Ahmed-Khatir-422575\"><img decoding=\"async\" src=\"https:\/\/soccer.aidatasports.com\/images\/players\/422575.png\" alt=\"Ahmed Khatir\" onerror=\"this.onerror=null;this.src='https:\/\/soccer.aidatasports.com\/images\/players\/default-player.png';\"><span>Ahmed Khatir<\/span><\/a><\/div>\n<\/div>\n<\/div>\n<\/div>\n<div class=\"team-lineup\">\n<h3>RSC Anderlecht II<\/h3>\n<p><img decoding=\"async\" src=\"https:\/\/media.api-sports.io\/football\/teams\/19046.png\" alt=\"RSC Anderlecht II\" style=\"width: 50px; height: 50px;\"><\/p>\n<div class=\"players-container\">\n<div>\n<h4>Titulares:<\/h4>\n<div class=\"player\"><a href=\"https:\/\/soccer.aidatasports.com\/fr\/players\/Timo-Schlieck-375347\"><img decoding=\"async\" src=\"https:\/\/soccer.aidatasports.com\/images\/players\/375347.png\" alt=\"Timo Schlieck\" onerror=\"this.onerror=null;this.src='https:\/\/soccer.aidatasports.com\/images\/players\/default-player.png';\"><span>Timo Schlieck<\/span><\/a><\/div>\n<div class=\"player\"><a href=\"https:\/\/soccer.aidatasports.com\/fr\/players\/Basile-Vroninks-481515\"><img decoding=\"async\" src=\"https:\/\/soccer.aidatasports.com\/images\/players\/481515.png\" alt=\"Basile Vroninks\" onerror=\"this.onerror=null;this.src='https:\/\/soccer.aidatasports.com\/images\/players\/default-player.png';\"><span>Basile Vroninks<\/span><\/a><\/div>\n<div class=\"player\"><a href=\"https:\/\/soccer.aidatasports.com\/fr\/players\/Isma\u00ebl-Baouf-396198\"><img decoding=\"async\" src=\"https:\/\/soccer.aidatasports.com\/images\/players\/396198.png\" alt=\"Isma\u00ebl Baouf\" onerror=\"this.onerror=null;this.src='https:\/\/soccer.aidatasports.com\/images\/players\/default-player.png';\"><span>Isma\u00ebl Baouf<\/span><\/a><\/div>\n<div class=\"player\"><a href=\"https:\/\/soccer.aidatasports.com\/fr\/players\/Joren-Dom-8894\"><img decoding=\"async\" src=\"https:\/\/soccer.aidatasports.com\/images\/players\/8894.png\" alt=\"Joren Dom\" onerror=\"this.onerror=null;this.src='https:\/\/soccer.aidatasports.com\/images\/players\/default-player.png';\"><span>Joren Dom<\/span><\/a><\/div>\n<div class=\"player\"><a href=\"https:\/\/soccer.aidatasports.com\/fr\/players\/Amando-Lapage-372563\"><img decoding=\"async\" src=\"https:\/\/soccer.aidatasports.com\/images\/players\/372563.png\" alt=\"Amando Lapage\" onerror=\"this.onerror=null;this.src='https:\/\/soccer.aidatasports.com\/images\/players\/default-player.png';\"><span>Amando Lapage<\/span><\/a><\/div>\n<div class=\"player\"><a href=\"https:\/\/soccer.aidatasports.com\/fr\/players\/Ali-Maamar-401367\"><img decoding=\"async\" src=\"https:\/\/soccer.aidatasports.com\/images\/players\/401367.png\" alt=\"Ali Maamar\" onerror=\"this.onerror=null;this.src='https:\/\/soccer.aidatasports.com\/images\/players\/default-player.png';\"><span>Ali Maamar<\/span><\/a><\/div>\n<div class=\"player\"><a href=\"https:\/\/soccer.aidatasports.com\/fr\/players\/Nathan-De-Cat-453903\"><img decoding=\"async\" src=\"https:\/\/soccer.aidatasports.com\/images\/players\/453903.png\" alt=\"Nathan De Cat\" onerror=\"this.onerror=null;this.src='https:\/\/soccer.aidatasports.com\/images\/players\/default-player.png';\"><span>Nathan De Cat<\/span><\/a><\/div>\n<div class=\"player\"><a href=\"https:\/\/soccer.aidatasports.com\/fr\/players\/Anas-Tajaouart-409011\"><img decoding=\"async\" src=\"https:\/\/soccer.aidatasports.com\/images\/players\/409011.png\" alt=\"Anas Tajaouart\" onerror=\"this.onerror=null;this.src='https:\/\/soccer.aidatasports.com\/images\/players\/default-player.png';\"><span>Anas Tajaouart<\/span><\/a><\/div>\n<div class=\"player\"><a href=\"https:\/\/soccer.aidatasports.com\/fr\/players\/Nilson-Angulo-311543\"><img decoding=\"async\" src=\"https:\/\/soccer.aidatasports.com\/images\/players\/311543.png\" alt=\"Nilson Angulo\" onerror=\"this.onerror=null;this.src='https:\/\/soccer.aidatasports.com\/images\/players\/default-player.png';\"><span>Nilson Angulo<\/span><\/a><\/div>\n<div class=\"player\"><a href=\"https:\/\/soccer.aidatasports.com\/fr\/players\/Milan-Robberechts-338229\"><img decoding=\"async\" src=\"https:\/\/soccer.aidatasports.com\/images\/players\/338229.png\" alt=\"Milan Robberechts\" onerror=\"this.onerror=null;this.src='https:\/\/soccer.aidatasports.com\/images\/players\/default-player.png';\"><span>Milan Robberechts<\/span><\/a><\/div>\n<div class=\"player\"><a href=\"https:\/\/soccer.aidatasports.com\/fr\/players\/Keisuke-Goto-375930\"><img decoding=\"async\" src=\"https:\/\/soccer.aidatasports.com\/images\/players\/375930.png\" alt=\"Keisuke Goto\" onerror=\"this.onerror=null;this.src='https:\/\/soccer.aidatasports.com\/images\/players\/default-player.png';\"><span>Keisuke Goto<\/span><\/a><\/div>\n<\/div>\n<div>\n<h4>Suplentes:<\/h4>\n<div class=\"player\"><a href=\"https:\/\/soccer.aidatasports.com\/fr\/players\/Marco-Kana-127417\"><img decoding=\"async\" src=\"https:\/\/soccer.aidatasports.com\/images\/players\/127417.png\" alt=\"Marco Kana\" onerror=\"this.onerror=null;this.src='https:\/\/soccer.aidatasports.com\/images\/players\/default-player.png';\"><span>Marco Kana<\/span><\/a><\/div>\n<div class=\"player\"><a href=\"https:\/\/soccer.aidatasports.com\/fr\/players\/Michiel-Haentjens-396222\"><img decoding=\"async\" src=\"https:\/\/soccer.aidatasports.com\/images\/players\/396222.png\" alt=\"Michiel Haentjens\" onerror=\"this.onerror=null;this.src='https:\/\/soccer.aidatasports.com\/images\/players\/default-player.png';\"><span>Michiel Haentjens<\/span><\/a><\/div>\n<div class=\"player\"><a href=\"https:\/\/soccer.aidatasports.com\/fr\/players\/Ka\u00efs-Barry-396220\"><img decoding=\"async\" src=\"https:\/\/soccer.aidatasports.com\/images\/players\/396220.png\" alt=\"Ka\u00efs Barry\" onerror=\"this.onerror=null;this.src='https:\/\/soccer.aidatasports.com\/images\/players\/default-player.png';\"><span>Ka\u00efs Barry<\/span><\/a><\/div>\n<div class=\"player\"><a href=\"https:\/\/soccer.aidatasports.com\/fr\/players\/Ludovick-Wola-Wetshay-482299\"><img decoding=\"async\" src=\"https:\/\/soccer.aidatasports.com\/images\/players\/482299.png\" alt=\"Ludovick Wola-Wetshay\" onerror=\"this.onerror=null;this.src='https:\/\/soccer.aidatasports.com\/images\/players\/default-player.png';\"><span>Ludovick Wola-Wetshay<\/span><\/a><\/div>\n<div class=\"player\"><a href=\"https:\/\/soccer.aidatasports.com\/fr\/players\/Nunzio-Engwanda-431984\"><img decoding=\"async\" src=\"https:\/\/soccer.aidatasports.com\/images\/players\/431984.png\" alt=\"Nunzio Engwanda\" onerror=\"this.onerror=null;this.src='https:\/\/soccer.aidatasports.com\/images\/players\/default-player.png';\"><span>Nunzio Engwanda<\/span><\/a><\/div>\n<div class=\"player\"><a href=\"https:\/\/soccer.aidatasports.com\/fr\/players\/Lilian-Vergeylen-406012\"><img decoding=\"async\" src=\"https:\/\/soccer.aidatasports.com\/images\/players\/406012.png\" alt=\"Lilian Vergeylen\" onerror=\"this.onerror=null;this.src='https:\/\/soccer.aidatasports.com\/images\/players\/default-player.png';\"><span>Lilian Vergeylen<\/span><\/a><\/div>\n<div class=\"player\"><a href=\"https:\/\/soccer.aidatasports.com\/fr\/players\/Robbie-Ure-327536\"><img decoding=\"async\" src=\"https:\/\/soccer.aidatasports.com\/images\/players\/327536.png\" alt=\"Robbie Ure\" onerror=\"this.onerror=null;this.src='https:\/\/soccer.aidatasports.com\/images\/players\/default-player.png';\"><span>Robbie Ure<\/span><\/a><\/div>\n<div class=\"player\"><a href=\"https:\/\/soccer.aidatasports.com\/fr\/players\/Gassimou-Sylla-482301\"><img decoding=\"async\" src=\"https:\/\/soccer.aidatasports.com\/images\/players\/482301.png\" alt=\"Gassimou Sylla\" onerror=\"this.onerror=null;this.src='https:\/\/soccer.aidatasports.com\/images\/players\/default-player.png';\"><span>Gassimou Sylla<\/span><\/a><\/div>\n<div class=\"player\"><a href=\"https:\/\/soccer.aidatasports.com\/fr\/players\/Devon-De-Corte-453902\"><img decoding=\"async\" src=\"https:\/\/soccer.aidatasports.com\/images\/players\/453902.png\" alt=\"Devon De Corte\" onerror=\"this.onerror=null;this.src='https:\/\/soccer.aidatasports.com\/images\/players\/default-player.png';\"><span>Devon De Corte<\/span><\/a><\/div>\n<\/div>\n<\/div>\n<\/div>\n<\/div>\n<div id=\"wg-api-football-game\"\n                    data-host=\"xxxxx\"\n                    data-key=\"xxxx\"\n                    data-id=\"1206460\"\n                    data-theme=\"\"\n                    data-refresh=\"15\"\n                    data-show-errors=\"false\"\n                    data-show-logos=\"true\"><br \/>\n                    class=\u00a0\u00bbwg_loader\u00a0\u00bb>\n                <\/div>\n<div id=\"wg-api-football-standings\"\n                    data-host=\"xxxx\"\n                    data-key=\"ddddd\"\n                    data-league=\"145\"\n                    data-team=\"\"\n                    data-season=\"2024\"\n                    data-theme=\"\"\n                    data-show-errors=\"false\"\n                    data-show-logos=\"true\"\n                    class=\"wg_loader\">\n                <\/div>\n<p>                <script\n                    type=\"module\"\n                    src=\"https:\/\/soccer.aidatasports.com\/wp-content\/customjs\/widgetslocal.js\">\n                <\/script><\/p>\n","protected":false},"excerpt":{"rendered":"<p>Waasland-Beveren s&rsquo;impose face \u00e0 Anderlecht II dans un match serr\u00e9 Le Waasland-Beveren s&rsquo;est impos\u00e9 face&hellip;<\/p>\n","protected":false},"author":1,"featured_media":78941,"comment_status":"open","ping_status":"open","sticky":false,"template":"","format":"standard","meta":{"content-type":"","pmpro_default_level":"","_lmt_disableupdate":"","_lmt_disable":"","_league":15837,"_fixture":1206460,"penci_pfeatured_image_ratio":"","penci_single_style":"","footnotes":""},"categories":[15837],"tags":[11351,821],"class_list":["post-78942","post","type-post","status-publish","format-standard","has-post-thumbnail","hentry","category-matches","tag-rsc-anderlecht-ii-belgium-19046","tag-waasland-beveren-belgium-738","pmpro-has-access"],"_links":{"self":[{"href":"https:\/\/soccer.aidatasports.com\/fr\/wp-json\/wp\/v2\/posts\/78942"}],"collection":[{"href":"https:\/\/soccer.aidatasports.com\/fr\/wp-json\/wp\/v2\/posts"}],"about":[{"href":"https:\/\/soccer.aidatasports.com\/fr\/wp-json\/wp\/v2\/types\/post"}],"author":[{"embeddable":true,"href":"https:\/\/soccer.aidatasports.com\/fr\/wp-json\/wp\/v2\/users\/1"}],"replies":[{"embeddable":true,"href":"https:\/\/soccer.aidatasports.com\/fr\/wp-json\/wp\/v2\/comments?post=78942"}],"version-history":[{"count":0,"href":"https:\/\/soccer.aidatasports.com\/fr\/wp-json\/wp\/v2\/posts\/78942\/revisions"}],"wp:featuredmedia":[{"embeddable":true,"href":"https:\/\/soccer.aidatasports.com\/fr\/wp-json\/wp\/v2\/media\/78941"}],"wp:attachment":[{"href":"https:\/\/soccer.aidatasports.com\/fr\/wp-json\/wp\/v2\/media?parent=78942"}],"wp:term":[{"taxonomy":"category","embeddable":true,"href":"https:\/\/soccer.aidatasports.com\/fr\/wp-json\/wp\/v2\/categories?post=78942"},{"taxonomy":"post_tag","embeddable":true,"href":"https:\/\/soccer.aidatasports.com\/fr\/wp-json\/wp\/v2\/tags?post=78942"}],"curies":[{"name":"wp","href":"https:\/\/api.w.org\/{rel}","templated":true}]}}