{"id":76685,"date":"2024-10-23T21:00:23","date_gmt":"2024-10-23T21:00:23","guid":{"rendered":"https:\/\/soccer.aidatasports.com\/fr\/uncategorized\/fc-cartagena-vs-elche-oct-23-2024-1900-utc\/"},"modified":"2024-10-23T21:00:23","modified_gmt":"2024-10-23T21:00:23","slug":"fc-cartagena-vs-elche-oct-23-2024-1900-utc","status":"publish","type":"post","link":"https:\/\/soccer.aidatasports.com\/fr\/matches\/fc-cartagena-vs-elche-oct-23-2024-1900-utc\/","title":{"rendered":"FC Cartagena vs Elche Oct 23 2024 19:00 UTC"},"content":{"rendered":"<h1>L&rsquo;Elche domine le Cartagena dans un match peu excitant<\/h1>\n<p>L&rsquo;Elche s&rsquo;est impos\u00e9 \u00e0 Cartagena lors d&rsquo;un match manquant d&rsquo;excitation et de buts. La possession du ballon \u00e9tait clairement du c\u00f4t\u00e9 des Ilicitans, qui ont cr\u00e9\u00e9 plus d&rsquo;occasions de marquer, mais sans les transformer en buts. Le FC Cartagena, quant \u00e0 lui, a eu peu d&rsquo;occasions, le carton jaune re\u00e7u par K. Olivas \u00e0 la 13e minute \u00e9tant la seule action notable de la premi\u00e8re mi-temps.<\/p>\n<p>Le match a \u00e9t\u00e9 caract\u00e9ris\u00e9 par un jeu tactique et de nombreux remplacements, ce qui a entrav\u00e9 le d\u00e9roulement du match. Le manque d&rsquo;occasions de buts et la domination \u00e9crasante de l&rsquo;Elche en possession, avec 76% contre 24% pour Cartagena, ont dict\u00e9 le rythme de la rencontre.<\/p>\n<p><strong>Statistiques:<\/strong><\/p>\n<p>* <strong>FC Cartagena:<\/strong> 24% de possession, 6 tirs (2 cadr\u00e9s, 4 hors cadre), 3 corners, 11 fautes, 1 carton jaune, 0 carton rouge.<br \/>\n* <strong>Elche:<\/strong> 76% de possession, 14 tirs (3 cadr\u00e9s, 10 hors cadre), 5 corners, 16 fautes, 0 carton jaune, 0 carton rouge.<\/p>\n<p><strong>Donn\u00e9es du match:<\/strong><\/p>\n<p>* Date: 23 octobre 2024, 19h00.<br \/>\n* Ville du match: Cartagena.<br \/>\n* Stade: Estadio Municipal Cartagonova.<br \/>\n* Arbitre: Oliver de la Fuente Ramos, Espagne.<br \/>\n* Ligue: Segunda Divisi\u00f3n.<br \/>\n* Saison: 2024.<br \/>\n* Journ\u00e9e: Saison r\u00e9guli\u00e8re &#8211; Journ\u00e9e 11.<br \/>\n* Pays: Espagne.<\/p>\n<p>Remplacements dans l&rsquo;quipe de elche: \u00c0 la 22e minute, P. Bigas est entr\u00e9 et B. Diaby est sorti., \u00c0 la 46e minute, A. Febas est entr\u00e9 et G. Hernandez est sorti., \u00c0 la 56e minute, R. Mendoza est entr\u00e9 et Alex Martin est sorti., \u00c0 la 56e minute, A. Alvarez est entr\u00e9 et O. Plano est sorti., \u00c0 la 81e minute, R. Nunez est entr\u00e9 et C. Salvador est sorti. <\/p>\n<p>Remplacements dans l&rsquo;quipe de fc cartagena: \u00c0 la 65e minute, A. Vukcevic est entr\u00e9 et J. Izquierdo est sorti., \u00c0 la 75e minute, H. Gonzalez est entr\u00e9 et C. Teguia est sorti., \u00c0 la 75e minute, Andy est entr\u00e9 et Mini est sorti., \u00c0 la 82e minute, A. Ortuno est entr\u00e9 et G. Valles est sorti. <\/p>\n<p>Les \u00e9quipes se sont align\u00e9es comme suit:<\/p>\n<div class=\"lineups-container\">\n<style>\n                .lineups-container {\n                    display: flex;\n                    justify-content: space-around;\n                    flex-wrap: wrap;\n                }\n                .team-lineup {\n                    width: 49%;\n                    margin-bottom: 20px;\n                    border: 1px solid #ccc;\n                    padding: 5px;\n                }\n                .team-lineup h3 {\n                    text-align: center;\n                    margin-bottom: 10px;\n                }\n                .players-container {\n                    display: flex;\n                    justify-content: space-between;\n                }\n                .players-container div {\n                    width: 100%;\n                }\n                .player {\n                    display: flex;\n                    align-items: center;\n                    margin-bottom: 5px;\n                }\n                .player img {\n                    width: 30px;\n                    height: 30px;\n                    border-radius: 50%;\n                    margin-right: 10px;\n                }\n                    @media (max-width: 600px) {\n                    .team-lineup {\n                        width: 100%;\n                    }\n                }\n                <\/style>\n<div class=\"team-lineup\">\n<h3>FC Cartagena<\/h3>\n<p><img decoding=\"async\" src=\"https:\/\/media.api-sports.io\/football\/teams\/5262.png\" alt=\"FC Cartagena\" style=\"width: 50px; height: 50px;\"><\/p>\n<div class=\"players-container\">\n<div>\n<h4>Titulares:<\/h4>\n<div class=\"player\"><a href=\"https:\/\/soccer.aidatasports.com\/fr\/players\/Pablo-Cu\u00f1at-286611\"><img decoding=\"async\" src=\"https:\/\/soccer.aidatasports.com\/images\/players\/286611.png\" alt=\"Pablo Cu\u00f1at\" onerror=\"this.onerror=null;this.src='https:\/\/soccer.aidatasports.com\/images\/players\/default-player.png';\"><span>Pablo Cu\u00f1at<\/span><\/a><\/div>\n<div class=\"player\"><a href=\"https:\/\/soccer.aidatasports.com\/fr\/players\/Mart\u00edn-Aguirregabiria-47354\"><img decoding=\"async\" src=\"https:\/\/soccer.aidatasports.com\/images\/players\/47354.png\" alt=\"Mart\u00edn Aguirregabiria\" onerror=\"this.onerror=null;this.src='https:\/\/soccer.aidatasports.com\/images\/players\/default-player.png';\"><span>Mart\u00edn Aguirregabiria<\/span><\/a><\/div>\n<div class=\"player\"><a href=\"https:\/\/soccer.aidatasports.com\/fr\/players\/Kiko-Olivas-47483\"><img decoding=\"async\" src=\"https:\/\/soccer.aidatasports.com\/images\/players\/47483.png\" alt=\"Kiko Olivas\" onerror=\"this.onerror=null;this.src='https:\/\/soccer.aidatasports.com\/images\/players\/default-player.png';\"><span>Kiko Olivas<\/span><\/a><\/div>\n<div class=\"player\"><a href=\"https:\/\/soccer.aidatasports.com\/fr\/players\/Pedro-Alcal\u00e1-47504\"><img decoding=\"async\" src=\"https:\/\/soccer.aidatasports.com\/images\/players\/47504.png\" alt=\"Pedro Alcal\u00e1\" onerror=\"this.onerror=null;this.src='https:\/\/soccer.aidatasports.com\/images\/players\/default-player.png';\"><span>Pedro Alcal\u00e1<\/span><\/a><\/div>\n<div class=\"player\"><a href=\"https:\/\/soccer.aidatasports.com\/fr\/players\/Nikola-\u0160ip\u010di\u0107-46078\"><img decoding=\"async\" src=\"https:\/\/soccer.aidatasports.com\/images\/players\/46078.png\" alt=\"Nikola \u0160ip\u010di\u0107\" onerror=\"this.onerror=null;this.src='https:\/\/soccer.aidatasports.com\/images\/players\/default-player.png';\"><span>Nikola \u0160ip\u010di\u0107<\/span><\/a><\/div>\n<div class=\"player\"><a href=\"https:\/\/soccer.aidatasports.com\/fr\/players\/Jairo-Izquierdo-46771\"><img decoding=\"async\" src=\"https:\/\/soccer.aidatasports.com\/images\/players\/46771.png\" alt=\"Jairo Izquierdo\" onerror=\"this.onerror=null;this.src='https:\/\/soccer.aidatasports.com\/images\/players\/default-player.png';\"><span>Jairo Izquierdo<\/span><\/a><\/div>\n<div class=\"player\"><a href=\"https:\/\/soccer.aidatasports.com\/fr\/players\/Cedric-Teguia-161968\"><img decoding=\"async\" src=\"https:\/\/soccer.aidatasports.com\/images\/players\/161968.png\" alt=\"Cedric Teguia\" onerror=\"this.onerror=null;this.src='https:\/\/soccer.aidatasports.com\/images\/players\/default-player.png';\"><span>Cedric Teguia<\/span><\/a><\/div>\n<div class=\"player\"><a href=\"https:\/\/soccer.aidatasports.com\/fr\/players\/Mini-185308\"><img decoding=\"async\" src=\"https:\/\/soccer.aidatasports.com\/images\/players\/185308.png\" alt=\"Mini\" onerror=\"this.onerror=null;this.src='https:\/\/soccer.aidatasports.com\/images\/players\/default-player.png';\"><span>Mini<\/span><\/a><\/div>\n<div class=\"player\"><a href=\"https:\/\/soccer.aidatasports.com\/fr\/players\/Dami\u00e1n-Musto-47577\"><img decoding=\"async\" src=\"https:\/\/soccer.aidatasports.com\/images\/players\/47577.png\" alt=\"Dami\u00e1n Musto\" onerror=\"this.onerror=null;this.src='https:\/\/soccer.aidatasports.com\/images\/players\/default-player.png';\"><span>Dami\u00e1n Musto<\/span><\/a><\/div>\n<div class=\"player\"><a href=\"https:\/\/soccer.aidatasports.com\/fr\/players\/Luis-Mu\u00f1oz-47192\"><img decoding=\"async\" src=\"https:\/\/soccer.aidatasports.com\/images\/players\/47192.png\" alt=\"Luis Mu\u00f1oz\" onerror=\"this.onerror=null;this.src='https:\/\/soccer.aidatasports.com\/images\/players\/default-player.png';\"><span>Luis Mu\u00f1oz<\/span><\/a><\/div>\n<div class=\"player\"><a href=\"https:\/\/soccer.aidatasports.com\/fr\/players\/Gaston-Valles-385445\"><img decoding=\"async\" src=\"https:\/\/soccer.aidatasports.com\/images\/players\/385445.png\" alt=\"Gaston Valles\" onerror=\"this.onerror=null;this.src='https:\/\/soccer.aidatasports.com\/images\/players\/default-player.png';\"><span>Gaston Valles<\/span><\/a><\/div>\n<\/div>\n<div>\n<h4>Suplentes:<\/h4>\n<div class=\"player\"><a href=\"https:\/\/soccer.aidatasports.com\/fr\/players\/Andrija-Vuk\u010devi\u0107-46023\"><img decoding=\"async\" src=\"https:\/\/soccer.aidatasports.com\/images\/players\/46023.png\" alt=\"Andrija Vuk\u010devi\u0107\" onerror=\"this.onerror=null;this.src='https:\/\/soccer.aidatasports.com\/images\/players\/default-player.png';\"><span>Andrija Vuk\u010devi\u0107<\/span><\/a><\/div>\n<div class=\"player\"><a href=\"https:\/\/soccer.aidatasports.com\/fr\/players\/Jhafets-Reyes-439630\"><img decoding=\"async\" src=\"https:\/\/soccer.aidatasports.com\/images\/players\/439630.png\" alt=\"Jhafets Reyes\" onerror=\"this.onerror=null;this.src='https:\/\/soccer.aidatasports.com\/images\/players\/default-player.png';\"><span>Jhafets Reyes<\/span><\/a><\/div>\n<div class=\"player\"><a href=\"https:\/\/soccer.aidatasports.com\/fr\/players\/Nono-342996\"><img decoding=\"async\" src=\"https:\/\/soccer.aidatasports.com\/images\/players\/342996.png\" alt=\"Nono\" onerror=\"this.onerror=null;this.src='https:\/\/soccer.aidatasports.com\/images\/players\/default-player.png';\"><span>Nono<\/span><\/a><\/div>\n<div class=\"player\"><a href=\"https:\/\/soccer.aidatasports.com\/fr\/players\/Jorge-Moreno-184609\"><img decoding=\"async\" src=\"https:\/\/soccer.aidatasports.com\/images\/players\/184609.png\" alt=\"Jorge Moreno\" onerror=\"this.onerror=null;this.src='https:\/\/soccer.aidatasports.com\/images\/players\/default-player.png';\"><span>Jorge Moreno<\/span><\/a><\/div>\n<div class=\"player\"><a href=\"https:\/\/soccer.aidatasports.com\/fr\/players\/Jos\u00e9-Antonio-R\u00edos-131539\"><img decoding=\"async\" src=\"https:\/\/soccer.aidatasports.com\/images\/players\/131539.png\" alt=\"Jos\u00e9 Antonio R\u00edos\" onerror=\"this.onerror=null;this.src='https:\/\/soccer.aidatasports.com\/images\/players\/default-player.png';\"><span>Jos\u00e9 Antonio R\u00edos<\/span><\/a><\/div>\n<div class=\"player\"><a href=\"https:\/\/soccer.aidatasports.com\/fr\/players\/Andy-Rodr\u00edguez-117059\"><img decoding=\"async\" src=\"https:\/\/soccer.aidatasports.com\/images\/players\/117059.png\" alt=\"Andy Rodr\u00edguez\" onerror=\"this.onerror=null;this.src='https:\/\/soccer.aidatasports.com\/images\/players\/default-player.png';\"><span>Andy Rodr\u00edguez<\/span><\/a><\/div>\n<div class=\"player\"><a href=\"https:\/\/soccer.aidatasports.com\/fr\/players\/Hugo-Gonz\u00e1lez-161875\"><img decoding=\"async\" src=\"https:\/\/soccer.aidatasports.com\/images\/players\/161875.png\" alt=\"Hugo Gonz\u00e1lez\" onerror=\"this.onerror=null;this.src='https:\/\/soccer.aidatasports.com\/images\/players\/default-player.png';\"><span>Hugo Gonz\u00e1lez<\/span><\/a><\/div>\n<div class=\"player\"><a href=\"https:\/\/soccer.aidatasports.com\/fr\/players\/Alfredo-Ortu\u00f1o-47040\"><img decoding=\"async\" src=\"https:\/\/soccer.aidatasports.com\/images\/players\/47040.png\" alt=\"Alfredo Ortu\u00f1o\" onerror=\"this.onerror=null;this.src='https:\/\/soccer.aidatasports.com\/images\/players\/default-player.png';\"><span>Alfredo Ortu\u00f1o<\/span><\/a><\/div>\n<div class=\"player\"><a href=\"https:\/\/soccer.aidatasports.com\/fr\/players\/Dani-Escriche-47179\"><img decoding=\"async\" src=\"https:\/\/soccer.aidatasports.com\/images\/players\/47179.png\" alt=\"Dani Escriche\" onerror=\"this.onerror=null;this.src='https:\/\/soccer.aidatasports.com\/images\/players\/default-player.png';\"><span>Dani Escriche<\/span><\/a><\/div>\n<div class=\"player\"><a href=\"https:\/\/soccer.aidatasports.com\/fr\/players\/Lucas-Roman-356797\"><img decoding=\"async\" src=\"https:\/\/soccer.aidatasports.com\/images\/players\/356797.png\" alt=\"Lucas Roman\" onerror=\"this.onerror=null;this.src='https:\/\/soccer.aidatasports.com\/images\/players\/default-player.png';\"><span>Lucas Roman<\/span><\/a><\/div>\n<\/div>\n<\/div>\n<\/div>\n<div class=\"team-lineup\">\n<h3>Elche<\/h3>\n<p><img decoding=\"async\" src=\"https:\/\/media.api-sports.io\/football\/teams\/797.png\" alt=\"Elche\" style=\"width: 50px; height: 50px;\"><\/p>\n<div class=\"players-container\">\n<div>\n<h4>Titulares:<\/h4>\n<div class=\"player\"><a href=\"https:\/\/soccer.aidatasports.com\/fr\/players\/Miguel-San-Rom\u00e1n-131551\"><img decoding=\"async\" src=\"https:\/\/soccer.aidatasports.com\/images\/players\/131551.png\" alt=\"Miguel San Rom\u00e1n\" onerror=\"this.onerror=null;this.src='https:\/\/soccer.aidatasports.com\/images\/players\/default-player.png';\"><span>Miguel San Rom\u00e1n<\/span><\/a><\/div>\n<div class=\"player\"><a href=\"https:\/\/soccer.aidatasports.com\/fr\/players\/Bambo-Diaby-8746\"><img decoding=\"async\" src=\"https:\/\/soccer.aidatasports.com\/images\/players\/8746.png\" alt=\"Bambo Diaby\" onerror=\"this.onerror=null;this.src='https:\/\/soccer.aidatasports.com\/images\/players\/default-player.png';\"><span>Bambo Diaby<\/span><\/a><\/div>\n<div class=\"player\"><a href=\"https:\/\/soccer.aidatasports.com\/fr\/players\/David-Affengruber-126640\"><img decoding=\"async\" src=\"https:\/\/soccer.aidatasports.com\/images\/players\/126640.png\" alt=\"David Affengruber\" onerror=\"this.onerror=null;this.src='https:\/\/soccer.aidatasports.com\/images\/players\/default-player.png';\"><span>David Affengruber<\/span><\/a><\/div>\n<div class=\"player\"><a href=\"https:\/\/soccer.aidatasports.com\/fr\/players\/\u00c1lex-Mart\u00edn-119220\"><img decoding=\"async\" src=\"https:\/\/soccer.aidatasports.com\/images\/players\/119220.png\" alt=\"\u00c1lex Mart\u00edn\" onerror=\"this.onerror=null;this.src='https:\/\/soccer.aidatasports.com\/images\/players\/default-player.png';\"><span>\u00c1lex Mart\u00edn<\/span><\/a><\/div>\n<div class=\"player\"><a href=\"https:\/\/soccer.aidatasports.com\/fr\/players\/Mario-Gaspar-1691\"><img decoding=\"async\" src=\"https:\/\/soccer.aidatasports.com\/images\/players\/1691.png\" alt=\"Mario Gaspar\" onerror=\"this.onerror=null;this.src='https:\/\/soccer.aidatasports.com\/images\/players\/default-player.png';\"><span>Mario Gaspar<\/span><\/a><\/div>\n<div class=\"player\"><a href=\"https:\/\/soccer.aidatasports.com\/fr\/players\/Cristian-Salvador-46896\"><img decoding=\"async\" src=\"https:\/\/soccer.aidatasports.com\/images\/players\/46896.png\" alt=\"Cristian Salvador\" onerror=\"this.onerror=null;this.src='https:\/\/soccer.aidatasports.com\/images\/players\/default-player.png';\"><span>Cristian Salvador<\/span><\/a><\/div>\n<div class=\"player\"><a href=\"https:\/\/soccer.aidatasports.com\/fr\/players\/Gerard-Hern\u00e1ndez-361347\"><img decoding=\"async\" src=\"https:\/\/soccer.aidatasports.com\/images\/players\/361347.png\" alt=\"Gerard Hern\u00e1ndez\" onerror=\"this.onerror=null;this.src='https:\/\/soccer.aidatasports.com\/images\/players\/default-player.png';\"><span>Gerard Hern\u00e1ndez<\/span><\/a><\/div>\n<div class=\"player\"><a href=\"https:\/\/soccer.aidatasports.com\/fr\/players\/Elbasan-Rashani-39095\"><img decoding=\"async\" src=\"https:\/\/soccer.aidatasports.com\/images\/players\/39095.png\" alt=\"Elbasan Rashani\" onerror=\"this.onerror=null;this.src='https:\/\/soccer.aidatasports.com\/images\/players\/default-player.png';\"><span>Elbasan Rashani<\/span><\/a><\/div>\n<div class=\"player\"><a href=\"https:\/\/soccer.aidatasports.com\/fr\/players\/Nicol\u00e1s-Fern\u00e1ndez-75414\"><img decoding=\"async\" src=\"https:\/\/soccer.aidatasports.com\/images\/players\/75414.png\" alt=\"Nicol\u00e1s Fern\u00e1ndez\" onerror=\"this.onerror=null;this.src='https:\/\/soccer.aidatasports.com\/images\/players\/default-player.png';\"><span>Nicol\u00e1s Fern\u00e1ndez<\/span><\/a><\/div>\n<div class=\"player\"><a href=\"https:\/\/soccer.aidatasports.com\/fr\/players\/\u00d3scar-Plano-47496\"><img decoding=\"async\" src=\"https:\/\/soccer.aidatasports.com\/images\/players\/47496.png\" alt=\"\u00d3scar Plano\" onerror=\"this.onerror=null;this.src='https:\/\/soccer.aidatasports.com\/images\/players\/default-player.png';\"><span>\u00d3scar Plano<\/span><\/a><\/div>\n<div class=\"player\"><a href=\"https:\/\/soccer.aidatasports.com\/fr\/players\/Sory-Kaba-21714\"><img decoding=\"async\" src=\"https:\/\/soccer.aidatasports.com\/images\/players\/21714.png\" alt=\"Sory Kaba\" onerror=\"this.onerror=null;this.src='https:\/\/soccer.aidatasports.com\/images\/players\/default-player.png';\"><span>Sory Kaba<\/span><\/a><\/div>\n<\/div>\n<div>\n<h4>Suplentes:<\/h4>\n<div class=\"player\"><a href=\"https:\/\/soccer.aidatasports.com\/fr\/players\/Pedro-Bigas-47378\"><img decoding=\"async\" src=\"https:\/\/soccer.aidatasports.com\/images\/players\/47378.png\" alt=\"Pedro Bigas\" onerror=\"this.onerror=null;this.src='https:\/\/soccer.aidatasports.com\/images\/players\/default-player.png';\"><span>Pedro Bigas<\/span><\/a><\/div>\n<div class=\"player\"><a href=\"https:\/\/soccer.aidatasports.com\/fr\/players\/Aleix-Febas-46711\"><img decoding=\"async\" src=\"https:\/\/soccer.aidatasports.com\/images\/players\/46711.png\" alt=\"Aleix Febas\" onerror=\"this.onerror=null;this.src='https:\/\/soccer.aidatasports.com\/images\/players\/default-player.png';\"><span>Aleix Febas<\/span><\/a><\/div>\n<div class=\"player\"><a href=\"https:\/\/soccer.aidatasports.com\/fr\/players\/Agust\u00edn-\u00c1lvarez-278190\"><img decoding=\"async\" src=\"https:\/\/soccer.aidatasports.com\/images\/players\/278190.png\" alt=\"Agust\u00edn \u00c1lvarez\" onerror=\"this.onerror=null;this.src='https:\/\/soccer.aidatasports.com\/images\/players\/default-player.png';\"><span>Agust\u00edn \u00c1lvarez<\/span><\/a><\/div>\n<div class=\"player\"><a href=\"https:\/\/soccer.aidatasports.com\/fr\/players\/Rodrigo-Mendoza-341371\"><img decoding=\"async\" src=\"https:\/\/soccer.aidatasports.com\/images\/players\/341371.png\" alt=\"Rodrigo Mendoza\" onerror=\"this.onerror=null;this.src='https:\/\/soccer.aidatasports.com\/images\/players\/default-player.png';\"><span>Rodrigo Mendoza<\/span><\/a><\/div>\n<div class=\"player\"><a href=\"https:\/\/soccer.aidatasports.com\/fr\/players\/Mat\u00edas-Dituro-11346\"><img decoding=\"async\" src=\"https:\/\/soccer.aidatasports.com\/images\/players\/11346.png\" alt=\"Mat\u00edas Dituro\" onerror=\"this.onerror=null;this.src='https:\/\/soccer.aidatasports.com\/images\/players\/default-player.png';\"><span>Mat\u00edas Dituro<\/span><\/a><\/div>\n<div class=\"player\"><a href=\"https:\/\/soccer.aidatasports.com\/fr\/players\/Jose-Salinas-184407\"><img decoding=\"async\" src=\"https:\/\/soccer.aidatasports.com\/images\/players\/184407.png\" alt=\"Jose Salinas\" onerror=\"this.onerror=null;this.src='https:\/\/soccer.aidatasports.com\/images\/players\/default-player.png';\"><span>Jose Salinas<\/span><\/a><\/div>\n<div class=\"player\"><a href=\"https:\/\/soccer.aidatasports.com\/fr\/players\/Matia-Barzi\u0107-436785\"><img decoding=\"async\" src=\"https:\/\/soccer.aidatasports.com\/images\/players\/436785.png\" alt=\"Matia Barzi\u0107\" onerror=\"this.onerror=null;this.src='https:\/\/soccer.aidatasports.com\/images\/players\/default-player.png';\"><span>Matia Barzi\u0107<\/span><\/a><\/div>\n<div class=\"player\"><a href=\"https:\/\/soccer.aidatasports.com\/fr\/players\/Alvaro-N\u00fa\u00f1ez-182661\"><img decoding=\"async\" src=\"https:\/\/soccer.aidatasports.com\/images\/players\/182661.png\" alt=\"Alvaro N\u00fa\u00f1ez\" onerror=\"this.onerror=null;this.src='https:\/\/soccer.aidatasports.com\/images\/players\/default-player.png';\"><span>Alvaro N\u00fa\u00f1ez<\/span><\/a><\/div>\n<div class=\"player\"><a href=\"https:\/\/soccer.aidatasports.com\/fr\/players\/Rafael-N\u00fa\u00f1ez-162136\"><img decoding=\"async\" src=\"https:\/\/soccer.aidatasports.com\/images\/players\/162136.png\" alt=\"Rafael N\u00fa\u00f1ez\" onerror=\"this.onerror=null;this.src='https:\/\/soccer.aidatasports.com\/images\/players\/default-player.png';\"><span>Rafael N\u00fa\u00f1ez<\/span><\/a><\/div>\n<div class=\"player\"><a href=\"https:\/\/soccer.aidatasports.com\/fr\/players\/Yago-Santiago-284415\"><img decoding=\"async\" src=\"https:\/\/soccer.aidatasports.com\/images\/players\/284415.png\" alt=\"Yago Santiago\" onerror=\"this.onerror=null;this.src='https:\/\/soccer.aidatasports.com\/images\/players\/default-player.png';\"><span>Yago Santiago<\/span><\/a><\/div>\n<div class=\"player\"><a href=\"https:\/\/soccer.aidatasports.com\/fr\/players\/Ra\u00fal-Guti-47057\"><img decoding=\"async\" src=\"https:\/\/soccer.aidatasports.com\/images\/players\/47057.png\" alt=\"Ra\u00fal Guti\" onerror=\"this.onerror=null;this.src='https:\/\/soccer.aidatasports.com\/images\/players\/default-player.png';\"><span>Ra\u00fal Guti<\/span><\/a><\/div>\n<div class=\"player\"><a href=\"https:\/\/soccer.aidatasports.com\/fr\/players\/Mourad-El-Ghezouani-119223\"><img decoding=\"async\" src=\"https:\/\/soccer.aidatasports.com\/images\/players\/119223.png\" alt=\"Mourad El Ghezouani\" onerror=\"this.onerror=null;this.src='https:\/\/soccer.aidatasports.com\/images\/players\/default-player.png';\"><span>Mourad El Ghezouani<\/span><\/a><\/div>\n<\/div>\n<\/div>\n<\/div>\n<\/div>\n<div id=\"wg-api-football-game\"\n                    data-host=\"xxxxx\"\n                    data-key=\"xxxx\"\n                    data-id=\"1217610\"\n                    data-theme=\"\"\n                    data-refresh=\"15\"\n                    data-show-errors=\"false\"\n                    data-show-logos=\"true\"><br \/>\n                    class=\u00a0\u00bbwg_loader\u00a0\u00bb>\n                <\/div>\n<div id=\"wg-api-football-standings\"\n                    data-host=\"xxxx\"\n                    data-key=\"ddddd\"\n                    data-league=\"141\"\n                    data-team=\"\"\n                    data-season=\"2024\"\n                    data-theme=\"\"\n                    data-show-errors=\"false\"\n                    data-show-logos=\"true\"\n                    class=\"wg_loader\">\n                <\/div>\n<p>                <script\n                    type=\"module\"\n                    src=\"https:\/\/soccer.aidatasports.com\/wp-content\/customjs\/widgetslocal.js\">\n                <\/script><\/p>\n","protected":false},"excerpt":{"rendered":"<p>L&rsquo;Elche domine le Cartagena dans un match peu excitant L&rsquo;Elche s&rsquo;est impos\u00e9 \u00e0 Cartagena lors&hellip;<\/p>\n","protected":false},"author":1,"featured_media":76684,"comment_status":"open","ping_status":"open","sticky":false,"template":"","format":"standard","meta":{"content-type":"","pmpro_default_level":"","_lmt_disableupdate":"","_lmt_disable":"","_league":15837,"_fixture":1217610,"penci_pfeatured_image_ratio":"","penci_single_style":"","footnotes":""},"categories":[15837],"tags":[873,3974],"class_list":["post-76685","post","type-post","status-publish","format-standard","has-post-thumbnail","hentry","category-matches","tag-elche-spain-797","tag-fc-cartagena-spain-5262","pmpro-has-access"],"_links":{"self":[{"href":"https:\/\/soccer.aidatasports.com\/fr\/wp-json\/wp\/v2\/posts\/76685"}],"collection":[{"href":"https:\/\/soccer.aidatasports.com\/fr\/wp-json\/wp\/v2\/posts"}],"about":[{"href":"https:\/\/soccer.aidatasports.com\/fr\/wp-json\/wp\/v2\/types\/post"}],"author":[{"embeddable":true,"href":"https:\/\/soccer.aidatasports.com\/fr\/wp-json\/wp\/v2\/users\/1"}],"replies":[{"embeddable":true,"href":"https:\/\/soccer.aidatasports.com\/fr\/wp-json\/wp\/v2\/comments?post=76685"}],"version-history":[{"count":0,"href":"https:\/\/soccer.aidatasports.com\/fr\/wp-json\/wp\/v2\/posts\/76685\/revisions"}],"wp:featuredmedia":[{"embeddable":true,"href":"https:\/\/soccer.aidatasports.com\/fr\/wp-json\/wp\/v2\/media\/76684"}],"wp:attachment":[{"href":"https:\/\/soccer.aidatasports.com\/fr\/wp-json\/wp\/v2\/media?parent=76685"}],"wp:term":[{"taxonomy":"category","embeddable":true,"href":"https:\/\/soccer.aidatasports.com\/fr\/wp-json\/wp\/v2\/categories?post=76685"},{"taxonomy":"post_tag","embeddable":true,"href":"https:\/\/soccer.aidatasports.com\/fr\/wp-json\/wp\/v2\/tags?post=76685"}],"curies":[{"name":"wp","href":"https:\/\/api.w.org\/{rel}","templated":true}]}}