{"id":69326,"date":"2024-10-06T12:00:45","date_gmt":"2024-10-06T12:00:45","guid":{"rendered":"https:\/\/soccer.aidatasports.com\/fr\/uncategorized\/real-betis-w-vs-granad-tenerife-w-oct-06-2024-1000-utc\/"},"modified":"2024-10-06T12:00:45","modified_gmt":"2024-10-06T12:00:45","slug":"real-betis-w-vs-granad-tenerife-w-oct-06-2024-1000-utc","status":"publish","type":"post","link":"https:\/\/soccer.aidatasports.com\/fr\/uncategorized\/real-betis-w-vs-granad-tenerife-w-oct-06-2024-1000-utc\/","title":{"rendered":"Real Betis W vs Granad. Tenerife W Oct 06 2024 10:00 UTC"},"content":{"rendered":"<p>**<\/p>\n<h1>Le Real Betis W et le Granad. Tenerife W se partagent les points dans un match vibrant<\/h1>\n<p>Le Real Betis W et le Granad. Tenerife W se sont affront\u00e9s \u00e0 la Ciudad Deportiva Luis de Sol de S\u00e9ville dans un match de la cinqui\u00e8me journ\u00e9e de la Primera Divisi\u00f3n Femenina, qui s&rsquo;est termin\u00e9 par un match nul 1-1.<\/p>\n<p>La rencontre a commenc\u00e9 sur un rythme effr\u00e9n\u00e9 et les deux \u00e9quipes ont montr\u00e9 leur ambition de remporter la victoire. Le premier carton jaune du match est arriv\u00e9 \u00e0 la 30e minute, pour la joueuse du Real Betis W, G. Soliveres. Deux minutes plus tard, Y. Moreno du Granad. Tenerife W a \u00e9galement vu le carton jaune.<\/p>\n<p>Le Real Betis W a eu quelques occasions nettes en premi\u00e8re mi-temps, mais la d\u00e9fense du Granad. Tenerife W \u00e9tait solide. \u00c0 la 42e minute, Y. Zouhir du Real Betis W a re\u00e7u un carton jaune, et trois minutes plus tard seulement, Dorine Nina Chuigoue a \u00e9galement \u00e9t\u00e9 avertie.<\/p>\n<p>En deuxi\u00e8me mi-temps, le Granad. Tenerife W est sorti avec plus de force et a pris les devants au score \u00e0 la 46e minute, gr\u00e2ce \u00e0 un but de G. Monday, assist\u00e9e par A. Zaremba.<\/p>\n<p>Le Real Betis W a bien r\u00e9agi au but encaiss\u00e9 et a cherch\u00e9 l&rsquo;\u00e9galisation avec insistance. Le match est devenu plus intense et les deux \u00e9quipes ont eu des occasions de marquer. Le Real Betis W a finalement r\u00e9ussi \u00e0 \u00e9galiser le score, mais le but a \u00e9t\u00e9 refus\u00e9 pour hors-jeu.<\/p>\n<p>Le match s&rsquo;est termin\u00e9 par un match nul 1-1, qui laisse un go\u00fbt amer aux deux \u00e9quipes. Le Real Betis W a eu plus de possession du ballon (47%) et a tir\u00e9 12 fois (3 cadr\u00e9s), tandis que le Granad. Tenerife W a eu 53% de possession et a tir\u00e9 20 fois (6 cadr\u00e9s).<\/p>\n<p>**<\/p>\n<p>Remplacements dans l&rsquo;quipe de granad. tenerife w: \u00c0 la 57e minute, Bicho est entr\u00e9 et Y. Moreno est sorti., \u00c0 la 70e minute, M. Perez est entr\u00e9 et R. Babajide est sorti., \u00c0 la 71e minute, M. E. del Valle est entr\u00e9 et Koko est sorti., \u00c0 la 85e minute, N. Richard est entr\u00e9 et S. Ouzraoui Diki est sorti. <\/p>\n<p>Remplacements dans l&rsquo;quipe de real betis w: \u00c0 la 68e minute, C. Ferez est entr\u00e9 et M. Ruiz est sorti., \u00c0 la 68e minute, C. Armengol est entr\u00e9 et N. Garcia est sorti., \u00c0 la 68e minute, E. Santoro est entr\u00e9 et Dorine Nina Chuigoue est sorti., \u00c0 la 83e minute, T. Cameron est entr\u00e9 et G. Soliveres est sorti., \u00c0 la 84e minute, E. Fernandez Pablos est entr\u00e9 et J. Aguado est sorti. <\/p>\n<p>Les \u00e9quipes se sont align\u00e9es comme suit:<\/p>\n<div class=\"lineups-container\">\n<style>\n                .lineups-container {\n                    display: flex;\n                    justify-content: space-around;\n                    flex-wrap: wrap;\n                }\n                .team-lineup {\n                    width: 49%;\n                    margin-bottom: 20px;\n                    border: 1px solid #ccc;\n                    padding: 5px;\n                }\n                .team-lineup h3 {\n                    text-align: center;\n                    margin-bottom: 10px;\n                }\n                .players-container {\n                    display: flex;\n                    justify-content: space-between;\n                }\n                .players-container div {\n                    width: 100%;\n                }\n                .player {\n                    display: flex;\n                    align-items: center;\n                    margin-bottom: 5px;\n                }\n                .player img {\n                    width: 30px;\n                    height: 30px;\n                    border-radius: 50%;\n                    margin-right: 10px;\n                }\n                    @media (max-width: 600px) {\n                    .team-lineup {\n                        width: 100%;\n                    }\n                }\n                <\/style>\n<div class=\"team-lineup\">\n<h3>Real Betis W<\/h3>\n<p><img decoding=\"async\" src=\"https:\/\/media.api-sports.io\/football\/teams\/1907.png\" alt=\"Real Betis W\" style=\"width: 50px; height: 50px;\"><\/p>\n<div class=\"players-container\">\n<div>\n<h4>Titulares:<\/h4>\n<div class=\"player\"><a href=\"https:\/\/soccer.aidatasports.com\/fr\/players\/Paula-Vizoso-332618\"><img decoding=\"async\" src=\"https:\/\/soccer.aidatasports.com\/images\/players\/332618.png\" alt=\"Paula Vizoso\" onerror=\"this.onerror=null;this.src='https:\/\/soccer.aidatasports.com\/images\/players\/default-player.png';\"><span>Paula Vizoso<\/span><\/a><\/div>\n<div class=\"player\"><a href=\"https:\/\/soccer.aidatasports.com\/fr\/players\/Nuria-Ligero-Fernandez-99866\"><img decoding=\"async\" src=\"https:\/\/soccer.aidatasports.com\/images\/players\/99866.png\" alt=\"Nuria Ligero Fernandez\" onerror=\"this.onerror=null;this.src='https:\/\/soccer.aidatasports.com\/images\/players\/default-player.png';\"><span>Nuria Ligero Fernandez<\/span><\/a><\/div>\n<div class=\"player\"><a href=\"https:\/\/soccer.aidatasports.com\/fr\/players\/Mar\u00eda-Jim\u00e9nez-99950\"><img decoding=\"async\" src=\"https:\/\/soccer.aidatasports.com\/images\/players\/99950.png\" alt=\"Mar\u00eda Jim\u00e9nez\" onerror=\"this.onerror=null;this.src='https:\/\/soccer.aidatasports.com\/images\/players\/default-player.png';\"><span>Mar\u00eda Jim\u00e9nez<\/span><\/a><\/div>\n<div class=\"player\"><a href=\"https:\/\/soccer.aidatasports.com\/fr\/players\/Nina-Chuigoue-Dorine-99728\"><img decoding=\"async\" src=\"https:\/\/soccer.aidatasports.com\/images\/players\/99728.png\" alt=\"Nina Chuigoue Dorine\" onerror=\"this.onerror=null;this.src='https:\/\/soccer.aidatasports.com\/images\/players\/default-player.png';\"><span>Nina Chuigoue Dorine<\/span><\/a><\/div>\n<div class=\"player\"><a href=\"https:\/\/soccer.aidatasports.com\/fr\/players\/Esther-Mart\u00edn-Pozuelo-144838\"><img decoding=\"async\" src=\"https:\/\/soccer.aidatasports.com\/images\/players\/144838.png\" alt=\"Esther Mart\u00edn-Pozuelo\" onerror=\"this.onerror=null;this.src='https:\/\/soccer.aidatasports.com\/images\/players\/default-player.png';\"><span>Esther Mart\u00edn-Pozuelo<\/span><\/a><\/div>\n<div class=\"player\"><a href=\"https:\/\/soccer.aidatasports.com\/fr\/players\/Gema-Soliveres-332691\"><img decoding=\"async\" src=\"https:\/\/soccer.aidatasports.com\/images\/players\/332691.png\" alt=\"Gema Soliveres\" onerror=\"this.onerror=null;this.src='https:\/\/soccer.aidatasports.com\/images\/players\/default-player.png';\"><span>Gema Soliveres<\/span><\/a><\/div>\n<div class=\"player\"><a href=\"https:\/\/soccer.aidatasports.com\/fr\/players\/Rosa-M\u00e1rquez-99872\"><img decoding=\"async\" src=\"https:\/\/soccer.aidatasports.com\/images\/players\/99872.png\" alt=\"Rosa M\u00e1rquez\" onerror=\"this.onerror=null;this.src='https:\/\/soccer.aidatasports.com\/images\/players\/default-player.png';\"><span>Rosa M\u00e1rquez<\/span><\/a><\/div>\n<div class=\"player\"><a href=\"https:\/\/soccer.aidatasports.com\/fr\/players\/Mar\u00eda-Ruiz-99760\"><img decoding=\"async\" src=\"https:\/\/soccer.aidatasports.com\/images\/players\/99760.png\" alt=\"Mar\u00eda Ruiz\" onerror=\"this.onerror=null;this.src='https:\/\/soccer.aidatasports.com\/images\/players\/default-player.png';\"><span>Mar\u00eda Ruiz<\/span><\/a><\/div>\n<div class=\"player\"><a href=\"https:\/\/soccer.aidatasports.com\/fr\/players\/Naima-Garc\u00eda-Aguilar-99770\"><img decoding=\"async\" src=\"https:\/\/soccer.aidatasports.com\/images\/players\/99770.png\" alt=\"Naima Garc\u00eda Aguilar\" onerror=\"this.onerror=null;this.src='https:\/\/soccer.aidatasports.com\/images\/players\/default-player.png';\"><span>Naima Garc\u00eda Aguilar<\/span><\/a><\/div>\n<div class=\"player\"><a href=\"https:\/\/soccer.aidatasports.com\/fr\/players\/J\u00falia-Aguado-282831\"><img decoding=\"async\" src=\"https:\/\/soccer.aidatasports.com\/images\/players\/282831.png\" alt=\"J\u00falia Aguado\" onerror=\"this.onerror=null;this.src='https:\/\/soccer.aidatasports.com\/images\/players\/default-player.png';\"><span>J\u00falia Aguado<\/span><\/a><\/div>\n<div class=\"player\"><a href=\"https:\/\/soccer.aidatasports.com\/fr\/players\/Yasmine-Zouhir-393696\"><img decoding=\"async\" src=\"https:\/\/soccer.aidatasports.com\/images\/players\/393696.png\" alt=\"Yasmine Zouhir\" onerror=\"this.onerror=null;this.src='https:\/\/soccer.aidatasports.com\/images\/players\/default-player.png';\"><span>Yasmine Zouhir<\/span><\/a><\/div>\n<\/div>\n<div>\n<h4>Suplentes:<\/h4>\n<div class=\"player\"><a href=\"https:\/\/soccer.aidatasports.com\/fr\/players\/Carla-Armengol-99952\"><img decoding=\"async\" src=\"https:\/\/soccer.aidatasports.com\/images\/players\/99952.png\" alt=\"Carla Armengol\" onerror=\"this.onerror=null;this.src='https:\/\/soccer.aidatasports.com\/images\/players\/default-player.png';\"><span>Carla Armengol<\/span><\/a><\/div>\n<div class=\"player\"><a href=\"https:\/\/soccer.aidatasports.com\/fr\/players\/Erika-Santoro-90081\"><img decoding=\"async\" src=\"https:\/\/soccer.aidatasports.com\/images\/players\/90081.png\" alt=\"Erika Santoro\" onerror=\"this.onerror=null;this.src='https:\/\/soccer.aidatasports.com\/images\/players\/default-player.png';\"><span>Erika Santoro<\/span><\/a><\/div>\n<div class=\"player\"><a href=\"https:\/\/soccer.aidatasports.com\/fr\/players\/Carolina-F\u00e9rez-99660\"><img decoding=\"async\" src=\"https:\/\/soccer.aidatasports.com\/images\/players\/99660.png\" alt=\"Carolina F\u00e9rez\" onerror=\"this.onerror=null;this.src='https:\/\/soccer.aidatasports.com\/images\/players\/default-player.png';\"><span>Carolina F\u00e9rez<\/span><\/a><\/div>\n<div class=\"player\"><a href=\"https:\/\/soccer.aidatasports.com\/fr\/players\/Noelia-Gil-99923\"><img decoding=\"async\" src=\"https:\/\/soccer.aidatasports.com\/images\/players\/99923.png\" alt=\"Noelia Gil\" onerror=\"this.onerror=null;this.src='https:\/\/soccer.aidatasports.com\/images\/players\/default-player.png';\"><span>Noelia Gil<\/span><\/a><\/div>\n<div class=\"player\"><a href=\"https:\/\/soccer.aidatasports.com\/fr\/players\/Blanca-Mu\u00f1oz-305724\"><img decoding=\"async\" src=\"https:\/\/soccer.aidatasports.com\/images\/players\/305724.png\" alt=\"Blanca Mu\u00f1oz\" onerror=\"this.onerror=null;this.src='https:\/\/soccer.aidatasports.com\/images\/players\/default-player.png';\"><span>Blanca Mu\u00f1oz<\/span><\/a><\/div>\n<div class=\"player\"><a href=\"https:\/\/soccer.aidatasports.com\/fr\/players\/Estela-Fern\u00e1ndez-Pablos-99805\"><img decoding=\"async\" src=\"https:\/\/soccer.aidatasports.com\/images\/players\/99805.png\" alt=\"Estela Fern\u00e1ndez Pablos\" onerror=\"this.onerror=null;this.src='https:\/\/soccer.aidatasports.com\/images\/players\/default-player.png';\"><span>Estela Fern\u00e1ndez Pablos<\/span><\/a><\/div>\n<div class=\"player\"><a href=\"https:\/\/soccer.aidatasports.com\/fr\/players\/Carmen-\u00c1lvarez-317426\"><img decoding=\"async\" src=\"https:\/\/soccer.aidatasports.com\/images\/players\/317426.png\" alt=\"Carmen \u00c1lvarez\" onerror=\"this.onerror=null;this.src='https:\/\/soccer.aidatasports.com\/images\/players\/default-player.png';\"><span>Carmen \u00c1lvarez<\/span><\/a><\/div>\n<div class=\"player\"><a href=\"https:\/\/soccer.aidatasports.com\/fr\/players\/Tiffany-Cameron-68817\"><img decoding=\"async\" src=\"https:\/\/soccer.aidatasports.com\/images\/players\/68817.png\" alt=\"Tiffany Cameron\" onerror=\"this.onerror=null;this.src='https:\/\/soccer.aidatasports.com\/images\/players\/default-player.png';\"><span>Tiffany Cameron<\/span><\/a><\/div>\n<\/div>\n<\/div>\n<\/div>\n<div class=\"team-lineup\">\n<h3>Granad. Tenerife W<\/h3>\n<p><img decoding=\"async\" src=\"https:\/\/media.api-sports.io\/football\/teams\/1913.png\" alt=\"Granad. Tenerife W\" style=\"width: 50px; height: 50px;\"><\/p>\n<div class=\"players-container\">\n<div>\n<h4>Titulares:<\/h4>\n<div class=\"player\"><a href=\"https:\/\/soccer.aidatasports.com\/fr\/players\/Noelia-Ramos-\u00c1lvarez-99921\"><img decoding=\"async\" src=\"https:\/\/soccer.aidatasports.com\/images\/players\/99921.png\" alt=\"Noelia Ramos \u00c1lvarez\" onerror=\"this.onerror=null;this.src='https:\/\/soccer.aidatasports.com\/images\/players\/default-player.png';\"><span>Noelia Ramos \u00c1lvarez<\/span><\/a><\/div>\n<div class=\"player\"><a href=\"https:\/\/soccer.aidatasports.com\/fr\/players\/Aleksandra-Zaremba-99683\"><img decoding=\"async\" src=\"https:\/\/soccer.aidatasports.com\/images\/players\/99683.png\" alt=\"Aleksandra Zaremba\" onerror=\"this.onerror=null;this.src='https:\/\/soccer.aidatasports.com\/images\/players\/default-player.png';\"><span>Aleksandra Zaremba<\/span><\/a><\/div>\n<div class=\"player\"><a href=\"https:\/\/soccer.aidatasports.com\/fr\/players\/Fatou-Dembele-440795\"><img decoding=\"async\" src=\"https:\/\/soccer.aidatasports.com\/images\/players\/440795.png\" alt=\"Fatou Dembele\" onerror=\"this.onerror=null;this.src='https:\/\/soccer.aidatasports.com\/images\/players\/default-player.png';\"><span>Fatou Dembele<\/span><\/a><\/div>\n<div class=\"player\"><a href=\"https:\/\/soccer.aidatasports.com\/fr\/players\/Patricia-Gavira-Collado-99925\"><img decoding=\"async\" src=\"https:\/\/soccer.aidatasports.com\/images\/players\/99925.png\" alt=\"Patricia Gavira Collado\" onerror=\"this.onerror=null;this.src='https:\/\/soccer.aidatasports.com\/images\/players\/default-player.png';\"><span>Patricia Gavira Collado<\/span><\/a><\/div>\n<div class=\"player\"><a href=\"https:\/\/soccer.aidatasports.com\/fr\/players\/Pisco-99775\"><img decoding=\"async\" src=\"https:\/\/soccer.aidatasports.com\/images\/players\/99775.png\" alt=\"Pisco\" onerror=\"this.onerror=null;this.src='https:\/\/soccer.aidatasports.com\/images\/players\/default-player.png';\"><span>Pisco<\/span><\/a><\/div>\n<div class=\"player\"><a href=\"https:\/\/soccer.aidatasports.com\/fr\/players\/Yerliane-Moreno-282699\"><img decoding=\"async\" src=\"https:\/\/soccer.aidatasports.com\/images\/players\/282699.png\" alt=\"Yerliane Moreno\" onerror=\"this.onerror=null;this.src='https:\/\/soccer.aidatasports.com\/images\/players\/default-player.png';\"><span>Yerliane Moreno<\/span><\/a><\/div>\n<div class=\"player\"><a href=\"https:\/\/soccer.aidatasports.com\/fr\/players\/Sandra-Castell\u00f3-Oliver-99819\"><img decoding=\"async\" src=\"https:\/\/soccer.aidatasports.com\/images\/players\/99819.png\" alt=\"Sandra Castell\u00f3 Oliver\" onerror=\"this.onerror=null;this.src='https:\/\/soccer.aidatasports.com\/images\/players\/default-player.png';\"><span>Sandra Castell\u00f3 Oliver<\/span><\/a><\/div>\n<div class=\"player\"><a href=\"https:\/\/soccer.aidatasports.com\/fr\/players\/Sakina-Ouzraoui-Diki-213119\"><img decoding=\"async\" src=\"https:\/\/soccer.aidatasports.com\/images\/players\/213119.png\" alt=\"Sakina Ouzraoui Diki\" onerror=\"this.onerror=null;this.src='https:\/\/soccer.aidatasports.com\/images\/players\/default-player.png';\"><span>Sakina Ouzraoui Diki<\/span><\/a><\/div>\n<div class=\"player\"><a href=\"https:\/\/soccer.aidatasports.com\/fr\/players\/Ange-N'Guessan-Koko-99743\"><img decoding=\"async\" src=\"https:\/\/soccer.aidatasports.com\/images\/players\/99743.png\" alt=\"Ange N'Guessan Koko\" onerror=\"this.onerror=null;this.src='https:\/\/soccer.aidatasports.com\/images\/players\/default-player.png';\"><span>Ange N&rsquo;Guessan Koko<\/span><\/a><\/div>\n<div class=\"player\"><a href=\"https:\/\/soccer.aidatasports.com\/fr\/players\/Gift-Monday-317958\"><img decoding=\"async\" src=\"https:\/\/soccer.aidatasports.com\/images\/players\/317958.png\" alt=\"Gift Monday\" onerror=\"this.onerror=null;this.src='https:\/\/soccer.aidatasports.com\/images\/players\/default-player.png';\"><span>Gift Monday<\/span><\/a><\/div>\n<div class=\"player\"><a href=\"https:\/\/soccer.aidatasports.com\/fr\/players\/Rinsola-Babajide-81819\"><img decoding=\"async\" src=\"https:\/\/soccer.aidatasports.com\/images\/players\/81819.png\" alt=\"Rinsola Babajide\" onerror=\"this.onerror=null;this.src='https:\/\/soccer.aidatasports.com\/images\/players\/default-player.png';\"><span>Rinsola Babajide<\/span><\/a><\/div>\n<\/div>\n<div>\n<h4>Suplentes:<\/h4>\n<div class=\"player\"><a href=\"https:\/\/soccer.aidatasports.com\/fr\/players\/Claudia-Iglesias-Bicho-299731\"><img decoding=\"async\" src=\"https:\/\/soccer.aidatasports.com\/images\/players\/299731.png\" alt=\"Claudia Iglesias Bicho\" onerror=\"this.onerror=null;this.src='https:\/\/soccer.aidatasports.com\/images\/players\/default-player.png';\"><span>Claudia Iglesias Bicho<\/span><\/a><\/div>\n<div class=\"player\"><a href=\"https:\/\/soccer.aidatasports.com\/fr\/players\/Mar\u00eda-Jos\u00e9-P\u00e9rez-Gonz\u00e1lez-99684\"><img decoding=\"async\" src=\"https:\/\/soccer.aidatasports.com\/images\/players\/99684.png\" alt=\"Mar\u00eda Jos\u00e9 P\u00e9rez Gonz\u00e1lez\" onerror=\"this.onerror=null;this.src='https:\/\/soccer.aidatasports.com\/images\/players\/default-player.png';\"><span>Mar\u00eda Jos\u00e9 P\u00e9rez Gonz\u00e1lez<\/span><\/a><\/div>\n<div class=\"player\"><a href=\"https:\/\/soccer.aidatasports.com\/fr\/players\/Mar\u00eda-Estella-del-Valle-99685\"><img decoding=\"async\" src=\"https:\/\/soccer.aidatasports.com\/images\/players\/99685.png\" alt=\"Mar\u00eda Estella del Valle\" onerror=\"this.onerror=null;this.src='https:\/\/soccer.aidatasports.com\/images\/players\/default-player.png';\"><span>Mar\u00eda Estella del Valle<\/span><\/a><\/div>\n<div class=\"player\"><a href=\"https:\/\/soccer.aidatasports.com\/fr\/players\/Mar\u00eda-Echezarreta-460945\"><img decoding=\"async\" src=\"https:\/\/soccer.aidatasports.com\/images\/players\/460945.png\" alt=\"Mar\u00eda Echezarreta\" onerror=\"this.onerror=null;this.src='https:\/\/soccer.aidatasports.com\/images\/players\/default-player.png';\"><span>Mar\u00eda Echezarreta<\/span><\/a><\/div>\n<div class=\"player\"><a href=\"https:\/\/soccer.aidatasports.com\/fr\/players\/Cinta-del-Mar-Rodr\u00edguez-99935\"><img decoding=\"async\" src=\"https:\/\/soccer.aidatasports.com\/images\/players\/99935.png\" alt=\"Cinta del Mar Rodr\u00edguez\" onerror=\"this.onerror=null;this.src='https:\/\/soccer.aidatasports.com\/images\/players\/default-player.png';\"><span>Cinta del Mar Rodr\u00edguez<\/span><\/a><\/div>\n<div class=\"player\"><a href=\"https:\/\/soccer.aidatasports.com\/fr\/players\/Nina-Richard-332589\"><img decoding=\"async\" src=\"https:\/\/soccer.aidatasports.com\/images\/players\/332589.png\" alt=\"Nina Richard\" onerror=\"this.onerror=null;this.src='https:\/\/soccer.aidatasports.com\/images\/players\/default-player.png';\"><span>Nina Richard<\/span><\/a><\/div>\n<div class=\"player\"><a href=\"https:\/\/soccer.aidatasports.com\/fr\/players\/Jassina-Blom-93313\"><img decoding=\"async\" src=\"https:\/\/soccer.aidatasports.com\/images\/players\/93313.png\" alt=\"Jassina Blom\" onerror=\"this.onerror=null;this.src='https:\/\/soccer.aidatasports.com\/images\/players\/default-player.png';\"><span>Jassina Blom<\/span><\/a><\/div>\n<\/div>\n<\/div>\n<\/div>\n<\/div>\n<div id=\"wg-api-football-game\"\n                    data-host=\"xxxxx\"\n                    data-key=\"xxxx\"\n                    data-id=\"1293464\"\n                    data-theme=\"\"\n                    data-refresh=\"15\"\n                    data-show-errors=\"false\"\n                    data-show-logos=\"true\"><br \/>\n                    class=\u00a0\u00bbwg_loader\u00a0\u00bb>\n                <\/div>\n<div id=\"wg-api-football-standings\"\n                    data-host=\"xxxx\"\n                    data-key=\"ddddd\"\n                    data-league=\"142\"\n                    data-team=\"\"\n                    data-season=\"2024\"\n                    data-theme=\"\"\n                    data-show-errors=\"false\"\n                    data-show-logos=\"true\"\n                    class=\"wg_loader\">\n                <\/div>\n<p>                <script\n                    type=\"module\"\n                    src=\"https:\/\/soccer.aidatasports.com\/wp-content\/customjs\/widgetslocal.js\">\n                <\/script><\/p>\n","protected":false},"excerpt":{"rendered":"<p>** Le Real Betis W et le Granad. Tenerife W se partagent les points dans&hellip;<\/p>\n","protected":false},"author":1,"featured_media":69325,"comment_status":"open","ping_status":"open","sticky":false,"template":"","format":"standard","meta":{"content-type":"","pmpro_default_level":"","_lmt_disableupdate":"","_lmt_disable":"","_league":1,"_fixture":1293464,"penci_pfeatured_image_ratio":"","penci_single_style":"","footnotes":""},"categories":[1],"tags":[1779,1774],"class_list":["post-69326","post","type-post","status-publish","format-standard","has-post-thumbnail","hentry","category-uncategorized","tag-granad-tenerife-w-spain-1913","tag-real-betis-w-spain-1907","pmpro-has-access"],"_links":{"self":[{"href":"https:\/\/soccer.aidatasports.com\/fr\/wp-json\/wp\/v2\/posts\/69326"}],"collection":[{"href":"https:\/\/soccer.aidatasports.com\/fr\/wp-json\/wp\/v2\/posts"}],"about":[{"href":"https:\/\/soccer.aidatasports.com\/fr\/wp-json\/wp\/v2\/types\/post"}],"author":[{"embeddable":true,"href":"https:\/\/soccer.aidatasports.com\/fr\/wp-json\/wp\/v2\/users\/1"}],"replies":[{"embeddable":true,"href":"https:\/\/soccer.aidatasports.com\/fr\/wp-json\/wp\/v2\/comments?post=69326"}],"version-history":[{"count":0,"href":"https:\/\/soccer.aidatasports.com\/fr\/wp-json\/wp\/v2\/posts\/69326\/revisions"}],"wp:featuredmedia":[{"embeddable":true,"href":"https:\/\/soccer.aidatasports.com\/fr\/wp-json\/wp\/v2\/media\/69325"}],"wp:attachment":[{"href":"https:\/\/soccer.aidatasports.com\/fr\/wp-json\/wp\/v2\/media?parent=69326"}],"wp:term":[{"taxonomy":"category","embeddable":true,"href":"https:\/\/soccer.aidatasports.com\/fr\/wp-json\/wp\/v2\/categories?post=69326"},{"taxonomy":"post_tag","embeddable":true,"href":"https:\/\/soccer.aidatasports.com\/fr\/wp-json\/wp\/v2\/tags?post=69326"}],"curies":[{"name":"wp","href":"https:\/\/api.w.org\/{rel}","templated":true}]}}