{"id":67371,"date":"2024-10-04T20:02:57","date_gmt":"2024-10-04T20:02:57","guid":{"rendered":"https:\/\/soccer.aidatasports.com\/fr\/uncategorized\/roda-vs-excelsior-oct-04-2024-1800-utc\/"},"modified":"2024-10-04T20:02:57","modified_gmt":"2024-10-04T20:02:57","slug":"roda-vs-excelsior-oct-04-2024-1800-utc","status":"publish","type":"post","link":"https:\/\/soccer.aidatasports.com\/fr\/uncategorized\/roda-vs-excelsior-oct-04-2024-1800-utc\/","title":{"rendered":"Roda vs Excelsior Oct 04 2024 18:00 UTC"},"content":{"rendered":"<h1>Roda JC \u00e9crase l&rsquo;Excelsior dans une rencontre palpitante<\/h1>\n<p><strong>Le Roda JC a domin\u00e9 l&rsquo;Excelsior lors d&rsquo;une rencontre palpitante qui s&rsquo;est sold\u00e9e par un score de 3-0.<\/strong> L&rsquo;\u00e9quipe locale a contr\u00f4l\u00e9 le match, avec 52% de possession du ballon, et a su concr\u00e9tiser ses occasions avec d\u00e9termination.<\/p>\n<p><strong>Le premier but est arriv\u00e9 \u00e0 la 32e minute,<\/strong> gr\u00e2ce \u00e0 <strong>T. Baeten<\/strong>, qui a profit\u00e9 d&rsquo;une passe d\u00e9cisive de <strong>T. Cukur<\/strong> pour ouvrir le score. <strong>L&rsquo;avantage a \u00e9t\u00e9 \u00e9tendu \u00e0 la 45e minute,<\/strong> lorsque <strong>P. Sejdiu<\/strong> a marqu\u00e9, une fois de plus avec l&rsquo;aide de <strong>T. Cukur<\/strong>.<\/p>\n<p><strong>La deuxi\u00e8me mi-temps s&rsquo;est poursuivie sur la m\u00eame lanc\u00e9e.<\/strong> <strong>C. Seedorf<\/strong> a scell\u00e9 le sort du match \u00e0 la 71e minute, apr\u00e8s une passe d\u00e9cisive de <strong>T. Baeten<\/strong>.<\/p>\n<p><strong>Malgr\u00e9 les changements effectu\u00e9s dans les deux \u00e9quipes, le Roda JC a maintenu le contr\u00f4le du match.<\/strong><\/p>\n<p><strong>L&rsquo;Excelsior<\/strong>, quant \u00e0 lui, s&rsquo;est montr\u00e9 inefficace en attaque, avec seulement 7 tirs, dont seulement 2 cadr\u00e9s.<\/p>\n<p><strong>L&rsquo;arbitre B. Nijhuis a averti J. Kruiver du Roda JC d&rsquo;un carton jaune et deux cartons jaunes \u00e0 S. de Moes et M. van Duinen de l&rsquo;Excelsior.<\/strong><\/p>\n<p><strong>Avec ce r\u00e9sultat, le Roda JC empoche trois points importants qui lui permettent de grimper au classement.<\/strong><\/p>\n<p>Remplacements dans l&rsquo;quipe de excelsior: \u00c0 la 40e minute, Z. Booth est entr\u00e9 et J. de Almeida Reis est sorti., \u00c0 la 46e minute, D. Sanches Fernandes est entr\u00e9 et J. Donkor est sorti., \u00c0 la 46e minute, S. Seymor est entr\u00e9 et D. Warmerdam est sorti., \u00c0 la 78e minute, M. van Duinen est entr\u00e9 et J. Eijgenraam est sorti., \u00c0 la 78e minute, S. Loeffen est entr\u00e9 et S. de Moes est sorti. <\/p>\n<p>Remplacements dans l&rsquo;quipe de roda: \u00c0 la 57e minute, C. Seedorf est entr\u00e9 et P. Sejdiu est sorti., \u00c0 la 57e minute, R. Kongolo est entr\u00e9 et L. Beerten est sorti., \u00c0 la 57e minute, E. Pena Zauner est entr\u00e9 et J. Schwirten est sorti., \u00c0 la 80e minute, N. Markelo est entr\u00e9 et J. Kruiver est sorti., \u00c0 la 80e minute, B. Koglin est entr\u00e9 et T. Oude Kotte est sorti. <\/p>\n<p>Les \u00e9quipes se sont align\u00e9es comme suit:<\/p>\n<div class=\"lineups-container\">\n<style>\n                .lineups-container {\n                    display: flex;\n                    justify-content: space-around;\n                    flex-wrap: wrap;\n                }\n                .team-lineup {\n                    width: 49%;\n                    margin-bottom: 20px;\n                    border: 1px solid #ccc;\n                    padding: 5px;\n                }\n                .team-lineup h3 {\n                    text-align: center;\n                    margin-bottom: 10px;\n                }\n                .players-container {\n                    display: flex;\n                    justify-content: space-between;\n                }\n                .players-container div {\n                    width: 100%;\n                }\n                .player {\n                    display: flex;\n                    align-items: center;\n                    margin-bottom: 5px;\n                }\n                .player img {\n                    width: 30px;\n                    height: 30px;\n                    border-radius: 50%;\n                    margin-right: 10px;\n                }\n                    @media (max-width: 600px) {\n                    .team-lineup {\n                        width: 100%;\n                    }\n                }\n                <\/style>\n<div class=\"team-lineup\">\n<h3>Roda<\/h3>\n<p><img decoding=\"async\" src=\"https:\/\/media.api-sports.io\/football\/teams\/414.png\" alt=\"Roda\" style=\"width: 50px; height: 50px;\"><\/p>\n<div class=\"players-container\">\n<div>\n<h4>Titulares:<\/h4>\n<div class=\"player\"><a href=\"https:\/\/soccer.aidatasports.com\/fr\/players\/Justin-Treichel-280456\"><img decoding=\"async\" src=\"https:\/\/soccer.aidatasports.com\/images\/players\/280456.png\" alt=\"Justin Treichel\" onerror=\"this.onerror=null;this.src='https:\/\/soccer.aidatasports.com\/images\/players\/default-player.png';\"><span>Justin Treichel<\/span><\/a><\/div>\n<div class=\"player\"><a href=\"https:\/\/soccer.aidatasports.com\/fr\/players\/Jay-Kruiver-203765\"><img decoding=\"async\" src=\"https:\/\/soccer.aidatasports.com\/images\/players\/203765.png\" alt=\"Jay Kruiver\" onerror=\"this.onerror=null;this.src='https:\/\/soccer.aidatasports.com\/images\/players\/default-player.png';\"><span>Jay Kruiver<\/span><\/a><\/div>\n<div class=\"player\"><a href=\"https:\/\/soccer.aidatasports.com\/fr\/players\/Nils-R\u00f6seler-37775\"><img decoding=\"async\" src=\"https:\/\/soccer.aidatasports.com\/images\/players\/37775.png\" alt=\"Nils R\u00f6seler\" onerror=\"this.onerror=null;this.src='https:\/\/soccer.aidatasports.com\/images\/players\/default-player.png';\"><span>Nils R\u00f6seler<\/span><\/a><\/div>\n<div class=\"player\"><a href=\"https:\/\/soccer.aidatasports.com\/fr\/players\/Thomas-Oude-Kotte-37877\"><img decoding=\"async\" src=\"https:\/\/soccer.aidatasports.com\/images\/players\/37877.png\" alt=\"Thomas Oude Kotte\" onerror=\"this.onerror=null;this.src='https:\/\/soccer.aidatasports.com\/images\/players\/default-player.png';\"><span>Thomas Oude Kotte<\/span><\/a><\/div>\n<div class=\"player\"><a href=\"https:\/\/soccer.aidatasports.com\/fr\/players\/Joey-Muller-178388\"><img decoding=\"async\" src=\"https:\/\/soccer.aidatasports.com\/images\/players\/178388.png\" alt=\"Joey Muller\" onerror=\"this.onerror=null;this.src='https:\/\/soccer.aidatasports.com\/images\/players\/default-player.png';\"><span>Joey Muller<\/span><\/a><\/div>\n<div class=\"player\"><a href=\"https:\/\/soccer.aidatasports.com\/fr\/players\/Lucas-Beerten-162554\"><img decoding=\"async\" src=\"https:\/\/soccer.aidatasports.com\/images\/players\/162554.png\" alt=\"Lucas Beerten\" onerror=\"this.onerror=null;this.src='https:\/\/soccer.aidatasports.com\/images\/players\/default-player.png';\"><span>Lucas Beerten<\/span><\/a><\/div>\n<div class=\"player\"><a href=\"https:\/\/soccer.aidatasports.com\/fr\/players\/Orhan-Dzepar-37615\"><img decoding=\"async\" src=\"https:\/\/soccer.aidatasports.com\/images\/players\/37615.png\" alt=\"Orhan Dzepar\" onerror=\"this.onerror=null;this.src='https:\/\/soccer.aidatasports.com\/images\/players\/default-player.png';\"><span>Orhan Dzepar<\/span><\/a><\/div>\n<div class=\"player\"><a href=\"https:\/\/soccer.aidatasports.com\/fr\/players\/Patriot-Sejdiu-196347\"><img decoding=\"async\" src=\"https:\/\/soccer.aidatasports.com\/images\/players\/196347.png\" alt=\"Patriot Sejdiu\" onerror=\"this.onerror=null;this.src='https:\/\/soccer.aidatasports.com\/images\/players\/default-player.png';\"><span>Patriot Sejdiu<\/span><\/a><\/div>\n<div class=\"player\"><a href=\"https:\/\/soccer.aidatasports.com\/fr\/players\/Thibo-Baeten-162143\"><img decoding=\"async\" src=\"https:\/\/soccer.aidatasports.com\/images\/players\/162143.png\" alt=\"Thibo Baeten\" onerror=\"this.onerror=null;this.src='https:\/\/soccer.aidatasports.com\/images\/players\/default-player.png';\"><span>Thibo Baeten<\/span><\/a><\/div>\n<div class=\"player\"><a href=\"https:\/\/soccer.aidatasports.com\/fr\/players\/Joshua-Schwirten-203182\"><img decoding=\"async\" src=\"https:\/\/soccer.aidatasports.com\/images\/players\/203182.png\" alt=\"Joshua Schwirten\" onerror=\"this.onerror=null;this.src='https:\/\/soccer.aidatasports.com\/images\/players\/default-player.png';\"><span>Joshua Schwirten<\/span><\/a><\/div>\n<div class=\"player\"><a href=\"https:\/\/soccer.aidatasports.com\/fr\/players\/Tiago-\u00c7ukur-309815\"><img decoding=\"async\" src=\"https:\/\/soccer.aidatasports.com\/images\/players\/309815.png\" alt=\"Tiago \u00c7ukur\" onerror=\"this.onerror=null;this.src='https:\/\/soccer.aidatasports.com\/images\/players\/default-player.png';\"><span>Tiago \u00c7ukur<\/span><\/a><\/div>\n<\/div>\n<div>\n<h4>Suplentes:<\/h4>\n<div class=\"player\"><a href=\"https:\/\/soccer.aidatasports.com\/fr\/players\/Rodney-Kongolo-36977\"><img decoding=\"async\" src=\"https:\/\/soccer.aidatasports.com\/images\/players\/36977.png\" alt=\"Rodney Kongolo\" onerror=\"this.onerror=null;this.src='https:\/\/soccer.aidatasports.com\/images\/players\/default-player.png';\"><span>Rodney Kongolo<\/span><\/a><\/div>\n<div class=\"player\"><a href=\"https:\/\/soccer.aidatasports.com\/fr\/players\/Enrique-Pe\u00f1a-Zauner-113585\"><img decoding=\"async\" src=\"https:\/\/soccer.aidatasports.com\/images\/players\/113585.png\" alt=\"Enrique Pe\u00f1a Zauner\" onerror=\"this.onerror=null;this.src='https:\/\/soccer.aidatasports.com\/images\/players\/default-player.png';\"><span>Enrique Pe\u00f1a Zauner<\/span><\/a><\/div>\n<div class=\"player\"><a href=\"https:\/\/soccer.aidatasports.com\/fr\/players\/Cain-Seedorf-297883\"><img decoding=\"async\" src=\"https:\/\/soccer.aidatasports.com\/images\/players\/297883.png\" alt=\"Cain Seedorf\" onerror=\"this.onerror=null;this.src='https:\/\/soccer.aidatasports.com\/images\/players\/default-player.png';\"><span>Cain Seedorf<\/span><\/a><\/div>\n<div class=\"player\"><a href=\"https:\/\/soccer.aidatasports.com\/fr\/players\/Nick-Marsman-37165\"><img decoding=\"async\" src=\"https:\/\/soccer.aidatasports.com\/images\/players\/37165.png\" alt=\"Nick Marsman\" onerror=\"this.onerror=null;this.src='https:\/\/soccer.aidatasports.com\/images\/players\/default-player.png';\"><span>Nick Marsman<\/span><\/a><\/div>\n<div class=\"player\"><a href=\"https:\/\/soccer.aidatasports.com\/fr\/players\/Tim-Kother-203140\"><img decoding=\"async\" src=\"https:\/\/soccer.aidatasports.com\/images\/players\/203140.png\" alt=\"Tim Kother\" onerror=\"this.onerror=null;this.src='https:\/\/soccer.aidatasports.com\/images\/players\/default-player.png';\"><span>Tim Kother<\/span><\/a><\/div>\n<div class=\"player\"><a href=\"https:\/\/soccer.aidatasports.com\/fr\/players\/Brian-Koglin-24928\"><img decoding=\"async\" src=\"https:\/\/soccer.aidatasports.com\/images\/players\/24928.png\" alt=\"Brian Koglin\" onerror=\"this.onerror=null;this.src='https:\/\/soccer.aidatasports.com\/images\/players\/default-player.png';\"><span>Brian Koglin<\/span><\/a><\/div>\n<div class=\"player\"><a href=\"https:\/\/soccer.aidatasports.com\/fr\/players\/Juul-Timmermans-458404\"><img decoding=\"async\" src=\"https:\/\/soccer.aidatasports.com\/images\/players\/458404.png\" alt=\"Juul Timmermans\" onerror=\"this.onerror=null;this.src='https:\/\/soccer.aidatasports.com\/images\/players\/default-player.png';\"><span>Juul Timmermans<\/span><\/a><\/div>\n<div class=\"player\"><a href=\"https:\/\/soccer.aidatasports.com\/fr\/players\/Nathan-Markelo-138847\"><img decoding=\"async\" src=\"https:\/\/soccer.aidatasports.com\/images\/players\/138847.png\" alt=\"Nathan Markelo\" onerror=\"this.onerror=null;this.src='https:\/\/soccer.aidatasports.com\/images\/players\/default-player.png';\"><span>Nathan Markelo<\/span><\/a><\/div>\n<div class=\"player\"><a href=\"https:\/\/soccer.aidatasports.com\/fr\/players\/Iman-Griffith-158567\"><img decoding=\"async\" src=\"https:\/\/soccer.aidatasports.com\/images\/players\/158567.png\" alt=\"Iman Griffith\" onerror=\"this.onerror=null;this.src='https:\/\/soccer.aidatasports.com\/images\/players\/default-player.png';\"><span>Iman Griffith<\/span><\/a><\/div>\n<div class=\"player\"><a href=\"https:\/\/soccer.aidatasports.com\/fr\/players\/Ryan-Yang-Leijten-314009\"><img decoding=\"async\" src=\"https:\/\/soccer.aidatasports.com\/images\/players\/314009.png\" alt=\"Ryan Yang Leijten\" onerror=\"this.onerror=null;this.src='https:\/\/soccer.aidatasports.com\/images\/players\/default-player.png';\"><span>Ryan Yang Leijten<\/span><\/a><\/div>\n<div class=\"player\"><a href=\"https:\/\/soccer.aidatasports.com\/fr\/players\/Sam-Krawczyk-162197\"><img decoding=\"async\" src=\"https:\/\/soccer.aidatasports.com\/images\/players\/162197.png\" alt=\"Sam Krawczyk\" onerror=\"this.onerror=null;this.src='https:\/\/soccer.aidatasports.com\/images\/players\/default-player.png';\"><span>Sam Krawczyk<\/span><\/a><\/div>\n<div class=\"player\"><a href=\"https:\/\/soccer.aidatasports.com\/fr\/players\/Saydou-Bangura-281382\"><img decoding=\"async\" src=\"https:\/\/soccer.aidatasports.com\/images\/players\/281382.png\" alt=\"Saydou Bangura\" onerror=\"this.onerror=null;this.src='https:\/\/soccer.aidatasports.com\/images\/players\/default-player.png';\"><span>Saydou Bangura<\/span><\/a><\/div>\n<\/div>\n<\/div>\n<\/div>\n<div class=\"team-lineup\">\n<h3>Excelsior<\/h3>\n<p><img decoding=\"async\" src=\"https:\/\/media.api-sports.io\/football\/teams\/196.png\" alt=\"Excelsior\" style=\"width: 50px; height: 50px;\"><\/p>\n<div class=\"players-container\">\n<div>\n<h4>Titulares:<\/h4>\n<div class=\"player\"><a href=\"https:\/\/soccer.aidatasports.com\/fr\/players\/Calvin-Raatsie-146328\"><img decoding=\"async\" src=\"https:\/\/soccer.aidatasports.com\/images\/players\/146328.png\" alt=\"Calvin Raatsie\" onerror=\"this.onerror=null;this.src='https:\/\/soccer.aidatasports.com\/images\/players\/default-player.png';\"><span>Calvin Raatsie<\/span><\/a><\/div>\n<div class=\"player\"><a href=\"https:\/\/soccer.aidatasports.com\/fr\/players\/Jose-De-Almeida-Reis-463583\"><img decoding=\"async\" src=\"https:\/\/soccer.aidatasports.com\/images\/players\/463583.png\" alt=\"Jose De Almeida Reis\" onerror=\"this.onerror=null;this.src='https:\/\/soccer.aidatasports.com\/images\/players\/default-player.png';\"><span>Jose De Almeida Reis<\/span><\/a><\/div>\n<div class=\"player\"><a href=\"https:\/\/soccer.aidatasports.com\/fr\/players\/Casper-Widell-263735\"><img decoding=\"async\" src=\"https:\/\/soccer.aidatasports.com\/images\/players\/263735.png\" alt=\"Casper Widell\" onerror=\"this.onerror=null;this.src='https:\/\/soccer.aidatasports.com\/images\/players\/default-player.png';\"><span>Casper Widell<\/span><\/a><\/div>\n<div class=\"player\"><a href=\"https:\/\/soccer.aidatasports.com\/fr\/players\/Django-Warmerdam-38119\"><img decoding=\"async\" src=\"https:\/\/soccer.aidatasports.com\/images\/players\/38119.png\" alt=\"Django Warmerdam\" onerror=\"this.onerror=null;this.src='https:\/\/soccer.aidatasports.com\/images\/players\/default-player.png';\"><span>Django Warmerdam<\/span><\/a><\/div>\n<div class=\"player\"><a href=\"https:\/\/soccer.aidatasports.com\/fr\/players\/Siem-de-Moes-361680\"><img decoding=\"async\" src=\"https:\/\/soccer.aidatasports.com\/images\/players\/361680.png\" alt=\"Siem de Moes\" onerror=\"this.onerror=null;this.src='https:\/\/soccer.aidatasports.com\/images\/players\/default-player.png';\"><span>Siem de Moes<\/span><\/a><\/div>\n<div class=\"player\"><a href=\"https:\/\/soccer.aidatasports.com\/fr\/players\/Lennard-Hartjes-319518\"><img decoding=\"async\" src=\"https:\/\/soccer.aidatasports.com\/images\/players\/319518.png\" alt=\"Lennard Hartjes\" onerror=\"this.onerror=null;this.src='https:\/\/soccer.aidatasports.com\/images\/players\/default-player.png';\"><span>Lennard Hartjes<\/span><\/a><\/div>\n<div class=\"player\"><a href=\"https:\/\/soccer.aidatasports.com\/fr\/players\/Noah-Naujoks-321632\"><img decoding=\"async\" src=\"https:\/\/soccer.aidatasports.com\/images\/players\/321632.png\" alt=\"Noah Naujoks\" onerror=\"this.onerror=null;this.src='https:\/\/soccer.aidatasports.com\/images\/players\/default-player.png';\"><span>Noah Naujoks<\/span><\/a><\/div>\n<div class=\"player\"><a href=\"https:\/\/soccer.aidatasports.com\/fr\/players\/Joshua-Eijgenraam-291333\"><img decoding=\"async\" src=\"https:\/\/soccer.aidatasports.com\/images\/players\/291333.png\" alt=\"Joshua Eijgenraam\" onerror=\"this.onerror=null;this.src='https:\/\/soccer.aidatasports.com\/images\/players\/default-player.png';\"><span>Joshua Eijgenraam<\/span><\/a><\/div>\n<div class=\"player\"><a href=\"https:\/\/soccer.aidatasports.com\/fr\/players\/Seydou-Fini-348533\"><img decoding=\"async\" src=\"https:\/\/soccer.aidatasports.com\/images\/players\/348533.png\" alt=\"Seydou Fini\" onerror=\"this.onerror=null;this.src='https:\/\/soccer.aidatasports.com\/images\/players\/default-player.png';\"><span>Seydou Fini<\/span><\/a><\/div>\n<div class=\"player\"><a href=\"https:\/\/soccer.aidatasports.com\/fr\/players\/Richie-Omorowa-305711\"><img decoding=\"async\" src=\"https:\/\/soccer.aidatasports.com\/images\/players\/305711.png\" alt=\"Richie Omorowa\" onerror=\"this.onerror=null;this.src='https:\/\/soccer.aidatasports.com\/images\/players\/default-player.png';\"><span>Richie Omorowa<\/span><\/a><\/div>\n<div class=\"player\"><a href=\"https:\/\/soccer.aidatasports.com\/fr\/players\/Jacky-Donkor-129052\"><img decoding=\"async\" src=\"https:\/\/soccer.aidatasports.com\/images\/players\/129052.png\" alt=\"Jacky Donkor\" onerror=\"this.onerror=null;this.src='https:\/\/soccer.aidatasports.com\/images\/players\/default-player.png';\"><span>Jacky Donkor<\/span><\/a><\/div>\n<\/div>\n<div>\n<h4>Suplentes:<\/h4>\n<div class=\"player\"><a href=\"https:\/\/soccer.aidatasports.com\/fr\/players\/Zach-Booth-284397\"><img decoding=\"async\" src=\"https:\/\/soccer.aidatasports.com\/images\/players\/284397.png\" alt=\"Zach Booth\" onerror=\"this.onerror=null;this.src='https:\/\/soccer.aidatasports.com\/images\/players\/default-player.png';\"><span>Zach Booth<\/span><\/a><\/div>\n<div class=\"player\"><a href=\"https:\/\/soccer.aidatasports.com\/fr\/players\/Serano-Seymor-291777\"><img decoding=\"async\" src=\"https:\/\/soccer.aidatasports.com\/images\/players\/291777.png\" alt=\"Serano Seymor\" onerror=\"this.onerror=null;this.src='https:\/\/soccer.aidatasports.com\/images\/players\/default-player.png';\"><span>Serano Seymor<\/span><\/a><\/div>\n<div class=\"player\"><a href=\"https:\/\/soccer.aidatasports.com\/fr\/players\/Derensili-Sanches-Fernandes-272455\"><img decoding=\"async\" src=\"https:\/\/soccer.aidatasports.com\/images\/players\/272455.png\" alt=\"Derensili Sanches Fernandes\" onerror=\"this.onerror=null;this.src='https:\/\/soccer.aidatasports.com\/images\/players\/default-player.png';\"><span>Derensili Sanches Fernandes<\/span><\/a><\/div>\n<div class=\"player\"><a href=\"https:\/\/soccer.aidatasports.com\/fr\/players\/Pascal-Kuiper-280671\"><img decoding=\"async\" src=\"https:\/\/soccer.aidatasports.com\/images\/players\/280671.png\" alt=\"Pascal Kuiper\" onerror=\"this.onerror=null;this.src='https:\/\/soccer.aidatasports.com\/images\/players\/default-player.png';\"><span>Pascal Kuiper<\/span><\/a><\/div>\n<div class=\"player\"><a href=\"https:\/\/soccer.aidatasports.com\/fr\/players\/Seb-Loeffen-356891\"><img decoding=\"async\" src=\"https:\/\/soccer.aidatasports.com\/images\/players\/356891.png\" alt=\"Seb Loeffen\" onerror=\"this.onerror=null;this.src='https:\/\/soccer.aidatasports.com\/images\/players\/default-player.png';\"><span>Seb Loeffen<\/span><\/a><\/div>\n<div class=\"player\"><a href=\"https:\/\/soccer.aidatasports.com\/fr\/players\/Stijn-Middendorp-482312\"><img decoding=\"async\" src=\"https:\/\/soccer.aidatasports.com\/images\/players\/482312.png\" alt=\"Stijn Middendorp\" onerror=\"this.onerror=null;this.src='https:\/\/soccer.aidatasports.com\/images\/players\/default-player.png';\"><span>Stijn Middendorp<\/span><\/a><\/div>\n<div class=\"player\"><a href=\"https:\/\/soccer.aidatasports.com\/fr\/players\/Mike-van-Duinen-36938\"><img decoding=\"async\" src=\"https:\/\/soccer.aidatasports.com\/images\/players\/36938.png\" alt=\"Mike van Duinen\" onerror=\"this.onerror=null;this.src='https:\/\/soccer.aidatasports.com\/images\/players\/default-player.png';\"><span>Mike van Duinen<\/span><\/a><\/div>\n<div class=\"player\"><a href=\"https:\/\/soccer.aidatasports.com\/fr\/players\/Rayvien-Rosario-359464\"><img decoding=\"async\" src=\"https:\/\/soccer.aidatasports.com\/images\/players\/359464.png\" alt=\"Rayvien Rosario\" onerror=\"this.onerror=null;this.src='https:\/\/soccer.aidatasports.com\/images\/players\/default-player.png';\"><span>Rayvien Rosario<\/span><\/a><\/div>\n<div class=\"player\"><a href=\"https:\/\/soccer.aidatasports.com\/fr\/players\/Jerolldino-Bergraaf-480305\"><img decoding=\"async\" src=\"https:\/\/soccer.aidatasports.com\/images\/players\/480305.png\" alt=\"Jerolldino Bergraaf\" onerror=\"this.onerror=null;this.src='https:\/\/soccer.aidatasports.com\/images\/players\/default-player.png';\"><span>Jerolldino Bergraaf<\/span><\/a><\/div>\n<\/div>\n<\/div>\n<\/div>\n<\/div>\n<div id=\"wg-api-football-game\"\n                    data-host=\"xxxxx\"\n                    data-key=\"xxxx\"\n                    data-id=\"1209922\"\n                    data-theme=\"\"\n                    data-refresh=\"15\"\n                    data-show-errors=\"false\"\n                    data-show-logos=\"true\"><br \/>\n                    class=\u00a0\u00bbwg_loader\u00a0\u00bb>\n                <\/div>\n<div id=\"wg-api-football-standings\"\n                    data-host=\"xxxx\"\n                    data-key=\"ddddd\"\n                    data-league=\"89\"\n                    data-team=\"\"\n                    data-season=\"2024\"\n                    data-theme=\"\"\n                    data-show-errors=\"false\"\n                    data-show-logos=\"true\"\n                    class=\"wg_loader\">\n                <\/div>\n<p>                <script\n                    type=\"module\"\n                    src=\"https:\/\/soccer.aidatasports.com\/wp-content\/customjs\/widgetslocal.js\">\n                <\/script><\/p>\n","protected":false},"excerpt":{"rendered":"<p>Roda JC \u00e9crase l&rsquo;Excelsior dans une rencontre palpitante Le Roda JC a domin\u00e9 l&rsquo;Excelsior lors&hellip;<\/p>\n","protected":false},"author":1,"featured_media":67370,"comment_status":"open","ping_status":"open","sticky":false,"template":"","format":"standard","meta":{"content-type":"","pmpro_default_level":"","_lmt_disableupdate":"","_lmt_disable":"","_league":1,"_fixture":1209922,"penci_pfeatured_image_ratio":"","penci_single_style":"","footnotes":""},"categories":[1],"tags":[319,528],"class_list":["post-67371","post","type-post","status-publish","format-standard","has-post-thumbnail","hentry","category-uncategorized","tag-excelsior-netherlands-196","tag-roda-netherlands-414","pmpro-has-access"],"_links":{"self":[{"href":"https:\/\/soccer.aidatasports.com\/fr\/wp-json\/wp\/v2\/posts\/67371"}],"collection":[{"href":"https:\/\/soccer.aidatasports.com\/fr\/wp-json\/wp\/v2\/posts"}],"about":[{"href":"https:\/\/soccer.aidatasports.com\/fr\/wp-json\/wp\/v2\/types\/post"}],"author":[{"embeddable":true,"href":"https:\/\/soccer.aidatasports.com\/fr\/wp-json\/wp\/v2\/users\/1"}],"replies":[{"embeddable":true,"href":"https:\/\/soccer.aidatasports.com\/fr\/wp-json\/wp\/v2\/comments?post=67371"}],"version-history":[{"count":0,"href":"https:\/\/soccer.aidatasports.com\/fr\/wp-json\/wp\/v2\/posts\/67371\/revisions"}],"wp:featuredmedia":[{"embeddable":true,"href":"https:\/\/soccer.aidatasports.com\/fr\/wp-json\/wp\/v2\/media\/67370"}],"wp:attachment":[{"href":"https:\/\/soccer.aidatasports.com\/fr\/wp-json\/wp\/v2\/media?parent=67371"}],"wp:term":[{"taxonomy":"category","embeddable":true,"href":"https:\/\/soccer.aidatasports.com\/fr\/wp-json\/wp\/v2\/categories?post=67371"},{"taxonomy":"post_tag","embeddable":true,"href":"https:\/\/soccer.aidatasports.com\/fr\/wp-json\/wp\/v2\/tags?post=67371"}],"curies":[{"name":"wp","href":"https:\/\/api.w.org\/{rel}","templated":true}]}}