{"id":63357,"date":"2024-09-28T16:40:49","date_gmt":"2024-09-28T16:40:49","guid":{"rendered":"https:\/\/soccer.aidatasports.com\/fr\/uncategorized\/mirandes-vs-huesca-sep-28-2024-1415-utc\/"},"modified":"2024-09-28T16:40:49","modified_gmt":"2024-09-28T16:40:49","slug":"mirandes-vs-huesca-sep-28-2024-1415-utc","status":"publish","type":"post","link":"https:\/\/soccer.aidatasports.com\/fr\/uncategorized\/mirandes-vs-huesca-sep-28-2024-1415-utc\/","title":{"rendered":"Mirandes vs Huesca Sep 28 2024 14:15 UTC"},"content":{"rendered":"<h1>Le Mirandes s&rsquo;impose face au Huesca dans un match marqu\u00e9 par les cartons jaunes<\/h1>\n<p>Le Mirandes a battu le Huesca 1-0 lors d&rsquo;un match disput\u00e9 au Stade Municipal d&rsquo;Anduva \u00e0 Miranda de Ebro. La rencontre a \u00e9t\u00e9 marqu\u00e9e par un grand nombre de cartons jaunes, avec un total de 7 pour le Huesca et 2 pour le Mirandes.<\/p>\n<p>Malgr\u00e9 une possession de balle plus importante du Huesca (57%), le Mirandes a r\u00e9ussi \u00e0 ouvrir le score \u00e0 la 38e minute gr\u00e2ce \u00e0 un but de Pedro Tomeo, sans passe d\u00e9cisive. Le Huesca a tent\u00e9 de r\u00e9agir, mais n&rsquo;a pas trouv\u00e9 le chemin du but adverse.<\/p>\n<p>Le Mirandes, quant \u00e0 lui, s&rsquo;est d\u00e9fendu avec solidit\u00e9 et a profit\u00e9 des quelques occasions qu&rsquo;il a eues pour se montrer dangereux. Au final, le r\u00e9sultat a refl\u00e9t\u00e9 la plus grande efficacit\u00e9 de l&rsquo;\u00e9quipe locale.<\/p>\n<p><strong>Statistiques:<\/strong><\/p>\n<p>* Mirandes: 43% de possession, 15 tirs (2 cadr\u00e9s, 7 hors cadre), 6 corners, 18 fautes, 2 jaunes, 0 rouges.<br \/>\n* Huesca: 57% de possession, 6 tirs (1 cadr\u00e9, 3 hors cadre), 2 corners, 13 fautes, 5 jaunes, 0 rouges.<\/p>\n<p><strong>\u00c9v\u00e9nements:<\/strong><\/p>\n<p>* 19e minute : Huesca &#8211; Carton jaune pour J. Pulido.<br \/>\n* 22e minute : Huesca &#8211; Carton jaune pour J. Mier.<br \/>\n* 32e minute : Huesca &#8211; Carton jaune pour J. Mu\u00f1oz.<br \/>\n* 38e minute : Mirandes &#8211; But de P. Tomeo.<br \/>\n* 42e minute : Huesca &#8211; Carton jaune pour O. Sielva.<br \/>\n* 58e minute : Mirandes &#8211; Carton jaune pour J. Gutierrez.<br \/>\n* 90e minute : Huesca &#8211; Carton jaune pour (non sp\u00e9cifi\u00e9).<\/p>\n<p><strong>D\u00e9tails du match:<\/strong><\/p>\n<p>* Date : 28 septembre 2024, 14h15.<br \/>\n* Ville du match : Miranda de Ebro.<br \/>\n* Stade : Stade Municipal d&rsquo;Anduva.<br \/>\n* Arbitre : Rub\u00e9n Avalos Barrera, Espagne.<br \/>\n* Ligue : Segunda Divisi\u00f3n.<br \/>\n* Saison : 2024.<br \/>\n* Tour : Saison r\u00e9guli\u00e8re &#8211; 7.<br \/>\n* Pays : Espagne.<\/p>\n<p>Remplacements dans l&rsquo;quipe de huesca: \u00c0 la 63e minute, I. Unzueta est entr\u00e9 et J. Munoz est sorti., \u00c0 la 63e minute, P. Soko est entr\u00e9 et G. Valentin est sorti., \u00c0 la 70e minute, J. Martin est entr\u00e9 et J. Mier est sorti., \u00c0 la 70e minute, J. Hernandez est entr\u00e9 et I. Kortajarena est sorti., \u00c0 la 80e minute, A. Arguigue Safsati est entr\u00e9 et S. Enrich est sorti. <\/p>\n<p>Remplacements dans l&rsquo;quipe de mirandes: \u00c0 la 66e minute, A. Calvo est entr\u00e9 et J. Roca est sorti., \u00c0 la 82e minute, A. Martin est entr\u00e9 et A. Reina est sorti., \u00c0 la 87e minute, S. Homenchenko est entr\u00e9 et M. Lachuer est sorti., \u00c0 la 87e minute, V. P. Gonzalez est entr\u00e9 et J. Alonso est sorti. <\/p>\n<p>Les \u00e9quipes se sont align\u00e9es comme suit:<\/p>\n<div class=\"lineups-container\">\n<style>\n                .lineups-container {\n                    display: flex;\n                    justify-content: space-around;\n                    flex-wrap: wrap;\n                }\n                .team-lineup {\n                    width: 49%;\n                    margin-bottom: 20px;\n                    border: 1px solid #ccc;\n                    padding: 5px;\n                }\n                .team-lineup h3 {\n                    text-align: center;\n                    margin-bottom: 10px;\n                }\n                .players-container {\n                    display: flex;\n                    justify-content: space-between;\n                }\n                .players-container div {\n                    width: 100%;\n                }\n                .player {\n                    display: flex;\n                    align-items: center;\n                    margin-bottom: 5px;\n                }\n                .player img {\n                    width: 30px;\n                    height: 30px;\n                    border-radius: 50%;\n                    margin-right: 10px;\n                }\n                    @media (max-width: 600px) {\n                    .team-lineup {\n                        width: 100%;\n                    }\n                }\n                <\/style>\n<div class=\"team-lineup\">\n<h3>Mirandes<\/h3>\n<p><img decoding=\"async\" src=\"https:\/\/media.api-sports.io\/football\/teams\/799.png\" alt=\"Mirandes\" style=\"width: 50px; height: 50px;\"><\/p>\n<div class=\"players-container\">\n<div>\n<h4>Titulares:<\/h4>\n<div class=\"player\"><a href=\"https:\/\/soccer.aidatasports.com\/fr\/players\/Ra\u00fal-Fern\u00e1ndez-46987\"><img decoding=\"async\" src=\"https:\/\/soccer.aidatasports.com\/images\/players\/46987.png\" alt=\"Ra\u00fal Fern\u00e1ndez\" onerror=\"this.onerror=null;this.src='https:\/\/soccer.aidatasports.com\/images\/players\/default-player.png';\"><span>Ra\u00fal Fern\u00e1ndez<\/span><\/a><\/div>\n<div class=\"player\"><a href=\"https:\/\/soccer.aidatasports.com\/fr\/players\/Hugo-Rinc\u00f3n-313025\"><img decoding=\"async\" src=\"https:\/\/soccer.aidatasports.com\/images\/players\/313025.png\" alt=\"Hugo Rinc\u00f3n\" onerror=\"this.onerror=null;this.src='https:\/\/soccer.aidatasports.com\/images\/players\/default-player.png';\"><span>Hugo Rinc\u00f3n<\/span><\/a><\/div>\n<div class=\"player\"><a href=\"https:\/\/soccer.aidatasports.com\/fr\/players\/Juan-Guti\u00e9rrez-183582\"><img decoding=\"async\" src=\"https:\/\/soccer.aidatasports.com\/images\/players\/183582.png\" alt=\"Juan Guti\u00e9rrez\" onerror=\"this.onerror=null;this.src='https:\/\/soccer.aidatasports.com\/images\/players\/default-player.png';\"><span>Juan Guti\u00e9rrez<\/span><\/a><\/div>\n<div class=\"player\"><a href=\"https:\/\/soccer.aidatasports.com\/fr\/players\/Alberto-Rodr\u00edguez-38\"><img decoding=\"async\" src=\"https:\/\/soccer.aidatasports.com\/images\/players\/38.png\" alt=\"Alberto Rodr\u00edguez\" onerror=\"this.onerror=null;this.src='https:\/\/soccer.aidatasports.com\/images\/players\/default-player.png';\"><span>Alberto Rodr\u00edguez<\/span><\/a><\/div>\n<div class=\"player\"><a href=\"https:\/\/soccer.aidatasports.com\/fr\/players\/Pablo-Tomeo-285422\"><img decoding=\"async\" src=\"https:\/\/soccer.aidatasports.com\/images\/players\/285422.png\" alt=\"Pablo Tomeo\" onerror=\"this.onerror=null;this.src='https:\/\/soccer.aidatasports.com\/images\/players\/default-player.png';\"><span>Pablo Tomeo<\/span><\/a><\/div>\n<div class=\"player\"><a href=\"https:\/\/soccer.aidatasports.com\/fr\/players\/Julio-Alonso-1559\"><img decoding=\"async\" src=\"https:\/\/soccer.aidatasports.com\/images\/players\/1559.png\" alt=\"Julio Alonso\" onerror=\"this.onerror=null;this.src='https:\/\/soccer.aidatasports.com\/images\/players\/default-player.png';\"><span>Julio Alonso<\/span><\/a><\/div>\n<div class=\"player\"><a href=\"https:\/\/soccer.aidatasports.com\/fr\/players\/Alberto-Reina-182486\"><img decoding=\"async\" src=\"https:\/\/soccer.aidatasports.com\/images\/players\/182486.png\" alt=\"Alberto Reina\" onerror=\"this.onerror=null;this.src='https:\/\/soccer.aidatasports.com\/images\/players\/default-player.png';\"><span>Alberto Reina<\/span><\/a><\/div>\n<div class=\"player\"><a href=\"https:\/\/soccer.aidatasports.com\/fr\/players\/Jon-Gorrotxategi-287654\"><img decoding=\"async\" src=\"https:\/\/soccer.aidatasports.com\/images\/players\/287654.png\" alt=\"Jon Gorrotxategi\" onerror=\"this.onerror=null;this.src='https:\/\/soccer.aidatasports.com\/images\/players\/default-player.png';\"><span>Jon Gorrotxategi<\/span><\/a><\/div>\n<div class=\"player\"><a href=\"https:\/\/soccer.aidatasports.com\/fr\/players\/Mathis-Lachuer-191422\"><img decoding=\"async\" src=\"https:\/\/soccer.aidatasports.com\/images\/players\/191422.png\" alt=\"Mathis Lachuer\" onerror=\"this.onerror=null;this.src='https:\/\/soccer.aidatasports.com\/images\/players\/default-player.png';\"><span>Mathis Lachuer<\/span><\/a><\/div>\n<div class=\"player\"><a href=\"https:\/\/soccer.aidatasports.com\/fr\/players\/Joaquin-Panichelli-390742\"><img decoding=\"async\" src=\"https:\/\/soccer.aidatasports.com\/images\/players\/390742.png\" alt=\"Joaquin Panichelli\" onerror=\"this.onerror=null;this.src='https:\/\/soccer.aidatasports.com\/images\/players\/default-player.png';\"><span>Joaquin Panichelli<\/span><\/a><\/div>\n<div class=\"player\"><a href=\"https:\/\/soccer.aidatasports.com\/fr\/players\/Joel-Roca-339105\"><img decoding=\"async\" src=\"https:\/\/soccer.aidatasports.com\/images\/players\/339105.png\" alt=\"Joel Roca\" onerror=\"this.onerror=null;this.src='https:\/\/soccer.aidatasports.com\/images\/players\/default-player.png';\"><span>Joel Roca<\/span><\/a><\/div>\n<\/div>\n<div>\n<h4>Suplentes:<\/h4>\n<div class=\"player\"><a href=\"https:\/\/soccer.aidatasports.com\/fr\/players\/Alex-Calvo-401837\"><img decoding=\"async\" src=\"https:\/\/soccer.aidatasports.com\/images\/players\/401837.png\" alt=\"Alex Calvo\" onerror=\"this.onerror=null;this.src='https:\/\/soccer.aidatasports.com\/images\/players\/default-player.png';\"><span>Alex Calvo<\/span><\/a><\/div>\n<div class=\"player\"><a href=\"https:\/\/soccer.aidatasports.com\/fr\/players\/Alex-Gonz\u00e1lez-208198\"><img decoding=\"async\" src=\"https:\/\/soccer.aidatasports.com\/images\/players\/208198.png\" alt=\"Alex Gonz\u00e1lez\" onerror=\"this.onerror=null;this.src='https:\/\/soccer.aidatasports.com\/images\/players\/default-player.png';\"><span>Alex Gonz\u00e1lez<\/span><\/a><\/div>\n<div class=\"player\"><a href=\"https:\/\/soccer.aidatasports.com\/fr\/players\/Luis-L\u00f3pez-162529\"><img decoding=\"async\" src=\"https:\/\/soccer.aidatasports.com\/images\/players\/162529.png\" alt=\"Luis L\u00f3pez\" onerror=\"this.onerror=null;this.src='https:\/\/soccer.aidatasports.com\/images\/players\/default-player.png';\"><span>Luis L\u00f3pez<\/span><\/a><\/div>\n<div class=\"player\"><a href=\"https:\/\/soccer.aidatasports.com\/fr\/players\/Victor-Parada-128951\"><img decoding=\"async\" src=\"https:\/\/soccer.aidatasports.com\/images\/players\/128951.png\" alt=\"Victor Parada\" onerror=\"this.onerror=null;this.src='https:\/\/soccer.aidatasports.com\/images\/players\/default-player.png';\"><span>Victor Parada<\/span><\/a><\/div>\n<div class=\"player\"><a href=\"https:\/\/soccer.aidatasports.com\/fr\/players\/Sergio-Postigo-47458\"><img decoding=\"async\" src=\"https:\/\/soccer.aidatasports.com\/images\/players\/47458.png\" alt=\"Sergio Postigo\" onerror=\"this.onerror=null;this.src='https:\/\/soccer.aidatasports.com\/images\/players\/default-player.png';\"><span>Sergio Postigo<\/span><\/a><\/div>\n<div class=\"player\"><a href=\"https:\/\/soccer.aidatasports.com\/fr\/players\/Unai-Egu\u00edluz-332305\"><img decoding=\"async\" src=\"https:\/\/soccer.aidatasports.com\/images\/players\/332305.png\" alt=\"Unai Egu\u00edluz\" onerror=\"this.onerror=null;this.src='https:\/\/soccer.aidatasports.com\/images\/players\/default-player.png';\"><span>Unai Egu\u00edluz<\/span><\/a><\/div>\n<div class=\"player\"><a href=\"https:\/\/soccer.aidatasports.com\/fr\/players\/Santiago-Homenchenko-315243\"><img decoding=\"async\" src=\"https:\/\/soccer.aidatasports.com\/images\/players\/315243.png\" alt=\"Santiago Homenchenko\" onerror=\"this.onerror=null;this.src='https:\/\/soccer.aidatasports.com\/images\/players\/default-player.png';\"><span>Santiago Homenchenko<\/span><\/a><\/div>\n<div class=\"player\"><a href=\"https:\/\/soccer.aidatasports.com\/fr\/players\/Urko-Izeta-183776\"><img decoding=\"async\" src=\"https:\/\/soccer.aidatasports.com\/images\/players\/183776.png\" alt=\"Urko Izeta\" onerror=\"this.onerror=null;this.src='https:\/\/soccer.aidatasports.com\/images\/players\/default-player.png';\"><span>Urko Izeta<\/span><\/a><\/div>\n<div class=\"player\"><a href=\"https:\/\/soccer.aidatasports.com\/fr\/players\/Ander-Mart\u00edn-183706\"><img decoding=\"async\" src=\"https:\/\/soccer.aidatasports.com\/images\/players\/183706.png\" alt=\"Ander Mart\u00edn\" onerror=\"this.onerror=null;this.src='https:\/\/soccer.aidatasports.com\/images\/players\/default-player.png';\"><span>Ander Mart\u00edn<\/span><\/a><\/div>\n<div class=\"player\"><a href=\"https:\/\/soccer.aidatasports.com\/fr\/players\/Alberto-Dadie-287653\"><img decoding=\"async\" src=\"https:\/\/soccer.aidatasports.com\/images\/players\/287653.png\" alt=\"Alberto Dadie\" onerror=\"this.onerror=null;this.src='https:\/\/soccer.aidatasports.com\/images\/players\/default-player.png';\"><span>Alberto Dadie<\/span><\/a><\/div>\n<\/div>\n<\/div>\n<\/div>\n<div class=\"team-lineup\">\n<h3>Huesca<\/h3>\n<p><img decoding=\"async\" src=\"https:\/\/media.api-sports.io\/football\/teams\/726.png\" alt=\"Huesca\" style=\"width: 50px; height: 50px;\"><\/p>\n<div class=\"players-container\">\n<div>\n<h4>Titulares:<\/h4>\n<div class=\"player\"><a href=\"https:\/\/soccer.aidatasports.com\/fr\/players\/Dani-Jim\u00e9nez-46934\"><img decoding=\"async\" src=\"https:\/\/soccer.aidatasports.com\/images\/players\/46934.png\" alt=\"Dani Jim\u00e9nez\" onerror=\"this.onerror=null;this.src='https:\/\/soccer.aidatasports.com\/images\/players\/default-player.png';\"><span>Dani Jim\u00e9nez<\/span><\/a><\/div>\n<div class=\"player\"><a href=\"https:\/\/soccer.aidatasports.com\/fr\/players\/Miguel-Loureiro-47190\"><img decoding=\"async\" src=\"https:\/\/soccer.aidatasports.com\/images\/players\/47190.png\" alt=\"Miguel Loureiro\" onerror=\"this.onerror=null;this.src='https:\/\/soccer.aidatasports.com\/images\/players\/default-player.png';\"><span>Miguel Loureiro<\/span><\/a><\/div>\n<div class=\"player\"><a href=\"https:\/\/soccer.aidatasports.com\/fr\/players\/J\u00e9r\u00e9my-Blasco-182547\"><img decoding=\"async\" src=\"https:\/\/soccer.aidatasports.com\/images\/players\/182547.png\" alt=\"J\u00e9r\u00e9my Blasco\" onerror=\"this.onerror=null;this.src='https:\/\/soccer.aidatasports.com\/images\/players\/default-player.png';\"><span>J\u00e9r\u00e9my Blasco<\/span><\/a><\/div>\n<div class=\"player\"><a href=\"https:\/\/soccer.aidatasports.com\/fr\/players\/Jorge-Pulido-47569\"><img decoding=\"async\" src=\"https:\/\/soccer.aidatasports.com\/images\/players\/47569.png\" alt=\"Jorge Pulido\" onerror=\"this.onerror=null;this.src='https:\/\/soccer.aidatasports.com\/images\/players\/default-player.png';\"><span>Jorge Pulido<\/span><\/a><\/div>\n<div class=\"player\"><a href=\"https:\/\/soccer.aidatasports.com\/fr\/players\/Ignasi-Vilarrasa-107148\"><img decoding=\"async\" src=\"https:\/\/soccer.aidatasports.com\/images\/players\/107148.png\" alt=\"Ignasi Vilarrasa\" onerror=\"this.onerror=null;this.src='https:\/\/soccer.aidatasports.com\/images\/players\/default-player.png';\"><span>Ignasi Vilarrasa<\/span><\/a><\/div>\n<div class=\"player\"><a href=\"https:\/\/soccer.aidatasports.com\/fr\/players\/Iker-Kortajarena-183747\"><img decoding=\"async\" src=\"https:\/\/soccer.aidatasports.com\/images\/players\/183747.png\" alt=\"Iker Kortajarena\" onerror=\"this.onerror=null;this.src='https:\/\/soccer.aidatasports.com\/images\/players\/default-player.png';\"><span>Iker Kortajarena<\/span><\/a><\/div>\n<div class=\"player\"><a href=\"https:\/\/soccer.aidatasports.com\/fr\/players\/Oscar-Sielva-131544\"><img decoding=\"async\" src=\"https:\/\/soccer.aidatasports.com\/images\/players\/131544.png\" alt=\"Oscar Sielva\" onerror=\"this.onerror=null;this.src='https:\/\/soccer.aidatasports.com\/images\/players\/default-player.png';\"><span>Oscar Sielva<\/span><\/a><\/div>\n<div class=\"player\"><a href=\"https:\/\/soccer.aidatasports.com\/fr\/players\/Javi-Mier-46859\"><img decoding=\"async\" src=\"https:\/\/soccer.aidatasports.com\/images\/players\/46859.png\" alt=\"Javi Mier\" onerror=\"this.onerror=null;this.src='https:\/\/soccer.aidatasports.com\/images\/players\/default-player.png';\"><span>Javi Mier<\/span><\/a><\/div>\n<div class=\"player\"><a href=\"https:\/\/soccer.aidatasports.com\/fr\/players\/Gerard-Valent\u00edn-47164\"><img decoding=\"async\" src=\"https:\/\/soccer.aidatasports.com\/images\/players\/47164.png\" alt=\"Gerard Valent\u00edn\" onerror=\"this.onerror=null;this.src='https:\/\/soccer.aidatasports.com\/images\/players\/default-player.png';\"><span>Gerard Valent\u00edn<\/span><\/a><\/div>\n<div class=\"player\"><a href=\"https:\/\/soccer.aidatasports.com\/fr\/players\/Sergi-Enrich-47395\"><img decoding=\"async\" src=\"https:\/\/soccer.aidatasports.com\/images\/players\/47395.png\" alt=\"Sergi Enrich\" onerror=\"this.onerror=null;this.src='https:\/\/soccer.aidatasports.com\/images\/players\/default-player.png';\"><span>Sergi Enrich<\/span><\/a><\/div>\n<div class=\"player\"><a href=\"https:\/\/soccer.aidatasports.com\/fr\/players\/Joaqu\u00edn-Mu\u00f1oz-60\"><img decoding=\"async\" src=\"https:\/\/soccer.aidatasports.com\/images\/players\/60.png\" alt=\"Joaqu\u00edn Mu\u00f1oz\" onerror=\"this.onerror=null;this.src='https:\/\/soccer.aidatasports.com\/images\/players\/default-player.png';\"><span>Joaqu\u00edn Mu\u00f1oz<\/span><\/a><\/div>\n<\/div>\n<div>\n<h4>Suplentes:<\/h4>\n<div class=\"player\"><a href=\"https:\/\/soccer.aidatasports.com\/fr\/players\/Patrick-Soko-36302\"><img decoding=\"async\" src=\"https:\/\/soccer.aidatasports.com\/images\/players\/36302.png\" alt=\"Patrick Soko\" onerror=\"this.onerror=null;this.src='https:\/\/soccer.aidatasports.com\/images\/players\/default-player.png';\"><span>Patrick Soko<\/span><\/a><\/div>\n<div class=\"player\"><a href=\"https:\/\/soccer.aidatasports.com\/fr\/players\/Iker-Unzueta-122979\"><img decoding=\"async\" src=\"https:\/\/soccer.aidatasports.com\/images\/players\/122979.png\" alt=\"Iker Unzueta\" onerror=\"this.onerror=null;this.src='https:\/\/soccer.aidatasports.com\/images\/players\/default-player.png';\"><span>Iker Unzueta<\/span><\/a><\/div>\n<div class=\"player\"><a href=\"https:\/\/soccer.aidatasports.com\/fr\/players\/Juan-P\u00e9rez-46649\"><img decoding=\"async\" src=\"https:\/\/soccer.aidatasports.com\/images\/players\/46649.png\" alt=\"Juan P\u00e9rez\" onerror=\"this.onerror=null;this.src='https:\/\/soccer.aidatasports.com\/images\/players\/default-player.png';\"><span>Juan P\u00e9rez<\/span><\/a><\/div>\n<div class=\"player\"><a href=\"https:\/\/soccer.aidatasports.com\/fr\/players\/Rub\u00e9n-Pulido-119231\"><img decoding=\"async\" src=\"https:\/\/soccer.aidatasports.com\/images\/players\/119231.png\" alt=\"Rub\u00e9n Pulido\" onerror=\"this.onerror=null;this.src='https:\/\/soccer.aidatasports.com\/images\/players\/default-player.png';\"><span>Rub\u00e9n Pulido<\/span><\/a><\/div>\n<div class=\"player\"><a href=\"https:\/\/soccer.aidatasports.com\/fr\/players\/Toni-Abad-181572\"><img decoding=\"async\" src=\"https:\/\/soccer.aidatasports.com\/images\/players\/181572.png\" alt=\"Toni Abad\" onerror=\"this.onerror=null;this.src='https:\/\/soccer.aidatasports.com\/images\/players\/default-player.png';\"><span>Toni Abad<\/span><\/a><\/div>\n<div class=\"player\"><a href=\"https:\/\/soccer.aidatasports.com\/fr\/players\/Alex-Fita-470311\"><img decoding=\"async\" src=\"https:\/\/soccer.aidatasports.com\/images\/players\/470311.png\" alt=\"Alex Fita\" onerror=\"this.onerror=null;this.src='https:\/\/soccer.aidatasports.com\/images\/players\/default-player.png';\"><span>Alex Fita<\/span><\/a><\/div>\n<div class=\"player\"><a href=\"https:\/\/soccer.aidatasports.com\/fr\/players\/Hugo-Anglada-316697\"><img decoding=\"async\" src=\"https:\/\/soccer.aidatasports.com\/images\/players\/316697.png\" alt=\"Hugo Anglada\" onerror=\"this.onerror=null;this.src='https:\/\/soccer.aidatasports.com\/images\/players\/default-player.png';\"><span>Hugo Anglada<\/span><\/a><\/div>\n<div class=\"player\"><a href=\"https:\/\/soccer.aidatasports.com\/fr\/players\/Diego-Gonz\u00e1lez-181651\"><img decoding=\"async\" src=\"https:\/\/soccer.aidatasports.com\/images\/players\/181651.png\" alt=\"Diego Gonz\u00e1lez\" onerror=\"this.onerror=null;this.src='https:\/\/soccer.aidatasports.com\/images\/players\/default-player.png';\"><span>Diego Gonz\u00e1lez<\/span><\/a><\/div>\n<div class=\"player\"><a href=\"https:\/\/soccer.aidatasports.com\/fr\/players\/Javier-Hernandez-388495\"><img decoding=\"async\" src=\"https:\/\/soccer.aidatasports.com\/images\/players\/388495.png\" alt=\"Javier Hernandez\" onerror=\"this.onerror=null;this.src='https:\/\/soccer.aidatasports.com\/images\/players\/default-player.png';\"><span>Javier Hernandez<\/span><\/a><\/div>\n<div class=\"player\"><a href=\"https:\/\/soccer.aidatasports.com\/fr\/players\/Jordi-Mart\u00edn-162030\"><img decoding=\"async\" src=\"https:\/\/soccer.aidatasports.com\/images\/players\/162030.png\" alt=\"Jordi Mart\u00edn\" onerror=\"this.onerror=null;this.src='https:\/\/soccer.aidatasports.com\/images\/players\/default-player.png';\"><span>Jordi Mart\u00edn<\/span><\/a><\/div>\n<div class=\"player\"><a href=\"https:\/\/soccer.aidatasports.com\/fr\/players\/Hugo-Vallejo-46840\"><img decoding=\"async\" src=\"https:\/\/soccer.aidatasports.com\/images\/players\/46840.png\" alt=\"Hugo Vallejo\" onerror=\"this.onerror=null;this.src='https:\/\/soccer.aidatasports.com\/images\/players\/default-player.png';\"><span>Hugo Vallejo<\/span><\/a><\/div>\n<div class=\"player\"><a href=\"https:\/\/soccer.aidatasports.com\/fr\/players\/Ayman-Arguigue-391775\"><img decoding=\"async\" src=\"https:\/\/soccer.aidatasports.com\/images\/players\/391775.png\" alt=\"Ayman Arguigue\" onerror=\"this.onerror=null;this.src='https:\/\/soccer.aidatasports.com\/images\/players\/default-player.png';\"><span>Ayman Arguigue<\/span><\/a><\/div>\n<\/div>\n<\/div>\n<\/div>\n<\/div>\n<div id=\"wg-api-football-game\"\n                    data-host=\"xxxxx\"\n                    data-key=\"xxxx\"\n                    data-id=\"1217575\"\n                    data-theme=\"\"\n                    data-refresh=\"15\"\n                    data-show-errors=\"false\"\n                    data-show-logos=\"true\"><br \/>\n                    class=\u00a0\u00bbwg_loader\u00a0\u00bb>\n                <\/div>\n<div id=\"wg-api-football-standings\"\n                    data-host=\"xxxx\"\n                    data-key=\"ddddd\"\n                    data-league=\"141\"\n                    data-team=\"\"\n                    data-season=\"2024\"\n                    data-theme=\"\"\n                    data-show-errors=\"false\"\n                    data-show-logos=\"true\"\n                    class=\"wg_loader\">\n                <\/div>\n<p>                <script\n                    type=\"module\"\n                    src=\"https:\/\/soccer.aidatasports.com\/wp-content\/customjs\/widgetslocal.js\">\n                <\/script><\/p>\n","protected":false},"excerpt":{"rendered":"<p>Le Mirandes s&rsquo;impose face au Huesca dans un match marqu\u00e9 par les cartons jaunes Le&hellip;<\/p>\n","protected":false},"author":1,"featured_media":63356,"comment_status":"open","ping_status":"open","sticky":false,"template":"","format":"standard","meta":{"content-type":"","pmpro_default_level":"","_lmt_disableupdate":"","_lmt_disable":"","_league":1,"_fixture":1217575,"penci_pfeatured_image_ratio":"","penci_single_style":"","footnotes":""},"categories":[1],"tags":[811,875],"class_list":["post-63357","post","type-post","status-publish","format-standard","has-post-thumbnail","hentry","category-uncategorized","tag-huesca-spain-726","tag-mirandes-spain-799","pmpro-has-access"],"_links":{"self":[{"href":"https:\/\/soccer.aidatasports.com\/fr\/wp-json\/wp\/v2\/posts\/63357"}],"collection":[{"href":"https:\/\/soccer.aidatasports.com\/fr\/wp-json\/wp\/v2\/posts"}],"about":[{"href":"https:\/\/soccer.aidatasports.com\/fr\/wp-json\/wp\/v2\/types\/post"}],"author":[{"embeddable":true,"href":"https:\/\/soccer.aidatasports.com\/fr\/wp-json\/wp\/v2\/users\/1"}],"replies":[{"embeddable":true,"href":"https:\/\/soccer.aidatasports.com\/fr\/wp-json\/wp\/v2\/comments?post=63357"}],"version-history":[{"count":0,"href":"https:\/\/soccer.aidatasports.com\/fr\/wp-json\/wp\/v2\/posts\/63357\/revisions"}],"wp:featuredmedia":[{"embeddable":true,"href":"https:\/\/soccer.aidatasports.com\/fr\/wp-json\/wp\/v2\/media\/63356"}],"wp:attachment":[{"href":"https:\/\/soccer.aidatasports.com\/fr\/wp-json\/wp\/v2\/media?parent=63357"}],"wp:term":[{"taxonomy":"category","embeddable":true,"href":"https:\/\/soccer.aidatasports.com\/fr\/wp-json\/wp\/v2\/categories?post=63357"},{"taxonomy":"post_tag","embeddable":true,"href":"https:\/\/soccer.aidatasports.com\/fr\/wp-json\/wp\/v2\/tags?post=63357"}],"curies":[{"name":"wp","href":"https:\/\/api.w.org\/{rel}","templated":true}]}}