{"id":62894,"date":"2024-09-28T12:01:02","date_gmt":"2024-09-28T12:01:02","guid":{"rendered":"https:\/\/soccer.aidatasports.com\/fr\/uncategorized\/eibar-w-vs-levante-w-sep-28-2024-1000-utc\/"},"modified":"2024-09-28T12:01:02","modified_gmt":"2024-09-28T12:01:02","slug":"eibar-w-vs-levante-w-sep-28-2024-1000-utc","status":"publish","type":"post","link":"https:\/\/soccer.aidatasports.com\/fr\/uncategorized\/eibar-w-vs-levante-w-sep-28-2024-1000-utc\/","title":{"rendered":"Eibar W vs Levante W Sep 28 2024 10:00 UTC"},"content":{"rendered":"<h1>Levante domine Eibar dans un match \u00e0 trois buts<\/h1>\n<p><strong>Levante a battu Eibar 3-0 lors d&rsquo;un match jou\u00e9 au Stade Municipal d&rsquo;Ipur\u00faa \u00e0 Eibar, en Espagne.<\/strong> Le match a \u00e9t\u00e9 domin\u00e9 par Levante, qui a eu 77% de possession et a tir\u00e9 16 fois au but, tandis qu&rsquo;Eibar n&rsquo;a eu que 23% de possession et 6 tirs.<\/p>\n<p><strong>Levante a ouvert le score \u00e0 la 45e minute avec un but d&rsquo;Elena Carbonell.<\/strong> Le deuxi\u00e8me but est arriv\u00e9 \u00e0 la 75e minute avec un but de I. Chac\u00f3n. <strong>Levante a scell\u00e9 le match \u00e0 la 88e minute avec le troisi\u00e8me but de Chac\u00f3n.<\/strong><\/p>\n<p><strong>Eibar a jou\u00e9 avec un homme de moins depuis la 27e minute<\/strong> apr\u00e8s l&rsquo;expulsion de M. Miralles. Eibar a tent\u00e9 de r\u00e9agir, mais n&rsquo;a pas pu surmonter un Levante plus efficace.<\/p>\n<p><strong>Levante a ajout\u00e9 trois points importants qui le placent dans la partie sup\u00e9rieure du classement du championnat.<\/strong> Eibar, pour sa part, continue de lutter pour sortir de la zone de rel\u00e9gation.<\/p>\n<p>Remplacements dans l&rsquo;quipe de eibar w: \u00c0 la 30e minute, E. Astralaga est entr\u00e9 et Camino est sorti., \u00c0 la 70e minute, A. Leitner est entr\u00e9 et A. Peckova est sorti., \u00c0 la 70e minute, E. Pizarro est entr\u00e9 et A. Altonaga est sorti., \u00c0 la 78e minute, A. Alvarez est entr\u00e9 et P. Ojeda est sorti., \u00c0 la 78e minute, E. Van Deursen est entr\u00e9 et B. Amani est sorti. <\/p>\n<p>Remplacements dans l&rsquo;quipe de levante w: \u00c0 la 80e minute, D. Arques est entr\u00e9 et A. Lahmari est sorti. <\/p>\n<p>Les \u00e9quipes se sont align\u00e9es comme suit:<\/p>\n<div class=\"lineups-container\">\n<style>\n                .lineups-container {\n                    display: flex;\n                    justify-content: space-around;\n                    flex-wrap: wrap;\n                }\n                .team-lineup {\n                    width: 49%;\n                    margin-bottom: 20px;\n                    border: 1px solid #ccc;\n                    padding: 5px;\n                }\n                .team-lineup h3 {\n                    text-align: center;\n                    margin-bottom: 10px;\n                }\n                .players-container {\n                    display: flex;\n                    justify-content: space-between;\n                }\n                .players-container div {\n                    width: 100%;\n                }\n                .player {\n                    display: flex;\n                    align-items: center;\n                    margin-bottom: 5px;\n                }\n                .player img {\n                    width: 30px;\n                    height: 30px;\n                    border-radius: 50%;\n                    margin-right: 10px;\n                }\n                    @media (max-width: 600px) {\n                    .team-lineup {\n                        width: 100%;\n                    }\n                }\n                <\/style>\n<div class=\"team-lineup\">\n<h3>Eibar W<\/h3>\n<p><img decoding=\"async\" src=\"https:\/\/media.api-sports.io\/football\/teams\/15225.png\" alt=\"Eibar W\" style=\"width: 50px; height: 50px;\"><\/p>\n<div class=\"players-container\">\n<div>\n<h4>Titulares:<\/h4>\n<div class=\"player\"><a href=\"https:\/\/soccer.aidatasports.com\/fr\/players\/Mar\u00eda-Miralles-440207\"><img decoding=\"async\" src=\"https:\/\/soccer.aidatasports.com\/images\/players\/440207.png\" alt=\"Mar\u00eda Miralles\" onerror=\"this.onerror=null;this.src='https:\/\/soccer.aidatasports.com\/images\/players\/default-player.png';\"><span>Mar\u00eda Miralles<\/span><\/a><\/div>\n<div class=\"player\"><a href=\"https:\/\/soccer.aidatasports.com\/fr\/players\/Elba-Verg\u00e9s-Prats-99712\"><img decoding=\"async\" src=\"https:\/\/soccer.aidatasports.com\/images\/players\/99712.png\" alt=\"Elba Verg\u00e9s Prats\" onerror=\"this.onerror=null;this.src='https:\/\/soccer.aidatasports.com\/images\/players\/default-player.png';\"><span>Elba Verg\u00e9s Prats<\/span><\/a><\/div>\n<div class=\"player\"><a href=\"https:\/\/soccer.aidatasports.com\/fr\/players\/Carla-Andr\u00e9s-440209\"><img decoding=\"async\" src=\"https:\/\/soccer.aidatasports.com\/images\/players\/440209.png\" alt=\"Carla Andr\u00e9s\" onerror=\"this.onerror=null;this.src='https:\/\/soccer.aidatasports.com\/images\/players\/default-player.png';\"><span>Carla Andr\u00e9s<\/span><\/a><\/div>\n<div class=\"player\"><a href=\"https:\/\/soccer.aidatasports.com\/fr\/players\/Eider-Arana-440205\"><img decoding=\"async\" src=\"https:\/\/soccer.aidatasports.com\/images\/players\/440205.png\" alt=\"Eider Arana\" onerror=\"this.onerror=null;this.src='https:\/\/soccer.aidatasports.com\/images\/players\/default-player.png';\"><span>Eider Arana<\/span><\/a><\/div>\n<div class=\"player\"><a href=\"https:\/\/soccer.aidatasports.com\/fr\/players\/Bernadette-Amani-440206\"><img decoding=\"async\" src=\"https:\/\/soccer.aidatasports.com\/images\/players\/440206.png\" alt=\"Bernadette Amani\" onerror=\"this.onerror=null;this.src='https:\/\/soccer.aidatasports.com\/images\/players\/default-player.png';\"><span>Bernadette Amani<\/span><\/a><\/div>\n<div class=\"player\"><a href=\"https:\/\/soccer.aidatasports.com\/fr\/players\/Patricia-Ojeda-Ram\u00edrez-99700\"><img decoding=\"async\" src=\"https:\/\/soccer.aidatasports.com\/images\/players\/99700.png\" alt=\"Patricia Ojeda Ram\u00edrez\" onerror=\"this.onerror=null;this.src='https:\/\/soccer.aidatasports.com\/images\/players\/default-player.png';\"><span>Patricia Ojeda Ram\u00edrez<\/span><\/a><\/div>\n<div class=\"player\"><a href=\"https:\/\/soccer.aidatasports.com\/fr\/players\/Margherita-Monnecchi-148073\"><img decoding=\"async\" src=\"https:\/\/soccer.aidatasports.com\/images\/players\/148073.png\" alt=\"Margherita Monnecchi\" onerror=\"this.onerror=null;this.src='https:\/\/soccer.aidatasports.com\/images\/players\/default-player.png';\"><span>Margherita Monnecchi<\/span><\/a><\/div>\n<div class=\"player\"><a href=\"https:\/\/soccer.aidatasports.com\/fr\/players\/Arene-Altonaga-289527\"><img decoding=\"async\" src=\"https:\/\/soccer.aidatasports.com\/images\/players\/289527.png\" alt=\"Arene Altonaga\" onerror=\"this.onerror=null;this.src='https:\/\/soccer.aidatasports.com\/images\/players\/default-player.png';\"><span>Arene Altonaga<\/span><\/a><\/div>\n<div class=\"player\"><a href=\"https:\/\/soccer.aidatasports.com\/fr\/players\/Alena-P\u011b\u010dkov\u00e1-329049\"><img decoding=\"async\" src=\"https:\/\/soccer.aidatasports.com\/images\/players\/329049.png\" alt=\"Alena P\u011b\u010dkov\u00e1\" onerror=\"this.onerror=null;this.src='https:\/\/soccer.aidatasports.com\/images\/players\/default-player.png';\"><span>Alena P\u011b\u010dkov\u00e1<\/span><\/a><\/div>\n<div class=\"player\"><a href=\"https:\/\/soccer.aidatasports.com\/fr\/players\/Laura-Camino-443235\"><img decoding=\"async\" src=\"https:\/\/soccer.aidatasports.com\/images\/players\/443235.png\" alt=\"Laura Camino\" onerror=\"this.onerror=null;this.src='https:\/\/soccer.aidatasports.com\/images\/players\/default-player.png';\"><span>Laura Camino<\/span><\/a><\/div>\n<div class=\"player\"><a href=\"https:\/\/soccer.aidatasports.com\/fr\/players\/Ane-Campos-99954\"><img decoding=\"async\" src=\"https:\/\/soccer.aidatasports.com\/images\/players\/99954.png\" alt=\"Ane Campos\" onerror=\"this.onerror=null;this.src='https:\/\/soccer.aidatasports.com\/images\/players\/default-player.png';\"><span>Ane Campos<\/span><\/a><\/div>\n<\/div>\n<div>\n<h4>Suplentes:<\/h4>\n<div class=\"player\"><a href=\"https:\/\/soccer.aidatasports.com\/fr\/players\/Eunate-Astralaga-393839\"><img decoding=\"async\" src=\"https:\/\/soccer.aidatasports.com\/images\/players\/393839.png\" alt=\"Eunate Astralaga\" onerror=\"this.onerror=null;this.src='https:\/\/soccer.aidatasports.com\/images\/players\/default-player.png';\"><span>Eunate Astralaga<\/span><\/a><\/div>\n<div class=\"player\"><a href=\"https:\/\/soccer.aidatasports.com\/fr\/players\/Annelie-Leitner-317623\"><img decoding=\"async\" src=\"https:\/\/soccer.aidatasports.com\/images\/players\/317623.png\" alt=\"Annelie Leitner\" onerror=\"this.onerror=null;this.src='https:\/\/soccer.aidatasports.com\/images\/players\/default-player.png';\"><span>Annelie Leitner<\/span><\/a><\/div>\n<div class=\"player\"><a href=\"https:\/\/soccer.aidatasports.com\/fr\/players\/Esperanza-Pizarro-317319\"><img decoding=\"async\" src=\"https:\/\/soccer.aidatasports.com\/images\/players\/317319.png\" alt=\"Esperanza Pizarro\" onerror=\"this.onerror=null;this.src='https:\/\/soccer.aidatasports.com\/images\/players\/default-player.png';\"><span>Esperanza Pizarro<\/span><\/a><\/div>\n<div class=\"player\"><a href=\"https:\/\/soccer.aidatasports.com\/fr\/players\/Noelia-Garc\u00eda-289526\"><img decoding=\"async\" src=\"https:\/\/soccer.aidatasports.com\/images\/players\/289526.png\" alt=\"Noelia Garc\u00eda\" onerror=\"this.onerror=null;this.src='https:\/\/soccer.aidatasports.com\/images\/players\/default-player.png';\"><span>Noelia Garc\u00eda<\/span><\/a><\/div>\n<div class=\"player\"><a href=\"https:\/\/soccer.aidatasports.com\/fr\/players\/Mireia-Masegur-487804\"><img decoding=\"async\" src=\"https:\/\/soccer.aidatasports.com\/images\/players\/487804.png\" alt=\"Mireia Masegur\" onerror=\"this.onerror=null;this.src='https:\/\/soccer.aidatasports.com\/images\/players\/default-player.png';\"><span>Mireia Masegur<\/span><\/a><\/div>\n<div class=\"player\"><a href=\"https:\/\/soccer.aidatasports.com\/fr\/players\/Eva-Van-Deursen-348134\"><img decoding=\"async\" src=\"https:\/\/soccer.aidatasports.com\/images\/players\/348134.png\" alt=\"Eva Van Deursen\" onerror=\"this.onerror=null;this.src='https:\/\/soccer.aidatasports.com\/images\/players\/default-player.png';\"><span>Eva Van Deursen<\/span><\/a><\/div>\n<div class=\"player\"><a href=\"https:\/\/soccer.aidatasports.com\/fr\/players\/Andrea-\u00c1lvarez-321940\"><img decoding=\"async\" src=\"https:\/\/soccer.aidatasports.com\/images\/players\/321940.png\" alt=\"Andrea \u00c1lvarez\" onerror=\"this.onerror=null;this.src='https:\/\/soccer.aidatasports.com\/images\/players\/default-player.png';\"><span>Andrea \u00c1lvarez<\/span><\/a><\/div>\n<\/div>\n<\/div>\n<\/div>\n<div class=\"team-lineup\">\n<h3>Levante W<\/h3>\n<p><img decoding=\"async\" src=\"https:\/\/media.api-sports.io\/football\/teams\/1911.png\" alt=\"Levante W\" style=\"width: 50px; height: 50px;\"><\/p>\n<div class=\"players-container\">\n<div>\n<h4>Titulares:<\/h4>\n<div class=\"player\"><a href=\"https:\/\/soccer.aidatasports.com\/fr\/players\/Emma-Holmgren-224730\"><img decoding=\"async\" src=\"https:\/\/soccer.aidatasports.com\/images\/players\/224730.png\" alt=\"Emma Holmgren\" onerror=\"this.onerror=null;this.src='https:\/\/soccer.aidatasports.com\/images\/players\/default-player.png';\"><span>Emma Holmgren<\/span><\/a><\/div>\n<div class=\"player\"><a href=\"https:\/\/soccer.aidatasports.com\/fr\/players\/Mar\u00eda-Gabald\u00f3n-401966\"><img decoding=\"async\" src=\"https:\/\/soccer.aidatasports.com\/images\/players\/401966.png\" alt=\"Mar\u00eda Gabald\u00f3n\" onerror=\"this.onerror=null;this.src='https:\/\/soccer.aidatasports.com\/images\/players\/default-player.png';\"><span>Mar\u00eda Gabald\u00f3n<\/span><\/a><\/div>\n<div class=\"player\"><a href=\"https:\/\/soccer.aidatasports.com\/fr\/players\/Mar\u00eda-Molina-318947\"><img decoding=\"async\" src=\"https:\/\/soccer.aidatasports.com\/images\/players\/318947.png\" alt=\"Mar\u00eda Molina\" onerror=\"this.onerror=null;this.src='https:\/\/soccer.aidatasports.com\/images\/players\/default-player.png';\"><span>Mar\u00eda Molina<\/span><\/a><\/div>\n<div class=\"player\"><a href=\"https:\/\/soccer.aidatasports.com\/fr\/players\/Eva-Alonso-99870\"><img decoding=\"async\" src=\"https:\/\/soccer.aidatasports.com\/images\/players\/99870.png\" alt=\"Eva Alonso\" onerror=\"this.onerror=null;this.src='https:\/\/soccer.aidatasports.com\/images\/players\/default-player.png';\"><span>Eva Alonso<\/span><\/a><\/div>\n<div class=\"player\"><a href=\"https:\/\/soccer.aidatasports.com\/fr\/players\/Estela-Carbonell-317427\"><img decoding=\"async\" src=\"https:\/\/soccer.aidatasports.com\/images\/players\/317427.png\" alt=\"Estela Carbonell\" onerror=\"this.onerror=null;this.src='https:\/\/soccer.aidatasports.com\/images\/players\/default-player.png';\"><span>Estela Carbonell<\/span><\/a><\/div>\n<div class=\"player\"><a href=\"https:\/\/soccer.aidatasports.com\/fr\/players\/Anissa-Lahmari-87443\"><img decoding=\"async\" src=\"https:\/\/soccer.aidatasports.com\/images\/players\/87443.png\" alt=\"Anissa Lahmari\" onerror=\"this.onerror=null;this.src='https:\/\/soccer.aidatasports.com\/images\/players\/default-player.png';\"><span>Anissa Lahmari<\/span><\/a><\/div>\n<div class=\"player\"><a href=\"https:\/\/soccer.aidatasports.com\/fr\/players\/Anna-Torrod\u00e0-Ricart-99663\"><img decoding=\"async\" src=\"https:\/\/soccer.aidatasports.com\/images\/players\/99663.png\" alt=\"Anna Torrod\u00e0 Ricart\" onerror=\"this.onerror=null;this.src='https:\/\/soccer.aidatasports.com\/images\/players\/default-player.png';\"><span>Anna Torrod\u00e0 Ricart<\/span><\/a><\/div>\n<div class=\"player\"><a href=\"https:\/\/soccer.aidatasports.com\/fr\/players\/Paula-Fern\u00e1ndez-99852\"><img decoding=\"async\" src=\"https:\/\/soccer.aidatasports.com\/images\/players\/99852.png\" alt=\"Paula Fern\u00e1ndez\" onerror=\"this.onerror=null;this.src='https:\/\/soccer.aidatasports.com\/images\/players\/default-player.png';\"><span>Paula Fern\u00e1ndez<\/span><\/a><\/div>\n<div class=\"player\"><a href=\"https:\/\/soccer.aidatasports.com\/fr\/players\/\u00c1ngela-Sosa-99707\"><img decoding=\"async\" src=\"https:\/\/soccer.aidatasports.com\/images\/players\/99707.png\" alt=\"\u00c1ngela Sosa\" onerror=\"this.onerror=null;this.src='https:\/\/soccer.aidatasports.com\/images\/players\/default-player.png';\"><span>\u00c1ngela Sosa<\/span><\/a><\/div>\n<div class=\"player\"><a href=\"https:\/\/soccer.aidatasports.com\/fr\/players\/Ivonne-Chac\u00f3n-322568\"><img decoding=\"async\" src=\"https:\/\/soccer.aidatasports.com\/images\/players\/322568.png\" alt=\"Ivonne Chac\u00f3n\" onerror=\"this.onerror=null;this.src='https:\/\/soccer.aidatasports.com\/images\/players\/default-player.png';\"><span>Ivonne Chac\u00f3n<\/span><\/a><\/div>\n<div class=\"player\"><a href=\"https:\/\/soccer.aidatasports.com\/fr\/players\/\u00c9rika-Gonz\u00e1lez-338000\"><img decoding=\"async\" src=\"https:\/\/soccer.aidatasports.com\/images\/players\/338000.png\" alt=\"\u00c9rika Gonz\u00e1lez\" onerror=\"this.onerror=null;this.src='https:\/\/soccer.aidatasports.com\/images\/players\/default-player.png';\"><span>\u00c9rika Gonz\u00e1lez<\/span><\/a><\/div>\n<\/div>\n<div>\n<h4>Suplentes:<\/h4>\n<div class=\"player\"><a href=\"https:\/\/soccer.aidatasports.com\/fr\/players\/Andrea-Tarazona-348911\"><img decoding=\"async\" src=\"https:\/\/soccer.aidatasports.com\/images\/players\/348911.png\" alt=\"Andrea Tarazona\" onerror=\"this.onerror=null;this.src='https:\/\/soccer.aidatasports.com\/images\/players\/default-player.png';\"><span>Andrea Tarazona<\/span><\/a><\/div>\n<div class=\"player\"><a href=\"https:\/\/soccer.aidatasports.com\/fr\/players\/Teresa-M\u00e9rida-283818\"><img decoding=\"async\" src=\"https:\/\/soccer.aidatasports.com\/images\/players\/283818.png\" alt=\"Teresa M\u00e9rida\" onerror=\"this.onerror=null;this.src='https:\/\/soccer.aidatasports.com\/images\/players\/default-player.png';\"><span>Teresa M\u00e9rida<\/span><\/a><\/div>\n<div class=\"player\"><a href=\"https:\/\/soccer.aidatasports.com\/fr\/players\/Mar\u00eda-Alharilla-Casado-99778\"><img decoding=\"async\" src=\"https:\/\/soccer.aidatasports.com\/images\/players\/99778.png\" alt=\"Mar\u00eda Alharilla Casado\" onerror=\"this.onerror=null;this.src='https:\/\/soccer.aidatasports.com\/images\/players\/default-player.png';\"><span>Mar\u00eda Alharilla Casado<\/span><\/a><\/div>\n<div class=\"player\"><a href=\"https:\/\/soccer.aidatasports.com\/fr\/players\/Ainhoa-Bascu\u00f1an-310461\"><img decoding=\"async\" src=\"https:\/\/soccer.aidatasports.com\/images\/players\/310461.png\" alt=\"Ainhoa Bascu\u00f1an\" onerror=\"this.onerror=null;this.src='https:\/\/soccer.aidatasports.com\/images\/players\/default-player.png';\"><span>Ainhoa Bascu\u00f1an<\/span><\/a><\/div>\n<div class=\"player\"><a href=\"https:\/\/soccer.aidatasports.com\/fr\/players\/Daniela-Arques-389197\"><img decoding=\"async\" src=\"https:\/\/soccer.aidatasports.com\/images\/players\/389197.png\" alt=\"Daniela Arques\" onerror=\"this.onerror=null;this.src='https:\/\/soccer.aidatasports.com\/images\/players\/default-player.png';\"><span>Daniela Arques<\/span><\/a><\/div>\n<div class=\"player\"><a href=\"https:\/\/soccer.aidatasports.com\/fr\/players\/In\u00e9s-Rizo-472471\"><img decoding=\"async\" src=\"https:\/\/soccer.aidatasports.com\/images\/players\/472471.png\" alt=\"In\u00e9s Rizo\" onerror=\"this.onerror=null;this.src='https:\/\/soccer.aidatasports.com\/images\/players\/default-player.png';\"><span>In\u00e9s Rizo<\/span><\/a><\/div>\n<div class=\"player\"><a href=\"https:\/\/soccer.aidatasports.com\/fr\/players\/Raiderlin-Carrasco-371677\"><img decoding=\"async\" src=\"https:\/\/soccer.aidatasports.com\/images\/players\/371677.png\" alt=\"Raiderlin Carrasco\" onerror=\"this.onerror=null;this.src='https:\/\/soccer.aidatasports.com\/images\/players\/default-player.png';\"><span>Raiderlin Carrasco<\/span><\/a><\/div>\n<\/div>\n<\/div>\n<\/div>\n<\/div>\n<div id=\"wg-api-football-game\"\n                    data-host=\"xxxxx\"\n                    data-key=\"xxxx\"\n                    data-id=\"1293456\"\n                    data-theme=\"\"\n                    data-refresh=\"15\"\n                    data-show-errors=\"false\"\n                    data-show-logos=\"true\"><br \/>\n                    class=\u00a0\u00bbwg_loader\u00a0\u00bb>\n                <\/div>\n<div id=\"wg-api-football-standings\"\n                    data-host=\"xxxx\"\n                    data-key=\"ddddd\"\n                    data-league=\"142\"\n                    data-team=\"\"\n                    data-season=\"2024\"\n                    data-theme=\"\"\n                    data-show-errors=\"false\"\n                    data-show-logos=\"true\"\n                    class=\"wg_loader\">\n                <\/div>\n<p>                <script\n                    type=\"module\"\n                    src=\"https:\/\/soccer.aidatasports.com\/wp-content\/customjs\/widgetslocal.js\">\n                <\/script><\/p>\n","protected":false},"excerpt":{"rendered":"<p>Levante domine Eibar dans un match \u00e0 trois buts Levante a battu Eibar 3-0 lors&hellip;<\/p>\n","protected":false},"author":1,"featured_media":62893,"comment_status":"open","ping_status":"open","sticky":false,"template":"","format":"standard","meta":{"content-type":"","pmpro_default_level":"","_lmt_disableupdate":"","_lmt_disable":"","_league":1,"_fixture":1293456,"penci_pfeatured_image_ratio":"","penci_single_style":"","footnotes":""},"categories":[1],"tags":[9232,1777],"class_list":["post-62894","post","type-post","status-publish","format-standard","has-post-thumbnail","hentry","category-uncategorized","tag-eibar-w-spain-15225","tag-levante-w-spain-1911","pmpro-has-access"],"_links":{"self":[{"href":"https:\/\/soccer.aidatasports.com\/fr\/wp-json\/wp\/v2\/posts\/62894"}],"collection":[{"href":"https:\/\/soccer.aidatasports.com\/fr\/wp-json\/wp\/v2\/posts"}],"about":[{"href":"https:\/\/soccer.aidatasports.com\/fr\/wp-json\/wp\/v2\/types\/post"}],"author":[{"embeddable":true,"href":"https:\/\/soccer.aidatasports.com\/fr\/wp-json\/wp\/v2\/users\/1"}],"replies":[{"embeddable":true,"href":"https:\/\/soccer.aidatasports.com\/fr\/wp-json\/wp\/v2\/comments?post=62894"}],"version-history":[{"count":0,"href":"https:\/\/soccer.aidatasports.com\/fr\/wp-json\/wp\/v2\/posts\/62894\/revisions"}],"wp:featuredmedia":[{"embeddable":true,"href":"https:\/\/soccer.aidatasports.com\/fr\/wp-json\/wp\/v2\/media\/62893"}],"wp:attachment":[{"href":"https:\/\/soccer.aidatasports.com\/fr\/wp-json\/wp\/v2\/media?parent=62894"}],"wp:term":[{"taxonomy":"category","embeddable":true,"href":"https:\/\/soccer.aidatasports.com\/fr\/wp-json\/wp\/v2\/categories?post=62894"},{"taxonomy":"post_tag","embeddable":true,"href":"https:\/\/soccer.aidatasports.com\/fr\/wp-json\/wp\/v2\/tags?post=62894"}],"curies":[{"name":"wp","href":"https:\/\/api.w.org\/{rel}","templated":true}]}}