{"id":60161,"date":"2024-09-23T19:01:14","date_gmt":"2024-09-23T19:01:14","guid":{"rendered":"https:\/\/soccer.aidatasports.com\/fr\/uncategorized\/ifk-goteborg-vs-halmstad-sep-23-2024-1700-utc\/"},"modified":"2024-09-23T19:01:14","modified_gmt":"2024-09-23T19:01:14","slug":"ifk-goteborg-vs-halmstad-sep-23-2024-1700-utc","status":"publish","type":"post","link":"https:\/\/soccer.aidatasports.com\/fr\/uncategorized\/ifk-goteborg-vs-halmstad-sep-23-2024-1700-utc\/","title":{"rendered":"IFK Goteborg vs Halmstad Sep 23 2024 17:00 UTC"},"content":{"rendered":"<p>**<\/p>\n<h1>Halmstad arrache un nul face \u00e0 l&rsquo;IFK G\u00f6teborg<\/h1>\n<p>Le match entre Halmstad et l&rsquo;IFK G\u00f6teborg en Allsvenskan su\u00e9doise s&rsquo;est sold\u00e9 par un match nul 1-1, les \u00e9motions \u00e9tant pr\u00e9sentes jusqu&rsquo;\u00e0 la fin.<\/p>\n<p>Le match s&rsquo;est jou\u00e9 au stade Gamla Ullevi de G\u00f6teborg sous les yeux attentifs de Granit Maqedonci, l&rsquo;arbitre du match. La premi\u00e8re mi-temps a \u00e9t\u00e9 lente et peu propice aux occasions dangereuses. Le seul incident notable de la premi\u00e8re mi-temps a \u00e9t\u00e9 le carton jaune re\u00e7u par G. Eyjolfsson d&rsquo;Halmstad \u00e0 la 32e minute.<\/p>\n<p>La deuxi\u00e8me mi-temps a vu un match plus dynamique, les deux \u00e9quipes cherchant la victoire. L&rsquo;IFK G\u00f6teborg a eu l&rsquo;occasion d&rsquo;ouvrir le score \u00e0 la 68e minute avec un penalty, mais R. Lundqvist a rat\u00e9 sa tentative. Cependant, une minute plus tard, le m\u00eame Lundqvist a eu l&rsquo;occasion de se racheter et il a r\u00e9ussi \u00e0 marquer le premier but avec une passe d\u00e9cisive de R. Lundqvist.<\/p>\n<p>Halmstad n&rsquo;a pas abandonn\u00e9 et a cherch\u00e9 l&rsquo;\u00e9galisation avec insistance. Finalement, \u00e0 la 78e minute, Y. Agnero a r\u00e9ussi \u00e0 marquer le but \u00e9galisateur pour Halmstad avec une passe d\u00e9cisive de V. Granath. Le score n&rsquo;a plus boug\u00e9 dans les minutes restantes, malgr\u00e9 le fait que l&rsquo;IFK G\u00f6teborg ait eu quelques occasions de s&#8217;emparer de la victoire.<\/p>\n<p>En termes de statistiques, l&rsquo;IFK G\u00f6teborg a domin\u00e9 la possession du ballon avec 61 % et a tir\u00e9 \u00e0 15 reprises, dont 5 fois cadr\u00e9s. Halmstad, quant \u00e0 lui, a eu 39 % de possession et 13 tirs, dont 6 cadr\u00e9s.<\/p>\n<p>**<\/p>\n<p>Remplacements dans l&rsquo;quipe de halmstad: \u00c0 la 56e minute, Y. Agnero est entr\u00e9 et G. Eyjolfsson est sorti., \u00c0 la 70e minute, R. Wiedesheim-Paul est entr\u00e9 et B. Ingason est sorti., \u00c0 la 70e minute, N. Soderberg est entr\u00e9 et J. Svedberg est sorti. <\/p>\n<p>Remplacements dans l&rsquo;quipe de ifk goteborg: \u00c0 la 69e minute, O. Pettersson est entr\u00e9 et G. Norlin est sorti., \u00c0 la 69e minute, L. Kahed est entr\u00e9 et L. Skjellerup est sorti., \u00c0 la 79e minute, A. Trondsen est entr\u00e9 et O. Wendt est sorti., \u00c0 la 79e minute, E. Salomonsson est entr\u00e9 et J. Bager est sorti., \u00c0 la 85e minute, R. Yeboah est entr\u00e9 et P. Abraham est sorti. <\/p>\n<p>Les \u00e9quipes se sont align\u00e9es comme suit:<\/p>\n<div class=\"lineups-container\">\n<style>\n                .lineups-container {\n                    display: flex;\n                    justify-content: space-around;\n                    flex-wrap: wrap;\n                }\n                .team-lineup {\n                    width: 49%;\n                    margin-bottom: 20px;\n                    border: 1px solid #ccc;\n                    padding: 5px;\n                }\n                .team-lineup h3 {\n                    text-align: center;\n                    margin-bottom: 10px;\n                }\n                .players-container {\n                    display: flex;\n                    justify-content: space-between;\n                }\n                .players-container div {\n                    width: 100%;\n                }\n                .player {\n                    display: flex;\n                    align-items: center;\n                    margin-bottom: 5px;\n                }\n                .player img {\n                    width: 30px;\n                    height: 30px;\n                    border-radius: 50%;\n                    margin-right: 10px;\n                }\n                    @media (max-width: 600px) {\n                    .team-lineup {\n                        width: 100%;\n                    }\n                }\n                <\/style>\n<div class=\"team-lineup\">\n<h3>IFK Goteborg<\/h3>\n<p><img decoding=\"async\" src=\"https:\/\/media.api-sports.io\/football\/teams\/366.png\" alt=\"IFK Goteborg\" style=\"width: 50px; height: 50px;\"><\/p>\n<div class=\"players-container\">\n<div>\n<h4>Titulares:<\/h4>\n<div class=\"player\"><a href=\"https:\/\/soccer.aidatasports.com\/fr\/players\/Jacob-Karlstr\u00f8m-39349\"><img decoding=\"async\" src=\"https:\/\/soccer.aidatasports.com\/images\/players\/39349.png\" alt=\"Jacob Karlstr\u00f8m\" onerror=\"this.onerror=null;this.src='https:\/\/soccer.aidatasports.com\/images\/players\/default-player.png';\"><span>Jacob Karlstr\u00f8m<\/span><\/a><\/div>\n<div class=\"player\"><a href=\"https:\/\/soccer.aidatasports.com\/fr\/players\/Jonas-Bager-15686\"><img decoding=\"async\" src=\"https:\/\/soccer.aidatasports.com\/images\/players\/15686.png\" alt=\"Jonas Bager\" onerror=\"this.onerror=null;this.src='https:\/\/soccer.aidatasports.com\/images\/players\/default-player.png';\"><span>Jonas Bager<\/span><\/a><\/div>\n<div class=\"player\"><a href=\"https:\/\/soccer.aidatasports.com\/fr\/players\/Gustav-Svensson-2861\"><img decoding=\"async\" src=\"https:\/\/soccer.aidatasports.com\/images\/players\/2861.png\" alt=\"Gustav Svensson\" onerror=\"this.onerror=null;this.src='https:\/\/soccer.aidatasports.com\/images\/players\/default-player.png';\"><span>Gustav Svensson<\/span><\/a><\/div>\n<div class=\"player\"><a href=\"https:\/\/soccer.aidatasports.com\/fr\/players\/August-Erlingmark-47994\"><img decoding=\"async\" src=\"https:\/\/soccer.aidatasports.com\/images\/players\/47994.png\" alt=\"August Erlingmark\" onerror=\"this.onerror=null;this.src='https:\/\/soccer.aidatasports.com\/images\/players\/default-player.png';\"><span>August Erlingmark<\/span><\/a><\/div>\n<div class=\"player\"><a href=\"https:\/\/soccer.aidatasports.com\/fr\/players\/Oscar-Wendt-25633\"><img decoding=\"async\" src=\"https:\/\/soccer.aidatasports.com\/images\/players\/25633.png\" alt=\"Oscar Wendt\" onerror=\"this.onerror=null;this.src='https:\/\/soccer.aidatasports.com\/images\/players\/default-player.png';\"><span>Oscar Wendt<\/span><\/a><\/div>\n<div class=\"player\"><a href=\"https:\/\/soccer.aidatasports.com\/fr\/players\/Kolbeinn-Thordarson-28732\"><img decoding=\"async\" src=\"https:\/\/soccer.aidatasports.com\/images\/players\/28732.png\" alt=\"Kolbeinn Thordarson\" onerror=\"this.onerror=null;this.src='https:\/\/soccer.aidatasports.com\/images\/players\/default-player.png';\"><span>Kolbeinn Thordarson<\/span><\/a><\/div>\n<div class=\"player\"><a href=\"https:\/\/soccer.aidatasports.com\/fr\/players\/Adam-Carl\u00e9n-126979\"><img decoding=\"async\" src=\"https:\/\/soccer.aidatasports.com\/images\/players\/126979.png\" alt=\"Adam Carl\u00e9n\" onerror=\"this.onerror=null;this.src='https:\/\/soccer.aidatasports.com\/images\/players\/default-player.png';\"><span>Adam Carl\u00e9n<\/span><\/a><\/div>\n<div class=\"player\"><a href=\"https:\/\/soccer.aidatasports.com\/fr\/players\/Gustaf-Norlin-161056\"><img decoding=\"async\" src=\"https:\/\/soccer.aidatasports.com\/images\/players\/161056.png\" alt=\"Gustaf Norlin\" onerror=\"this.onerror=null;this.src='https:\/\/soccer.aidatasports.com\/images\/players\/default-player.png';\"><span>Gustaf Norlin<\/span><\/a><\/div>\n<div class=\"player\"><a href=\"https:\/\/soccer.aidatasports.com\/fr\/players\/Ramon-Pascal-Lundqvist-38702\"><img decoding=\"async\" src=\"https:\/\/soccer.aidatasports.com\/images\/players\/38702.png\" alt=\"Ramon Pascal Lundqvist\" onerror=\"this.onerror=null;this.src='https:\/\/soccer.aidatasports.com\/images\/players\/default-player.png';\"><span>Ramon Pascal Lundqvist<\/span><\/a><\/div>\n<div class=\"player\"><a href=\"https:\/\/soccer.aidatasports.com\/fr\/players\/Paulos-Abraham-198655\"><img decoding=\"async\" src=\"https:\/\/soccer.aidatasports.com\/images\/players\/198655.png\" alt=\"Paulos Abraham\" onerror=\"this.onerror=null;this.src='https:\/\/soccer.aidatasports.com\/images\/players\/default-player.png';\"><span>Paulos Abraham<\/span><\/a><\/div>\n<div class=\"player\"><a href=\"https:\/\/soccer.aidatasports.com\/fr\/players\/Laurs-Skjellerup-264739\"><img decoding=\"async\" src=\"https:\/\/soccer.aidatasports.com\/images\/players\/264739.png\" alt=\"Laurs Skjellerup\" onerror=\"this.onerror=null;this.src='https:\/\/soccer.aidatasports.com\/images\/players\/default-player.png';\"><span>Laurs Skjellerup<\/span><\/a><\/div>\n<\/div>\n<div>\n<h4>Suplentes:<\/h4>\n<div class=\"player\"><a href=\"https:\/\/soccer.aidatasports.com\/fr\/players\/Elis-Bishesari-338986\"><img decoding=\"async\" src=\"https:\/\/soccer.aidatasports.com\/images\/players\/338986.png\" alt=\"Elis Bishesari\" onerror=\"this.onerror=null;this.src='https:\/\/soccer.aidatasports.com\/images\/players\/default-player.png';\"><span>Elis Bishesari<\/span><\/a><\/div>\n<div class=\"player\"><a href=\"https:\/\/soccer.aidatasports.com\/fr\/players\/Rockson-Yeboah-428586\"><img decoding=\"async\" src=\"https:\/\/soccer.aidatasports.com\/images\/players\/428586.png\" alt=\"Rockson Yeboah\" onerror=\"this.onerror=null;this.src='https:\/\/soccer.aidatasports.com\/images\/players\/default-player.png';\"><span>Rockson Yeboah<\/span><\/a><\/div>\n<div class=\"player\"><a href=\"https:\/\/soccer.aidatasports.com\/fr\/players\/Emil-Salomonsson-33039\"><img decoding=\"async\" src=\"https:\/\/soccer.aidatasports.com\/images\/players\/33039.png\" alt=\"Emil Salomonsson\" onerror=\"this.onerror=null;this.src='https:\/\/soccer.aidatasports.com\/images\/players\/default-player.png';\"><span>Emil Salomonsson<\/span><\/a><\/div>\n<div class=\"player\"><a href=\"https:\/\/soccer.aidatasports.com\/fr\/players\/Anders-Trondsen-1184\"><img decoding=\"async\" src=\"https:\/\/soccer.aidatasports.com\/images\/players\/1184.png\" alt=\"Anders Trondsen\" onerror=\"this.onerror=null;this.src='https:\/\/soccer.aidatasports.com\/images\/players\/default-player.png';\"><span>Anders Trondsen<\/span><\/a><\/div>\n<div class=\"player\"><a href=\"https:\/\/soccer.aidatasports.com\/fr\/players\/Lucas-K\u00e5hed-269559\"><img decoding=\"async\" src=\"https:\/\/soccer.aidatasports.com\/images\/players\/269559.png\" alt=\"Lucas K\u00e5hed\" onerror=\"this.onerror=null;this.src='https:\/\/soccer.aidatasports.com\/images\/players\/default-player.png';\"><span>Lucas K\u00e5hed<\/span><\/a><\/div>\n<div class=\"player\"><a href=\"https:\/\/soccer.aidatasports.com\/fr\/players\/David-Kruse-277309\"><img decoding=\"async\" src=\"https:\/\/soccer.aidatasports.com\/images\/players\/277309.png\" alt=\"David Kruse\" onerror=\"this.onerror=null;this.src='https:\/\/soccer.aidatasports.com\/images\/players\/default-player.png';\"><span>David Kruse<\/span><\/a><\/div>\n<div class=\"player\"><a href=\"https:\/\/soccer.aidatasports.com\/fr\/players\/Hussein-Carneil-356568\"><img decoding=\"async\" src=\"https:\/\/soccer.aidatasports.com\/images\/players\/356568.png\" alt=\"Hussein Carneil\" onerror=\"this.onerror=null;this.src='https:\/\/soccer.aidatasports.com\/images\/players\/default-player.png';\"><span>Hussein Carneil<\/span><\/a><\/div>\n<div class=\"player\"><a href=\"https:\/\/soccer.aidatasports.com\/fr\/players\/Nikolai-Baden-Frederiksen-56296\"><img decoding=\"async\" src=\"https:\/\/soccer.aidatasports.com\/images\/players\/56296.png\" alt=\"Nikolai Baden Frederiksen\" onerror=\"this.onerror=null;this.src='https:\/\/soccer.aidatasports.com\/images\/players\/default-player.png';\"><span>Nikolai Baden Frederiksen<\/span><\/a><\/div>\n<div class=\"player\"><a href=\"https:\/\/soccer.aidatasports.com\/fr\/players\/Oscar-Pettersson-48057\"><img decoding=\"async\" src=\"https:\/\/soccer.aidatasports.com\/images\/players\/48057.png\" alt=\"Oscar Pettersson\" onerror=\"this.onerror=null;this.src='https:\/\/soccer.aidatasports.com\/images\/players\/default-player.png';\"><span>Oscar Pettersson<\/span><\/a><\/div>\n<\/div>\n<\/div>\n<\/div>\n<div class=\"team-lineup\">\n<h3>Halmstad<\/h3>\n<p><img decoding=\"async\" src=\"https:\/\/media.api-sports.io\/football\/teams\/766.png\" alt=\"Halmstad\" style=\"width: 50px; height: 50px;\"><\/p>\n<div class=\"players-container\">\n<div>\n<h4>Titulares:<\/h4>\n<div class=\"player\"><a href=\"https:\/\/soccer.aidatasports.com\/fr\/players\/Tim-R\u00f6nning-48058\"><img decoding=\"async\" src=\"https:\/\/soccer.aidatasports.com\/images\/players\/48058.png\" alt=\"Tim R\u00f6nning\" onerror=\"this.onerror=null;this.src='https:\/\/soccer.aidatasports.com\/images\/players\/default-player.png';\"><span>Tim R\u00f6nning<\/span><\/a><\/div>\n<div class=\"player\"><a href=\"https:\/\/soccer.aidatasports.com\/fr\/players\/Andre-Boman-47596\"><img decoding=\"async\" src=\"https:\/\/soccer.aidatasports.com\/images\/players\/47596.png\" alt=\"Andre Boman\" onerror=\"this.onerror=null;this.src='https:\/\/soccer.aidatasports.com\/images\/players\/default-player.png';\"><span>Andre Boman<\/span><\/a><\/div>\n<div class=\"player\"><a href=\"https:\/\/soccer.aidatasports.com\/fr\/players\/Gabriel-Wallentin-47963\"><img decoding=\"async\" src=\"https:\/\/soccer.aidatasports.com\/images\/players\/47963.png\" alt=\"Gabriel Wallentin\" onerror=\"this.onerror=null;this.src='https:\/\/soccer.aidatasports.com\/images\/players\/default-player.png';\"><span>Gabriel Wallentin<\/span><\/a><\/div>\n<div class=\"player\"><a href=\"https:\/\/soccer.aidatasports.com\/fr\/players\/Joseph-Baffo-25256\"><img decoding=\"async\" src=\"https:\/\/soccer.aidatasports.com\/images\/players\/25256.png\" alt=\"Joseph Baffo\" onerror=\"this.onerror=null;this.src='https:\/\/soccer.aidatasports.com\/images\/players\/default-player.png';\"><span>Joseph Baffo<\/span><\/a><\/div>\n<div class=\"player\"><a href=\"https:\/\/soccer.aidatasports.com\/fr\/players\/Marcus-Olsson-82006\"><img decoding=\"async\" src=\"https:\/\/soccer.aidatasports.com\/images\/players\/82006.png\" alt=\"Marcus Olsson\" onerror=\"this.onerror=null;this.src='https:\/\/soccer.aidatasports.com\/images\/players\/default-player.png';\"><span>Marcus Olsson<\/span><\/a><\/div>\n<div class=\"player\"><a href=\"https:\/\/soccer.aidatasports.com\/fr\/players\/Vinicius-Nogueira-404175\"><img decoding=\"async\" src=\"https:\/\/soccer.aidatasports.com\/images\/players\/404175.png\" alt=\"Vinicius Nogueira\" onerror=\"this.onerror=null;this.src='https:\/\/soccer.aidatasports.com\/images\/players\/default-player.png';\"><span>Vinicius Nogueira<\/span><\/a><\/div>\n<div class=\"player\"><a href=\"https:\/\/soccer.aidatasports.com\/fr\/players\/G\u00edsli-Eyj\u00f3lfsson-47719\"><img decoding=\"async\" src=\"https:\/\/soccer.aidatasports.com\/images\/players\/47719.png\" alt=\"G\u00edsli Eyj\u00f3lfsson\" onerror=\"this.onerror=null;this.src='https:\/\/soccer.aidatasports.com\/images\/players\/default-player.png';\"><span>G\u00edsli Eyj\u00f3lfsson<\/span><\/a><\/div>\n<div class=\"player\"><a href=\"https:\/\/soccer.aidatasports.com\/fr\/players\/Joel-Allansson-47966\"><img decoding=\"async\" src=\"https:\/\/soccer.aidatasports.com\/images\/players\/47966.png\" alt=\"Joel Allansson\" onerror=\"this.onerror=null;this.src='https:\/\/soccer.aidatasports.com\/images\/players\/default-player.png';\"><span>Joel Allansson<\/span><\/a><\/div>\n<div class=\"player\"><a href=\"https:\/\/soccer.aidatasports.com\/fr\/players\/Jonathan-Svedberg-47972\"><img decoding=\"async\" src=\"https:\/\/soccer.aidatasports.com\/images\/players\/47972.png\" alt=\"Jonathan Svedberg\" onerror=\"this.onerror=null;this.src='https:\/\/soccer.aidatasports.com\/images\/players\/default-player.png';\"><span>Jonathan Svedberg<\/span><\/a><\/div>\n<div class=\"player\"><a href=\"https:\/\/soccer.aidatasports.com\/fr\/players\/Birnir-Snaer-Ingason-28853\"><img decoding=\"async\" src=\"https:\/\/soccer.aidatasports.com\/images\/players\/28853.png\" alt=\"Birnir Snaer Ingason\" onerror=\"this.onerror=null;this.src='https:\/\/soccer.aidatasports.com\/images\/players\/default-player.png';\"><span>Birnir Snaer Ingason<\/span><\/a><\/div>\n<div class=\"player\"><a href=\"https:\/\/soccer.aidatasports.com\/fr\/players\/Villiam-Granath-161057\"><img decoding=\"async\" src=\"https:\/\/soccer.aidatasports.com\/images\/players\/161057.png\" alt=\"Villiam Granath\" onerror=\"this.onerror=null;this.src='https:\/\/soccer.aidatasports.com\/images\/players\/default-player.png';\"><span>Villiam Granath<\/span><\/a><\/div>\n<\/div>\n<div>\n<h4>Suplentes:<\/h4>\n<div class=\"player\"><a href=\"https:\/\/soccer.aidatasports.com\/fr\/players\/Alexander-Nielsen-463816\"><img decoding=\"async\" src=\"https:\/\/soccer.aidatasports.com\/images\/players\/463816.png\" alt=\"Alexander Nielsen\" onerror=\"this.onerror=null;this.src='https:\/\/soccer.aidatasports.com\/images\/players\/default-player.png';\"><span>Alexander Nielsen<\/span><\/a><\/div>\n<div class=\"player\"><a href=\"https:\/\/soccer.aidatasports.com\/fr\/players\/Andreas-Johansson-47959\"><img decoding=\"async\" src=\"https:\/\/soccer.aidatasports.com\/images\/players\/47959.png\" alt=\"Andreas Johansson\" onerror=\"this.onerror=null;this.src='https:\/\/soccer.aidatasports.com\/images\/players\/default-player.png';\"><span>Andreas Johansson<\/span><\/a><\/div>\n<div class=\"player\"><a href=\"https:\/\/soccer.aidatasports.com\/fr\/players\/Bleon-Kurtulus-442519\"><img decoding=\"async\" src=\"https:\/\/soccer.aidatasports.com\/images\/players\/442519.png\" alt=\"Bleon Kurtulus\" onerror=\"this.onerror=null;this.src='https:\/\/soccer.aidatasports.com\/images\/players\/default-player.png';\"><span>Bleon Kurtulus<\/span><\/a><\/div>\n<div class=\"player\"><a href=\"https:\/\/soccer.aidatasports.com\/fr\/players\/Albin-Ahlstrand-356721\"><img decoding=\"async\" src=\"https:\/\/soccer.aidatasports.com\/images\/players\/356721.png\" alt=\"Albin Ahlstrand\" onerror=\"this.onerror=null;this.src='https:\/\/soccer.aidatasports.com\/images\/players\/default-player.png';\"><span>Albin Ahlstrand<\/span><\/a><\/div>\n<div class=\"player\"><a href=\"https:\/\/soccer.aidatasports.com\/fr\/players\/Noah-S\u00f6derberg-162384\"><img decoding=\"async\" src=\"https:\/\/soccer.aidatasports.com\/images\/players\/162384.png\" alt=\"Noah S\u00f6derberg\" onerror=\"this.onerror=null;this.src='https:\/\/soccer.aidatasports.com\/images\/players\/default-player.png';\"><span>Noah S\u00f6derberg<\/span><\/a><\/div>\n<div class=\"player\"><a href=\"https:\/\/soccer.aidatasports.com\/fr\/players\/Yannick-Agnero-386756\"><img decoding=\"async\" src=\"https:\/\/soccer.aidatasports.com\/images\/players\/386756.png\" alt=\"Yannick Agnero\" onerror=\"this.onerror=null;this.src='https:\/\/soccer.aidatasports.com\/images\/players\/default-player.png';\"><span>Yannick Agnero<\/span><\/a><\/div>\n<div class=\"player\"><a href=\"https:\/\/soccer.aidatasports.com\/fr\/players\/Rasmus-Wiedesheim-Paul-47978\"><img decoding=\"async\" src=\"https:\/\/soccer.aidatasports.com\/images\/players\/47978.png\" alt=\"Rasmus Wiedesheim-Paul\" onerror=\"this.onerror=null;this.src='https:\/\/soccer.aidatasports.com\/images\/players\/default-player.png';\"><span>Rasmus Wiedesheim-Paul<\/span><\/a><\/div>\n<div class=\"player\"><a href=\"https:\/\/soccer.aidatasports.com\/fr\/players\/Blair-Turgott-18724\"><img decoding=\"async\" src=\"https:\/\/soccer.aidatasports.com\/images\/players\/18724.png\" alt=\"Blair Turgott\" onerror=\"this.onerror=null;this.src='https:\/\/soccer.aidatasports.com\/images\/players\/default-player.png';\"><span>Blair Turgott<\/span><\/a><\/div>\n<div class=\"player\"><a href=\"https:\/\/soccer.aidatasports.com\/fr\/players\/Jesper-Jonasson-Westermark-100050\"><img decoding=\"async\" src=\"https:\/\/soccer.aidatasports.com\/images\/players\/100050.png\" alt=\"Jesper Jonasson Westermark\" onerror=\"this.onerror=null;this.src='https:\/\/soccer.aidatasports.com\/images\/players\/default-player.png';\"><span>Jesper Jonasson Westermark<\/span><\/a><\/div>\n<\/div>\n<\/div>\n<\/div>\n<\/div>\n<div id=\"wg-api-football-game\"\n                    data-host=\"xxxxx\"\n                    data-key=\"xxxx\"\n                    data-id=\"1164256\"\n                    data-theme=\"\"\n                    data-refresh=\"15\"\n                    data-show-errors=\"false\"\n                    data-show-logos=\"true\"><br \/>\n                    class=\u00a0\u00bbwg_loader\u00a0\u00bb>\n                <\/div>\n<div id=\"wg-api-football-standings\"\n                    data-host=\"xxxx\"\n                    data-key=\"ddddd\"\n                    data-league=\"113\"\n                    data-team=\"\"\n                    data-season=\"2024\"\n                    data-theme=\"\"\n                    data-show-errors=\"false\"\n                    data-show-logos=\"true\"\n                    class=\"wg_loader\">\n                <\/div>\n<p>                <script\n                    type=\"module\"\n                    src=\"https:\/\/soccer.aidatasports.com\/wp-content\/customjs\/widgetslocal.js\">\n                <\/script><\/p>\n","protected":false},"excerpt":{"rendered":"<p>** Halmstad arrache un nul face \u00e0 l&rsquo;IFK G\u00f6teborg Le match entre Halmstad et l&rsquo;IFK&hellip;<\/p>\n","protected":false},"author":1,"featured_media":60160,"comment_status":"open","ping_status":"open","sticky":false,"template":"","format":"standard","meta":{"content-type":"","pmpro_default_level":"","_lmt_disableupdate":"","_lmt_disable":"","_league":1,"_fixture":1164256,"penci_pfeatured_image_ratio":"","penci_single_style":"","footnotes":""},"categories":[1],"tags":[846,483],"class_list":["post-60161","post","type-post","status-publish","format-standard","has-post-thumbnail","hentry","category-uncategorized","tag-halmstad-sweden-766","tag-ifk-goteborg-sweden-366","pmpro-has-access"],"_links":{"self":[{"href":"https:\/\/soccer.aidatasports.com\/fr\/wp-json\/wp\/v2\/posts\/60161"}],"collection":[{"href":"https:\/\/soccer.aidatasports.com\/fr\/wp-json\/wp\/v2\/posts"}],"about":[{"href":"https:\/\/soccer.aidatasports.com\/fr\/wp-json\/wp\/v2\/types\/post"}],"author":[{"embeddable":true,"href":"https:\/\/soccer.aidatasports.com\/fr\/wp-json\/wp\/v2\/users\/1"}],"replies":[{"embeddable":true,"href":"https:\/\/soccer.aidatasports.com\/fr\/wp-json\/wp\/v2\/comments?post=60161"}],"version-history":[{"count":0,"href":"https:\/\/soccer.aidatasports.com\/fr\/wp-json\/wp\/v2\/posts\/60161\/revisions"}],"wp:featuredmedia":[{"embeddable":true,"href":"https:\/\/soccer.aidatasports.com\/fr\/wp-json\/wp\/v2\/media\/60160"}],"wp:attachment":[{"href":"https:\/\/soccer.aidatasports.com\/fr\/wp-json\/wp\/v2\/media?parent=60161"}],"wp:term":[{"taxonomy":"category","embeddable":true,"href":"https:\/\/soccer.aidatasports.com\/fr\/wp-json\/wp\/v2\/categories?post=60161"},{"taxonomy":"post_tag","embeddable":true,"href":"https:\/\/soccer.aidatasports.com\/fr\/wp-json\/wp\/v2\/tags?post=60161"}],"curies":[{"name":"wp","href":"https:\/\/api.w.org\/{rel}","templated":true}]}}