{"id":55385,"date":"2024-09-15T23:40:19","date_gmt":"2024-09-15T23:40:19","guid":{"rendered":"https:\/\/soccer.aidatasports.com\/fr\/uncategorized\/chapecoense-sc-vs-ceara-sep-15-2024-2130-utc\/"},"modified":"2024-09-15T23:40:19","modified_gmt":"2024-09-15T23:40:19","slug":"chapecoense-sc-vs-ceara-sep-15-2024-2130-utc","status":"publish","type":"post","link":"https:\/\/soccer.aidatasports.com\/fr\/uncategorized\/chapecoense-sc-vs-ceara-sep-15-2024-2130-utc\/","title":{"rendered":"Chapecoense-sc vs Ceara Sep 15 2024 21:30 UTC"},"content":{"rendered":"<p>**<\/p>\n<h1>La Chapecoense-sc bat le Cear\u00e1 dans un match passionnant<\/h1>\n<p><strong>Chapec\u00f3, Santa Catarina &#8211;<\/strong> La Chapecoense-sc a battu le Cear\u00e1 lors d&rsquo;un match vibrant qui s&rsquo;est termin\u00e9 sur le score de 3-1. Le match, correspondant \u00e0 la 26e journ\u00e9e de la S\u00e9rie B br\u00e9silienne, s&rsquo;est jou\u00e9 \u00e0 l&rsquo;Arena Cond\u00e1 sous le regard attentif de l&rsquo;arbitre Paulo Schleich Vollkopf.<\/p>\n<p>Le Cear\u00e1 a ouvert le score \u00e0 la 39e minute avec un but contre son camp de Mancha, mais la joie a \u00e9t\u00e9 de courte dur\u00e9e. Jhonnathan a \u00e9galis\u00e9 pour la Chapecoense-sc \u00e0 la 45e minute, profitant d&rsquo;une passe de Marcinho. La deuxi\u00e8me mi-temps a commenc\u00e9 avec la Chapecoense-sc qui a press\u00e9 fort et Marcelinho a marqu\u00e9 le deuxi\u00e8me but de l&rsquo;\u00e9quipe \u00e0 la 59e minute, avec une passe de Foguinho. L&rsquo;\u00e9quipe visiteuse a tent\u00e9 de r\u00e9agir, mais c&rsquo;est la Chapecoense-sc qui a \u00e9tendu son avance gr\u00e2ce \u00e0 un nouveau but de Marcelinho, \u00e0 la 83e minute.<\/p>\n<p>Le match a \u00e9t\u00e9 marqu\u00e9 par l&rsquo;intensit\u00e9 et la comp\u00e9tition, ce qui a donn\u00e9 lieu \u00e0 un total de 10 cartons jaunes, 5 pour la Chapecoense-sc et 2 pour le Cear\u00e1.<\/p>\n<p>En termes de possession, le Cear\u00e1 a domin\u00e9 la rencontre avec 58%, tandis que la Chapecoense-sc est rest\u00e9e \u00e0 42%. En termes de tirs, le Cear\u00e1 a enregistr\u00e9 10 tirs (4 cadr\u00e9s), tandis que la Chapecoense-sc en a eu 8 (4 cadr\u00e9s).<\/p>\n<p>Avec ce r\u00e9sultat, la Chapecoense-sc se rapproche des places de promotion en S\u00e9rie B.<\/p>\n<p>**<\/p>\n<p>Remplacements dans l&rsquo;quipe de ceara: \u00c0 la 46e minute, Rai Ramos est entr\u00e9 et Lucas Mugni est sorti., \u00c0 la 64e minute, F. Barcelo est entr\u00e9 et Lucas Rian est sorti., \u00c0 la 77e minute, J. Recalde est entr\u00e9 et De Lucca est sorti., \u00c0 la 88e minute, Andrey est entr\u00e9 et Lourenco est sorti., \u00c0 la 89e minute, Talisson est entr\u00e9 et Eric est sorti. <\/p>\n<p>Remplacements dans l&rsquo;quipe de chapecoense-sc: \u00c0 la 46e minute, Foguinho est entr\u00e9 et Thomas Bedinelli est sorti., \u00c0 la 46e minute, Giovanni Augusto est entr\u00e9 et Auremir est sorti., \u00c0 la 68e minute, Pedro Perotti est entr\u00e9 et Mario Sergio est sorti., \u00c0 la 82e minute, Vitor Becker est entr\u00e9 et Marcinho est sorti., \u00c0 la 87e minute, Marcelinho est entr\u00e9 et Rafael Carvalheira est sorti. <\/p>\n<p>Les \u00e9quipes se sont align\u00e9es comme suit:<\/p>\n<div class=\"lineups-container\">\n<style>\n                .lineups-container {\n                    display: flex;\n                    justify-content: space-around;\n                    flex-wrap: wrap;\n                }\n                .team-lineup {\n                    width: 49%;\n                    margin-bottom: 20px;\n                    border: 1px solid #ccc;\n                    padding: 5px;\n                }\n                .team-lineup h3 {\n                    text-align: center;\n                    margin-bottom: 10px;\n                }\n                .players-container {\n                    display: flex;\n                    justify-content: space-between;\n                }\n                .players-container div {\n                    width: 100%;\n                }\n                .player {\n                    display: flex;\n                    align-items: center;\n                    margin-bottom: 5px;\n                }\n                .player img {\n                    width: 30px;\n                    height: 30px;\n                    border-radius: 50%;\n                    margin-right: 10px;\n                }\n                    @media (max-width: 600px) {\n                    .team-lineup {\n                        width: 100%;\n                    }\n                }\n                <\/style>\n<div class=\"team-lineup\">\n<h3>Chapecoense-sc<\/h3>\n<p><img decoding=\"async\" src=\"https:\/\/media.api-sports.io\/football\/teams\/132.png\" alt=\"Chapecoense-sc\" style=\"width: 50px; height: 50px;\"><\/p>\n<div class=\"players-container\">\n<div>\n<h4>Titulares:<\/h4>\n<div class=\"player\"><a href=\"https:\/\/soccer.aidatasports.com\/fr\/players\/L\u00e9o-Vieira-10109\"><img decoding=\"async\" src=\"https:\/\/soccer.aidatasports.com\/images\/players\/10109.png\" alt=\"L\u00e9o Vieira\" onerror=\"this.onerror=null;this.src='https:\/\/soccer.aidatasports.com\/images\/players\/default-player.png';\"><span>L\u00e9o Vieira<\/span><\/a><\/div>\n<div class=\"player\"><a href=\"https:\/\/soccer.aidatasports.com\/fr\/players\/Marcelinho-268877\"><img decoding=\"async\" src=\"https:\/\/soccer.aidatasports.com\/images\/players\/268877.png\" alt=\"Marcelinho\" onerror=\"this.onerror=null;this.src='https:\/\/soccer.aidatasports.com\/images\/players\/default-player.png';\"><span>Marcelinho<\/span><\/a><\/div>\n<div class=\"player\"><a href=\"https:\/\/soccer.aidatasports.com\/fr\/players\/Jhonnathan-279812\"><img decoding=\"async\" src=\"https:\/\/soccer.aidatasports.com\/images\/players\/279812.png\" alt=\"Jhonnathan\" onerror=\"this.onerror=null;this.src='https:\/\/soccer.aidatasports.com\/images\/players\/default-player.png';\"><span>Jhonnathan<\/span><\/a><\/div>\n<div class=\"player\"><a href=\"https:\/\/soccer.aidatasports.com\/fr\/players\/Eduardo-Doma-106467\"><img decoding=\"async\" src=\"https:\/\/soccer.aidatasports.com\/images\/players\/106467.png\" alt=\"Eduardo Doma\" onerror=\"this.onerror=null;this.src='https:\/\/soccer.aidatasports.com\/images\/players\/default-player.png';\"><span>Eduardo Doma<\/span><\/a><\/div>\n<div class=\"player\"><a href=\"https:\/\/soccer.aidatasports.com\/fr\/players\/Mancha-306254\"><img decoding=\"async\" src=\"https:\/\/soccer.aidatasports.com\/images\/players\/306254.png\" alt=\"Mancha\" onerror=\"this.onerror=null;this.src='https:\/\/soccer.aidatasports.com\/images\/players\/default-player.png';\"><span>Mancha<\/span><\/a><\/div>\n<div class=\"player\"><a href=\"https:\/\/soccer.aidatasports.com\/fr\/players\/Auremir-78045\"><img decoding=\"async\" src=\"https:\/\/soccer.aidatasports.com\/images\/players\/78045.png\" alt=\"Auremir\" onerror=\"this.onerror=null;this.src='https:\/\/soccer.aidatasports.com\/images\/players\/default-player.png';\"><span>Auremir<\/span><\/a><\/div>\n<div class=\"player\"><a href=\"https:\/\/soccer.aidatasports.com\/fr\/players\/Tarik-Boschetti-27038\"><img decoding=\"async\" src=\"https:\/\/soccer.aidatasports.com\/images\/players\/27038.png\" alt=\"Tarik Boschetti\" onerror=\"this.onerror=null;this.src='https:\/\/soccer.aidatasports.com\/images\/players\/default-player.png';\"><span>Tarik Boschetti<\/span><\/a><\/div>\n<div class=\"player\"><a href=\"https:\/\/soccer.aidatasports.com\/fr\/players\/Rafael-Carvalheira-106495\"><img decoding=\"async\" src=\"https:\/\/soccer.aidatasports.com\/images\/players\/106495.png\" alt=\"Rafael Carvalheira\" onerror=\"this.onerror=null;this.src='https:\/\/soccer.aidatasports.com\/images\/players\/default-player.png';\"><span>Rafael Carvalheira<\/span><\/a><\/div>\n<div class=\"player\"><a href=\"https:\/\/soccer.aidatasports.com\/fr\/players\/Thom\u00e1s-26991\"><img decoding=\"async\" src=\"https:\/\/soccer.aidatasports.com\/images\/players\/26991.png\" alt=\"Thom\u00e1s\" onerror=\"this.onerror=null;this.src='https:\/\/soccer.aidatasports.com\/images\/players\/default-player.png';\"><span>Thom\u00e1s<\/span><\/a><\/div>\n<div class=\"player\"><a href=\"https:\/\/soccer.aidatasports.com\/fr\/players\/Marcinho-10363\"><img decoding=\"async\" src=\"https:\/\/soccer.aidatasports.com\/images\/players\/10363.png\" alt=\"Marcinho\" onerror=\"this.onerror=null;this.src='https:\/\/soccer.aidatasports.com\/images\/players\/default-player.png';\"><span>Marcinho<\/span><\/a><\/div>\n<div class=\"player\"><a href=\"https:\/\/soccer.aidatasports.com\/fr\/players\/M\u00e1rio-S\u00e9rgio-Pereira-77899\"><img decoding=\"async\" src=\"https:\/\/soccer.aidatasports.com\/images\/players\/77899.png\" alt=\"M\u00e1rio S\u00e9rgio Pereira\" onerror=\"this.onerror=null;this.src='https:\/\/soccer.aidatasports.com\/images\/players\/default-player.png';\"><span>M\u00e1rio S\u00e9rgio Pereira<\/span><\/a><\/div>\n<\/div>\n<div>\n<h4>Suplentes:<\/h4>\n<div class=\"player\"><a href=\"https:\/\/soccer.aidatasports.com\/fr\/players\/Foguinho-125648\"><img decoding=\"async\" src=\"https:\/\/soccer.aidatasports.com\/images\/players\/125648.png\" alt=\"Foguinho\" onerror=\"this.onerror=null;this.src='https:\/\/soccer.aidatasports.com\/images\/players\/default-player.png';\"><span>Foguinho<\/span><\/a><\/div>\n<div class=\"player\"><a href=\"https:\/\/soccer.aidatasports.com\/fr\/players\/Giovanni-Augusto-10356\"><img decoding=\"async\" src=\"https:\/\/soccer.aidatasports.com\/images\/players\/10356.png\" alt=\"Giovanni Augusto\" onerror=\"this.onerror=null;this.src='https:\/\/soccer.aidatasports.com\/images\/players\/default-player.png';\"><span>Giovanni Augusto<\/span><\/a><\/div>\n<div class=\"player\"><a href=\"https:\/\/soccer.aidatasports.com\/fr\/players\/Perotti-10220\"><img decoding=\"async\" src=\"https:\/\/soccer.aidatasports.com\/images\/players\/10220.png\" alt=\"Perotti\" onerror=\"this.onerror=null;this.src='https:\/\/soccer.aidatasports.com\/images\/players\/default-player.png';\"><span>Perotti<\/span><\/a><\/div>\n<div class=\"player\"><a href=\"https:\/\/soccer.aidatasports.com\/fr\/players\/Matheus-Cavichioli-9373\"><img decoding=\"async\" src=\"https:\/\/soccer.aidatasports.com\/images\/players\/9373.png\" alt=\"Matheus Cavichioli\" onerror=\"this.onerror=null;this.src='https:\/\/soccer.aidatasports.com\/images\/players\/default-player.png';\"><span>Matheus Cavichioli<\/span><\/a><\/div>\n<div class=\"player\"><a href=\"https:\/\/soccer.aidatasports.com\/fr\/players\/Victor-Caetano-9666\"><img decoding=\"async\" src=\"https:\/\/soccer.aidatasports.com\/images\/players\/9666.png\" alt=\"Victor Caetano\" onerror=\"this.onerror=null;this.src='https:\/\/soccer.aidatasports.com\/images\/players\/default-player.png';\"><span>Victor Caetano<\/span><\/a><\/div>\n<div class=\"player\"><a href=\"https:\/\/soccer.aidatasports.com\/fr\/players\/Kauan-352220\"><img decoding=\"async\" src=\"https:\/\/soccer.aidatasports.com\/images\/players\/352220.png\" alt=\"Kauan\" onerror=\"this.onerror=null;this.src='https:\/\/soccer.aidatasports.com\/images\/players\/default-player.png';\"><span>Kauan<\/span><\/a><\/div>\n<div class=\"player\"><a href=\"https:\/\/soccer.aidatasports.com\/fr\/players\/Marcelinho-159797\"><img decoding=\"async\" src=\"https:\/\/soccer.aidatasports.com\/images\/players\/159797.png\" alt=\"Marcelinho\" onerror=\"this.onerror=null;this.src='https:\/\/soccer.aidatasports.com\/images\/players\/default-player.png';\"><span>Marcelinho<\/span><\/a><\/div>\n<div class=\"player\"><a href=\"https:\/\/soccer.aidatasports.com\/fr\/players\/Buchecha-306177\"><img decoding=\"async\" src=\"https:\/\/soccer.aidatasports.com\/images\/players\/306177.png\" alt=\"Buchecha\" onerror=\"this.onerror=null;this.src='https:\/\/soccer.aidatasports.com\/images\/players\/default-player.png';\"><span>Buchecha<\/span><\/a><\/div>\n<div class=\"player\"><a href=\"https:\/\/soccer.aidatasports.com\/fr\/players\/Ne\u00edlton-10403\"><img decoding=\"async\" src=\"https:\/\/soccer.aidatasports.com\/images\/players\/10403.png\" alt=\"Ne\u00edlton\" onerror=\"this.onerror=null;this.src='https:\/\/soccer.aidatasports.com\/images\/players\/default-player.png';\"><span>Ne\u00edlton<\/span><\/a><\/div>\n<div class=\"player\"><a href=\"https:\/\/soccer.aidatasports.com\/fr\/players\/Marlone-10346\"><img decoding=\"async\" src=\"https:\/\/soccer.aidatasports.com\/images\/players\/10346.png\" alt=\"Marlone\" onerror=\"this.onerror=null;this.src='https:\/\/soccer.aidatasports.com\/images\/players\/default-player.png';\"><span>Marlone<\/span><\/a><\/div>\n<div class=\"player\"><a href=\"https:\/\/soccer.aidatasports.com\/fr\/players\/Walter-Clar-70793\"><img decoding=\"async\" src=\"https:\/\/soccer.aidatasports.com\/images\/players\/70793.png\" alt=\"Walter Clar\" onerror=\"this.onerror=null;this.src='https:\/\/soccer.aidatasports.com\/images\/players\/default-player.png';\"><span>Walter Clar<\/span><\/a><\/div>\n<div class=\"player\"><a href=\"https:\/\/soccer.aidatasports.com\/fr\/players\/Jenison-9438\"><img decoding=\"async\" src=\"https:\/\/soccer.aidatasports.com\/images\/players\/9438.png\" alt=\"Jenison\" onerror=\"this.onerror=null;this.src='https:\/\/soccer.aidatasports.com\/images\/players\/default-player.png';\"><span>Jenison<\/span><\/a><\/div>\n<\/div>\n<\/div>\n<\/div>\n<div class=\"team-lineup\">\n<h3>Ceara<\/h3>\n<p><img decoding=\"async\" src=\"https:\/\/media.api-sports.io\/football\/teams\/129.png\" alt=\"Ceara\" style=\"width: 50px; height: 50px;\"><\/p>\n<div class=\"players-container\">\n<div>\n<h4>Titulares:<\/h4>\n<div class=\"player\"><a href=\"https:\/\/soccer.aidatasports.com\/fr\/players\/Richard-80184\"><img decoding=\"async\" src=\"https:\/\/soccer.aidatasports.com\/images\/players\/80184.png\" alt=\"Richard\" onerror=\"this.onerror=null;this.src='https:\/\/soccer.aidatasports.com\/images\/players\/default-player.png';\"><span>Richard<\/span><\/a><\/div>\n<div class=\"player\"><a href=\"https:\/\/soccer.aidatasports.com\/fr\/players\/Rafael-Ramos-36832\"><img decoding=\"async\" src=\"https:\/\/soccer.aidatasports.com\/images\/players\/36832.png\" alt=\"Rafael Ramos\" onerror=\"this.onerror=null;this.src='https:\/\/soccer.aidatasports.com\/images\/players\/default-player.png';\"><span>Rafael Ramos<\/span><\/a><\/div>\n<div class=\"player\"><a href=\"https:\/\/soccer.aidatasports.com\/fr\/players\/Matheus-Felipe-160101\"><img decoding=\"async\" src=\"https:\/\/soccer.aidatasports.com\/images\/players\/160101.png\" alt=\"Matheus Felipe\" onerror=\"this.onerror=null;this.src='https:\/\/soccer.aidatasports.com\/images\/players\/default-player.png';\"><span>Matheus Felipe<\/span><\/a><\/div>\n<div class=\"player\"><a href=\"https:\/\/soccer.aidatasports.com\/fr\/players\/David-Ricardo-305976\"><img decoding=\"async\" src=\"https:\/\/soccer.aidatasports.com\/images\/players\/305976.png\" alt=\"David Ricardo\" onerror=\"this.onerror=null;this.src='https:\/\/soccer.aidatasports.com\/images\/players\/default-player.png';\"><span>David Ricardo<\/span><\/a><\/div>\n<div class=\"player\"><a href=\"https:\/\/soccer.aidatasports.com\/fr\/players\/Eric-404399\"><img decoding=\"async\" src=\"https:\/\/soccer.aidatasports.com\/images\/players\/404399.png\" alt=\"Eric\" onerror=\"this.onerror=null;this.src='https:\/\/soccer.aidatasports.com\/images\/players\/default-player.png';\"><span>Eric<\/span><\/a><\/div>\n<div class=\"player\"><a href=\"https:\/\/soccer.aidatasports.com\/fr\/players\/Lucas-Rian-304482\"><img decoding=\"async\" src=\"https:\/\/soccer.aidatasports.com\/images\/players\/304482.png\" alt=\"Lucas Rian\" onerror=\"this.onerror=null;this.src='https:\/\/soccer.aidatasports.com\/images\/players\/default-player.png';\"><span>Lucas Rian<\/span><\/a><\/div>\n<div class=\"player\"><a href=\"https:\/\/soccer.aidatasports.com\/fr\/players\/Patrick-De-Lucca-9910\"><img decoding=\"async\" src=\"https:\/\/soccer.aidatasports.com\/images\/players\/9910.png\" alt=\"Patrick De Lucca\" onerror=\"this.onerror=null;this.src='https:\/\/soccer.aidatasports.com\/images\/players\/default-player.png';\"><span>Patrick De Lucca<\/span><\/a><\/div>\n<div class=\"player\"><a href=\"https:\/\/soccer.aidatasports.com\/fr\/players\/Lucas-Mugni-65837\"><img decoding=\"async\" src=\"https:\/\/soccer.aidatasports.com\/images\/players\/65837.png\" alt=\"Lucas Mugni\" onerror=\"this.onerror=null;this.src='https:\/\/soccer.aidatasports.com\/images\/players\/default-player.png';\"><span>Lucas Mugni<\/span><\/a><\/div>\n<div class=\"player\"><a href=\"https:\/\/soccer.aidatasports.com\/fr\/players\/Louren\u00e7o-10544\"><img decoding=\"async\" src=\"https:\/\/soccer.aidatasports.com\/images\/players\/10544.png\" alt=\"Louren\u00e7o\" onerror=\"this.onerror=null;this.src='https:\/\/soccer.aidatasports.com\/images\/players\/default-player.png';\"><span>Louren\u00e7o<\/span><\/a><\/div>\n<div class=\"player\"><a href=\"https:\/\/soccer.aidatasports.com\/fr\/players\/Aylon-10223\"><img decoding=\"async\" src=\"https:\/\/soccer.aidatasports.com\/images\/players\/10223.png\" alt=\"Aylon\" onerror=\"this.onerror=null;this.src='https:\/\/soccer.aidatasports.com\/images\/players\/default-player.png';\"><span>Aylon<\/span><\/a><\/div>\n<div class=\"player\"><a href=\"https:\/\/soccer.aidatasports.com\/fr\/players\/Erick-Pulga-303127\"><img decoding=\"async\" src=\"https:\/\/soccer.aidatasports.com\/images\/players\/303127.png\" alt=\"Erick Pulga\" onerror=\"this.onerror=null;this.src='https:\/\/soccer.aidatasports.com\/images\/players\/default-player.png';\"><span>Erick Pulga<\/span><\/a><\/div>\n<\/div>\n<div>\n<h4>Suplentes:<\/h4>\n<div class=\"player\"><a href=\"https:\/\/soccer.aidatasports.com\/fr\/players\/Facundo-Barcel\u00f3-35857\"><img decoding=\"async\" src=\"https:\/\/soccer.aidatasports.com\/images\/players\/35857.png\" alt=\"Facundo Barcel\u00f3\" onerror=\"this.onerror=null;this.src='https:\/\/soccer.aidatasports.com\/images\/players\/default-player.png';\"><span>Facundo Barcel\u00f3<\/span><\/a><\/div>\n<div class=\"player\"><a href=\"https:\/\/soccer.aidatasports.com\/fr\/players\/Jorge-Recalde-70738\"><img decoding=\"async\" src=\"https:\/\/soccer.aidatasports.com\/images\/players\/70738.png\" alt=\"Jorge Recalde\" onerror=\"this.onerror=null;this.src='https:\/\/soccer.aidatasports.com\/images\/players\/default-player.png';\"><span>Jorge Recalde<\/span><\/a><\/div>\n<div class=\"player\"><a href=\"https:\/\/soccer.aidatasports.com\/fr\/players\/Bruno-Ferreira-54689\"><img decoding=\"async\" src=\"https:\/\/soccer.aidatasports.com\/images\/players\/54689.png\" alt=\"Bruno Ferreira\" onerror=\"this.onerror=null;this.src='https:\/\/soccer.aidatasports.com\/images\/players\/default-player.png';\"><span>Bruno Ferreira<\/span><\/a><\/div>\n<div class=\"player\"><a href=\"https:\/\/soccer.aidatasports.com\/fr\/players\/Jo\u00e3o-Pedro-Tchoca-415085\"><img decoding=\"async\" src=\"https:\/\/soccer.aidatasports.com\/images\/players\/415085.png\" alt=\"Jo\u00e3o Pedro Tchoca\" onerror=\"this.onerror=null;this.src='https:\/\/soccer.aidatasports.com\/images\/players\/default-player.png';\"><span>Jo\u00e3o Pedro Tchoca<\/span><\/a><\/div>\n<div class=\"player\"><a href=\"https:\/\/soccer.aidatasports.com\/fr\/players\/Ramon-9525\"><img decoding=\"async\" src=\"https:\/\/soccer.aidatasports.com\/images\/players\/9525.png\" alt=\"Ramon\" onerror=\"this.onerror=null;this.src='https:\/\/soccer.aidatasports.com\/images\/players\/default-player.png';\"><span>Ramon<\/span><\/a><\/div>\n<div class=\"player\"><a href=\"https:\/\/soccer.aidatasports.com\/fr\/players\/Ra\u00ed-Ramos-9272\"><img decoding=\"async\" src=\"https:\/\/soccer.aidatasports.com\/images\/players\/9272.png\" alt=\"Ra\u00ed Ramos\" onerror=\"this.onerror=null;this.src='https:\/\/soccer.aidatasports.com\/images\/players\/default-player.png';\"><span>Ra\u00ed Ramos<\/span><\/a><\/div>\n<div class=\"player\"><a href=\"https:\/\/soccer.aidatasports.com\/fr\/players\/Andrey-10571\"><img decoding=\"async\" src=\"https:\/\/soccer.aidatasports.com\/images\/players\/10571.png\" alt=\"Andrey\" onerror=\"this.onerror=null;this.src='https:\/\/soccer.aidatasports.com\/images\/players\/default-player.png';\"><span>Andrey<\/span><\/a><\/div>\n<div class=\"player\"><a href=\"https:\/\/soccer.aidatasports.com\/fr\/players\/Rafinha-404741\"><img decoding=\"async\" src=\"https:\/\/soccer.aidatasports.com\/images\/players\/404741.png\" alt=\"Rafinha\" onerror=\"this.onerror=null;this.src='https:\/\/soccer.aidatasports.com\/images\/players\/default-player.png';\"><span>Rafinha<\/span><\/a><\/div>\n<div class=\"player\"><a href=\"https:\/\/soccer.aidatasports.com\/fr\/players\/Facundo-Castro-35636\"><img decoding=\"async\" src=\"https:\/\/soccer.aidatasports.com\/images\/players\/35636.png\" alt=\"Facundo Castro\" onerror=\"this.onerror=null;this.src='https:\/\/soccer.aidatasports.com\/images\/players\/default-player.png';\"><span>Facundo Castro<\/span><\/a><\/div>\n<div class=\"player\"><a href=\"https:\/\/soccer.aidatasports.com\/fr\/players\/Jean-Irmer-10065\"><img decoding=\"async\" src=\"https:\/\/soccer.aidatasports.com\/images\/players\/10065.png\" alt=\"Jean Irmer\" onerror=\"this.onerror=null;this.src='https:\/\/soccer.aidatasports.com\/images\/players\/default-player.png';\"><span>Jean Irmer<\/span><\/a><\/div>\n<div class=\"player\"><a href=\"https:\/\/soccer.aidatasports.com\/fr\/players\/Talisson-403950\"><img decoding=\"async\" src=\"https:\/\/soccer.aidatasports.com\/images\/players\/403950.png\" alt=\"Talisson\" onerror=\"this.onerror=null;this.src='https:\/\/soccer.aidatasports.com\/images\/players\/default-player.png';\"><span>Talisson<\/span><\/a><\/div>\n<\/div>\n<\/div>\n<\/div>\n<\/div>\n<div id=\"wg-api-football-game\"\n                    data-host=\"xxxxx\"\n                    data-key=\"xxxx\"\n                    data-id=\"1183274\"\n                    data-theme=\"\"\n                    data-refresh=\"15\"\n                    data-show-errors=\"false\"\n                    data-show-logos=\"true\"><br \/>\n                    class=\u00a0\u00bbwg_loader\u00a0\u00bb>\n                <\/div>\n<div id=\"wg-api-football-standings\"\n                    data-host=\"xxxx\"\n                    data-key=\"ddddd\"\n                    data-league=\"72\"\n                    data-team=\"\"\n                    data-season=\"2024\"\n                    data-theme=\"\"\n                    data-show-errors=\"false\"\n                    data-show-logos=\"true\"\n                    class=\"wg_loader\">\n                <\/div>\n<p>                <script\n                    type=\"module\"\n                    src=\"https:\/\/soccer.aidatasports.com\/wp-content\/customjs\/widgetslocal.js\">\n                <\/script><\/p>\n","protected":false},"excerpt":{"rendered":"<p>** La Chapecoense-sc bat le Cear\u00e1 dans un match passionnant Chapec\u00f3, Santa Catarina &#8211; La&hellip;<\/p>\n","protected":false},"author":1,"featured_media":55384,"comment_status":"open","ping_status":"open","sticky":false,"template":"","format":"standard","meta":{"content-type":"","pmpro_default_level":"","_lmt_disableupdate":"","_lmt_disable":"","_league":1,"_fixture":1183274,"penci_pfeatured_image_ratio":"","penci_single_style":"","footnotes":""},"categories":[1],"tags":[252,255],"class_list":["post-55385","post","type-post","status-publish","format-standard","has-post-thumbnail","hentry","category-uncategorized","tag-ceara-brazil-129","tag-chapecoense-sc-brazil-132","pmpro-has-access"],"_links":{"self":[{"href":"https:\/\/soccer.aidatasports.com\/fr\/wp-json\/wp\/v2\/posts\/55385"}],"collection":[{"href":"https:\/\/soccer.aidatasports.com\/fr\/wp-json\/wp\/v2\/posts"}],"about":[{"href":"https:\/\/soccer.aidatasports.com\/fr\/wp-json\/wp\/v2\/types\/post"}],"author":[{"embeddable":true,"href":"https:\/\/soccer.aidatasports.com\/fr\/wp-json\/wp\/v2\/users\/1"}],"replies":[{"embeddable":true,"href":"https:\/\/soccer.aidatasports.com\/fr\/wp-json\/wp\/v2\/comments?post=55385"}],"version-history":[{"count":0,"href":"https:\/\/soccer.aidatasports.com\/fr\/wp-json\/wp\/v2\/posts\/55385\/revisions"}],"wp:featuredmedia":[{"embeddable":true,"href":"https:\/\/soccer.aidatasports.com\/fr\/wp-json\/wp\/v2\/media\/55384"}],"wp:attachment":[{"href":"https:\/\/soccer.aidatasports.com\/fr\/wp-json\/wp\/v2\/media?parent=55385"}],"wp:term":[{"taxonomy":"category","embeddable":true,"href":"https:\/\/soccer.aidatasports.com\/fr\/wp-json\/wp\/v2\/categories?post=55385"},{"taxonomy":"post_tag","embeddable":true,"href":"https:\/\/soccer.aidatasports.com\/fr\/wp-json\/wp\/v2\/tags?post=55385"}],"curies":[{"name":"wp","href":"https:\/\/api.w.org\/{rel}","templated":true}]}}