{"id":53923,"date":"2024-09-14T15:10:49","date_gmt":"2024-09-14T15:10:49","guid":{"rendered":"https:\/\/soccer.aidatasports.com\/fr\/uncategorized\/academico-viseu-vs-uniao-de-leiria-sep-14-2024-1300-utc\/"},"modified":"2024-09-14T15:10:49","modified_gmt":"2024-09-14T15:10:49","slug":"academico-viseu-vs-uniao-de-leiria-sep-14-2024-1300-utc","status":"publish","type":"post","link":"https:\/\/soccer.aidatasports.com\/fr\/uncategorized\/academico-viseu-vs-uniao-de-leiria-sep-14-2024-1300-utc\/","title":{"rendered":"Academico Viseu vs Uni\u00e3o de Leiria Sep 14 2024 13:00 UTC"},"content":{"rendered":"<p>**<\/p>\n<h1>L&rsquo;Uni\u00e3o de Leiria bat l&rsquo;Acad\u00e9mica de Viseu dans un match palpitant<\/h1>\n<p><strong>Viseu, Portugal &#8211;<\/strong> L&rsquo;Uni\u00e3o de Leiria a remport\u00e9 une victoire palpitante contre l&rsquo;Acad\u00e9mica de Viseu au Est\u00e1dio Municipal do Fontelo ce samedi. Le match, valable pour la 5\u00e8me journ\u00e9e de la Deuxi\u00e8me Ligue portugaise, a \u00e9t\u00e9 marqu\u00e9 par un but en seconde p\u00e9riode et un carton rouge en fin de match.<\/p>\n<p>La premi\u00e8re mi-temps a \u00e9t\u00e9 marqu\u00e9e par un match serr\u00e9, les deux \u00e9quipes ayant du mal \u00e0 cr\u00e9er des occasions de but. L&rsquo;Uni\u00e3o de Leiria a eu plus de possession de balle, mais l&rsquo;Acad\u00e9mica de Viseu a r\u00e9ussi \u00e0 bien d\u00e9fendre.<\/p>\n<p>En seconde p\u00e9riode, l&rsquo;Uni\u00e3o de Leiria a finalement r\u00e9ussi \u00e0 ouvrir le score \u00e0 la 56\u00e8me minute. Crystopher a marqu\u00e9 un beau but apr\u00e8s avoir re\u00e7u une passe de M. Baro.<\/p>\n<p>\u00c0 partir de l\u00e0, l&rsquo;Acad\u00e9mica de Viseu est pass\u00e9e \u00e0 l&rsquo;attaque \u00e0 la recherche d&rsquo;un \u00e9galiseur, mais a eu du mal \u00e0 surmonter la d\u00e9fense de l&rsquo;Uni\u00e3o de Leiria.<\/p>\n<p>Dans les derni\u00e8res minutes du match, l&rsquo;Acad\u00e9mica de Viseu a subi un coup dur avec l&rsquo;expulsion de M. Aidara \u00e0 la 82\u00e8me minute. L&rsquo;Uni\u00e3o de Leiria a r\u00e9ussi \u00e0 g\u00e9rer l&rsquo;avantage et a quitt\u00e9 le terrain avec la victoire.<\/p>\n<p>Malgr\u00e9 la victoire, l&rsquo;Uni\u00e3o de Leiria n&rsquo;a pas r\u00e9ussi \u00e0 bien performer dans les statistiques. L&rsquo;\u00e9quipe n&rsquo;a eu que 2 cartons jaunes, tandis que l&rsquo;Acad\u00e9mica de Viseu a eu 1 carton rouge.<\/p>\n<p>**<\/p>\n<p>Remplacements dans l&rsquo;quipe de uni\u00e3o de leiria: \u00c0 la 46e minute, Arsenio est entr\u00e9 et Ryan Guilherme est sorti., \u00c0 la 46e minute, D. dos Anjos est entr\u00e9 et J. Munoz est sorti., \u00c0 la 55e minute, Matheus Alessandro est entr\u00e9 et J. Resende est sorti., \u00c0 la 72e minute, T. Ferreira est entr\u00e9 et J. van der Gaag est sorti., \u00c0 la 90e minute, D. Amado est entr\u00e9 et Crystopher est sorti. <\/p>\n<p>Remplacements dans l&rsquo;quipe de academico viseu: \u00c0 la 55e minute, C. Kahraman est entr\u00e9 et Marquinho est sorti., \u00c0 la 67e minute, A. Marinelli est entr\u00e9 et Andre Clovis est sorti., \u00c0 la 68e minute, N. Mortimer est entr\u00e9 et S. Mane est sorti., \u00c0 la 68e minute, F. Quizera est entr\u00e9 et G. Ott est sorti., \u00c0 la 78e minute, D. Nussbaumer est entr\u00e9 et M. Bandarra est sorti. <\/p>\n<p>Les \u00e9quipes se sont align\u00e9es comme suit:<\/p>\n<div class=\"lineups-container\">\n<style>\n                .lineups-container {\n                    display: flex;\n                    justify-content: space-around;\n                    flex-wrap: wrap;\n                }\n                .team-lineup {\n                    width: 49%;\n                    margin-bottom: 20px;\n                    border: 1px solid #ccc;\n                    padding: 5px;\n                }\n                .team-lineup h3 {\n                    text-align: center;\n                    margin-bottom: 10px;\n                }\n                .players-container {\n                    display: flex;\n                    justify-content: space-between;\n                }\n                .players-container div {\n                    width: 100%;\n                }\n                .player {\n                    display: flex;\n                    align-items: center;\n                    margin-bottom: 5px;\n                }\n                .player img {\n                    width: 30px;\n                    height: 30px;\n                    border-radius: 50%;\n                    margin-right: 10px;\n                }\n                    @media (max-width: 600px) {\n                    .team-lineup {\n                        width: 100%;\n                    }\n                }\n                <\/style>\n<div class=\"team-lineup\">\n<h3>Academico Viseu<\/h3>\n<p><img decoding=\"async\" src=\"https:\/\/media.api-sports.io\/football\/teams\/238.png\" alt=\"Academico Viseu\" style=\"width: 50px; height: 50px;\"><\/p>\n<div class=\"players-container\">\n<div>\n<h4>Titulares:<\/h4>\n<div class=\"player\"><a href=\"https:\/\/soccer.aidatasports.com\/fr\/players\/Domen-Gril-110105\"><img decoding=\"async\" src=\"https:\/\/soccer.aidatasports.com\/images\/players\/110105.png\" alt=\"Domen Gril\" onerror=\"this.onerror=null;this.src='https:\/\/soccer.aidatasports.com\/images\/players\/default-player.png';\"><span>Domen Gril<\/span><\/a><\/div>\n<div class=\"player\"><a href=\"https:\/\/soccer.aidatasports.com\/fr\/players\/Miguel-Bandarra-119352\"><img decoding=\"async\" src=\"https:\/\/soccer.aidatasports.com\/images\/players\/119352.png\" alt=\"Miguel Bandarra\" onerror=\"this.onerror=null;this.src='https:\/\/soccer.aidatasports.com\/images\/players\/default-player.png';\"><span>Miguel Bandarra<\/span><\/a><\/div>\n<div class=\"player\"><a href=\"https:\/\/soccer.aidatasports.com\/fr\/players\/Andr\u00e9-Almeida-69975\"><img decoding=\"async\" src=\"https:\/\/soccer.aidatasports.com\/images\/players\/69975.png\" alt=\"Andr\u00e9 Almeida\" onerror=\"this.onerror=null;this.src='https:\/\/soccer.aidatasports.com\/images\/players\/default-player.png';\"><span>Andr\u00e9 Almeida<\/span><\/a><\/div>\n<div class=\"player\"><a href=\"https:\/\/soccer.aidatasports.com\/fr\/players\/Mohamed-Aidara-141858\"><img decoding=\"async\" src=\"https:\/\/soccer.aidatasports.com\/images\/players\/141858.png\" alt=\"Mohamed Aidara\" onerror=\"this.onerror=null;this.src='https:\/\/soccer.aidatasports.com\/images\/players\/default-player.png';\"><span>Mohamed Aidara<\/span><\/a><\/div>\n<div class=\"player\"><a href=\"https:\/\/soccer.aidatasports.com\/fr\/players\/Igor-Milioransa-195382\"><img decoding=\"async\" src=\"https:\/\/soccer.aidatasports.com\/images\/players\/195382.png\" alt=\"Igor Milioransa\" onerror=\"this.onerror=null;this.src='https:\/\/soccer.aidatasports.com\/images\/players\/default-player.png';\"><span>Igor Milioransa<\/span><\/a><\/div>\n<div class=\"player\"><a href=\"https:\/\/soccer.aidatasports.com\/fr\/players\/Sori-Man\u00e9-3438\"><img decoding=\"async\" src=\"https:\/\/soccer.aidatasports.com\/images\/players\/3438.png\" alt=\"Sori Man\u00e9\" onerror=\"this.onerror=null;this.src='https:\/\/soccer.aidatasports.com\/images\/players\/default-player.png';\"><span>Sori Man\u00e9<\/span><\/a><\/div>\n<div class=\"player\"><a href=\"https:\/\/soccer.aidatasports.com\/fr\/players\/Marquinho-339184\"><img decoding=\"async\" src=\"https:\/\/soccer.aidatasports.com\/images\/players\/339184.png\" alt=\"Marquinho\" onerror=\"this.onerror=null;this.src='https:\/\/soccer.aidatasports.com\/images\/players\/default-player.png';\"><span>Marquinho<\/span><\/a><\/div>\n<div class=\"player\"><a href=\"https:\/\/soccer.aidatasports.com\/fr\/players\/Soufiane-Messeguem-199938\"><img decoding=\"async\" src=\"https:\/\/soccer.aidatasports.com\/images\/players\/199938.png\" alt=\"Soufiane Messeguem\" onerror=\"this.onerror=null;this.src='https:\/\/soccer.aidatasports.com\/images\/players\/default-player.png';\"><span>Soufiane Messeguem<\/span><\/a><\/div>\n<div class=\"player\"><a href=\"https:\/\/soccer.aidatasports.com\/fr\/players\/Gauthier-Ott-201264\"><img decoding=\"async\" src=\"https:\/\/soccer.aidatasports.com\/images\/players\/201264.png\" alt=\"Gauthier Ott\" onerror=\"this.onerror=null;this.src='https:\/\/soccer.aidatasports.com\/images\/players\/default-player.png';\"><span>Gauthier Ott<\/span><\/a><\/div>\n<div class=\"player\"><a href=\"https:\/\/soccer.aidatasports.com\/fr\/players\/Yuri-Ara\u00fajo-41686\"><img decoding=\"async\" src=\"https:\/\/soccer.aidatasports.com\/images\/players\/41686.png\" alt=\"Yuri Ara\u00fajo\" onerror=\"this.onerror=null;this.src='https:\/\/soccer.aidatasports.com\/images\/players\/default-player.png';\"><span>Yuri Ara\u00fajo<\/span><\/a><\/div>\n<div class=\"player\"><a href=\"https:\/\/soccer.aidatasports.com\/fr\/players\/Andr\u00e9-Cl\u00f3vis-41761\"><img decoding=\"async\" src=\"https:\/\/soccer.aidatasports.com\/images\/players\/41761.png\" alt=\"Andr\u00e9 Cl\u00f3vis\" onerror=\"this.onerror=null;this.src='https:\/\/soccer.aidatasports.com\/images\/players\/default-player.png';\"><span>Andr\u00e9 Cl\u00f3vis<\/span><\/a><\/div>\n<\/div>\n<div>\n<h4>Suplentes:<\/h4>\n<div class=\"player\"><a href=\"https:\/\/soccer.aidatasports.com\/fr\/players\/Cihan-Kahraman-90693\"><img decoding=\"async\" src=\"https:\/\/soccer.aidatasports.com\/images\/players\/90693.png\" alt=\"Cihan Kahraman\" onerror=\"this.onerror=null;this.src='https:\/\/soccer.aidatasports.com\/images\/players\/default-player.png';\"><span>Cihan Kahraman<\/span><\/a><\/div>\n<div class=\"player\"><a href=\"https:\/\/soccer.aidatasports.com\/fr\/players\/Matheus-Henrique-Santos-Sampaio-352424\"><img decoding=\"async\" src=\"https:\/\/soccer.aidatasports.com\/images\/players\/352424.png\" alt=\"Matheus Henrique Santos Sampaio\" onerror=\"this.onerror=null;this.src='https:\/\/soccer.aidatasports.com\/images\/players\/default-player.png';\"><span>Matheus Henrique Santos Sampaio<\/span><\/a><\/div>\n<div class=\"player\"><a href=\"https:\/\/soccer.aidatasports.com\/fr\/players\/Jo\u00e3o-Reis-Pinto-288219\"><img decoding=\"async\" src=\"https:\/\/soccer.aidatasports.com\/images\/players\/288219.png\" alt=\"Jo\u00e3o Reis Pinto\" onerror=\"this.onerror=null;this.src='https:\/\/soccer.aidatasports.com\/images\/players\/default-player.png';\"><span>Jo\u00e3o Reis Pinto<\/span><\/a><\/div>\n<div class=\"player\"><a href=\"https:\/\/soccer.aidatasports.com\/fr\/players\/Henrique--Gomes-41693\"><img decoding=\"async\" src=\"https:\/\/soccer.aidatasports.com\/images\/players\/41693.png\" alt=\"Henrique  Gomes\" onerror=\"this.onerror=null;this.src='https:\/\/soccer.aidatasports.com\/images\/players\/default-player.png';\"><span>Henrique  Gomes<\/span><\/a><\/div>\n<div class=\"player\"><a href=\"https:\/\/soccer.aidatasports.com\/fr\/players\/Samba-Kon\u00e9-313847\"><img decoding=\"async\" src=\"https:\/\/soccer.aidatasports.com\/images\/players\/313847.png\" alt=\"Samba Kon\u00e9\" onerror=\"this.onerror=null;this.src='https:\/\/soccer.aidatasports.com\/images\/players\/default-player.png';\"><span>Samba Kon\u00e9<\/span><\/a><\/div>\n<div class=\"player\"><a href=\"https:\/\/soccer.aidatasports.com\/fr\/players\/Famana-Quizera-203019\"><img decoding=\"async\" src=\"https:\/\/soccer.aidatasports.com\/images\/players\/203019.png\" alt=\"Famana Quizera\" onerror=\"this.onerror=null;this.src='https:\/\/soccer.aidatasports.com\/images\/players\/default-player.png';\"><span>Famana Quizera<\/span><\/a><\/div>\n<div class=\"player\"><a href=\"https:\/\/soccer.aidatasports.com\/fr\/players\/Nils-Mortimer-161927\"><img decoding=\"async\" src=\"https:\/\/soccer.aidatasports.com\/images\/players\/161927.png\" alt=\"Nils Mortimer\" onerror=\"this.onerror=null;this.src='https:\/\/soccer.aidatasports.com\/images\/players\/default-player.png';\"><span>Nils Mortimer<\/span><\/a><\/div>\n<div class=\"player\"><a href=\"https:\/\/soccer.aidatasports.com\/fr\/players\/Daniel-Nussbaumer-78365\"><img decoding=\"async\" src=\"https:\/\/soccer.aidatasports.com\/images\/players\/78365.png\" alt=\"Daniel Nussbaumer\" onerror=\"this.onerror=null;this.src='https:\/\/soccer.aidatasports.com\/images\/players\/default-player.png';\"><span>Daniel Nussbaumer<\/span><\/a><\/div>\n<div class=\"player\"><a href=\"https:\/\/soccer.aidatasports.com\/fr\/players\/Alan-Marinelli-6524\"><img decoding=\"async\" src=\"https:\/\/soccer.aidatasports.com\/images\/players\/6524.png\" alt=\"Alan Marinelli\" onerror=\"this.onerror=null;this.src='https:\/\/soccer.aidatasports.com\/images\/players\/default-player.png';\"><span>Alan Marinelli<\/span><\/a><\/div>\n<\/div>\n<\/div>\n<\/div>\n<div class=\"team-lineup\">\n<h3>Uni\u00e3o de Leiria<\/h3>\n<p><img decoding=\"async\" src=\"https:\/\/media.api-sports.io\/football\/teams\/4662.png\" alt=\"Uni\u00e3o de Leiria\" style=\"width: 50px; height: 50px;\"><\/p>\n<div class=\"players-container\">\n<div>\n<h4>Titulares:<\/h4>\n<div class=\"player\"><a href=\"https:\/\/soccer.aidatasports.com\/fr\/players\/Pawe\u0142-Kieszek-46811\"><img decoding=\"async\" src=\"https:\/\/soccer.aidatasports.com\/images\/players\/46811.png\" alt=\"Pawe\u0142 Kieszek\" onerror=\"this.onerror=null;this.src='https:\/\/soccer.aidatasports.com\/images\/players\/default-player.png';\"><span>Pawe\u0142 Kieszek<\/span><\/a><\/div>\n<div class=\"player\"><a href=\"https:\/\/soccer.aidatasports.com\/fr\/players\/Habib-Sylla-279280\"><img decoding=\"async\" src=\"https:\/\/soccer.aidatasports.com\/images\/players\/279280.png\" alt=\"Habib Sylla\" onerror=\"this.onerror=null;this.src='https:\/\/soccer.aidatasports.com\/images\/players\/default-player.png';\"><span>Habib Sylla<\/span><\/a><\/div>\n<div class=\"player\"><a href=\"https:\/\/soccer.aidatasports.com\/fr\/players\/Victor-Rofino-336955\"><img decoding=\"async\" src=\"https:\/\/soccer.aidatasports.com\/images\/players\/336955.png\" alt=\"Victor Rofino\" onerror=\"this.onerror=null;this.src='https:\/\/soccer.aidatasports.com\/images\/players\/default-player.png';\"><span>Victor Rofino<\/span><\/a><\/div>\n<div class=\"player\"><a href=\"https:\/\/soccer.aidatasports.com\/fr\/players\/Bura-41749\"><img decoding=\"async\" src=\"https:\/\/soccer.aidatasports.com\/images\/players\/41749.png\" alt=\"Bura\" onerror=\"this.onerror=null;this.src='https:\/\/soccer.aidatasports.com\/images\/players\/default-player.png';\"><span>Bura<\/span><\/a><\/div>\n<div class=\"player\"><a href=\"https:\/\/soccer.aidatasports.com\/fr\/players\/Marc-Bar\u00f3-179070\"><img decoding=\"async\" src=\"https:\/\/soccer.aidatasports.com\/images\/players\/179070.png\" alt=\"Marc Bar\u00f3\" onerror=\"this.onerror=null;this.src='https:\/\/soccer.aidatasports.com\/images\/players\/default-player.png';\"><span>Marc Bar\u00f3<\/span><\/a><\/div>\n<div class=\"player\"><a href=\"https:\/\/soccer.aidatasports.com\/fr\/players\/Crystopher-54760\"><img decoding=\"async\" src=\"https:\/\/soccer.aidatasports.com\/images\/players\/54760.png\" alt=\"Crystopher\" onerror=\"this.onerror=null;this.src='https:\/\/soccer.aidatasports.com\/images\/players\/default-player.png';\"><span>Crystopher<\/span><\/a><\/div>\n<div class=\"player\"><a href=\"https:\/\/soccer.aidatasports.com\/fr\/players\/Dje-Tah-D'Avilla-355405\"><img decoding=\"async\" src=\"https:\/\/soccer.aidatasports.com\/images\/players\/355405.png\" alt=\"Dje Tah D'Avilla\" onerror=\"this.onerror=null;this.src='https:\/\/soccer.aidatasports.com\/images\/players\/default-player.png';\"><span>Dje Tah D&rsquo;Avilla<\/span><\/a><\/div>\n<div class=\"player\"><a href=\"https:\/\/soccer.aidatasports.com\/fr\/players\/Jordan-van-der-Gaag-37587\"><img decoding=\"async\" src=\"https:\/\/soccer.aidatasports.com\/images\/players\/37587.png\" alt=\"Jordan van der Gaag\" onerror=\"this.onerror=null;this.src='https:\/\/soccer.aidatasports.com\/images\/players\/default-player.png';\"><span>Jordan van der Gaag<\/span><\/a><\/div>\n<div class=\"player\"><a href=\"https:\/\/soccer.aidatasports.com\/fr\/players\/Ryan-306063\"><img decoding=\"async\" src=\"https:\/\/soccer.aidatasports.com\/images\/players\/306063.png\" alt=\"Ryan\" onerror=\"this.onerror=null;this.src='https:\/\/soccer.aidatasports.com\/images\/players\/default-player.png';\"><span>Ryan<\/span><\/a><\/div>\n<div class=\"player\"><a href=\"https:\/\/soccer.aidatasports.com\/fr\/players\/Jo\u00e3o-Resende-313569\"><img decoding=\"async\" src=\"https:\/\/soccer.aidatasports.com\/images\/players\/313569.png\" alt=\"Jo\u00e3o Resende\" onerror=\"this.onerror=null;this.src='https:\/\/soccer.aidatasports.com\/images\/players\/default-player.png';\"><span>Jo\u00e3o Resende<\/span><\/a><\/div>\n<div class=\"player\"><a href=\"https:\/\/soccer.aidatasports.com\/fr\/players\/Juan-Mu\u00f1oz-46957\"><img decoding=\"async\" src=\"https:\/\/soccer.aidatasports.com\/images\/players\/46957.png\" alt=\"Juan Mu\u00f1oz\" onerror=\"this.onerror=null;this.src='https:\/\/soccer.aidatasports.com\/images\/players\/default-player.png';\"><span>Juan Mu\u00f1oz<\/span><\/a><\/div>\n<\/div>\n<div>\n<h4>Suplentes:<\/h4>\n<div class=\"player\"><a href=\"https:\/\/soccer.aidatasports.com\/fr\/players\/Ars\u00e9nio-Nunes-41139\"><img decoding=\"async\" src=\"https:\/\/soccer.aidatasports.com\/images\/players\/41139.png\" alt=\"Ars\u00e9nio Nunes\" onerror=\"this.onerror=null;this.src='https:\/\/soccer.aidatasports.com\/images\/players\/default-player.png';\"><span>Ars\u00e9nio Nunes<\/span><\/a><\/div>\n<div class=\"player\"><a href=\"https:\/\/soccer.aidatasports.com\/fr\/players\/Daniel-dos-Anjos-41591\"><img decoding=\"async\" src=\"https:\/\/soccer.aidatasports.com\/images\/players\/41591.png\" alt=\"Daniel dos Anjos\" onerror=\"this.onerror=null;this.src='https:\/\/soccer.aidatasports.com\/images\/players\/default-player.png';\"><span>Daniel dos Anjos<\/span><\/a><\/div>\n<div class=\"player\"><a href=\"https:\/\/soccer.aidatasports.com\/fr\/players\/Jair-da-Silva-279326\"><img decoding=\"async\" src=\"https:\/\/soccer.aidatasports.com\/images\/players\/279326.png\" alt=\"Jair da Silva\" onerror=\"this.onerror=null;this.src='https:\/\/soccer.aidatasports.com\/images\/players\/default-player.png';\"><span>Jair da Silva<\/span><\/a><\/div>\n<div class=\"player\"><a href=\"https:\/\/soccer.aidatasports.com\/fr\/players\/Marcos-Vinicius-371198\"><img decoding=\"async\" src=\"https:\/\/soccer.aidatasports.com\/images\/players\/371198.png\" alt=\"Marcos Vinicius\" onerror=\"this.onerror=null;this.src='https:\/\/soccer.aidatasports.com\/images\/players\/default-player.png';\"><span>Marcos Vinicius<\/span><\/a><\/div>\n<div class=\"player\"><a href=\"https:\/\/soccer.aidatasports.com\/fr\/players\/F\u00e1bio-Ferreira-None\"><img decoding=\"async\" src=\"https:\/\/soccer.aidatasports.com\/images\/players\/None.png\" alt=\"F\u00e1bio Ferreira\" onerror=\"this.onerror=null;this.src='https:\/\/soccer.aidatasports.com\/images\/players\/default-player.png';\"><span>F\u00e1bio Ferreira<\/span><\/a><\/div>\n<div class=\"player\"><a href=\"https:\/\/soccer.aidatasports.com\/fr\/players\/Z\u00e9-Vitor-352387\"><img decoding=\"async\" src=\"https:\/\/soccer.aidatasports.com\/images\/players\/352387.png\" alt=\"Z\u00e9 Vitor\" onerror=\"this.onerror=null;this.src='https:\/\/soccer.aidatasports.com\/images\/players\/default-player.png';\"><span>Z\u00e9 Vitor<\/span><\/a><\/div>\n<div class=\"player\"><a href=\"https:\/\/soccer.aidatasports.com\/fr\/players\/Tiago-Ferreira-43044\"><img decoding=\"async\" src=\"https:\/\/soccer.aidatasports.com\/images\/players\/43044.png\" alt=\"Tiago Ferreira\" onerror=\"this.onerror=null;this.src='https:\/\/soccer.aidatasports.com\/images\/players\/default-player.png';\"><span>Tiago Ferreira<\/span><\/a><\/div>\n<div class=\"player\"><a href=\"https:\/\/soccer.aidatasports.com\/fr\/players\/Diogo-Amado-42303\"><img decoding=\"async\" src=\"https:\/\/soccer.aidatasports.com\/images\/players\/42303.png\" alt=\"Diogo Amado\" onerror=\"this.onerror=null;this.src='https:\/\/soccer.aidatasports.com\/images\/players\/default-player.png';\"><span>Diogo Amado<\/span><\/a><\/div>\n<div class=\"player\"><a href=\"https:\/\/soccer.aidatasports.com\/fr\/players\/Matheus-Alessandro-10433\"><img decoding=\"async\" src=\"https:\/\/soccer.aidatasports.com\/images\/players\/10433.png\" alt=\"Matheus Alessandro\" onerror=\"this.onerror=null;this.src='https:\/\/soccer.aidatasports.com\/images\/players\/default-player.png';\"><span>Matheus Alessandro<\/span><\/a><\/div>\n<\/div>\n<\/div>\n<\/div>\n<\/div>\n<div id=\"wg-api-football-game\"\n                    data-host=\"xxxxx\"\n                    data-key=\"xxxx\"\n                    data-id=\"1231466\"\n                    data-theme=\"\"\n                    data-refresh=\"15\"\n                    data-show-errors=\"false\"\n                    data-show-logos=\"true\"><br \/>\n                    class=\u00a0\u00bbwg_loader\u00a0\u00bb>\n                <\/div>\n<div id=\"wg-api-football-standings\"\n                    data-host=\"xxxx\"\n                    data-key=\"ddddd\"\n                    data-league=\"95\"\n                    data-team=\"\"\n                    data-season=\"2024\"\n                    data-theme=\"\"\n                    data-show-errors=\"false\"\n                    data-show-logos=\"true\"\n                    class=\"wg_loader\">\n                <\/div>\n<p>                <script\n                    type=\"module\"\n                    src=\"https:\/\/soccer.aidatasports.com\/wp-content\/customjs\/widgetslocal.js\">\n                <\/script><\/p>\n","protected":false},"excerpt":{"rendered":"<p>** L&rsquo;Uni\u00e3o de Leiria bat l&rsquo;Acad\u00e9mica de Viseu dans un match palpitant Viseu, Portugal &#8211;&hellip;<\/p>\n","protected":false},"author":1,"featured_media":53922,"comment_status":"open","ping_status":"open","sticky":false,"template":"","format":"standard","meta":{"content-type":"","pmpro_default_level":"","_lmt_disableupdate":"","_lmt_disable":"","_league":1,"_fixture":1231466,"penci_pfeatured_image_ratio":"","penci_single_style":"","footnotes":""},"categories":[1],"tags":[359,3610],"class_list":["post-53923","post","type-post","status-publish","format-standard","has-post-thumbnail","hentry","category-uncategorized","tag-academico-viseu-portugal-238","tag-uniao-de-leiria-portugal-4662","pmpro-has-access"],"_links":{"self":[{"href":"https:\/\/soccer.aidatasports.com\/fr\/wp-json\/wp\/v2\/posts\/53923"}],"collection":[{"href":"https:\/\/soccer.aidatasports.com\/fr\/wp-json\/wp\/v2\/posts"}],"about":[{"href":"https:\/\/soccer.aidatasports.com\/fr\/wp-json\/wp\/v2\/types\/post"}],"author":[{"embeddable":true,"href":"https:\/\/soccer.aidatasports.com\/fr\/wp-json\/wp\/v2\/users\/1"}],"replies":[{"embeddable":true,"href":"https:\/\/soccer.aidatasports.com\/fr\/wp-json\/wp\/v2\/comments?post=53923"}],"version-history":[{"count":0,"href":"https:\/\/soccer.aidatasports.com\/fr\/wp-json\/wp\/v2\/posts\/53923\/revisions"}],"wp:featuredmedia":[{"embeddable":true,"href":"https:\/\/soccer.aidatasports.com\/fr\/wp-json\/wp\/v2\/media\/53922"}],"wp:attachment":[{"href":"https:\/\/soccer.aidatasports.com\/fr\/wp-json\/wp\/v2\/media?parent=53923"}],"wp:term":[{"taxonomy":"category","embeddable":true,"href":"https:\/\/soccer.aidatasports.com\/fr\/wp-json\/wp\/v2\/categories?post=53923"},{"taxonomy":"post_tag","embeddable":true,"href":"https:\/\/soccer.aidatasports.com\/fr\/wp-json\/wp\/v2\/tags?post=53923"}],"curies":[{"name":"wp","href":"https:\/\/api.w.org\/{rel}","templated":true}]}}