{"id":47370,"date":"2024-08-31T14:52:30","date_gmt":"2024-08-31T14:52:30","guid":{"rendered":"https:\/\/soccer.aidatasports.com\/fr\/uncategorized\/sv-lafnitz-vs-ried-aug-31-2024-1230-utc\/"},"modified":"2024-08-31T14:52:30","modified_gmt":"2024-08-31T14:52:30","slug":"sv-lafnitz-vs-ried-aug-31-2024-1230-utc","status":"publish","type":"post","link":"https:\/\/soccer.aidatasports.com\/fr\/uncategorized\/sv-lafnitz-vs-ried-aug-31-2024-1230-utc\/","title":{"rendered":"SV Lafnitz vs Ried Aug 31 2024 12:30 UTC"},"content":{"rendered":"<p>**<\/p>\n<h1>SV Lafnitz contre Ried :  Victoire convaincante de Ried 3-0<\/h1>\n<p>Le SV Lafnitz a accueilli Ried au Sportplatz Lafnitz pour la cinqui\u00e8me journ\u00e9e de la 2. Liga autrichienne. Le match, jou\u00e9 le 31 ao\u00fbt 2024, a \u00e9t\u00e9 un match de contrastes, Ried remportant une victoire nette de 3-0.<\/p>\n<p>La premi\u00e8re mi-temps a \u00e9t\u00e9 un match \u00e9quilibr\u00e9, les deux \u00e9quipes cherchant \u00e0 marquer mais sans succ\u00e8s. Lafnitz a eu plus de possession (47%) mais n&rsquo;a pas r\u00e9ussi \u00e0 concr\u00e9tiser aucune de ses 4 occasions. Ried, de son c\u00f4t\u00e9, a eu 53% de possession et a g\u00e9n\u00e9r\u00e9 17 tirs, dont 6 cadr\u00e9s.<\/p>\n<p>Cependant, le score a \u00e9t\u00e9 ouvert en seconde p\u00e9riode. Apr\u00e8s une s\u00e9rie de changements dans les deux \u00e9quipes, Ried a d\u00e9bloqu\u00e9 la situation. \u00c0 la 57e minute, M. Grosse a ouvert le score sur penalty. Lafnitz a tent\u00e9 de r\u00e9agir mais n&rsquo;a pas r\u00e9ussi \u00e0 trouver son propre but. Dans les derni\u00e8res minutes, Ried a scell\u00e9 le match avec des buts d&rsquo;A. Bajic (90&prime;) et M. Grosse (90&prime;).<\/p>\n<p>Le match a \u00e9t\u00e9 marqu\u00e9 par la discipline des deux \u00e9quipes, avec 3 cartons jaunes pour chaque c\u00f4t\u00e9.<\/p>\n<p>**<\/p>\n<p>Remplacements dans l&rsquo;quipe de sv lafnitz: \u00c0 la 15e minute, K. Schrocker est entr\u00e9 et G. Suprun est sorti., \u00c0 la 46e minute, C. Pichorner est entr\u00e9 et P. Siegl est sorti., \u00c0 la 59e minute, A. Radics est entr\u00e9 et V. Spari est sorti., \u00c0 la 87e minute, T. Meyer est entr\u00e9 et S. Trimmel est sorti., \u00c0 la 87e minute, S. Morgenstern est entr\u00e9 et L. Butkovic est sorti. <\/p>\n<p>Remplacements dans l&rsquo;quipe de ried: \u00c0 la 46e minute, F. Rossdorfer est entr\u00e9 et N. Marinsek est sorti., \u00c0 la 46e minute, D. Bumberger est entr\u00e9 et L. Agbenyenu est sorti., \u00c0 la 62e minute, S. Sane est entr\u00e9 et W. Eza est sorti., \u00c0 la 62e minute, F. Wohlmuth est entr\u00e9 et A. Mankowski est sorti., \u00c0 la 76e minute, N. Celic est entr\u00e9 et M. Rasner est sorti. <\/p>\n<p>Les \u00e9quipes se sont align\u00e9es comme suit:<\/p>\n<div class=\"lineups-container\">\n<style>\n                .lineups-container {\n                    display: flex;\n                    justify-content: space-around;\n                    flex-wrap: wrap;\n                }\n                .team-lineup {\n                    width: 49%;\n                    margin-bottom: 20px;\n                    border: 1px solid #ccc;\n                    padding: 5px;\n                }\n                .team-lineup h3 {\n                    text-align: center;\n                    margin-bottom: 10px;\n                }\n                .players-container {\n                    display: flex;\n                    justify-content: space-between;\n                }\n                .players-container div {\n                    width: 100%;\n                }\n                .player {\n                    display: flex;\n                    align-items: center;\n                    margin-bottom: 5px;\n                }\n                .player img {\n                    width: 30px;\n                    height: 30px;\n                    border-radius: 50%;\n                    margin-right: 10px;\n                }\n                    @media (max-width: 600px) {\n                    .team-lineup {\n                        width: 100%;\n                    }\n                }\n                <\/style>\n<div class=\"team-lineup\">\n<h3>SV Lafnitz<\/h3>\n<p><img decoding=\"async\" src=\"https:\/\/media.api-sports.io\/football\/teams\/1402.png\" alt=\"SV Lafnitz\" style=\"width: 50px; height: 50px;\"><\/p>\n<div class=\"players-container\">\n<div>\n<h4>Titulares:<\/h4>\n<div class=\"player\"><a href=\"https:\/\/soccer.aidatasports.com\/fr\/players\/Gabriel-Suprun-175962\"><img decoding=\"async\" src=\"https:\/\/soccer.aidatasports.com\/images\/players\/175962.png\" alt=\"Gabriel Suprun\" onerror=\"this.onerror=null;this.src='https:\/\/soccer.aidatasports.com\/images\/players\/default-player.png';\"><span>Gabriel Suprun<\/span><\/a><\/div>\n<div class=\"player\"><a href=\"https:\/\/soccer.aidatasports.com\/fr\/players\/Stefan-Trimmel-372580\"><img decoding=\"async\" src=\"https:\/\/soccer.aidatasports.com\/images\/players\/372580.png\" alt=\"Stefan Trimmel\" onerror=\"this.onerror=null;this.src='https:\/\/soccer.aidatasports.com\/images\/players\/default-player.png';\"><span>Stefan Trimmel<\/span><\/a><\/div>\n<div class=\"player\"><a href=\"https:\/\/soccer.aidatasports.com\/fr\/players\/Sebastian-Feyrer-7232\"><img decoding=\"async\" src=\"https:\/\/soccer.aidatasports.com\/images\/players\/7232.png\" alt=\"Sebastian Feyrer\" onerror=\"this.onerror=null;this.src='https:\/\/soccer.aidatasports.com\/images\/players\/default-player.png';\"><span>Sebastian Feyrer<\/span><\/a><\/div>\n<div class=\"player\"><a href=\"https:\/\/soccer.aidatasports.com\/fr\/players\/Philipp-Siegl-7762\"><img decoding=\"async\" src=\"https:\/\/soccer.aidatasports.com\/images\/players\/7762.png\" alt=\"Philipp Siegl\" onerror=\"this.onerror=null;this.src='https:\/\/soccer.aidatasports.com\/images\/players\/default-player.png';\"><span>Philipp Siegl<\/span><\/a><\/div>\n<div class=\"player\"><a href=\"https:\/\/soccer.aidatasports.com\/fr\/players\/Alvaro-Henry-361483\"><img decoding=\"async\" src=\"https:\/\/soccer.aidatasports.com\/images\/players\/361483.png\" alt=\"Alvaro Henry\" onerror=\"this.onerror=null;this.src='https:\/\/soccer.aidatasports.com\/images\/players\/default-player.png';\"><span>Alvaro Henry<\/span><\/a><\/div>\n<div class=\"player\"><a href=\"https:\/\/soccer.aidatasports.com\/fr\/players\/Vincent-Spari-390570\"><img decoding=\"async\" src=\"https:\/\/soccer.aidatasports.com\/images\/players\/390570.png\" alt=\"Vincent Spari\" onerror=\"this.onerror=null;this.src='https:\/\/soccer.aidatasports.com\/images\/players\/default-player.png';\"><span>Vincent Spari<\/span><\/a><\/div>\n<div class=\"player\"><a href=\"https:\/\/soccer.aidatasports.com\/fr\/players\/Johannes-Schriebl-175957\"><img decoding=\"async\" src=\"https:\/\/soccer.aidatasports.com\/images\/players\/175957.png\" alt=\"Johannes Schriebl\" onerror=\"this.onerror=null;this.src='https:\/\/soccer.aidatasports.com\/images\/players\/default-player.png';\"><span>Johannes Schriebl<\/span><\/a><\/div>\n<div class=\"player\"><a href=\"https:\/\/soccer.aidatasports.com\/fr\/players\/Burak-Alili-329514\"><img decoding=\"async\" src=\"https:\/\/soccer.aidatasports.com\/images\/players\/329514.png\" alt=\"Burak Alili\" onerror=\"this.onerror=null;this.src='https:\/\/soccer.aidatasports.com\/images\/players\/default-player.png';\"><span>Burak Alili<\/span><\/a><\/div>\n<div class=\"player\"><a href=\"https:\/\/soccer.aidatasports.com\/fr\/players\/Timon-Burmeister-202544\"><img decoding=\"async\" src=\"https:\/\/soccer.aidatasports.com\/images\/players\/202544.png\" alt=\"Timon Burmeister\" onerror=\"this.onerror=null;this.src='https:\/\/soccer.aidatasports.com\/images\/players\/default-player.png';\"><span>Timon Burmeister<\/span><\/a><\/div>\n<div class=\"player\"><a href=\"https:\/\/soccer.aidatasports.com\/fr\/players\/Jakob-Knollm\u00fcller-341248\"><img decoding=\"async\" src=\"https:\/\/soccer.aidatasports.com\/images\/players\/341248.png\" alt=\"Jakob Knollm\u00fcller\" onerror=\"this.onerror=null;this.src='https:\/\/soccer.aidatasports.com\/images\/players\/default-player.png';\"><span>Jakob Knollm\u00fcller<\/span><\/a><\/div>\n<div class=\"player\"><a href=\"https:\/\/soccer.aidatasports.com\/fr\/players\/Luca-Butkovic-327914\"><img decoding=\"async\" src=\"https:\/\/soccer.aidatasports.com\/images\/players\/327914.png\" alt=\"Luca Butkovic\" onerror=\"this.onerror=null;this.src='https:\/\/soccer.aidatasports.com\/images\/players\/default-player.png';\"><span>Luca Butkovic<\/span><\/a><\/div>\n<\/div>\n<div>\n<h4>Suplentes:<\/h4>\n<div class=\"player\"><a href=\"https:\/\/soccer.aidatasports.com\/fr\/players\/Kilian-Schrocker-7314\"><img decoding=\"async\" src=\"https:\/\/soccer.aidatasports.com\/images\/players\/7314.png\" alt=\"Kilian Schrocker\" onerror=\"this.onerror=null;this.src='https:\/\/soccer.aidatasports.com\/images\/players\/default-player.png';\"><span>Kilian Schrocker<\/span><\/a><\/div>\n<div class=\"player\"><a href=\"https:\/\/soccer.aidatasports.com\/fr\/players\/Christoph-Pichorner-119247\"><img decoding=\"async\" src=\"https:\/\/soccer.aidatasports.com\/images\/players\/119247.png\" alt=\"Christoph Pichorner\" onerror=\"this.onerror=null;this.src='https:\/\/soccer.aidatasports.com\/images\/players\/default-player.png';\"><span>Christoph Pichorner<\/span><\/a><\/div>\n<div class=\"player\"><a href=\"https:\/\/soccer.aidatasports.com\/fr\/players\/Tim-Meyer-383718\"><img decoding=\"async\" src=\"https:\/\/soccer.aidatasports.com\/images\/players\/383718.png\" alt=\"Tim Meyer\" onerror=\"this.onerror=null;this.src='https:\/\/soccer.aidatasports.com\/images\/players\/default-player.png';\"><span>Tim Meyer<\/span><\/a><\/div>\n<div class=\"player\"><a href=\"https:\/\/soccer.aidatasports.com\/fr\/players\/Sandro-Christoph-Morgenstern-None\"><img decoding=\"async\" src=\"https:\/\/soccer.aidatasports.com\/images\/players\/None.png\" alt=\"Sandro Christoph Morgenstern\" onerror=\"this.onerror=null;this.src='https:\/\/soccer.aidatasports.com\/images\/players\/default-player.png';\"><span>Sandro Christoph Morgenstern<\/span><\/a><\/div>\n<div class=\"player\"><a href=\"https:\/\/soccer.aidatasports.com\/fr\/players\/Andreas-Radics-427255\"><img decoding=\"async\" src=\"https:\/\/soccer.aidatasports.com\/images\/players\/427255.png\" alt=\"Andreas Radics\" onerror=\"this.onerror=null;this.src='https:\/\/soccer.aidatasports.com\/images\/players\/default-player.png';\"><span>Andreas Radics<\/span><\/a><\/div>\n<div class=\"player\"><a href=\"https:\/\/soccer.aidatasports.com\/fr\/players\/Michael-Preisinger-451426\"><img decoding=\"async\" src=\"https:\/\/soccer.aidatasports.com\/images\/players\/451426.png\" alt=\"Michael Preisinger\" onerror=\"this.onerror=null;this.src='https:\/\/soccer.aidatasports.com\/images\/players\/default-player.png';\"><span>Michael Preisinger<\/span><\/a><\/div>\n<div class=\"player\"><a href=\"https:\/\/soccer.aidatasports.com\/fr\/players\/Mink-Peeters-93071\"><img decoding=\"async\" src=\"https:\/\/soccer.aidatasports.com\/images\/players\/93071.png\" alt=\"Mink Peeters\" onerror=\"this.onerror=null;this.src='https:\/\/soccer.aidatasports.com\/images\/players\/default-player.png';\"><span>Mink Peeters<\/span><\/a><\/div>\n<\/div>\n<\/div>\n<\/div>\n<div class=\"team-lineup\">\n<h3>Ried<\/h3>\n<p><img decoding=\"async\" src=\"https:\/\/media.api-sports.io\/football\/teams\/1028.png\" alt=\"Ried\" style=\"width: 50px; height: 50px;\"><\/p>\n<div class=\"players-container\">\n<div>\n<h4>Titulares:<\/h4>\n<div class=\"player\"><a href=\"https:\/\/soccer.aidatasports.com\/fr\/players\/Andreas-Leitner-7699\"><img decoding=\"async\" src=\"https:\/\/soccer.aidatasports.com\/images\/players\/7699.png\" alt=\"Andreas Leitner\" onerror=\"this.onerror=null;this.src='https:\/\/soccer.aidatasports.com\/images\/players\/default-player.png';\"><span>Andreas Leitner<\/span><\/a><\/div>\n<div class=\"player\"><a href=\"https:\/\/soccer.aidatasports.com\/fr\/players\/Alexander-Mankowski-None\"><img decoding=\"async\" src=\"https:\/\/soccer.aidatasports.com\/images\/players\/None.png\" alt=\"Alexander Mankowski\" onerror=\"this.onerror=null;this.src='https:\/\/soccer.aidatasports.com\/images\/players\/default-player.png';\"><span>Alexander Mankowski<\/span><\/a><\/div>\n<div class=\"player\"><a href=\"https:\/\/soccer.aidatasports.com\/fr\/players\/Michael-Sollbauer-7554\"><img decoding=\"async\" src=\"https:\/\/soccer.aidatasports.com\/images\/players\/7554.png\" alt=\"Michael Sollbauer\" onerror=\"this.onerror=null;this.src='https:\/\/soccer.aidatasports.com\/images\/players\/default-player.png';\"><span>Michael Sollbauer<\/span><\/a><\/div>\n<div class=\"player\"><a href=\"https:\/\/soccer.aidatasports.com\/fr\/players\/Nikki-Havenaar-48708\"><img decoding=\"async\" src=\"https:\/\/soccer.aidatasports.com\/images\/players\/48708.png\" alt=\"Nikki Havenaar\" onerror=\"this.onerror=null;this.src='https:\/\/soccer.aidatasports.com\/images\/players\/default-player.png';\"><span>Nikki Havenaar<\/span><\/a><\/div>\n<div class=\"player\"><a href=\"https:\/\/soccer.aidatasports.com\/fr\/players\/Oliver-Steurer-24901\"><img decoding=\"async\" src=\"https:\/\/soccer.aidatasports.com\/images\/players\/24901.png\" alt=\"Oliver Steurer\" onerror=\"this.onerror=null;this.src='https:\/\/soccer.aidatasports.com\/images\/players\/default-player.png';\"><span>Oliver Steurer<\/span><\/a><\/div>\n<div class=\"player\"><a href=\"https:\/\/soccer.aidatasports.com\/fr\/players\/Lumor-Agbenyenu-3415\"><img decoding=\"async\" src=\"https:\/\/soccer.aidatasports.com\/images\/players\/3415.png\" alt=\"Lumor Agbenyenu\" onerror=\"this.onerror=null;this.src='https:\/\/soccer.aidatasports.com\/images\/players\/default-player.png';\"><span>Lumor Agbenyenu<\/span><\/a><\/div>\n<div class=\"player\"><a href=\"https:\/\/soccer.aidatasports.com\/fr\/players\/Ante-Baji\u0107-7070\"><img decoding=\"async\" src=\"https:\/\/soccer.aidatasports.com\/images\/players\/7070.png\" alt=\"Ante Baji\u0107\" onerror=\"this.onerror=null;this.src='https:\/\/soccer.aidatasports.com\/images\/players\/default-player.png';\"><span>Ante Baji\u0107<\/span><\/a><\/div>\n<div class=\"player\"><a href=\"https:\/\/soccer.aidatasports.com\/fr\/players\/Martin-Rasner-7632\"><img decoding=\"async\" src=\"https:\/\/soccer.aidatasports.com\/images\/players\/7632.png\" alt=\"Martin Rasner\" onerror=\"this.onerror=null;this.src='https:\/\/soccer.aidatasports.com\/images\/players\/default-player.png';\"><span>Martin Rasner<\/span><\/a><\/div>\n<div class=\"player\"><a href=\"https:\/\/soccer.aidatasports.com\/fr\/players\/Nik-Marin\u0161ek-109713\"><img decoding=\"async\" src=\"https:\/\/soccer.aidatasports.com\/images\/players\/109713.png\" alt=\"Nik Marin\u0161ek\" onerror=\"this.onerror=null;this.src='https:\/\/soccer.aidatasports.com\/images\/players\/default-player.png';\"><span>Nik Marin\u0161ek<\/span><\/a><\/div>\n<div class=\"player\"><a href=\"https:\/\/soccer.aidatasports.com\/fr\/players\/Mark-Gro\u00dfe-106784\"><img decoding=\"async\" src=\"https:\/\/soccer.aidatasports.com\/images\/players\/106784.png\" alt=\"Mark Gro\u00dfe\" onerror=\"this.onerror=null;this.src='https:\/\/soccer.aidatasports.com\/images\/players\/default-player.png';\"><span>Mark Gro\u00dfe<\/span><\/a><\/div>\n<div class=\"player\"><a href=\"https:\/\/soccer.aidatasports.com\/fr\/players\/Wilfried-Eza-65542\"><img decoding=\"async\" src=\"https:\/\/soccer.aidatasports.com\/images\/players\/65542.png\" alt=\"Wilfried Eza\" onerror=\"this.onerror=null;this.src='https:\/\/soccer.aidatasports.com\/images\/players\/default-player.png';\"><span>Wilfried Eza<\/span><\/a><\/div>\n<\/div>\n<div>\n<h4>Suplentes:<\/h4>\n<div class=\"player\"><a href=\"https:\/\/soccer.aidatasports.com\/fr\/players\/David-Bumberger-7198\"><img decoding=\"async\" src=\"https:\/\/soccer.aidatasports.com\/images\/players\/7198.png\" alt=\"David Bumberger\" onerror=\"this.onerror=null;this.src='https:\/\/soccer.aidatasports.com\/images\/players\/default-player.png';\"><span>David Bumberger<\/span><\/a><\/div>\n<div class=\"player\"><a href=\"https:\/\/soccer.aidatasports.com\/fr\/players\/Fabian-Rossdorfer-365016\"><img decoding=\"async\" src=\"https:\/\/soccer.aidatasports.com\/images\/players\/365016.png\" alt=\"Fabian Rossdorfer\" onerror=\"this.onerror=null;this.src='https:\/\/soccer.aidatasports.com\/images\/players\/default-player.png';\"><span>Fabian Rossdorfer<\/span><\/a><\/div>\n<div class=\"player\"><a href=\"https:\/\/soccer.aidatasports.com\/fr\/players\/Felix-Wimmer-120198\"><img decoding=\"async\" src=\"https:\/\/soccer.aidatasports.com\/images\/players\/120198.png\" alt=\"Felix Wimmer\" onerror=\"this.onerror=null;this.src='https:\/\/soccer.aidatasports.com\/images\/players\/default-player.png';\"><span>Felix Wimmer<\/span><\/a><\/div>\n<div class=\"player\"><a href=\"https:\/\/soccer.aidatasports.com\/fr\/players\/Fabian-Wohlmuth-169339\"><img decoding=\"async\" src=\"https:\/\/soccer.aidatasports.com\/images\/players\/169339.png\" alt=\"Fabian Wohlmuth\" onerror=\"this.onerror=null;this.src='https:\/\/soccer.aidatasports.com\/images\/players\/default-player.png';\"><span>Fabian Wohlmuth<\/span><\/a><\/div>\n<div class=\"player\"><a href=\"https:\/\/soccer.aidatasports.com\/fr\/players\/Philipp-Pomer-115590\"><img decoding=\"async\" src=\"https:\/\/soccer.aidatasports.com\/images\/players\/115590.png\" alt=\"Philipp Pomer\" onerror=\"this.onerror=null;this.src='https:\/\/soccer.aidatasports.com\/images\/players\/default-player.png';\"><span>Philipp Pomer<\/span><\/a><\/div>\n<div class=\"player\"><a href=\"https:\/\/soccer.aidatasports.com\/fr\/players\/Nemanja-\u010celi\u0107-7210\"><img decoding=\"async\" src=\"https:\/\/soccer.aidatasports.com\/images\/players\/7210.png\" alt=\"Nemanja \u010celi\u0107\" onerror=\"this.onerror=null;this.src='https:\/\/soccer.aidatasports.com\/images\/players\/default-player.png';\"><span>Nemanja \u010celi\u0107<\/span><\/a><\/div>\n<div class=\"player\"><a href=\"https:\/\/soccer.aidatasports.com\/fr\/players\/Saliou-San\u00e9-26111\"><img decoding=\"async\" src=\"https:\/\/soccer.aidatasports.com\/images\/players\/26111.png\" alt=\"Saliou San\u00e9\" onerror=\"this.onerror=null;this.src='https:\/\/soccer.aidatasports.com\/images\/players\/default-player.png';\"><span>Saliou San\u00e9<\/span><\/a><\/div>\n<\/div>\n<\/div>\n<\/div>\n<\/div>\n<div id=\"wg-api-football-game\"\n                    data-host=\"xxxxx\"\n                    data-key=\"xxxx\"\n                    data-id=\"1219727\"\n                    data-theme=\"\"\n                    data-refresh=\"15\"\n                    data-show-errors=\"false\"\n                    data-show-logos=\"true\"><br \/>\n                    class=\u00a0\u00bbwg_loader\u00a0\u00bb>\n                <\/div>\n<div id=\"wg-api-football-standings\"\n                    data-host=\"xxxx\"\n                    data-key=\"ddddd\"\n                    data-league=\"219\"\n                    data-team=\"\"\n                    data-season=\"2024\"\n                    data-theme=\"\"\n                    data-show-errors=\"false\"\n                    data-show-logos=\"true\"\n                    class=\"wg_loader\">\n                <\/div>\n<p>                <script\n                    type=\"module\"\n                    src=\"https:\/\/soccer.aidatasports.com\/wp-content\/customjs\/widgetslocal.js\">\n                <\/script><\/p>\n","protected":false},"excerpt":{"rendered":"<p>** SV Lafnitz contre Ried : Victoire convaincante de Ried 3-0 Le SV Lafnitz a&hellip;<\/p>\n","protected":false},"author":1,"featured_media":47369,"comment_status":"open","ping_status":"open","sticky":false,"template":"","format":"standard","meta":{"content-type":"","pmpro_default_level":"","_lmt_disableupdate":"","_lmt_disable":"","_league":1,"_fixture":1219727,"penci_pfeatured_image_ratio":"","penci_single_style":"","footnotes":""},"categories":[1],"tags":[1058,1384],"class_list":["post-47370","post","type-post","status-publish","format-standard","has-post-thumbnail","hentry","category-uncategorized","tag-ried-austria-1028","tag-sv-lafnitz-austria-1402","pmpro-has-access"],"_links":{"self":[{"href":"https:\/\/soccer.aidatasports.com\/fr\/wp-json\/wp\/v2\/posts\/47370"}],"collection":[{"href":"https:\/\/soccer.aidatasports.com\/fr\/wp-json\/wp\/v2\/posts"}],"about":[{"href":"https:\/\/soccer.aidatasports.com\/fr\/wp-json\/wp\/v2\/types\/post"}],"author":[{"embeddable":true,"href":"https:\/\/soccer.aidatasports.com\/fr\/wp-json\/wp\/v2\/users\/1"}],"replies":[{"embeddable":true,"href":"https:\/\/soccer.aidatasports.com\/fr\/wp-json\/wp\/v2\/comments?post=47370"}],"version-history":[{"count":0,"href":"https:\/\/soccer.aidatasports.com\/fr\/wp-json\/wp\/v2\/posts\/47370\/revisions"}],"wp:featuredmedia":[{"embeddable":true,"href":"https:\/\/soccer.aidatasports.com\/fr\/wp-json\/wp\/v2\/media\/47369"}],"wp:attachment":[{"href":"https:\/\/soccer.aidatasports.com\/fr\/wp-json\/wp\/v2\/media?parent=47370"}],"wp:term":[{"taxonomy":"category","embeddable":true,"href":"https:\/\/soccer.aidatasports.com\/fr\/wp-json\/wp\/v2\/categories?post=47370"},{"taxonomy":"post_tag","embeddable":true,"href":"https:\/\/soccer.aidatasports.com\/fr\/wp-json\/wp\/v2\/tags?post=47370"}],"curies":[{"name":"wp","href":"https:\/\/api.w.org\/{rel}","templated":true}]}}