{"id":38441,"date":"2024-08-25T12:20:54","date_gmt":"2024-08-25T12:20:54","guid":{"rendered":"https:\/\/soccer.aidatasports.com\/fr\/uncategorized\/vitesse-vs-excelsior-aug-25-2024-1015-utc\/"},"modified":"2024-08-25T12:20:54","modified_gmt":"2024-08-25T12:20:54","slug":"vitesse-vs-excelsior-aug-25-2024-1015-utc","status":"publish","type":"post","link":"https:\/\/soccer.aidatasports.com\/fr\/uncategorized\/vitesse-vs-excelsior-aug-25-2024-1015-utc\/","title":{"rendered":"Vitesse vs Excelsior Aug 25 2024 10:15 UTC"},"content":{"rendered":"<h1>Vitesse domine Excelsior dans un match serr\u00e9 et controvers\u00e9<\/h1>\n<p><strong>Le Vitesse a remport\u00e9 une victoire difficile contre l&rsquo;Excelsior sur le score de 2-1 au GelreDome d&rsquo;Arnhem. Le match a \u00e9t\u00e9 marqu\u00e9 par un manque d&rsquo;occasions de but pour les deux \u00e9quipes, avec seulement trois tirs cadr\u00e9s pour le Vitesse et sept pour l&rsquo;Excelsior.<\/strong><\/p>\n<p>La rencontre a d\u00e9but\u00e9 \u00e0 un rythme lent, avec peu d&rsquo;occasions nettes. Le Vitesse a eu la possession du ballon pendant 38 % du temps, mais n&rsquo;a r\u00e9ussi \u00e0 cr\u00e9er qu&rsquo;une seule occasion de but en premi\u00e8re mi-temps. L&rsquo;Excelsior, pour sa part, a eu plus de possession, avec 62 %, mais ses tentatives de but ont \u00e9t\u00e9 plus nombreuses.<\/p>\n<p>\u00c0 la 53e minute, le Vitesse a ouvert le score gr\u00e2ce \u00e0 un but de Visser, assist\u00e9 par Jonathans. Le but a r\u00e9veill\u00e9 l&rsquo;Excelsior, qui a tent\u00e9 de presser pour \u00e9galiser. L&rsquo;\u00e9quipe visiteuse a eu une s\u00e9rie d&rsquo;occasions, mais le Vitesse a bien d\u00e9fendu et a emp\u00each\u00e9 l&rsquo;Excelsior de se rapprocher trop de son but.<\/p>\n<p>L&rsquo;Excelsior a r\u00e9ussi \u00e0 \u00e9galiser \u00e0 la 90e minute gr\u00e2ce \u00e0 un penalty converti par Omorowa. Cependant, le but est arriv\u00e9 apr\u00e8s une d\u00e9cision controvers\u00e9e de l&rsquo;arbitre Dieperink. La controverse est survenue lorsque le Vitesse a \u00e9t\u00e9 r\u00e9duit \u00e0 10 joueurs apr\u00e8s un carton jaune dans les derni\u00e8res minutes du match. Cependant, \u00e0 la 90e minute, l&rsquo;\u00e9quipe d&rsquo;Arnhem a b\u00e9n\u00e9fici\u00e9 d&rsquo;un penalty en sa faveur.<\/p>\n<p>Le Vitesse a remport\u00e9 le match dans le temps additionnel gr\u00e2ce \u00e0 un but de Visser. Le but, marqu\u00e9 en contre-attaque, a fait la diff\u00e9rence dans le r\u00e9sultat final.<\/p>\n<p><strong>Le Vitesse a r\u00e9colt\u00e9 trois points importants dans la course aux places de t\u00eate de l&rsquo;Eerste Divisie.<\/strong><\/p>\n<p>Remplacements dans l&rsquo;\u00e9quipe de excelsior: \u00c0 la 46e minute, S. Fini est entr\u00e9 et R. Rosario est sorti., \u00c0 la 62e minute, J. de Almeida Reis est entr\u00e9 et I. Bronkhorst est sorti., \u00c0 la 62e minute, X. Blomme est entr\u00e9 et C. Hatenboer est sorti., \u00c0 la 83e minute, J. Armantrading est entr\u00e9 et J. Donkor est sorti., \u00c0 la 83e minute, M. van Duinen est entr\u00e9 et L. Hartjes est sorti. <\/p>\n<p>Remplacements dans l&rsquo;\u00e9quipe de vitesse: \u00c0 la 46e minute, A. Visser est entr\u00e9 et S. van Duivenbooden est sorti., \u00c0 la 46e minute, A. Tsingaras est entr\u00e9 et G. de Regt est sorti., \u00c0 la 77e minute, M. Dokunmu est entr\u00e9 et D. Hoogewerf est sorti., \u00c0 la 77e minute, R. van der Plaat est entr\u00e9 et M. Jonathans est sorti., \u00c0 la 85e minute, M. Kreekels est entr\u00e9 et M. Egbring est sorti. <\/p>\n<p>Les \u00e9quipes se sont align\u00e9es comme suit:<\/p>\n<div class=\"lineups-container\">\n<style>\n                .lineups-container {\n                    display: flex;\n                    justify-content: space-around;\n                    flex-wrap: wrap;\n                }\n                .team-lineup {\n                    width: 49%;\n                    margin-bottom: 20px;\n                    border: 1px solid #ccc;\n                    padding: 5px;\n                }\n                .team-lineup h3 {\n                    text-align: center;\n                    margin-bottom: 10px;\n                }\n                .players-container {\n                    display: flex;\n                    justify-content: space-between;\n                }\n                .players-container div {\n                    width: 100%;\n                }\n                .player {\n                    display: flex;\n                    align-items: center;\n                    margin-bottom: 5px;\n                }\n                .player img {\n                    width: 30px;\n                    height: 30px;\n                    border-radius: 50%;\n                    margin-right: 10px;\n                }\n                    @media (max-width: 600px) {\n                    .team-lineup {\n                        width: 100%;\n                    }\n                }\n                <\/style>\n<div class=\"team-lineup\">\n<h3>Vitesse<\/h3>\n<p><img decoding=\"async\" src=\"https:\/\/media.api-sports.io\/football\/teams\/200.png\" alt=\"Vitesse\" style=\"width: 50px; height: 50px;\"><\/p>\n<div class=\"players-container\">\n<div>\n<h4>Titulares:<\/h4>\n<div class=\"player\"><a href=\"https:\/\/soccer.aidatasports.com\/fr\/players\/Tom-Bramel-437783\"><img decoding=\"async\" src=\"https:\/\/soccer.aidatasports.com\/images\/players\/437783.png\" alt=\"Tom Bramel\" onerror=\"this.onerror=null;this.src='https:\/\/soccer.aidatasports.com\/images\/players\/default-player.png';\"><span>Tom Bramel<\/span><\/a><\/div>\n<div class=\"player\"><a href=\"https:\/\/soccer.aidatasports.com\/fr\/players\/Mats-Egbring-431651\"><img decoding=\"async\" src=\"https:\/\/soccer.aidatasports.com\/images\/players\/431651.png\" alt=\"Mats Egbring\" onerror=\"this.onerror=null;this.src='https:\/\/soccer.aidatasports.com\/images\/players\/default-player.png';\"><span>Mats Egbring<\/span><\/a><\/div>\n<div class=\"player\"><a href=\"https:\/\/soccer.aidatasports.com\/fr\/players\/Giovanni-van-Zwam-312903\"><img decoding=\"async\" src=\"https:\/\/soccer.aidatasports.com\/images\/players\/312903.png\" alt=\"Giovanni van Zwam\" onerror=\"this.onerror=null;this.src='https:\/\/soccer.aidatasports.com\/images\/players\/default-player.png';\"><span>Giovanni van Zwam<\/span><\/a><\/div>\n<div class=\"player\"><a href=\"https:\/\/soccer.aidatasports.com\/fr\/players\/Justin-Bakker-38812\"><img decoding=\"async\" src=\"https:\/\/soccer.aidatasports.com\/images\/players\/38812.png\" alt=\"Justin Bakker\" onerror=\"this.onerror=null;this.src='https:\/\/soccer.aidatasports.com\/images\/players\/default-player.png';\"><span>Justin Bakker<\/span><\/a><\/div>\n<div class=\"player\"><a href=\"https:\/\/soccer.aidatasports.com\/fr\/players\/Alexander-B\u00fcttner-37114\"><img decoding=\"async\" src=\"https:\/\/soccer.aidatasports.com\/images\/players\/37114.png\" alt=\"Alexander B\u00fcttner\" onerror=\"this.onerror=null;this.src='https:\/\/soccer.aidatasports.com\/images\/players\/default-player.png';\"><span>Alexander B\u00fcttner<\/span><\/a><\/div>\n<div class=\"player\"><a href=\"https:\/\/soccer.aidatasports.com\/fr\/players\/Enzo-Cornelisse-272728\"><img decoding=\"async\" src=\"https:\/\/soccer.aidatasports.com\/images\/players\/272728.png\" alt=\"Enzo Cornelisse\" onerror=\"this.onerror=null;this.src='https:\/\/soccer.aidatasports.com\/images\/players\/default-player.png';\"><span>Enzo Cornelisse<\/span><\/a><\/div>\n<div class=\"player\"><a href=\"https:\/\/soccer.aidatasports.com\/fr\/players\/Mathijs-Tielemans-290543\"><img decoding=\"async\" src=\"https:\/\/soccer.aidatasports.com\/images\/players\/290543.png\" alt=\"Mathijs Tielemans\" onerror=\"this.onerror=null;this.src='https:\/\/soccer.aidatasports.com\/images\/players\/default-player.png';\"><span>Mathijs Tielemans<\/span><\/a><\/div>\n<div class=\"player\"><a href=\"https:\/\/soccer.aidatasports.com\/fr\/players\/Gyan-de-Regt-349595\"><img decoding=\"async\" src=\"https:\/\/soccer.aidatasports.com\/images\/players\/349595.png\" alt=\"Gyan de Regt\" onerror=\"this.onerror=null;this.src='https:\/\/soccer.aidatasports.com\/images\/players\/default-player.png';\"><span>Gyan de Regt<\/span><\/a><\/div>\n<div class=\"player\"><a href=\"https:\/\/soccer.aidatasports.com\/fr\/players\/Miliano-Jonathans-364809\"><img decoding=\"async\" src=\"https:\/\/soccer.aidatasports.com\/images\/players\/364809.png\" alt=\"Miliano Jonathans\" onerror=\"this.onerror=null;this.src='https:\/\/soccer.aidatasports.com\/images\/players\/default-player.png';\"><span>Miliano Jonathans<\/span><\/a><\/div>\n<div class=\"player\"><a href=\"https:\/\/soccer.aidatasports.com\/fr\/players\/Dillon-Hoogerwerf-153432\"><img decoding=\"async\" src=\"https:\/\/soccer.aidatasports.com\/images\/players\/153432.png\" alt=\"Dillon Hoogerwerf\" onerror=\"this.onerror=null;this.src='https:\/\/soccer.aidatasports.com\/images\/players\/default-player.png';\"><span>Dillon Hoogerwerf<\/span><\/a><\/div>\n<div class=\"player\"><a href=\"https:\/\/soccer.aidatasports.com\/fr\/players\/Simon-van-Duivenbooden-357047\"><img decoding=\"async\" src=\"https:\/\/soccer.aidatasports.com\/images\/players\/357047.png\" alt=\"Simon van Duivenbooden\" onerror=\"this.onerror=null;this.src='https:\/\/soccer.aidatasports.com\/images\/players\/default-player.png';\"><span>Simon van Duivenbooden<\/span><\/a><\/div>\n<\/div>\n<div>\n<h4>Suplentes:<\/h4>\n<div class=\"player\"><a href=\"https:\/\/soccer.aidatasports.com\/fr\/players\/Angelos-Tsingaras-26782\"><img decoding=\"async\" src=\"https:\/\/soccer.aidatasports.com\/images\/players\/26782.png\" alt=\"Angelos Tsingaras\" onerror=\"this.onerror=null;this.src='https:\/\/soccer.aidatasports.com\/images\/players\/default-player.png';\"><span>Angelos Tsingaras<\/span><\/a><\/div>\n<div class=\"player\"><a href=\"https:\/\/soccer.aidatasports.com\/fr\/players\/Andy-Visser-450926\"><img decoding=\"async\" src=\"https:\/\/soccer.aidatasports.com\/images\/players\/450926.png\" alt=\"Andy Visser\" onerror=\"this.onerror=null;this.src='https:\/\/soccer.aidatasports.com\/images\/players\/default-player.png';\"><span>Andy Visser<\/span><\/a><\/div>\n<div class=\"player\"><a href=\"https:\/\/soccer.aidatasports.com\/fr\/players\/Roan-van-der-Plaat-409187\"><img decoding=\"async\" src=\"https:\/\/soccer.aidatasports.com\/images\/players\/409187.png\" alt=\"Roan van der Plaat\" onerror=\"this.onerror=null;this.src='https:\/\/soccer.aidatasports.com\/images\/players\/default-player.png';\"><span>Roan van der Plaat<\/span><\/a><\/div>\n<div class=\"player\"><a href=\"https:\/\/soccer.aidatasports.com\/fr\/players\/Michael-Dokunmu-417826\"><img decoding=\"async\" src=\"https:\/\/soccer.aidatasports.com\/images\/players\/417826.png\" alt=\"Michael Dokunmu\" onerror=\"this.onerror=null;this.src='https:\/\/soccer.aidatasports.com\/images\/players\/default-player.png';\"><span>Michael Dokunmu<\/span><\/a><\/div>\n<div class=\"player\"><a href=\"https:\/\/soccer.aidatasports.com\/fr\/players\/Mees-Kreekels-163184\"><img decoding=\"async\" src=\"https:\/\/soccer.aidatasports.com\/images\/players\/163184.png\" alt=\"Mees Kreekels\" onerror=\"this.onerror=null;this.src='https:\/\/soccer.aidatasports.com\/images\/players\/default-player.png';\"><span>Mees Kreekels<\/span><\/a><\/div>\n<div class=\"player\"><a href=\"https:\/\/soccer.aidatasports.com\/fr\/players\/Sep-van-der-Heijden-349284\"><img decoding=\"async\" src=\"https:\/\/soccer.aidatasports.com\/images\/players\/349284.png\" alt=\"Sep van der Heijden\" onerror=\"this.onerror=null;this.src='https:\/\/soccer.aidatasports.com\/images\/players\/default-player.png';\"><span>Sep van der Heijden<\/span><\/a><\/div>\n<div class=\"player\"><a href=\"https:\/\/soccer.aidatasports.com\/fr\/players\/Sil-Milder-480307\"><img decoding=\"async\" src=\"https:\/\/soccer.aidatasports.com\/images\/players\/480307.png\" alt=\"Sil Milder\" onerror=\"this.onerror=null;this.src='https:\/\/soccer.aidatasports.com\/images\/players\/default-player.png';\"><span>Sil Milder<\/span><\/a><\/div>\n<div class=\"player\"><a href=\"https:\/\/soccer.aidatasports.com\/fr\/players\/Irakli-Yegoian-371231\"><img decoding=\"async\" src=\"https:\/\/soccer.aidatasports.com\/images\/players\/371231.png\" alt=\"Irakli Yegoian\" onerror=\"this.onerror=null;this.src='https:\/\/soccer.aidatasports.com\/images\/players\/default-player.png';\"><span>Irakli Yegoian<\/span><\/a><\/div>\n<div class=\"player\"><a href=\"https:\/\/soccer.aidatasports.com\/fr\/players\/Loek-Postma-340712\"><img decoding=\"async\" src=\"https:\/\/soccer.aidatasports.com\/images\/players\/340712.png\" alt=\"Loek Postma\" onerror=\"this.onerror=null;this.src='https:\/\/soccer.aidatasports.com\/images\/players\/default-player.png';\"><span>Loek Postma<\/span><\/a><\/div>\n<div class=\"player\"><a href=\"https:\/\/soccer.aidatasports.com\/fr\/players\/Tomislav-Gudelj-128701\"><img decoding=\"async\" src=\"https:\/\/soccer.aidatasports.com\/images\/players\/128701.png\" alt=\"Tomislav Gudelj\" onerror=\"this.onerror=null;this.src='https:\/\/soccer.aidatasports.com\/images\/players\/default-player.png';\"><span>Tomislav Gudelj<\/span><\/a><\/div>\n<\/div>\n<\/div>\n<\/div>\n<div class=\"team-lineup\">\n<h3>Excelsior<\/h3>\n<p><img decoding=\"async\" src=\"https:\/\/media.api-sports.io\/football\/teams\/196.png\" alt=\"Excelsior\" style=\"width: 50px; height: 50px;\"><\/p>\n<div class=\"players-container\">\n<div>\n<h4>Titulares:<\/h4>\n<div class=\"player\"><a href=\"https:\/\/soccer.aidatasports.com\/fr\/players\/Pascal-Kuiper-280671\"><img decoding=\"async\" src=\"https:\/\/soccer.aidatasports.com\/images\/players\/280671.png\" alt=\"Pascal Kuiper\" onerror=\"this.onerror=null;this.src='https:\/\/soccer.aidatasports.com\/images\/players\/default-player.png';\"><span>Pascal Kuiper<\/span><\/a><\/div>\n<div class=\"player\"><a href=\"https:\/\/soccer.aidatasports.com\/fr\/players\/Ilias-Bronkhorst-38789\"><img decoding=\"async\" src=\"https:\/\/soccer.aidatasports.com\/images\/players\/38789.png\" alt=\"Ilias Bronkhorst\" onerror=\"this.onerror=null;this.src='https:\/\/soccer.aidatasports.com\/images\/players\/default-player.png';\"><span>Ilias Bronkhorst<\/span><\/a><\/div>\n<div class=\"player\"><a href=\"https:\/\/soccer.aidatasports.com\/fr\/players\/Casper-Widell-263735\"><img decoding=\"async\" src=\"https:\/\/soccer.aidatasports.com\/images\/players\/263735.png\" alt=\"Casper Widell\" onerror=\"this.onerror=null;this.src='https:\/\/soccer.aidatasports.com\/images\/players\/default-player.png';\"><span>Casper Widell<\/span><\/a><\/div>\n<div class=\"player\"><a href=\"https:\/\/soccer.aidatasports.com\/fr\/players\/Django-Warmerdam-38119\"><img decoding=\"async\" src=\"https:\/\/soccer.aidatasports.com\/images\/players\/38119.png\" alt=\"Django Warmerdam\" onerror=\"this.onerror=null;this.src='https:\/\/soccer.aidatasports.com\/images\/players\/default-player.png';\"><span>Django Warmerdam<\/span><\/a><\/div>\n<div class=\"player\"><a href=\"https:\/\/soccer.aidatasports.com\/fr\/players\/Arthur-Zagre-265\"><img decoding=\"async\" src=\"https:\/\/soccer.aidatasports.com\/images\/players\/265.png\" alt=\"Arthur Zagre\" onerror=\"this.onerror=null;this.src='https:\/\/soccer.aidatasports.com\/images\/players\/default-player.png';\"><span>Arthur Zagre<\/span><\/a><\/div>\n<div class=\"player\"><a href=\"https:\/\/soccer.aidatasports.com\/fr\/players\/Cedric-Hatenboer-453957\"><img decoding=\"async\" src=\"https:\/\/soccer.aidatasports.com\/images\/players\/453957.png\" alt=\"Cedric Hatenboer\" onerror=\"this.onerror=null;this.src='https:\/\/soccer.aidatasports.com\/images\/players\/default-player.png';\"><span>Cedric Hatenboer<\/span><\/a><\/div>\n<div class=\"player\"><a href=\"https:\/\/soccer.aidatasports.com\/fr\/players\/Rayvien-Rosario-359464\"><img decoding=\"async\" src=\"https:\/\/soccer.aidatasports.com\/images\/players\/359464.png\" alt=\"Rayvien Rosario\" onerror=\"this.onerror=null;this.src='https:\/\/soccer.aidatasports.com\/images\/players\/default-player.png';\"><span>Rayvien Rosario<\/span><\/a><\/div>\n<div class=\"player\"><a href=\"https:\/\/soccer.aidatasports.com\/fr\/players\/Noah-Naujoks-321632\"><img decoding=\"async\" src=\"https:\/\/soccer.aidatasports.com\/images\/players\/321632.png\" alt=\"Noah Naujoks\" onerror=\"this.onerror=null;this.src='https:\/\/soccer.aidatasports.com\/images\/players\/default-player.png';\"><span>Noah Naujoks<\/span><\/a><\/div>\n<div class=\"player\"><a href=\"https:\/\/soccer.aidatasports.com\/fr\/players\/Lennard-Hartjes-319518\"><img decoding=\"async\" src=\"https:\/\/soccer.aidatasports.com\/images\/players\/319518.png\" alt=\"Lennard Hartjes\" onerror=\"this.onerror=null;this.src='https:\/\/soccer.aidatasports.com\/images\/players\/default-player.png';\"><span>Lennard Hartjes<\/span><\/a><\/div>\n<div class=\"player\"><a href=\"https:\/\/soccer.aidatasports.com\/fr\/players\/Jacky-Donkor-129052\"><img decoding=\"async\" src=\"https:\/\/soccer.aidatasports.com\/images\/players\/129052.png\" alt=\"Jacky Donkor\" onerror=\"this.onerror=null;this.src='https:\/\/soccer.aidatasports.com\/images\/players\/default-player.png';\"><span>Jacky Donkor<\/span><\/a><\/div>\n<div class=\"player\"><a href=\"https:\/\/soccer.aidatasports.com\/fr\/players\/Richie-Omorowa-305711\"><img decoding=\"async\" src=\"https:\/\/soccer.aidatasports.com\/images\/players\/305711.png\" alt=\"Richie Omorowa\" onerror=\"this.onerror=null;this.src='https:\/\/soccer.aidatasports.com\/images\/players\/default-player.png';\"><span>Richie Omorowa<\/span><\/a><\/div>\n<\/div>\n<div>\n<h4>Suplentes:<\/h4>\n<div class=\"player\"><a href=\"https:\/\/soccer.aidatasports.com\/fr\/players\/Seydou-Fini-348533\"><img decoding=\"async\" src=\"https:\/\/soccer.aidatasports.com\/images\/players\/348533.png\" alt=\"Seydou Fini\" onerror=\"this.onerror=null;this.src='https:\/\/soccer.aidatasports.com\/images\/players\/default-player.png';\"><span>Seydou Fini<\/span><\/a><\/div>\n<div class=\"player\"><a href=\"https:\/\/soccer.aidatasports.com\/fr\/players\/Jose-De-Almeida-Reis-463583\"><img decoding=\"async\" src=\"https:\/\/soccer.aidatasports.com\/images\/players\/463583.png\" alt=\"Jose De Almeida Reis\" onerror=\"this.onerror=null;this.src='https:\/\/soccer.aidatasports.com\/images\/players\/default-player.png';\"><span>Jose De Almeida Reis<\/span><\/a><\/div>\n<div class=\"player\"><a href=\"https:\/\/soccer.aidatasports.com\/fr\/players\/Xander-Blomme-162061\"><img decoding=\"async\" src=\"https:\/\/soccer.aidatasports.com\/images\/players\/162061.png\" alt=\"Xander Blomme\" onerror=\"this.onerror=null;this.src='https:\/\/soccer.aidatasports.com\/images\/players\/default-player.png';\"><span>Xander Blomme<\/span><\/a><\/div>\n<div class=\"player\"><a href=\"https:\/\/soccer.aidatasports.com\/fr\/players\/Jerolldino-Armantrading-480305\"><img decoding=\"async\" src=\"https:\/\/soccer.aidatasports.com\/images\/players\/480305.png\" alt=\"Jerolldino Armantrading\" onerror=\"this.onerror=null;this.src='https:\/\/soccer.aidatasports.com\/images\/players\/default-player.png';\"><span>Jerolldino Armantrading<\/span><\/a><\/div>\n<div class=\"player\"><a href=\"https:\/\/soccer.aidatasports.com\/fr\/players\/Mike-van-Duinen-36938\"><img decoding=\"async\" src=\"https:\/\/soccer.aidatasports.com\/images\/players\/36938.png\" alt=\"Mike van Duinen\" onerror=\"this.onerror=null;this.src='https:\/\/soccer.aidatasports.com\/images\/players\/default-player.png';\"><span>Mike van Duinen<\/span><\/a><\/div>\n<div class=\"player\"><a href=\"https:\/\/soccer.aidatasports.com\/fr\/players\/Calvin-Raatsie-146328\"><img decoding=\"async\" src=\"https:\/\/soccer.aidatasports.com\/images\/players\/146328.png\" alt=\"Calvin Raatsie\" onerror=\"this.onerror=null;this.src='https:\/\/soccer.aidatasports.com\/images\/players\/default-player.png';\"><span>Calvin Raatsie<\/span><\/a><\/div>\n<div class=\"player\"><a href=\"https:\/\/soccer.aidatasports.com\/fr\/players\/Seb-Loeffen-356891\"><img decoding=\"async\" src=\"https:\/\/soccer.aidatasports.com\/images\/players\/356891.png\" alt=\"Seb Loeffen\" onerror=\"this.onerror=null;this.src='https:\/\/soccer.aidatasports.com\/images\/players\/default-player.png';\"><span>Seb Loeffen<\/span><\/a><\/div>\n<div class=\"player\"><a href=\"https:\/\/soccer.aidatasports.com\/fr\/players\/Siem-de-Moes-361680\"><img decoding=\"async\" src=\"https:\/\/soccer.aidatasports.com\/images\/players\/361680.png\" alt=\"Siem de Moes\" onerror=\"this.onerror=null;this.src='https:\/\/soccer.aidatasports.com\/images\/players\/default-player.png';\"><span>Siem de Moes<\/span><\/a><\/div>\n<div class=\"player\"><a href=\"https:\/\/soccer.aidatasports.com\/fr\/players\/Serano-Seymor-291777\"><img decoding=\"async\" src=\"https:\/\/soccer.aidatasports.com\/images\/players\/291777.png\" alt=\"Serano Seymor\" onerror=\"this.onerror=null;this.src='https:\/\/soccer.aidatasports.com\/images\/players\/default-player.png';\"><span>Serano Seymor<\/span><\/a><\/div>\n<div class=\"player\"><a href=\"https:\/\/soccer.aidatasports.com\/fr\/players\/Joshua-Eijgenraam-291333\"><img decoding=\"async\" src=\"https:\/\/soccer.aidatasports.com\/images\/players\/291333.png\" alt=\"Joshua Eijgenraam\" onerror=\"this.onerror=null;this.src='https:\/\/soccer.aidatasports.com\/images\/players\/default-player.png';\"><span>Joshua Eijgenraam<\/span><\/a><\/div>\n<\/div>\n<\/div>\n<\/div>\n<\/div>\n<div id=\"wg-api-football-game\"\n                    data-host=\"xxxxx\"\n                    data-key=\"xxxx\"\n                    data-id=\"1209861\"\n                    data-theme=\"\"\n                    data-refresh=\"15\"\n                    data-show-errors=\"false\"\n                    data-show-logos=\"true\"><br \/>\n                    class=\u00a0\u00bbwg_loader\u00a0\u00bb>\n                <\/div>\n<div id=\"wg-api-football-standings\"\n                    data-host=\"xxxx\"\n                    data-key=\"ddddd\"\n                    data-league=\"89\"\n                    data-team=\"\"\n                    data-season=\"2024\"\n                    data-theme=\"\"\n                    data-show-errors=\"false\"\n                    data-show-logos=\"true\"\n                    class=\"wg_loader\">\n                <\/div>\n<p>                <script\n                    type=\"module\"\n                    src=\"https:\/\/soccer.aidatasports.com\/wp-content\/customjs\/widgetslocal.js\">\n                <\/script><\/p>\n","protected":false},"excerpt":{"rendered":"<p>Vitesse domine Excelsior dans un match serr\u00e9 et controvers\u00e9 Le Vitesse a remport\u00e9 une victoire&hellip;<\/p>\n","protected":false},"author":1,"featured_media":38440,"comment_status":"open","ping_status":"open","sticky":false,"template":"","format":"standard","meta":{"content-type":"","pmpro_default_level":"","_lmt_disableupdate":"","_lmt_disable":"","_league":1,"_fixture":1209861,"penci_pfeatured_image_ratio":"","penci_single_style":"","footnotes":""},"categories":[1],"tags":[319,323],"class_list":["post-38441","post","type-post","status-publish","format-standard","has-post-thumbnail","hentry","category-uncategorized","tag-excelsior-netherlands-196","tag-vitesse-netherlands-200","pmpro-has-access"],"_links":{"self":[{"href":"https:\/\/soccer.aidatasports.com\/fr\/wp-json\/wp\/v2\/posts\/38441"}],"collection":[{"href":"https:\/\/soccer.aidatasports.com\/fr\/wp-json\/wp\/v2\/posts"}],"about":[{"href":"https:\/\/soccer.aidatasports.com\/fr\/wp-json\/wp\/v2\/types\/post"}],"author":[{"embeddable":true,"href":"https:\/\/soccer.aidatasports.com\/fr\/wp-json\/wp\/v2\/users\/1"}],"replies":[{"embeddable":true,"href":"https:\/\/soccer.aidatasports.com\/fr\/wp-json\/wp\/v2\/comments?post=38441"}],"version-history":[{"count":0,"href":"https:\/\/soccer.aidatasports.com\/fr\/wp-json\/wp\/v2\/posts\/38441\/revisions"}],"wp:featuredmedia":[{"embeddable":true,"href":"https:\/\/soccer.aidatasports.com\/fr\/wp-json\/wp\/v2\/media\/38440"}],"wp:attachment":[{"href":"https:\/\/soccer.aidatasports.com\/fr\/wp-json\/wp\/v2\/media?parent=38441"}],"wp:term":[{"taxonomy":"category","embeddable":true,"href":"https:\/\/soccer.aidatasports.com\/fr\/wp-json\/wp\/v2\/categories?post=38441"},{"taxonomy":"post_tag","embeddable":true,"href":"https:\/\/soccer.aidatasports.com\/fr\/wp-json\/wp\/v2\/tags?post=38441"}],"curies":[{"name":"wp","href":"https:\/\/api.w.org\/{rel}","templated":true}]}}