{"id":32834,"date":"2024-08-18T19:41:21","date_gmt":"2024-08-18T19:41:21","guid":{"rendered":"https:\/\/soccer.aidatasports.com\/fr\/uncategorized\/elche-vs-huesca-aug-18-2024-1730-utc\/"},"modified":"2024-08-18T19:41:21","modified_gmt":"2024-08-18T19:41:21","slug":"elche-vs-huesca-aug-18-2024-1730-utc","status":"publish","type":"post","link":"https:\/\/soccer.aidatasports.com\/fr\/uncategorized\/elche-vs-huesca-aug-18-2024-1730-utc\/","title":{"rendered":"Elche vs Huesca Aug 18 2024 17:30 UTC"},"content":{"rendered":"<h1>Elche et Huesca font match nul dans un match avec peu d&rsquo;occasions<\/h1>\n<p><strong>Elche et Huesca ont fait match nul 0-0 dans un match avec peu d&rsquo;occasions et marqu\u00e9 par les cartons jaunes.<\/strong> Le match, disput\u00e9 au stade Manuel Mart\u00ednez Valero, a \u00e9t\u00e9 marqu\u00e9 par la lutte au milieu de terrain et le manque de fluidit\u00e9 en attaque.<\/p>\n<p>Elche a domin\u00e9 la possession pendant la majeure partie du match, mais n&rsquo;a pas pu traduire sa domination en occasions claires de but. <strong>Huesca, quant \u00e0 lui, s&rsquo;est montr\u00e9 plus efficace en attaque, mais n&rsquo;a pas r\u00e9ussi \u00e0 briser la d\u00e9fense solide d&rsquo;Elche.<\/strong><\/p>\n<p><strong>Le match a \u00e9t\u00e9 marqu\u00e9 par les cartons jaunes.<\/strong> Elche a re\u00e7u trois avertissements, tandis que Huesca en a re\u00e7u deux. De plus, Huesca a effectu\u00e9 un total de quatre remplacements, tandis qu&rsquo;Elche en a effectu\u00e9 cinq.<\/p>\n<p><strong>Malgr\u00e9 le manque de buts, le match a \u00e9t\u00e9 intense et excitant.<\/strong> Elche et Huesca se sont battus avec intensit\u00e9 pour la victoire, mais n&rsquo;ont pas r\u00e9ussi \u00e0 trouver la cl\u00e9 du but.<\/p>\n<p>Remplacements dans l&rsquo;\u00e9quipe de huesca: \u00c0 la 61e minute, S. Enrich est entr\u00e9 et J. Munoz est sorti., \u00c0 la 61e minute, Toni Abad est entr\u00e9 et G. Valentin est sorti., \u00c0 la 67e minute, H. Vallejo est entr\u00e9 et J. Mier est sorti., \u00c0 la 81e minute, I. Kortajarena est entr\u00e9 et J. Perez est sorti. <\/p>\n<p>Remplacements dans l&rsquo;\u00e9quipe de elche: \u00c0 la 69e minute, C. Salvador est entr\u00e9 et A. Febas est sorti., \u00c0 la 69e minute, L. Roldan est entr\u00e9 et M. Barzic est sorti., \u00c0 la 74e minute, N. Mercau est entr\u00e9 et R. Mendoza est sorti., \u00c0 la 74e minute, Josan est entr\u00e9 et R. Nunez est sorti. <\/p>\n<p>Les \u00e9quipes se sont align\u00e9es comme suit:<\/p>\n<div class=\"lineups-container\">\n<style>\n                .lineups-container {\n                    display: flex;\n                    justify-content: space-around;\n                    flex-wrap: wrap;\n                }\n                .team-lineup {\n                    width: 49%;\n                    margin-bottom: 20px;\n                    border: 1px solid #ccc;\n                    padding: 5px;\n                }\n                .team-lineup h3 {\n                    text-align: center;\n                    margin-bottom: 10px;\n                }\n                .players-container {\n                    display: flex;\n                    justify-content: space-between;\n                }\n                .players-container div {\n                    width: 100%;\n                }\n                .player {\n                    display: flex;\n                    align-items: center;\n                    margin-bottom: 5px;\n                }\n                .player img {\n                    width: 30px;\n                    height: 30px;\n                    border-radius: 50%;\n                    margin-right: 10px;\n                }\n                    @media (max-width: 600px) {\n                    .team-lineup {\n                        width: 100%;\n                    }\n                }\n                <\/style>\n<div class=\"team-lineup\">\n<h3>Elche<\/h3>\n<p><img decoding=\"async\" src=\"https:\/\/media.api-sports.io\/football\/teams\/797.png\" alt=\"Elche\" style=\"width: 50px; height: 50px;\"><\/p>\n<div class=\"players-container\">\n<div>\n<h4>Titulares:<\/h4>\n<div class=\"player\"><a href=\"https:\/\/soccer.aidatasports.com\/fr\/players\/\u00c9dgar-Bad\u00eda-46961\"><img decoding=\"async\" src=\"https:\/\/soccer.aidatasports.com\/images\/players\/46961.png\" alt=\"\u00c9dgar Bad\u00eda\" onerror=\"this.onerror=null;this.src='https:\/\/soccer.aidatasports.com\/images\/players\/default-player.png';\"><span>\u00c9dgar Bad\u00eda<\/span><\/a><\/div>\n<div class=\"player\"><a href=\"https:\/\/soccer.aidatasports.com\/fr\/players\/Alvaro-Nunez-182661\"><img decoding=\"async\" src=\"https:\/\/soccer.aidatasports.com\/images\/players\/182661.png\" alt=\"Alvaro Nunez\" onerror=\"this.onerror=null;this.src='https:\/\/soccer.aidatasports.com\/images\/players\/default-player.png';\"><span>Alvaro Nunez<\/span><\/a><\/div>\n<div class=\"player\"><a href=\"https:\/\/soccer.aidatasports.com\/fr\/players\/Mario-Gaspar-1691\"><img decoding=\"async\" src=\"https:\/\/soccer.aidatasports.com\/images\/players\/1691.png\" alt=\"Mario Gaspar\" onerror=\"this.onerror=null;this.src='https:\/\/soccer.aidatasports.com\/images\/players\/default-player.png';\"><span>Mario Gaspar<\/span><\/a><\/div>\n<div class=\"player\"><a href=\"https:\/\/soccer.aidatasports.com\/fr\/players\/Matia-Barzic-None\"><img decoding=\"async\" src=\"https:\/\/soccer.aidatasports.com\/images\/players\/None.png\" alt=\"Matia Barzic\" onerror=\"this.onerror=null;this.src='https:\/\/soccer.aidatasports.com\/images\/players\/default-player.png';\"><span>Matia Barzic<\/span><\/a><\/div>\n<div class=\"player\"><a href=\"https:\/\/soccer.aidatasports.com\/fr\/players\/Jose-Salinas-184407\"><img decoding=\"async\" src=\"https:\/\/soccer.aidatasports.com\/images\/players\/184407.png\" alt=\"Jose Salinas\" onerror=\"this.onerror=null;this.src='https:\/\/soccer.aidatasports.com\/images\/players\/default-player.png';\"><span>Jose Salinas<\/span><\/a><\/div>\n<div class=\"player\"><a href=\"https:\/\/soccer.aidatasports.com\/fr\/players\/Rafael-N\u00fa\u00f1ez-162136\"><img decoding=\"async\" src=\"https:\/\/soccer.aidatasports.com\/images\/players\/162136.png\" alt=\"Rafael N\u00fa\u00f1ez\" onerror=\"this.onerror=null;this.src='https:\/\/soccer.aidatasports.com\/images\/players\/default-player.png';\"><span>Rafael N\u00fa\u00f1ez<\/span><\/a><\/div>\n<div class=\"player\"><a href=\"https:\/\/soccer.aidatasports.com\/fr\/players\/Aleix-Febas-46711\"><img decoding=\"async\" src=\"https:\/\/soccer.aidatasports.com\/images\/players\/46711.png\" alt=\"Aleix Febas\" onerror=\"this.onerror=null;this.src='https:\/\/soccer.aidatasports.com\/images\/players\/default-player.png';\"><span>Aleix Febas<\/span><\/a><\/div>\n<div class=\"player\"><a href=\"https:\/\/soccer.aidatasports.com\/fr\/players\/Nicol\u00e1s-Castro-153372\"><img decoding=\"async\" src=\"https:\/\/soccer.aidatasports.com\/images\/players\/153372.png\" alt=\"Nicol\u00e1s Castro\" onerror=\"this.onerror=null;this.src='https:\/\/soccer.aidatasports.com\/images\/players\/default-player.png';\"><span>Nicol\u00e1s Castro<\/span><\/a><\/div>\n<div class=\"player\"><a href=\"https:\/\/soccer.aidatasports.com\/fr\/players\/Yago-Santiago-284415\"><img decoding=\"async\" src=\"https:\/\/soccer.aidatasports.com\/images\/players\/284415.png\" alt=\"Yago Santiago\" onerror=\"this.onerror=null;this.src='https:\/\/soccer.aidatasports.com\/images\/players\/default-player.png';\"><span>Yago Santiago<\/span><\/a><\/div>\n<div class=\"player\"><a href=\"https:\/\/soccer.aidatasports.com\/fr\/players\/Rodrigo-Mendoza-341371\"><img decoding=\"async\" src=\"https:\/\/soccer.aidatasports.com\/images\/players\/341371.png\" alt=\"Rodrigo Mendoza\" onerror=\"this.onerror=null;this.src='https:\/\/soccer.aidatasports.com\/images\/players\/default-player.png';\"><span>Rodrigo Mendoza<\/span><\/a><\/div>\n<div class=\"player\"><a href=\"https:\/\/soccer.aidatasports.com\/fr\/players\/\u00d3scar-Plano-47496\"><img decoding=\"async\" src=\"https:\/\/soccer.aidatasports.com\/images\/players\/47496.png\" alt=\"\u00d3scar Plano\" onerror=\"this.onerror=null;this.src='https:\/\/soccer.aidatasports.com\/images\/players\/default-player.png';\"><span>\u00d3scar Plano<\/span><\/a><\/div>\n<\/div>\n<div>\n<h4>Suplentes:<\/h4>\n<div class=\"player\"><a href=\"https:\/\/soccer.aidatasports.com\/fr\/players\/Luis-Rold\u00e1n-333060\"><img decoding=\"async\" src=\"https:\/\/soccer.aidatasports.com\/images\/players\/333060.png\" alt=\"Luis Rold\u00e1n\" onerror=\"this.onerror=null;this.src='https:\/\/soccer.aidatasports.com\/images\/players\/default-player.png';\"><span>Luis Rold\u00e1n<\/span><\/a><\/div>\n<div class=\"player\"><a href=\"https:\/\/soccer.aidatasports.com\/fr\/players\/Cristian-Salvador-46896\"><img decoding=\"async\" src=\"https:\/\/soccer.aidatasports.com\/images\/players\/46896.png\" alt=\"Cristian Salvador\" onerror=\"this.onerror=null;this.src='https:\/\/soccer.aidatasports.com\/images\/players\/default-player.png';\"><span>Cristian Salvador<\/span><\/a><\/div>\n<div class=\"player\"><a href=\"https:\/\/soccer.aidatasports.com\/fr\/players\/Josan-46973\"><img decoding=\"async\" src=\"https:\/\/soccer.aidatasports.com\/images\/players\/46973.png\" alt=\"Josan\" onerror=\"this.onerror=null;this.src='https:\/\/soccer.aidatasports.com\/images\/players\/default-player.png';\"><span>Josan<\/span><\/a><\/div>\n<div class=\"player\"><a href=\"https:\/\/soccer.aidatasports.com\/fr\/players\/Nicol\u00e1s-Fern\u00e1ndez-75414\"><img decoding=\"async\" src=\"https:\/\/soccer.aidatasports.com\/images\/players\/75414.png\" alt=\"Nicol\u00e1s Fern\u00e1ndez\" onerror=\"this.onerror=null;this.src='https:\/\/soccer.aidatasports.com\/images\/players\/default-player.png';\"><span>Nicol\u00e1s Fern\u00e1ndez<\/span><\/a><\/div>\n<div class=\"player\"><a href=\"https:\/\/soccer.aidatasports.com\/fr\/players\/Miguel-San-Rom\u00e1n-131551\"><img decoding=\"async\" src=\"https:\/\/soccer.aidatasports.com\/images\/players\/131551.png\" alt=\"Miguel San Rom\u00e1n\" onerror=\"this.onerror=null;this.src='https:\/\/soccer.aidatasports.com\/images\/players\/default-player.png';\"><span>Miguel San Rom\u00e1n<\/span><\/a><\/div>\n<div class=\"player\"><a href=\"https:\/\/soccer.aidatasports.com\/fr\/players\/Mat\u00edas-Dituro-11346\"><img decoding=\"async\" src=\"https:\/\/soccer.aidatasports.com\/images\/players\/11346.png\" alt=\"Mat\u00edas Dituro\" onerror=\"this.onerror=null;this.src='https:\/\/soccer.aidatasports.com\/images\/players\/default-player.png';\"><span>Mat\u00edas Dituro<\/span><\/a><\/div>\n<div class=\"player\"><a href=\"https:\/\/soccer.aidatasports.com\/fr\/players\/Mario-Guilabert-462697\"><img decoding=\"async\" src=\"https:\/\/soccer.aidatasports.com\/images\/players\/462697.png\" alt=\"Mario Guilabert\" onerror=\"this.onerror=null;this.src='https:\/\/soccer.aidatasports.com\/images\/players\/default-player.png';\"><span>Mario Guilabert<\/span><\/a><\/div>\n<div class=\"player\"><a href=\"https:\/\/soccer.aidatasports.com\/fr\/players\/Didac-Castella-None\"><img decoding=\"async\" src=\"https:\/\/soccer.aidatasports.com\/images\/players\/None.png\" alt=\"Didac Castella\" onerror=\"this.onerror=null;this.src='https:\/\/soccer.aidatasports.com\/images\/players\/default-player.png';\"><span>Didac Castella<\/span><\/a><\/div>\n<div class=\"player\"><a href=\"https:\/\/soccer.aidatasports.com\/fr\/players\/Ali-Houary-448243\"><img decoding=\"async\" src=\"https:\/\/soccer.aidatasports.com\/images\/players\/448243.png\" alt=\"Ali Houary\" onerror=\"this.onerror=null;this.src='https:\/\/soccer.aidatasports.com\/images\/players\/default-player.png';\"><span>Ali Houary<\/span><\/a><\/div>\n<div class=\"player\"><a href=\"https:\/\/soccer.aidatasports.com\/fr\/players\/Adam-Boayar-439293\"><img decoding=\"async\" src=\"https:\/\/soccer.aidatasports.com\/images\/players\/439293.png\" alt=\"Adam Boayar\" onerror=\"this.onerror=null;this.src='https:\/\/soccer.aidatasports.com\/images\/players\/default-player.png';\"><span>Adam Boayar<\/span><\/a><\/div>\n<div class=\"player\"><a href=\"https:\/\/soccer.aidatasports.com\/fr\/players\/Mourad-El-Ghezouani-119223\"><img decoding=\"async\" src=\"https:\/\/soccer.aidatasports.com\/images\/players\/119223.png\" alt=\"Mourad El Ghezouani\" onerror=\"this.onerror=null;this.src='https:\/\/soccer.aidatasports.com\/images\/players\/default-player.png';\"><span>Mourad El Ghezouani<\/span><\/a><\/div>\n<div class=\"player\"><a href=\"https:\/\/soccer.aidatasports.com\/fr\/players\/Nico-Gonz\u00e1lez-None\"><img decoding=\"async\" src=\"https:\/\/soccer.aidatasports.com\/images\/players\/None.png\" alt=\"Nico Gonz\u00e1lez\" onerror=\"this.onerror=null;this.src='https:\/\/soccer.aidatasports.com\/images\/players\/default-player.png';\"><span>Nico Gonz\u00e1lez<\/span><\/a><\/div>\n<\/div>\n<\/div>\n<\/div>\n<div class=\"team-lineup\">\n<h3>Huesca<\/h3>\n<p><img decoding=\"async\" src=\"https:\/\/media.api-sports.io\/football\/teams\/726.png\" alt=\"Huesca\" style=\"width: 50px; height: 50px;\"><\/p>\n<div class=\"players-container\">\n<div>\n<h4>Titulares:<\/h4>\n<div class=\"player\"><a href=\"https:\/\/soccer.aidatasports.com\/fr\/players\/Dani-Jim\u00e9nez-46934\"><img decoding=\"async\" src=\"https:\/\/soccer.aidatasports.com\/images\/players\/46934.png\" alt=\"Dani Jim\u00e9nez\" onerror=\"this.onerror=null;this.src='https:\/\/soccer.aidatasports.com\/images\/players\/default-player.png';\"><span>Dani Jim\u00e9nez<\/span><\/a><\/div>\n<div class=\"player\"><a href=\"https:\/\/soccer.aidatasports.com\/fr\/players\/Gerard-Valent\u00edn-47164\"><img decoding=\"async\" src=\"https:\/\/soccer.aidatasports.com\/images\/players\/47164.png\" alt=\"Gerard Valent\u00edn\" onerror=\"this.onerror=null;this.src='https:\/\/soccer.aidatasports.com\/images\/players\/default-player.png';\"><span>Gerard Valent\u00edn<\/span><\/a><\/div>\n<div class=\"player\"><a href=\"https:\/\/soccer.aidatasports.com\/fr\/players\/Miguel-Loureiro-47190\"><img decoding=\"async\" src=\"https:\/\/soccer.aidatasports.com\/images\/players\/47190.png\" alt=\"Miguel Loureiro\" onerror=\"this.onerror=null;this.src='https:\/\/soccer.aidatasports.com\/images\/players\/default-player.png';\"><span>Miguel Loureiro<\/span><\/a><\/div>\n<div class=\"player\"><a href=\"https:\/\/soccer.aidatasports.com\/fr\/players\/J\u00e9r\u00e9my-Blasco-182547\"><img decoding=\"async\" src=\"https:\/\/soccer.aidatasports.com\/images\/players\/182547.png\" alt=\"J\u00e9r\u00e9my Blasco\" onerror=\"this.onerror=null;this.src='https:\/\/soccer.aidatasports.com\/images\/players\/default-player.png';\"><span>J\u00e9r\u00e9my Blasco<\/span><\/a><\/div>\n<div class=\"player\"><a href=\"https:\/\/soccer.aidatasports.com\/fr\/players\/Jorge-Pulido-47569\"><img decoding=\"async\" src=\"https:\/\/soccer.aidatasports.com\/images\/players\/47569.png\" alt=\"Jorge Pulido\" onerror=\"this.onerror=null;this.src='https:\/\/soccer.aidatasports.com\/images\/players\/default-player.png';\"><span>Jorge Pulido<\/span><\/a><\/div>\n<div class=\"player\"><a href=\"https:\/\/soccer.aidatasports.com\/fr\/players\/Ignasi-Vilarrasa-107148\"><img decoding=\"async\" src=\"https:\/\/soccer.aidatasports.com\/images\/players\/107148.png\" alt=\"Ignasi Vilarrasa\" onerror=\"this.onerror=null;this.src='https:\/\/soccer.aidatasports.com\/images\/players\/default-player.png';\"><span>Ignasi Vilarrasa<\/span><\/a><\/div>\n<div class=\"player\"><a href=\"https:\/\/soccer.aidatasports.com\/fr\/players\/Javier-P\u00e9rez-Mateo-135153\"><img decoding=\"async\" src=\"https:\/\/soccer.aidatasports.com\/images\/players\/135153.png\" alt=\"Javier P\u00e9rez Mateo\" onerror=\"this.onerror=null;this.src='https:\/\/soccer.aidatasports.com\/images\/players\/default-player.png';\"><span>Javier P\u00e9rez Mateo<\/span><\/a><\/div>\n<div class=\"player\"><a href=\"https:\/\/soccer.aidatasports.com\/fr\/players\/Oscar-Sielva-131544\"><img decoding=\"async\" src=\"https:\/\/soccer.aidatasports.com\/images\/players\/131544.png\" alt=\"Oscar Sielva\" onerror=\"this.onerror=null;this.src='https:\/\/soccer.aidatasports.com\/images\/players\/default-player.png';\"><span>Oscar Sielva<\/span><\/a><\/div>\n<div class=\"player\"><a href=\"https:\/\/soccer.aidatasports.com\/fr\/players\/Javi-Mier-46859\"><img decoding=\"async\" src=\"https:\/\/soccer.aidatasports.com\/images\/players\/46859.png\" alt=\"Javi Mier\" onerror=\"this.onerror=null;this.src='https:\/\/soccer.aidatasports.com\/images\/players\/default-player.png';\"><span>Javi Mier<\/span><\/a><\/div>\n<div class=\"player\"><a href=\"https:\/\/soccer.aidatasports.com\/fr\/players\/Patrick-Soko-36302\"><img decoding=\"async\" src=\"https:\/\/soccer.aidatasports.com\/images\/players\/36302.png\" alt=\"Patrick Soko\" onerror=\"this.onerror=null;this.src='https:\/\/soccer.aidatasports.com\/images\/players\/default-player.png';\"><span>Patrick Soko<\/span><\/a><\/div>\n<div class=\"player\"><a href=\"https:\/\/soccer.aidatasports.com\/fr\/players\/Joaqu\u00edn-Mu\u00f1oz-60\"><img decoding=\"async\" src=\"https:\/\/soccer.aidatasports.com\/images\/players\/60.png\" alt=\"Joaqu\u00edn Mu\u00f1oz\" onerror=\"this.onerror=null;this.src='https:\/\/soccer.aidatasports.com\/images\/players\/default-player.png';\"><span>Joaqu\u00edn Mu\u00f1oz<\/span><\/a><\/div>\n<\/div>\n<div>\n<h4>Suplentes:<\/h4>\n<div class=\"player\"><a href=\"https:\/\/soccer.aidatasports.com\/fr\/players\/Toni-Abad-181572\"><img decoding=\"async\" src=\"https:\/\/soccer.aidatasports.com\/images\/players\/181572.png\" alt=\"Toni Abad\" onerror=\"this.onerror=null;this.src='https:\/\/soccer.aidatasports.com\/images\/players\/default-player.png';\"><span>Toni Abad<\/span><\/a><\/div>\n<div class=\"player\"><a href=\"https:\/\/soccer.aidatasports.com\/fr\/players\/Sergi-Enrich-47395\"><img decoding=\"async\" src=\"https:\/\/soccer.aidatasports.com\/images\/players\/47395.png\" alt=\"Sergi Enrich\" onerror=\"this.onerror=null;this.src='https:\/\/soccer.aidatasports.com\/images\/players\/default-player.png';\"><span>Sergi Enrich<\/span><\/a><\/div>\n<div class=\"player\"><a href=\"https:\/\/soccer.aidatasports.com\/fr\/players\/Hugo-Vallejo-46840\"><img decoding=\"async\" src=\"https:\/\/soccer.aidatasports.com\/images\/players\/46840.png\" alt=\"Hugo Vallejo\" onerror=\"this.onerror=null;this.src='https:\/\/soccer.aidatasports.com\/images\/players\/default-player.png';\"><span>Hugo Vallejo<\/span><\/a><\/div>\n<div class=\"player\"><a href=\"https:\/\/soccer.aidatasports.com\/fr\/players\/Iker-Kortajarena-183747\"><img decoding=\"async\" src=\"https:\/\/soccer.aidatasports.com\/images\/players\/183747.png\" alt=\"Iker Kortajarena\" onerror=\"this.onerror=null;this.src='https:\/\/soccer.aidatasports.com\/images\/players\/default-player.png';\"><span>Iker Kortajarena<\/span><\/a><\/div>\n<div class=\"player\"><a href=\"https:\/\/soccer.aidatasports.com\/fr\/players\/Juan-P\u00e9rez-46649\"><img decoding=\"async\" src=\"https:\/\/soccer.aidatasports.com\/images\/players\/46649.png\" alt=\"Juan P\u00e9rez\" onerror=\"this.onerror=null;this.src='https:\/\/soccer.aidatasports.com\/images\/players\/default-player.png';\"><span>Juan P\u00e9rez<\/span><\/a><\/div>\n<div class=\"player\"><a href=\"https:\/\/soccer.aidatasports.com\/fr\/players\/Diego-Gonz\u00e1lez-181651\"><img decoding=\"async\" src=\"https:\/\/soccer.aidatasports.com\/images\/players\/181651.png\" alt=\"Diego Gonz\u00e1lez\" onerror=\"this.onerror=null;this.src='https:\/\/soccer.aidatasports.com\/images\/players\/default-player.png';\"><span>Diego Gonz\u00e1lez<\/span><\/a><\/div>\n<div class=\"player\"><a href=\"https:\/\/soccer.aidatasports.com\/fr\/players\/Hugo-Anglada-316697\"><img decoding=\"async\" src=\"https:\/\/soccer.aidatasports.com\/images\/players\/316697.png\" alt=\"Hugo Anglada\" onerror=\"this.onerror=null;this.src='https:\/\/soccer.aidatasports.com\/images\/players\/default-player.png';\"><span>Hugo Anglada<\/span><\/a><\/div>\n<div class=\"player\"><a href=\"https:\/\/soccer.aidatasports.com\/fr\/players\/Rub\u00e9n-Pulido-119231\"><img decoding=\"async\" src=\"https:\/\/soccer.aidatasports.com\/images\/players\/119231.png\" alt=\"Rub\u00e9n Pulido\" onerror=\"this.onerror=null;this.src='https:\/\/soccer.aidatasports.com\/images\/players\/default-player.png';\"><span>Rub\u00e9n Pulido<\/span><\/a><\/div>\n<div class=\"player\"><a href=\"https:\/\/soccer.aidatasports.com\/fr\/players\/Javier-Hernandez-388495\"><img decoding=\"async\" src=\"https:\/\/soccer.aidatasports.com\/images\/players\/388495.png\" alt=\"Javier Hernandez\" onerror=\"this.onerror=null;this.src='https:\/\/soccer.aidatasports.com\/images\/players\/default-player.png';\"><span>Javier Hernandez<\/span><\/a><\/div>\n<div class=\"player\"><a href=\"https:\/\/soccer.aidatasports.com\/fr\/players\/Ayman-Arguigue-391775\"><img decoding=\"async\" src=\"https:\/\/soccer.aidatasports.com\/images\/players\/391775.png\" alt=\"Ayman Arguigue\" onerror=\"this.onerror=null;this.src='https:\/\/soccer.aidatasports.com\/images\/players\/default-player.png';\"><span>Ayman Arguigue<\/span><\/a><\/div>\n<div class=\"player\"><a href=\"https:\/\/soccer.aidatasports.com\/fr\/players\/Sergi-Armero-None\"><img decoding=\"async\" src=\"https:\/\/soccer.aidatasports.com\/images\/players\/None.png\" alt=\"Sergi Armero\" onerror=\"this.onerror=null;this.src='https:\/\/soccer.aidatasports.com\/images\/players\/default-player.png';\"><span>Sergi Armero<\/span><\/a><\/div>\n<div class=\"player\"><a href=\"https:\/\/soccer.aidatasports.com\/fr\/players\/Alex-Fita-None\"><img decoding=\"async\" src=\"https:\/\/soccer.aidatasports.com\/images\/players\/None.png\" alt=\"Alex Fita\" onerror=\"this.onerror=null;this.src='https:\/\/soccer.aidatasports.com\/images\/players\/default-player.png';\"><span>Alex Fita<\/span><\/a><\/div>\n<\/div>\n<\/div>\n<\/div>\n<\/div>\n<div id=\"wg-api-football-game\"\n                    data-host=\"xxxxx\"\n                    data-key=\"xxxx\"\n                    data-id=\"1217502\"\n                    data-theme=\"\"\n                    data-refresh=\"15\"\n                    data-show-errors=\"false\"\n                    data-show-logos=\"true\"><br \/>\n                    class=\u00a0\u00bbwg_loader\u00a0\u00bb>\n                <\/div>\n<div id=\"wg-api-football-standings\"\n                    data-host=\"xxxx\"\n                    data-key=\"ddddd\"\n                    data-league=\"141\"\n                    data-team=\"\"\n                    data-season=\"2024\"\n                    data-theme=\"\"\n                    data-show-errors=\"false\"\n                    data-show-logos=\"true\"\n                    class=\"wg_loader\">\n                <\/div>\n<p>                <script\n                    type=\"module\"\n                    src=\"https:\/\/soccer.aidatasports.com\/wp-content\/customjs\/widgetslocal.js\">\n                <\/script><\/p>\n","protected":false},"excerpt":{"rendered":"<p>Elche et Huesca font match nul dans un match avec peu d&rsquo;occasions Elche et Huesca&hellip;<\/p>\n","protected":false},"author":1,"featured_media":32833,"comment_status":"open","ping_status":"open","sticky":false,"template":"","format":"standard","meta":{"content-type":"","pmpro_default_level":"","_lmt_disableupdate":"","_lmt_disable":"","_league":0,"_fixture":1217502,"penci_pfeatured_image_ratio":"","penci_single_style":"","footnotes":""},"categories":[],"tags":[873,811],"class_list":["post-32834","post","type-post","status-publish","format-standard","has-post-thumbnail","hentry","tag-elche-spain-797","tag-huesca-spain-726","pmpro-has-access"],"_links":{"self":[{"href":"https:\/\/soccer.aidatasports.com\/fr\/wp-json\/wp\/v2\/posts\/32834"}],"collection":[{"href":"https:\/\/soccer.aidatasports.com\/fr\/wp-json\/wp\/v2\/posts"}],"about":[{"href":"https:\/\/soccer.aidatasports.com\/fr\/wp-json\/wp\/v2\/types\/post"}],"author":[{"embeddable":true,"href":"https:\/\/soccer.aidatasports.com\/fr\/wp-json\/wp\/v2\/users\/1"}],"replies":[{"embeddable":true,"href":"https:\/\/soccer.aidatasports.com\/fr\/wp-json\/wp\/v2\/comments?post=32834"}],"version-history":[{"count":0,"href":"https:\/\/soccer.aidatasports.com\/fr\/wp-json\/wp\/v2\/posts\/32834\/revisions"}],"wp:featuredmedia":[{"embeddable":true,"href":"https:\/\/soccer.aidatasports.com\/fr\/wp-json\/wp\/v2\/media\/32833"}],"wp:attachment":[{"href":"https:\/\/soccer.aidatasports.com\/fr\/wp-json\/wp\/v2\/media?parent=32834"}],"wp:term":[{"taxonomy":"category","embeddable":true,"href":"https:\/\/soccer.aidatasports.com\/fr\/wp-json\/wp\/v2\/categories?post=32834"},{"taxonomy":"post_tag","embeddable":true,"href":"https:\/\/soccer.aidatasports.com\/fr\/wp-json\/wp\/v2\/tags?post=32834"}],"curies":[{"name":"wp","href":"https:\/\/api.w.org\/{rel}","templated":true}]}}