{"id":32721,"date":"2024-08-18T17:00:27","date_gmt":"2024-08-18T17:00:27","guid":{"rendered":"https:\/\/soccer.aidatasports.com\/fr\/uncategorized\/rapid-vienna-vs-wsg-wattens-aug-18-2024-1500-utc\/"},"modified":"2024-08-18T17:00:27","modified_gmt":"2024-08-18T17:00:27","slug":"rapid-vienna-vs-wsg-wattens-aug-18-2024-1500-utc","status":"publish","type":"post","link":"https:\/\/soccer.aidatasports.com\/fr\/uncategorized\/rapid-vienna-vs-wsg-wattens-aug-18-2024-1500-utc\/","title":{"rendered":"Rapid Vienna vs WSG Wattens Aug 18 2024 15:00 UTC"},"content":{"rendered":"<h1>Le Rapid Vienne bat le WSG Wattens gr\u00e2ce \u00e0 deux buts dans un match terne<\/h1>\n<p>Le Rapid Vienne a battu le WSG Wattens 2-0 lors d&rsquo;un match de la troisi\u00e8me journ\u00e9e de la Bundesliga autrichienne disput\u00e9 \u00e0 l&rsquo;Allianz Stadion de Vienne. La rencontre a \u00e9t\u00e9 marqu\u00e9e par un manque de fluidit\u00e9 dans le jeu, bien que le Rapid Vienne ait r\u00e9ussi \u00e0 imposer son rythme et marquer deux buts en seconde p\u00e9riode.<\/p>\n<p>Les buts du Rapid Vienne sont arriv\u00e9s \u00e0 la 42\u00e8me minute, gr\u00e2ce \u00e0 une frappe de D. Beljo assist\u00e9 par B. Bockle, et \u00e0 la 66\u00e8me minute, avec un but de S. Raux Yao.<\/p>\n<p>Le WSG Wattens a eu peu d&rsquo;occasions nettes de marquer et n&rsquo;a pas r\u00e9ussi \u00e0 trouver le chemin des filets adverses. Le match a \u00e9t\u00e9 marqu\u00e9 par des interruptions constantes de la part de l&rsquo;arbitre, qui a averti sept joueurs, quatre du WSG Wattens et trois du Rapid Vienne.<\/p>\n<p>Malgr\u00e9 la victoire, le Rapid Vienne n&rsquo;a pas \u00e9t\u00e9 \u00e0 la hauteur des attentes et a montr\u00e9 un jeu peu brillant. Le WSG Wattens, de son c\u00f4t\u00e9, n&rsquo;a pas su profiter de ses occasions et a \u00e9t\u00e9 surpass\u00e9 par un adversaire sup\u00e9rieur.<\/p>\n<p>Remplacements dans l&rsquo;\u00e9quipe de wsg wattens: \u00c0 la 19e minute, O. Okungbowa est entr\u00e9 et L. Czyborra est sorti., \u00c0 la 37e minute, M. Diarra est entr\u00e9 et L. Hinterseer est sorti., \u00c0 la 77e minute, A. Ranacher est entr\u00e9 et Q. Butler est sorti., \u00c0 la 77e minute, J. Naschberger est entr\u00e9 et B. Blume est sorti., \u00c0 la 77e minute, T. Anselm est entr\u00e9 et S. Skrbo est sorti. <\/p>\n<p>Remplacements dans l&rsquo;\u00e9quipe de rapid vienna: \u00c0 la 46e minute, M. Oswald est entr\u00e9 et L. Grgic est sorti., \u00c0 la 63e minute, C. Lang est entr\u00e9 et G. Burgstaller est sorti., \u00c0 la 63e minute, L. Schaub est entr\u00e9 et M. Seidl est sorti., \u00c0 la 77e minute, J. Auer est entr\u00e9 et B. Bockle est sorti., \u00c0 la 77e minute, F. Dursun est entr\u00e9 et I. Jansson est sorti. <\/p>\n<p>Les \u00e9quipes se sont align\u00e9es comme suit:<\/p>\n<div class=\"lineups-container\">\n<style>\n                .lineups-container {\n                    display: flex;\n                    justify-content: space-around;\n                    flex-wrap: wrap;\n                }\n                .team-lineup {\n                    width: 49%;\n                    margin-bottom: 20px;\n                    border: 1px solid #ccc;\n                    padding: 5px;\n                }\n                .team-lineup h3 {\n                    text-align: center;\n                    margin-bottom: 10px;\n                }\n                .players-container {\n                    display: flex;\n                    justify-content: space-between;\n                }\n                .players-container div {\n                    width: 100%;\n                }\n                .player {\n                    display: flex;\n                    align-items: center;\n                    margin-bottom: 5px;\n                }\n                .player img {\n                    width: 30px;\n                    height: 30px;\n                    border-radius: 50%;\n                    margin-right: 10px;\n                }\n                    @media (max-width: 600px) {\n                    .team-lineup {\n                        width: 100%;\n                    }\n                }\n                <\/style>\n<div class=\"team-lineup\">\n<h3>Rapid Vienna<\/h3>\n<p><img decoding=\"async\" src=\"https:\/\/media.api-sports.io\/football\/teams\/781.png\" alt=\"Rapid Vienna\" style=\"width: 50px; height: 50px;\"><\/p>\n<div class=\"players-container\">\n<div>\n<h4>Titulares:<\/h4>\n<div class=\"player\"><a href=\"https:\/\/soccer.aidatasports.com\/fr\/players\/Niklas-Hedl-169346\"><img decoding=\"async\" src=\"https:\/\/soccer.aidatasports.com\/images\/players\/169346.png\" alt=\"Niklas Hedl\" onerror=\"this.onerror=null;this.src='https:\/\/soccer.aidatasports.com\/images\/players\/default-player.png';\"><span>Niklas Hedl<\/span><\/a><\/div>\n<div class=\"player\"><a href=\"https:\/\/soccer.aidatasports.com\/fr\/players\/Bendeg\u00faz-Bolla-27778\"><img decoding=\"async\" src=\"https:\/\/soccer.aidatasports.com\/images\/players\/27778.png\" alt=\"Bendeg\u00faz Bolla\" onerror=\"this.onerror=null;this.src='https:\/\/soccer.aidatasports.com\/images\/players\/default-player.png';\"><span>Bendeg\u00faz Bolla<\/span><\/a><\/div>\n<div class=\"player\"><a href=\"https:\/\/soccer.aidatasports.com\/fr\/players\/Maximilian-Hofmann-1718\"><img decoding=\"async\" src=\"https:\/\/soccer.aidatasports.com\/images\/players\/1718.png\" alt=\"Maximilian Hofmann\" onerror=\"this.onerror=null;this.src='https:\/\/soccer.aidatasports.com\/images\/players\/default-player.png';\"><span>Maximilian Hofmann<\/span><\/a><\/div>\n<div class=\"player\"><a href=\"https:\/\/soccer.aidatasports.com\/fr\/players\/Serge-Philippe-Raux-Yao-128999\"><img decoding=\"async\" src=\"https:\/\/soccer.aidatasports.com\/images\/players\/128999.png\" alt=\"Serge-Philippe Raux-Yao\" onerror=\"this.onerror=null;this.src='https:\/\/soccer.aidatasports.com\/images\/players\/default-player.png';\"><span>Serge-Philippe Raux-Yao<\/span><\/a><\/div>\n<div class=\"player\"><a href=\"https:\/\/soccer.aidatasports.com\/fr\/players\/Benjamin-B\u00f6ckle-162460\"><img decoding=\"async\" src=\"https:\/\/soccer.aidatasports.com\/images\/players\/162460.png\" alt=\"Benjamin B\u00f6ckle\" onerror=\"this.onerror=null;this.src='https:\/\/soccer.aidatasports.com\/images\/players\/default-player.png';\"><span>Benjamin B\u00f6ckle<\/span><\/a><\/div>\n<div class=\"player\"><a href=\"https:\/\/soccer.aidatasports.com\/fr\/players\/Mamadou-Sangare-277306\"><img decoding=\"async\" src=\"https:\/\/soccer.aidatasports.com\/images\/players\/277306.png\" alt=\"Mamadou Sangare\" onerror=\"this.onerror=null;this.src='https:\/\/soccer.aidatasports.com\/images\/players\/default-player.png';\"><span>Mamadou Sangare<\/span><\/a><\/div>\n<div class=\"player\"><a href=\"https:\/\/soccer.aidatasports.com\/fr\/players\/Lukas-Grgi\u0107-7072\"><img decoding=\"async\" src=\"https:\/\/soccer.aidatasports.com\/images\/players\/7072.png\" alt=\"Lukas Grgi\u0107\" onerror=\"this.onerror=null;this.src='https:\/\/soccer.aidatasports.com\/images\/players\/default-player.png';\"><span>Lukas Grgi\u0107<\/span><\/a><\/div>\n<div class=\"player\"><a href=\"https:\/\/soccer.aidatasports.com\/fr\/players\/Matthias-Seidl-176022\"><img decoding=\"async\" src=\"https:\/\/soccer.aidatasports.com\/images\/players\/176022.png\" alt=\"Matthias Seidl\" onerror=\"this.onerror=null;this.src='https:\/\/soccer.aidatasports.com\/images\/players\/default-player.png';\"><span>Matthias Seidl<\/span><\/a><\/div>\n<div class=\"player\"><a href=\"https:\/\/soccer.aidatasports.com\/fr\/players\/Isak-Jansson-105154\"><img decoding=\"async\" src=\"https:\/\/soccer.aidatasports.com\/images\/players\/105154.png\" alt=\"Isak Jansson\" onerror=\"this.onerror=null;this.src='https:\/\/soccer.aidatasports.com\/images\/players\/default-player.png';\"><span>Isak Jansson<\/span><\/a><\/div>\n<div class=\"player\"><a href=\"https:\/\/soccer.aidatasports.com\/fr\/players\/Dion-Drena-Beljo-182434\"><img decoding=\"async\" src=\"https:\/\/soccer.aidatasports.com\/images\/players\/182434.png\" alt=\"Dion Drena Beljo\" onerror=\"this.onerror=null;this.src='https:\/\/soccer.aidatasports.com\/images\/players\/default-player.png';\"><span>Dion Drena Beljo<\/span><\/a><\/div>\n<div class=\"player\"><a href=\"https:\/\/soccer.aidatasports.com\/fr\/players\/Guido-Burgstaller-420\"><img decoding=\"async\" src=\"https:\/\/soccer.aidatasports.com\/images\/players\/420.png\" alt=\"Guido Burgstaller\" onerror=\"this.onerror=null;this.src='https:\/\/soccer.aidatasports.com\/images\/players\/default-player.png';\"><span>Guido Burgstaller<\/span><\/a><\/div>\n<\/div>\n<div>\n<h4>Suplentes:<\/h4>\n<div class=\"player\"><a href=\"https:\/\/soccer.aidatasports.com\/fr\/players\/Moritz-Oswald-169420\"><img decoding=\"async\" src=\"https:\/\/soccer.aidatasports.com\/images\/players\/169420.png\" alt=\"Moritz Oswald\" onerror=\"this.onerror=null;this.src='https:\/\/soccer.aidatasports.com\/images\/players\/default-player.png';\"><span>Moritz Oswald<\/span><\/a><\/div>\n<div class=\"player\"><a href=\"https:\/\/soccer.aidatasports.com\/fr\/players\/Christoph-Lang-271327\"><img decoding=\"async\" src=\"https:\/\/soccer.aidatasports.com\/images\/players\/271327.png\" alt=\"Christoph Lang\" onerror=\"this.onerror=null;this.src='https:\/\/soccer.aidatasports.com\/images\/players\/default-player.png';\"><span>Christoph Lang<\/span><\/a><\/div>\n<div class=\"player\"><a href=\"https:\/\/soccer.aidatasports.com\/fr\/players\/Louis-Schaub-24809\"><img decoding=\"async\" src=\"https:\/\/soccer.aidatasports.com\/images\/players\/24809.png\" alt=\"Louis Schaub\" onerror=\"this.onerror=null;this.src='https:\/\/soccer.aidatasports.com\/images\/players\/default-player.png';\"><span>Louis Schaub<\/span><\/a><\/div>\n<div class=\"player\"><a href=\"https:\/\/soccer.aidatasports.com\/fr\/players\/Paul-Gartler-1710\"><img decoding=\"async\" src=\"https:\/\/soccer.aidatasports.com\/images\/players\/1710.png\" alt=\"Paul Gartler\" onerror=\"this.onerror=null;this.src='https:\/\/soccer.aidatasports.com\/images\/players\/default-player.png';\"><span>Paul Gartler<\/span><\/a><\/div>\n<div class=\"player\"><a href=\"https:\/\/soccer.aidatasports.com\/fr\/players\/Nenad-Cvetkovi\u0107-46160\"><img decoding=\"async\" src=\"https:\/\/soccer.aidatasports.com\/images\/players\/46160.png\" alt=\"Nenad Cvetkovi\u0107\" onerror=\"this.onerror=null;this.src='https:\/\/soccer.aidatasports.com\/images\/players\/default-player.png';\"><span>Nenad Cvetkovi\u0107<\/span><\/a><\/div>\n<div class=\"player\"><a href=\"https:\/\/soccer.aidatasports.com\/fr\/players\/Jonas-Antonius-Auer-66728\"><img decoding=\"async\" src=\"https:\/\/soccer.aidatasports.com\/images\/players\/66728.png\" alt=\"Jonas Antonius Auer\" onerror=\"this.onerror=null;this.src='https:\/\/soccer.aidatasports.com\/images\/players\/default-player.png';\"><span>Jonas Antonius Auer<\/span><\/a><\/div>\n<div class=\"player\"><a href=\"https:\/\/soccer.aidatasports.com\/fr\/players\/Furkan-Dursun-339922\"><img decoding=\"async\" src=\"https:\/\/soccer.aidatasports.com\/images\/players\/339922.png\" alt=\"Furkan Dursun\" onerror=\"this.onerror=null;this.src='https:\/\/soccer.aidatasports.com\/images\/players\/default-player.png';\"><span>Furkan Dursun<\/span><\/a><\/div>\n<\/div>\n<\/div>\n<\/div>\n<div class=\"team-lineup\">\n<h3>WSG Wattens<\/h3>\n<p><img decoding=\"async\" src=\"https:\/\/media.api-sports.io\/football\/teams\/1398.png\" alt=\"WSG Wattens\" style=\"width: 50px; height: 50px;\"><\/p>\n<div class=\"players-container\">\n<div>\n<h4>Titulares:<\/h4>\n<div class=\"player\"><a href=\"https:\/\/soccer.aidatasports.com\/fr\/players\/Adam-Stejskal-7315\"><img decoding=\"async\" src=\"https:\/\/soccer.aidatasports.com\/images\/players\/7315.png\" alt=\"Adam Stejskal\" onerror=\"this.onerror=null;this.src='https:\/\/soccer.aidatasports.com\/images\/players\/default-player.png';\"><span>Adam Stejskal<\/span><\/a><\/div>\n<div class=\"player\"><a href=\"https:\/\/soccer.aidatasports.com\/fr\/players\/Lukas-Sulzbacher-169323\"><img decoding=\"async\" src=\"https:\/\/soccer.aidatasports.com\/images\/players\/169323.png\" alt=\"Lukas Sulzbacher\" onerror=\"this.onerror=null;this.src='https:\/\/soccer.aidatasports.com\/images\/players\/default-player.png';\"><span>Lukas Sulzbacher<\/span><\/a><\/div>\n<div class=\"player\"><a href=\"https:\/\/soccer.aidatasports.com\/fr\/players\/Jamie-Lawrence-162538\"><img decoding=\"async\" src=\"https:\/\/soccer.aidatasports.com\/images\/players\/162538.png\" alt=\"Jamie Lawrence\" onerror=\"this.onerror=null;this.src='https:\/\/soccer.aidatasports.com\/images\/players\/default-player.png';\"><span>Jamie Lawrence<\/span><\/a><\/div>\n<div class=\"player\"><a href=\"https:\/\/soccer.aidatasports.com\/fr\/players\/David-Gugganig-7087\"><img decoding=\"async\" src=\"https:\/\/soccer.aidatasports.com\/images\/players\/7087.png\" alt=\"David Gugganig\" onerror=\"this.onerror=null;this.src='https:\/\/soccer.aidatasports.com\/images\/players\/default-player.png';\"><span>David Gugganig<\/span><\/a><\/div>\n<div class=\"player\"><a href=\"https:\/\/soccer.aidatasports.com\/fr\/players\/Lennart-Czyborra-37250\"><img decoding=\"async\" src=\"https:\/\/soccer.aidatasports.com\/images\/players\/37250.png\" alt=\"Lennart Czyborra\" onerror=\"this.onerror=null;this.src='https:\/\/soccer.aidatasports.com\/images\/players\/default-player.png';\"><span>Lennart Czyborra<\/span><\/a><\/div>\n<div class=\"player\"><a href=\"https:\/\/soccer.aidatasports.com\/fr\/players\/Matth\u00e4us-Taferner-7160\"><img decoding=\"async\" src=\"https:\/\/soccer.aidatasports.com\/images\/players\/7160.png\" alt=\"Matth\u00e4us Taferner\" onerror=\"this.onerror=null;this.src='https:\/\/soccer.aidatasports.com\/images\/players\/default-player.png';\"><span>Matth\u00e4us Taferner<\/span><\/a><\/div>\n<div class=\"player\"><a href=\"https:\/\/soccer.aidatasports.com\/fr\/players\/Valentino-M\u00fcller-7685\"><img decoding=\"async\" src=\"https:\/\/soccer.aidatasports.com\/images\/players\/7685.png\" alt=\"Valentino M\u00fcller\" onerror=\"this.onerror=null;this.src='https:\/\/soccer.aidatasports.com\/images\/players\/default-player.png';\"><span>Valentino M\u00fcller<\/span><\/a><\/div>\n<div class=\"player\"><a href=\"https:\/\/soccer.aidatasports.com\/fr\/players\/Bror-Blume-Jensen-15586\"><img decoding=\"async\" src=\"https:\/\/soccer.aidatasports.com\/images\/players\/15586.png\" alt=\"Bror Blume Jensen\" onerror=\"this.onerror=null;this.src='https:\/\/soccer.aidatasports.com\/images\/players\/default-player.png';\"><span>Bror Blume Jensen<\/span><\/a><\/div>\n<div class=\"player\"><a href=\"https:\/\/soccer.aidatasports.com\/fr\/players\/Quincy-Butler-71260\"><img decoding=\"async\" src=\"https:\/\/soccer.aidatasports.com\/images\/players\/71260.png\" alt=\"Quincy Butler\" onerror=\"this.onerror=null;this.src='https:\/\/soccer.aidatasports.com\/images\/players\/default-player.png';\"><span>Quincy Butler<\/span><\/a><\/div>\n<div class=\"player\"><a href=\"https:\/\/soccer.aidatasports.com\/fr\/players\/Lukas-Hinterseer-25080\"><img decoding=\"async\" src=\"https:\/\/soccer.aidatasports.com\/images\/players\/25080.png\" alt=\"Lukas Hinterseer\" onerror=\"this.onerror=null;this.src='https:\/\/soccer.aidatasports.com\/images\/players\/default-player.png';\"><span>Lukas Hinterseer<\/span><\/a><\/div>\n<div class=\"player\"><a href=\"https:\/\/soccer.aidatasports.com\/fr\/players\/Stefan-Skrbo-271468\"><img decoding=\"async\" src=\"https:\/\/soccer.aidatasports.com\/images\/players\/271468.png\" alt=\"Stefan Skrbo\" onerror=\"this.onerror=null;this.src='https:\/\/soccer.aidatasports.com\/images\/players\/default-player.png';\"><span>Stefan Skrbo<\/span><\/a><\/div>\n<\/div>\n<div>\n<h4>Suplentes:<\/h4>\n<div class=\"player\"><a href=\"https:\/\/soccer.aidatasports.com\/fr\/players\/Osarenren-Okungbowa-7631\"><img decoding=\"async\" src=\"https:\/\/soccer.aidatasports.com\/images\/players\/7631.png\" alt=\"Osarenren Okungbowa\" onerror=\"this.onerror=null;this.src='https:\/\/soccer.aidatasports.com\/images\/players\/default-player.png';\"><span>Osarenren Okungbowa<\/span><\/a><\/div>\n<div class=\"player\"><a href=\"https:\/\/soccer.aidatasports.com\/fr\/players\/Mahamadou-Diarra-334408\"><img decoding=\"async\" src=\"https:\/\/soccer.aidatasports.com\/images\/players\/334408.png\" alt=\"Mahamadou Diarra\" onerror=\"this.onerror=null;this.src='https:\/\/soccer.aidatasports.com\/images\/players\/default-player.png';\"><span>Mahamadou Diarra<\/span><\/a><\/div>\n<div class=\"player\"><a href=\"https:\/\/soccer.aidatasports.com\/fr\/players\/Alexander-Eckmayr-7134\"><img decoding=\"async\" src=\"https:\/\/soccer.aidatasports.com\/images\/players\/7134.png\" alt=\"Alexander Eckmayr\" onerror=\"this.onerror=null;this.src='https:\/\/soccer.aidatasports.com\/images\/players\/default-player.png';\"><span>Alexander Eckmayr<\/span><\/a><\/div>\n<div class=\"player\"><a href=\"https:\/\/soccer.aidatasports.com\/fr\/players\/Alexander-Ranacher-7122\"><img decoding=\"async\" src=\"https:\/\/soccer.aidatasports.com\/images\/players\/7122.png\" alt=\"Alexander Ranacher\" onerror=\"this.onerror=null;this.src='https:\/\/soccer.aidatasports.com\/images\/players\/default-player.png';\"><span>Alexander Ranacher<\/span><\/a><\/div>\n<div class=\"player\"><a href=\"https:\/\/soccer.aidatasports.com\/fr\/players\/Johannes-Naschberger-169739\"><img decoding=\"async\" src=\"https:\/\/soccer.aidatasports.com\/images\/players\/169739.png\" alt=\"Johannes Naschberger\" onerror=\"this.onerror=null;this.src='https:\/\/soccer.aidatasports.com\/images\/players\/default-player.png';\"><span>Johannes Naschberger<\/span><\/a><\/div>\n<div class=\"player\"><a href=\"https:\/\/soccer.aidatasports.com\/fr\/players\/Tobias-Anselm-7336\"><img decoding=\"async\" src=\"https:\/\/soccer.aidatasports.com\/images\/players\/7336.png\" alt=\"Tobias Anselm\" onerror=\"this.onerror=null;this.src='https:\/\/soccer.aidatasports.com\/images\/players\/default-player.png';\"><span>Tobias Anselm<\/span><\/a><\/div>\n<div class=\"player\"><a href=\"https:\/\/soccer.aidatasports.com\/fr\/players\/Yannick-Votter-369907\"><img decoding=\"async\" src=\"https:\/\/soccer.aidatasports.com\/images\/players\/369907.png\" alt=\"Yannick Votter\" onerror=\"this.onerror=null;this.src='https:\/\/soccer.aidatasports.com\/images\/players\/default-player.png';\"><span>Yannick Votter<\/span><\/a><\/div>\n<\/div>\n<\/div>\n<\/div>\n<\/div>\n<div id=\"wg-api-football-game\"\n                    data-host=\"xxxxx\"\n                    data-key=\"xxxx\"\n                    data-id=\"1218589\"\n                    data-theme=\"\"\n                    data-refresh=\"15\"\n                    data-show-errors=\"false\"\n                    data-show-logos=\"true\"><br \/>\n                    class=\u00a0\u00bbwg_loader\u00a0\u00bb>\n                <\/div>\n<div id=\"wg-api-football-standings\"\n                    data-host=\"xxxx\"\n                    data-key=\"ddddd\"\n                    data-league=\"218\"\n                    data-team=\"\"\n                    data-season=\"2024\"\n                    data-theme=\"\"\n                    data-show-errors=\"false\"\n                    data-show-logos=\"true\"\n                    class=\"wg_loader\">\n                <\/div>\n<p>                <script\n                    type=\"module\"\n                    src=\"https:\/\/soccer.aidatasports.com\/wp-content\/customjs\/widgetslocal.js\">\n                <\/script><\/p>\n","protected":false},"excerpt":{"rendered":"<p>Le Rapid Vienne bat le WSG Wattens gr\u00e2ce \u00e0 deux buts dans un match terne&hellip;<\/p>\n","protected":false},"author":1,"featured_media":32720,"comment_status":"open","ping_status":"open","sticky":false,"template":"","format":"standard","meta":{"content-type":"","pmpro_default_level":"","_lmt_disableupdate":"","_lmt_disable":"","_league":0,"_fixture":1218589,"penci_pfeatured_image_ratio":"","penci_single_style":"","footnotes":""},"categories":[],"tags":[861,1380],"class_list":["post-32721","post","type-post","status-publish","format-standard","has-post-thumbnail","hentry","tag-rapid-vienna-austria-781","tag-wsg-wattens-austria-1398","pmpro-has-access"],"_links":{"self":[{"href":"https:\/\/soccer.aidatasports.com\/fr\/wp-json\/wp\/v2\/posts\/32721"}],"collection":[{"href":"https:\/\/soccer.aidatasports.com\/fr\/wp-json\/wp\/v2\/posts"}],"about":[{"href":"https:\/\/soccer.aidatasports.com\/fr\/wp-json\/wp\/v2\/types\/post"}],"author":[{"embeddable":true,"href":"https:\/\/soccer.aidatasports.com\/fr\/wp-json\/wp\/v2\/users\/1"}],"replies":[{"embeddable":true,"href":"https:\/\/soccer.aidatasports.com\/fr\/wp-json\/wp\/v2\/comments?post=32721"}],"version-history":[{"count":0,"href":"https:\/\/soccer.aidatasports.com\/fr\/wp-json\/wp\/v2\/posts\/32721\/revisions"}],"wp:featuredmedia":[{"embeddable":true,"href":"https:\/\/soccer.aidatasports.com\/fr\/wp-json\/wp\/v2\/media\/32720"}],"wp:attachment":[{"href":"https:\/\/soccer.aidatasports.com\/fr\/wp-json\/wp\/v2\/media?parent=32721"}],"wp:term":[{"taxonomy":"category","embeddable":true,"href":"https:\/\/soccer.aidatasports.com\/fr\/wp-json\/wp\/v2\/categories?post=32721"},{"taxonomy":"post_tag","embeddable":true,"href":"https:\/\/soccer.aidatasports.com\/fr\/wp-json\/wp\/v2\/tags?post=32721"}],"curies":[{"name":"wp","href":"https:\/\/api.w.org\/{rel}","templated":true}]}}