{"id":32655,"date":"2024-08-18T15:30:54","date_gmt":"2024-08-18T15:30:54","guid":{"rendered":"https:\/\/soccer.aidatasports.com\/fr\/uncategorized\/jahn-regensburg-vs-vfl-bochum-aug-18-2024-1330-utc\/"},"modified":"2024-08-18T15:30:54","modified_gmt":"2024-08-18T15:30:54","slug":"jahn-regensburg-vs-vfl-bochum-aug-18-2024-1330-utc","status":"publish","type":"post","link":"https:\/\/soccer.aidatasports.com\/fr\/uncategorized\/jahn-regensburg-vs-vfl-bochum-aug-18-2024-1330-utc\/","title":{"rendered":"Jahn Regensburg vs Vfl Bochum Aug 18 2024 13:30 UTC"},"content":{"rendered":"<p>**<\/p>\n<h1>Le Jahn Regensburg s&rsquo;impose face au VfL Bochum en Coupe d&rsquo;Allemagne<\/h1>\n<p>Le Jahn Regensburg a remport\u00e9 la victoire lors du premier tour de la Coupe d&rsquo;Allemagne contre le VfL Bochum gr\u00e2ce \u00e0 un but solitaire de F. Ballas \u00e0 la 70e minute. Le match, disput\u00e9 au Jahnstadion Regensburg, a \u00e9t\u00e9 marqu\u00e9 par la discipline, avec un total de 16 cartons jaunes, et la possession du ballon, qui a pench\u00e9 en faveur du VfL Bochum avec 65% contre 35% pour le Jahn Regensburg.<\/p>\n<p>Malgr\u00e9 sa sup\u00e9riorit\u00e9 en possession, le VfL Bochum n&rsquo;a pas r\u00e9ussi \u00e0 concr\u00e9tiser ses occasions de but. Le Jahn Regensburg, quant \u00e0 lui, a \u00e9t\u00e9 plus efficace, en profitant d&rsquo;une de ses rares occasions pour s&#8217;emparer de la victoire.<\/p>\n<p>**<\/p>\n<p>Remplacements dans l&rsquo;\u00e9quipe de vfl bochum: \u00c0 la 71e minute, A. Elezi est entr\u00e9 et L. Daschner est sorti., \u00c0 la 71e minute, M. Boadu est entr\u00e9 et A. Losilla est sorti., \u00c0 la 76e minute, T. Oermann est entr\u00e9 et E. Masovic est sorti., \u00c0 la 86e minute, S. Bamba est entr\u00e9 et M. Broschinski est sorti. <\/p>\n<p>Remplacements dans l&rsquo;\u00e9quipe de jahn regensburg: \u00c0 la 73e minute, M. Ouro-Tagba est entr\u00e9 et C. Kuhlwetter est sorti., \u00c0 la 83e minute, R. Bulic est entr\u00e9 et A. Geipl est sorti., \u00c0 la 83e minute, N. Ganaus est entr\u00e9 et D. Kother est sorti. <\/p>\n<p>Les \u00e9quipes se sont align\u00e9es comme suit:<\/p>\n<div class=\"lineups-container\">\n<style>\n                .lineups-container {\n                    display: flex;\n                    justify-content: space-around;\n                    flex-wrap: wrap;\n                }\n                .team-lineup {\n                    width: 49%;\n                    margin-bottom: 20px;\n                    border: 1px solid #ccc;\n                    padding: 5px;\n                }\n                .team-lineup h3 {\n                    text-align: center;\n                    margin-bottom: 10px;\n                }\n                .players-container {\n                    display: flex;\n                    justify-content: space-between;\n                }\n                .players-container div {\n                    width: 100%;\n                }\n                .player {\n                    display: flex;\n                    align-items: center;\n                    margin-bottom: 5px;\n                }\n                .player img {\n                    width: 30px;\n                    height: 30px;\n                    border-radius: 50%;\n                    margin-right: 10px;\n                }\n                    @media (max-width: 600px) {\n                    .team-lineup {\n                        width: 100%;\n                    }\n                }\n                <\/style>\n<div class=\"team-lineup\">\n<h3>Jahn Regensburg<\/h3>\n<p><img decoding=\"async\" src=\"https:\/\/media.api-sports.io\/football\/teams\/177.png\" alt=\"Jahn Regensburg\" style=\"width: 50px; height: 50px;\"><\/p>\n<div class=\"players-container\">\n<div>\n<h4>Titulares:<\/h4>\n<div class=\"player\"><a href=\"https:\/\/soccer.aidatasports.com\/fr\/players\/Felix-Gebhardt-163131\"><img decoding=\"async\" src=\"https:\/\/soccer.aidatasports.com\/images\/players\/163131.png\" alt=\"Felix Gebhardt\" onerror=\"this.onerror=null;this.src='https:\/\/soccer.aidatasports.com\/images\/players\/default-player.png';\"><span>Felix Gebhardt<\/span><\/a><\/div>\n<div class=\"player\"><a href=\"https:\/\/soccer.aidatasports.com\/fr\/players\/Robin-Ziegele-25407\"><img decoding=\"async\" src=\"https:\/\/soccer.aidatasports.com\/images\/players\/25407.png\" alt=\"Robin Ziegele\" onerror=\"this.onerror=null;this.src='https:\/\/soccer.aidatasports.com\/images\/players\/default-player.png';\"><span>Robin Ziegele<\/span><\/a><\/div>\n<div class=\"player\"><a href=\"https:\/\/soccer.aidatasports.com\/fr\/players\/Florian-Ballas-25116\"><img decoding=\"async\" src=\"https:\/\/soccer.aidatasports.com\/images\/players\/25116.png\" alt=\"Florian Ballas\" onerror=\"this.onerror=null;this.src='https:\/\/soccer.aidatasports.com\/images\/players\/default-player.png';\"><span>Florian Ballas<\/span><\/a><\/div>\n<div class=\"player\"><a href=\"https:\/\/soccer.aidatasports.com\/fr\/players\/Louis-Breunig-321685\"><img decoding=\"async\" src=\"https:\/\/soccer.aidatasports.com\/images\/players\/321685.png\" alt=\"Louis Breunig\" onerror=\"this.onerror=null;this.src='https:\/\/soccer.aidatasports.com\/images\/players\/default-player.png';\"><span>Louis Breunig<\/span><\/a><\/div>\n<div class=\"player\"><a href=\"https:\/\/soccer.aidatasports.com\/fr\/players\/Oscar-Sch\u00f6nfelder-202737\"><img decoding=\"async\" src=\"https:\/\/soccer.aidatasports.com\/images\/players\/202737.png\" alt=\"Oscar Sch\u00f6nfelder\" onerror=\"this.onerror=null;this.src='https:\/\/soccer.aidatasports.com\/images\/players\/default-player.png';\"><span>Oscar Sch\u00f6nfelder<\/span><\/a><\/div>\n<div class=\"player\"><a href=\"https:\/\/soccer.aidatasports.com\/fr\/players\/Sebastian-Ernst-25164\"><img decoding=\"async\" src=\"https:\/\/soccer.aidatasports.com\/images\/players\/25164.png\" alt=\"Sebastian Ernst\" onerror=\"this.onerror=null;this.src='https:\/\/soccer.aidatasports.com\/images\/players\/default-player.png';\"><span>Sebastian Ernst<\/span><\/a><\/div>\n<div class=\"player\"><a href=\"https:\/\/soccer.aidatasports.com\/fr\/players\/Andreas-Geipl-24988\"><img decoding=\"async\" src=\"https:\/\/soccer.aidatasports.com\/images\/players\/24988.png\" alt=\"Andreas Geipl\" onerror=\"this.onerror=null;this.src='https:\/\/soccer.aidatasports.com\/images\/players\/default-player.png';\"><span>Andreas Geipl<\/span><\/a><\/div>\n<div class=\"player\"><a href=\"https:\/\/soccer.aidatasports.com\/fr\/players\/Kai-Pr\u00f6ger-24827\"><img decoding=\"async\" src=\"https:\/\/soccer.aidatasports.com\/images\/players\/24827.png\" alt=\"Kai Pr\u00f6ger\" onerror=\"this.onerror=null;this.src='https:\/\/soccer.aidatasports.com\/images\/players\/default-player.png';\"><span>Kai Pr\u00f6ger<\/span><\/a><\/div>\n<div class=\"player\"><a href=\"https:\/\/soccer.aidatasports.com\/fr\/players\/Christian-Viet-90724\"><img decoding=\"async\" src=\"https:\/\/soccer.aidatasports.com\/images\/players\/90724.png\" alt=\"Christian Viet\" onerror=\"this.onerror=null;this.src='https:\/\/soccer.aidatasports.com\/images\/players\/default-player.png';\"><span>Christian Viet<\/span><\/a><\/div>\n<div class=\"player\"><a href=\"https:\/\/soccer.aidatasports.com\/fr\/players\/Dominik-Kother-126778\"><img decoding=\"async\" src=\"https:\/\/soccer.aidatasports.com\/images\/players\/126778.png\" alt=\"Dominik Kother\" onerror=\"this.onerror=null;this.src='https:\/\/soccer.aidatasports.com\/images\/players\/default-player.png';\"><span>Dominik Kother<\/span><\/a><\/div>\n<div class=\"player\"><a href=\"https:\/\/soccer.aidatasports.com\/fr\/players\/Christian-K\u00fchlwetter-25826\"><img decoding=\"async\" src=\"https:\/\/soccer.aidatasports.com\/images\/players\/25826.png\" alt=\"Christian K\u00fchlwetter\" onerror=\"this.onerror=null;this.src='https:\/\/soccer.aidatasports.com\/images\/players\/default-player.png';\"><span>Christian K\u00fchlwetter<\/span><\/a><\/div>\n<\/div>\n<div>\n<h4>Suplentes:<\/h4>\n<div class=\"player\"><a href=\"https:\/\/soccer.aidatasports.com\/fr\/players\/Alexander-Weidinger-24976\"><img decoding=\"async\" src=\"https:\/\/soccer.aidatasports.com\/images\/players\/24976.png\" alt=\"Alexander Weidinger\" onerror=\"this.onerror=null;this.src='https:\/\/soccer.aidatasports.com\/images\/players\/default-player.png';\"><span>Alexander Weidinger<\/span><\/a><\/div>\n<div class=\"player\"><a href=\"https:\/\/soccer.aidatasports.com\/fr\/players\/Nico-Ochojski-26596\"><img decoding=\"async\" src=\"https:\/\/soccer.aidatasports.com\/images\/players\/26596.png\" alt=\"Nico Ochojski\" onerror=\"this.onerror=null;this.src='https:\/\/soccer.aidatasports.com\/images\/players\/default-player.png';\"><span>Nico Ochojski<\/span><\/a><\/div>\n<div class=\"player\"><a href=\"https:\/\/soccer.aidatasports.com\/fr\/players\/Alexander-Bittroff-26479\"><img decoding=\"async\" src=\"https:\/\/soccer.aidatasports.com\/images\/players\/26479.png\" alt=\"Alexander Bittroff\" onerror=\"this.onerror=null;this.src='https:\/\/soccer.aidatasports.com\/images\/players\/default-player.png';\"><span>Alexander Bittroff<\/span><\/a><\/div>\n<div class=\"player\"><a href=\"https:\/\/soccer.aidatasports.com\/fr\/players\/Benedikt-Saller-24990\"><img decoding=\"async\" src=\"https:\/\/soccer.aidatasports.com\/images\/players\/24990.png\" alt=\"Benedikt Saller\" onerror=\"this.onerror=null;this.src='https:\/\/soccer.aidatasports.com\/images\/players\/default-player.png';\"><span>Benedikt Saller<\/span><\/a><\/div>\n<div class=\"player\"><a href=\"https:\/\/soccer.aidatasports.com\/fr\/players\/Bryan-Hein-177858\"><img decoding=\"async\" src=\"https:\/\/soccer.aidatasports.com\/images\/players\/177858.png\" alt=\"Bryan Hein\" onerror=\"this.onerror=null;this.src='https:\/\/soccer.aidatasports.com\/images\/players\/default-player.png';\"><span>Bryan Hein<\/span><\/a><\/div>\n<div class=\"player\"><a href=\"https:\/\/soccer.aidatasports.com\/fr\/players\/Rasim-Buli\u0107-128549\"><img decoding=\"async\" src=\"https:\/\/soccer.aidatasports.com\/images\/players\/128549.png\" alt=\"Rasim Buli\u0107\" onerror=\"this.onerror=null;this.src='https:\/\/soccer.aidatasports.com\/images\/players\/default-player.png';\"><span>Rasim Buli\u0107<\/span><\/a><\/div>\n<div class=\"player\"><a href=\"https:\/\/soccer.aidatasports.com\/fr\/players\/Mansour-Ouro-Tagba-380547\"><img decoding=\"async\" src=\"https:\/\/soccer.aidatasports.com\/images\/players\/380547.png\" alt=\"Mansour Ouro-Tagba\" onerror=\"this.onerror=null;this.src='https:\/\/soccer.aidatasports.com\/images\/players\/default-player.png';\"><span>Mansour Ouro-Tagba<\/span><\/a><\/div>\n<div class=\"player\"><a href=\"https:\/\/soccer.aidatasports.com\/fr\/players\/Jonas-Bauer-448270\"><img decoding=\"async\" src=\"https:\/\/soccer.aidatasports.com\/images\/players\/448270.png\" alt=\"Jonas Bauer\" onerror=\"this.onerror=null;this.src='https:\/\/soccer.aidatasports.com\/images\/players\/default-player.png';\"><span>Jonas Bauer<\/span><\/a><\/div>\n<div class=\"player\"><a href=\"https:\/\/soccer.aidatasports.com\/fr\/players\/Noah-Ganaus-203253\"><img decoding=\"async\" src=\"https:\/\/soccer.aidatasports.com\/images\/players\/203253.png\" alt=\"Noah Ganaus\" onerror=\"this.onerror=null;this.src='https:\/\/soccer.aidatasports.com\/images\/players\/default-player.png';\"><span>Noah Ganaus<\/span><\/a><\/div>\n<\/div>\n<\/div>\n<\/div>\n<div class=\"team-lineup\">\n<h3>Vfl Bochum<\/h3>\n<p><img decoding=\"async\" src=\"https:\/\/media.api-sports.io\/football\/teams\/176.png\" alt=\"Vfl Bochum\" style=\"width: 50px; height: 50px;\"><\/p>\n<div class=\"players-container\">\n<div>\n<h4>Titulares:<\/h4>\n<div class=\"player\"><a href=\"https:\/\/soccer.aidatasports.com\/fr\/players\/Patrick-Drewes-26395\"><img decoding=\"async\" src=\"https:\/\/soccer.aidatasports.com\/images\/players\/26395.png\" alt=\"Patrick Drewes\" onerror=\"this.onerror=null;this.src='https:\/\/soccer.aidatasports.com\/images\/players\/default-player.png';\"><span>Patrick Drewes<\/span><\/a><\/div>\n<div class=\"player\"><a href=\"https:\/\/soccer.aidatasports.com\/fr\/players\/Felix-Passlack-19068\"><img decoding=\"async\" src=\"https:\/\/soccer.aidatasports.com\/images\/players\/19068.png\" alt=\"Felix Passlack\" onerror=\"this.onerror=null;this.src='https:\/\/soccer.aidatasports.com\/images\/players\/default-player.png';\"><span>Felix Passlack<\/span><\/a><\/div>\n<div class=\"player\"><a href=\"https:\/\/soccer.aidatasports.com\/fr\/players\/Noah-Loosli-48629\"><img decoding=\"async\" src=\"https:\/\/soccer.aidatasports.com\/images\/players\/48629.png\" alt=\"Noah Loosli\" onerror=\"this.onerror=null;this.src='https:\/\/soccer.aidatasports.com\/images\/players\/default-player.png';\"><span>Noah Loosli<\/span><\/a><\/div>\n<div class=\"player\"><a href=\"https:\/\/soccer.aidatasports.com\/fr\/players\/Erhan-Ma\u0161ovi\u0107-61411\"><img decoding=\"async\" src=\"https:\/\/soccer.aidatasports.com\/images\/players\/61411.png\" alt=\"Erhan Ma\u0161ovi\u0107\" onerror=\"this.onerror=null;this.src='https:\/\/soccer.aidatasports.com\/images\/players\/default-player.png';\"><span>Erhan Ma\u0161ovi\u0107<\/span><\/a><\/div>\n<div class=\"player\"><a href=\"https:\/\/soccer.aidatasports.com\/fr\/players\/Maximilian-Wittek-25151\"><img decoding=\"async\" src=\"https:\/\/soccer.aidatasports.com\/images\/players\/25151.png\" alt=\"Maximilian Wittek\" onerror=\"this.onerror=null;this.src='https:\/\/soccer.aidatasports.com\/images\/players\/default-player.png';\"><span>Maximilian Wittek<\/span><\/a><\/div>\n<div class=\"player\"><a href=\"https:\/\/soccer.aidatasports.com\/fr\/players\/Anthony-Losilla-25074\"><img decoding=\"async\" src=\"https:\/\/soccer.aidatasports.com\/images\/players\/25074.png\" alt=\"Anthony Losilla\" onerror=\"this.onerror=null;this.src='https:\/\/soccer.aidatasports.com\/images\/players\/default-player.png';\"><span>Anthony Losilla<\/span><\/a><\/div>\n<div class=\"player\"><a href=\"https:\/\/soccer.aidatasports.com\/fr\/players\/Ibrahima-Sissoko-22260\"><img decoding=\"async\" src=\"https:\/\/soccer.aidatasports.com\/images\/players\/22260.png\" alt=\"Ibrahima Sissoko\" onerror=\"this.onerror=null;this.src='https:\/\/soccer.aidatasports.com\/images\/players\/default-player.png';\"><span>Ibrahima Sissoko<\/span><\/a><\/div>\n<div class=\"player\"><a href=\"https:\/\/soccer.aidatasports.com\/fr\/players\/Mat\u00fa\u0161-Bero-37122\"><img decoding=\"async\" src=\"https:\/\/soccer.aidatasports.com\/images\/players\/37122.png\" alt=\"Mat\u00fa\u0161 Bero\" onerror=\"this.onerror=null;this.src='https:\/\/soccer.aidatasports.com\/images\/players\/default-player.png';\"><span>Mat\u00fa\u0161 Bero<\/span><\/a><\/div>\n<div class=\"player\"><a href=\"https:\/\/soccer.aidatasports.com\/fr\/players\/Lukas-Daschner-25268\"><img decoding=\"async\" src=\"https:\/\/soccer.aidatasports.com\/images\/players\/25268.png\" alt=\"Lukas Daschner\" onerror=\"this.onerror=null;this.src='https:\/\/soccer.aidatasports.com\/images\/players\/default-player.png';\"><span>Lukas Daschner<\/span><\/a><\/div>\n<div class=\"player\"><a href=\"https:\/\/soccer.aidatasports.com\/fr\/players\/Moritz-Broschinski-26227\"><img decoding=\"async\" src=\"https:\/\/soccer.aidatasports.com\/images\/players\/26227.png\" alt=\"Moritz Broschinski\" onerror=\"this.onerror=null;this.src='https:\/\/soccer.aidatasports.com\/images\/players\/default-player.png';\"><span>Moritz Broschinski<\/span><\/a><\/div>\n<div class=\"player\"><a href=\"https:\/\/soccer.aidatasports.com\/fr\/players\/Philipp-Hofmann-26287\"><img decoding=\"async\" src=\"https:\/\/soccer.aidatasports.com\/images\/players\/26287.png\" alt=\"Philipp Hofmann\" onerror=\"this.onerror=null;this.src='https:\/\/soccer.aidatasports.com\/images\/players\/default-player.png';\"><span>Philipp Hofmann<\/span><\/a><\/div>\n<\/div>\n<div>\n<h4>Suplentes:<\/h4>\n<div class=\"player\"><a href=\"https:\/\/soccer.aidatasports.com\/fr\/players\/Agon-Elezi-146044\"><img decoding=\"async\" src=\"https:\/\/soccer.aidatasports.com\/images\/players\/146044.png\" alt=\"Agon Elezi\" onerror=\"this.onerror=null;this.src='https:\/\/soccer.aidatasports.com\/images\/players\/default-player.png';\"><span>Agon Elezi<\/span><\/a><\/div>\n<div class=\"player\"><a href=\"https:\/\/soccer.aidatasports.com\/fr\/players\/Myron-Boadu-36907\"><img decoding=\"async\" src=\"https:\/\/soccer.aidatasports.com\/images\/players\/36907.png\" alt=\"Myron Boadu\" onerror=\"this.onerror=null;this.src='https:\/\/soccer.aidatasports.com\/images\/players\/default-player.png';\"><span>Myron Boadu<\/span><\/a><\/div>\n<div class=\"player\"><a href=\"https:\/\/soccer.aidatasports.com\/fr\/players\/Timo-Horn-24785\"><img decoding=\"async\" src=\"https:\/\/soccer.aidatasports.com\/images\/players\/24785.png\" alt=\"Timo Horn\" onerror=\"this.onerror=null;this.src='https:\/\/soccer.aidatasports.com\/images\/players\/default-player.png';\"><span>Timo Horn<\/span><\/a><\/div>\n<div class=\"player\"><a href=\"https:\/\/soccer.aidatasports.com\/fr\/players\/Cristian-Gamboa-1109\"><img decoding=\"async\" src=\"https:\/\/soccer.aidatasports.com\/images\/players\/1109.png\" alt=\"Cristian Gamboa\" onerror=\"this.onerror=null;this.src='https:\/\/soccer.aidatasports.com\/images\/players\/default-player.png';\"><span>Cristian Gamboa<\/span><\/a><\/div>\n<div class=\"player\"><a href=\"https:\/\/soccer.aidatasports.com\/fr\/players\/Tim-Oermann-280091\"><img decoding=\"async\" src=\"https:\/\/soccer.aidatasports.com\/images\/players\/280091.png\" alt=\"Tim Oermann\" onerror=\"this.onerror=null;this.src='https:\/\/soccer.aidatasports.com\/images\/players\/default-player.png';\"><span>Tim Oermann<\/span><\/a><\/div>\n<div class=\"player\"><a href=\"https:\/\/soccer.aidatasports.com\/fr\/players\/Samuel-Bamba-280368\"><img decoding=\"async\" src=\"https:\/\/soccer.aidatasports.com\/images\/players\/280368.png\" alt=\"Samuel Bamba\" onerror=\"this.onerror=null;this.src='https:\/\/soccer.aidatasports.com\/images\/players\/default-player.png';\"><span>Samuel Bamba<\/span><\/a><\/div>\n<div class=\"player\"><a href=\"https:\/\/soccer.aidatasports.com\/fr\/players\/Niklas-Jahn-329472\"><img decoding=\"async\" src=\"https:\/\/soccer.aidatasports.com\/images\/players\/329472.png\" alt=\"Niklas Jahn\" onerror=\"this.onerror=null;this.src='https:\/\/soccer.aidatasports.com\/images\/players\/default-player.png';\"><span>Niklas Jahn<\/span><\/a><\/div>\n<div class=\"player\"><a href=\"https:\/\/soccer.aidatasports.com\/fr\/players\/Mats-Pannewig-336224\"><img decoding=\"async\" src=\"https:\/\/soccer.aidatasports.com\/images\/players\/336224.png\" alt=\"Mats Pannewig\" onerror=\"this.onerror=null;this.src='https:\/\/soccer.aidatasports.com\/images\/players\/default-player.png';\"><span>Mats Pannewig<\/span><\/a><\/div>\n<div class=\"player\"><a href=\"https:\/\/soccer.aidatasports.com\/fr\/players\/Gerrit-Holtmann-25919\"><img decoding=\"async\" src=\"https:\/\/soccer.aidatasports.com\/images\/players\/25919.png\" alt=\"Gerrit Holtmann\" onerror=\"this.onerror=null;this.src='https:\/\/soccer.aidatasports.com\/images\/players\/default-player.png';\"><span>Gerrit Holtmann<\/span><\/a><\/div>\n<\/div>\n<\/div>\n<\/div>\n<\/div>\n<div id=\"wg-api-football-game\"\n                    data-host=\"xxxxx\"\n                    data-key=\"xxxx\"\n                    data-id=\"1202367\"\n                    data-theme=\"\"\n                    data-refresh=\"15\"\n                    data-show-errors=\"false\"\n                    data-show-logos=\"true\"><br \/>\n                    class=\u00a0\u00bbwg_loader\u00a0\u00bb>\n                <\/div>\n<div id=\"wg-api-football-standings\"\n                    data-host=\"xxxx\"\n                    data-key=\"ddddd\"\n                    data-league=\"81\"\n                    data-team=\"\"\n                    data-season=\"2024\"\n                    data-theme=\"\"\n                    data-show-errors=\"false\"\n                    data-show-logos=\"true\"\n                    class=\"wg_loader\">\n                <\/div>\n<p>                <script\n                    type=\"module\"\n                    src=\"https:\/\/soccer.aidatasports.com\/wp-content\/customjs\/widgetslocal.js\">\n                <\/script><\/p>\n","protected":false},"excerpt":{"rendered":"<p>** Le Jahn Regensburg s&rsquo;impose face au VfL Bochum en Coupe d&rsquo;Allemagne Le Jahn Regensburg&hellip;<\/p>\n","protected":false},"author":1,"featured_media":32654,"comment_status":"open","ping_status":"open","sticky":false,"template":"","format":"standard","meta":{"content-type":"","pmpro_default_level":"","_lmt_disableupdate":"","_lmt_disable":"","_league":0,"_fixture":1202367,"penci_pfeatured_image_ratio":"","penci_single_style":"","footnotes":""},"categories":[],"tags":[300,299],"class_list":["post-32655","post","type-post","status-publish","format-standard","has-post-thumbnail","hentry","tag-jahn-regensburg-germany-177","tag-vfl-bochum-germany-176","pmpro-has-access"],"_links":{"self":[{"href":"https:\/\/soccer.aidatasports.com\/fr\/wp-json\/wp\/v2\/posts\/32655"}],"collection":[{"href":"https:\/\/soccer.aidatasports.com\/fr\/wp-json\/wp\/v2\/posts"}],"about":[{"href":"https:\/\/soccer.aidatasports.com\/fr\/wp-json\/wp\/v2\/types\/post"}],"author":[{"embeddable":true,"href":"https:\/\/soccer.aidatasports.com\/fr\/wp-json\/wp\/v2\/users\/1"}],"replies":[{"embeddable":true,"href":"https:\/\/soccer.aidatasports.com\/fr\/wp-json\/wp\/v2\/comments?post=32655"}],"version-history":[{"count":0,"href":"https:\/\/soccer.aidatasports.com\/fr\/wp-json\/wp\/v2\/posts\/32655\/revisions"}],"wp:featuredmedia":[{"embeddable":true,"href":"https:\/\/soccer.aidatasports.com\/fr\/wp-json\/wp\/v2\/media\/32654"}],"wp:attachment":[{"href":"https:\/\/soccer.aidatasports.com\/fr\/wp-json\/wp\/v2\/media?parent=32655"}],"wp:term":[{"taxonomy":"category","embeddable":true,"href":"https:\/\/soccer.aidatasports.com\/fr\/wp-json\/wp\/v2\/categories?post=32655"},{"taxonomy":"post_tag","embeddable":true,"href":"https:\/\/soccer.aidatasports.com\/fr\/wp-json\/wp\/v2\/tags?post=32655"}],"curies":[{"name":"wp","href":"https:\/\/api.w.org\/{rel}","templated":true}]}}