{"id":30670,"date":"2024-08-17T00:00:35","date_gmt":"2024-08-17T00:00:35","guid":{"rendered":"https:\/\/soccer.aidatasports.com\/fr\/uncategorized\/platense-vs-barracas-central-aug-16-2024-2200-utc\/"},"modified":"2024-08-17T00:00:35","modified_gmt":"2024-08-17T00:00:35","slug":"platense-vs-barracas-central-aug-16-2024-2200-utc","status":"publish","type":"post","link":"https:\/\/soccer.aidatasports.com\/fr\/matches\/liga-profesional-argentina-argentina-2288\/platense-vs-barracas-central-aug-16-2024-2200-utc\/","title":{"rendered":"Platense vs Barracas Central Aug 16 2024 22:00 UTC"},"content":{"rendered":"<h1>Platense et Barracas Central se neutralisent dans un match \u00e0 suspense<\/h1>\n<p><strong>Platense et Barracas Central se sont s\u00e9par\u00e9s sur un score nul et vierge dans un match intense et marqu\u00e9 par de nombreuses cartons au Stade Ciudad de Vicente L\u00f3pez. La rencontre, comptant pour la 11\u00e8me journ\u00e9e de la deuxi\u00e8me phase de la Liga Profesional Argentina, s&rsquo;est caract\u00e9ris\u00e9e par un combat acharn\u00e9 au milieu de terrain et un manque de pr\u00e9cision devant le but.<\/strong><\/p>\n<p>D\u00e8s le coup d&rsquo;envoi, les deux \u00e9quipes ont affich\u00e9 un jeu intense et disput\u00e9, avec peu d&rsquo;occasions franches. La premi\u00e8re mi-temps a \u00e9t\u00e9 marqu\u00e9e par un carton jaune adress\u00e9 \u00e0 Bruno Barros Schelotto de Platense \u00e0 la 45\u00e8me minute.<\/p>\n<p>La deuxi\u00e8me mi-temps a apport\u00e9 son lot d&rsquo;action, avec des changements dans les deux camps. Platense a effectu\u00e9 quatre changements, tandis que Barracas Central en a r\u00e9alis\u00e9 cinq. A la 66\u00e8me minute, les deux \u00e9quipes ont effectu\u00e9 trois remplacements. Ensuite, Platense a effectu\u00e9 un changement suppl\u00e9mentaire \u00e0 la 78\u00e8me minute, tandis que Barracas Central a r\u00e9alis\u00e9 son cinqui\u00e8me remplacement \u00e0 la 85\u00e8me minute.<\/p>\n<p>Le match s&rsquo;est tendu au fil des minutes, avec plusieurs cartons jaunes. A la 68\u00e8me minute, Facundo Juarez a \u00e9cop\u00e9 d&rsquo;un carton jaune pour Platense. Puis, \u00e0 la 75\u00e8me minute, Agust\u00edn Juarez a \u00e9t\u00e9 averti pour Barracas Central. La tension est mont\u00e9e d&rsquo;un cran \u00e0 la 90\u00e8me minute, avec un d\u00e9luge de cartons pour les deux \u00e9quipes. A. Juarez a re\u00e7u son deuxi\u00e8me jaune et a \u00e9t\u00e9 expuls\u00e9, tandis que Nicol\u00e1s Capraro et Iv\u00e1n V\u00e1zquez ont \u00e9galement \u00e9t\u00e9 avertis.<\/p>\n<p>Malgr\u00e9 le nombre important de cartons, le match s&rsquo;est termin\u00e9 sans but, laissant un go\u00fbt amer aux deux \u00e9quipes qui cherchaient la victoire.<\/p>\n<p><strong>Statistiques:<\/strong><\/p>\n<p>* Platense : 44% de possession, 13 tirs (5 cadr\u00e9s, 6 non cadr\u00e9s), 7 corners, 18 fautes, 3 cartons jaunes, 0 carton rouge<br \/>\n* Barracas Central : 56% de possession, 9 tirs (1 cadr\u00e9, 4 non cadr\u00e9s), 5 corners, 10 fautes, 2 cartons jaunes, 1 carton rouge<\/p>\n<p><strong>Donn\u00e9es du match:<\/strong><\/p>\n<p>* <strong>Date:<\/strong> 16 ao\u00fbt 2024<br \/>\n* <strong>Ville:<\/strong> Vicente L\u00f3pez, province de Buenos Aires<br \/>\n* <strong>Stade:<\/strong> Stade Ciudad de Vicente L\u00f3pez<br \/>\n* <strong>Arbitre:<\/strong> Sebastian Zunino, Argentine<br \/>\n* <strong>Ligue:<\/strong> Liga Profesional Argentina<br \/>\n* <strong>Saison:<\/strong> 2024<br \/>\n* <strong>Tour:<\/strong> 2\u00e8me Phase &#8211; 11<br \/>\n* <strong>Pays:<\/strong> Argentine<\/p>\n<p>Remplacements dans l&rsquo;\u00e9quipe de barracas central: \u00c0 la 46e minute, I. Tapia est entr\u00e9 et A. Cantero est sorti., \u00c0 la 66e minute, S. Coronel est entr\u00e9 et M. Zalazar est sorti., \u00c0 la 66e minute, A. Juarez est entr\u00e9 et S. Rosane est sorti., \u00c0 la 75e minute, A. Dominguez est entr\u00e9 et J. Candia est sorti., \u00c0 la 85e minute, F. Aguirre est entr\u00e9 et M. Iacobellis est sorti. <\/p>\n<p>Remplacements dans l&rsquo;\u00e9quipe de platense: \u00c0 la 66e minute, L. Picco est entr\u00e9 et C. Villalba est sorti., \u00c0 la 66e minute, R. Martinez est entr\u00e9 et A. Lotti est sorti., \u00c0 la 78e minute, F. Baldassarra est entr\u00e9 et F. Minerva est sorti., \u00c0 la 78e minute, O. Salomon est entr\u00e9 et B. Barros Schelotto est sorti. <\/p>\n<p>Les \u00e9quipes se sont align\u00e9es comme suit:<\/p>\n<div class=\"lineups-container\">\n<style>\n                .lineups-container {\n                    display: flex;\n                    justify-content: space-around;\n                    flex-wrap: wrap;\n                }\n                .team-lineup {\n                    width: 49%;\n                    margin-bottom: 20px;\n                    border: 1px solid #ccc;\n                    padding: 5px;\n                }\n                .team-lineup h3 {\n                    text-align: center;\n                    margin-bottom: 10px;\n                }\n                .players-container {\n                    display: flex;\n                    justify-content: space-between;\n                }\n                .players-container div {\n                    width: 100%;\n                }\n                .player {\n                    display: flex;\n                    align-items: center;\n                    margin-bottom: 5px;\n                }\n                .player img {\n                    width: 30px;\n                    height: 30px;\n                    border-radius: 50%;\n                    margin-right: 10px;\n                }\n                    @media (max-width: 600px) {\n                    .team-lineup {\n                        width: 100%;\n                    }\n                }\n                <\/style>\n<div class=\"team-lineup\">\n<h3>Platense<\/h3>\n<p><img decoding=\"async\" src=\"https:\/\/media.api-sports.io\/football\/teams\/1064.png\" alt=\"Platense\" style=\"width: 50px; height: 50px;\"><\/p>\n<div class=\"players-container\">\n<div>\n<h4>Titulares:<\/h4>\n<div class=\"player\"><a href=\"https:\/\/soccer.aidatasports.com\/fr\/players\/Juan-Cozzani-6193\"><img decoding=\"async\" src=\"https:\/\/soccer.aidatasports.com\/images\/players\/6193.png\" alt=\"Juan Cozzani\" onerror=\"this.onerror=null;this.src='https:\/\/soccer.aidatasports.com\/images\/players\/default-player.png';\"><span>Juan Cozzani<\/span><\/a><\/div>\n<div class=\"player\"><a href=\"https:\/\/soccer.aidatasports.com\/fr\/players\/Bautista-Barros-Schelotto-296834\"><img decoding=\"async\" src=\"https:\/\/soccer.aidatasports.com\/images\/players\/296834.png\" alt=\"Bautista Barros Schelotto\" onerror=\"this.onerror=null;this.src='https:\/\/soccer.aidatasports.com\/images\/players\/default-player.png';\"><span>Bautista Barros Schelotto<\/span><\/a><\/div>\n<div class=\"player\"><a href=\"https:\/\/soccer.aidatasports.com\/fr\/players\/Ignacio-Vazquez-59184\"><img decoding=\"async\" src=\"https:\/\/soccer.aidatasports.com\/images\/players\/59184.png\" alt=\"Ignacio Vazquez\" onerror=\"this.onerror=null;this.src='https:\/\/soccer.aidatasports.com\/images\/players\/default-player.png';\"><span>Ignacio Vazquez<\/span><\/a><\/div>\n<div class=\"player\"><a href=\"https:\/\/soccer.aidatasports.com\/fr\/players\/Gast\u00f3n-Suso-5631\"><img decoding=\"async\" src=\"https:\/\/soccer.aidatasports.com\/images\/players\/5631.png\" alt=\"Gast\u00f3n Suso\" onerror=\"this.onerror=null;this.src='https:\/\/soccer.aidatasports.com\/images\/players\/default-player.png';\"><span>Gast\u00f3n Suso<\/span><\/a><\/div>\n<div class=\"player\"><a href=\"https:\/\/soccer.aidatasports.com\/fr\/players\/Sasha-Marcich-129986\"><img decoding=\"async\" src=\"https:\/\/soccer.aidatasports.com\/images\/players\/129986.png\" alt=\"Sasha Marcich\" onerror=\"this.onerror=null;this.src='https:\/\/soccer.aidatasports.com\/images\/players\/default-player.png';\"><span>Sasha Marcich<\/span><\/a><\/div>\n<div class=\"player\"><a href=\"https:\/\/soccer.aidatasports.com\/fr\/players\/Guido-Mainero-6059\"><img decoding=\"async\" src=\"https:\/\/soccer.aidatasports.com\/images\/players\/6059.png\" alt=\"Guido Mainero\" onerror=\"this.onerror=null;this.src='https:\/\/soccer.aidatasports.com\/images\/players\/default-player.png';\"><span>Guido Mainero<\/span><\/a><\/div>\n<div class=\"player\"><a href=\"https:\/\/soccer.aidatasports.com\/fr\/players\/Fernando-Ju\u00e1rez-6238\"><img decoding=\"async\" src=\"https:\/\/soccer.aidatasports.com\/images\/players\/6238.png\" alt=\"Fernando Ju\u00e1rez\" onerror=\"this.onerror=null;this.src='https:\/\/soccer.aidatasports.com\/images\/players\/default-player.png';\"><span>Fernando Ju\u00e1rez<\/span><\/a><\/div>\n<div class=\"player\"><a href=\"https:\/\/soccer.aidatasports.com\/fr\/players\/Carlos-Villalba-6247\"><img decoding=\"async\" src=\"https:\/\/soccer.aidatasports.com\/images\/players\/6247.png\" alt=\"Carlos Villalba\" onerror=\"this.onerror=null;this.src='https:\/\/soccer.aidatasports.com\/images\/players\/default-player.png';\"><span>Carlos Villalba<\/span><\/a><\/div>\n<div class=\"player\"><a href=\"https:\/\/soccer.aidatasports.com\/fr\/players\/Franco-Minerva-455314\"><img decoding=\"async\" src=\"https:\/\/soccer.aidatasports.com\/images\/players\/455314.png\" alt=\"Franco Minerva\" onerror=\"this.onerror=null;this.src='https:\/\/soccer.aidatasports.com\/images\/players\/default-player.png';\"><span>Franco Minerva<\/span><\/a><\/div>\n<div class=\"player\"><a href=\"https:\/\/soccer.aidatasports.com\/fr\/players\/Augusto-Lotti-6129\"><img decoding=\"async\" src=\"https:\/\/soccer.aidatasports.com\/images\/players\/6129.png\" alt=\"Augusto Lotti\" onerror=\"this.onerror=null;this.src='https:\/\/soccer.aidatasports.com\/images\/players\/default-player.png';\"><span>Augusto Lotti<\/span><\/a><\/div>\n<div class=\"player\"><a href=\"https:\/\/soccer.aidatasports.com\/fr\/players\/Mateo-Pellegrino-292172\"><img decoding=\"async\" src=\"https:\/\/soccer.aidatasports.com\/images\/players\/292172.png\" alt=\"Mateo Pellegrino\" onerror=\"this.onerror=null;this.src='https:\/\/soccer.aidatasports.com\/images\/players\/default-player.png';\"><span>Mateo Pellegrino<\/span><\/a><\/div>\n<\/div>\n<div>\n<h4>Suplentes:<\/h4>\n<div class=\"player\"><a href=\"https:\/\/soccer.aidatasports.com\/fr\/players\/Leonel-Picco-5211\"><img decoding=\"async\" src=\"https:\/\/soccer.aidatasports.com\/images\/players\/5211.png\" alt=\"Leonel Picco\" onerror=\"this.onerror=null;this.src='https:\/\/soccer.aidatasports.com\/images\/players\/default-player.png';\"><span>Leonel Picco<\/span><\/a><\/div>\n<div class=\"player\"><a href=\"https:\/\/soccer.aidatasports.com\/fr\/players\/Ronaldo-Martinez-95314\"><img decoding=\"async\" src=\"https:\/\/soccer.aidatasports.com\/images\/players\/95314.png\" alt=\"Ronaldo Martinez\" onerror=\"this.onerror=null;this.src='https:\/\/soccer.aidatasports.com\/images\/players\/default-player.png';\"><span>Ronaldo Martinez<\/span><\/a><\/div>\n<div class=\"player\"><a href=\"https:\/\/soccer.aidatasports.com\/fr\/players\/Andres-Desabato-5288\"><img decoding=\"async\" src=\"https:\/\/soccer.aidatasports.com\/images\/players\/5288.png\" alt=\"Andres Desabato\" onerror=\"this.onerror=null;this.src='https:\/\/soccer.aidatasports.com\/images\/players\/default-player.png';\"><span>Andres Desabato<\/span><\/a><\/div>\n<div class=\"player\"><a href=\"https:\/\/soccer.aidatasports.com\/fr\/players\/Agustin-Quiroga-414153\"><img decoding=\"async\" src=\"https:\/\/soccer.aidatasports.com\/images\/players\/414153.png\" alt=\"Agustin Quiroga\" onerror=\"this.onerror=null;this.src='https:\/\/soccer.aidatasports.com\/images\/players\/default-player.png';\"><span>Agustin Quiroga<\/span><\/a><\/div>\n<div class=\"player\"><a href=\"https:\/\/soccer.aidatasports.com\/fr\/players\/Juan-Pablo-Pignani-353506\"><img decoding=\"async\" src=\"https:\/\/soccer.aidatasports.com\/images\/players\/353506.png\" alt=\"Juan Pablo Pignani\" onerror=\"this.onerror=null;this.src='https:\/\/soccer.aidatasports.com\/images\/players\/default-player.png';\"><span>Juan Pablo Pignani<\/span><\/a><\/div>\n<div class=\"player\"><a href=\"https:\/\/soccer.aidatasports.com\/fr\/players\/Oscar-Salom\u00f3n-126858\"><img decoding=\"async\" src=\"https:\/\/soccer.aidatasports.com\/images\/players\/126858.png\" alt=\"Oscar Salom\u00f3n\" onerror=\"this.onerror=null;this.src='https:\/\/soccer.aidatasports.com\/images\/players\/default-player.png';\"><span>Oscar Salom\u00f3n<\/span><\/a><\/div>\n<div class=\"player\"><a href=\"https:\/\/soccer.aidatasports.com\/fr\/players\/Lisandro-Montenegro-354713\"><img decoding=\"async\" src=\"https:\/\/soccer.aidatasports.com\/images\/players\/354713.png\" alt=\"Lisandro Montenegro\" onerror=\"this.onerror=null;this.src='https:\/\/soccer.aidatasports.com\/images\/players\/default-player.png';\"><span>Lisandro Montenegro<\/span><\/a><\/div>\n<div class=\"player\"><a href=\"https:\/\/soccer.aidatasports.com\/fr\/players\/Agust\u00edn-Ocampo-51554\"><img decoding=\"async\" src=\"https:\/\/soccer.aidatasports.com\/images\/players\/51554.png\" alt=\"Agust\u00edn Ocampo\" onerror=\"this.onerror=null;this.src='https:\/\/soccer.aidatasports.com\/images\/players\/default-player.png';\"><span>Agust\u00edn Ocampo<\/span><\/a><\/div>\n<div class=\"player\"><a href=\"https:\/\/soccer.aidatasports.com\/fr\/players\/Gabriel-Hachen-36475\"><img decoding=\"async\" src=\"https:\/\/soccer.aidatasports.com\/images\/players\/36475.png\" alt=\"Gabriel Hachen\" onerror=\"this.onerror=null;this.src='https:\/\/soccer.aidatasports.com\/images\/players\/default-player.png';\"><span>Gabriel Hachen<\/span><\/a><\/div>\n<div class=\"player\"><a href=\"https:\/\/soccer.aidatasports.com\/fr\/players\/Franco-Baldassarra-5297\"><img decoding=\"async\" src=\"https:\/\/soccer.aidatasports.com\/images\/players\/5297.png\" alt=\"Franco Baldassarra\" onerror=\"this.onerror=null;this.src='https:\/\/soccer.aidatasports.com\/images\/players\/default-player.png';\"><span>Franco Baldassarra<\/span><\/a><\/div>\n<div class=\"player\"><a href=\"https:\/\/soccer.aidatasports.com\/fr\/players\/Ivan-G\u00f3mez-6400\"><img decoding=\"async\" src=\"https:\/\/soccer.aidatasports.com\/images\/players\/6400.png\" alt=\"Ivan G\u00f3mez\" onerror=\"this.onerror=null;this.src='https:\/\/soccer.aidatasports.com\/images\/players\/default-player.png';\"><span>Ivan G\u00f3mez<\/span><\/a><\/div>\n<\/div>\n<\/div>\n<\/div>\n<div class=\"team-lineup\">\n<h3>Barracas Central<\/h3>\n<p><img decoding=\"async\" src=\"https:\/\/media.api-sports.io\/football\/teams\/2432.png\" alt=\"Barracas Central\" style=\"width: 50px; height: 50px;\"><\/p>\n<div class=\"players-container\">\n<div>\n<h4>Titulares:<\/h4>\n<div class=\"player\"><a href=\"https:\/\/soccer.aidatasports.com\/fr\/players\/Marcelo-Agust\u00edn-Mi\u00f1o-6493\"><img decoding=\"async\" src=\"https:\/\/soccer.aidatasports.com\/images\/players\/6493.png\" alt=\"Marcelo Agust\u00edn Mi\u00f1o\" onerror=\"this.onerror=null;this.src='https:\/\/soccer.aidatasports.com\/images\/players\/default-player.png';\"><span>Marcelo Agust\u00edn Mi\u00f1o<\/span><\/a><\/div>\n<div class=\"player\"><a href=\"https:\/\/soccer.aidatasports.com\/fr\/players\/Pedro-Velurtas-345203\"><img decoding=\"async\" src=\"https:\/\/soccer.aidatasports.com\/images\/players\/345203.png\" alt=\"Pedro Velurtas\" onerror=\"this.onerror=null;this.src='https:\/\/soccer.aidatasports.com\/images\/players\/default-player.png';\"><span>Pedro Velurtas<\/span><\/a><\/div>\n<div class=\"player\"><a href=\"https:\/\/soccer.aidatasports.com\/fr\/players\/Nicolas-Capraro-126866\"><img decoding=\"async\" src=\"https:\/\/soccer.aidatasports.com\/images\/players\/126866.png\" alt=\"Nicolas Capraro\" onerror=\"this.onerror=null;this.src='https:\/\/soccer.aidatasports.com\/images\/players\/default-player.png';\"><span>Nicolas Capraro<\/span><\/a><\/div>\n<div class=\"player\"><a href=\"https:\/\/soccer.aidatasports.com\/fr\/players\/Gonzalo-Go\u00f1i-5485\"><img decoding=\"async\" src=\"https:\/\/soccer.aidatasports.com\/images\/players\/5485.png\" alt=\"Gonzalo Go\u00f1i\" onerror=\"this.onerror=null;this.src='https:\/\/soccer.aidatasports.com\/images\/players\/default-player.png';\"><span>Gonzalo Go\u00f1i<\/span><\/a><\/div>\n<div class=\"player\"><a href=\"https:\/\/soccer.aidatasports.com\/fr\/players\/Rodrigo-Ins\u00faa-156767\"><img decoding=\"async\" src=\"https:\/\/soccer.aidatasports.com\/images\/players\/156767.png\" alt=\"Rodrigo Ins\u00faa\" onerror=\"this.onerror=null;this.src='https:\/\/soccer.aidatasports.com\/images\/players\/default-player.png';\"><span>Rodrigo Ins\u00faa<\/span><\/a><\/div>\n<div class=\"player\"><a href=\"https:\/\/soccer.aidatasports.com\/fr\/players\/Rodrigo-Herrera-280936\"><img decoding=\"async\" src=\"https:\/\/soccer.aidatasports.com\/images\/players\/280936.png\" alt=\"Rodrigo Herrera\" onerror=\"this.onerror=null;this.src='https:\/\/soccer.aidatasports.com\/images\/players\/default-player.png';\"><span>Rodrigo Herrera<\/span><\/a><\/div>\n<div class=\"player\"><a href=\"https:\/\/soccer.aidatasports.com\/fr\/players\/Siro-Rosane-289468\"><img decoding=\"async\" src=\"https:\/\/soccer.aidatasports.com\/images\/players\/289468.png\" alt=\"Siro Rosane\" onerror=\"this.onerror=null;this.src='https:\/\/soccer.aidatasports.com\/images\/players\/default-player.png';\"><span>Siro Rosane<\/span><\/a><\/div>\n<div class=\"player\"><a href=\"https:\/\/soccer.aidatasports.com\/fr\/players\/Marco-Iacobellis-59201\"><img decoding=\"async\" src=\"https:\/\/soccer.aidatasports.com\/images\/players\/59201.png\" alt=\"Marco Iacobellis\" onerror=\"this.onerror=null;this.src='https:\/\/soccer.aidatasports.com\/images\/players\/default-player.png';\"><span>Marco Iacobellis<\/span><\/a><\/div>\n<div class=\"player\"><a href=\"https:\/\/soccer.aidatasports.com\/fr\/players\/Alan-Cantero-170119\"><img decoding=\"async\" src=\"https:\/\/soccer.aidatasports.com\/images\/players\/170119.png\" alt=\"Alan Cantero\" onerror=\"this.onerror=null;this.src='https:\/\/soccer.aidatasports.com\/images\/players\/default-player.png';\"><span>Alan Cantero<\/span><\/a><\/div>\n<div class=\"player\"><a href=\"https:\/\/soccer.aidatasports.com\/fr\/players\/Maximiliano-Zalazar-279798\"><img decoding=\"async\" src=\"https:\/\/soccer.aidatasports.com\/images\/players\/279798.png\" alt=\"Maximiliano Zalazar\" onerror=\"this.onerror=null;this.src='https:\/\/soccer.aidatasports.com\/images\/players\/default-player.png';\"><span>Maximiliano Zalazar<\/span><\/a><\/div>\n<div class=\"player\"><a href=\"https:\/\/soccer.aidatasports.com\/fr\/players\/Jhonatan-Candia-52000\"><img decoding=\"async\" src=\"https:\/\/soccer.aidatasports.com\/images\/players\/52000.png\" alt=\"Jhonatan Candia\" onerror=\"this.onerror=null;this.src='https:\/\/soccer.aidatasports.com\/images\/players\/default-player.png';\"><span>Jhonatan Candia<\/span><\/a><\/div>\n<\/div>\n<div>\n<h4>Suplentes:<\/h4>\n<div class=\"player\"><a href=\"https:\/\/soccer.aidatasports.com\/fr\/players\/Iv\u00e1n-Tapia-59328\"><img decoding=\"async\" src=\"https:\/\/soccer.aidatasports.com\/images\/players\/59328.png\" alt=\"Iv\u00e1n Tapia\" onerror=\"this.onerror=null;this.src='https:\/\/soccer.aidatasports.com\/images\/players\/default-player.png';\"><span>Iv\u00e1n Tapia<\/span><\/a><\/div>\n<div class=\"player\"><a href=\"https:\/\/soccer.aidatasports.com\/fr\/players\/Santiago-Coronel-310985\"><img decoding=\"async\" src=\"https:\/\/soccer.aidatasports.com\/images\/players\/310985.png\" alt=\"Santiago Coronel\" onerror=\"this.onerror=null;this.src='https:\/\/soccer.aidatasports.com\/images\/players\/default-player.png';\"><span>Santiago Coronel<\/span><\/a><\/div>\n<div class=\"player\"><a href=\"https:\/\/soccer.aidatasports.com\/fr\/players\/Rafael-Ferrario-6165\"><img decoding=\"async\" src=\"https:\/\/soccer.aidatasports.com\/images\/players\/6165.png\" alt=\"Rafael Ferrario\" onerror=\"this.onerror=null;this.src='https:\/\/soccer.aidatasports.com\/images\/players\/default-player.png';\"><span>Rafael Ferrario<\/span><\/a><\/div>\n<div class=\"player\"><a href=\"https:\/\/soccer.aidatasports.com\/fr\/players\/Lucas-Faggioli-169965\"><img decoding=\"async\" src=\"https:\/\/soccer.aidatasports.com\/images\/players\/169965.png\" alt=\"Lucas Faggioli\" onerror=\"this.onerror=null;this.src='https:\/\/soccer.aidatasports.com\/images\/players\/default-player.png';\"><span>Lucas Faggioli<\/span><\/a><\/div>\n<div class=\"player\"><a href=\"https:\/\/soccer.aidatasports.com\/fr\/players\/Nicol\u00e1s-Tolosa-354787\"><img decoding=\"async\" src=\"https:\/\/soccer.aidatasports.com\/images\/players\/354787.png\" alt=\"Nicol\u00e1s Tolosa\" onerror=\"this.onerror=null;this.src='https:\/\/soccer.aidatasports.com\/images\/players\/default-player.png';\"><span>Nicol\u00e1s Tolosa<\/span><\/a><\/div>\n<div class=\"player\"><a href=\"https:\/\/soccer.aidatasports.com\/fr\/players\/Nicol\u00e1s-Demartini-5541\"><img decoding=\"async\" src=\"https:\/\/soccer.aidatasports.com\/images\/players\/5541.png\" alt=\"Nicol\u00e1s Demartini\" onerror=\"this.onerror=null;this.src='https:\/\/soccer.aidatasports.com\/images\/players\/default-player.png';\"><span>Nicol\u00e1s Demartini<\/span><\/a><\/div>\n<div class=\"player\"><a href=\"https:\/\/soccer.aidatasports.com\/fr\/players\/Alex-Ju\u00e1rez-369766\"><img decoding=\"async\" src=\"https:\/\/soccer.aidatasports.com\/images\/players\/369766.png\" alt=\"Alex Ju\u00e1rez\" onerror=\"this.onerror=null;this.src='https:\/\/soccer.aidatasports.com\/images\/players\/default-player.png';\"><span>Alex Ju\u00e1rez<\/span><\/a><\/div>\n<div class=\"player\"><a href=\"https:\/\/soccer.aidatasports.com\/fr\/players\/Diego-Pavia-472243\"><img decoding=\"async\" src=\"https:\/\/soccer.aidatasports.com\/images\/players\/472243.png\" alt=\"Diego Pavia\" onerror=\"this.onerror=null;this.src='https:\/\/soccer.aidatasports.com\/images\/players\/default-player.png';\"><span>Diego Pavia<\/span><\/a><\/div>\n<div class=\"player\"><a href=\"https:\/\/soccer.aidatasports.com\/fr\/players\/Manuel-Duarte-311372\"><img decoding=\"async\" src=\"https:\/\/soccer.aidatasports.com\/images\/players\/311372.png\" alt=\"Manuel Duarte\" onerror=\"this.onerror=null;this.src='https:\/\/soccer.aidatasports.com\/images\/players\/default-player.png';\"><span>Manuel Duarte<\/span><\/a><\/div>\n<div class=\"player\"><a href=\"https:\/\/soccer.aidatasports.com\/fr\/players\/Dardo-Miloc-6279\"><img decoding=\"async\" src=\"https:\/\/soccer.aidatasports.com\/images\/players\/6279.png\" alt=\"Dardo Miloc\" onerror=\"this.onerror=null;this.src='https:\/\/soccer.aidatasports.com\/images\/players\/default-player.png';\"><span>Dardo Miloc<\/span><\/a><\/div>\n<div class=\"player\"><a href=\"https:\/\/soccer.aidatasports.com\/fr\/players\/Alexis-Dom\u00ednguez-81337\"><img decoding=\"async\" src=\"https:\/\/soccer.aidatasports.com\/images\/players\/81337.png\" alt=\"Alexis Dom\u00ednguez\" onerror=\"this.onerror=null;this.src='https:\/\/soccer.aidatasports.com\/images\/players\/default-player.png';\"><span>Alexis Dom\u00ednguez<\/span><\/a><\/div>\n<div class=\"player\"><a href=\"https:\/\/soccer.aidatasports.com\/fr\/players\/Federico-Aguirre-408192\"><img decoding=\"async\" src=\"https:\/\/soccer.aidatasports.com\/images\/players\/408192.png\" alt=\"Federico Aguirre\" onerror=\"this.onerror=null;this.src='https:\/\/soccer.aidatasports.com\/images\/players\/default-player.png';\"><span>Federico Aguirre<\/span><\/a><\/div>\n<\/div>\n<\/div>\n<\/div>\n<\/div>\n<div id=\"wg-api-football-game\"\n                    data-host=\"xxxxx\"\n                    data-key=\"xxxx\"\n                    data-id=\"1158811\"\n                    data-theme=\"\"\n                    data-refresh=\"15\"\n                    data-show-errors=\"false\"\n                    data-show-logos=\"true\"><br \/>\n                    class=\u00a0\u00bbwg_loader\u00a0\u00bb>\n                <\/div>\n<div id=\"wg-api-football-standings\"\n                    data-host=\"xxxx\"\n                    data-key=\"ddddd\"\n                    data-league=\"128\"\n                    data-team=\"\"\n                    data-season=\"2024\"\n                    data-theme=\"\"\n                    data-show-errors=\"false\"\n                    data-show-logos=\"true\"\n                    class=\"wg_loader\">\n                <\/div>\n<p>                <script\n                    type=\"module\"\n                    src=\"https:\/\/soccer.aidatasports.com\/wp-content\/customjs\/widgetslocal.js\">\n                <\/script><\/p>\n","protected":false},"excerpt":{"rendered":"<p>Platense et Barracas Central se neutralisent dans un match \u00e0 suspense Platense et Barracas Central&hellip;<\/p>\n","protected":false},"author":1,"featured_media":30669,"comment_status":"open","ping_status":"open","sticky":false,"template":"","format":"standard","meta":{"content-type":"","pmpro_default_level":"","_lmt_disableupdate":"","_lmt_disable":"","_league":76,"_fixture":1158811,"penci_pfeatured_image_ratio":"","penci_single_style":"","footnotes":""},"categories":[76],"tags":[2196,1085],"class_list":["post-30670","post","type-post","status-publish","format-standard","has-post-thumbnail","hentry","category-liga-profesional-argentina-argentina-2288","tag-barracas-central-argentina-2432","tag-platense-argentina-1064","pmpro-has-access"],"_links":{"self":[{"href":"https:\/\/soccer.aidatasports.com\/fr\/wp-json\/wp\/v2\/posts\/30670"}],"collection":[{"href":"https:\/\/soccer.aidatasports.com\/fr\/wp-json\/wp\/v2\/posts"}],"about":[{"href":"https:\/\/soccer.aidatasports.com\/fr\/wp-json\/wp\/v2\/types\/post"}],"author":[{"embeddable":true,"href":"https:\/\/soccer.aidatasports.com\/fr\/wp-json\/wp\/v2\/users\/1"}],"replies":[{"embeddable":true,"href":"https:\/\/soccer.aidatasports.com\/fr\/wp-json\/wp\/v2\/comments?post=30670"}],"version-history":[{"count":0,"href":"https:\/\/soccer.aidatasports.com\/fr\/wp-json\/wp\/v2\/posts\/30670\/revisions"}],"wp:featuredmedia":[{"embeddable":true,"href":"https:\/\/soccer.aidatasports.com\/fr\/wp-json\/wp\/v2\/media\/30669"}],"wp:attachment":[{"href":"https:\/\/soccer.aidatasports.com\/fr\/wp-json\/wp\/v2\/media?parent=30670"}],"wp:term":[{"taxonomy":"category","embeddable":true,"href":"https:\/\/soccer.aidatasports.com\/fr\/wp-json\/wp\/v2\/categories?post=30670"},{"taxonomy":"post_tag","embeddable":true,"href":"https:\/\/soccer.aidatasports.com\/fr\/wp-json\/wp\/v2\/tags?post=30670"}],"curies":[{"name":"wp","href":"https:\/\/api.w.org\/{rel}","templated":true}]}}