{"id":30624,"date":"2024-08-16T20:02:46","date_gmt":"2024-08-16T20:02:46","guid":{"rendered":"https:\/\/soccer.aidatasports.com\/fr\/uncategorized\/telstar-vs-fc-eindhoven-aug-16-2024-1800-utc\/"},"modified":"2024-08-16T20:02:46","modified_gmt":"2024-08-16T20:02:46","slug":"telstar-vs-fc-eindhoven-aug-16-2024-1800-utc","status":"publish","type":"post","link":"https:\/\/soccer.aidatasports.com\/fr\/uncategorized\/telstar-vs-fc-eindhoven-aug-16-2024-1800-utc\/","title":{"rendered":"Telstar vs FC Eindhoven Aug 16 2024 18:00 UTC"},"content":{"rendered":"<h1>FC Eindhoven domine Telstar dans un match de buts et d&rsquo;occasions<\/h1>\n<p><strong>Le FC Eindhoven a battu Telstar 3-0 dans un match de l&rsquo;Eerste Divisie n\u00e9erlandaise qui s&rsquo;est jou\u00e9 au 711 Stadion de Velsen-Zuid.<\/strong> L&rsquo;\u00e9quipe visiteuse a domin\u00e9 la rencontre avec un jeu dynamique et efficace, inscrivant trois buts en d\u00e9monstration de sa sup\u00e9riorit\u00e9.<\/p>\n<p><strong>Le premier but est arriv\u00e9 \u00e0 la 23e minute<\/strong>, lorsque <strong>H. Deenen<\/strong> a profit\u00e9 d&rsquo;une passe pr\u00e9cise de <strong>B. van Schuppen<\/strong> pour ouvrir le score. <strong>Deenen<\/strong> a marqu\u00e9 \u00e0 nouveau \u00e0 la 54e minute, cette fois assist\u00e9 par <strong>S. Blummel<\/strong>, pour augmenter l&rsquo;avantage de son \u00e9quipe. <strong>B. van Schuppen<\/strong> a clos le score \u00e0 la 74e minute avec un but en solitaire.<\/p>\n<p><strong>Le match a \u00e9t\u00e9 marqu\u00e9 par l&rsquo;intensit\u00e9 et le combat des deux \u00e9quipes.<\/strong> Le FC Eindhoven a montr\u00e9 une plus grande pr\u00e9cision en attaque, tandis que Telstar a tent\u00e9 de r\u00e9agir sans succ\u00e8s.<\/p>\n<p><strong>Malgr\u00e9 les occasions de Telstar,<\/strong> l&rsquo;\u00e9quipe locale n&rsquo;a pas r\u00e9ussi \u00e0 surmonter la d\u00e9fense solide du FC Eindhoven.<\/p>\n<p><strong>Avec cette victoire, le FC Eindhoven ajoute trois points importants en Eerste Divisie.<\/strong><\/p>\n<p>Remplacements dans l&rsquo;\u00e9quipe de fc eindhoven: \u00c0 la 25e minute, T. Simons est entr\u00e9 et Y. Gil y Muinos est sorti., \u00c0 la 29e minute, D. Huisman est entr\u00e9 et E. Rottier est sorti., \u00c0 la 81e minute, A. El Bouchataoui est entr\u00e9 et D. Dorenbosch est sorti., \u00c0 la 81e minute, J. Kwaaitaal est entr\u00e9 et H. Deenen est sorti. <\/p>\n<p>Remplacements dans l&rsquo;\u00e9quipe de telstar: \u00c0 la 60e minute, S. Hetli est entr\u00e9 et M. Kaandorp est sorti., \u00c0 la 78e minute, R. van Ekeris est entr\u00e9 et M. Apau est sorti., \u00c0 la 78e minute, S. Hagedoorn est entr\u00e9 et Y. El Kachati est sorti. <\/p>\n<p>Les \u00e9quipes se sont align\u00e9es comme suit:<\/p>\n<div class=\"lineups-container\">\n<style>\n                .lineups-container {\n                    display: flex;\n                    justify-content: space-around;\n                    flex-wrap: wrap;\n                }\n                .team-lineup {\n                    width: 49%;\n                    margin-bottom: 20px;\n                    border: 1px solid #ccc;\n                    padding: 5px;\n                }\n                .team-lineup h3 {\n                    text-align: center;\n                    margin-bottom: 10px;\n                }\n                .players-container {\n                    display: flex;\n                    justify-content: space-between;\n                }\n                .players-container div {\n                    width: 100%;\n                }\n                .player {\n                    display: flex;\n                    align-items: center;\n                    margin-bottom: 5px;\n                }\n                .player img {\n                    width: 30px;\n                    height: 30px;\n                    border-radius: 50%;\n                    margin-right: 10px;\n                }\n                    @media (max-width: 600px) {\n                    .team-lineup {\n                        width: 100%;\n                    }\n                }\n                <\/style>\n<div class=\"team-lineup\">\n<h3>Telstar<\/h3>\n<p><img decoding=\"async\" src=\"https:\/\/media.api-sports.io\/football\/teams\/427.png\" alt=\"Telstar\" style=\"width: 50px; height: 50px;\"><\/p>\n<div class=\"players-container\">\n<div>\n<h4>Titulares:<\/h4>\n<div class=\"player\"><a href=\"https:\/\/soccer.aidatasports.com\/fr\/players\/Ronald-Koeman-Jr-37817\"><img decoding=\"async\" src=\"https:\/\/soccer.aidatasports.com\/images\/players\/37817.png\" alt=\"Ronald Koeman Jr\" onerror=\"this.onerror=null;this.src='https:\/\/soccer.aidatasports.com\/images\/players\/default-player.png';\"><span>Ronald Koeman Jr<\/span><\/a><\/div>\n<div class=\"player\"><a href=\"https:\/\/soccer.aidatasports.com\/fr\/players\/Mitch-Apau-61144\"><img decoding=\"async\" src=\"https:\/\/soccer.aidatasports.com\/images\/players\/61144.png\" alt=\"Mitch Apau\" onerror=\"this.onerror=null;this.src='https:\/\/soccer.aidatasports.com\/images\/players\/default-player.png';\"><span>Mitch Apau<\/span><\/a><\/div>\n<div class=\"player\"><a href=\"https:\/\/soccer.aidatasports.com\/fr\/players\/Devon-Koswal-281160\"><img decoding=\"async\" src=\"https:\/\/soccer.aidatasports.com\/images\/players\/281160.png\" alt=\"Devon Koswal\" onerror=\"this.onerror=null;this.src='https:\/\/soccer.aidatasports.com\/images\/players\/default-player.png';\"><span>Devon Koswal<\/span><\/a><\/div>\n<div class=\"player\"><a href=\"https:\/\/soccer.aidatasports.com\/fr\/players\/Danny-Bakker-37928\"><img decoding=\"async\" src=\"https:\/\/soccer.aidatasports.com\/images\/players\/37928.png\" alt=\"Danny Bakker\" onerror=\"this.onerror=null;this.src='https:\/\/soccer.aidatasports.com\/images\/players\/default-player.png';\"><span>Danny Bakker<\/span><\/a><\/div>\n<div class=\"player\"><a href=\"https:\/\/soccer.aidatasports.com\/fr\/players\/Cain-Seedorf-297883\"><img decoding=\"async\" src=\"https:\/\/soccer.aidatasports.com\/images\/players\/297883.png\" alt=\"Cain Seedorf\" onerror=\"this.onerror=null;this.src='https:\/\/soccer.aidatasports.com\/images\/players\/default-player.png';\"><span>Cain Seedorf<\/span><\/a><\/div>\n<div class=\"player\"><a href=\"https:\/\/soccer.aidatasports.com\/fr\/players\/Nils-Rossen-349560\"><img decoding=\"async\" src=\"https:\/\/soccer.aidatasports.com\/images\/players\/349560.png\" alt=\"Nils Rossen\" onerror=\"this.onerror=null;this.src='https:\/\/soccer.aidatasports.com\/images\/players\/default-player.png';\"><span>Nils Rossen<\/span><\/a><\/div>\n<div class=\"player\"><a href=\"https:\/\/soccer.aidatasports.com\/fr\/players\/Guus-Offerhaus-272539\"><img decoding=\"async\" src=\"https:\/\/soccer.aidatasports.com\/images\/players\/272539.png\" alt=\"Guus Offerhaus\" onerror=\"this.onerror=null;this.src='https:\/\/soccer.aidatasports.com\/images\/players\/default-player.png';\"><span>Guus Offerhaus<\/span><\/a><\/div>\n<div class=\"player\"><a href=\"https:\/\/soccer.aidatasports.com\/fr\/players\/Jayden-Turfkruier-399875\"><img decoding=\"async\" src=\"https:\/\/soccer.aidatasports.com\/images\/players\/399875.png\" alt=\"Jayden Turfkruier\" onerror=\"this.onerror=null;this.src='https:\/\/soccer.aidatasports.com\/images\/players\/default-player.png';\"><span>Jayden Turfkruier<\/span><\/a><\/div>\n<div class=\"player\"><a href=\"https:\/\/soccer.aidatasports.com\/fr\/players\/Youssef-El-Kachati-37442\"><img decoding=\"async\" src=\"https:\/\/soccer.aidatasports.com\/images\/players\/37442.png\" alt=\"Youssef El Kachati\" onerror=\"this.onerror=null;this.src='https:\/\/soccer.aidatasports.com\/images\/players\/default-player.png';\"><span>Youssef El Kachati<\/span><\/a><\/div>\n<div class=\"player\"><a href=\"https:\/\/soccer.aidatasports.com\/fr\/players\/Zakaria-Eddahchouri-37616\"><img decoding=\"async\" src=\"https:\/\/soccer.aidatasports.com\/images\/players\/37616.png\" alt=\"Zakaria Eddahchouri\" onerror=\"this.onerror=null;this.src='https:\/\/soccer.aidatasports.com\/images\/players\/default-player.png';\"><span>Zakaria Eddahchouri<\/span><\/a><\/div>\n<div class=\"player\"><a href=\"https:\/\/soccer.aidatasports.com\/fr\/players\/Mees-Kaandorp-38825\"><img decoding=\"async\" src=\"https:\/\/soccer.aidatasports.com\/images\/players\/38825.png\" alt=\"Mees Kaandorp\" onerror=\"this.onerror=null;this.src='https:\/\/soccer.aidatasports.com\/images\/players\/default-player.png';\"><span>Mees Kaandorp<\/span><\/a><\/div>\n<\/div>\n<div>\n<h4>Suplentes:<\/h4>\n<div class=\"player\"><a href=\"https:\/\/soccer.aidatasports.com\/fr\/players\/Soufiane-Hetli-379487\"><img decoding=\"async\" src=\"https:\/\/soccer.aidatasports.com\/images\/players\/379487.png\" alt=\"Soufiane Hetli\" onerror=\"this.onerror=null;this.src='https:\/\/soccer.aidatasports.com\/images\/players\/default-player.png';\"><span>Soufiane Hetli<\/span><\/a><\/div>\n<div class=\"player\"><a href=\"https:\/\/soccer.aidatasports.com\/fr\/players\/Tyrick-Bodak-214129\"><img decoding=\"async\" src=\"https:\/\/soccer.aidatasports.com\/images\/players\/214129.png\" alt=\"Tyrick Bodak\" onerror=\"this.onerror=null;this.src='https:\/\/soccer.aidatasports.com\/images\/players\/default-player.png';\"><span>Tyrick Bodak<\/span><\/a><\/div>\n<div class=\"player\"><a href=\"https:\/\/soccer.aidatasports.com\/fr\/players\/Joey-Houweling-92988\"><img decoding=\"async\" src=\"https:\/\/soccer.aidatasports.com\/images\/players\/92988.png\" alt=\"Joey Houweling\" onerror=\"this.onerror=null;this.src='https:\/\/soccer.aidatasports.com\/images\/players\/default-player.png';\"><span>Joey Houweling<\/span><\/a><\/div>\n<div class=\"player\"><a href=\"https:\/\/soccer.aidatasports.com\/fr\/players\/Sem-Dirks-272692\"><img decoding=\"async\" src=\"https:\/\/soccer.aidatasports.com\/images\/players\/272692.png\" alt=\"Sem Dirks\" onerror=\"this.onerror=null;this.src='https:\/\/soccer.aidatasports.com\/images\/players\/default-player.png';\"><span>Sem Dirks<\/span><\/a><\/div>\n<div class=\"player\"><a href=\"https:\/\/soccer.aidatasports.com\/fr\/players\/Abdelraffie-Benzzine-480311\"><img decoding=\"async\" src=\"https:\/\/soccer.aidatasports.com\/images\/players\/480311.png\" alt=\"Abdelraffie Benzzine\" onerror=\"this.onerror=null;this.src='https:\/\/soccer.aidatasports.com\/images\/players\/default-player.png';\"><span>Abdelraffie Benzzine<\/span><\/a><\/div>\n<div class=\"player\"><a href=\"https:\/\/soccer.aidatasports.com\/fr\/players\/Adil-Lechkar-433064\"><img decoding=\"async\" src=\"https:\/\/soccer.aidatasports.com\/images\/players\/433064.png\" alt=\"Adil Lechkar\" onerror=\"this.onerror=null;this.src='https:\/\/soccer.aidatasports.com\/images\/players\/default-player.png';\"><span>Adil Lechkar<\/span><\/a><\/div>\n<div class=\"player\"><a href=\"https:\/\/soccer.aidatasports.com\/fr\/players\/Jay-den-Haan-203773\"><img decoding=\"async\" src=\"https:\/\/soccer.aidatasports.com\/images\/players\/203773.png\" alt=\"Jay den Haan\" onerror=\"this.onerror=null;this.src='https:\/\/soccer.aidatasports.com\/images\/players\/default-player.png';\"><span>Jay den Haan<\/span><\/a><\/div>\n<div class=\"player\"><a href=\"https:\/\/soccer.aidatasports.com\/fr\/players\/Jaylan-von-Schooneveld-480310\"><img decoding=\"async\" src=\"https:\/\/soccer.aidatasports.com\/images\/players\/480310.png\" alt=\"Jaylan von Schooneveld\" onerror=\"this.onerror=null;this.src='https:\/\/soccer.aidatasports.com\/images\/players\/default-player.png';\"><span>Jaylan von Schooneveld<\/span><\/a><\/div>\n<div class=\"player\"><a href=\"https:\/\/soccer.aidatasports.com\/fr\/players\/Remi-van-Ekeris-274518\"><img decoding=\"async\" src=\"https:\/\/soccer.aidatasports.com\/images\/players\/274518.png\" alt=\"Remi van Ekeris\" onerror=\"this.onerror=null;this.src='https:\/\/soccer.aidatasports.com\/images\/players\/default-player.png';\"><span>Remi van Ekeris<\/span><\/a><\/div>\n<div class=\"player\"><a href=\"https:\/\/soccer.aidatasports.com\/fr\/players\/Sebastiaan-Hagedoorn-446648\"><img decoding=\"async\" src=\"https:\/\/soccer.aidatasports.com\/images\/players\/446648.png\" alt=\"Sebastiaan Hagedoorn\" onerror=\"this.onerror=null;this.src='https:\/\/soccer.aidatasports.com\/images\/players\/default-player.png';\"><span>Sebastiaan Hagedoorn<\/span><\/a><\/div>\n<\/div>\n<\/div>\n<\/div>\n<div class=\"team-lineup\">\n<h3>FC Eindhoven<\/h3>\n<p><img decoding=\"async\" src=\"https:\/\/media.api-sports.io\/football\/teams\/422.png\" alt=\"FC Eindhoven\" style=\"width: 50px; height: 50px;\"><\/p>\n<div class=\"players-container\">\n<div>\n<h4>Titulares:<\/h4>\n<div class=\"player\"><a href=\"https:\/\/soccer.aidatasports.com\/fr\/players\/Jorn-Brondeel-36826\"><img decoding=\"async\" src=\"https:\/\/soccer.aidatasports.com\/images\/players\/36826.png\" alt=\"Jorn Brondeel\" onerror=\"this.onerror=null;this.src='https:\/\/soccer.aidatasports.com\/images\/players\/default-player.png';\"><span>Jorn Brondeel<\/span><\/a><\/div>\n<div class=\"player\"><a href=\"https:\/\/soccer.aidatasports.com\/fr\/players\/Tibo-Persyn-161857\"><img decoding=\"async\" src=\"https:\/\/soccer.aidatasports.com\/images\/players\/161857.png\" alt=\"Tibo Persyn\" onerror=\"this.onerror=null;this.src='https:\/\/soccer.aidatasports.com\/images\/players\/default-player.png';\"><span>Tibo Persyn<\/span><\/a><\/div>\n<div class=\"player\"><a href=\"https:\/\/soccer.aidatasports.com\/fr\/players\/Farouq-Limouri-302912\"><img decoding=\"async\" src=\"https:\/\/soccer.aidatasports.com\/images\/players\/302912.png\" alt=\"Farouq Limouri\" onerror=\"this.onerror=null;this.src='https:\/\/soccer.aidatasports.com\/images\/players\/default-player.png';\"><span>Farouq Limouri<\/span><\/a><\/div>\n<div class=\"player\"><a href=\"https:\/\/soccer.aidatasports.com\/fr\/players\/Collin-Seedorf-37638\"><img decoding=\"async\" src=\"https:\/\/soccer.aidatasports.com\/images\/players\/37638.png\" alt=\"Collin Seedorf\" onerror=\"this.onerror=null;this.src='https:\/\/soccer.aidatasports.com\/images\/players\/default-player.png';\"><span>Collin Seedorf<\/span><\/a><\/div>\n<div class=\"player\"><a href=\"https:\/\/soccer.aidatasports.com\/fr\/players\/Yael-Gil-y-Mui\u00f1os-313940\"><img decoding=\"async\" src=\"https:\/\/soccer.aidatasports.com\/images\/players\/313940.png\" alt=\"Yael Gil y Mui\u00f1os\" onerror=\"this.onerror=null;this.src='https:\/\/soccer.aidatasports.com\/images\/players\/default-player.png';\"><span>Yael Gil y Mui\u00f1os<\/span><\/a><\/div>\n<div class=\"player\"><a href=\"https:\/\/soccer.aidatasports.com\/fr\/players\/Sven-Simons-357051\"><img decoding=\"async\" src=\"https:\/\/soccer.aidatasports.com\/images\/players\/357051.png\" alt=\"Sven Simons\" onerror=\"this.onerror=null;this.src='https:\/\/soccer.aidatasports.com\/images\/players\/default-player.png';\"><span>Sven Simons<\/span><\/a><\/div>\n<div class=\"player\"><a href=\"https:\/\/soccer.aidatasports.com\/fr\/players\/Dyon-Dorenbosch-373797\"><img decoding=\"async\" src=\"https:\/\/soccer.aidatasports.com\/images\/players\/373797.png\" alt=\"Dyon Dorenbosch\" onerror=\"this.onerror=null;this.src='https:\/\/soccer.aidatasports.com\/images\/players\/default-player.png';\"><span>Dyon Dorenbosch<\/span><\/a><\/div>\n<div class=\"player\"><a href=\"https:\/\/soccer.aidatasports.com\/fr\/players\/Sven-Blummel-37467\"><img decoding=\"async\" src=\"https:\/\/soccer.aidatasports.com\/images\/players\/37467.png\" alt=\"Sven Blummel\" onerror=\"this.onerror=null;this.src='https:\/\/soccer.aidatasports.com\/images\/players\/default-player.png';\"><span>Sven Blummel<\/span><\/a><\/div>\n<div class=\"player\"><a href=\"https:\/\/soccer.aidatasports.com\/fr\/players\/Boris-van-Schuppen-288301\"><img decoding=\"async\" src=\"https:\/\/soccer.aidatasports.com\/images\/players\/288301.png\" alt=\"Boris van Schuppen\" onerror=\"this.onerror=null;this.src='https:\/\/soccer.aidatasports.com\/images\/players\/default-player.png';\"><span>Boris van Schuppen<\/span><\/a><\/div>\n<div class=\"player\"><a href=\"https:\/\/soccer.aidatasports.com\/fr\/players\/Hugo-Deenen-379608\"><img decoding=\"async\" src=\"https:\/\/soccer.aidatasports.com\/images\/players\/379608.png\" alt=\"Hugo Deenen\" onerror=\"this.onerror=null;this.src='https:\/\/soccer.aidatasports.com\/images\/players\/default-player.png';\"><span>Hugo Deenen<\/span><\/a><\/div>\n<div class=\"player\"><a href=\"https:\/\/soccer.aidatasports.com\/fr\/players\/Evan-Rottier-277753\"><img decoding=\"async\" src=\"https:\/\/soccer.aidatasports.com\/images\/players\/277753.png\" alt=\"Evan Rottier\" onerror=\"this.onerror=null;this.src='https:\/\/soccer.aidatasports.com\/images\/players\/default-player.png';\"><span>Evan Rottier<\/span><\/a><\/div>\n<\/div>\n<div>\n<h4>Suplentes:<\/h4>\n<div class=\"player\"><a href=\"https:\/\/soccer.aidatasports.com\/fr\/players\/Tyrese-Simons-455129\"><img decoding=\"async\" src=\"https:\/\/soccer.aidatasports.com\/images\/players\/455129.png\" alt=\"Tyrese Simons\" onerror=\"this.onerror=null;this.src='https:\/\/soccer.aidatasports.com\/images\/players\/default-player.png';\"><span>Tyrese Simons<\/span><\/a><\/div>\n<div class=\"player\"><a href=\"https:\/\/soccer.aidatasports.com\/fr\/players\/Daan-Huisman-272729\"><img decoding=\"async\" src=\"https:\/\/soccer.aidatasports.com\/images\/players\/272729.png\" alt=\"Daan Huisman\" onerror=\"this.onerror=null;this.src='https:\/\/soccer.aidatasports.com\/images\/players\/default-player.png';\"><span>Daan Huisman<\/span><\/a><\/div>\n<div class=\"player\"><a href=\"https:\/\/soccer.aidatasports.com\/fr\/players\/Jort-Borgmans-193295\"><img decoding=\"async\" src=\"https:\/\/soccer.aidatasports.com\/images\/players\/193295.png\" alt=\"Jort Borgmans\" onerror=\"this.onerror=null;this.src='https:\/\/soccer.aidatasports.com\/images\/players\/default-player.png';\"><span>Jort Borgmans<\/span><\/a><\/div>\n<div class=\"player\"><a href=\"https:\/\/soccer.aidatasports.com\/fr\/players\/Dylan-Fancito-371660\"><img decoding=\"async\" src=\"https:\/\/soccer.aidatasports.com\/images\/players\/371660.png\" alt=\"Dylan Fancito\" onerror=\"this.onerror=null;this.src='https:\/\/soccer.aidatasports.com\/images\/players\/default-player.png';\"><span>Dylan Fancito<\/span><\/a><\/div>\n<div class=\"player\"><a href=\"https:\/\/soccer.aidatasports.com\/fr\/players\/Shane-van-Aarle-454546\"><img decoding=\"async\" src=\"https:\/\/soccer.aidatasports.com\/images\/players\/454546.png\" alt=\"Shane van Aarle\" onerror=\"this.onerror=null;this.src='https:\/\/soccer.aidatasports.com\/images\/players\/default-player.png';\"><span>Shane van Aarle<\/span><\/a><\/div>\n<div class=\"player\"><a href=\"https:\/\/soccer.aidatasports.com\/fr\/players\/Julian-Kwaaitaal-426541\"><img decoding=\"async\" src=\"https:\/\/soccer.aidatasports.com\/images\/players\/426541.png\" alt=\"Julian Kwaaitaal\" onerror=\"this.onerror=null;this.src='https:\/\/soccer.aidatasports.com\/images\/players\/default-player.png';\"><span>Julian Kwaaitaal<\/span><\/a><\/div>\n<div class=\"player\"><a href=\"https:\/\/soccer.aidatasports.com\/fr\/players\/Achraf-El-Bouchataoui-129046\"><img decoding=\"async\" src=\"https:\/\/soccer.aidatasports.com\/images\/players\/129046.png\" alt=\"Achraf El Bouchataoui\" onerror=\"this.onerror=null;this.src='https:\/\/soccer.aidatasports.com\/images\/players\/default-player.png';\"><span>Achraf El Bouchataoui<\/span><\/a><\/div>\n<div class=\"player\"><a href=\"https:\/\/soccer.aidatasports.com\/fr\/players\/Thijs-Muller-476868\"><img decoding=\"async\" src=\"https:\/\/soccer.aidatasports.com\/images\/players\/476868.png\" alt=\"Thijs Muller\" onerror=\"this.onerror=null;this.src='https:\/\/soccer.aidatasports.com\/images\/players\/default-player.png';\"><span>Thijs Muller<\/span><\/a><\/div>\n<div class=\"player\"><a href=\"https:\/\/soccer.aidatasports.com\/fr\/players\/Luuk-Verheij-468421\"><img decoding=\"async\" src=\"https:\/\/soccer.aidatasports.com\/images\/players\/468421.png\" alt=\"Luuk Verheij\" onerror=\"this.onerror=null;this.src='https:\/\/soccer.aidatasports.com\/images\/players\/default-player.png';\"><span>Luuk Verheij<\/span><\/a><\/div>\n<div class=\"player\"><a href=\"https:\/\/soccer.aidatasports.com\/fr\/players\/David-Garden-339167\"><img decoding=\"async\" src=\"https:\/\/soccer.aidatasports.com\/images\/players\/339167.png\" alt=\"David Garden\" onerror=\"this.onerror=null;this.src='https:\/\/soccer.aidatasports.com\/images\/players\/default-player.png';\"><span>David Garden<\/span><\/a><\/div>\n<\/div>\n<\/div>\n<\/div>\n<\/div>\n<div id=\"wg-api-football-game\"\n                    data-host=\"xxxxx\"\n                    data-key=\"xxxx\"\n                    data-id=\"1209851\"\n                    data-theme=\"\"\n                    data-refresh=\"15\"\n                    data-show-errors=\"false\"\n                    data-show-logos=\"true\"><br \/>\n                    class=\u00a0\u00bbwg_loader\u00a0\u00bb>\n                <\/div>\n<div id=\"wg-api-football-standings\"\n                    data-host=\"xxxx\"\n                    data-key=\"ddddd\"\n                    data-league=\"89\"\n                    data-team=\"\"\n                    data-season=\"2024\"\n                    data-theme=\"\"\n                    data-show-errors=\"false\"\n                    data-show-logos=\"true\"\n                    class=\"wg_loader\">\n                <\/div>\n<p>                <script\n                    type=\"module\"\n                    src=\"https:\/\/soccer.aidatasports.com\/wp-content\/customjs\/widgetslocal.js\">\n                <\/script><\/p>\n","protected":false},"excerpt":{"rendered":"<p>FC Eindhoven domine Telstar dans un match de buts et d&rsquo;occasions Le FC Eindhoven a&hellip;<\/p>\n","protected":false},"author":1,"featured_media":30623,"comment_status":"open","ping_status":"open","sticky":false,"template":"","format":"standard","meta":{"content-type":"","pmpro_default_level":"","_lmt_disableupdate":"","_lmt_disable":"","_league":0,"_fixture":1209851,"penci_pfeatured_image_ratio":"","penci_single_style":"","footnotes":""},"categories":[],"tags":[536,541],"class_list":["post-30624","post","type-post","status-publish","format-standard","has-post-thumbnail","hentry","tag-fc-eindhoven-netherlands-422","tag-telstar-netherlands-427","pmpro-has-access"],"_links":{"self":[{"href":"https:\/\/soccer.aidatasports.com\/fr\/wp-json\/wp\/v2\/posts\/30624"}],"collection":[{"href":"https:\/\/soccer.aidatasports.com\/fr\/wp-json\/wp\/v2\/posts"}],"about":[{"href":"https:\/\/soccer.aidatasports.com\/fr\/wp-json\/wp\/v2\/types\/post"}],"author":[{"embeddable":true,"href":"https:\/\/soccer.aidatasports.com\/fr\/wp-json\/wp\/v2\/users\/1"}],"replies":[{"embeddable":true,"href":"https:\/\/soccer.aidatasports.com\/fr\/wp-json\/wp\/v2\/comments?post=30624"}],"version-history":[{"count":0,"href":"https:\/\/soccer.aidatasports.com\/fr\/wp-json\/wp\/v2\/posts\/30624\/revisions"}],"wp:featuredmedia":[{"embeddable":true,"href":"https:\/\/soccer.aidatasports.com\/fr\/wp-json\/wp\/v2\/media\/30623"}],"wp:attachment":[{"href":"https:\/\/soccer.aidatasports.com\/fr\/wp-json\/wp\/v2\/media?parent=30624"}],"wp:term":[{"taxonomy":"category","embeddable":true,"href":"https:\/\/soccer.aidatasports.com\/fr\/wp-json\/wp\/v2\/categories?post=30624"},{"taxonomy":"post_tag","embeddable":true,"href":"https:\/\/soccer.aidatasports.com\/fr\/wp-json\/wp\/v2\/tags?post=30624"}],"curies":[{"name":"wp","href":"https:\/\/api.w.org\/{rel}","templated":true}]}}