{"id":136184,"date":"2026-03-01T14:30:41","date_gmt":"2026-03-01T14:30:41","guid":{"rendered":"https:\/\/soccer.aidatasports.com\/fr\/uncategorized\/eintracht-braunschweig-vs-preusen-munster-mar-01-2026-1230-utc\/"},"modified":"2026-03-01T14:30:41","modified_gmt":"2026-03-01T14:30:41","slug":"eintracht-braunschweig-vs-preusen-munster-mar-01-2026-1230-utc","status":"publish","type":"post","link":"https:\/\/soccer.aidatasports.com\/fr\/matches\/eintracht-braunschweig-vs-preusen-munster-mar-01-2026-1230-utc\/","title":{"rendered":"Eintracht Braunschweig vs Preu\u00dfen M\u00fcnster Mar 01 2026 12:30 UTC"},"content":{"rendered":"<p><strong>Fran\u00e7ais<\/strong><\/p>\n<p><strong>Braunschweig et M\u00fcnster font match nul dans un match tendu et riche en rebondissements<\/strong><\/p>\n<p>Braunschweig, Allemagne \u2013 Dans un match disput\u00e9 \u00e0 l&rsquo;Eintracht-Stadion, Eintracht Braunschweig et Preu\u00dfen M\u00fcnster ont fait match nul dans une rencontre de 2. Bundesliga marqu\u00e9e par l&rsquo;intensit\u00e9 et la pol\u00e9mique. M\u00fcnster a eu la possession du ballon la plus importante (56%), mais Braunschweig a su saisir ses opportunit\u00e9s, bien qu&rsquo;avec moins de possession (44%).<\/p>\n<p>Le match s&rsquo;est rapidement enflamm\u00e9 avec des cartons jaunes pour Jaeckel et Preissinger de M\u00fcnster en premi\u00e8re mi-temps. Un but de Batista Meier a \u00e9t\u00e9 refus\u00e9 pour une main, frustrant les aspirations de M\u00fcnster avant la pause.<\/p>\n<p>En seconde p\u00e9riode, Frenkert a ouvert le score pour Braunschweig \u00e0 la 56e minute, sur une passe d&rsquo;Ehlers. Cependant, la joie locale a \u00e9t\u00e9 de courte dur\u00e9e, car Hendrix a \u00e9galis\u00e9 pour M\u00fcnster \u00e0 la 71e minute, sur une passe de ter Horst. Seulement quatre minutes plus tard, Batista Meier a rachet\u00e9 son but refus\u00e9 et a mis M\u00fcnster en t\u00eate.<\/p>\n<p>Le match est devenu encore plus tendu dans les derni\u00e8res minutes. Jaeckel, qui avait d\u00e9j\u00e0 un carton jaune, a \u00e9t\u00e9 expuls\u00e9 \u00e0 la 88e minute apr\u00e8s avoir re\u00e7u un deuxi\u00e8me avertissement. Malgr\u00e9 le fait de jouer \u00e0 dix, M\u00fcnster a r\u00e9ussi \u00e0 conserver le match nul, laissant un go\u00fbt amer \u00e0 Braunschweig. Braunschweig a eu 10 tirs dont 3 cadr\u00e9s, tandis que M\u00fcnster n&rsquo;a ex\u00e9cut\u00e9 que 8 tirs dont 3 cadr\u00e9s.<\/p>\n<p>Remplacements dans l&rsquo;quipe de preu\u00dfen m\u00fcnster: \u00c0 la 62e minute, R. Preissinger est entr\u00e9 et M. Benger est sorti., \u00c0 la 62e minute, M. Schulz est entr\u00e9 et S. Yamada est sorti., \u00c0 la 70e minute, M. Meyerhofer est entr\u00e9 et O. Vilhelmsson est sorti., \u00c0 la 70e minute, I. Rondic est entr\u00e9 et C. Makridis est sorti., \u00c0 la 82e minute, O. Batista Meier est entr\u00e9 et N. Koulis est sorti. <\/p>\n<p>Remplacements dans l&rsquo;quipe de eintracht braunschweig: \u00c0 la 65e minute, M. Marie est entr\u00e9 et F. Flick est sorti., \u00c0 la 74e minute, A. Opoku est entr\u00e9 et S. Sane est sorti., \u00c0 la 74e minute, E. Yardimci est entr\u00e9 et J. Mijatovic est sorti., \u00c0 la 74e minute, L. Frenkert est entr\u00e9 et A. Hoti est sorti., \u00c0 la 82e minute, R. Heusser est entr\u00e9 et G. Ranos est sorti. <\/p>\n<p>Les \u00e9quipes se sont align\u00e9es comme suit:<\/p>\n<div class=\"lineups-container\">\n<style>\n                .lineups-container {\n                    display: flex;\n                    justify-content: space-around;\n                    flex-wrap: wrap;\n                }\n                .team-lineup {\n                    width: 49%;\n                    margin-bottom: 20px;\n                    border: 1px solid #ccc;\n                    padding: 5px;\n                }\n                .team-lineup h3 {\n                    text-align: center;\n                    margin-bottom: 10px;\n                }\n                .players-container {\n                    display: flex;\n                    justify-content: space-between;\n                }\n                .players-container div {\n                    width: 100%;\n                }\n                .player {\n                    display: flex;\n                    align-items: center;\n                    margin-bottom: 5px;\n                }\n                .player img {\n                    width: 30px;\n                    height: 30px;\n                    border-radius: 50%;\n                    margin-right: 10px;\n                }\n                    @media (max-width: 600px) {\n                    .team-lineup {\n                        width: 100%;\n                    }\n                }\n                <\/style>\n<div class=\"team-lineup\">\n<h3>Eintracht Braunschweig<\/h3>\n<p><img decoding=\"async\" src=\"https:\/\/media.api-sports.io\/football\/teams\/744.png\" alt=\"Eintracht Braunschweig\" style=\"width: 50px; height: 50px;\"><\/p>\n<div class=\"players-container\">\n<div>\n<h4>Titulares:<\/h4>\n<div class=\"player\"><a href=\"https:\/\/soccer.aidatasports.com\/fr\/players\/Elhan-Kastrati-31474\"><img decoding=\"async\" src=\"https:\/\/soccer.aidatasports.com\/images\/players\/31474.png\" alt=\"Elhan Kastrati\" onerror=\"this.onerror=null;this.src='https:\/\/soccer.aidatasports.com\/images\/players\/default-player.png';\"><span>Elhan Kastrati<\/span><\/a><\/div>\n<div class=\"player\"><a href=\"https:\/\/soccer.aidatasports.com\/fr\/players\/Kevin-Ehlers-25118\"><img decoding=\"async\" src=\"https:\/\/soccer.aidatasports.com\/images\/players\/25118.png\" alt=\"Kevin Ehlers\" onerror=\"this.onerror=null;this.src='https:\/\/soccer.aidatasports.com\/images\/players\/default-player.png';\"><span>Kevin Ehlers<\/span><\/a><\/div>\n<div class=\"player\"><a href=\"https:\/\/soccer.aidatasports.com\/fr\/players\/Salomon-Patrick-Amougou-Nkoa-550825\"><img decoding=\"async\" src=\"https:\/\/soccer.aidatasports.com\/images\/players\/550825.png\" alt=\"Salomon Patrick Amougou Nkoa\" onerror=\"this.onerror=null;this.src='https:\/\/soccer.aidatasports.com\/images\/players\/default-player.png';\"><span>Salomon Patrick Amougou Nkoa<\/span><\/a><\/div>\n<div class=\"player\"><a href=\"https:\/\/soccer.aidatasports.com\/fr\/players\/Lukas-Frenkert-260894\"><img decoding=\"async\" src=\"https:\/\/soccer.aidatasports.com\/images\/players\/260894.png\" alt=\"Lukas Frenkert\" onerror=\"this.onerror=null;this.src='https:\/\/soccer.aidatasports.com\/images\/players\/default-player.png';\"><span>Lukas Frenkert<\/span><\/a><\/div>\n<div class=\"player\"><a href=\"https:\/\/soccer.aidatasports.com\/fr\/players\/Johan-Arath-Gomez-161584\"><img decoding=\"async\" src=\"https:\/\/soccer.aidatasports.com\/images\/players\/161584.png\" alt=\"Johan Arath Gomez\" onerror=\"this.onerror=null;this.src='https:\/\/soccer.aidatasports.com\/images\/players\/default-player.png';\"><span>Johan Arath Gomez<\/span><\/a><\/div>\n<div class=\"player\"><a href=\"https:\/\/soccer.aidatasports.com\/fr\/players\/Max-Marie-327935\"><img decoding=\"async\" src=\"https:\/\/soccer.aidatasports.com\/images\/players\/327935.png\" alt=\"Max Marie\" onerror=\"this.onerror=null;this.src='https:\/\/soccer.aidatasports.com\/images\/players\/default-player.png';\"><span>Max Marie<\/span><\/a><\/div>\n<div class=\"player\"><a href=\"https:\/\/soccer.aidatasports.com\/fr\/players\/Mehmet-Ayd\u0131n-203018\"><img decoding=\"async\" src=\"https:\/\/soccer.aidatasports.com\/images\/players\/203018.png\" alt=\"Mehmet Ayd\u0131n\" onerror=\"this.onerror=null;this.src='https:\/\/soccer.aidatasports.com\/images\/players\/default-player.png';\"><span>Mehmet Ayd\u0131n<\/span><\/a><\/div>\n<div class=\"player\"><a href=\"https:\/\/soccer.aidatasports.com\/fr\/players\/Leon-Bell-Bell-125730\"><img decoding=\"async\" src=\"https:\/\/soccer.aidatasports.com\/images\/players\/125730.png\" alt=\"Leon Bell Bell\" onerror=\"this.onerror=null;this.src='https:\/\/soccer.aidatasports.com\/images\/players\/default-player.png';\"><span>Leon Bell Bell<\/span><\/a><\/div>\n<div class=\"player\"><a href=\"https:\/\/soccer.aidatasports.com\/fr\/players\/Robin-Heu\u00dfer-177370\"><img decoding=\"async\" src=\"https:\/\/soccer.aidatasports.com\/images\/players\/177370.png\" alt=\"Robin Heu\u00dfer\" onerror=\"this.onerror=null;this.src='https:\/\/soccer.aidatasports.com\/images\/players\/default-player.png';\"><span>Robin Heu\u00dfer<\/span><\/a><\/div>\n<div class=\"player\"><a href=\"https:\/\/soccer.aidatasports.com\/fr\/players\/Aaron-Opoku-24884\"><img decoding=\"async\" src=\"https:\/\/soccer.aidatasports.com\/images\/players\/24884.png\" alt=\"Aaron Opoku\" onerror=\"this.onerror=null;this.src='https:\/\/soccer.aidatasports.com\/images\/players\/default-player.png';\"><span>Aaron Opoku<\/span><\/a><\/div>\n<div class=\"player\"><a href=\"https:\/\/soccer.aidatasports.com\/fr\/players\/Erencan-Yard\u0131mc\u0131-128350\"><img decoding=\"async\" src=\"https:\/\/soccer.aidatasports.com\/images\/players\/128350.png\" alt=\"Erencan Yard\u0131mc\u0131\" onerror=\"this.onerror=null;this.src='https:\/\/soccer.aidatasports.com\/images\/players\/default-player.png';\"><span>Erencan Yard\u0131mc\u0131<\/span><\/a><\/div>\n<\/div>\n<div>\n<h4>Suplentes:<\/h4>\n<div class=\"player\"><a href=\"https:\/\/soccer.aidatasports.com\/fr\/players\/Florian-Flick-119771\"><img decoding=\"async\" src=\"https:\/\/soccer.aidatasports.com\/images\/players\/119771.png\" alt=\"Florian Flick\" onerror=\"this.onerror=null;this.src='https:\/\/soccer.aidatasports.com\/images\/players\/default-player.png';\"><span>Florian Flick<\/span><\/a><\/div>\n<div class=\"player\"><a href=\"https:\/\/soccer.aidatasports.com\/fr\/players\/Andi-Hoti-89489\"><img decoding=\"async\" src=\"https:\/\/soccer.aidatasports.com\/images\/players\/89489.png\" alt=\"Andi Hoti\" onerror=\"this.onerror=null;this.src='https:\/\/soccer.aidatasports.com\/images\/players\/default-player.png';\"><span>Andi Hoti<\/span><\/a><\/div>\n<div class=\"player\"><a href=\"https:\/\/soccer.aidatasports.com\/fr\/players\/Jovan-Mijatovi\u0107-361358\"><img decoding=\"async\" src=\"https:\/\/soccer.aidatasports.com\/images\/players\/361358.png\" alt=\"Jovan Mijatovi\u0107\" onerror=\"this.onerror=null;this.src='https:\/\/soccer.aidatasports.com\/images\/players\/default-player.png';\"><span>Jovan Mijatovi\u0107<\/span><\/a><\/div>\n<div class=\"player\"><a href=\"https:\/\/soccer.aidatasports.com\/fr\/players\/Sidi-San\u00e9-280457\"><img decoding=\"async\" src=\"https:\/\/soccer.aidatasports.com\/images\/players\/280457.png\" alt=\"Sidi San\u00e9\" onerror=\"this.onerror=null;this.src='https:\/\/soccer.aidatasports.com\/images\/players\/default-player.png';\"><span>Sidi San\u00e9<\/span><\/a><\/div>\n<div class=\"player\"><a href=\"https:\/\/soccer.aidatasports.com\/fr\/players\/Leon-Herdes-478862\"><img decoding=\"async\" src=\"https:\/\/soccer.aidatasports.com\/images\/players\/478862.png\" alt=\"Leon Herdes\" onerror=\"this.onerror=null;this.src='https:\/\/soccer.aidatasports.com\/images\/players\/default-player.png';\"><span>Leon Herdes<\/span><\/a><\/div>\n<div class=\"player\"><a href=\"https:\/\/soccer.aidatasports.com\/fr\/players\/Louis-Breunig-321685\"><img decoding=\"async\" src=\"https:\/\/soccer.aidatasports.com\/images\/players\/321685.png\" alt=\"Louis Breunig\" onerror=\"this.onerror=null;this.src='https:\/\/soccer.aidatasports.com\/images\/players\/default-player.png';\"><span>Louis Breunig<\/span><\/a><\/div>\n<div class=\"player\"><a href=\"https:\/\/soccer.aidatasports.com\/fr\/players\/Fabio-Kaufmann-26408\"><img decoding=\"async\" src=\"https:\/\/soccer.aidatasports.com\/images\/players\/26408.png\" alt=\"Fabio Kaufmann\" onerror=\"this.onerror=null;this.src='https:\/\/soccer.aidatasports.com\/images\/players\/default-player.png';\"><span>Fabio Kaufmann<\/span><\/a><\/div>\n<div class=\"player\"><a href=\"https:\/\/soccer.aidatasports.com\/fr\/players\/Fabio-Di-Michele-Sanchez-279861\"><img decoding=\"async\" src=\"https:\/\/soccer.aidatasports.com\/images\/players\/279861.png\" alt=\"Fabio Di Michele Sanchez\" onerror=\"this.onerror=null;this.src='https:\/\/soccer.aidatasports.com\/images\/players\/default-player.png';\"><span>Fabio Di Michele Sanchez<\/span><\/a><\/div>\n<div class=\"player\"><a href=\"https:\/\/soccer.aidatasports.com\/fr\/players\/Grant-Leon-Ranos-280427\"><img decoding=\"async\" src=\"https:\/\/soccer.aidatasports.com\/images\/players\/280427.png\" alt=\"Grant-Leon Ranos\" onerror=\"this.onerror=null;this.src='https:\/\/soccer.aidatasports.com\/images\/players\/default-player.png';\"><span>Grant-Leon Ranos<\/span><\/a><\/div>\n<\/div>\n<\/div>\n<\/div>\n<div class=\"team-lineup\">\n<h3>Preu\u00dfen M\u00fcnster<\/h3>\n<p><img decoding=\"async\" src=\"https:\/\/media.api-sports.io\/football\/teams\/1313.png\" alt=\"Preu\u00dfen M\u00fcnster\" style=\"width: 50px; height: 50px;\"><\/p>\n<div class=\"players-container\">\n<div>\n<h4>Titulares:<\/h4>\n<div class=\"player\"><a href=\"https:\/\/soccer.aidatasports.com\/fr\/players\/Johannes-Schenk-203331\"><img decoding=\"async\" src=\"https:\/\/soccer.aidatasports.com\/images\/players\/203331.png\" alt=\"Johannes Schenk\" onerror=\"this.onerror=null;this.src='https:\/\/soccer.aidatasports.com\/images\/players\/default-player.png';\"><span>Johannes Schenk<\/span><\/a><\/div>\n<div class=\"player\"><a href=\"https:\/\/soccer.aidatasports.com\/fr\/players\/Jano-ter-Horst-203132\"><img decoding=\"async\" src=\"https:\/\/soccer.aidatasports.com\/images\/players\/203132.png\" alt=\"Jano ter Horst\" onerror=\"this.onerror=null;this.src='https:\/\/soccer.aidatasports.com\/images\/players\/default-player.png';\"><span>Jano ter Horst<\/span><\/a><\/div>\n<div class=\"player\"><a href=\"https:\/\/soccer.aidatasports.com\/fr\/players\/Jannis-Heuer-177648\"><img decoding=\"async\" src=\"https:\/\/soccer.aidatasports.com\/images\/players\/177648.png\" alt=\"Jannis Heuer\" onerror=\"this.onerror=null;this.src='https:\/\/soccer.aidatasports.com\/images\/players\/default-player.png';\"><span>Jannis Heuer<\/span><\/a><\/div>\n<div class=\"player\"><a href=\"https:\/\/soccer.aidatasports.com\/fr\/players\/Paul-Jaeckel-25147\"><img decoding=\"async\" src=\"https:\/\/soccer.aidatasports.com\/images\/players\/25147.png\" alt=\"Paul Jaeckel\" onerror=\"this.onerror=null;this.src='https:\/\/soccer.aidatasports.com\/images\/players\/default-player.png';\"><span>Paul Jaeckel<\/span><\/a><\/div>\n<div class=\"player\"><a href=\"https:\/\/soccer.aidatasports.com\/fr\/players\/Marco-Meyerh\u00f6fer-113591\"><img decoding=\"async\" src=\"https:\/\/soccer.aidatasports.com\/images\/players\/113591.png\" alt=\"Marco Meyerh\u00f6fer\" onerror=\"this.onerror=null;this.src='https:\/\/soccer.aidatasports.com\/images\/players\/default-player.png';\"><span>Marco Meyerh\u00f6fer<\/span><\/a><\/div>\n<div class=\"player\"><a href=\"https:\/\/soccer.aidatasports.com\/fr\/players\/Yassine-Bouchama-268221\"><img decoding=\"async\" src=\"https:\/\/soccer.aidatasports.com\/images\/players\/268221.png\" alt=\"Yassine Bouchama\" onerror=\"this.onerror=null;this.src='https:\/\/soccer.aidatasports.com\/images\/players\/default-player.png';\"><span>Yassine Bouchama<\/span><\/a><\/div>\n<div class=\"player\"><a href=\"https:\/\/soccer.aidatasports.com\/fr\/players\/Rico-Prei\u00dfinger-25248\"><img decoding=\"async\" src=\"https:\/\/soccer.aidatasports.com\/images\/players\/25248.png\" alt=\"Rico Prei\u00dfinger\" onerror=\"this.onerror=null;this.src='https:\/\/soccer.aidatasports.com\/images\/players\/default-player.png';\"><span>Rico Prei\u00dfinger<\/span><\/a><\/div>\n<div class=\"player\"><a href=\"https:\/\/soccer.aidatasports.com\/fr\/players\/Jorrit-Hendrix-235\"><img decoding=\"async\" src=\"https:\/\/soccer.aidatasports.com\/images\/players\/235.png\" alt=\"Jorrit Hendrix\" onerror=\"this.onerror=null;this.src='https:\/\/soccer.aidatasports.com\/images\/players\/default-player.png';\"><span>Jorrit Hendrix<\/span><\/a><\/div>\n<div class=\"player\"><a href=\"https:\/\/soccer.aidatasports.com\/fr\/players\/Marvin-Schulz-48456\"><img decoding=\"async\" src=\"https:\/\/soccer.aidatasports.com\/images\/players\/48456.png\" alt=\"Marvin Schulz\" onerror=\"this.onerror=null;this.src='https:\/\/soccer.aidatasports.com\/images\/players\/default-player.png';\"><span>Marvin Schulz<\/span><\/a><\/div>\n<div class=\"player\"><a href=\"https:\/\/soccer.aidatasports.com\/fr\/players\/Oliver-Batista-Meier-70099\"><img decoding=\"async\" src=\"https:\/\/soccer.aidatasports.com\/images\/players\/70099.png\" alt=\"Oliver Batista Meier\" onerror=\"this.onerror=null;this.src='https:\/\/soccer.aidatasports.com\/images\/players\/default-player.png';\"><span>Oliver Batista Meier<\/span><\/a><\/div>\n<div class=\"player\"><a href=\"https:\/\/soccer.aidatasports.com\/fr\/players\/Imad-Rondi\u0107-80497\"><img decoding=\"async\" src=\"https:\/\/soccer.aidatasports.com\/images\/players\/80497.png\" alt=\"Imad Rondi\u0107\" onerror=\"this.onerror=null;this.src='https:\/\/soccer.aidatasports.com\/images\/players\/default-player.png';\"><span>Imad Rondi\u0107<\/span><\/a><\/div>\n<\/div>\n<div>\n<h4>Suplentes:<\/h4>\n<div class=\"player\"><a href=\"https:\/\/soccer.aidatasports.com\/fr\/players\/Marcel-Benger-90648\"><img decoding=\"async\" src=\"https:\/\/soccer.aidatasports.com\/images\/players\/90648.png\" alt=\"Marcel Benger\" onerror=\"this.onerror=null;this.src='https:\/\/soccer.aidatasports.com\/images\/players\/default-player.png';\"><span>Marcel Benger<\/span><\/a><\/div>\n<div class=\"player\"><a href=\"https:\/\/soccer.aidatasports.com\/fr\/players\/Shin-Yamada-371510\"><img decoding=\"async\" src=\"https:\/\/soccer.aidatasports.com\/images\/players\/371510.png\" alt=\"Shin Yamada\" onerror=\"this.onerror=null;this.src='https:\/\/soccer.aidatasports.com\/images\/players\/default-player.png';\"><span>Shin Yamada<\/span><\/a><\/div>\n<div class=\"player\"><a href=\"https:\/\/soccer.aidatasports.com\/fr\/players\/Oscar-Vilhelmsson-135513\"><img decoding=\"async\" src=\"https:\/\/soccer.aidatasports.com\/images\/players\/135513.png\" alt=\"Oscar Vilhelmsson\" onerror=\"this.onerror=null;this.src='https:\/\/soccer.aidatasports.com\/images\/players\/default-player.png';\"><span>Oscar Vilhelmsson<\/span><\/a><\/div>\n<div class=\"player\"><a href=\"https:\/\/soccer.aidatasports.com\/fr\/players\/Charalambos-Makridis-153375\"><img decoding=\"async\" src=\"https:\/\/soccer.aidatasports.com\/images\/players\/153375.png\" alt=\"Charalambos Makridis\" onerror=\"this.onerror=null;this.src='https:\/\/soccer.aidatasports.com\/images\/players\/default-player.png';\"><span>Charalambos Makridis<\/span><\/a><\/div>\n<div class=\"player\"><a href=\"https:\/\/soccer.aidatasports.com\/fr\/players\/Morten-Behrens-24862\"><img decoding=\"async\" src=\"https:\/\/soccer.aidatasports.com\/images\/players\/24862.png\" alt=\"Morten Behrens\" onerror=\"this.onerror=null;this.src='https:\/\/soccer.aidatasports.com\/images\/players\/default-player.png';\"><span>Morten Behrens<\/span><\/a><\/div>\n<div class=\"player\"><a href=\"https:\/\/soccer.aidatasports.com\/fr\/players\/Mikkel-Kirkeskov-40415\"><img decoding=\"async\" src=\"https:\/\/soccer.aidatasports.com\/images\/players\/40415.png\" alt=\"Mikkel Kirkeskov\" onerror=\"this.onerror=null;this.src='https:\/\/soccer.aidatasports.com\/images\/players\/default-player.png';\"><span>Mikkel Kirkeskov<\/span><\/a><\/div>\n<div class=\"player\"><a href=\"https:\/\/soccer.aidatasports.com\/fr\/players\/Niko-Koulis-177993\"><img decoding=\"async\" src=\"https:\/\/soccer.aidatasports.com\/images\/players\/177993.png\" alt=\"Niko Koulis\" onerror=\"this.onerror=null;this.src='https:\/\/soccer.aidatasports.com\/images\/players\/default-player.png';\"><span>Niko Koulis<\/span><\/a><\/div>\n<div class=\"player\"><a href=\"https:\/\/soccer.aidatasports.com\/fr\/players\/Torge-Paetow-25552\"><img decoding=\"async\" src=\"https:\/\/soccer.aidatasports.com\/images\/players\/25552.png\" alt=\"Torge Paetow\" onerror=\"this.onerror=null;this.src='https:\/\/soccer.aidatasports.com\/images\/players\/default-player.png';\"><span>Torge Paetow<\/span><\/a><\/div>\n<div class=\"player\"><a href=\"https:\/\/soccer.aidatasports.com\/fr\/players\/Etienne-Amenyido-26339\"><img decoding=\"async\" src=\"https:\/\/soccer.aidatasports.com\/images\/players\/26339.png\" alt=\"Etienne Amenyido\" onerror=\"this.onerror=null;this.src='https:\/\/soccer.aidatasports.com\/images\/players\/default-player.png';\"><span>Etienne Amenyido<\/span><\/a><\/div>\n<\/div>\n<\/div>\n<\/div>\n<\/div>\n<div id=\"wg-api-football-game\"\n                    data-host=\"xxxxx\"\n                    data-key=\"xxxx\"\n                    data-id=\"1388822\"\n                    data-theme=\"\"\n                    data-refresh=\"15\"\n                    data-show-errors=\"false\"\n                    data-show-logos=\"true\"><br \/>\n                    class=\u00a0\u00bbwg_loader\u00a0\u00bb>\n                <\/div>\n<div id=\"wg-api-football-standings\"\n                    data-host=\"xxxx\"\n                    data-key=\"ddddd\"\n                    data-league=\"79\"\n                    data-team=\"\"\n                    data-season=\"2025\"\n                    data-theme=\"\"\n                    data-show-errors=\"false\"\n                    data-show-logos=\"true\"\n                    class=\"wg_loader\">\n                <\/div>\n<p>                <script\n                    type=\"module\"\n                    src=\"https:\/\/soccer.aidatasports.com\/wp-content\/customjs\/widgetslocal.js\">\n                <\/script><\/p>\n","protected":false},"excerpt":{"rendered":"<p>Fran\u00e7ais Braunschweig et M\u00fcnster font match nul dans un match tendu et riche en rebondissements&hellip;<\/p>\n","protected":false},"author":1,"featured_media":136183,"comment_status":"open","ping_status":"open","sticky":false,"template":"","format":"standard","meta":{"content-type":"","pmpro_default_level":"","_lmt_disableupdate":"","_lmt_disable":"","_league":15837,"_fixture":1388822,"penci_pfeatured_image_ratio":"","penci_single_style":"","footnotes":""},"categories":[15837],"tags":[826,1297],"class_list":["post-136184","post","type-post","status-publish","format-standard","has-post-thumbnail","hentry","category-matches","tag-eintracht-braunschweig-germany-744","tag-preussen-munster-germany-1313","pmpro-has-access"],"_links":{"self":[{"href":"https:\/\/soccer.aidatasports.com\/fr\/wp-json\/wp\/v2\/posts\/136184"}],"collection":[{"href":"https:\/\/soccer.aidatasports.com\/fr\/wp-json\/wp\/v2\/posts"}],"about":[{"href":"https:\/\/soccer.aidatasports.com\/fr\/wp-json\/wp\/v2\/types\/post"}],"author":[{"embeddable":true,"href":"https:\/\/soccer.aidatasports.com\/fr\/wp-json\/wp\/v2\/users\/1"}],"replies":[{"embeddable":true,"href":"https:\/\/soccer.aidatasports.com\/fr\/wp-json\/wp\/v2\/comments?post=136184"}],"version-history":[{"count":0,"href":"https:\/\/soccer.aidatasports.com\/fr\/wp-json\/wp\/v2\/posts\/136184\/revisions"}],"wp:featuredmedia":[{"embeddable":true,"href":"https:\/\/soccer.aidatasports.com\/fr\/wp-json\/wp\/v2\/media\/136183"}],"wp:attachment":[{"href":"https:\/\/soccer.aidatasports.com\/fr\/wp-json\/wp\/v2\/media?parent=136184"}],"wp:term":[{"taxonomy":"category","embeddable":true,"href":"https:\/\/soccer.aidatasports.com\/fr\/wp-json\/wp\/v2\/categories?post=136184"},{"taxonomy":"post_tag","embeddable":true,"href":"https:\/\/soccer.aidatasports.com\/fr\/wp-json\/wp\/v2\/tags?post=136184"}],"curies":[{"name":"wp","href":"https:\/\/api.w.org\/{rel}","templated":true}]}}