{"id":135830,"date":"2026-02-28T14:11:15","date_gmt":"2026-02-28T14:11:15","guid":{"rendered":"https:\/\/soccer.aidatasports.com\/fr\/uncategorized\/1-fc-kaiserslautern-vs-sc-paderborn-07-feb-28-2026-1200-utc\/"},"modified":"2026-02-28T14:11:15","modified_gmt":"2026-02-28T14:11:15","slug":"1-fc-kaiserslautern-vs-sc-paderborn-07-feb-28-2026-1200-utc","status":"publish","type":"post","link":"https:\/\/soccer.aidatasports.com\/fr\/matches\/1-fc-kaiserslautern-vs-sc-paderborn-07-feb-28-2026-1200-utc\/","title":{"rendered":"1. FC Kaiserslautern vs SC Paderborn 07 Feb 28 2026 12:00 UTC"},"content":{"rendered":"<p><strong>Fran\u00e7ais:<\/strong><\/p>\n<p><strong>Suspense jusqu&rsquo;\u00e0 la derni\u00e8re minute au Fritz Walter Stadion : Kaiserslautern et Paderborn font match nul dans un match intense<\/strong><\/p>\n<p>Kaiserslautern, Allemagne \u2013 Le match entre le 1. FC Kaiserslautern et le SC Paderborn 07 au Fritz Walter Stadion s&rsquo;est termin\u00e9 par un match nul \u00e9lectrisant. La rencontre, comptant pour la 24e journ\u00e9e de la 2. Bundesliga, a \u00e9t\u00e9 riche en intensit\u00e9 et en moments cl\u00e9s.<\/p>\n<p>Le SC Paderborn 07 a pris l&rsquo;avantage juste avant la mi-temps gr\u00e2ce \u00e0 un but de C. Brackelmann \u00e0 la 45e minute. Kaiserslautern, malgr\u00e9 une possession de balle de 48%, a eu du mal \u00e0 concr\u00e9tiser ses attaques, avec seulement 2 tirs cadr\u00e9s sur un total de 9.<\/p>\n<p>La deuxi\u00e8me mi-temps a \u00e9t\u00e9 une bataille constante. L&rsquo;arbitre Florian Exner a distribu\u00e9 plusieurs cartons jaunes, dont un \u00e0 J. Krahl de Kaiserslautern en premi\u00e8re mi-temps et \u00e0 T. Scheller et F. Bilbija de Paderborn en seconde. Alors que tout semblait indiquer une victoire des visiteurs, \u00e0 la 90e minute, F. Bilbija a transform\u00e9 un penalty pour Paderborn. Cependant, la joie fut de courte dur\u00e9e, car dans la m\u00eame minute, K. Redondo a \u00e9galis\u00e9 pour Kaiserslautern, scellant un match nul qui a laiss\u00e9 le public sur le bord de son si\u00e8ge. Paderborn a l\u00e9g\u00e8rement domin\u00e9 la possession de balle avec 52% et a g\u00e9n\u00e9r\u00e9 plus d&rsquo;occasions de but, totalisant 16 tirs, dont 6 cadr\u00e9s. Le match s&rsquo;est termin\u00e9 par un match nul qui refl\u00e8te la lutte et l&rsquo;engagement des deux \u00e9quipes sur le terrain.<\/p>\n<p>Remplacements dans l&rsquo;quipe de 1. fc kaiserslautern: \u00c0 la 46e minute, O. Gibs est entr\u00e9 et M. Emreli est sorti., \u00c0 la 46e minute, A. Chernev est entr\u00e9 et L. Robinson est sorti., \u00c0 la 76e minute, Kim Ji-Soo est entr\u00e9 et K. Redondo est sorti., \u00c0 la 76e minute, S. Sahin est entr\u00e9 et M. Berisha est sorti. <\/p>\n<p>Remplacements dans l&rsquo;quipe de sc paderborn 07: \u00c0 la 65e minute, R. Muller est entr\u00e9 et F. Bilbija est sorti., \u00c0 la 65e minute, N. Batzner est entr\u00e9 et K. Okpala est sorti., \u00c0 la 76e minute, S. Marino est entr\u00e9 et S. Tigges est sorti., \u00c0 la 77e minute, S. Castaneda est entr\u00e9 et M. Hansen est sorti., \u00c0 la 90e minute, M. Baur est entr\u00e9 et J. Sticker est sorti. <\/p>\n<p>Les \u00e9quipes se sont align\u00e9es comme suit:<\/p>\n<div class=\"lineups-container\">\n<style>\n                .lineups-container {\n                    display: flex;\n                    justify-content: space-around;\n                    flex-wrap: wrap;\n                }\n                .team-lineup {\n                    width: 49%;\n                    margin-bottom: 20px;\n                    border: 1px solid #ccc;\n                    padding: 5px;\n                }\n                .team-lineup h3 {\n                    text-align: center;\n                    margin-bottom: 10px;\n                }\n                .players-container {\n                    display: flex;\n                    justify-content: space-between;\n                }\n                .players-container div {\n                    width: 100%;\n                }\n                .player {\n                    display: flex;\n                    align-items: center;\n                    margin-bottom: 5px;\n                }\n                .player img {\n                    width: 30px;\n                    height: 30px;\n                    border-radius: 50%;\n                    margin-right: 10px;\n                }\n                    @media (max-width: 600px) {\n                    .team-lineup {\n                        width: 100%;\n                    }\n                }\n                <\/style>\n<div class=\"team-lineup\">\n<h3>1. FC Kaiserslautern<\/h3>\n<p><img decoding=\"async\" src=\"https:\/\/media.api-sports.io\/football\/teams\/745.png\" alt=\"1. FC Kaiserslautern\" style=\"width: 50px; height: 50px;\"><\/p>\n<div class=\"players-container\">\n<div>\n<h4>Titulares:<\/h4>\n<div class=\"player\"><a href=\"https:\/\/soccer.aidatasports.com\/fr\/players\/Julian-Krahl-1140\"><img decoding=\"async\" src=\"https:\/\/soccer.aidatasports.com\/images\/players\/1140.png\" alt=\"Julian Krahl\" onerror=\"this.onerror=null;this.src='https:\/\/soccer.aidatasports.com\/images\/players\/default-player.png';\"><span>Julian Krahl<\/span><\/a><\/div>\n<div class=\"player\"><a href=\"https:\/\/soccer.aidatasports.com\/fr\/players\/Luca-Sirch-177509\"><img decoding=\"async\" src=\"https:\/\/soccer.aidatasports.com\/images\/players\/177509.png\" alt=\"Luca Sirch\" onerror=\"this.onerror=null;this.src='https:\/\/soccer.aidatasports.com\/images\/players\/default-player.png';\"><span>Luca Sirch<\/span><\/a><\/div>\n<div class=\"player\"><a href=\"https:\/\/soccer.aidatasports.com\/fr\/players\/Kim-Ji-Soo-356237\"><img decoding=\"async\" src=\"https:\/\/soccer.aidatasports.com\/images\/players\/356237.png\" alt=\"Kim Ji-Soo\" onerror=\"this.onerror=null;this.src='https:\/\/soccer.aidatasports.com\/images\/players\/default-player.png';\"><span>Kim Ji-Soo<\/span><\/a><\/div>\n<div class=\"player\"><a href=\"https:\/\/soccer.aidatasports.com\/fr\/players\/Atanas-Chernev-129959\"><img decoding=\"async\" src=\"https:\/\/soccer.aidatasports.com\/images\/players\/129959.png\" alt=\"Atanas Chernev\" onerror=\"this.onerror=null;this.src='https:\/\/soccer.aidatasports.com\/images\/players\/default-player.png';\"><span>Atanas Chernev<\/span><\/a><\/div>\n<div class=\"player\"><a href=\"https:\/\/soccer.aidatasports.com\/fr\/players\/Paul-Joly-191392\"><img decoding=\"async\" src=\"https:\/\/soccer.aidatasports.com\/images\/players\/191392.png\" alt=\"Paul Joly\" onerror=\"this.onerror=null;this.src='https:\/\/soccer.aidatasports.com\/images\/players\/default-player.png';\"><span>Paul Joly<\/span><\/a><\/div>\n<div class=\"player\"><a href=\"https:\/\/soccer.aidatasports.com\/fr\/players\/Fabian-Kunze-25499\"><img decoding=\"async\" src=\"https:\/\/soccer.aidatasports.com\/images\/players\/25499.png\" alt=\"Fabian Kunze\" onerror=\"this.onerror=null;this.src='https:\/\/soccer.aidatasports.com\/images\/players\/default-player.png';\"><span>Fabian Kunze<\/span><\/a><\/div>\n<div class=\"player\"><a href=\"https:\/\/soccer.aidatasports.com\/fr\/players\/Semih-\u015eahin-178089\"><img decoding=\"async\" src=\"https:\/\/soccer.aidatasports.com\/images\/players\/178089.png\" alt=\"Semih \u015eahin\" onerror=\"this.onerror=null;this.src='https:\/\/soccer.aidatasports.com\/images\/players\/default-player.png';\"><span>Semih \u015eahin<\/span><\/a><\/div>\n<div class=\"player\"><a href=\"https:\/\/soccer.aidatasports.com\/fr\/players\/Florian-Kleinhansl-260773\"><img decoding=\"async\" src=\"https:\/\/soccer.aidatasports.com\/images\/players\/260773.png\" alt=\"Florian Kleinhansl\" onerror=\"this.onerror=null;this.src='https:\/\/soccer.aidatasports.com\/images\/players\/default-player.png';\"><span>Florian Kleinhansl<\/span><\/a><\/div>\n<div class=\"player\"><a href=\"https:\/\/soccer.aidatasports.com\/fr\/players\/Naatan-Skytt\u00e4-55319\"><img decoding=\"async\" src=\"https:\/\/soccer.aidatasports.com\/images\/players\/55319.png\" alt=\"Naatan Skytt\u00e4\" onerror=\"this.onerror=null;this.src='https:\/\/soccer.aidatasports.com\/images\/players\/default-player.png';\"><span>Naatan Skytt\u00e4<\/span><\/a><\/div>\n<div class=\"player\"><a href=\"https:\/\/soccer.aidatasports.com\/fr\/players\/Owen-Gibs-202855\"><img decoding=\"async\" src=\"https:\/\/soccer.aidatasports.com\/images\/players\/202855.png\" alt=\"Owen Gibs\" onerror=\"this.onerror=null;this.src='https:\/\/soccer.aidatasports.com\/images\/players\/default-player.png';\"><span>Owen Gibs<\/span><\/a><\/div>\n<div class=\"player\"><a href=\"https:\/\/soccer.aidatasports.com\/fr\/players\/Norman-Bassette-330316\"><img decoding=\"async\" src=\"https:\/\/soccer.aidatasports.com\/images\/players\/330316.png\" alt=\"Norman Bassette\" onerror=\"this.onerror=null;this.src='https:\/\/soccer.aidatasports.com\/images\/players\/default-player.png';\"><span>Norman Bassette<\/span><\/a><\/div>\n<\/div>\n<div>\n<h4>Suplentes:<\/h4>\n<div class=\"player\"><a href=\"https:\/\/soccer.aidatasports.com\/fr\/players\/Leon-Robinson-478308\"><img decoding=\"async\" src=\"https:\/\/soccer.aidatasports.com\/images\/players\/478308.png\" alt=\"Leon Robinson\" onerror=\"this.onerror=null;this.src='https:\/\/soccer.aidatasports.com\/images\/players\/default-player.png';\"><span>Leon Robinson<\/span><\/a><\/div>\n<div class=\"player\"><a href=\"https:\/\/soccer.aidatasports.com\/fr\/players\/Mahir-Emreli-1556\"><img decoding=\"async\" src=\"https:\/\/soccer.aidatasports.com\/images\/players\/1556.png\" alt=\"Mahir Emreli\" onerror=\"this.onerror=null;this.src='https:\/\/soccer.aidatasports.com\/images\/players\/default-player.png';\"><span>Mahir Emreli<\/span><\/a><\/div>\n<div class=\"player\"><a href=\"https:\/\/soccer.aidatasports.com\/fr\/players\/Simon-Simoni-4145\"><img decoding=\"async\" src=\"https:\/\/soccer.aidatasports.com\/images\/players\/4145.png\" alt=\"Simon Simoni\" onerror=\"this.onerror=null;this.src='https:\/\/soccer.aidatasports.com\/images\/players\/default-player.png';\"><span>Simon Simoni<\/span><\/a><\/div>\n<div class=\"player\"><a href=\"https:\/\/soccer.aidatasports.com\/fr\/players\/Erik-Wekesser-90987\"><img decoding=\"async\" src=\"https:\/\/soccer.aidatasports.com\/images\/players\/90987.png\" alt=\"Erik Wekesser\" onerror=\"this.onerror=null;this.src='https:\/\/soccer.aidatasports.com\/images\/players\/default-player.png';\"><span>Erik Wekesser<\/span><\/a><\/div>\n<div class=\"player\"><a href=\"https:\/\/soccer.aidatasports.com\/fr\/players\/Dion-Hofmeister-613184\"><img decoding=\"async\" src=\"https:\/\/soccer.aidatasports.com\/images\/players\/613184.png\" alt=\"Dion Hofmeister\" onerror=\"this.onerror=null;this.src='https:\/\/soccer.aidatasports.com\/images\/players\/default-player.png';\"><span>Dion Hofmeister<\/span><\/a><\/div>\n<div class=\"player\"><a href=\"https:\/\/soccer.aidatasports.com\/fr\/players\/Kenny-Prince-Redondo-25159\"><img decoding=\"async\" src=\"https:\/\/soccer.aidatasports.com\/images\/players\/25159.png\" alt=\"Kenny Prince Redondo\" onerror=\"this.onerror=null;this.src='https:\/\/soccer.aidatasports.com\/images\/players\/default-player.png';\"><span>Kenny Prince Redondo<\/span><\/a><\/div>\n<div class=\"player\"><a href=\"https:\/\/soccer.aidatasports.com\/fr\/players\/Simon-Asta-25285\"><img decoding=\"async\" src=\"https:\/\/soccer.aidatasports.com\/images\/players\/25285.png\" alt=\"Simon Asta\" onerror=\"this.onerror=null;this.src='https:\/\/soccer.aidatasports.com\/images\/players\/default-player.png';\"><span>Simon Asta<\/span><\/a><\/div>\n<div class=\"player\"><a href=\"https:\/\/soccer.aidatasports.com\/fr\/players\/Mergim-Berisha-7691\"><img decoding=\"async\" src=\"https:\/\/soccer.aidatasports.com\/images\/players\/7691.png\" alt=\"Mergim Berisha\" onerror=\"this.onerror=null;this.src='https:\/\/soccer.aidatasports.com\/images\/players\/default-player.png';\"><span>Mergim Berisha<\/span><\/a><\/div>\n<div class=\"player\"><a href=\"https:\/\/soccer.aidatasports.com\/fr\/players\/Daniel-Hanslik-108482\"><img decoding=\"async\" src=\"https:\/\/soccer.aidatasports.com\/images\/players\/108482.png\" alt=\"Daniel Hanslik\" onerror=\"this.onerror=null;this.src='https:\/\/soccer.aidatasports.com\/images\/players\/default-player.png';\"><span>Daniel Hanslik<\/span><\/a><\/div>\n<\/div>\n<\/div>\n<\/div>\n<div class=\"team-lineup\">\n<h3>SC Paderborn 07<\/h3>\n<p><img decoding=\"async\" src=\"https:\/\/media.api-sports.io\/football\/teams\/185.png\" alt=\"SC Paderborn 07\" style=\"width: 50px; height: 50px;\"><\/p>\n<div class=\"players-container\">\n<div>\n<h4>Titulares:<\/h4>\n<div class=\"player\"><a href=\"https:\/\/soccer.aidatasports.com\/fr\/players\/Dennis-Seimen-327993\"><img decoding=\"async\" src=\"https:\/\/soccer.aidatasports.com\/images\/players\/327993.png\" alt=\"Dennis Seimen\" onerror=\"this.onerror=null;this.src='https:\/\/soccer.aidatasports.com\/images\/players\/default-player.png';\"><span>Dennis Seimen<\/span><\/a><\/div>\n<div class=\"player\"><a href=\"https:\/\/soccer.aidatasports.com\/fr\/players\/Tjark-Lasse-Scheller-203015\"><img decoding=\"async\" src=\"https:\/\/soccer.aidatasports.com\/images\/players\/203015.png\" alt=\"Tjark Lasse Scheller\" onerror=\"this.onerror=null;this.src='https:\/\/soccer.aidatasports.com\/images\/players\/default-player.png';\"><span>Tjark Lasse Scheller<\/span><\/a><\/div>\n<div class=\"player\"><a href=\"https:\/\/soccer.aidatasports.com\/fr\/players\/Felix-G\u00f6tze-25289\"><img decoding=\"async\" src=\"https:\/\/soccer.aidatasports.com\/images\/players\/25289.png\" alt=\"Felix G\u00f6tze\" onerror=\"this.onerror=null;this.src='https:\/\/soccer.aidatasports.com\/images\/players\/default-player.png';\"><span>Felix G\u00f6tze<\/span><\/a><\/div>\n<div class=\"player\"><a href=\"https:\/\/soccer.aidatasports.com\/fr\/players\/Calvin-Brackelmann-178403\"><img decoding=\"async\" src=\"https:\/\/soccer.aidatasports.com\/images\/players\/178403.png\" alt=\"Calvin Brackelmann\" onerror=\"this.onerror=null;this.src='https:\/\/soccer.aidatasports.com\/images\/players\/default-player.png';\"><span>Calvin Brackelmann<\/span><\/a><\/div>\n<div class=\"player\"><a href=\"https:\/\/soccer.aidatasports.com\/fr\/players\/Laurin-Curda-163078\"><img decoding=\"async\" src=\"https:\/\/soccer.aidatasports.com\/images\/players\/163078.png\" alt=\"Laurin Curda\" onerror=\"this.onerror=null;this.src='https:\/\/soccer.aidatasports.com\/images\/players\/default-player.png';\"><span>Laurin Curda<\/span><\/a><\/div>\n<div class=\"player\"><a href=\"https:\/\/soccer.aidatasports.com\/fr\/players\/Mika-Baur-328035\"><img decoding=\"async\" src=\"https:\/\/soccer.aidatasports.com\/images\/players\/328035.png\" alt=\"Mika Baur\" onerror=\"this.onerror=null;this.src='https:\/\/soccer.aidatasports.com\/images\/players\/default-player.png';\"><span>Mika Baur<\/span><\/a><\/div>\n<div class=\"player\"><a href=\"https:\/\/soccer.aidatasports.com\/fr\/players\/Santiago-Castaneda-363156\"><img decoding=\"async\" src=\"https:\/\/soccer.aidatasports.com\/images\/players\/363156.png\" alt=\"Santiago Castaneda\" onerror=\"this.onerror=null;this.src='https:\/\/soccer.aidatasports.com\/images\/players\/default-player.png';\"><span>Santiago Castaneda<\/span><\/a><\/div>\n<div class=\"player\"><a href=\"https:\/\/soccer.aidatasports.com\/fr\/players\/Raphael-Obermair-7592\"><img decoding=\"async\" src=\"https:\/\/soccer.aidatasports.com\/images\/players\/7592.png\" alt=\"Raphael Obermair\" onerror=\"this.onerror=null;this.src='https:\/\/soccer.aidatasports.com\/images\/players\/default-player.png';\"><span>Raphael Obermair<\/span><\/a><\/div>\n<div class=\"player\"><a href=\"https:\/\/soccer.aidatasports.com\/fr\/players\/Ruben-M\u00fcller-380512\"><img decoding=\"async\" src=\"https:\/\/soccer.aidatasports.com\/images\/players\/380512.png\" alt=\"Ruben M\u00fcller\" onerror=\"this.onerror=null;this.src='https:\/\/soccer.aidatasports.com\/images\/players\/default-player.png';\"><span>Ruben M\u00fcller<\/span><\/a><\/div>\n<div class=\"player\"><a href=\"https:\/\/soccer.aidatasports.com\/fr\/players\/Nick-B\u00e4tzner-260780\"><img decoding=\"async\" src=\"https:\/\/soccer.aidatasports.com\/images\/players\/260780.png\" alt=\"Nick B\u00e4tzner\" onerror=\"this.onerror=null;this.src='https:\/\/soccer.aidatasports.com\/images\/players\/default-player.png';\"><span>Nick B\u00e4tzner<\/span><\/a><\/div>\n<div class=\"player\"><a href=\"https:\/\/soccer.aidatasports.com\/fr\/players\/Stefano-Marino-328235\"><img decoding=\"async\" src=\"https:\/\/soccer.aidatasports.com\/images\/players\/328235.png\" alt=\"Stefano Marino\" onerror=\"this.onerror=null;this.src='https:\/\/soccer.aidatasports.com\/images\/players\/default-player.png';\"><span>Stefano Marino<\/span><\/a><\/div>\n<\/div>\n<div>\n<h4>Suplentes:<\/h4>\n<div class=\"player\"><a href=\"https:\/\/soccer.aidatasports.com\/fr\/players\/Kennedy-Okpala-413122\"><img decoding=\"async\" src=\"https:\/\/soccer.aidatasports.com\/images\/players\/413122.png\" alt=\"Kennedy Okpala\" onerror=\"this.onerror=null;this.src='https:\/\/soccer.aidatasports.com\/images\/players\/default-player.png';\"><span>Kennedy Okpala<\/span><\/a><\/div>\n<div class=\"player\"><a href=\"https:\/\/soccer.aidatasports.com\/fr\/players\/Filip-Bilbija-125726\"><img decoding=\"async\" src=\"https:\/\/soccer.aidatasports.com\/images\/players\/125726.png\" alt=\"Filip Bilbija\" onerror=\"this.onerror=null;this.src='https:\/\/soccer.aidatasports.com\/images\/players\/default-player.png';\"><span>Filip Bilbija<\/span><\/a><\/div>\n<div class=\"player\"><a href=\"https:\/\/soccer.aidatasports.com\/fr\/players\/Markus-Schubert-25114\"><img decoding=\"async\" src=\"https:\/\/soccer.aidatasports.com\/images\/players\/25114.png\" alt=\"Markus Schubert\" onerror=\"this.onerror=null;this.src='https:\/\/soccer.aidatasports.com\/images\/players\/default-player.png';\"><span>Markus Schubert<\/span><\/a><\/div>\n<div class=\"player\"><a href=\"https:\/\/soccer.aidatasports.com\/fr\/players\/Jonah-Sticker-334146\"><img decoding=\"async\" src=\"https:\/\/soccer.aidatasports.com\/images\/players\/334146.png\" alt=\"Jonah Sticker\" onerror=\"this.onerror=null;this.src='https:\/\/soccer.aidatasports.com\/images\/players\/default-player.png';\"><span>Jonah Sticker<\/span><\/a><\/div>\n<div class=\"player\"><a href=\"https:\/\/soccer.aidatasports.com\/fr\/players\/David-Kinsombi-24964\"><img decoding=\"async\" src=\"https:\/\/soccer.aidatasports.com\/images\/players\/24964.png\" alt=\"David Kinsombi\" onerror=\"this.onerror=null;this.src='https:\/\/soccer.aidatasports.com\/images\/players\/default-player.png';\"><span>David Kinsombi<\/span><\/a><\/div>\n<div class=\"player\"><a href=\"https:\/\/soccer.aidatasports.com\/fr\/players\/Mattes-Hansen-334331\"><img decoding=\"async\" src=\"https:\/\/soccer.aidatasports.com\/images\/players\/334331.png\" alt=\"Mattes Hansen\" onerror=\"this.onerror=null;this.src='https:\/\/soccer.aidatasports.com\/images\/players\/default-player.png';\"><span>Mattes Hansen<\/span><\/a><\/div>\n<div class=\"player\"><a href=\"https:\/\/soccer.aidatasports.com\/fr\/players\/Steffen-Tigges-26343\"><img decoding=\"async\" src=\"https:\/\/soccer.aidatasports.com\/images\/players\/26343.png\" alt=\"Steffen Tigges\" onerror=\"this.onerror=null;this.src='https:\/\/soccer.aidatasports.com\/images\/players\/default-player.png';\"><span>Steffen Tigges<\/span><\/a><\/div>\n<div class=\"player\"><a href=\"https:\/\/soccer.aidatasports.com\/fr\/players\/Sven-Michel-24826\"><img decoding=\"async\" src=\"https:\/\/soccer.aidatasports.com\/images\/players\/24826.png\" alt=\"Sven Michel\" onerror=\"this.onerror=null;this.src='https:\/\/soccer.aidatasports.com\/images\/players\/default-player.png';\"><span>Sven Michel<\/span><\/a><\/div>\n<\/div>\n<\/div>\n<\/div>\n<\/div>\n<div id=\"wg-api-football-game\"\n                    data-host=\"xxxxx\"\n                    data-key=\"xxxx\"\n                    data-id=\"1388827\"\n                    data-theme=\"\"\n                    data-refresh=\"15\"\n                    data-show-errors=\"false\"\n                    data-show-logos=\"true\"><br \/>\n                    class=\u00a0\u00bbwg_loader\u00a0\u00bb>\n                <\/div>\n<div id=\"wg-api-football-standings\"\n                    data-host=\"xxxx\"\n                    data-key=\"ddddd\"\n                    data-league=\"79\"\n                    data-team=\"\"\n                    data-season=\"2025\"\n                    data-theme=\"\"\n                    data-show-errors=\"false\"\n                    data-show-logos=\"true\"\n                    class=\"wg_loader\">\n                <\/div>\n<p>                <script\n                    type=\"module\"\n                    src=\"https:\/\/soccer.aidatasports.com\/wp-content\/customjs\/widgetslocal.js\">\n                <\/script><\/p>\n","protected":false},"excerpt":{"rendered":"<p>Fran\u00e7ais: Suspense jusqu&rsquo;\u00e0 la derni\u00e8re minute au Fritz Walter Stadion : Kaiserslautern et Paderborn font&hellip;<\/p>\n","protected":false},"author":1,"featured_media":135829,"comment_status":"open","ping_status":"open","sticky":false,"template":"","format":"standard","meta":{"content-type":"","pmpro_default_level":"","_lmt_disableupdate":"","_lmt_disable":"","_league":15837,"_fixture":1388827,"penci_pfeatured_image_ratio":"","penci_single_style":"","footnotes":""},"categories":[15837],"tags":[827,308],"class_list":["post-135830","post","type-post","status-publish","format-standard","has-post-thumbnail","hentry","category-matches","tag-fc-kaiserslautern-germany-745","tag-sc-paderborn-07-germany-185","pmpro-has-access"],"_links":{"self":[{"href":"https:\/\/soccer.aidatasports.com\/fr\/wp-json\/wp\/v2\/posts\/135830"}],"collection":[{"href":"https:\/\/soccer.aidatasports.com\/fr\/wp-json\/wp\/v2\/posts"}],"about":[{"href":"https:\/\/soccer.aidatasports.com\/fr\/wp-json\/wp\/v2\/types\/post"}],"author":[{"embeddable":true,"href":"https:\/\/soccer.aidatasports.com\/fr\/wp-json\/wp\/v2\/users\/1"}],"replies":[{"embeddable":true,"href":"https:\/\/soccer.aidatasports.com\/fr\/wp-json\/wp\/v2\/comments?post=135830"}],"version-history":[{"count":0,"href":"https:\/\/soccer.aidatasports.com\/fr\/wp-json\/wp\/v2\/posts\/135830\/revisions"}],"wp:featuredmedia":[{"embeddable":true,"href":"https:\/\/soccer.aidatasports.com\/fr\/wp-json\/wp\/v2\/media\/135829"}],"wp:attachment":[{"href":"https:\/\/soccer.aidatasports.com\/fr\/wp-json\/wp\/v2\/media?parent=135830"}],"wp:term":[{"taxonomy":"category","embeddable":true,"href":"https:\/\/soccer.aidatasports.com\/fr\/wp-json\/wp\/v2\/categories?post=135830"},{"taxonomy":"post_tag","embeddable":true,"href":"https:\/\/soccer.aidatasports.com\/fr\/wp-json\/wp\/v2\/tags?post=135830"}],"curies":[{"name":"wp","href":"https:\/\/api.w.org\/{rel}","templated":true}]}}