{"id":133071,"date":"2026-02-15T13:01:32","date_gmt":"2026-02-15T13:01:32","guid":{"rendered":"https:\/\/soccer.aidatasports.com\/fr\/uncategorized\/pacos-ferreira-vs-torreense-feb-15-2026-1100-utc\/"},"modified":"2026-02-15T13:01:32","modified_gmt":"2026-02-15T13:01:32","slug":"pacos-ferreira-vs-torreense-feb-15-2026-1100-utc","status":"publish","type":"post","link":"https:\/\/soccer.aidatasports.com\/fr\/matches\/pacos-ferreira-vs-torreense-feb-15-2026-1100-utc\/","title":{"rendered":"Pacos Ferreira vs Torreense Feb 15 2026 11:00 UTC"},"content":{"rendered":"<p><strong>Fran\u00e7ais<\/strong><\/p>\n<p><strong>Match Nul et Vierge entre Pa\u00e7os de Ferreira et Torreense<\/strong><\/p>\n<p>Pa\u00e7os de Ferreira et Torreense se sont affront\u00e9s au Est\u00e1dio da Capital do M\u00f3vel pour un match comptant pour la 22e journ\u00e9e de la Segunda Liga portugaise. La rencontre, arbitr\u00e9e par Vitor Lopes, s&rsquo;est sold\u00e9e par un match nul et vierge, refl\u00e9tant le manque de pr\u00e9cision des deux \u00e9quipes devant le but.<\/p>\n<p>Bien que le match ait manqu\u00e9 de buts, il n&rsquo;a pas manqu\u00e9 d&rsquo;intensit\u00e9. L&rsquo;arbitre a distribu\u00e9 deux cartons jaunes \u00e0 l&rsquo;\u00e9quipe locale, d&rsquo;abord \u00e0 Diegao \u00e0 la 70e minute, puis \u00e0 Francisco Ramos \u00e0 la 78e minute. Malgr\u00e9 leurs efforts, aucune des deux \u00e9quipes n&rsquo;a r\u00e9ussi \u00e0 briser l&rsquo;\u00e9galit\u00e9, laissant les supporters sur leur faim. Le match a \u00e9t\u00e9 caract\u00e9ris\u00e9 par une possession \u00e9quilibr\u00e9e et un manque d&rsquo;occasions de but franches.<\/p>\n<p>Remplacements dans l&rsquo;quipe de pacos ferreira: \u00c0 la 53e minute, R. Duarte est entr\u00e9 et I. A. da Silva Moreira est sorti., \u00c0 la 65e minute, J. Pinto est entr\u00e9 et Diegao est sorti., \u00c0 la 85e minute, A. Sousa est entr\u00e9 et Mota est sorti., \u00c0 la 85e minute, J. Victor est entr\u00e9 et L. Dias est sorti., \u00c0 la 85e minute, Francisco Ramos est entr\u00e9 et Nito est sorti. <\/p>\n<p>Remplacements dans l&rsquo;quipe de torreense: \u00c0 la 62e minute, Costinha est entr\u00e9 et A. Simoes est sorti., \u00c0 la 72e minute, M. Pozo est entr\u00e9 et L. Quintero est sorti., \u00c0 la 73e minute, M. Drammeh est entr\u00e9 et K. Zohi est sorti., \u00c0 la 88e minute, D. Jean est entr\u00e9 et I. Seydi est sorti. <\/p>\n<p>Les \u00e9quipes se sont align\u00e9es comme suit:<\/p>\n<div class=\"lineups-container\">\n<style>\n                .lineups-container {\n                    display: flex;\n                    justify-content: space-around;\n                    flex-wrap: wrap;\n                }\n                .team-lineup {\n                    width: 49%;\n                    margin-bottom: 20px;\n                    border: 1px solid #ccc;\n                    padding: 5px;\n                }\n                .team-lineup h3 {\n                    text-align: center;\n                    margin-bottom: 10px;\n                }\n                .players-container {\n                    display: flex;\n                    justify-content: space-between;\n                }\n                .players-container div {\n                    width: 100%;\n                }\n                .player {\n                    display: flex;\n                    align-items: center;\n                    margin-bottom: 5px;\n                }\n                .player img {\n                    width: 30px;\n                    height: 30px;\n                    border-radius: 50%;\n                    margin-right: 10px;\n                }\n                    @media (max-width: 600px) {\n                    .team-lineup {\n                        width: 100%;\n                    }\n                }\n                <\/style>\n<div class=\"team-lineup\">\n<h3>Pacos Ferreira<\/h3>\n<p><img decoding=\"async\" src=\"https:\/\/media.api-sports.io\/football\/teams\/234.png\" alt=\"Pacos Ferreira\" style=\"width: 50px; height: 50px;\"><\/p>\n<div class=\"players-container\">\n<div>\n<h4>Titulares:<\/h4>\n<div class=\"player\"><a href=\"https:\/\/soccer.aidatasports.com\/fr\/players\/Pedro-Rafael-Oliveira-330416\"><img decoding=\"async\" src=\"https:\/\/soccer.aidatasports.com\/images\/players\/330416.png\" alt=\"Pedro Rafael Oliveira\" onerror=\"this.onerror=null;this.src='https:\/\/soccer.aidatasports.com\/images\/players\/default-player.png';\"><span>Pedro Rafael Oliveira<\/span><\/a><\/div>\n<div class=\"player\"><a href=\"https:\/\/soccer.aidatasports.com\/fr\/players\/Anilson-278342\"><img decoding=\"async\" src=\"https:\/\/soccer.aidatasports.com\/images\/players\/278342.png\" alt=\"Anilson\" onerror=\"this.onerror=null;this.src='https:\/\/soccer.aidatasports.com\/images\/players\/default-player.png';\"><span>Anilson<\/span><\/a><\/div>\n<div class=\"player\"><a href=\"https:\/\/soccer.aidatasports.com\/fr\/players\/Rafael-Vieira-41701\"><img decoding=\"async\" src=\"https:\/\/soccer.aidatasports.com\/images\/players\/41701.png\" alt=\"Rafael Vieira\" onerror=\"this.onerror=null;this.src='https:\/\/soccer.aidatasports.com\/images\/players\/default-player.png';\"><span>Rafael Vieira<\/span><\/a><\/div>\n<div class=\"player\"><a href=\"https:\/\/soccer.aidatasports.com\/fr\/players\/Tiago-Ferreira-43044\"><img decoding=\"async\" src=\"https:\/\/soccer.aidatasports.com\/images\/players\/43044.png\" alt=\"Tiago Ferreira\" onerror=\"this.onerror=null;this.src='https:\/\/soccer.aidatasports.com\/images\/players\/default-player.png';\"><span>Tiago Ferreira<\/span><\/a><\/div>\n<div class=\"player\"><a href=\"https:\/\/soccer.aidatasports.com\/fr\/players\/Andre-Sousa-41383\"><img decoding=\"async\" src=\"https:\/\/soccer.aidatasports.com\/images\/players\/41383.png\" alt=\"Andre Sousa\" onerror=\"this.onerror=null;this.src='https:\/\/soccer.aidatasports.com\/images\/players\/default-player.png';\"><span>Andre Sousa<\/span><\/a><\/div>\n<div class=\"player\"><a href=\"https:\/\/soccer.aidatasports.com\/fr\/players\/Francisco-Ramos-41214\"><img decoding=\"async\" src=\"https:\/\/soccer.aidatasports.com\/images\/players\/41214.png\" alt=\"Francisco Ramos\" onerror=\"this.onerror=null;this.src='https:\/\/soccer.aidatasports.com\/images\/players\/default-player.png';\"><span>Francisco Ramos<\/span><\/a><\/div>\n<div class=\"player\"><a href=\"https:\/\/soccer.aidatasports.com\/fr\/players\/Nuno-Cunha-330408\"><img decoding=\"async\" src=\"https:\/\/soccer.aidatasports.com\/images\/players\/330408.png\" alt=\"Nuno Cunha\" onerror=\"this.onerror=null;this.src='https:\/\/soccer.aidatasports.com\/images\/players\/default-player.png';\"><span>Nuno Cunha<\/span><\/a><\/div>\n<div class=\"player\"><a href=\"https:\/\/soccer.aidatasports.com\/fr\/players\/Rodrigo-Duarte-400512\"><img decoding=\"async\" src=\"https:\/\/soccer.aidatasports.com\/images\/players\/400512.png\" alt=\"Rodrigo Duarte\" onerror=\"this.onerror=null;this.src='https:\/\/soccer.aidatasports.com\/images\/players\/default-player.png';\"><span>Rodrigo Duarte<\/span><\/a><\/div>\n<div class=\"player\"><a href=\"https:\/\/soccer.aidatasports.com\/fr\/players\/Ronaldo-Lumungo-281433\"><img decoding=\"async\" src=\"https:\/\/soccer.aidatasports.com\/images\/players\/281433.png\" alt=\"Ronaldo Lumungo\" onerror=\"this.onerror=null;this.src='https:\/\/soccer.aidatasports.com\/images\/players\/default-player.png';\"><span>Ronaldo Lumungo<\/span><\/a><\/div>\n<div class=\"player\"><a href=\"https:\/\/soccer.aidatasports.com\/fr\/players\/Joao-Victor-54270\"><img decoding=\"async\" src=\"https:\/\/soccer.aidatasports.com\/images\/players\/54270.png\" alt=\"Joao Victor\" onerror=\"this.onerror=null;this.src='https:\/\/soccer.aidatasports.com\/images\/players\/default-player.png';\"><span>Joao Victor<\/span><\/a><\/div>\n<div class=\"player\"><a href=\"https:\/\/soccer.aidatasports.com\/fr\/players\/Jo\u00e3o-Pinto-162333\"><img decoding=\"async\" src=\"https:\/\/soccer.aidatasports.com\/images\/players\/162333.png\" alt=\"Jo\u00e3o Pinto\" onerror=\"this.onerror=null;this.src='https:\/\/soccer.aidatasports.com\/images\/players\/default-player.png';\"><span>Jo\u00e3o Pinto<\/span><\/a><\/div>\n<\/div>\n<div>\n<h4>Suplentes:<\/h4>\n<div class=\"player\"><a href=\"https:\/\/soccer.aidatasports.com\/fr\/players\/Iuri-Moreira-365545\"><img decoding=\"async\" src=\"https:\/\/soccer.aidatasports.com\/images\/players\/365545.png\" alt=\"Iuri Moreira\" onerror=\"this.onerror=null;this.src='https:\/\/soccer.aidatasports.com\/images\/players\/default-player.png';\"><span>Iuri Moreira<\/span><\/a><\/div>\n<div class=\"player\"><a href=\"https:\/\/soccer.aidatasports.com\/fr\/players\/Dieg\u00e3o-266019\"><img decoding=\"async\" src=\"https:\/\/soccer.aidatasports.com\/images\/players\/266019.png\" alt=\"Dieg\u00e3o\" onerror=\"this.onerror=null;this.src='https:\/\/soccer.aidatasports.com\/images\/players\/default-player.png';\"><span>Dieg\u00e3o<\/span><\/a><\/div>\n<div class=\"player\"><a href=\"https:\/\/soccer.aidatasports.com\/fr\/players\/Marafona-41088\"><img decoding=\"async\" src=\"https:\/\/soccer.aidatasports.com\/images\/players\/41088.png\" alt=\"Marafona\" onerror=\"this.onerror=null;this.src='https:\/\/soccer.aidatasports.com\/images\/players\/default-player.png';\"><span>Marafona<\/span><\/a><\/div>\n<div class=\"player\"><a href=\"https:\/\/soccer.aidatasports.com\/fr\/players\/Gon\u00e7alo-Cardoso-41301\"><img decoding=\"async\" src=\"https:\/\/soccer.aidatasports.com\/images\/players\/41301.png\" alt=\"Gon\u00e7alo Cardoso\" onerror=\"this.onerror=null;this.src='https:\/\/soccer.aidatasports.com\/images\/players\/default-player.png';\"><span>Gon\u00e7alo Cardoso<\/span><\/a><\/div>\n<div class=\"player\"><a href=\"https:\/\/soccer.aidatasports.com\/fr\/players\/Kauan-195978\"><img decoding=\"async\" src=\"https:\/\/soccer.aidatasports.com\/images\/players\/195978.png\" alt=\"Kauan\" onerror=\"this.onerror=null;this.src='https:\/\/soccer.aidatasports.com\/images\/players\/default-player.png';\"><span>Kauan<\/span><\/a><\/div>\n<div class=\"player\"><a href=\"https:\/\/soccer.aidatasports.com\/fr\/players\/Leandro-Dias-161692\"><img decoding=\"async\" src=\"https:\/\/soccer.aidatasports.com\/images\/players\/161692.png\" alt=\"Leandro Dias\" onerror=\"this.onerror=null;this.src='https:\/\/soccer.aidatasports.com\/images\/players\/default-player.png';\"><span>Leandro Dias<\/span><\/a><\/div>\n<div class=\"player\"><a href=\"https:\/\/soccer.aidatasports.com\/fr\/players\/Miguel-Mota-337604\"><img decoding=\"async\" src=\"https:\/\/soccer.aidatasports.com\/images\/players\/337604.png\" alt=\"Miguel Mota\" onerror=\"this.onerror=null;this.src='https:\/\/soccer.aidatasports.com\/images\/players\/default-player.png';\"><span>Miguel Mota<\/span><\/a><\/div>\n<div class=\"player\"><a href=\"https:\/\/soccer.aidatasports.com\/fr\/players\/Fernando-Gomes-346259\"><img decoding=\"async\" src=\"https:\/\/soccer.aidatasports.com\/images\/players\/346259.png\" alt=\"Fernando Gomes\" onerror=\"this.onerror=null;this.src='https:\/\/soccer.aidatasports.com\/images\/players\/default-player.png';\"><span>Fernando Gomes<\/span><\/a><\/div>\n<div class=\"player\"><a href=\"https:\/\/soccer.aidatasports.com\/fr\/players\/Diego-Fernandes-404296\"><img decoding=\"async\" src=\"https:\/\/soccer.aidatasports.com\/images\/players\/404296.png\" alt=\"Diego Fernandes\" onerror=\"this.onerror=null;this.src='https:\/\/soccer.aidatasports.com\/images\/players\/default-player.png';\"><span>Diego Fernandes<\/span><\/a><\/div>\n<\/div>\n<\/div>\n<\/div>\n<div class=\"team-lineup\">\n<h3>Torreense<\/h3>\n<p><img decoding=\"async\" src=\"https:\/\/media.api-sports.io\/football\/teams\/4799.png\" alt=\"Torreense\" style=\"width: 50px; height: 50px;\"><\/p>\n<div class=\"players-container\">\n<div>\n<h4>Titulares:<\/h4>\n<div class=\"player\"><a href=\"https:\/\/soccer.aidatasports.com\/fr\/players\/Lucas-Paes-9943\"><img decoding=\"async\" src=\"https:\/\/soccer.aidatasports.com\/images\/players\/9943.png\" alt=\"Lucas Paes\" onerror=\"this.onerror=null;this.src='https:\/\/soccer.aidatasports.com\/images\/players\/default-player.png';\"><span>Lucas Paes<\/span><\/a><\/div>\n<div class=\"player\"><a href=\"https:\/\/soccer.aidatasports.com\/fr\/players\/David-Bruno-41436\"><img decoding=\"async\" src=\"https:\/\/soccer.aidatasports.com\/images\/players\/41436.png\" alt=\"David Bruno\" onerror=\"this.onerror=null;this.src='https:\/\/soccer.aidatasports.com\/images\/players\/default-player.png';\"><span>David Bruno<\/span><\/a><\/div>\n<div class=\"player\"><a href=\"https:\/\/soccer.aidatasports.com\/fr\/players\/Stopira-2331\"><img decoding=\"async\" src=\"https:\/\/soccer.aidatasports.com\/images\/players\/2331.png\" alt=\"Stopira\" onerror=\"this.onerror=null;this.src='https:\/\/soccer.aidatasports.com\/images\/players\/default-player.png';\"><span>Stopira<\/span><\/a><\/div>\n<div class=\"player\"><a href=\"https:\/\/soccer.aidatasports.com\/fr\/players\/Mohamed-Ali-Diadi\u00e9-392656\"><img decoding=\"async\" src=\"https:\/\/soccer.aidatasports.com\/images\/players\/392656.png\" alt=\"Mohamed Ali Diadi\u00e9\" onerror=\"this.onerror=null;this.src='https:\/\/soccer.aidatasports.com\/images\/players\/default-player.png';\"><span>Mohamed Ali Diadi\u00e9<\/span><\/a><\/div>\n<div class=\"player\"><a href=\"https:\/\/soccer.aidatasports.com\/fr\/players\/Javi-V\u00e1zquez-2046\"><img decoding=\"async\" src=\"https:\/\/soccer.aidatasports.com\/images\/players\/2046.png\" alt=\"Javi V\u00e1zquez\" onerror=\"this.onerror=null;this.src='https:\/\/soccer.aidatasports.com\/images\/players\/default-player.png';\"><span>Javi V\u00e1zquez<\/span><\/a><\/div>\n<div class=\"player\"><a href=\"https:\/\/soccer.aidatasports.com\/fr\/players\/Guilherme-Liberato-195092\"><img decoding=\"async\" src=\"https:\/\/soccer.aidatasports.com\/images\/players\/195092.png\" alt=\"Guilherme Liberato\" onerror=\"this.onerror=null;this.src='https:\/\/soccer.aidatasports.com\/images\/players\/default-player.png';\"><span>Guilherme Liberato<\/span><\/a><\/div>\n<div class=\"player\"><a href=\"https:\/\/soccer.aidatasports.com\/fr\/players\/Leo-Azevedo-415070\"><img decoding=\"async\" src=\"https:\/\/soccer.aidatasports.com\/images\/players\/415070.png\" alt=\"Leo Azevedo\" onerror=\"this.onerror=null;this.src='https:\/\/soccer.aidatasports.com\/images\/players\/default-player.png';\"><span>Leo Azevedo<\/span><\/a><\/div>\n<div class=\"player\"><a href=\"https:\/\/soccer.aidatasports.com\/fr\/players\/Costinha-41423\"><img decoding=\"async\" src=\"https:\/\/soccer.aidatasports.com\/images\/players\/41423.png\" alt=\"Costinha\" onerror=\"this.onerror=null;this.src='https:\/\/soccer.aidatasports.com\/images\/players\/default-player.png';\"><span>Costinha<\/span><\/a><\/div>\n<div class=\"player\"><a href=\"https:\/\/soccer.aidatasports.com\/fr\/players\/Manuel-Pozo-Guerrero-286961\"><img decoding=\"async\" src=\"https:\/\/soccer.aidatasports.com\/images\/players\/286961.png\" alt=\"Manuel Pozo Guerrero\" onerror=\"this.onerror=null;this.src='https:\/\/soccer.aidatasports.com\/images\/players\/default-player.png';\"><span>Manuel Pozo Guerrero<\/span><\/a><\/div>\n<div class=\"player\"><a href=\"https:\/\/soccer.aidatasports.com\/fr\/players\/Musa-Drammeh-287212\"><img decoding=\"async\" src=\"https:\/\/soccer.aidatasports.com\/images\/players\/287212.png\" alt=\"Musa Drammeh\" onerror=\"this.onerror=null;this.src='https:\/\/soccer.aidatasports.com\/images\/players\/default-player.png';\"><span>Musa Drammeh<\/span><\/a><\/div>\n<div class=\"player\"><a href=\"https:\/\/soccer.aidatasports.com\/fr\/players\/Dany-Jean-237292\"><img decoding=\"async\" src=\"https:\/\/soccer.aidatasports.com\/images\/players\/237292.png\" alt=\"Dany Jean\" onerror=\"this.onerror=null;this.src='https:\/\/soccer.aidatasports.com\/images\/players\/default-player.png';\"><span>Dany Jean<\/span><\/a><\/div>\n<\/div>\n<div>\n<h4>Suplentes:<\/h4>\n<div class=\"player\"><a href=\"https:\/\/soccer.aidatasports.com\/fr\/players\/Andre-Sim\u00f5es-379974\"><img decoding=\"async\" src=\"https:\/\/soccer.aidatasports.com\/images\/players\/379974.png\" alt=\"Andre Sim\u00f5es\" onerror=\"this.onerror=null;this.src='https:\/\/soccer.aidatasports.com\/images\/players\/default-player.png';\"><span>Andre Sim\u00f5es<\/span><\/a><\/div>\n<div class=\"player\"><a href=\"https:\/\/soccer.aidatasports.com\/fr\/players\/Unai-P\u00e9rez-290115\"><img decoding=\"async\" src=\"https:\/\/soccer.aidatasports.com\/images\/players\/290115.png\" alt=\"Unai P\u00e9rez\" onerror=\"this.onerror=null;this.src='https:\/\/soccer.aidatasports.com\/images\/players\/default-player.png';\"><span>Unai P\u00e9rez<\/span><\/a><\/div>\n<div class=\"player\"><a href=\"https:\/\/soccer.aidatasports.com\/fr\/players\/Brian-Agbor-279825\"><img decoding=\"async\" src=\"https:\/\/soccer.aidatasports.com\/images\/players\/279825.png\" alt=\"Brian Agbor\" onerror=\"this.onerror=null;this.src='https:\/\/soccer.aidatasports.com\/images\/players\/default-player.png';\"><span>Brian Agbor<\/span><\/a><\/div>\n<div class=\"player\"><a href=\"https:\/\/soccer.aidatasports.com\/fr\/players\/Danilo-460493\"><img decoding=\"async\" src=\"https:\/\/soccer.aidatasports.com\/images\/players\/460493.png\" alt=\"Danilo\" onerror=\"this.onerror=null;this.src='https:\/\/soccer.aidatasports.com\/images\/players\/default-player.png';\"><span>Danilo<\/span><\/a><\/div>\n<div class=\"player\"><a href=\"https:\/\/soccer.aidatasports.com\/fr\/players\/Alejandro-Alfaro-332315\"><img decoding=\"async\" src=\"https:\/\/soccer.aidatasports.com\/images\/players\/332315.png\" alt=\"Alejandro Alfaro\" onerror=\"this.onerror=null;this.src='https:\/\/soccer.aidatasports.com\/images\/players\/default-player.png';\"><span>Alejandro Alfaro<\/span><\/a><\/div>\n<div class=\"player\"><a href=\"https:\/\/soccer.aidatasports.com\/fr\/players\/K\u00e9vin-Zohi-22263\"><img decoding=\"async\" src=\"https:\/\/soccer.aidatasports.com\/images\/players\/22263.png\" alt=\"K\u00e9vin Zohi\" onerror=\"this.onerror=null;this.src='https:\/\/soccer.aidatasports.com\/images\/players\/default-player.png';\"><span>K\u00e9vin Zohi<\/span><\/a><\/div>\n<div class=\"player\"><a href=\"https:\/\/soccer.aidatasports.com\/fr\/players\/Luis-Quintero-369481\"><img decoding=\"async\" src=\"https:\/\/soccer.aidatasports.com\/images\/players\/369481.png\" alt=\"Luis Quintero\" onerror=\"this.onerror=null;this.src='https:\/\/soccer.aidatasports.com\/images\/players\/default-player.png';\"><span>Luis Quintero<\/span><\/a><\/div>\n<div class=\"player\"><a href=\"https:\/\/soccer.aidatasports.com\/fr\/players\/Isma\u00efl-Seydi-382966\"><img decoding=\"async\" src=\"https:\/\/soccer.aidatasports.com\/images\/players\/382966.png\" alt=\"Isma\u00efl Seydi\" onerror=\"this.onerror=null;this.src='https:\/\/soccer.aidatasports.com\/images\/players\/default-player.png';\"><span>Isma\u00efl Seydi<\/span><\/a><\/div>\n<div class=\"player\"><a href=\"https:\/\/soccer.aidatasports.com\/fr\/players\/Math\u00e9o-Titalom-Penka-262815\"><img decoding=\"async\" src=\"https:\/\/soccer.aidatasports.com\/images\/players\/262815.png\" alt=\"Math\u00e9o Titalom Penka\" onerror=\"this.onerror=null;this.src='https:\/\/soccer.aidatasports.com\/images\/players\/default-player.png';\"><span>Math\u00e9o Titalom Penka<\/span><\/a><\/div>\n<\/div>\n<\/div>\n<\/div>\n<\/div>\n<div id=\"wg-api-football-game\"\n                    data-host=\"xxxxx\"\n                    data-key=\"xxxx\"\n                    data-id=\"1398162\"\n                    data-theme=\"\"\n                    data-refresh=\"15\"\n                    data-show-errors=\"false\"\n                    data-show-logos=\"true\"><br \/>\n                    class=\u00a0\u00bbwg_loader\u00a0\u00bb>\n                <\/div>\n<div id=\"wg-api-football-standings\"\n                    data-host=\"xxxx\"\n                    data-key=\"ddddd\"\n                    data-league=\"95\"\n                    data-team=\"\"\n                    data-season=\"2025\"\n                    data-theme=\"\"\n                    data-show-errors=\"false\"\n                    data-show-logos=\"true\"\n                    class=\"wg_loader\">\n                <\/div>\n<p>                <script\n                    type=\"module\"\n                    src=\"https:\/\/soccer.aidatasports.com\/wp-content\/customjs\/widgetslocal.js\">\n                <\/script><\/p>\n","protected":false},"excerpt":{"rendered":"<p>Fran\u00e7ais Match Nul et Vierge entre Pa\u00e7os de Ferreira et Torreense Pa\u00e7os de Ferreira et&hellip;<\/p>\n","protected":false},"author":1,"featured_media":133070,"comment_status":"open","ping_status":"open","sticky":false,"template":"","format":"standard","meta":{"content-type":"","pmpro_default_level":"","_lmt_disableupdate":"","_lmt_disable":"","_league":15837,"_fixture":1398162,"penci_pfeatured_image_ratio":"","penci_single_style":"","footnotes":""},"categories":[15837],"tags":[355,3700],"class_list":["post-133071","post","type-post","status-publish","format-standard","has-post-thumbnail","hentry","category-matches","tag-pacos-ferreira-portugal-234","tag-torreense-portugal-4799","pmpro-has-access"],"_links":{"self":[{"href":"https:\/\/soccer.aidatasports.com\/fr\/wp-json\/wp\/v2\/posts\/133071"}],"collection":[{"href":"https:\/\/soccer.aidatasports.com\/fr\/wp-json\/wp\/v2\/posts"}],"about":[{"href":"https:\/\/soccer.aidatasports.com\/fr\/wp-json\/wp\/v2\/types\/post"}],"author":[{"embeddable":true,"href":"https:\/\/soccer.aidatasports.com\/fr\/wp-json\/wp\/v2\/users\/1"}],"replies":[{"embeddable":true,"href":"https:\/\/soccer.aidatasports.com\/fr\/wp-json\/wp\/v2\/comments?post=133071"}],"version-history":[{"count":0,"href":"https:\/\/soccer.aidatasports.com\/fr\/wp-json\/wp\/v2\/posts\/133071\/revisions"}],"wp:featuredmedia":[{"embeddable":true,"href":"https:\/\/soccer.aidatasports.com\/fr\/wp-json\/wp\/v2\/media\/133070"}],"wp:attachment":[{"href":"https:\/\/soccer.aidatasports.com\/fr\/wp-json\/wp\/v2\/media?parent=133071"}],"wp:term":[{"taxonomy":"category","embeddable":true,"href":"https:\/\/soccer.aidatasports.com\/fr\/wp-json\/wp\/v2\/categories?post=133071"},{"taxonomy":"post_tag","embeddable":true,"href":"https:\/\/soccer.aidatasports.com\/fr\/wp-json\/wp\/v2\/tags?post=133071"}],"curies":[{"name":"wp","href":"https:\/\/api.w.org\/{rel}","templated":true}]}}