{"id":129353,"date":"2026-01-29T22:04:22","date_gmt":"2026-01-29T22:04:22","guid":{"rendered":"https:\/\/soccer.aidatasports.com\/fr\/uncategorized\/go-ahead-eagles-vs-sc-braga-jan-29-2026-2000-utc\/"},"modified":"2026-01-29T22:04:22","modified_gmt":"2026-01-29T22:04:22","slug":"go-ahead-eagles-vs-sc-braga-jan-29-2026-2000-utc","status":"publish","type":"post","link":"https:\/\/soccer.aidatasports.com\/fr\/matches\/go-ahead-eagles-vs-sc-braga-jan-29-2026-2000-utc\/","title":{"rendered":"GO Ahead Eagles vs SC Braga Jan 29 2026 20:00 UTC"},"content":{"rendered":"<p><strong>Fran\u00e7ais<\/strong><\/p>\n<p><strong>Impasse Tactique \u00e0 Deventer : GO Ahead Eagles et SC Braga Font Match Nul<\/strong><\/p>\n<p>Deventer, Pays-Bas \u2013 Dans un match comptant pour l&rsquo;UEFA Europa League, GO Ahead Eagles et SC Braga se sont affront\u00e9s au stade De Adelaarshorst, se soldant par un match nul qui refl\u00e8te la parit\u00e9 du jeu. Le match, arbitr\u00e9 par le Fran\u00e7ais Willy Delajod, a \u00e9t\u00e9 caract\u00e9ris\u00e9 par un rythme tactique et peu d&rsquo;occasions de but franches.<\/p>\n<p>SC Braga a l\u00e9g\u00e8rement domin\u00e9 la possession du ballon avec 53% contre 47% pour GO Ahead Eagles, mais cette sup\u00e9riorit\u00e9 ne s&rsquo;est pas traduite par un plus grand nombre d&rsquo;occasions dangereuses. L&rsquo;\u00e9quipe portugaise a g\u00e9n\u00e9r\u00e9 un total de 9 tirs, mais un seul a \u00e9t\u00e9 dirig\u00e9 vers le but, tandis que 3 sont pass\u00e9s \u00e0 c\u00f4t\u00e9. De son c\u00f4t\u00e9, GO Ahead Eagles a tent\u00e9 4 tirs, dont aucun n&rsquo;a r\u00e9ussi \u00e0 inqui\u00e9ter le gardien adverse et 3 sont partis sans direction.<\/p>\n<p>La discipline tactique a pr\u00e9valu au milieu de terrain, ce qui s&rsquo;est traduit par le faible nombre de fautes commises : 10 par GO Ahead Eagles et seulement 4 par SC Braga. L&rsquo;arbitre a montr\u00e9 un carton jaune \u00e0 chaque \u00e9quipe, un \u00e0 V. Gomez de SC Braga et un autre \u00e0 J. Kramer de GO Ahead Eagles. En ce qui concerne les corners, SC Braga avait un l\u00e9ger avantage avec 3, tandis que GO Ahead Eagles n&rsquo;en a obtenu qu&rsquo;un seul.<\/p>\n<p>Le match, comptant pour la 8e journ\u00e9e de la phase de groupes de l&rsquo;UEFA Europa League, a laiss\u00e9 les deux \u00e9quipes avec le sentiment d&rsquo;avoir ajout\u00e9 un point pr\u00e9cieux \u00e0 leur parcours dans la comp\u00e9tition.<\/p>\n<p>Remplacements dans l&rsquo;quipe de sc braga: \u00c0 la 46e minute, Vitor Carvalho est entr\u00e9 et P. Oliveira est sorti., \u00c0 la 62e minute, R. Zalazar est entr\u00e9 et D. Rodrigues est sorti., \u00c0 la 75e minute, F. Navarro est entr\u00e9 et P. Victor est sorti., \u00c0 la 90e minute, R. Horta est entr\u00e9 et J. Moutinho est sorti., \u00c0 la 90e minute, F. Grillitsch est entr\u00e9 et Gabriel Moscardo est sorti. <\/p>\n<p>Remplacements dans l&rsquo;quipe de go ahead eagles: \u00c0 la 73e minute, V. Edvardsen est entr\u00e9 et F. Stokkers est sorti., \u00c0 la 73e minute, O. Sivertsen est entr\u00e9 et R. Margaret est sorti., \u00c0 la 90e minute, D. James est entr\u00e9 et J. Dirksen est sorti., \u00c0 la 90e minute, J. Breum est entr\u00e9 et Y. Salah Rahmouni est sorti., \u00c0 la 90e minute, M. Meulensteen est entr\u00e9 et O. Boakye est sorti. <\/p>\n<p>Les \u00e9quipes se sont align\u00e9es comme suit:<\/p>\n<div class=\"lineups-container\">\n<style>\n                .lineups-container {\n                    display: flex;\n                    justify-content: space-around;\n                    flex-wrap: wrap;\n                }\n                .team-lineup {\n                    width: 49%;\n                    margin-bottom: 20px;\n                    border: 1px solid #ccc;\n                    padding: 5px;\n                }\n                .team-lineup h3 {\n                    text-align: center;\n                    margin-bottom: 10px;\n                }\n                .players-container {\n                    display: flex;\n                    justify-content: space-between;\n                }\n                .players-container div {\n                    width: 100%;\n                }\n                .player {\n                    display: flex;\n                    align-items: center;\n                    margin-bottom: 5px;\n                }\n                .player img {\n                    width: 30px;\n                    height: 30px;\n                    border-radius: 50%;\n                    margin-right: 10px;\n                }\n                    @media (max-width: 600px) {\n                    .team-lineup {\n                        width: 100%;\n                    }\n                }\n                <\/style>\n<div class=\"team-lineup\">\n<h3>GO Ahead Eagles<\/h3>\n<p><img decoding=\"async\" src=\"https:\/\/media.api-sports.io\/football\/teams\/410.png\" alt=\"GO Ahead Eagles\" style=\"width: 50px; height: 50px;\"><\/p>\n<div class=\"players-container\">\n<div>\n<h4>Titulares:<\/h4>\n<div class=\"player\"><a href=\"https:\/\/soccer.aidatasports.com\/fr\/players\/Jari-De-Busser-8470\"><img decoding=\"async\" src=\"https:\/\/soccer.aidatasports.com\/images\/players\/8470.png\" alt=\"Jari De Busser\" onerror=\"this.onerror=null;this.src='https:\/\/soccer.aidatasports.com\/images\/players\/default-player.png';\"><span>Jari De Busser<\/span><\/a><\/div>\n<div class=\"player\"><a href=\"https:\/\/soccer.aidatasports.com\/fr\/players\/Aske-Adelgaard-378966\"><img decoding=\"async\" src=\"https:\/\/soccer.aidatasports.com\/images\/players\/378966.png\" alt=\"Aske Adelgaard\" onerror=\"this.onerror=null;this.src='https:\/\/soccer.aidatasports.com\/images\/players\/default-player.png';\"><span>Aske Adelgaard<\/span><\/a><\/div>\n<div class=\"player\"><a href=\"https:\/\/soccer.aidatasports.com\/fr\/players\/Giovanni-van-Zwam-312903\"><img decoding=\"async\" src=\"https:\/\/soccer.aidatasports.com\/images\/players\/312903.png\" alt=\"Giovanni van Zwam\" onerror=\"this.onerror=null;this.src='https:\/\/soccer.aidatasports.com\/images\/players\/default-player.png';\"><span>Giovanni van Zwam<\/span><\/a><\/div>\n<div class=\"player\"><a href=\"https:\/\/soccer.aidatasports.com\/fr\/players\/Joris-Kramer-36887\"><img decoding=\"async\" src=\"https:\/\/soccer.aidatasports.com\/images\/players\/36887.png\" alt=\"Joris Kramer\" onerror=\"this.onerror=null;this.src='https:\/\/soccer.aidatasports.com\/images\/players\/default-player.png';\"><span>Joris Kramer<\/span><\/a><\/div>\n<div class=\"player\"><a href=\"https:\/\/soccer.aidatasports.com\/fr\/players\/Dean-James-203755\"><img decoding=\"async\" src=\"https:\/\/soccer.aidatasports.com\/images\/players\/203755.png\" alt=\"Dean James\" onerror=\"this.onerror=null;this.src='https:\/\/soccer.aidatasports.com\/images\/players\/default-player.png';\"><span>Dean James<\/span><\/a><\/div>\n<div class=\"player\"><a href=\"https:\/\/soccer.aidatasports.com\/fr\/players\/Melle-Meulensteen-36865\"><img decoding=\"async\" src=\"https:\/\/soccer.aidatasports.com\/images\/players\/36865.png\" alt=\"Melle Meulensteen\" onerror=\"this.onerror=null;this.src='https:\/\/soccer.aidatasports.com\/images\/players\/default-player.png';\"><span>Melle Meulensteen<\/span><\/a><\/div>\n<div class=\"player\"><a href=\"https:\/\/soccer.aidatasports.com\/fr\/players\/Evert-Linthorst-37781\"><img decoding=\"async\" src=\"https:\/\/soccer.aidatasports.com\/images\/players\/37781.png\" alt=\"Evert Linthorst\" onerror=\"this.onerror=null;this.src='https:\/\/soccer.aidatasports.com\/images\/players\/default-player.png';\"><span>Evert Linthorst<\/span><\/a><\/div>\n<div class=\"player\"><a href=\"https:\/\/soccer.aidatasports.com\/fr\/players\/Oskar-Siira-Sivertsen-216756\"><img decoding=\"async\" src=\"https:\/\/soccer.aidatasports.com\/images\/players\/216756.png\" alt=\"Oskar Siira Sivertsen\" onerror=\"this.onerror=null;this.src='https:\/\/soccer.aidatasports.com\/images\/players\/default-player.png';\"><span>Oskar Siira Sivertsen<\/span><\/a><\/div>\n<div class=\"player\"><a href=\"https:\/\/soccer.aidatasports.com\/fr\/players\/Jakob-Breum-262677\"><img decoding=\"async\" src=\"https:\/\/soccer.aidatasports.com\/images\/players\/262677.png\" alt=\"Jakob Breum\" onerror=\"this.onerror=null;this.src='https:\/\/soccer.aidatasports.com\/images\/players\/default-player.png';\"><span>Jakob Breum<\/span><\/a><\/div>\n<div class=\"player\"><a href=\"https:\/\/soccer.aidatasports.com\/fr\/players\/Mathis-Suray-162762\"><img decoding=\"async\" src=\"https:\/\/soccer.aidatasports.com\/images\/players\/162762.png\" alt=\"Mathis Suray\" onerror=\"this.onerror=null;this.src='https:\/\/soccer.aidatasports.com\/images\/players\/default-player.png';\"><span>Mathis Suray<\/span><\/a><\/div>\n<div class=\"player\"><a href=\"https:\/\/soccer.aidatasports.com\/fr\/players\/Victor-Kaj-Edvardsen-137837\"><img decoding=\"async\" src=\"https:\/\/soccer.aidatasports.com\/images\/players\/137837.png\" alt=\"Victor Kaj Edvardsen\" onerror=\"this.onerror=null;this.src='https:\/\/soccer.aidatasports.com\/images\/players\/default-player.png';\"><span>Victor Kaj Edvardsen<\/span><\/a><\/div>\n<\/div>\n<div>\n<h4>Suplentes:<\/h4>\n<div class=\"player\"><a href=\"https:\/\/soccer.aidatasports.com\/fr\/players\/Luca-Plogmann-25311\"><img decoding=\"async\" src=\"https:\/\/soccer.aidatasports.com\/images\/players\/25311.png\" alt=\"Luca Plogmann\" onerror=\"this.onerror=null;this.src='https:\/\/soccer.aidatasports.com\/images\/players\/default-player.png';\"><span>Luca Plogmann<\/span><\/a><\/div>\n<div class=\"player\"><a href=\"https:\/\/soccer.aidatasports.com\/fr\/players\/Sven-Jansen-291418\"><img decoding=\"async\" src=\"https:\/\/soccer.aidatasports.com\/images\/players\/291418.png\" alt=\"Sven Jansen\" onerror=\"this.onerror=null;this.src='https:\/\/soccer.aidatasports.com\/images\/players\/default-player.png';\"><span>Sven Jansen<\/span><\/a><\/div>\n<div class=\"player\"><a href=\"https:\/\/soccer.aidatasports.com\/fr\/players\/Nando-Verdoni-352225\"><img decoding=\"async\" src=\"https:\/\/soccer.aidatasports.com\/images\/players\/352225.png\" alt=\"Nando Verdoni\" onerror=\"this.onerror=null;this.src='https:\/\/soccer.aidatasports.com\/images\/players\/default-player.png';\"><span>Nando Verdoni<\/span><\/a><\/div>\n<div class=\"player\"><a href=\"https:\/\/soccer.aidatasports.com\/fr\/players\/Julius-Dirksen-162200\"><img decoding=\"async\" src=\"https:\/\/soccer.aidatasports.com\/images\/players\/162200.png\" alt=\"Julius Dirksen\" onerror=\"this.onerror=null;this.src='https:\/\/soccer.aidatasports.com\/images\/players\/default-player.png';\"><span>Julius Dirksen<\/span><\/a><\/div>\n<div class=\"player\"><a href=\"https:\/\/soccer.aidatasports.com\/fr\/players\/Calvin-Twigt-277922\"><img decoding=\"async\" src=\"https:\/\/soccer.aidatasports.com\/images\/players\/277922.png\" alt=\"Calvin Twigt\" onerror=\"this.onerror=null;this.src='https:\/\/soccer.aidatasports.com\/images\/players\/default-player.png';\"><span>Calvin Twigt<\/span><\/a><\/div>\n<div class=\"player\"><a href=\"https:\/\/soccer.aidatasports.com\/fr\/players\/Kenzo-Goudmijn-36896\"><img decoding=\"async\" src=\"https:\/\/soccer.aidatasports.com\/images\/players\/36896.png\" alt=\"Kenzo Goudmijn\" onerror=\"this.onerror=null;this.src='https:\/\/soccer.aidatasports.com\/images\/players\/default-player.png';\"><span>Kenzo Goudmijn<\/span><\/a><\/div>\n<div class=\"player\"><a href=\"https:\/\/soccer.aidatasports.com\/fr\/players\/Yassir-Rahmouni-524315\"><img decoding=\"async\" src=\"https:\/\/soccer.aidatasports.com\/images\/players\/524315.png\" alt=\"Yassir Rahmouni\" onerror=\"this.onerror=null;this.src='https:\/\/soccer.aidatasports.com\/images\/players\/default-player.png';\"><span>Yassir Rahmouni<\/span><\/a><\/div>\n<div class=\"player\"><a href=\"https:\/\/soccer.aidatasports.com\/fr\/players\/Richonell-Margaret-37124\"><img decoding=\"async\" src=\"https:\/\/soccer.aidatasports.com\/images\/players\/37124.png\" alt=\"Richonell Margaret\" onerror=\"this.onerror=null;this.src='https:\/\/soccer.aidatasports.com\/images\/players\/default-player.png';\"><span>Richonell Margaret<\/span><\/a><\/div>\n<div class=\"player\"><a href=\"https:\/\/soccer.aidatasports.com\/fr\/players\/Finn-Stokkers-37028\"><img decoding=\"async\" src=\"https:\/\/soccer.aidatasports.com\/images\/players\/37028.png\" alt=\"Finn Stokkers\" onerror=\"this.onerror=null;this.src='https:\/\/soccer.aidatasports.com\/images\/players\/default-player.png';\"><span>Finn Stokkers<\/span><\/a><\/div>\n<div class=\"player\"><a href=\"https:\/\/soccer.aidatasports.com\/fr\/players\/Ofosu-Boakye-511370\"><img decoding=\"async\" src=\"https:\/\/soccer.aidatasports.com\/images\/players\/511370.png\" alt=\"Ofosu Boakye\" onerror=\"this.onerror=null;this.src='https:\/\/soccer.aidatasports.com\/images\/players\/default-player.png';\"><span>Ofosu Boakye<\/span><\/a><\/div>\n<div class=\"player\"><a href=\"https:\/\/soccer.aidatasports.com\/fr\/players\/Dani-Tijman-626330\"><img decoding=\"async\" src=\"https:\/\/soccer.aidatasports.com\/images\/players\/626330.png\" alt=\"Dani Tijman\" onerror=\"this.onerror=null;this.src='https:\/\/soccer.aidatasports.com\/images\/players\/default-player.png';\"><span>Dani Tijman<\/span><\/a><\/div>\n<\/div>\n<\/div>\n<\/div>\n<div class=\"team-lineup\">\n<h3>SC Braga<\/h3>\n<p><img decoding=\"async\" src=\"https:\/\/media.api-sports.io\/football\/teams\/217.png\" alt=\"SC Braga\" style=\"width: 50px; height: 50px;\"><\/p>\n<div class=\"players-container\">\n<div>\n<h4>Titulares:<\/h4>\n<div class=\"player\"><a href=\"https:\/\/soccer.aidatasports.com\/fr\/players\/Luk\u00e1\u0161-Horn\u00ed\u010dek-269349\"><img decoding=\"async\" src=\"https:\/\/soccer.aidatasports.com\/images\/players\/269349.png\" alt=\"Luk\u00e1\u0161 Horn\u00ed\u010dek\" onerror=\"this.onerror=null;this.src='https:\/\/soccer.aidatasports.com\/images\/players\/default-player.png';\"><span>Luk\u00e1\u0161 Horn\u00ed\u010dek<\/span><\/a><\/div>\n<div class=\"player\"><a href=\"https:\/\/soccer.aidatasports.com\/fr\/players\/Gustaf-Lagerbielke-137721\"><img decoding=\"async\" src=\"https:\/\/soccer.aidatasports.com\/images\/players\/137721.png\" alt=\"Gustaf Lagerbielke\" onerror=\"this.onerror=null;this.src='https:\/\/soccer.aidatasports.com\/images\/players\/default-player.png';\"><span>Gustaf Lagerbielke<\/span><\/a><\/div>\n<div class=\"player\"><a href=\"https:\/\/soccer.aidatasports.com\/fr\/players\/V\u00edtor-Carvalho-9355\"><img decoding=\"async\" src=\"https:\/\/soccer.aidatasports.com\/images\/players\/9355.png\" alt=\"V\u00edtor Carvalho\" onerror=\"this.onerror=null;this.src='https:\/\/soccer.aidatasports.com\/images\/players\/default-player.png';\"><span>V\u00edtor Carvalho<\/span><\/a><\/div>\n<div class=\"player\"><a href=\"https:\/\/soccer.aidatasports.com\/fr\/players\/Bright-Arrey-Mbi-162535\"><img decoding=\"async\" src=\"https:\/\/soccer.aidatasports.com\/images\/players\/162535.png\" alt=\"Bright Arrey-Mbi\" onerror=\"this.onerror=null;this.src='https:\/\/soccer.aidatasports.com\/images\/players\/default-player.png';\"><span>Bright Arrey-Mbi<\/span><\/a><\/div>\n<div class=\"player\"><a href=\"https:\/\/soccer.aidatasports.com\/fr\/players\/Victor-G\u00f3mez-153290\"><img decoding=\"async\" src=\"https:\/\/soccer.aidatasports.com\/images\/players\/153290.png\" alt=\"Victor G\u00f3mez\" onerror=\"this.onerror=null;this.src='https:\/\/soccer.aidatasports.com\/images\/players\/default-player.png';\"><span>Victor G\u00f3mez<\/span><\/a><\/div>\n<div class=\"player\"><a href=\"https:\/\/soccer.aidatasports.com\/fr\/players\/Jean-Baptiste-Gorby-330722\"><img decoding=\"async\" src=\"https:\/\/soccer.aidatasports.com\/images\/players\/330722.png\" alt=\"Jean-Baptiste Gorby\" onerror=\"this.onerror=null;this.src='https:\/\/soccer.aidatasports.com\/images\/players\/default-player.png';\"><span>Jean-Baptiste Gorby<\/span><\/a><\/div>\n<div class=\"player\"><a href=\"https:\/\/soccer.aidatasports.com\/fr\/players\/Florian-Grillitsch-719\"><img decoding=\"async\" src=\"https:\/\/soccer.aidatasports.com\/images\/players\/719.png\" alt=\"Florian Grillitsch\" onerror=\"this.onerror=null;this.src='https:\/\/soccer.aidatasports.com\/images\/players\/default-player.png';\"><span>Florian Grillitsch<\/span><\/a><\/div>\n<div class=\"player\"><a href=\"https:\/\/soccer.aidatasports.com\/fr\/players\/Leonardo-Lelo-142484\"><img decoding=\"async\" src=\"https:\/\/soccer.aidatasports.com\/images\/players\/142484.png\" alt=\"Leonardo Lelo\" onerror=\"this.onerror=null;this.src='https:\/\/soccer.aidatasports.com\/images\/players\/default-player.png';\"><span>Leonardo Lelo<\/span><\/a><\/div>\n<div class=\"player\"><a href=\"https:\/\/soccer.aidatasports.com\/fr\/players\/Ricardo-Horta-41103\"><img decoding=\"async\" src=\"https:\/\/soccer.aidatasports.com\/images\/players\/41103.png\" alt=\"Ricardo Horta\" onerror=\"this.onerror=null;this.src='https:\/\/soccer.aidatasports.com\/images\/players\/default-player.png';\"><span>Ricardo Horta<\/span><\/a><\/div>\n<div class=\"player\"><a href=\"https:\/\/soccer.aidatasports.com\/fr\/players\/Fran-Navarro-936\"><img decoding=\"async\" src=\"https:\/\/soccer.aidatasports.com\/images\/players\/936.png\" alt=\"Fran Navarro\" onerror=\"this.onerror=null;this.src='https:\/\/soccer.aidatasports.com\/images\/players\/default-player.png';\"><span>Fran Navarro<\/span><\/a><\/div>\n<div class=\"player\"><a href=\"https:\/\/soccer.aidatasports.com\/fr\/players\/Rodrigo-Zalazar-108563\"><img decoding=\"async\" src=\"https:\/\/soccer.aidatasports.com\/images\/players\/108563.png\" alt=\"Rodrigo Zalazar\" onerror=\"this.onerror=null;this.src='https:\/\/soccer.aidatasports.com\/images\/players\/default-player.png';\"><span>Rodrigo Zalazar<\/span><\/a><\/div>\n<\/div>\n<div>\n<h4>Suplentes:<\/h4>\n<div class=\"player\"><a href=\"https:\/\/soccer.aidatasports.com\/fr\/players\/Paulo-Oliveira-47383\"><img decoding=\"async\" src=\"https:\/\/soccer.aidatasports.com\/images\/players\/47383.png\" alt=\"Paulo Oliveira\" onerror=\"this.onerror=null;this.src='https:\/\/soccer.aidatasports.com\/images\/players\/default-player.png';\"><span>Paulo Oliveira<\/span><\/a><\/div>\n<div class=\"player\"><a href=\"https:\/\/soccer.aidatasports.com\/fr\/players\/Diego-Rodrigues-361371\"><img decoding=\"async\" src=\"https:\/\/soccer.aidatasports.com\/images\/players\/361371.png\" alt=\"Diego Rodrigues\" onerror=\"this.onerror=null;this.src='https:\/\/soccer.aidatasports.com\/images\/players\/default-player.png';\"><span>Diego Rodrigues<\/span><\/a><\/div>\n<div class=\"player\"><a href=\"https:\/\/soccer.aidatasports.com\/fr\/players\/Tiago-S\u00e1-41090\"><img decoding=\"async\" src=\"https:\/\/soccer.aidatasports.com\/images\/players\/41090.png\" alt=\"Tiago S\u00e1\" onerror=\"this.onerror=null;this.src='https:\/\/soccer.aidatasports.com\/images\/players\/default-player.png';\"><span>Tiago S\u00e1<\/span><\/a><\/div>\n<div class=\"player\"><a href=\"https:\/\/soccer.aidatasports.com\/fr\/players\/Alaa-Bellaarouch-284795\"><img decoding=\"async\" src=\"https:\/\/soccer.aidatasports.com\/images\/players\/284795.png\" alt=\"Alaa Bellaarouch\" onerror=\"this.onerror=null;this.src='https:\/\/soccer.aidatasports.com\/images\/players\/default-player.png';\"><span>Alaa Bellaarouch<\/span><\/a><\/div>\n<div class=\"player\"><a href=\"https:\/\/soccer.aidatasports.com\/fr\/players\/Nuno-Matos-441522\"><img decoding=\"async\" src=\"https:\/\/soccer.aidatasports.com\/images\/players\/441522.png\" alt=\"Nuno Matos\" onerror=\"this.onerror=null;this.src='https:\/\/soccer.aidatasports.com\/images\/players\/default-player.png';\"><span>Nuno Matos<\/span><\/a><\/div>\n<div class=\"player\"><a href=\"https:\/\/soccer.aidatasports.com\/fr\/players\/Jo\u00e3o-Moutinho-2677\"><img decoding=\"async\" src=\"https:\/\/soccer.aidatasports.com\/images\/players\/2677.png\" alt=\"Jo\u00e3o Moutinho\" onerror=\"this.onerror=null;this.src='https:\/\/soccer.aidatasports.com\/images\/players\/default-player.png';\"><span>Jo\u00e3o Moutinho<\/span><\/a><\/div>\n<div class=\"player\"><a href=\"https:\/\/soccer.aidatasports.com\/fr\/players\/Gabriel-Moscardo-415089\"><img decoding=\"async\" src=\"https:\/\/soccer.aidatasports.com\/images\/players\/415089.png\" alt=\"Gabriel Moscardo\" onerror=\"this.onerror=null;this.src='https:\/\/soccer.aidatasports.com\/images\/players\/default-player.png';\"><span>Gabriel Moscardo<\/span><\/a><\/div>\n<div class=\"player\"><a href=\"https:\/\/soccer.aidatasports.com\/fr\/players\/Yanis-da-Rocha-406848\"><img decoding=\"async\" src=\"https:\/\/soccer.aidatasports.com\/images\/players\/406848.png\" alt=\"Yanis da Rocha\" onerror=\"this.onerror=null;this.src='https:\/\/soccer.aidatasports.com\/images\/players\/default-player.png';\"><span>Yanis da Rocha<\/span><\/a><\/div>\n<div class=\"player\"><a href=\"https:\/\/soccer.aidatasports.com\/fr\/players\/Antonio-Gil-566821\"><img decoding=\"async\" src=\"https:\/\/soccer.aidatasports.com\/images\/players\/566821.png\" alt=\"Antonio Gil\" onerror=\"this.onerror=null;this.src='https:\/\/soccer.aidatasports.com\/images\/players\/default-player.png';\"><span>Antonio Gil<\/span><\/a><\/div>\n<div class=\"player\"><a href=\"https:\/\/soccer.aidatasports.com\/fr\/players\/Pau-V\u00edctor-263530\"><img decoding=\"async\" src=\"https:\/\/soccer.aidatasports.com\/images\/players\/263530.png\" alt=\"Pau V\u00edctor\" onerror=\"this.onerror=null;this.src='https:\/\/soccer.aidatasports.com\/images\/players\/default-player.png';\"><span>Pau V\u00edctor<\/span><\/a><\/div>\n<div class=\"player\"><a href=\"https:\/\/soccer.aidatasports.com\/fr\/players\/Jo\u00e3o-Arag\u00e3o-531324\"><img decoding=\"async\" src=\"https:\/\/soccer.aidatasports.com\/images\/players\/531324.png\" alt=\"Jo\u00e3o Arag\u00e3o\" onerror=\"this.onerror=null;this.src='https:\/\/soccer.aidatasports.com\/images\/players\/default-player.png';\"><span>Jo\u00e3o Arag\u00e3o<\/span><\/a><\/div>\n<div class=\"player\"><a href=\"https:\/\/soccer.aidatasports.com\/fr\/players\/Sandro-Vidigal-496703\"><img decoding=\"async\" src=\"https:\/\/soccer.aidatasports.com\/images\/players\/496703.png\" alt=\"Sandro Vidigal\" onerror=\"this.onerror=null;this.src='https:\/\/soccer.aidatasports.com\/images\/players\/default-player.png';\"><span>Sandro Vidigal<\/span><\/a><\/div>\n<\/div>\n<\/div>\n<\/div>\n<\/div>\n<div id=\"wg-api-football-game\"\n                    data-host=\"xxxxx\"\n                    data-key=\"xxxx\"\n                    data-id=\"1451288\"\n                    data-theme=\"\"\n                    data-refresh=\"15\"\n                    data-show-errors=\"false\"\n                    data-show-logos=\"true\"><br \/>\n                    class=\u00a0\u00bbwg_loader\u00a0\u00bb>\n                <\/div>\n<div id=\"wg-api-football-standings\"\n                    data-host=\"xxxx\"\n                    data-key=\"ddddd\"\n                    data-league=\"3\"\n                    data-team=\"\"\n                    data-season=\"2025\"\n                    data-theme=\"\"\n                    data-show-errors=\"false\"\n                    data-show-logos=\"true\"\n                    class=\"wg_loader\">\n                <\/div>\n<p>                <script\n                    type=\"module\"\n                    src=\"https:\/\/soccer.aidatasports.com\/wp-content\/customjs\/widgetslocal.js\">\n                <\/script><\/p>\n","protected":false},"excerpt":{"rendered":"<p>Fran\u00e7ais Impasse Tactique \u00e0 Deventer : GO Ahead Eagles et SC Braga Font Match Nul&hellip;<\/p>\n","protected":false},"author":1,"featured_media":129352,"comment_status":"open","ping_status":"open","sticky":false,"template":"","format":"standard","meta":{"content-type":"","pmpro_default_level":"","_lmt_disableupdate":"","_lmt_disable":"","_league":15837,"_fixture":1451288,"penci_pfeatured_image_ratio":"","penci_single_style":"","footnotes":""},"categories":[15837],"tags":[524,340],"class_list":["post-129353","post","type-post","status-publish","format-standard","has-post-thumbnail","hentry","category-matches","tag-go-ahead-eagles-netherlands-410","tag-sc-braga-portugal-217","pmpro-has-access"],"_links":{"self":[{"href":"https:\/\/soccer.aidatasports.com\/fr\/wp-json\/wp\/v2\/posts\/129353"}],"collection":[{"href":"https:\/\/soccer.aidatasports.com\/fr\/wp-json\/wp\/v2\/posts"}],"about":[{"href":"https:\/\/soccer.aidatasports.com\/fr\/wp-json\/wp\/v2\/types\/post"}],"author":[{"embeddable":true,"href":"https:\/\/soccer.aidatasports.com\/fr\/wp-json\/wp\/v2\/users\/1"}],"replies":[{"embeddable":true,"href":"https:\/\/soccer.aidatasports.com\/fr\/wp-json\/wp\/v2\/comments?post=129353"}],"version-history":[{"count":0,"href":"https:\/\/soccer.aidatasports.com\/fr\/wp-json\/wp\/v2\/posts\/129353\/revisions"}],"wp:featuredmedia":[{"embeddable":true,"href":"https:\/\/soccer.aidatasports.com\/fr\/wp-json\/wp\/v2\/media\/129352"}],"wp:attachment":[{"href":"https:\/\/soccer.aidatasports.com\/fr\/wp-json\/wp\/v2\/media?parent=129353"}],"wp:term":[{"taxonomy":"category","embeddable":true,"href":"https:\/\/soccer.aidatasports.com\/fr\/wp-json\/wp\/v2\/categories?post=129353"},{"taxonomy":"post_tag","embeddable":true,"href":"https:\/\/soccer.aidatasports.com\/fr\/wp-json\/wp\/v2\/tags?post=129353"}],"curies":[{"name":"wp","href":"https:\/\/api.w.org\/{rel}","templated":true}]}}