{"id":129235,"date":"2026-01-28T22:10:42","date_gmt":"2026-01-28T22:10:42","guid":{"rendered":"https:\/\/soccer.aidatasports.com\/fr\/uncategorized\/bayer-leverkusen-vs-villarreal-jan-28-2026-2000-utc\/"},"modified":"2026-01-28T22:10:42","modified_gmt":"2026-01-28T22:10:42","slug":"bayer-leverkusen-vs-villarreal-jan-28-2026-2000-utc","status":"publish","type":"post","link":"https:\/\/soccer.aidatasports.com\/fr\/matches\/bayer-leverkusen-vs-villarreal-jan-28-2026-2000-utc\/","title":{"rendered":"Bayer Leverkusen vs Villarreal Jan 28 2026 20:00 UTC"},"content":{"rendered":"<p><strong>Fran\u00e7ais:<\/strong><\/p>\n<p><strong>Victoire D\u00e9cisive du Bayer Leverkusen sur Villarreal en Ligue des Champions<\/strong><\/p>\n<p>Leverkusen, Allemagne &#8211; Le Bayer Leverkusen a domin\u00e9 Villarreal lors de leur rencontre en Ligue des Champions de l&rsquo;UEFA, assurant une victoire gr\u00e2ce \u00e0 une d\u00e9monstration de contr\u00f4le et de pr\u00e9cision. L&rsquo;\u00e9quipe locale a impos\u00e9 son jeu d\u00e8s le d\u00e9but, d\u00e9montrant sa sup\u00e9riorit\u00e9 dans la possession du ballon avec 67% contre 33% pour Villarreal.<\/p>\n<p>M. Tillman a \u00e9t\u00e9 la figure de proue de la premi\u00e8re mi-temps, marquant un doubl\u00e9 aux 12e et 35e minutes, le deuxi\u00e8me sur une passe d\u00e9cisive de P. Schick, ce qui a permis \u00e0 Leverkusen de prendre une avance confortable. Villarreal a eu du mal \u00e0 contenir l&rsquo;attaque allemande et a re\u00e7u un carton jaune pour P. Navarro juste avant la mi-temps.<\/p>\n<p>En seconde p\u00e9riode, Leverkusen a continu\u00e9 \u00e0 presser, et A. Grimaldo a creus\u00e9 l&rsquo;\u00e9cart \u00e0 la 57e minute avec un but apr\u00e8s une passe d\u00e9cisive de Lucas. Villarreal, bien qu&rsquo;ayant essay\u00e9 de r\u00e9agir, n&rsquo;a pas r\u00e9ussi \u00e0 concr\u00e9tiser ses opportunit\u00e9s, totalisant cinq tirs, dont seulement deux cadr\u00e9s, et recevant deux autres cartons jaunes pour R. Marin et N. Pepe. Le match s&rsquo;est termin\u00e9 par une nette domination de Leverkusen, qui a effectu\u00e9 15 tirs au total, dont sept cadr\u00e9s, montrant ainsi sa solidit\u00e9 offensive et d\u00e9fensive. Villarreal a commis un total de 14 fautes, refl\u00e9tant sa difficult\u00e9 \u00e0 contenir le jeu de Leverkusen. Le match, arbitr\u00e9 par Espen Eskas, Norv\u00e8ge, s&rsquo;est d\u00e9roul\u00e9 \u00e0 la BayArena de Leverkusen.<\/p>\n<p>Remplacements dans l&rsquo;quipe de villarreal: \u00c0 la 46e minute, T. Partey est entr\u00e9 et G. Mikautadze est sorti., \u00c0 la 46e minute, T. Buchanan est entr\u00e9 et H. Lopez est sorti., \u00c0 la 65e minute, A. Diatta est entr\u00e9 et D. Parejo est sorti., \u00c0 la 69e minute, N. Pepe est entr\u00e9 et D. Budesca est sorti., \u00c0 la 82e minute, S. Comesana est entr\u00e9 et P. Gueye est sorti. <\/p>\n<p>Remplacements dans l&rsquo;quipe de bayer leverkusen: \u00c0 la 62e minute, Lucas est entr\u00e9 et Arthur est sorti., \u00c0 la 62e minute, P. Schick est entr\u00e9 et C. Kofane est sorti., \u00c0 la 70e minute, I. Maza est entr\u00e9 et E. Poku est sorti., \u00c0 la 70e minute, A. Garcia est entr\u00e9 et E. Palacios est sorti., \u00c0 la 89e minute, A. Grimaldo est entr\u00e9 et E. Tapsoba est sorti. <\/p>\n<p>Les \u00e9quipes se sont align\u00e9es comme suit:<\/p>\n<div class=\"lineups-container\">\n<style>\n                .lineups-container {\n                    display: flex;\n                    justify-content: space-around;\n                    flex-wrap: wrap;\n                }\n                .team-lineup {\n                    width: 49%;\n                    margin-bottom: 20px;\n                    border: 1px solid #ccc;\n                    padding: 5px;\n                }\n                .team-lineup h3 {\n                    text-align: center;\n                    margin-bottom: 10px;\n                }\n                .players-container {\n                    display: flex;\n                    justify-content: space-between;\n                }\n                .players-container div {\n                    width: 100%;\n                }\n                .player {\n                    display: flex;\n                    align-items: center;\n                    margin-bottom: 5px;\n                }\n                .player img {\n                    width: 30px;\n                    height: 30px;\n                    border-radius: 50%;\n                    margin-right: 10px;\n                }\n                    @media (max-width: 600px) {\n                    .team-lineup {\n                        width: 100%;\n                    }\n                }\n                <\/style>\n<div class=\"team-lineup\">\n<h3>Bayer Leverkusen<\/h3>\n<p><img decoding=\"async\" src=\"https:\/\/media.api-sports.io\/football\/teams\/168.png\" alt=\"Bayer Leverkusen\" style=\"width: 50px; height: 50px;\"><\/p>\n<div class=\"players-container\">\n<div>\n<h4>Titulares:<\/h4>\n<div class=\"player\"><a href=\"https:\/\/soccer.aidatasports.com\/fr\/players\/Janis-Blaswich-37246\"><img decoding=\"async\" src=\"https:\/\/soccer.aidatasports.com\/images\/players\/37246.png\" alt=\"Janis Blaswich\" onerror=\"this.onerror=null;this.src='https:\/\/soccer.aidatasports.com\/images\/players\/default-player.png';\"><span>Janis Blaswich<\/span><\/a><\/div>\n<div class=\"player\"><a href=\"https:\/\/soccer.aidatasports.com\/fr\/players\/Jarell-Quansah-158698\"><img decoding=\"async\" src=\"https:\/\/soccer.aidatasports.com\/images\/players\/158698.png\" alt=\"Jarell Quansah\" onerror=\"this.onerror=null;this.src='https:\/\/soccer.aidatasports.com\/images\/players\/default-player.png';\"><span>Jarell Quansah<\/span><\/a><\/div>\n<div class=\"player\"><a href=\"https:\/\/soccer.aidatasports.com\/fr\/players\/Robert-Andrich-24903\"><img decoding=\"async\" src=\"https:\/\/soccer.aidatasports.com\/images\/players\/24903.png\" alt=\"Robert Andrich\" onerror=\"this.onerror=null;this.src='https:\/\/soccer.aidatasports.com\/images\/players\/default-player.png';\"><span>Robert Andrich<\/span><\/a><\/div>\n<div class=\"player\"><a href=\"https:\/\/soccer.aidatasports.com\/fr\/players\/Lo\u00efc-Bad\u00e9-174918\"><img decoding=\"async\" src=\"https:\/\/soccer.aidatasports.com\/images\/players\/174918.png\" alt=\"Lo\u00efc Bad\u00e9\" onerror=\"this.onerror=null;this.src='https:\/\/soccer.aidatasports.com\/images\/players\/default-player.png';\"><span>Lo\u00efc Bad\u00e9<\/span><\/a><\/div>\n<div class=\"player\"><a href=\"https:\/\/soccer.aidatasports.com\/fr\/players\/Lucas-V\u00e1zquez-757\"><img decoding=\"async\" src=\"https:\/\/soccer.aidatasports.com\/images\/players\/757.png\" alt=\"Lucas V\u00e1zquez\" onerror=\"this.onerror=null;this.src='https:\/\/soccer.aidatasports.com\/images\/players\/default-player.png';\"><span>Lucas V\u00e1zquez<\/span><\/a><\/div>\n<div class=\"player\"><a href=\"https:\/\/soccer.aidatasports.com\/fr\/players\/Ezequiel-Fern\u00e1ndez-237087\"><img decoding=\"async\" src=\"https:\/\/soccer.aidatasports.com\/images\/players\/237087.png\" alt=\"Ezequiel Fern\u00e1ndez\" onerror=\"this.onerror=null;this.src='https:\/\/soccer.aidatasports.com\/images\/players\/default-player.png';\"><span>Ezequiel Fern\u00e1ndez<\/span><\/a><\/div>\n<div class=\"player\"><a href=\"https:\/\/soccer.aidatasports.com\/fr\/players\/Aleix-Garc\u00eda-47516\"><img decoding=\"async\" src=\"https:\/\/soccer.aidatasports.com\/images\/players\/47516.png\" alt=\"Aleix Garc\u00eda\" onerror=\"this.onerror=null;this.src='https:\/\/soccer.aidatasports.com\/images\/players\/default-player.png';\"><span>Aleix Garc\u00eda<\/span><\/a><\/div>\n<div class=\"player\"><a href=\"https:\/\/soccer.aidatasports.com\/fr\/players\/Alejandro-Grimaldo-563\"><img decoding=\"async\" src=\"https:\/\/soccer.aidatasports.com\/images\/players\/563.png\" alt=\"Alejandro Grimaldo\" onerror=\"this.onerror=null;this.src='https:\/\/soccer.aidatasports.com\/images\/players\/default-player.png';\"><span>Alejandro Grimaldo<\/span><\/a><\/div>\n<div class=\"player\"><a href=\"https:\/\/soccer.aidatasports.com\/fr\/players\/Malik-Tillman-162037\"><img decoding=\"async\" src=\"https:\/\/soccer.aidatasports.com\/images\/players\/162037.png\" alt=\"Malik Tillman\" onerror=\"this.onerror=null;this.src='https:\/\/soccer.aidatasports.com\/images\/players\/default-player.png';\"><span>Malik Tillman<\/span><\/a><\/div>\n<div class=\"player\"><a href=\"https:\/\/soccer.aidatasports.com\/fr\/players\/Ibrahim-Maza-380587\"><img decoding=\"async\" src=\"https:\/\/soccer.aidatasports.com\/images\/players\/380587.png\" alt=\"Ibrahim Maza\" onerror=\"this.onerror=null;this.src='https:\/\/soccer.aidatasports.com\/images\/players\/default-player.png';\"><span>Ibrahim Maza<\/span><\/a><\/div>\n<div class=\"player\"><a href=\"https:\/\/soccer.aidatasports.com\/fr\/players\/Patrik-Schick-794\"><img decoding=\"async\" src=\"https:\/\/soccer.aidatasports.com\/images\/players\/794.png\" alt=\"Patrik Schick\" onerror=\"this.onerror=null;this.src='https:\/\/soccer.aidatasports.com\/images\/players\/default-player.png';\"><span>Patrik Schick<\/span><\/a><\/div>\n<\/div>\n<div>\n<h4>Suplentes:<\/h4>\n<div class=\"player\"><a href=\"https:\/\/soccer.aidatasports.com\/fr\/players\/Arthur-352375\"><img decoding=\"async\" src=\"https:\/\/soccer.aidatasports.com\/images\/players\/352375.png\" alt=\"Arthur\" onerror=\"this.onerror=null;this.src='https:\/\/soccer.aidatasports.com\/images\/players\/default-player.png';\"><span>Arthur<\/span><\/a><\/div>\n<div class=\"player\"><a href=\"https:\/\/soccer.aidatasports.com\/fr\/players\/Christian-Kofane-505295\"><img decoding=\"async\" src=\"https:\/\/soccer.aidatasports.com\/images\/players\/505295.png\" alt=\"Christian Kofane\" onerror=\"this.onerror=null;this.src='https:\/\/soccer.aidatasports.com\/images\/players\/default-player.png';\"><span>Christian Kofane<\/span><\/a><\/div>\n<div class=\"player\"><a href=\"https:\/\/soccer.aidatasports.com\/fr\/players\/Exequiel-Palacios-6002\"><img decoding=\"async\" src=\"https:\/\/soccer.aidatasports.com\/images\/players\/6002.png\" alt=\"Exequiel Palacios\" onerror=\"this.onerror=null;this.src='https:\/\/soccer.aidatasports.com\/images\/players\/default-player.png';\"><span>Exequiel Palacios<\/span><\/a><\/div>\n<div class=\"player\"><a href=\"https:\/\/soccer.aidatasports.com\/fr\/players\/Ernest-Poku-312840\"><img decoding=\"async\" src=\"https:\/\/soccer.aidatasports.com\/images\/players\/312840.png\" alt=\"Ernest Poku\" onerror=\"this.onerror=null;this.src='https:\/\/soccer.aidatasports.com\/images\/players\/default-player.png';\"><span>Ernest Poku<\/span><\/a><\/div>\n<div class=\"player\"><a href=\"https:\/\/soccer.aidatasports.com\/fr\/players\/Jonas-Omlin-2801\"><img decoding=\"async\" src=\"https:\/\/soccer.aidatasports.com\/images\/players\/2801.png\" alt=\"Jonas Omlin\" onerror=\"this.onerror=null;this.src='https:\/\/soccer.aidatasports.com\/images\/players\/default-player.png';\"><span>Jonas Omlin<\/span><\/a><\/div>\n<div class=\"player\"><a href=\"https:\/\/soccer.aidatasports.com\/fr\/players\/Niklas-Lomb-25168\"><img decoding=\"async\" src=\"https:\/\/soccer.aidatasports.com\/images\/players\/25168.png\" alt=\"Niklas Lomb\" onerror=\"this.onerror=null;this.src='https:\/\/soccer.aidatasports.com\/images\/players\/default-player.png';\"><span>Niklas Lomb<\/span><\/a><\/div>\n<div class=\"player\"><a href=\"https:\/\/soccer.aidatasports.com\/fr\/players\/Edmond-Tapsoba-41150\"><img decoding=\"async\" src=\"https:\/\/soccer.aidatasports.com\/images\/players\/41150.png\" alt=\"Edmond Tapsoba\" onerror=\"this.onerror=null;this.src='https:\/\/soccer.aidatasports.com\/images\/players\/default-player.png';\"><span>Edmond Tapsoba<\/span><\/a><\/div>\n<div class=\"player\"><a href=\"https:\/\/soccer.aidatasports.com\/fr\/players\/Axel-Tape-491103\"><img decoding=\"async\" src=\"https:\/\/soccer.aidatasports.com\/images\/players\/491103.png\" alt=\"Axel Tape\" onerror=\"this.onerror=null;this.src='https:\/\/soccer.aidatasports.com\/images\/players\/default-player.png';\"><span>Axel Tape<\/span><\/a><\/div>\n<div class=\"player\"><a href=\"https:\/\/soccer.aidatasports.com\/fr\/players\/Montrell-Culbreath-444961\"><img decoding=\"async\" src=\"https:\/\/soccer.aidatasports.com\/images\/players\/444961.png\" alt=\"Montrell Culbreath\" onerror=\"this.onerror=null;this.src='https:\/\/soccer.aidatasports.com\/images\/players\/default-player.png';\"><span>Montrell Culbreath<\/span><\/a><\/div>\n<\/div>\n<\/div>\n<\/div>\n<div class=\"team-lineup\">\n<h3>Villarreal<\/h3>\n<p><img decoding=\"async\" src=\"https:\/\/media.api-sports.io\/football\/teams\/533.png\" alt=\"Villarreal\" style=\"width: 50px; height: 50px;\"><\/p>\n<div class=\"players-container\">\n<div>\n<h4>Titulares:<\/h4>\n<div class=\"player\"><a href=\"https:\/\/soccer.aidatasports.com\/fr\/players\/Arnau-Tenas-162473\"><img decoding=\"async\" src=\"https:\/\/soccer.aidatasports.com\/images\/players\/162473.png\" alt=\"Arnau Tenas\" onerror=\"this.onerror=null;this.src='https:\/\/soccer.aidatasports.com\/images\/players\/default-player.png';\"><span>Arnau Tenas<\/span><\/a><\/div>\n<div class=\"player\"><a href=\"https:\/\/soccer.aidatasports.com\/fr\/players\/Pau-Navarro-435552\"><img decoding=\"async\" src=\"https:\/\/soccer.aidatasports.com\/images\/players\/435552.png\" alt=\"Pau Navarro\" onerror=\"this.onerror=null;this.src='https:\/\/soccer.aidatasports.com\/images\/players\/default-player.png';\"><span>Pau Navarro<\/span><\/a><\/div>\n<div class=\"player\"><a href=\"https:\/\/soccer.aidatasports.com\/fr\/players\/Rafa-Mar\u00edn-237066\"><img decoding=\"async\" src=\"https:\/\/soccer.aidatasports.com\/images\/players\/237066.png\" alt=\"Rafa Mar\u00edn\" onerror=\"this.onerror=null;this.src='https:\/\/soccer.aidatasports.com\/images\/players\/default-player.png';\"><span>Rafa Mar\u00edn<\/span><\/a><\/div>\n<div class=\"player\"><a href=\"https:\/\/soccer.aidatasports.com\/fr\/players\/Renato-Veiga-336671\"><img decoding=\"async\" src=\"https:\/\/soccer.aidatasports.com\/images\/players\/336671.png\" alt=\"Renato Veiga\" onerror=\"this.onerror=null;this.src='https:\/\/soccer.aidatasports.com\/images\/players\/default-player.png';\"><span>Renato Veiga<\/span><\/a><\/div>\n<div class=\"player\"><a href=\"https:\/\/soccer.aidatasports.com\/fr\/players\/Sergi-Cardona-70500\"><img decoding=\"async\" src=\"https:\/\/soccer.aidatasports.com\/images\/players\/70500.png\" alt=\"Sergi Cardona\" onerror=\"this.onerror=null;this.src='https:\/\/soccer.aidatasports.com\/images\/players\/default-player.png';\"><span>Sergi Cardona<\/span><\/a><\/div>\n<div class=\"player\"><a href=\"https:\/\/soccer.aidatasports.com\/fr\/players\/Tajon-Buchanan-51016\"><img decoding=\"async\" src=\"https:\/\/soccer.aidatasports.com\/images\/players\/51016.png\" alt=\"Tajon Buchanan\" onerror=\"this.onerror=null;this.src='https:\/\/soccer.aidatasports.com\/images\/players\/default-player.png';\"><span>Tajon Buchanan<\/span><\/a><\/div>\n<div class=\"player\"><a href=\"https:\/\/soccer.aidatasports.com\/fr\/players\/Santi-Comesa\u00f1a-47541\"><img decoding=\"async\" src=\"https:\/\/soccer.aidatasports.com\/images\/players\/47541.png\" alt=\"Santi Comesa\u00f1a\" onerror=\"this.onerror=null;this.src='https:\/\/soccer.aidatasports.com\/images\/players\/default-player.png';\"><span>Santi Comesa\u00f1a<\/span><\/a><\/div>\n<div class=\"player\"><a href=\"https:\/\/soccer.aidatasports.com\/fr\/players\/Thomas-Partey-49\"><img decoding=\"async\" src=\"https:\/\/soccer.aidatasports.com\/images\/players\/49.png\" alt=\"Thomas Partey\" onerror=\"this.onerror=null;this.src='https:\/\/soccer.aidatasports.com\/images\/players\/default-player.png';\"><span>Thomas Partey<\/span><\/a><\/div>\n<div class=\"player\"><a href=\"https:\/\/soccer.aidatasports.com\/fr\/players\/Alassane-Diatta-463280\"><img decoding=\"async\" src=\"https:\/\/soccer.aidatasports.com\/images\/players\/463280.png\" alt=\"Alassane Diatta\" onerror=\"this.onerror=null;this.src='https:\/\/soccer.aidatasports.com\/images\/players\/default-player.png';\"><span>Alassane Diatta<\/span><\/a><\/div>\n<div class=\"player\"><a href=\"https:\/\/soccer.aidatasports.com\/fr\/players\/Tani-Oluwaseyi-351587\"><img decoding=\"async\" src=\"https:\/\/soccer.aidatasports.com\/images\/players\/351587.png\" alt=\"Tani Oluwaseyi\" onerror=\"this.onerror=null;this.src='https:\/\/soccer.aidatasports.com\/images\/players\/default-player.png';\"><span>Tani Oluwaseyi<\/span><\/a><\/div>\n<div class=\"player\"><a href=\"https:\/\/soccer.aidatasports.com\/fr\/players\/Nicolas-P\u00e9p\u00e9-3246\"><img decoding=\"async\" src=\"https:\/\/soccer.aidatasports.com\/images\/players\/3246.png\" alt=\"Nicolas P\u00e9p\u00e9\" onerror=\"this.onerror=null;this.src='https:\/\/soccer.aidatasports.com\/images\/players\/default-player.png';\"><span>Nicolas P\u00e9p\u00e9<\/span><\/a><\/div>\n<\/div>\n<div>\n<h4>Suplentes:<\/h4>\n<div class=\"player\"><a href=\"https:\/\/soccer.aidatasports.com\/fr\/players\/Hugo-Lopez-514913\"><img decoding=\"async\" src=\"https:\/\/soccer.aidatasports.com\/images\/players\/514913.png\" alt=\"Hugo Lopez\" onerror=\"this.onerror=null;this.src='https:\/\/soccer.aidatasports.com\/images\/players\/default-player.png';\"><span>Hugo Lopez<\/span><\/a><\/div>\n<div class=\"player\"><a href=\"https:\/\/soccer.aidatasports.com\/fr\/players\/Georges-Mikautadze-180496\"><img decoding=\"async\" src=\"https:\/\/soccer.aidatasports.com\/images\/players\/180496.png\" alt=\"Georges Mikautadze\" onerror=\"this.onerror=null;this.src='https:\/\/soccer.aidatasports.com\/images\/players\/default-player.png';\"><span>Georges Mikautadze<\/span><\/a><\/div>\n<div class=\"player\"><a href=\"https:\/\/soccer.aidatasports.com\/fr\/players\/Dani-Parejo-928\"><img decoding=\"async\" src=\"https:\/\/soccer.aidatasports.com\/images\/players\/928.png\" alt=\"Dani Parejo\" onerror=\"this.onerror=null;this.src='https:\/\/soccer.aidatasports.com\/images\/players\/default-player.png';\"><span>Dani Parejo<\/span><\/a><\/div>\n<div class=\"player\"><a href=\"https:\/\/soccer.aidatasports.com\/fr\/players\/Daniel-Budesca-455356\"><img decoding=\"async\" src=\"https:\/\/soccer.aidatasports.com\/images\/players\/455356.png\" alt=\"Daniel Budesca\" onerror=\"this.onerror=null;this.src='https:\/\/soccer.aidatasports.com\/images\/players\/default-player.png';\"><span>Daniel Budesca<\/span><\/a><\/div>\n<div class=\"player\"><a href=\"https:\/\/soccer.aidatasports.com\/fr\/players\/Luiz-J\u00fanior-278619\"><img decoding=\"async\" src=\"https:\/\/soccer.aidatasports.com\/images\/players\/278619.png\" alt=\"Luiz J\u00fanior\" onerror=\"this.onerror=null;this.src='https:\/\/soccer.aidatasports.com\/images\/players\/default-player.png';\"><span>Luiz J\u00fanior<\/span><\/a><\/div>\n<div class=\"player\"><a href=\"https:\/\/soccer.aidatasports.com\/fr\/players\/Diego-Conde-122956\"><img decoding=\"async\" src=\"https:\/\/soccer.aidatasports.com\/images\/players\/122956.png\" alt=\"Diego Conde\" onerror=\"this.onerror=null;this.src='https:\/\/soccer.aidatasports.com\/images\/players\/default-player.png';\"><span>Diego Conde<\/span><\/a><\/div>\n<div class=\"player\"><a href=\"https:\/\/soccer.aidatasports.com\/fr\/players\/Alfonso-Pedraza-1702\"><img decoding=\"async\" src=\"https:\/\/soccer.aidatasports.com\/images\/players\/1702.png\" alt=\"Alfonso Pedraza\" onerror=\"this.onerror=null;this.src='https:\/\/soccer.aidatasports.com\/images\/players\/default-player.png';\"><span>Alfonso Pedraza<\/span><\/a><\/div>\n<div class=\"player\"><a href=\"https:\/\/soccer.aidatasports.com\/fr\/players\/Alberto-Moleiro-182519\"><img decoding=\"async\" src=\"https:\/\/soccer.aidatasports.com\/images\/players\/182519.png\" alt=\"Alberto Moleiro\" onerror=\"this.onerror=null;this.src='https:\/\/soccer.aidatasports.com\/images\/players\/default-player.png';\"><span>Alberto Moleiro<\/span><\/a><\/div>\n<div class=\"player\"><a href=\"https:\/\/soccer.aidatasports.com\/fr\/players\/Pape-Gueye-20696\"><img decoding=\"async\" src=\"https:\/\/soccer.aidatasports.com\/images\/players\/20696.png\" alt=\"Pape Gueye\" onerror=\"this.onerror=null;this.src='https:\/\/soccer.aidatasports.com\/images\/players\/default-player.png';\"><span>Pape Gueye<\/span><\/a><\/div>\n<div class=\"player\"><a href=\"https:\/\/soccer.aidatasports.com\/fr\/players\/Gerard-Moreno-1707\"><img decoding=\"async\" src=\"https:\/\/soccer.aidatasports.com\/images\/players\/1707.png\" alt=\"Gerard Moreno\" onerror=\"this.onerror=null;this.src='https:\/\/soccer.aidatasports.com\/images\/players\/default-player.png';\"><span>Gerard Moreno<\/span><\/a><\/div>\n<\/div>\n<\/div>\n<\/div>\n<\/div>\n<div id=\"wg-api-football-game\"\n                    data-host=\"xxxxx\"\n                    data-key=\"xxxx\"\n                    data-id=\"1451155\"\n                    data-theme=\"\"\n                    data-refresh=\"15\"\n                    data-show-errors=\"false\"\n                    data-show-logos=\"true\"><br \/>\n                    class=\u00a0\u00bbwg_loader\u00a0\u00bb>\n                <\/div>\n<div id=\"wg-api-football-standings\"\n                    data-host=\"xxxx\"\n                    data-key=\"ddddd\"\n                    data-league=\"2\"\n                    data-team=\"\"\n                    data-season=\"2025\"\n                    data-theme=\"\"\n                    data-show-errors=\"false\"\n                    data-show-logos=\"true\"\n                    class=\"wg_loader\">\n                <\/div>\n<p>                <script\n                    type=\"module\"\n                    src=\"https:\/\/soccer.aidatasports.com\/wp-content\/customjs\/widgetslocal.js\">\n                <\/script><\/p>\n","protected":false},"excerpt":{"rendered":"<p>Fran\u00e7ais: Victoire D\u00e9cisive du Bayer Leverkusen sur Villarreal en Ligue des Champions Leverkusen, Allemagne &#8211;&hellip;<\/p>\n","protected":false},"author":1,"featured_media":129234,"comment_status":"open","ping_status":"open","sticky":false,"template":"","format":"standard","meta":{"content-type":"","pmpro_default_level":"","_lmt_disableupdate":"","_lmt_disable":"","_league":15837,"_fixture":1451155,"penci_pfeatured_image_ratio":"","penci_single_style":"","footnotes":""},"categories":[15837],"tags":[291,644],"class_list":["post-129235","post","type-post","status-publish","format-standard","has-post-thumbnail","hentry","category-matches","tag-bayer-leverkusen-germany-168","tag-villarreal-spain-533","pmpro-has-access"],"_links":{"self":[{"href":"https:\/\/soccer.aidatasports.com\/fr\/wp-json\/wp\/v2\/posts\/129235"}],"collection":[{"href":"https:\/\/soccer.aidatasports.com\/fr\/wp-json\/wp\/v2\/posts"}],"about":[{"href":"https:\/\/soccer.aidatasports.com\/fr\/wp-json\/wp\/v2\/types\/post"}],"author":[{"embeddable":true,"href":"https:\/\/soccer.aidatasports.com\/fr\/wp-json\/wp\/v2\/users\/1"}],"replies":[{"embeddable":true,"href":"https:\/\/soccer.aidatasports.com\/fr\/wp-json\/wp\/v2\/comments?post=129235"}],"version-history":[{"count":0,"href":"https:\/\/soccer.aidatasports.com\/fr\/wp-json\/wp\/v2\/posts\/129235\/revisions"}],"wp:featuredmedia":[{"embeddable":true,"href":"https:\/\/soccer.aidatasports.com\/fr\/wp-json\/wp\/v2\/media\/129234"}],"wp:attachment":[{"href":"https:\/\/soccer.aidatasports.com\/fr\/wp-json\/wp\/v2\/media?parent=129235"}],"wp:term":[{"taxonomy":"category","embeddable":true,"href":"https:\/\/soccer.aidatasports.com\/fr\/wp-json\/wp\/v2\/categories?post=129235"},{"taxonomy":"post_tag","embeddable":true,"href":"https:\/\/soccer.aidatasports.com\/fr\/wp-json\/wp\/v2\/tags?post=129235"}],"curies":[{"name":"wp","href":"https:\/\/api.w.org\/{rel}","templated":true}]}}