{"id":125439,"date":"2025-12-27T19:20:47","date_gmt":"2025-12-27T19:20:47","guid":{"rendered":"https:\/\/soccer.aidatasports.com\/fr\/uncategorized\/kv-mechelen-vs-dender-dec-27-2025-1715-utc\/"},"modified":"2025-12-27T19:20:47","modified_gmt":"2025-12-27T19:20:47","slug":"kv-mechelen-vs-dender-dec-27-2025-1715-utc","status":"publish","type":"post","link":"https:\/\/soccer.aidatasports.com\/fr\/matches\/kv-mechelen-vs-dender-dec-27-2025-1715-utc\/","title":{"rendered":"KV Mechelen vs Dender Dec 27 2025 17:15 UTC"},"content":{"rendered":"<p><strong>Nouvelle en Fran\u00e7ais:<\/strong><\/p>\n<p><strong>Match Nul Intense entre KV Mechelen et Dender dans un Match Charg\u00e9 d&rsquo;\u00c9motions<\/strong><\/p>\n<p>Mechelen (Malines), Belgique \u2013 Le KV Mechelen et Dender se sont affront\u00e9s dans un match vibrant \u00e0 l&rsquo;Achter De Kazerne, comptant pour la 20e journ\u00e9e de la Jupiler Pro League. Le match, disput\u00e9 sous l&rsquo;\u0153il attentif de l&rsquo;arbitre Massimiliano Ledda, s&rsquo;est termin\u00e9 par un match nul qui refl\u00e8te l&rsquo;intensit\u00e9 et la combativit\u00e9 des deux \u00e9quipes.<\/p>\n<p>Le KV Mechelen a pris l&rsquo;avantage rapidement gr\u00e2ce \u00e0 un but de T. Koudou \u00e0 la 8e minute. Cependant, Dender ne s&rsquo;est pas d\u00e9courag\u00e9 et a constamment cherch\u00e9 l&rsquo;\u00e9galisation. La premi\u00e8re mi-temps a \u00e9t\u00e9 ponctu\u00e9e de cartons jaunes pour B. Goncalves et R. Kvet de Dender, ainsi que de l&rsquo;annulation d&rsquo;un but de B. Nsimba pour une main.<\/p>\n<p>En seconde p\u00e9riode, Dender est revenu avec une \u00e9nergie renouvel\u00e9e et a trouv\u00e9 le but \u00e9galisateur \u00e0 la 61e minute gr\u00e2ce \u00e0 D. Toshevski, assist\u00e9 par B. Goncalves. Le match s&rsquo;est poursuivi avec une intensit\u00e9 \u00e9lev\u00e9e, refl\u00e9t\u00e9e par les nombreux cartons jaunes distribu\u00e9s, dont un pour M. Konate du KV Mechelen et D. Toshevski et L. De Fougerolles de Dender. Le moment le plus tendu est survenu \u00e0 la 88e minute, lorsque L. De Fougerolles a re\u00e7u un deuxi\u00e8me carton jaune entra\u00eenant son expulsion.<\/p>\n<p>Malgr\u00e9 le fait de jouer \u00e0 dix dans les derni\u00e8res minutes, Dender a r\u00e9ussi \u00e0 maintenir le match nul. En ce qui concerne les statistiques, le KV Mechelen a domin\u00e9 la possession avec 54%, tirant 12 fois, dont 5 cadr\u00e9s. De son c\u00f4t\u00e9, Dender, avec 46% de possession, a g\u00e9n\u00e9r\u00e9 17 tirs, dont 9 dirig\u00e9s vers le but adverse. Un match qui a clairement d\u00e9montr\u00e9 l&rsquo;esprit de comp\u00e9tition des deux \u00e9quipes dans la ligue belge.<\/p>\n<p>Remplacements dans l&rsquo;quipe de kv mechelen: \u00c0 la 65e minute, M. Zekri est entr\u00e9 et M. Kireev est sorti., \u00c0 la 65e minute, H. Ozdemir est entr\u00e9 et R. Halhal est sorti., \u00c0 la 89e minute, M. Konate est entr\u00e9 et Kiki est sorti., \u00c0 la 89e minute, T. Koudou est entr\u00e9 et R. Teague est sorti. <\/p>\n<p>Remplacements dans l&rsquo;quipe de dender: \u00c0 la 77e minute, L. Marijnissen est entr\u00e9 et M. Sambu est sorti., \u00c0 la 77e minute, D. Toshevski est entr\u00e9 et M. Berte est sorti., \u00c0 la 83e minute, M. Viltard est entr\u00e9 et N. Rodes est sorti., \u00c0 la 90e minute, B. Nsimba est entr\u00e9 et A. Jahanbakhsh est sorti. <\/p>\n<p>Les \u00e9quipes se sont align\u00e9es comme suit:<\/p>\n<div class=\"lineups-container\">\n<style>\n                .lineups-container {\n                    display: flex;\n                    justify-content: space-around;\n                    flex-wrap: wrap;\n                }\n                .team-lineup {\n                    width: 49%;\n                    margin-bottom: 20px;\n                    border: 1px solid #ccc;\n                    padding: 5px;\n                }\n                .team-lineup h3 {\n                    text-align: center;\n                    margin-bottom: 10px;\n                }\n                .players-container {\n                    display: flex;\n                    justify-content: space-between;\n                }\n                .players-container div {\n                    width: 100%;\n                }\n                .player {\n                    display: flex;\n                    align-items: center;\n                    margin-bottom: 5px;\n                }\n                .player img {\n                    width: 30px;\n                    height: 30px;\n                    border-radius: 50%;\n                    margin-right: 10px;\n                }\n                    @media (max-width: 600px) {\n                    .team-lineup {\n                        width: 100%;\n                    }\n                }\n                <\/style>\n<div class=\"team-lineup\">\n<h3>KV Mechelen<\/h3>\n<p><img decoding=\"async\" src=\"https:\/\/media.api-sports.io\/football\/teams\/266.png\" alt=\"KV Mechelen\" style=\"width: 50px; height: 50px;\"><\/p>\n<div class=\"players-container\">\n<div>\n<h4>Titulares:<\/h4>\n<div class=\"player\"><a href=\"https:\/\/soccer.aidatasports.com\/fr\/players\/Nacho-Miras-182825\"><img decoding=\"async\" src=\"https:\/\/soccer.aidatasports.com\/images\/players\/182825.png\" alt=\"Nacho Miras\" onerror=\"this.onerror=null;this.src='https:\/\/soccer.aidatasports.com\/images\/players\/default-player.png';\"><span>Nacho Miras<\/span><\/a><\/div>\n<div class=\"player\"><a href=\"https:\/\/soccer.aidatasports.com\/fr\/players\/Tommy-St.-Jago-92974\"><img decoding=\"async\" src=\"https:\/\/soccer.aidatasports.com\/images\/players\/92974.png\" alt=\"Tommy St. Jago\" onerror=\"this.onerror=null;this.src='https:\/\/soccer.aidatasports.com\/images\/players\/default-player.png';\"><span>Tommy St. Jago<\/span><\/a><\/div>\n<div class=\"player\"><a href=\"https:\/\/soccer.aidatasports.com\/fr\/players\/Mory-Konate-90956\"><img decoding=\"async\" src=\"https:\/\/soccer.aidatasports.com\/images\/players\/90956.png\" alt=\"Mory Konate\" onerror=\"this.onerror=null;this.src='https:\/\/soccer.aidatasports.com\/images\/players\/default-player.png';\"><span>Mory Konate<\/span><\/a><\/div>\n<div class=\"player\"><a href=\"https:\/\/soccer.aidatasports.com\/fr\/players\/Gora-Diouf-388568\"><img decoding=\"async\" src=\"https:\/\/soccer.aidatasports.com\/images\/players\/388568.png\" alt=\"Gora Diouf\" onerror=\"this.onerror=null;this.src='https:\/\/soccer.aidatasports.com\/images\/players\/default-player.png';\"><span>Gora Diouf<\/span><\/a><\/div>\n<div class=\"player\"><a href=\"https:\/\/soccer.aidatasports.com\/fr\/players\/Th\u00e9rence-Koudou-327692\"><img decoding=\"async\" src=\"https:\/\/soccer.aidatasports.com\/images\/players\/327692.png\" alt=\"Th\u00e9rence Koudou\" onerror=\"this.onerror=null;this.src='https:\/\/soccer.aidatasports.com\/images\/players\/default-player.png';\"><span>Th\u00e9rence Koudou<\/span><\/a><\/div>\n<div class=\"player\"><a href=\"https:\/\/soccer.aidatasports.com\/fr\/players\/Mathis-Servais-295233\"><img decoding=\"async\" src=\"https:\/\/soccer.aidatasports.com\/images\/players\/295233.png\" alt=\"Mathis Servais\" onerror=\"this.onerror=null;this.src='https:\/\/soccer.aidatasports.com\/images\/players\/default-player.png';\"><span>Mathis Servais<\/span><\/a><\/div>\n<div class=\"player\"><a href=\"https:\/\/soccer.aidatasports.com\/fr\/players\/Fredrik-Hammar-100279\"><img decoding=\"async\" src=\"https:\/\/soccer.aidatasports.com\/images\/players\/100279.png\" alt=\"Fredrik Hammar\" onerror=\"this.onerror=null;this.src='https:\/\/soccer.aidatasports.com\/images\/players\/default-player.png';\"><span>Fredrik Hammar<\/span><\/a><\/div>\n<div class=\"player\"><a href=\"https:\/\/soccer.aidatasports.com\/fr\/players\/Moncef-Zekri-515985\"><img decoding=\"async\" src=\"https:\/\/soccer.aidatasports.com\/images\/players\/515985.png\" alt=\"Moncef Zekri\" onerror=\"this.onerror=null;this.src='https:\/\/soccer.aidatasports.com\/images\/players\/default-player.png';\"><span>Moncef Zekri<\/span><\/a><\/div>\n<div class=\"player\"><a href=\"https:\/\/soccer.aidatasports.com\/fr\/players\/Myron-Van-Brederode-287797\"><img decoding=\"async\" src=\"https:\/\/soccer.aidatasports.com\/images\/players\/287797.png\" alt=\"Myron Van Brederode\" onerror=\"this.onerror=null;this.src='https:\/\/soccer.aidatasports.com\/images\/players\/default-player.png';\"><span>Myron Van Brederode<\/span><\/a><\/div>\n<div class=\"player\"><a href=\"https:\/\/soccer.aidatasports.com\/fr\/players\/Halil-\u00d6zdemir-361359\"><img decoding=\"async\" src=\"https:\/\/soccer.aidatasports.com\/images\/players\/361359.png\" alt=\"Halil \u00d6zdemir\" onerror=\"this.onerror=null;this.src='https:\/\/soccer.aidatasports.com\/images\/players\/default-player.png';\"><span>Halil \u00d6zdemir<\/span><\/a><\/div>\n<div class=\"player\"><a href=\"https:\/\/soccer.aidatasports.com\/fr\/players\/Lion-Lauberbach-26438\"><img decoding=\"async\" src=\"https:\/\/soccer.aidatasports.com\/images\/players\/26438.png\" alt=\"Lion Lauberbach\" onerror=\"this.onerror=null;this.src='https:\/\/soccer.aidatasports.com\/images\/players\/default-player.png';\"><span>Lion Lauberbach<\/span><\/a><\/div>\n<\/div>\n<div>\n<h4>Suplentes:<\/h4>\n<div class=\"player\"><a href=\"https:\/\/soccer.aidatasports.com\/fr\/players\/Redouane-Halhal-326183\"><img decoding=\"async\" src=\"https:\/\/soccer.aidatasports.com\/images\/players\/326183.png\" alt=\"Redouane Halhal\" onerror=\"this.onerror=null;this.src='https:\/\/soccer.aidatasports.com\/images\/players\/default-player.png';\"><span>Redouane Halhal<\/span><\/a><\/div>\n<div class=\"player\"><a href=\"https:\/\/soccer.aidatasports.com\/fr\/players\/Maxim-Kireev-390548\"><img decoding=\"async\" src=\"https:\/\/soccer.aidatasports.com\/images\/players\/390548.png\" alt=\"Maxim Kireev\" onerror=\"this.onerror=null;this.src='https:\/\/soccer.aidatasports.com\/images\/players\/default-player.png';\"><span>Maxim Kireev<\/span><\/a><\/div>\n<div class=\"player\"><a href=\"https:\/\/soccer.aidatasports.com\/fr\/players\/Tijn-Van-Ingelgom-441809\"><img decoding=\"async\" src=\"https:\/\/soccer.aidatasports.com\/images\/players\/441809.png\" alt=\"Tijn Van Ingelgom\" onerror=\"this.onerror=null;this.src='https:\/\/soccer.aidatasports.com\/images\/players\/default-player.png';\"><span>Tijn Van Ingelgom<\/span><\/a><\/div>\n<div class=\"player\"><a href=\"https:\/\/soccer.aidatasports.com\/fr\/players\/Massimo-Decoene-375308\"><img decoding=\"async\" src=\"https:\/\/soccer.aidatasports.com\/images\/players\/375308.png\" alt=\"Massimo Decoene\" onerror=\"this.onerror=null;this.src='https:\/\/soccer.aidatasports.com\/images\/players\/default-player.png';\"><span>Massimo Decoene<\/span><\/a><\/div>\n<div class=\"player\"><a href=\"https:\/\/soccer.aidatasports.com\/fr\/players\/Lovro-Goli\u010d-367877\"><img decoding=\"async\" src=\"https:\/\/soccer.aidatasports.com\/images\/players\/367877.png\" alt=\"Lovro Goli\u010d\" onerror=\"this.onerror=null;this.src='https:\/\/soccer.aidatasports.com\/images\/players\/default-player.png';\"><span>Lovro Goli\u010d<\/span><\/a><\/div>\n<div class=\"player\"><a href=\"https:\/\/soccer.aidatasports.com\/fr\/players\/Bilal-Bafdili-403253\"><img decoding=\"async\" src=\"https:\/\/soccer.aidatasports.com\/images\/players\/403253.png\" alt=\"Bilal Bafdili\" onerror=\"this.onerror=null;this.src='https:\/\/soccer.aidatasports.com\/images\/players\/default-player.png';\"><span>Bilal Bafdili<\/span><\/a><\/div>\n<div class=\"player\"><a href=\"https:\/\/soccer.aidatasports.com\/fr\/players\/Ryan-Teague-154737\"><img decoding=\"async\" src=\"https:\/\/soccer.aidatasports.com\/images\/players\/154737.png\" alt=\"Ryan Teague\" onerror=\"this.onerror=null;this.src='https:\/\/soccer.aidatasports.com\/images\/players\/default-player.png';\"><span>Ryan Teague<\/span><\/a><\/div>\n<div class=\"player\"><a href=\"https:\/\/soccer.aidatasports.com\/fr\/players\/Hassane-Band\u00e9-79082\"><img decoding=\"async\" src=\"https:\/\/soccer.aidatasports.com\/images\/players\/79082.png\" alt=\"Hassane Band\u00e9\" onerror=\"this.onerror=null;this.src='https:\/\/soccer.aidatasports.com\/images\/players\/default-player.png';\"><span>Hassane Band\u00e9<\/span><\/a><\/div>\n<div class=\"player\"><a href=\"https:\/\/soccer.aidatasports.com\/fr\/players\/Keano-Vanrafelghem-181810\"><img decoding=\"async\" src=\"https:\/\/soccer.aidatasports.com\/images\/players\/181810.png\" alt=\"Keano Vanrafelghem\" onerror=\"this.onerror=null;this.src='https:\/\/soccer.aidatasports.com\/images\/players\/default-player.png';\"><span>Keano Vanrafelghem<\/span><\/a><\/div>\n<\/div>\n<\/div>\n<\/div>\n<div class=\"team-lineup\">\n<h3>Dender<\/h3>\n<p><img decoding=\"async\" src=\"https:\/\/media.api-sports.io\/football\/teams\/6215.png\" alt=\"Dender\" style=\"width: 50px; height: 50px;\"><\/p>\n<div class=\"players-container\">\n<div>\n<h4>Titulares:<\/h4>\n<div class=\"player\"><a href=\"https:\/\/soccer.aidatasports.com\/fr\/players\/Guillaume-Dietsch-20518\"><img decoding=\"async\" src=\"https:\/\/soccer.aidatasports.com\/images\/players\/20518.png\" alt=\"Guillaume Dietsch\" onerror=\"this.onerror=null;this.src='https:\/\/soccer.aidatasports.com\/images\/players\/default-player.png';\"><span>Guillaume Dietsch<\/span><\/a><\/div>\n<div class=\"player\"><a href=\"https:\/\/soccer.aidatasports.com\/fr\/players\/Luc-Marijnissen-287793\"><img decoding=\"async\" src=\"https:\/\/soccer.aidatasports.com\/images\/players\/287793.png\" alt=\"Luc Marijnissen\" onerror=\"this.onerror=null;this.src='https:\/\/soccer.aidatasports.com\/images\/players\/default-player.png';\"><span>Luc Marijnissen<\/span><\/a><\/div>\n<div class=\"player\"><a href=\"https:\/\/soccer.aidatasports.com\/fr\/players\/Luc-De-Fougerolles-327738\"><img decoding=\"async\" src=\"https:\/\/soccer.aidatasports.com\/images\/players\/327738.png\" alt=\"Luc De Fougerolles\" onerror=\"this.onerror=null;this.src='https:\/\/soccer.aidatasports.com\/images\/players\/default-player.png';\"><span>Luc De Fougerolles<\/span><\/a><\/div>\n<div class=\"player\"><a href=\"https:\/\/soccer.aidatasports.com\/fr\/players\/Kobe-Cools-134694\"><img decoding=\"async\" src=\"https:\/\/soccer.aidatasports.com\/images\/players\/134694.png\" alt=\"Kobe Cools\" onerror=\"this.onerror=null;this.src='https:\/\/soccer.aidatasports.com\/images\/players\/default-player.png';\"><span>Kobe Cools<\/span><\/a><\/div>\n<div class=\"player\"><a href=\"https:\/\/soccer.aidatasports.com\/fr\/players\/Bryan-Goncalves-87037\"><img decoding=\"async\" src=\"https:\/\/soccer.aidatasports.com\/images\/players\/87037.png\" alt=\"Bryan Goncalves\" onerror=\"this.onerror=null;this.src='https:\/\/soccer.aidatasports.com\/images\/players\/default-player.png';\"><span>Bryan Goncalves<\/span><\/a><\/div>\n<div class=\"player\"><a href=\"https:\/\/soccer.aidatasports.com\/fr\/players\/Fabio-Ferraro-338230\"><img decoding=\"async\" src=\"https:\/\/soccer.aidatasports.com\/images\/players\/338230.png\" alt=\"Fabio Ferraro\" onerror=\"this.onerror=null;this.src='https:\/\/soccer.aidatasports.com\/images\/players\/default-player.png';\"><span>Fabio Ferraro<\/span><\/a><\/div>\n<div class=\"player\"><a href=\"https:\/\/soccer.aidatasports.com\/fr\/players\/Noah-Mbamba-298006\"><img decoding=\"async\" src=\"https:\/\/soccer.aidatasports.com\/images\/players\/298006.png\" alt=\"Noah Mbamba\" onerror=\"this.onerror=null;this.src='https:\/\/soccer.aidatasports.com\/images\/players\/default-player.png';\"><span>Noah Mbamba<\/span><\/a><\/div>\n<div class=\"player\"><a href=\"https:\/\/soccer.aidatasports.com\/fr\/players\/Roman-Kvet-66175\"><img decoding=\"async\" src=\"https:\/\/soccer.aidatasports.com\/images\/players\/66175.png\" alt=\"Roman Kvet\" onerror=\"this.onerror=null;this.src='https:\/\/soccer.aidatasports.com\/images\/players\/default-player.png';\"><span>Roman Kvet<\/span><\/a><\/div>\n<div class=\"player\"><a href=\"https:\/\/soccer.aidatasports.com\/fr\/players\/Malcolm-Viltard-193719\"><img decoding=\"async\" src=\"https:\/\/soccer.aidatasports.com\/images\/players\/193719.png\" alt=\"Malcolm Viltard\" onerror=\"this.onerror=null;this.src='https:\/\/soccer.aidatasports.com\/images\/players\/default-player.png';\"><span>Malcolm Viltard<\/span><\/a><\/div>\n<div class=\"player\"><a href=\"https:\/\/soccer.aidatasports.com\/fr\/players\/David-To\u0161evski-137073\"><img decoding=\"async\" src=\"https:\/\/soccer.aidatasports.com\/images\/players\/137073.png\" alt=\"David To\u0161evski\" onerror=\"this.onerror=null;this.src='https:\/\/soccer.aidatasports.com\/images\/players\/default-player.png';\"><span>David To\u0161evski<\/span><\/a><\/div>\n<div class=\"player\"><a href=\"https:\/\/soccer.aidatasports.com\/fr\/players\/Bruny-Nsimba-267723\"><img decoding=\"async\" src=\"https:\/\/soccer.aidatasports.com\/images\/players\/267723.png\" alt=\"Bruny Nsimba\" onerror=\"this.onerror=null;this.src='https:\/\/soccer.aidatasports.com\/images\/players\/default-player.png';\"><span>Bruny Nsimba<\/span><\/a><\/div>\n<\/div>\n<div>\n<h4>Suplentes:<\/h4>\n<div class=\"player\"><a href=\"https:\/\/soccer.aidatasports.com\/fr\/players\/Junior-Marsoni-Sambu-Mansoni\u200b-131664\"><img decoding=\"async\" src=\"https:\/\/soccer.aidatasports.com\/images\/players\/131664.png\" alt=\"Junior Marsoni Sambu Mansoni\u200b\" onerror=\"this.onerror=null;this.src='https:\/\/soccer.aidatasports.com\/images\/players\/default-player.png';\"><span>Junior Marsoni Sambu Mansoni\u200b<\/span><\/a><\/div>\n<div class=\"player\"><a href=\"https:\/\/soccer.aidatasports.com\/fr\/players\/Mohamed-Berte-315025\"><img decoding=\"async\" src=\"https:\/\/soccer.aidatasports.com\/images\/players\/315025.png\" alt=\"Mohamed Berte\" onerror=\"this.onerror=null;this.src='https:\/\/soccer.aidatasports.com\/images\/players\/default-player.png';\"><span>Mohamed Berte<\/span><\/a><\/div>\n<div class=\"player\"><a href=\"https:\/\/soccer.aidatasports.com\/fr\/players\/Nathan-Rodes-8569\"><img decoding=\"async\" src=\"https:\/\/soccer.aidatasports.com\/images\/players\/8569.png\" alt=\"Nathan Rodes\" onerror=\"this.onerror=null;this.src='https:\/\/soccer.aidatasports.com\/images\/players\/default-player.png';\"><span>Nathan Rodes<\/span><\/a><\/div>\n<div class=\"player\"><a href=\"https:\/\/soccer.aidatasports.com\/fr\/players\/Louis-Fortin-267724\"><img decoding=\"async\" src=\"https:\/\/soccer.aidatasports.com\/images\/players\/267724.png\" alt=\"Louis Fortin\" onerror=\"this.onerror=null;this.src='https:\/\/soccer.aidatasports.com\/images\/players\/default-player.png';\"><span>Louis Fortin<\/span><\/a><\/div>\n<div class=\"player\"><a href=\"https:\/\/soccer.aidatasports.com\/fr\/players\/Alireza-Jahanbakhsh-2700\"><img decoding=\"async\" src=\"https:\/\/soccer.aidatasports.com\/images\/players\/2700.png\" alt=\"Alireza Jahanbakhsh\" onerror=\"this.onerror=null;this.src='https:\/\/soccer.aidatasports.com\/images\/players\/default-player.png';\"><span>Alireza Jahanbakhsh<\/span><\/a><\/div>\n<div class=\"player\"><a href=\"https:\/\/soccer.aidatasports.com\/fr\/players\/Krzysztof-Koton-375157\"><img decoding=\"async\" src=\"https:\/\/soccer.aidatasports.com\/images\/players\/375157.png\" alt=\"Krzysztof Koton\" onerror=\"this.onerror=null;this.src='https:\/\/soccer.aidatasports.com\/images\/players\/default-player.png';\"><span>Krzysztof Koton<\/span><\/a><\/div>\n<div class=\"player\"><a href=\"https:\/\/soccer.aidatasports.com\/fr\/players\/David-Hrn\u010d\u00e1r-98855\"><img decoding=\"async\" src=\"https:\/\/soccer.aidatasports.com\/images\/players\/98855.png\" alt=\"David Hrn\u010d\u00e1r\" onerror=\"this.onerror=null;this.src='https:\/\/soccer.aidatasports.com\/images\/players\/default-player.png';\"><span>David Hrn\u010d\u00e1r<\/span><\/a><\/div>\n<div class=\"player\"><a href=\"https:\/\/soccer.aidatasports.com\/fr\/players\/Nail-Moutha-Sebtaoui-415495\"><img decoding=\"async\" src=\"https:\/\/soccer.aidatasports.com\/images\/players\/415495.png\" alt=\"Nail Moutha-Sebtaoui\" onerror=\"this.onerror=null;this.src='https:\/\/soccer.aidatasports.com\/images\/players\/default-player.png';\"><span>Nail Moutha-Sebtaoui<\/span><\/a><\/div>\n<div class=\"player\"><a href=\"https:\/\/soccer.aidatasports.com\/fr\/players\/Jordan-Attah-Kadiri-130838\"><img decoding=\"async\" src=\"https:\/\/soccer.aidatasports.com\/images\/players\/130838.png\" alt=\"Jordan Attah Kadiri\" onerror=\"this.onerror=null;this.src='https:\/\/soccer.aidatasports.com\/images\/players\/default-player.png';\"><span>Jordan Attah Kadiri<\/span><\/a><\/div>\n<\/div>\n<\/div>\n<\/div>\n<\/div>\n<div id=\"wg-api-football-game\"\n                    data-host=\"xxxxx\"\n                    data-key=\"xxxx\"\n                    data-id=\"1382582\"\n                    data-theme=\"\"\n                    data-refresh=\"15\"\n                    data-show-errors=\"false\"\n                    data-show-logos=\"true\"><br \/>\n                    class=\u00a0\u00bbwg_loader\u00a0\u00bb>\n                <\/div>\n<div id=\"wg-api-football-standings\"\n                    data-host=\"xxxx\"\n                    data-key=\"ddddd\"\n                    data-league=\"144\"\n                    data-team=\"\"\n                    data-season=\"2025\"\n                    data-theme=\"\"\n                    data-show-errors=\"false\"\n                    data-show-logos=\"true\"\n                    class=\"wg_loader\">\n                <\/div>\n<p>                <script\n                    type=\"module\"\n                    src=\"https:\/\/soccer.aidatasports.com\/wp-content\/customjs\/widgetslocal.js\">\n                <\/script><\/p>\n","protected":false},"excerpt":{"rendered":"<p>Nouvelle en Fran\u00e7ais: Match Nul Intense entre KV Mechelen et Dender dans un Match Charg\u00e9&hellip;<\/p>\n","protected":false},"author":1,"featured_media":125438,"comment_status":"open","ping_status":"open","sticky":false,"template":"","format":"standard","meta":{"content-type":"","pmpro_default_level":"","_lmt_disableupdate":"","_lmt_disable":"","_league":15837,"_fixture":1382582,"penci_pfeatured_image_ratio":"","penci_single_style":"","footnotes":""},"categories":[15837],"tags":[4569,384],"class_list":["post-125439","post","type-post","status-publish","format-standard","has-post-thumbnail","hentry","category-matches","tag-dender-belgium-6215","tag-kv-mechelen-belgium-266","pmpro-has-access"],"_links":{"self":[{"href":"https:\/\/soccer.aidatasports.com\/fr\/wp-json\/wp\/v2\/posts\/125439"}],"collection":[{"href":"https:\/\/soccer.aidatasports.com\/fr\/wp-json\/wp\/v2\/posts"}],"about":[{"href":"https:\/\/soccer.aidatasports.com\/fr\/wp-json\/wp\/v2\/types\/post"}],"author":[{"embeddable":true,"href":"https:\/\/soccer.aidatasports.com\/fr\/wp-json\/wp\/v2\/users\/1"}],"replies":[{"embeddable":true,"href":"https:\/\/soccer.aidatasports.com\/fr\/wp-json\/wp\/v2\/comments?post=125439"}],"version-history":[{"count":0,"href":"https:\/\/soccer.aidatasports.com\/fr\/wp-json\/wp\/v2\/posts\/125439\/revisions"}],"wp:featuredmedia":[{"embeddable":true,"href":"https:\/\/soccer.aidatasports.com\/fr\/wp-json\/wp\/v2\/media\/125438"}],"wp:attachment":[{"href":"https:\/\/soccer.aidatasports.com\/fr\/wp-json\/wp\/v2\/media?parent=125439"}],"wp:term":[{"taxonomy":"category","embeddable":true,"href":"https:\/\/soccer.aidatasports.com\/fr\/wp-json\/wp\/v2\/categories?post=125439"},{"taxonomy":"post_tag","embeddable":true,"href":"https:\/\/soccer.aidatasports.com\/fr\/wp-json\/wp\/v2\/tags?post=125439"}],"curies":[{"name":"wp","href":"https:\/\/api.w.org\/{rel}","templated":true}]}}