{"id":124726,"date":"2025-12-20T16:30:38","date_gmt":"2025-12-20T16:30:38","guid":{"rendered":"https:\/\/soccer.aidatasports.com\/fr\/uncategorized\/fc-augsburg-vs-werder-bremen-dec-20-2025-1430-utc\/"},"modified":"2025-12-20T16:30:38","modified_gmt":"2025-12-20T16:30:38","slug":"fc-augsburg-vs-werder-bremen-dec-20-2025-1430-utc","status":"publish","type":"post","link":"https:\/\/soccer.aidatasports.com\/fr\/matches\/fc-augsburg-vs-werder-bremen-dec-20-2025-1430-utc\/","title":{"rendered":"FC Augsburg vs Werder Bremen Dec 20 2025 14:30 UTC"},"content":{"rendered":"<p><strong>Fran\u00e7ais<\/strong><\/p>\n<p><strong>Match nul et vierge \u00e0 Augsbourg dans un match disput\u00e9<\/strong><\/p>\n<p>Augsbourg, Allemagne &#8211; Lors d&rsquo;un match de Bundesliga disput\u00e9 \u00e0 la WWK Arena, le FC Augsbourg et le Werder Br\u00eame ont fait match nul 0-0 dans une rencontre marqu\u00e9e par l&rsquo;intensit\u00e9 et la lutte au milieu de terrain. Bien qu&rsquo;Augsbourg ait domin\u00e9 la possession de balle avec 53 % contre 47 % pour le Werder Br\u00eame, aucune des deux \u00e9quipes n&rsquo;a r\u00e9ussi \u00e0 percer la d\u00e9fense adverse.<\/p>\n<p>Le match a \u00e9t\u00e9 caract\u00e9ris\u00e9 par un jeu physique, refl\u00e9t\u00e9 par les nombreux cartons jaunes distribu\u00e9s par l&rsquo;arbitre Tobias Welz. Pour Augsbourg, D. Giannoulis, N. Banks et C. Zesiger ont re\u00e7u des cartons jaunes. Le Werder Br\u00eame a \u00e9galement accumul\u00e9 des cartons jaunes, pour R. Schmid, A. Pieper et S. Lynen.<\/p>\n<p>Augsbourg a tent\u00e9 de cr\u00e9er du danger avec 13 tirs, dont 6 cadr\u00e9s, mais en vain. Le Werder Br\u00eame, quant \u00e0 lui, a eu 9 tirs, mais aucun n&rsquo;a r\u00e9ussi \u00e0 inqui\u00e9ter le gardien de but local. Un but de A. Claude-Maurice pour Augsbourg a \u00e9t\u00e9 refus\u00e9 par la VAR en raison d&rsquo;une faute.<\/p>\n<p>Malgr\u00e9 les efforts des deux \u00e9quipes, le score est rest\u00e9 inchang\u00e9 et le match s&rsquo;est termin\u00e9 par un match nul et vierge. Le FC Augsbourg a remport\u00e9 un point \u00e0 domicile, tandis que le Werder Br\u00eame ram\u00e8ne un point pr\u00e9cieux de sa visite \u00e0 Augsbourg.<\/p>\n<p>Remplacements dans l&rsquo;quipe de fc augsburg: \u00c0 la 46e minute, M. Wolf est entr\u00e9 et M. Komur est sorti., \u00c0 la 56e minute, D. Giannoulis est entr\u00e9 et M. Pedersen est sorti., \u00c0 la 56e minute, K. Jakic est entr\u00e9 et E. Rexhbecaj est sorti., \u00c0 la 78e minute, F. Rieder est entr\u00e9 et A. Dardari est sorti., \u00c0 la 90e minute, H. Massengo est entr\u00e9 et P. Tietz est sorti. <\/p>\n<p>Remplacements dans l&rsquo;quipe de werder bremen: \u00c0 la 68e minute, J. Njinmah est entr\u00e9 et M. Grull est sorti., \u00c0 la 75e minute, C. Puertas est entr\u00e9 et P. Covic est sorti., \u00c0 la 83e minute, N. Stark est entr\u00e9 et J. Malatini est sorti., \u00c0 la 83e minute, I. Schmidt est entr\u00e9 et K. Topp est sorti. <\/p>\n<p>Les \u00e9quipes se sont align\u00e9es comme suit:<\/p>\n<div class=\"lineups-container\">\n<style>\n                .lineups-container {\n                    display: flex;\n                    justify-content: space-around;\n                    flex-wrap: wrap;\n                }\n                .team-lineup {\n                    width: 49%;\n                    margin-bottom: 20px;\n                    border: 1px solid #ccc;\n                    padding: 5px;\n                }\n                .team-lineup h3 {\n                    text-align: center;\n                    margin-bottom: 10px;\n                }\n                .players-container {\n                    display: flex;\n                    justify-content: space-between;\n                }\n                .players-container div {\n                    width: 100%;\n                }\n                .player {\n                    display: flex;\n                    align-items: center;\n                    margin-bottom: 5px;\n                }\n                .player img {\n                    width: 30px;\n                    height: 30px;\n                    border-radius: 50%;\n                    margin-right: 10px;\n                }\n                    @media (max-width: 600px) {\n                    .team-lineup {\n                        width: 100%;\n                    }\n                }\n                <\/style>\n<div class=\"team-lineup\">\n<h3>FC Augsburg<\/h3>\n<p><img decoding=\"async\" src=\"https:\/\/media.api-sports.io\/football\/teams\/170.png\" alt=\"FC Augsburg\" style=\"width: 50px; height: 50px;\"><\/p>\n<div class=\"players-container\">\n<div>\n<h4>Titulares:<\/h4>\n<div class=\"player\"><a href=\"https:\/\/soccer.aidatasports.com\/fr\/players\/Finn-Dahmen-25903\"><img decoding=\"async\" src=\"https:\/\/soccer.aidatasports.com\/images\/players\/25903.png\" alt=\"Finn Dahmen\" onerror=\"this.onerror=null;this.src='https:\/\/soccer.aidatasports.com\/images\/players\/default-player.png';\"><span>Finn Dahmen<\/span><\/a><\/div>\n<div class=\"player\"><a href=\"https:\/\/soccer.aidatasports.com\/fr\/players\/Noahkai-Banks-413065\"><img decoding=\"async\" src=\"https:\/\/soccer.aidatasports.com\/images\/players\/413065.png\" alt=\"Noahkai Banks\" onerror=\"this.onerror=null;this.src='https:\/\/soccer.aidatasports.com\/images\/players\/default-player.png';\"><span>Noahkai Banks<\/span><\/a><\/div>\n<div class=\"player\"><a href=\"https:\/\/soccer.aidatasports.com\/fr\/players\/Keven-Schlotterbeck-26242\"><img decoding=\"async\" src=\"https:\/\/soccer.aidatasports.com\/images\/players\/26242.png\" alt=\"Keven Schlotterbeck\" onerror=\"this.onerror=null;this.src='https:\/\/soccer.aidatasports.com\/images\/players\/default-player.png';\"><span>Keven Schlotterbeck<\/span><\/a><\/div>\n<div class=\"player\"><a href=\"https:\/\/soccer.aidatasports.com\/fr\/players\/Cedric-Zesiger-48574\"><img decoding=\"async\" src=\"https:\/\/soccer.aidatasports.com\/images\/players\/48574.png\" alt=\"Cedric Zesiger\" onerror=\"this.onerror=null;this.src='https:\/\/soccer.aidatasports.com\/images\/players\/default-player.png';\"><span>Cedric Zesiger<\/span><\/a><\/div>\n<div class=\"player\"><a href=\"https:\/\/soccer.aidatasports.com\/fr\/players\/Robin-Fellhauer-143831\"><img decoding=\"async\" src=\"https:\/\/soccer.aidatasports.com\/images\/players\/143831.png\" alt=\"Robin Fellhauer\" onerror=\"this.onerror=null;this.src='https:\/\/soccer.aidatasports.com\/images\/players\/default-player.png';\"><span>Robin Fellhauer<\/span><\/a><\/div>\n<div class=\"player\"><a href=\"https:\/\/soccer.aidatasports.com\/fr\/players\/Kristijan-Jaki\u0107-14395\"><img decoding=\"async\" src=\"https:\/\/soccer.aidatasports.com\/images\/players\/14395.png\" alt=\"Kristijan Jaki\u0107\" onerror=\"this.onerror=null;this.src='https:\/\/soccer.aidatasports.com\/images\/players\/default-player.png';\"><span>Kristijan Jaki\u0107<\/span><\/a><\/div>\n<div class=\"player\"><a href=\"https:\/\/soccer.aidatasports.com\/fr\/players\/Han-Noah-Massengo-110\"><img decoding=\"async\" src=\"https:\/\/soccer.aidatasports.com\/images\/players\/110.png\" alt=\"Han-Noah Massengo\" onerror=\"this.onerror=null;this.src='https:\/\/soccer.aidatasports.com\/images\/players\/default-player.png';\"><span>Han-Noah Massengo<\/span><\/a><\/div>\n<div class=\"player\"><a href=\"https:\/\/soccer.aidatasports.com\/fr\/players\/Dimitrios-Giannoulis-2360\"><img decoding=\"async\" src=\"https:\/\/soccer.aidatasports.com\/images\/players\/2360.png\" alt=\"Dimitrios Giannoulis\" onerror=\"this.onerror=null;this.src='https:\/\/soccer.aidatasports.com\/images\/players\/default-player.png';\"><span>Dimitrios Giannoulis<\/span><\/a><\/div>\n<div class=\"player\"><a href=\"https:\/\/soccer.aidatasports.com\/fr\/players\/Fabian-Rieder-163032\"><img decoding=\"async\" src=\"https:\/\/soccer.aidatasports.com\/images\/players\/163032.png\" alt=\"Fabian Rieder\" onerror=\"this.onerror=null;this.src='https:\/\/soccer.aidatasports.com\/images\/players\/default-player.png';\"><span>Fabian Rieder<\/span><\/a><\/div>\n<div class=\"player\"><a href=\"https:\/\/soccer.aidatasports.com\/fr\/players\/Alexis-Claude-Maurice-20634\"><img decoding=\"async\" src=\"https:\/\/soccer.aidatasports.com\/images\/players\/20634.png\" alt=\"Alexis Claude-Maurice\" onerror=\"this.onerror=null;this.src='https:\/\/soccer.aidatasports.com\/images\/players\/default-player.png';\"><span>Alexis Claude-Maurice<\/span><\/a><\/div>\n<div class=\"player\"><a href=\"https:\/\/soccer.aidatasports.com\/fr\/players\/Marius-Wolf-26\"><img decoding=\"async\" src=\"https:\/\/soccer.aidatasports.com\/images\/players\/26.png\" alt=\"Marius Wolf\" onerror=\"this.onerror=null;this.src='https:\/\/soccer.aidatasports.com\/images\/players\/default-player.png';\"><span>Marius Wolf<\/span><\/a><\/div>\n<\/div>\n<div>\n<h4>Suplentes:<\/h4>\n<div class=\"player\"><a href=\"https:\/\/soccer.aidatasports.com\/fr\/players\/Mert-K\u00f6m\u00fcr-348888\"><img decoding=\"async\" src=\"https:\/\/soccer.aidatasports.com\/images\/players\/348888.png\" alt=\"Mert K\u00f6m\u00fcr\" onerror=\"this.onerror=null;this.src='https:\/\/soccer.aidatasports.com\/images\/players\/default-player.png';\"><span>Mert K\u00f6m\u00fcr<\/span><\/a><\/div>\n<div class=\"player\"><a href=\"https:\/\/soccer.aidatasports.com\/fr\/players\/Mads-Pedersen-15901\"><img decoding=\"async\" src=\"https:\/\/soccer.aidatasports.com\/images\/players\/15901.png\" alt=\"Mads Pedersen\" onerror=\"this.onerror=null;this.src='https:\/\/soccer.aidatasports.com\/images\/players\/default-player.png';\"><span>Mads Pedersen<\/span><\/a><\/div>\n<div class=\"player\"><a href=\"https:\/\/soccer.aidatasports.com\/fr\/players\/Elvis-Rexhbe\u00e7aj-25413\"><img decoding=\"async\" src=\"https:\/\/soccer.aidatasports.com\/images\/players\/25413.png\" alt=\"Elvis Rexhbe\u00e7aj\" onerror=\"this.onerror=null;this.src='https:\/\/soccer.aidatasports.com\/images\/players\/default-player.png';\"><span>Elvis Rexhbe\u00e7aj<\/span><\/a><\/div>\n<div class=\"player\"><a href=\"https:\/\/soccer.aidatasports.com\/fr\/players\/Nediljko-Labrovi\u0107-14553\"><img decoding=\"async\" src=\"https:\/\/soccer.aidatasports.com\/images\/players\/14553.png\" alt=\"Nediljko Labrovi\u0107\" onerror=\"this.onerror=null;this.src='https:\/\/soccer.aidatasports.com\/images\/players\/default-player.png';\"><span>Nediljko Labrovi\u0107<\/span><\/a><\/div>\n<div class=\"player\"><a href=\"https:\/\/soccer.aidatasports.com\/fr\/players\/Oliver-Sorg-404895\"><img decoding=\"async\" src=\"https:\/\/soccer.aidatasports.com\/images\/players\/404895.png\" alt=\"Oliver Sorg\" onerror=\"this.onerror=null;this.src='https:\/\/soccer.aidatasports.com\/images\/players\/default-player.png';\"><span>Oliver Sorg<\/span><\/a><\/div>\n<div class=\"player\"><a href=\"https:\/\/soccer.aidatasports.com\/fr\/players\/Arne-Maier-25355\"><img decoding=\"async\" src=\"https:\/\/soccer.aidatasports.com\/images\/players\/25355.png\" alt=\"Arne Maier\" onerror=\"this.onerror=null;this.src='https:\/\/soccer.aidatasports.com\/images\/players\/default-player.png';\"><span>Arne Maier<\/span><\/a><\/div>\n<div class=\"player\"><a href=\"https:\/\/soccer.aidatasports.com\/fr\/players\/Tim-Schnitzer-585671\"><img decoding=\"async\" src=\"https:\/\/soccer.aidatasports.com\/images\/players\/585671.png\" alt=\"Tim Schnitzer\" onerror=\"this.onerror=null;this.src='https:\/\/soccer.aidatasports.com\/images\/players\/default-player.png';\"><span>Tim Schnitzer<\/span><\/a><\/div>\n<div class=\"player\"><a href=\"https:\/\/soccer.aidatasports.com\/fr\/players\/Aiman-Dardari-380518\"><img decoding=\"async\" src=\"https:\/\/soccer.aidatasports.com\/images\/players\/380518.png\" alt=\"Aiman Dardari\" onerror=\"this.onerror=null;this.src='https:\/\/soccer.aidatasports.com\/images\/players\/default-player.png';\"><span>Aiman Dardari<\/span><\/a><\/div>\n<div class=\"player\"><a href=\"https:\/\/soccer.aidatasports.com\/fr\/players\/Phillip-Tietz-26171\"><img decoding=\"async\" src=\"https:\/\/soccer.aidatasports.com\/images\/players\/26171.png\" alt=\"Phillip Tietz\" onerror=\"this.onerror=null;this.src='https:\/\/soccer.aidatasports.com\/images\/players\/default-player.png';\"><span>Phillip Tietz<\/span><\/a><\/div>\n<\/div>\n<\/div>\n<\/div>\n<div class=\"team-lineup\">\n<h3>Werder Bremen<\/h3>\n<p><img decoding=\"async\" src=\"https:\/\/media.api-sports.io\/football\/teams\/162.png\" alt=\"Werder Bremen\" style=\"width: 50px; height: 50px;\"><\/p>\n<div class=\"players-container\">\n<div>\n<h4>Titulares:<\/h4>\n<div class=\"player\"><a href=\"https:\/\/soccer.aidatasports.com\/fr\/players\/Mio-Backhaus-329578\"><img decoding=\"async\" src=\"https:\/\/soccer.aidatasports.com\/images\/players\/329578.png\" alt=\"Mio Backhaus\" onerror=\"this.onerror=null;this.src='https:\/\/soccer.aidatasports.com\/images\/players\/default-player.png';\"><span>Mio Backhaus<\/span><\/a><\/div>\n<div class=\"player\"><a href=\"https:\/\/soccer.aidatasports.com\/fr\/players\/Niklas-Stark-2916\"><img decoding=\"async\" src=\"https:\/\/soccer.aidatasports.com\/images\/players\/2916.png\" alt=\"Niklas Stark\" onerror=\"this.onerror=null;this.src='https:\/\/soccer.aidatasports.com\/images\/players\/default-player.png';\"><span>Niklas Stark<\/span><\/a><\/div>\n<div class=\"player\"><a href=\"https:\/\/soccer.aidatasports.com\/fr\/players\/Marco-Friedl-25314\"><img decoding=\"async\" src=\"https:\/\/soccer.aidatasports.com\/images\/players\/25314.png\" alt=\"Marco Friedl\" onerror=\"this.onerror=null;this.src='https:\/\/soccer.aidatasports.com\/images\/players\/default-player.png';\"><span>Marco Friedl<\/span><\/a><\/div>\n<div class=\"player\"><a href=\"https:\/\/soccer.aidatasports.com\/fr\/players\/Amos-Pieper-25011\"><img decoding=\"async\" src=\"https:\/\/soccer.aidatasports.com\/images\/players\/25011.png\" alt=\"Amos Pieper\" onerror=\"this.onerror=null;this.src='https:\/\/soccer.aidatasports.com\/images\/players\/default-player.png';\"><span>Amos Pieper<\/span><\/a><\/div>\n<div class=\"player\"><a href=\"https:\/\/soccer.aidatasports.com\/fr\/players\/Yukinari-Sugawara-32887\"><img decoding=\"async\" src=\"https:\/\/soccer.aidatasports.com\/images\/players\/32887.png\" alt=\"Yukinari Sugawara\" onerror=\"this.onerror=null;this.src='https:\/\/soccer.aidatasports.com\/images\/players\/default-player.png';\"><span>Yukinari Sugawara<\/span><\/a><\/div>\n<div class=\"player\"><a href=\"https:\/\/soccer.aidatasports.com\/fr\/players\/Jens-Stage-15592\"><img decoding=\"async\" src=\"https:\/\/soccer.aidatasports.com\/images\/players\/15592.png\" alt=\"Jens Stage\" onerror=\"this.onerror=null;this.src='https:\/\/soccer.aidatasports.com\/images\/players\/default-player.png';\"><span>Jens Stage<\/span><\/a><\/div>\n<div class=\"player\"><a href=\"https:\/\/soccer.aidatasports.com\/fr\/players\/Senne-Lynen-38798\"><img decoding=\"async\" src=\"https:\/\/soccer.aidatasports.com\/images\/players\/38798.png\" alt=\"Senne Lynen\" onerror=\"this.onerror=null;this.src='https:\/\/soccer.aidatasports.com\/images\/players\/default-player.png';\"><span>Senne Lynen<\/span><\/a><\/div>\n<div class=\"player\"><a href=\"https:\/\/soccer.aidatasports.com\/fr\/players\/Cameron-Puertas-48642\"><img decoding=\"async\" src=\"https:\/\/soccer.aidatasports.com\/images\/players\/48642.png\" alt=\"Cameron Puertas\" onerror=\"this.onerror=null;this.src='https:\/\/soccer.aidatasports.com\/images\/players\/default-player.png';\"><span>Cameron Puertas<\/span><\/a><\/div>\n<div class=\"player\"><a href=\"https:\/\/soccer.aidatasports.com\/fr\/players\/Isaac-Schmidt-265372\"><img decoding=\"async\" src=\"https:\/\/soccer.aidatasports.com\/images\/players\/265372.png\" alt=\"Isaac Schmidt\" onerror=\"this.onerror=null;this.src='https:\/\/soccer.aidatasports.com\/images\/players\/default-player.png';\"><span>Isaac Schmidt<\/span><\/a><\/div>\n<div class=\"player\"><a href=\"https:\/\/soccer.aidatasports.com\/fr\/players\/Justin-Njinmah-177807\"><img decoding=\"async\" src=\"https:\/\/soccer.aidatasports.com\/images\/players\/177807.png\" alt=\"Justin Njinmah\" onerror=\"this.onerror=null;this.src='https:\/\/soccer.aidatasports.com\/images\/players\/default-player.png';\"><span>Justin Njinmah<\/span><\/a><\/div>\n<div class=\"player\"><a href=\"https:\/\/soccer.aidatasports.com\/fr\/players\/Romano-Schmid-7562\"><img decoding=\"async\" src=\"https:\/\/soccer.aidatasports.com\/images\/players\/7562.png\" alt=\"Romano Schmid\" onerror=\"this.onerror=null;this.src='https:\/\/soccer.aidatasports.com\/images\/players\/default-player.png';\"><span>Romano Schmid<\/span><\/a><\/div>\n<\/div>\n<div>\n<h4>Suplentes:<\/h4>\n<div class=\"player\"><a href=\"https:\/\/soccer.aidatasports.com\/fr\/players\/Marco-Gr\u00fcll-7073\"><img decoding=\"async\" src=\"https:\/\/soccer.aidatasports.com\/images\/players\/7073.png\" alt=\"Marco Gr\u00fcll\" onerror=\"this.onerror=null;this.src='https:\/\/soccer.aidatasports.com\/images\/players\/default-player.png';\"><span>Marco Gr\u00fcll<\/span><\/a><\/div>\n<div class=\"player\"><a href=\"https:\/\/soccer.aidatasports.com\/fr\/players\/Karl-Hein-169295\"><img decoding=\"async\" src=\"https:\/\/soccer.aidatasports.com\/images\/players\/169295.png\" alt=\"Karl Hein\" onerror=\"this.onerror=null;this.src='https:\/\/soccer.aidatasports.com\/images\/players\/default-player.png';\"><span>Karl Hein<\/span><\/a><\/div>\n<div class=\"player\"><a href=\"https:\/\/soccer.aidatasports.com\/fr\/players\/Maximilian-W\u00f6ber-2048\"><img decoding=\"async\" src=\"https:\/\/soccer.aidatasports.com\/images\/players\/2048.png\" alt=\"Maximilian W\u00f6ber\" onerror=\"this.onerror=null;this.src='https:\/\/soccer.aidatasports.com\/images\/players\/default-player.png';\"><span>Maximilian W\u00f6ber<\/span><\/a><\/div>\n<div class=\"player\"><a href=\"https:\/\/soccer.aidatasports.com\/fr\/players\/Juli\u00e1n-Malatini-289460\"><img decoding=\"async\" src=\"https:\/\/soccer.aidatasports.com\/images\/players\/289460.png\" alt=\"Juli\u00e1n Malatini\" onerror=\"this.onerror=null;this.src='https:\/\/soccer.aidatasports.com\/images\/players\/default-player.png';\"><span>Juli\u00e1n Malatini<\/span><\/a><\/div>\n<div class=\"player\"><a href=\"https:\/\/soccer.aidatasports.com\/fr\/players\/Mick-Schmetgens-444984\"><img decoding=\"async\" src=\"https:\/\/soccer.aidatasports.com\/images\/players\/444984.png\" alt=\"Mick Schmetgens\" onerror=\"this.onerror=null;this.src='https:\/\/soccer.aidatasports.com\/images\/players\/default-player.png';\"><span>Mick Schmetgens<\/span><\/a><\/div>\n<div class=\"player\"><a href=\"https:\/\/soccer.aidatasports.com\/fr\/players\/Isak-Hansen-Aar\u00f8en-216770\"><img decoding=\"async\" src=\"https:\/\/soccer.aidatasports.com\/images\/players\/216770.png\" alt=\"Isak Hansen Aar\u00f8en\" onerror=\"this.onerror=null;this.src='https:\/\/soccer.aidatasports.com\/images\/players\/default-player.png';\"><span>Isak Hansen Aar\u00f8en<\/span><\/a><\/div>\n<div class=\"player\"><a href=\"https:\/\/soccer.aidatasports.com\/fr\/players\/Skelly-Alvero-193720\"><img decoding=\"async\" src=\"https:\/\/soccer.aidatasports.com\/images\/players\/193720.png\" alt=\"Skelly Alvero\" onerror=\"this.onerror=null;this.src='https:\/\/soccer.aidatasports.com\/images\/players\/default-player.png';\"><span>Skelly Alvero<\/span><\/a><\/div>\n<div class=\"player\"><a href=\"https:\/\/soccer.aidatasports.com\/fr\/players\/Patrice-\u010covi\u0107-448468\"><img decoding=\"async\" src=\"https:\/\/soccer.aidatasports.com\/images\/players\/448468.png\" alt=\"Patrice \u010covi\u0107\" onerror=\"this.onerror=null;this.src='https:\/\/soccer.aidatasports.com\/images\/players\/default-player.png';\"><span>Patrice \u010covi\u0107<\/span><\/a><\/div>\n<div class=\"player\"><a href=\"https:\/\/soccer.aidatasports.com\/fr\/players\/Keke-Topp-334334\"><img decoding=\"async\" src=\"https:\/\/soccer.aidatasports.com\/images\/players\/334334.png\" alt=\"Keke Topp\" onerror=\"this.onerror=null;this.src='https:\/\/soccer.aidatasports.com\/images\/players\/default-player.png';\"><span>Keke Topp<\/span><\/a><\/div>\n<\/div>\n<\/div>\n<\/div>\n<\/div>\n<div id=\"wg-api-football-game\"\n                    data-host=\"xxxxx\"\n                    data-key=\"xxxx\"\n                    data-id=\"1388434\"\n                    data-theme=\"\"\n                    data-refresh=\"15\"\n                    data-show-errors=\"false\"\n                    data-show-logos=\"true\"><br \/>\n                    class=\u00a0\u00bbwg_loader\u00a0\u00bb>\n                <\/div>\n<div id=\"wg-api-football-standings\"\n                    data-host=\"xxxx\"\n                    data-key=\"ddddd\"\n                    data-league=\"78\"\n                    data-team=\"\"\n                    data-season=\"2025\"\n                    data-theme=\"\"\n                    data-show-errors=\"false\"\n                    data-show-logos=\"true\"\n                    class=\"wg_loader\">\n                <\/div>\n<p>                <script\n                    type=\"module\"\n                    src=\"https:\/\/soccer.aidatasports.com\/wp-content\/customjs\/widgetslocal.js\">\n                <\/script><\/p>\n","protected":false},"excerpt":{"rendered":"<p>Fran\u00e7ais Match nul et vierge \u00e0 Augsbourg dans un match disput\u00e9 Augsbourg, Allemagne &#8211; Lors&hellip;<\/p>\n","protected":false},"author":1,"featured_media":124725,"comment_status":"open","ping_status":"open","sticky":false,"template":"","format":"standard","meta":{"content-type":"","pmpro_default_level":"","_lmt_disableupdate":"","_lmt_disable":"","_league":15837,"_fixture":1388434,"penci_pfeatured_image_ratio":"","penci_single_style":"","footnotes":""},"categories":[15837],"tags":[293,285],"class_list":["post-124726","post","type-post","status-publish","format-standard","has-post-thumbnail","hentry","category-matches","tag-fc-augsburg-germany-170","tag-werder-bremen-germany-162","pmpro-has-access"],"_links":{"self":[{"href":"https:\/\/soccer.aidatasports.com\/fr\/wp-json\/wp\/v2\/posts\/124726"}],"collection":[{"href":"https:\/\/soccer.aidatasports.com\/fr\/wp-json\/wp\/v2\/posts"}],"about":[{"href":"https:\/\/soccer.aidatasports.com\/fr\/wp-json\/wp\/v2\/types\/post"}],"author":[{"embeddable":true,"href":"https:\/\/soccer.aidatasports.com\/fr\/wp-json\/wp\/v2\/users\/1"}],"replies":[{"embeddable":true,"href":"https:\/\/soccer.aidatasports.com\/fr\/wp-json\/wp\/v2\/comments?post=124726"}],"version-history":[{"count":0,"href":"https:\/\/soccer.aidatasports.com\/fr\/wp-json\/wp\/v2\/posts\/124726\/revisions"}],"wp:featuredmedia":[{"embeddable":true,"href":"https:\/\/soccer.aidatasports.com\/fr\/wp-json\/wp\/v2\/media\/124725"}],"wp:attachment":[{"href":"https:\/\/soccer.aidatasports.com\/fr\/wp-json\/wp\/v2\/media?parent=124726"}],"wp:term":[{"taxonomy":"category","embeddable":true,"href":"https:\/\/soccer.aidatasports.com\/fr\/wp-json\/wp\/v2\/categories?post=124726"},{"taxonomy":"post_tag","embeddable":true,"href":"https:\/\/soccer.aidatasports.com\/fr\/wp-json\/wp\/v2\/tags?post=124726"}],"curies":[{"name":"wp","href":"https:\/\/api.w.org\/{rel}","templated":true}]}}