{"id":124071,"date":"2025-12-15T22:50:48","date_gmt":"2025-12-15T22:50:48","guid":{"rendered":"https:\/\/soccer.aidatasports.com\/fr\/uncategorized\/fc-porto-vs-estrela-dec-15-2025-2045-utc\/"},"modified":"2025-12-15T22:50:48","modified_gmt":"2025-12-15T22:50:48","slug":"fc-porto-vs-estrela-dec-15-2025-2045-utc","status":"publish","type":"post","link":"https:\/\/soccer.aidatasports.com\/fr\/matches\/fc-porto-vs-estrela-dec-15-2025-2045-utc\/","title":{"rendered":"FC Porto vs Estrela Dec 15 2025 20:45 UTC"},"content":{"rendered":"<p><strong>Fran\u00e7ais<\/strong><\/p>\n<p><strong>Le FC Porto Surmonte Estrela dans un Match Palpitant \u00e0 l&rsquo;Est\u00e1dio Do Drag\u00e3o<\/strong><\/p>\n<p>Porto, Portugal &#8211; Lors d&rsquo;un match disput\u00e9 le 15 d\u00e9cembre 2025, le FC Porto a battu Estrela \u00e0 l&rsquo;Est\u00e1dio Do Drag\u00e3o, lors de la 14e journ\u00e9e de la Primeira Liga. L&rsquo;\u00e9quipe locale a domin\u00e9 le match avec 66 % de possession, d\u00e9montrant sa sup\u00e9riorit\u00e9 sur le terrain.<\/p>\n<p>Le FC Porto a ouvert le score \u00e0 la 17e minute gr\u00e2ce \u00e0 un but de Samu sur penalty. Estrela a r\u00e9agi en seconde p\u00e9riode, avec A. Marcus marquant un but \u00e0 la 60e minute, sur une passe de S. Cabral, \u00e9galisant momentan\u00e9ment le score. Cependant, la joie d&rsquo;Estrela fut de courte dur\u00e9e, car F. Moura a redonn\u00e9 l&rsquo;avantage au FC Porto \u00e0 la 63e minute. Samu a scell\u00e9 la victoire du FC Porto avec un autre but \u00e0 la 73e minute.<\/p>\n<p>Le match a \u00e9t\u00e9 intense, avec un total de six cartons jaunes distribu\u00e9s, un pour le FC Porto et cinq pour Estrela. Le FC Porto a pris 20 tirs, dont 7 cadr\u00e9s, tandis qu&rsquo;Estrela n&rsquo;a r\u00e9ussi que 6 tirs, dont un cadr\u00e9. Le FC Porto a \u00e9galement eu 4 corners, tandis qu&rsquo;Estrela n&rsquo;en a obtenu aucun.<\/p>\n<p>L&rsquo;arbitre Miguel Andre Monteiro Fonseca a pass\u00e9 une soir\u00e9e charg\u00e9e, contr\u00f4lant un match avec de nombreuses fautes, 11 pour le FC Porto et 17 pour Estrela. Le FC Porto ajoute trois pr\u00e9cieux points dans la lutte pour la t\u00eate de la Primeira Liga.<\/p>\n<p>Remplacements dans l&rsquo;quipe de estrela: \u00c0 la 61e minute, Kikas est entr\u00e9 et Jovane est sorti., \u00c0 la 61e minute, I. Stoica est entr\u00e9 et J. Encada est sorti., \u00c0 la 76e minute, A. Marcus est entr\u00e9 et Rodrigo Pinho est sorti., \u00c0 la 76e minute, P. Moreira est entr\u00e9 et J. Gastao est sorti., \u00c0 la 84e minute, S. Cabral est entr\u00e9 et J. Meireles est sorti. <\/p>\n<p>Remplacements dans l&rsquo;quipe de fc porto: \u00c0 la 65e minute, Pepe est entr\u00e9 et William Gomes est sorti., \u00c0 la 65e minute, A. Varela est entr\u00e9 et P. Rosario est sorti., \u00c0 la 75e minute, A. Costa est entr\u00e9 et M. Fernandes est sorti., \u00c0 la 76e minute, R. Mora est entr\u00e9 et G. Veiga est sorti., \u00c0 la 82e minute, Samu est entr\u00e9 et D. Gul est sorti. <\/p>\n<p>Les \u00e9quipes se sont align\u00e9es comme suit:<\/p>\n<div class=\"lineups-container\">\n<style>\n                .lineups-container {\n                    display: flex;\n                    justify-content: space-around;\n                    flex-wrap: wrap;\n                }\n                .team-lineup {\n                    width: 49%;\n                    margin-bottom: 20px;\n                    border: 1px solid #ccc;\n                    padding: 5px;\n                }\n                .team-lineup h3 {\n                    text-align: center;\n                    margin-bottom: 10px;\n                }\n                .players-container {\n                    display: flex;\n                    justify-content: space-between;\n                }\n                .players-container div {\n                    width: 100%;\n                }\n                .player {\n                    display: flex;\n                    align-items: center;\n                    margin-bottom: 5px;\n                }\n                .player img {\n                    width: 30px;\n                    height: 30px;\n                    border-radius: 50%;\n                    margin-right: 10px;\n                }\n                    @media (max-width: 600px) {\n                    .team-lineup {\n                        width: 100%;\n                    }\n                }\n                <\/style>\n<div class=\"team-lineup\">\n<h3>FC Porto<\/h3>\n<p><img decoding=\"async\" src=\"https:\/\/media.api-sports.io\/football\/teams\/212.png\" alt=\"FC Porto\" style=\"width: 50px; height: 50px;\"><\/p>\n<div class=\"players-container\">\n<div>\n<h4>Titulares:<\/h4>\n<div class=\"player\"><a href=\"https:\/\/soccer.aidatasports.com\/fr\/players\/Diogo-Costa-369\"><img decoding=\"async\" src=\"https:\/\/soccer.aidatasports.com\/images\/players\/369.png\" alt=\"Diogo Costa\" onerror=\"this.onerror=null;this.src='https:\/\/soccer.aidatasports.com\/images\/players\/default-player.png';\"><span>Diogo Costa<\/span><\/a><\/div>\n<div class=\"player\"><a href=\"https:\/\/soccer.aidatasports.com\/fr\/players\/Alberto-Costa-330419\"><img decoding=\"async\" src=\"https:\/\/soccer.aidatasports.com\/images\/players\/330419.png\" alt=\"Alberto Costa\" onerror=\"this.onerror=null;this.src='https:\/\/soccer.aidatasports.com\/images\/players\/default-player.png';\"><span>Alberto Costa<\/span><\/a><\/div>\n<div class=\"player\"><a href=\"https:\/\/soccer.aidatasports.com\/fr\/players\/Jan-Bednarek-2999\"><img decoding=\"async\" src=\"https:\/\/soccer.aidatasports.com\/images\/players\/2999.png\" alt=\"Jan Bednarek\" onerror=\"this.onerror=null;this.src='https:\/\/soccer.aidatasports.com\/images\/players\/default-player.png';\"><span>Jan Bednarek<\/span><\/a><\/div>\n<div class=\"player\"><a href=\"https:\/\/soccer.aidatasports.com\/fr\/players\/Jakub-Kiwior-61431\"><img decoding=\"async\" src=\"https:\/\/soccer.aidatasports.com\/images\/players\/61431.png\" alt=\"Jakub Kiwior\" onerror=\"this.onerror=null;this.src='https:\/\/soccer.aidatasports.com\/images\/players\/default-player.png';\"><span>Jakub Kiwior<\/span><\/a><\/div>\n<div class=\"player\"><a href=\"https:\/\/soccer.aidatasports.com\/fr\/players\/Francisco-Moura-41966\"><img decoding=\"async\" src=\"https:\/\/soccer.aidatasports.com\/images\/players\/41966.png\" alt=\"Francisco Moura\" onerror=\"this.onerror=null;this.src='https:\/\/soccer.aidatasports.com\/images\/players\/default-player.png';\"><span>Francisco Moura<\/span><\/a><\/div>\n<div class=\"player\"><a href=\"https:\/\/soccer.aidatasports.com\/fr\/players\/Victor-Froholdt-388872\"><img decoding=\"async\" src=\"https:\/\/soccer.aidatasports.com\/images\/players\/388872.png\" alt=\"Victor Froholdt\" onerror=\"this.onerror=null;this.src='https:\/\/soccer.aidatasports.com\/images\/players\/default-player.png';\"><span>Victor Froholdt<\/span><\/a><\/div>\n<div class=\"player\"><a href=\"https:\/\/soccer.aidatasports.com\/fr\/players\/Alan-Varela-278375\"><img decoding=\"async\" src=\"https:\/\/soccer.aidatasports.com\/images\/players\/278375.png\" alt=\"Alan Varela\" onerror=\"this.onerror=null;this.src='https:\/\/soccer.aidatasports.com\/images\/players\/default-player.png';\"><span>Alan Varela<\/span><\/a><\/div>\n<div class=\"player\"><a href=\"https:\/\/soccer.aidatasports.com\/fr\/players\/Rodrigo-Mora-404097\"><img decoding=\"async\" src=\"https:\/\/soccer.aidatasports.com\/images\/players\/404097.png\" alt=\"Rodrigo Mora\" onerror=\"this.onerror=null;this.src='https:\/\/soccer.aidatasports.com\/images\/players\/default-player.png';\"><span>Rodrigo Mora<\/span><\/a><\/div>\n<div class=\"player\"><a href=\"https:\/\/soccer.aidatasports.com\/fr\/players\/Pep\u00ea-10500\"><img decoding=\"async\" src=\"https:\/\/soccer.aidatasports.com\/images\/players\/10500.png\" alt=\"Pep\u00ea\" onerror=\"this.onerror=null;this.src='https:\/\/soccer.aidatasports.com\/images\/players\/default-player.png';\"><span>Pep\u00ea<\/span><\/a><\/div>\n<div class=\"player\"><a href=\"https:\/\/soccer.aidatasports.com\/fr\/players\/Samu-Aghehowa-358628\"><img decoding=\"async\" src=\"https:\/\/soccer.aidatasports.com\/images\/players\/358628.png\" alt=\"Samu Aghehowa\" onerror=\"this.onerror=null;this.src='https:\/\/soccer.aidatasports.com\/images\/players\/default-player.png';\"><span>Samu Aghehowa<\/span><\/a><\/div>\n<div class=\"player\"><a href=\"https:\/\/soccer.aidatasports.com\/fr\/players\/Borja-Sainz-133453\"><img decoding=\"async\" src=\"https:\/\/soccer.aidatasports.com\/images\/players\/133453.png\" alt=\"Borja Sainz\" onerror=\"this.onerror=null;this.src='https:\/\/soccer.aidatasports.com\/images\/players\/default-player.png';\"><span>Borja Sainz<\/span><\/a><\/div>\n<\/div>\n<div>\n<h4>Suplentes:<\/h4>\n<div class=\"player\"><a href=\"https:\/\/soccer.aidatasports.com\/fr\/players\/Pablo-Rosario-240\"><img decoding=\"async\" src=\"https:\/\/soccer.aidatasports.com\/images\/players\/240.png\" alt=\"Pablo Rosario\" onerror=\"this.onerror=null;this.src='https:\/\/soccer.aidatasports.com\/images\/players\/default-player.png';\"><span>Pablo Rosario<\/span><\/a><\/div>\n<div class=\"player\"><a href=\"https:\/\/soccer.aidatasports.com\/fr\/players\/William-Gomes-449243\"><img decoding=\"async\" src=\"https:\/\/soccer.aidatasports.com\/images\/players\/449243.png\" alt=\"William Gomes\" onerror=\"this.onerror=null;this.src='https:\/\/soccer.aidatasports.com\/images\/players\/default-player.png';\"><span>William Gomes<\/span><\/a><\/div>\n<div class=\"player\"><a href=\"https:\/\/soccer.aidatasports.com\/fr\/players\/Martim-Fernandes-336596\"><img decoding=\"async\" src=\"https:\/\/soccer.aidatasports.com\/images\/players\/336596.png\" alt=\"Martim Fernandes\" onerror=\"this.onerror=null;this.src='https:\/\/soccer.aidatasports.com\/images\/players\/default-player.png';\"><span>Martim Fernandes<\/span><\/a><\/div>\n<div class=\"player\"><a href=\"https:\/\/soccer.aidatasports.com\/fr\/players\/Gabri-Veiga-182504\"><img decoding=\"async\" src=\"https:\/\/soccer.aidatasports.com\/images\/players\/182504.png\" alt=\"Gabri Veiga\" onerror=\"this.onerror=null;this.src='https:\/\/soccer.aidatasports.com\/images\/players\/default-player.png';\"><span>Gabri Veiga<\/span><\/a><\/div>\n<div class=\"player\"><a href=\"https:\/\/soccer.aidatasports.com\/fr\/players\/Deniz-G\u00fcl-388570\"><img decoding=\"async\" src=\"https:\/\/soccer.aidatasports.com\/images\/players\/388570.png\" alt=\"Deniz G\u00fcl\" onerror=\"this.onerror=null;this.src='https:\/\/soccer.aidatasports.com\/images\/players\/default-player.png';\"><span>Deniz G\u00fcl<\/span><\/a><\/div>\n<div class=\"player\"><a href=\"https:\/\/soccer.aidatasports.com\/fr\/players\/Cl\u00e1udio-Ramos-41432\"><img decoding=\"async\" src=\"https:\/\/soccer.aidatasports.com\/images\/players\/41432.png\" alt=\"Cl\u00e1udio Ramos\" onerror=\"this.onerror=null;this.src='https:\/\/soccer.aidatasports.com\/images\/players\/default-player.png';\"><span>Cl\u00e1udio Ramos<\/span><\/a><\/div>\n<div class=\"player\"><a href=\"https:\/\/soccer.aidatasports.com\/fr\/players\/Dominik-Prpi\u0107-340572\"><img decoding=\"async\" src=\"https:\/\/soccer.aidatasports.com\/images\/players\/340572.png\" alt=\"Dominik Prpi\u0107\" onerror=\"this.onerror=null;this.src='https:\/\/soccer.aidatasports.com\/images\/players\/default-player.png';\"><span>Dominik Prpi\u0107<\/span><\/a><\/div>\n<div class=\"player\"><a href=\"https:\/\/soccer.aidatasports.com\/fr\/players\/Stephen-Eustaquio-35570\"><img decoding=\"async\" src=\"https:\/\/soccer.aidatasports.com\/images\/players\/35570.png\" alt=\"Stephen Eustaquio\" onerror=\"this.onerror=null;this.src='https:\/\/soccer.aidatasports.com\/images\/players\/default-player.png';\"><span>Stephen Eustaquio<\/span><\/a><\/div>\n<div class=\"player\"><a href=\"https:\/\/soccer.aidatasports.com\/fr\/players\/\u00c1ngel-Alarc\u00f3n-386827\"><img decoding=\"async\" src=\"https:\/\/soccer.aidatasports.com\/images\/players\/386827.png\" alt=\"\u00c1ngel Alarc\u00f3n\" onerror=\"this.onerror=null;this.src='https:\/\/soccer.aidatasports.com\/images\/players\/default-player.png';\"><span>\u00c1ngel Alarc\u00f3n<\/span><\/a><\/div>\n<\/div>\n<\/div>\n<\/div>\n<div class=\"team-lineup\">\n<h3>Estrela<\/h3>\n<p><img decoding=\"async\" src=\"https:\/\/media.api-sports.io\/football\/teams\/15130.png\" alt=\"Estrela\" style=\"width: 50px; height: 50px;\"><\/p>\n<div class=\"players-container\">\n<div>\n<h4>Titulares:<\/h4>\n<div class=\"player\"><a href=\"https:\/\/soccer.aidatasports.com\/fr\/players\/Renan-Ribeiro-1471\"><img decoding=\"async\" src=\"https:\/\/soccer.aidatasports.com\/images\/players\/1471.png\" alt=\"Renan Ribeiro\" onerror=\"this.onerror=null;this.src='https:\/\/soccer.aidatasports.com\/images\/players\/default-player.png';\"><span>Renan Ribeiro<\/span><\/a><\/div>\n<div class=\"player\"><a href=\"https:\/\/soccer.aidatasports.com\/fr\/players\/Luan-Patrick-180961\"><img decoding=\"async\" src=\"https:\/\/soccer.aidatasports.com\/images\/players\/180961.png\" alt=\"Luan Patrick\" onerror=\"this.onerror=null;this.src='https:\/\/soccer.aidatasports.com\/images\/players\/default-player.png';\"><span>Luan Patrick<\/span><\/a><\/div>\n<div class=\"player\"><a href=\"https:\/\/soccer.aidatasports.com\/fr\/players\/Bernardo-Schappo-195482\"><img decoding=\"async\" src=\"https:\/\/soccer.aidatasports.com\/images\/players\/195482.png\" alt=\"Bernardo Schappo\" onerror=\"this.onerror=null;this.src='https:\/\/soccer.aidatasports.com\/images\/players\/default-player.png';\"><span>Bernardo Schappo<\/span><\/a><\/div>\n<div class=\"player\"><a href=\"https:\/\/soccer.aidatasports.com\/fr\/players\/Otavio-418774\"><img decoding=\"async\" src=\"https:\/\/soccer.aidatasports.com\/images\/players\/418774.png\" alt=\"Otavio\" onerror=\"this.onerror=null;this.src='https:\/\/soccer.aidatasports.com\/images\/players\/default-player.png';\"><span>Otavio<\/span><\/a><\/div>\n<div class=\"player\"><a href=\"https:\/\/soccer.aidatasports.com\/fr\/players\/Sidny-Lopes-Cabral-308689\"><img decoding=\"async\" src=\"https:\/\/soccer.aidatasports.com\/images\/players\/308689.png\" alt=\"Sidny Lopes Cabral\" onerror=\"this.onerror=null;this.src='https:\/\/soccer.aidatasports.com\/images\/players\/default-player.png';\"><span>Sidny Lopes Cabral<\/span><\/a><\/div>\n<div class=\"player\"><a href=\"https:\/\/soccer.aidatasports.com\/fr\/players\/Paulo-Moreira-142096\"><img decoding=\"async\" src=\"https:\/\/soccer.aidatasports.com\/images\/players\/142096.png\" alt=\"Paulo Moreira\" onerror=\"this.onerror=null;this.src='https:\/\/soccer.aidatasports.com\/images\/players\/default-player.png';\"><span>Paulo Moreira<\/span><\/a><\/div>\n<div class=\"player\"><a href=\"https:\/\/soccer.aidatasports.com\/fr\/players\/Oumar-Ngom-334925\"><img decoding=\"async\" src=\"https:\/\/soccer.aidatasports.com\/images\/players\/334925.png\" alt=\"Oumar Ngom\" onerror=\"this.onerror=null;this.src='https:\/\/soccer.aidatasports.com\/images\/players\/default-player.png';\"><span>Oumar Ngom<\/span><\/a><\/div>\n<div class=\"player\"><a href=\"https:\/\/soccer.aidatasports.com\/fr\/players\/Ianis-Stoica-43282\"><img decoding=\"async\" src=\"https:\/\/soccer.aidatasports.com\/images\/players\/43282.png\" alt=\"Ianis Stoica\" onerror=\"this.onerror=null;this.src='https:\/\/soccer.aidatasports.com\/images\/players\/default-player.png';\"><span>Ianis Stoica<\/span><\/a><\/div>\n<div class=\"player\"><a href=\"https:\/\/soccer.aidatasports.com\/fr\/players\/Abraham-Marcus-278941\"><img decoding=\"async\" src=\"https:\/\/soccer.aidatasports.com\/images\/players\/278941.png\" alt=\"Abraham Marcus\" onerror=\"this.onerror=null;this.src='https:\/\/soccer.aidatasports.com\/images\/players\/default-player.png';\"><span>Abraham Marcus<\/span><\/a><\/div>\n<div class=\"player\"><a href=\"https:\/\/soccer.aidatasports.com\/fr\/players\/Kikas-41248\"><img decoding=\"async\" src=\"https:\/\/soccer.aidatasports.com\/images\/players\/41248.png\" alt=\"Kikas\" onerror=\"this.onerror=null;this.src='https:\/\/soccer.aidatasports.com\/images\/players\/default-player.png';\"><span>Kikas<\/span><\/a><\/div>\n<div class=\"player\"><a href=\"https:\/\/soccer.aidatasports.com\/fr\/players\/Alex-Sola-484311\"><img decoding=\"async\" src=\"https:\/\/soccer.aidatasports.com\/images\/players\/484311.png\" alt=\"Alex Sola\" onerror=\"this.onerror=null;this.src='https:\/\/soccer.aidatasports.com\/images\/players\/default-player.png';\"><span>Alex Sola<\/span><\/a><\/div>\n<\/div>\n<div>\n<h4>Suplentes:<\/h4>\n<div class=\"player\"><a href=\"https:\/\/soccer.aidatasports.com\/fr\/players\/Jefferson-Encada-42019\"><img decoding=\"async\" src=\"https:\/\/soccer.aidatasports.com\/images\/players\/42019.png\" alt=\"Jefferson Encada\" onerror=\"this.onerror=null;this.src='https:\/\/soccer.aidatasports.com\/images\/players\/default-player.png';\"><span>Jefferson Encada<\/span><\/a><\/div>\n<div class=\"player\"><a href=\"https:\/\/soccer.aidatasports.com\/fr\/players\/Jovane-Cabral-1494\"><img decoding=\"async\" src=\"https:\/\/soccer.aidatasports.com\/images\/players\/1494.png\" alt=\"Jovane Cabral\" onerror=\"this.onerror=null;this.src='https:\/\/soccer.aidatasports.com\/images\/players\/default-player.png';\"><span>Jovane Cabral<\/span><\/a><\/div>\n<div class=\"player\"><a href=\"https:\/\/soccer.aidatasports.com\/fr\/players\/Rodrigo-Pinho-41290\"><img decoding=\"async\" src=\"https:\/\/soccer.aidatasports.com\/images\/players\/41290.png\" alt=\"Rodrigo Pinho\" onerror=\"this.onerror=null;this.src='https:\/\/soccer.aidatasports.com\/images\/players\/default-player.png';\"><span>Rodrigo Pinho<\/span><\/a><\/div>\n<div class=\"player\"><a href=\"https:\/\/soccer.aidatasports.com\/fr\/players\/Joao-Gastao-502670\"><img decoding=\"async\" src=\"https:\/\/soccer.aidatasports.com\/images\/players\/502670.png\" alt=\"Joao Gastao\" onerror=\"this.onerror=null;this.src='https:\/\/soccer.aidatasports.com\/images\/players\/default-player.png';\"><span>Joao Gastao<\/span><\/a><\/div>\n<div class=\"player\"><a href=\"https:\/\/soccer.aidatasports.com\/fr\/players\/David-Grilo-142410\"><img decoding=\"async\" src=\"https:\/\/soccer.aidatasports.com\/images\/players\/142410.png\" alt=\"David Grilo\" onerror=\"this.onerror=null;this.src='https:\/\/soccer.aidatasports.com\/images\/players\/default-player.png';\"><span>David Grilo<\/span><\/a><\/div>\n<div class=\"player\"><a href=\"https:\/\/soccer.aidatasports.com\/fr\/players\/Atanas-Chernev-129959\"><img decoding=\"async\" src=\"https:\/\/soccer.aidatasports.com\/images\/players\/129959.png\" alt=\"Atanas Chernev\" onerror=\"this.onerror=null;this.src='https:\/\/soccer.aidatasports.com\/images\/players\/default-player.png';\"><span>Atanas Chernev<\/span><\/a><\/div>\n<div class=\"player\"><a href=\"https:\/\/soccer.aidatasports.com\/fr\/players\/Robson-Lucas-Oliveira-Botelho-404757\"><img decoding=\"async\" src=\"https:\/\/soccer.aidatasports.com\/images\/players\/404757.png\" alt=\"Robson Lucas Oliveira Botelho\" onerror=\"this.onerror=null;this.src='https:\/\/soccer.aidatasports.com\/images\/players\/default-player.png';\"><span>Robson Lucas Oliveira Botelho<\/span><\/a><\/div>\n<div class=\"player\"><a href=\"https:\/\/soccer.aidatasports.com\/fr\/players\/Jorge-Meireles-336603\"><img decoding=\"async\" src=\"https:\/\/soccer.aidatasports.com\/images\/players\/336603.png\" alt=\"Jorge Meireles\" onerror=\"this.onerror=null;this.src='https:\/\/soccer.aidatasports.com\/images\/players\/default-player.png';\"><span>Jorge Meireles<\/span><\/a><\/div>\n<\/div>\n<\/div>\n<\/div>\n<\/div>\n<div id=\"wg-api-football-game\"\n                    data-host=\"xxxxx\"\n                    data-key=\"xxxx\"\n                    data-id=\"1396358\"\n                    data-theme=\"\"\n                    data-refresh=\"15\"\n                    data-show-errors=\"false\"\n                    data-show-logos=\"true\"><br \/>\n                    class=\u00a0\u00bbwg_loader\u00a0\u00bb>\n                <\/div>\n<div id=\"wg-api-football-standings\"\n                    data-host=\"xxxx\"\n                    data-key=\"ddddd\"\n                    data-league=\"94\"\n                    data-team=\"\"\n                    data-season=\"2025\"\n                    data-theme=\"\"\n                    data-show-errors=\"false\"\n                    data-show-logos=\"true\"\n                    class=\"wg_loader\">\n                <\/div>\n<p>                <script\n                    type=\"module\"\n                    src=\"https:\/\/soccer.aidatasports.com\/wp-content\/customjs\/widgetslocal.js\">\n                <\/script><\/p>\n","protected":false},"excerpt":{"rendered":"<p>Fran\u00e7ais Le FC Porto Surmonte Estrela dans un Match Palpitant \u00e0 l&rsquo;Est\u00e1dio Do Drag\u00e3o Porto,&hellip;<\/p>\n","protected":false},"author":1,"featured_media":124070,"comment_status":"open","ping_status":"open","sticky":false,"template":"","format":"standard","meta":{"content-type":"","pmpro_default_level":"","_lmt_disableupdate":"","_lmt_disable":"","_league":15837,"_fixture":1396358,"penci_pfeatured_image_ratio":"","penci_single_style":"","footnotes":""},"categories":[15837],"tags":[9180,335],"class_list":["post-124071","post","type-post","status-publish","format-standard","has-post-thumbnail","hentry","category-matches","tag-estrela-portugal-15130","tag-fc-porto-portugal-212","pmpro-has-access"],"_links":{"self":[{"href":"https:\/\/soccer.aidatasports.com\/fr\/wp-json\/wp\/v2\/posts\/124071"}],"collection":[{"href":"https:\/\/soccer.aidatasports.com\/fr\/wp-json\/wp\/v2\/posts"}],"about":[{"href":"https:\/\/soccer.aidatasports.com\/fr\/wp-json\/wp\/v2\/types\/post"}],"author":[{"embeddable":true,"href":"https:\/\/soccer.aidatasports.com\/fr\/wp-json\/wp\/v2\/users\/1"}],"replies":[{"embeddable":true,"href":"https:\/\/soccer.aidatasports.com\/fr\/wp-json\/wp\/v2\/comments?post=124071"}],"version-history":[{"count":0,"href":"https:\/\/soccer.aidatasports.com\/fr\/wp-json\/wp\/v2\/posts\/124071\/revisions"}],"wp:featuredmedia":[{"embeddable":true,"href":"https:\/\/soccer.aidatasports.com\/fr\/wp-json\/wp\/v2\/media\/124070"}],"wp:attachment":[{"href":"https:\/\/soccer.aidatasports.com\/fr\/wp-json\/wp\/v2\/media?parent=124071"}],"wp:term":[{"taxonomy":"category","embeddable":true,"href":"https:\/\/soccer.aidatasports.com\/fr\/wp-json\/wp\/v2\/categories?post=124071"},{"taxonomy":"post_tag","embeddable":true,"href":"https:\/\/soccer.aidatasports.com\/fr\/wp-json\/wp\/v2\/tags?post=124071"}],"curies":[{"name":"wp","href":"https:\/\/api.w.org\/{rel}","templated":true}]}}