{"id":122533,"date":"2025-12-07T16:11:18","date_gmt":"2025-12-07T16:11:18","guid":{"rendered":"https:\/\/soccer.aidatasports.com\/fr\/uncategorized\/radnicki-1923-vs-fk-partizan-dec-07-2025-1400-utc\/"},"modified":"2025-12-07T16:11:18","modified_gmt":"2025-12-07T16:11:18","slug":"radnicki-1923-vs-fk-partizan-dec-07-2025-1400-utc","status":"publish","type":"post","link":"https:\/\/soccer.aidatasports.com\/fr\/matches\/radnicki-1923-vs-fk-partizan-dec-07-2025-1400-utc\/","title":{"rendered":"Radnicki 1923 vs FK Partizan Dec 07 2025 14:00 UTC"},"content":{"rendered":"<p><strong>Fran\u00e7ais:<\/strong><\/p>\n<p><strong>Partizan S&rsquo;impose \u00e0 Kragujevac dans un Match \u00c9prouvant<\/strong><\/p>\n<p>Kragujevac, Serbie \u2013 Le FK Partizan a remport\u00e9 la victoire lors de sa visite au stade Cika Daca contre Radnicki 1923 dans un match de la Super Liga serbe riche en \u00e9motions. D\u00e8s le d\u00e9but, le Partizan a impos\u00e9 son rythme, ouvrant le score \u00e0 la 20e minute avec un but de N. Trifunovic, assist\u00e9 par O. Ugresic. \u00c0 peine deux minutes plus tard, J. Milosevic a creus\u00e9 l&rsquo;\u00e9cart pour les visiteurs.<\/p>\n<p>Radnicki 1923 a r\u00e9agi avant la mi-temps avec un but de K. Bevis \u00e0 la 39e minute, assist\u00e9 par N. Milicic. Cependant, l&rsquo;indiscipline s&rsquo;est fait sentir dans l&rsquo;\u00e9quipe locale, accumulant des cartons jaunes qui ont culmin\u00e9 avec l&rsquo;expulsion de T. Dadic \u00e0 la 70e minute.<\/p>\n<p>J. Milosevic a de nouveau marqu\u00e9 pour le Partizan \u00e0 la 61e minute, avec une passe d\u00e9cisive de A. Stojkovic, augmentant encore l&rsquo;avantage. Un penalty transform\u00e9 par B. Natcho \u00e0 la 71e minute a pratiquement scell\u00e9 le match en faveur du Partizan. Radnicki 1923, malgr\u00e9 le fait de jouer \u00e0 dix, a r\u00e9ussi \u00e0 r\u00e9duire l&rsquo;\u00e9cart avec un but de E. Sokler \u00e0 la 81e minute, assist\u00e9 par O. Sahli, mais cela n&rsquo;a pas suffi \u00e0 changer le cours du match.<\/p>\n<p>Le Partizan a contr\u00f4l\u00e9 54 % de la possession du ballon, effectuant 14 tirs, dont 7 cadr\u00e9s. Radnicki 1923, avec 46 % de possession, a effectu\u00e9 16 tirs, dont 6 cadr\u00e9s. Le match s&rsquo;est termin\u00e9 avec un r\u00e9sultat qui refl\u00e8te la sup\u00e9riorit\u00e9 du Partizan, bien que Radnicki 1923 se soit battu jusqu&rsquo;\u00e0 la fin.<\/p>\n<p>Remplacements dans l&rsquo;quipe de fk partizan: \u00c0 la 52e minute, M. Vukotic est entr\u00e9 et B. Natcho est sorti., \u00c0 la 52e minute, V. Djurdjevic est entr\u00e9 et Y. Karabelyov est sorti., \u00c0 la 73e minute, J. Milosevic est entr\u00e9 et A. Kostic est sorti., \u00c0 la 82e minute, O. Ugresic est entr\u00e9 et D. Jankovic est sorti., \u00c0 la 82e minute, N. Trifunovic est entr\u00e9 et I. Zubairu est sorti. <\/p>\n<p>Remplacements dans l&rsquo;quipe de radnicki 1923: \u00c0 la 67e minute, J. Ilic est entr\u00e9 et M. Ristic est sorti., \u00c0 la 67e minute, Y. Jarju est entr\u00e9 et E. Sokler est sorti., \u00c0 la 67e minute, L. Ben Hassine est entr\u00e9 et L. Stankovski est sorti., \u00c0 la 72e minute, I. Bah est entr\u00e9 et M. Cosic est sorti., \u00c0 la 83e minute, O. Sahli est entr\u00e9 et A. Balde est sorti. <\/p>\n<p>Les \u00e9quipes se sont align\u00e9es comme suit:<\/p>\n<div class=\"lineups-container\">\n<style>\n                .lineups-container {\n                    display: flex;\n                    justify-content: space-around;\n                    flex-wrap: wrap;\n                }\n                .team-lineup {\n                    width: 49%;\n                    margin-bottom: 20px;\n                    border: 1px solid #ccc;\n                    padding: 5px;\n                }\n                .team-lineup h3 {\n                    text-align: center;\n                    margin-bottom: 10px;\n                }\n                .players-container {\n                    display: flex;\n                    justify-content: space-between;\n                }\n                .players-container div {\n                    width: 100%;\n                }\n                .player {\n                    display: flex;\n                    align-items: center;\n                    margin-bottom: 5px;\n                }\n                .player img {\n                    width: 30px;\n                    height: 30px;\n                    border-radius: 50%;\n                    margin-right: 10px;\n                }\n                    @media (max-width: 600px) {\n                    .team-lineup {\n                        width: 100%;\n                    }\n                }\n                <\/style>\n<div class=\"team-lineup\">\n<h3>Radnicki 1923<\/h3>\n<p><img decoding=\"async\" src=\"https:\/\/media.api-sports.io\/football\/teams\/2644.png\" alt=\"Radnicki 1923\" style=\"width: 50px; height: 50px;\"><\/p>\n<div class=\"players-container\">\n<div>\n<h4>Titulares:<\/h4>\n<div class=\"player\"><a href=\"https:\/\/soccer.aidatasports.com\/fr\/players\/Luka-Lijeski\u0107-342328\"><img decoding=\"async\" src=\"https:\/\/soccer.aidatasports.com\/images\/players\/342328.png\" alt=\"Luka Lijeski\u0107\" onerror=\"this.onerror=null;this.src='https:\/\/soccer.aidatasports.com\/images\/players\/default-player.png';\"><span>Luka Lijeski\u0107<\/span><\/a><\/div>\n<div class=\"player\"><a href=\"https:\/\/soccer.aidatasports.com\/fr\/players\/Nikola-Mili\u010di\u0107-373904\"><img decoding=\"async\" src=\"https:\/\/soccer.aidatasports.com\/images\/players\/373904.png\" alt=\"Nikola Mili\u010di\u0107\" onerror=\"this.onerror=null;this.src='https:\/\/soccer.aidatasports.com\/images\/players\/default-player.png';\"><span>Nikola Mili\u010di\u0107<\/span><\/a><\/div>\n<div class=\"player\"><a href=\"https:\/\/soccer.aidatasports.com\/fr\/players\/Slobodan-Simovi\u0107-2316\"><img decoding=\"async\" src=\"https:\/\/soccer.aidatasports.com\/images\/players\/2316.png\" alt=\"Slobodan Simovi\u0107\" onerror=\"this.onerror=null;this.src='https:\/\/soccer.aidatasports.com\/images\/players\/default-player.png';\"><span>Slobodan Simovi\u0107<\/span><\/a><\/div>\n<div class=\"player\"><a href=\"https:\/\/soccer.aidatasports.com\/fr\/players\/Nikola-Marjanovi\u0107-378310\"><img decoding=\"async\" src=\"https:\/\/soccer.aidatasports.com\/images\/players\/378310.png\" alt=\"Nikola Marjanovi\u0107\" onerror=\"this.onerror=null;this.src='https:\/\/soccer.aidatasports.com\/images\/players\/default-player.png';\"><span>Nikola Marjanovi\u0107<\/span><\/a><\/div>\n<div class=\"player\"><a href=\"https:\/\/soccer.aidatasports.com\/fr\/players\/Tomislav-Dadi\u0107-14621\"><img decoding=\"async\" src=\"https:\/\/soccer.aidatasports.com\/images\/players\/14621.png\" alt=\"Tomislav Dadi\u0107\" onerror=\"this.onerror=null;this.src='https:\/\/soccer.aidatasports.com\/images\/players\/default-player.png';\"><span>Tomislav Dadi\u0107<\/span><\/a><\/div>\n<div class=\"player\"><a href=\"https:\/\/soccer.aidatasports.com\/fr\/players\/Jovan-Ili\u0107-198626\"><img decoding=\"async\" src=\"https:\/\/soccer.aidatasports.com\/images\/players\/198626.png\" alt=\"Jovan Ili\u0107\" onerror=\"this.onerror=null;this.src='https:\/\/soccer.aidatasports.com\/images\/players\/default-player.png';\"><span>Jovan Ili\u0107<\/span><\/a><\/div>\n<div class=\"player\"><a href=\"https:\/\/soccer.aidatasports.com\/fr\/players\/Louay-Ben-Hassine-301197\"><img decoding=\"async\" src=\"https:\/\/soccer.aidatasports.com\/images\/players\/301197.png\" alt=\"Louay Ben Hassine\" onerror=\"this.onerror=null;this.src='https:\/\/soccer.aidatasports.com\/images\/players\/default-player.png';\"><span>Louay Ben Hassine<\/span><\/a><\/div>\n<div class=\"player\"><a href=\"https:\/\/soccer.aidatasports.com\/fr\/players\/Issa-Bah-108539\"><img decoding=\"async\" src=\"https:\/\/soccer.aidatasports.com\/images\/players\/108539.png\" alt=\"Issa Bah\" onerror=\"this.onerror=null;this.src='https:\/\/soccer.aidatasports.com\/images\/players\/default-player.png';\"><span>Issa Bah<\/span><\/a><\/div>\n<div class=\"player\"><a href=\"https:\/\/soccer.aidatasports.com\/fr\/players\/Wajdi-Sahli-49602\"><img decoding=\"async\" src=\"https:\/\/soccer.aidatasports.com\/images\/players\/49602.png\" alt=\"Wajdi Sahli\" onerror=\"this.onerror=null;this.src='https:\/\/soccer.aidatasports.com\/images\/players\/default-player.png';\"><span>Wajdi Sahli<\/span><\/a><\/div>\n<div class=\"player\"><a href=\"https:\/\/soccer.aidatasports.com\/fr\/players\/Kilian-Bevis-330308\"><img decoding=\"async\" src=\"https:\/\/soccer.aidatasports.com\/images\/players\/330308.png\" alt=\"Kilian Bevis\" onerror=\"this.onerror=null;this.src='https:\/\/soccer.aidatasports.com\/images\/players\/default-player.png';\"><span>Kilian Bevis<\/span><\/a><\/div>\n<div class=\"player\"><a href=\"https:\/\/soccer.aidatasports.com\/fr\/players\/Yankuba-Jarju-23128\"><img decoding=\"async\" src=\"https:\/\/soccer.aidatasports.com\/images\/players\/23128.png\" alt=\"Yankuba Jarju\" onerror=\"this.onerror=null;this.src='https:\/\/soccer.aidatasports.com\/images\/players\/default-player.png';\"><span>Yankuba Jarju<\/span><\/a><\/div>\n<\/div>\n<div>\n<h4>Suplentes:<\/h4>\n<div class=\"player\"><a href=\"https:\/\/soccer.aidatasports.com\/fr\/players\/Milo\u0161-Risti\u0107-45854\"><img decoding=\"async\" src=\"https:\/\/soccer.aidatasports.com\/images\/players\/45854.png\" alt=\"Milo\u0161 Risti\u0107\" onerror=\"this.onerror=null;this.src='https:\/\/soccer.aidatasports.com\/images\/players\/default-player.png';\"><span>Milo\u0161 Risti\u0107<\/span><\/a><\/div>\n<div class=\"player\"><a href=\"https:\/\/soccer.aidatasports.com\/fr\/players\/Luka-Stankovski-201039\"><img decoding=\"async\" src=\"https:\/\/soccer.aidatasports.com\/images\/players\/201039.png\" alt=\"Luka Stankovski\" onerror=\"this.onerror=null;this.src='https:\/\/soccer.aidatasports.com\/images\/players\/default-player.png';\"><span>Luka Stankovski<\/span><\/a><\/div>\n<div class=\"player\"><a href=\"https:\/\/soccer.aidatasports.com\/fr\/players\/Ester-Sokler-109712\"><img decoding=\"async\" src=\"https:\/\/soccer.aidatasports.com\/images\/players\/109712.png\" alt=\"Ester Sokler\" onerror=\"this.onerror=null;this.src='https:\/\/soccer.aidatasports.com\/images\/players\/default-player.png';\"><span>Ester Sokler<\/span><\/a><\/div>\n<div class=\"player\"><a href=\"https:\/\/soccer.aidatasports.com\/fr\/players\/Vladimir-Stojkovi\u0107-45823\"><img decoding=\"async\" src=\"https:\/\/soccer.aidatasports.com\/images\/players\/45823.png\" alt=\"Vladimir Stojkovi\u0107\" onerror=\"this.onerror=null;this.src='https:\/\/soccer.aidatasports.com\/images\/players\/default-player.png';\"><span>Vladimir Stojkovi\u0107<\/span><\/a><\/div>\n<div class=\"player\"><a href=\"https:\/\/soccer.aidatasports.com\/fr\/players\/Danilo-Mitrovi\u0107-120463\"><img decoding=\"async\" src=\"https:\/\/soccer.aidatasports.com\/images\/players\/120463.png\" alt=\"Danilo Mitrovi\u0107\" onerror=\"this.onerror=null;this.src='https:\/\/soccer.aidatasports.com\/images\/players\/default-player.png';\"><span>Danilo Mitrovi\u0107<\/span><\/a><\/div>\n<div class=\"player\"><a href=\"https:\/\/soccer.aidatasports.com\/fr\/players\/Stefan-Petkoski-Cimbaljevi\u0107-471328\"><img decoding=\"async\" src=\"https:\/\/soccer.aidatasports.com\/images\/players\/471328.png\" alt=\"Stefan Petkoski Cimbaljevi\u0107\" onerror=\"this.onerror=null;this.src='https:\/\/soccer.aidatasports.com\/images\/players\/default-player.png';\"><span>Stefan Petkoski Cimbaljevi\u0107<\/span><\/a><\/div>\n<div class=\"player\"><a href=\"https:\/\/soccer.aidatasports.com\/fr\/players\/Mehmed-\u0106osi\u0107-179876\"><img decoding=\"async\" src=\"https:\/\/soccer.aidatasports.com\/images\/players\/179876.png\" alt=\"Mehmed \u0106osi\u0107\" onerror=\"this.onerror=null;this.src='https:\/\/soccer.aidatasports.com\/images\/players\/default-player.png';\"><span>Mehmed \u0106osi\u0107<\/span><\/a><\/div>\n<div class=\"player\"><a href=\"https:\/\/soccer.aidatasports.com\/fr\/players\/Milan-Mitrovi\u0107-61992\"><img decoding=\"async\" src=\"https:\/\/soccer.aidatasports.com\/images\/players\/61992.png\" alt=\"Milan Mitrovi\u0107\" onerror=\"this.onerror=null;this.src='https:\/\/soccer.aidatasports.com\/images\/players\/default-player.png';\"><span>Milan Mitrovi\u0107<\/span><\/a><\/div>\n<div class=\"player\"><a href=\"https:\/\/soccer.aidatasports.com\/fr\/players\/Nikola-Bukumira-448324\"><img decoding=\"async\" src=\"https:\/\/soccer.aidatasports.com\/images\/players\/448324.png\" alt=\"Nikola Bukumira\" onerror=\"this.onerror=null;this.src='https:\/\/soccer.aidatasports.com\/images\/players\/default-player.png';\"><span>Nikola Bukumira<\/span><\/a><\/div>\n<div class=\"player\"><a href=\"https:\/\/soccer.aidatasports.com\/fr\/players\/Milan-Vidakov-202113\"><img decoding=\"async\" src=\"https:\/\/soccer.aidatasports.com\/images\/players\/202113.png\" alt=\"Milan Vidakov\" onerror=\"this.onerror=null;this.src='https:\/\/soccer.aidatasports.com\/images\/players\/default-player.png';\"><span>Milan Vidakov<\/span><\/a><\/div>\n<div class=\"player\"><a href=\"https:\/\/soccer.aidatasports.com\/fr\/players\/Alfa-Bald\u00e9-345417\"><img decoding=\"async\" src=\"https:\/\/soccer.aidatasports.com\/images\/players\/345417.png\" alt=\"Alfa Bald\u00e9\" onerror=\"this.onerror=null;this.src='https:\/\/soccer.aidatasports.com\/images\/players\/default-player.png';\"><span>Alfa Bald\u00e9<\/span><\/a><\/div>\n<\/div>\n<\/div>\n<\/div>\n<div class=\"team-lineup\">\n<h3>FK Partizan<\/h3>\n<p><img decoding=\"async\" src=\"https:\/\/media.api-sports.io\/football\/teams\/573.png\" alt=\"FK Partizan\" style=\"width: 50px; height: 50px;\"><\/p>\n<div class=\"players-container\">\n<div>\n<h4>Titulares:<\/h4>\n<div class=\"player\"><a href=\"https:\/\/soccer.aidatasports.com\/fr\/players\/Marko-Milo\u0161evi\u0107-46157\"><img decoding=\"async\" src=\"https:\/\/soccer.aidatasports.com\/images\/players\/46157.png\" alt=\"Marko Milo\u0161evi\u0107\" onerror=\"this.onerror=null;this.src='https:\/\/soccer.aidatasports.com\/images\/players\/default-player.png';\"><span>Marko Milo\u0161evi\u0107<\/span><\/a><\/div>\n<div class=\"player\"><a href=\"https:\/\/soccer.aidatasports.com\/fr\/players\/Milan-Roganovi\u0107-339936\"><img decoding=\"async\" src=\"https:\/\/soccer.aidatasports.com\/images\/players\/339936.png\" alt=\"Milan Roganovi\u0107\" onerror=\"this.onerror=null;this.src='https:\/\/soccer.aidatasports.com\/images\/players\/default-player.png';\"><span>Milan Roganovi\u0107<\/span><\/a><\/div>\n<div class=\"player\"><a href=\"https:\/\/soccer.aidatasports.com\/fr\/players\/Vuka\u0161in-\u0110ur\u0111evi\u0107-330853\"><img decoding=\"async\" src=\"https:\/\/soccer.aidatasports.com\/images\/players\/330853.png\" alt=\"Vuka\u0161in \u0110ur\u0111evi\u0107\" onerror=\"this.onerror=null;this.src='https:\/\/soccer.aidatasports.com\/images\/players\/default-player.png';\"><span>Vuka\u0161in \u0110ur\u0111evi\u0107<\/span><\/a><\/div>\n<div class=\"player\"><a href=\"https:\/\/soccer.aidatasports.com\/fr\/players\/Nikola-Simic-398206\"><img decoding=\"async\" src=\"https:\/\/soccer.aidatasports.com\/images\/players\/398206.png\" alt=\"Nikola Simic\" onerror=\"this.onerror=null;this.src='https:\/\/soccer.aidatasports.com\/images\/players\/default-player.png';\"><span>Nikola Simic<\/span><\/a><\/div>\n<div class=\"player\"><a href=\"https:\/\/soccer.aidatasports.com\/fr\/players\/Aran\u0111el-Stojkovi\u0107-45937\"><img decoding=\"async\" src=\"https:\/\/soccer.aidatasports.com\/images\/players\/45937.png\" alt=\"Aran\u0111el Stojkovi\u0107\" onerror=\"this.onerror=null;this.src='https:\/\/soccer.aidatasports.com\/images\/players\/default-player.png';\"><span>Aran\u0111el Stojkovi\u0107<\/span><\/a><\/div>\n<div class=\"player\"><a href=\"https:\/\/soccer.aidatasports.com\/fr\/players\/Vanja-Dragojevi\u0107-443802\"><img decoding=\"async\" src=\"https:\/\/soccer.aidatasports.com\/images\/players\/443802.png\" alt=\"Vanja Dragojevi\u0107\" onerror=\"this.onerror=null;this.src='https:\/\/soccer.aidatasports.com\/images\/players\/default-player.png';\"><span>Vanja Dragojevi\u0107<\/span><\/a><\/div>\n<div class=\"player\"><a href=\"https:\/\/soccer.aidatasports.com\/fr\/players\/Demba-Seck-282706\"><img decoding=\"async\" src=\"https:\/\/soccer.aidatasports.com\/images\/players\/282706.png\" alt=\"Demba Seck\" onerror=\"this.onerror=null;this.src='https:\/\/soccer.aidatasports.com\/images\/players\/default-player.png';\"><span>Demba Seck<\/span><\/a><\/div>\n<div class=\"player\"><a href=\"https:\/\/soccer.aidatasports.com\/fr\/players\/Ognjen-Ugre\u0161i\u0107-443803\"><img decoding=\"async\" src=\"https:\/\/soccer.aidatasports.com\/images\/players\/443803.png\" alt=\"Ognjen Ugre\u0161i\u0107\" onerror=\"this.onerror=null;this.src='https:\/\/soccer.aidatasports.com\/images\/players\/default-player.png';\"><span>Ognjen Ugre\u0161i\u0107<\/span><\/a><\/div>\n<div class=\"player\"><a href=\"https:\/\/soccer.aidatasports.com\/fr\/players\/Milan-Vukoti\u0107-133444\"><img decoding=\"async\" src=\"https:\/\/soccer.aidatasports.com\/images\/players\/133444.png\" alt=\"Milan Vukoti\u0107\" onerror=\"this.onerror=null;this.src='https:\/\/soccer.aidatasports.com\/images\/players\/default-player.png';\"><span>Milan Vukoti\u0107<\/span><\/a><\/div>\n<div class=\"player\"><a href=\"https:\/\/soccer.aidatasports.com\/fr\/players\/Nemanja-Trifunovi\u0107-266798\"><img decoding=\"async\" src=\"https:\/\/soccer.aidatasports.com\/images\/players\/266798.png\" alt=\"Nemanja Trifunovi\u0107\" onerror=\"this.onerror=null;this.src='https:\/\/soccer.aidatasports.com\/images\/players\/default-player.png';\"><span>Nemanja Trifunovi\u0107<\/span><\/a><\/div>\n<div class=\"player\"><a href=\"https:\/\/soccer.aidatasports.com\/fr\/players\/Jovan-Milo\u0161evi\u0107-371911\"><img decoding=\"async\" src=\"https:\/\/soccer.aidatasports.com\/images\/players\/371911.png\" alt=\"Jovan Milo\u0161evi\u0107\" onerror=\"this.onerror=null;this.src='https:\/\/soccer.aidatasports.com\/images\/players\/default-player.png';\"><span>Jovan Milo\u0161evi\u0107<\/span><\/a><\/div>\n<\/div>\n<div>\n<h4>Suplentes:<\/h4>\n<div class=\"player\"><a href=\"https:\/\/soccer.aidatasports.com\/fr\/players\/Bibars\u00a0Natcho-1611\"><img decoding=\"async\" src=\"https:\/\/soccer.aidatasports.com\/images\/players\/1611.png\" alt=\"Bibars\u00a0Natcho\" onerror=\"this.onerror=null;this.src='https:\/\/soccer.aidatasports.com\/images\/players\/default-player.png';\"><span>Bibars\u00a0Natcho<\/span><\/a><\/div>\n<div class=\"player\"><a href=\"https:\/\/soccer.aidatasports.com\/fr\/players\/Yanis-Karabelyov-11238\"><img decoding=\"async\" src=\"https:\/\/soccer.aidatasports.com\/images\/players\/11238.png\" alt=\"Yanis Karabelyov\" onerror=\"this.onerror=null;this.src='https:\/\/soccer.aidatasports.com\/images\/players\/default-player.png';\"><span>Yanis Karabelyov<\/span><\/a><\/div>\n<div class=\"player\"><a href=\"https:\/\/soccer.aidatasports.com\/fr\/players\/Milo\u0161-Kruni\u0107-46156\"><img decoding=\"async\" src=\"https:\/\/soccer.aidatasports.com\/images\/players\/46156.png\" alt=\"Milo\u0161 Kruni\u0107\" onerror=\"this.onerror=null;this.src='https:\/\/soccer.aidatasports.com\/images\/players\/default-player.png';\"><span>Milo\u0161 Kruni\u0107<\/span><\/a><\/div>\n<div class=\"player\"><a href=\"https:\/\/soccer.aidatasports.com\/fr\/players\/Ivan-Vasiljevi\u0107-392271\"><img decoding=\"async\" src=\"https:\/\/soccer.aidatasports.com\/images\/players\/392271.png\" alt=\"Ivan Vasiljevi\u0107\" onerror=\"this.onerror=null;this.src='https:\/\/soccer.aidatasports.com\/images\/players\/default-player.png';\"><span>Ivan Vasiljevi\u0107<\/span><\/a><\/div>\n<div class=\"player\"><a href=\"https:\/\/soccer.aidatasports.com\/fr\/players\/Abdulmalik-Mohammed-580676\"><img decoding=\"async\" src=\"https:\/\/soccer.aidatasports.com\/images\/players\/580676.png\" alt=\"Abdulmalik Mohammed\" onerror=\"this.onerror=null;this.src='https:\/\/soccer.aidatasports.com\/images\/players\/default-player.png';\"><span>Abdulmalik Mohammed<\/span><\/a><\/div>\n<div class=\"player\"><a href=\"https:\/\/soccer.aidatasports.com\/fr\/players\/Dimitrije-Jankovi\u0107-398188\"><img decoding=\"async\" src=\"https:\/\/soccer.aidatasports.com\/images\/players\/398188.png\" alt=\"Dimitrije Jankovi\u0107\" onerror=\"this.onerror=null;this.src='https:\/\/soccer.aidatasports.com\/images\/players\/default-player.png';\"><span>Dimitrije Jankovi\u0107<\/span><\/a><\/div>\n<div class=\"player\"><a href=\"https:\/\/soccer.aidatasports.com\/fr\/players\/Ibrahim-Zubairu-369408\"><img decoding=\"async\" src=\"https:\/\/soccer.aidatasports.com\/images\/players\/369408.png\" alt=\"Ibrahim Zubairu\" onerror=\"this.onerror=null;this.src='https:\/\/soccer.aidatasports.com\/images\/players\/default-player.png';\"><span>Ibrahim Zubairu<\/span><\/a><\/div>\n<div class=\"player\"><a href=\"https:\/\/soccer.aidatasports.com\/fr\/players\/Du\u0161an-Jovanovi\u0107-443712\"><img decoding=\"async\" src=\"https:\/\/soccer.aidatasports.com\/images\/players\/443712.png\" alt=\"Du\u0161an Jovanovi\u0107\" onerror=\"this.onerror=null;this.src='https:\/\/soccer.aidatasports.com\/images\/players\/default-player.png';\"><span>Du\u0161an Jovanovi\u0107<\/span><\/a><\/div>\n<div class=\"player\"><a href=\"https:\/\/soccer.aidatasports.com\/fr\/players\/Andrej-Kosti\u0107-449642\"><img decoding=\"async\" src=\"https:\/\/soccer.aidatasports.com\/images\/players\/449642.png\" alt=\"Andrej Kosti\u0107\" onerror=\"this.onerror=null;this.src='https:\/\/soccer.aidatasports.com\/images\/players\/default-player.png';\"><span>Andrej Kosti\u0107<\/span><\/a><\/div>\n<\/div>\n<\/div>\n<\/div>\n<\/div>\n<div id=\"wg-api-football-game\"\n                    data-host=\"xxxxx\"\n                    data-key=\"xxxx\"\n                    data-id=\"1385031\"\n                    data-theme=\"\"\n                    data-refresh=\"15\"\n                    data-show-errors=\"false\"\n                    data-show-logos=\"true\"><br \/>\n                    class=\u00a0\u00bbwg_loader\u00a0\u00bb>\n                <\/div>\n<div id=\"wg-api-football-standings\"\n                    data-host=\"xxxx\"\n                    data-key=\"ddddd\"\n                    data-league=\"286\"\n                    data-team=\"\"\n                    data-season=\"2025\"\n                    data-theme=\"\"\n                    data-show-errors=\"false\"\n                    data-show-logos=\"true\"\n                    class=\"wg_loader\">\n                <\/div>\n<p>                <script\n                    type=\"module\"\n                    src=\"https:\/\/soccer.aidatasports.com\/wp-content\/customjs\/widgetslocal.js\">\n                <\/script><\/p>\n","protected":false},"excerpt":{"rendered":"<p>Fran\u00e7ais: Partizan S&rsquo;impose \u00e0 Kragujevac dans un Match \u00c9prouvant Kragujevac, Serbie \u2013 Le FK Partizan&hellip;<\/p>\n","protected":false},"author":1,"featured_media":122532,"comment_status":"open","ping_status":"open","sticky":false,"template":"","format":"standard","meta":{"content-type":"","pmpro_default_level":"","_lmt_disableupdate":"","_lmt_disable":"","_league":15837,"_fixture":1385031,"penci_pfeatured_image_ratio":"","penci_single_style":"","footnotes":""},"categories":[15837],"tags":[682,2327],"class_list":["post-122533","post","type-post","status-publish","format-standard","has-post-thumbnail","hentry","category-matches","tag-fk-partizan-serbia-573","tag-radnicki-1923-serbia-2644","pmpro-has-access"],"_links":{"self":[{"href":"https:\/\/soccer.aidatasports.com\/fr\/wp-json\/wp\/v2\/posts\/122533"}],"collection":[{"href":"https:\/\/soccer.aidatasports.com\/fr\/wp-json\/wp\/v2\/posts"}],"about":[{"href":"https:\/\/soccer.aidatasports.com\/fr\/wp-json\/wp\/v2\/types\/post"}],"author":[{"embeddable":true,"href":"https:\/\/soccer.aidatasports.com\/fr\/wp-json\/wp\/v2\/users\/1"}],"replies":[{"embeddable":true,"href":"https:\/\/soccer.aidatasports.com\/fr\/wp-json\/wp\/v2\/comments?post=122533"}],"version-history":[{"count":0,"href":"https:\/\/soccer.aidatasports.com\/fr\/wp-json\/wp\/v2\/posts\/122533\/revisions"}],"wp:featuredmedia":[{"embeddable":true,"href":"https:\/\/soccer.aidatasports.com\/fr\/wp-json\/wp\/v2\/media\/122532"}],"wp:attachment":[{"href":"https:\/\/soccer.aidatasports.com\/fr\/wp-json\/wp\/v2\/media?parent=122533"}],"wp:term":[{"taxonomy":"category","embeddable":true,"href":"https:\/\/soccer.aidatasports.com\/fr\/wp-json\/wp\/v2\/categories?post=122533"},{"taxonomy":"post_tag","embeddable":true,"href":"https:\/\/soccer.aidatasports.com\/fr\/wp-json\/wp\/v2\/tags?post=122533"}],"curies":[{"name":"wp","href":"https:\/\/api.w.org\/{rel}","templated":true}]}}