{"id":120663,"date":"2025-11-29T16:04:20","date_gmt":"2025-11-29T16:04:20","guid":{"rendered":"https:\/\/soccer.aidatasports.com\/fr\/uncategorized\/hradec-kralove-vs-fk-jablonec-nov-29-2025-1400-utc\/"},"modified":"2025-11-29T16:04:20","modified_gmt":"2025-11-29T16:04:20","slug":"hradec-kralove-vs-fk-jablonec-nov-29-2025-1400-utc","status":"publish","type":"post","link":"https:\/\/soccer.aidatasports.com\/fr\/matches\/hradec-kralove-vs-fk-jablonec-nov-29-2025-1400-utc\/","title":{"rendered":"Hradec Kr\u00e1lov\u00e9 vs FK Jablonec Nov 29 2025 14:00 UTC"},"content":{"rendered":"<p><strong>Fran\u00e7ais:<\/strong><\/p>\n<p><strong>Hradec Kr\u00e1lov\u00e9 Remporte la Victoire \u00e0 Domicile Contre le FK Jablonec<\/strong><\/p>\n<p>Hradec Kralove, R\u00e9publique tch\u00e8que \u2013 Dans un match disput\u00e9 \u00e0 la Malsovicka arena, Hradec Kr\u00e1lov\u00e9 a remport\u00e9 une victoire sur le FK Jablonec lors d&rsquo;un match de la 17e journ\u00e9e de la Ligue tch\u00e8que. L&rsquo;\u00e9quipe \u00e0 domicile, avec 48% de possession, a su concr\u00e9tiser ses occasions, notamment en seconde p\u00e9riode.<\/p>\n<p>Le premier but est intervenu \u00e0 la 54e minute, \u0153uvre de T. Sloncik, qui a ouvert le score pour Hradec Kr\u00e1lov\u00e9. Bien que le FK Jablonec ait maintenu une l\u00e9g\u00e8re sup\u00e9riorit\u00e9 dans la possession du ballon avec 52%, il a eu du mal \u00e0 cr\u00e9er un r\u00e9el danger devant le but adverse. Hradec Kr\u00e1lov\u00e9, de son c\u00f4t\u00e9, a g\u00e9n\u00e9r\u00e9 15 tirs, dont seulement deux cadr\u00e9s, ce qui t\u00e9moigne d&rsquo;un manque de pr\u00e9cision dans la finition.<\/p>\n<p>Le match s&rsquo;est intensifi\u00e9 dans les derni\u00e8res minutes, avec plusieurs cartons jaunes distribu\u00e9s aux deux \u00e9quipes. \u00c0 la 84e minute, T. Sloncik \u00e0 nouveau, servi par V. Darida, a scell\u00e9 le match avec le deuxi\u00e8me but pour Hradec Kr\u00e1lov\u00e9. Le FK Jablonec n&rsquo;a pas r\u00e9ussi \u00e0 r\u00e9agir et a quitt\u00e9 Hradec Kralove sans remporter de points. L&rsquo;arbitre, Marek Radina, a eu un apr\u00e8s-midi charg\u00e9 \u00e0 siffler de nombreuses fautes et avertissements.<\/p>\n<p>Remplacements dans l&rsquo;quipe de fk jablonec: \u00c0 la 58e minute, L. Jawo est entr\u00e9 et F. Zorvan est sorti., \u00c0 la 72e minute, A. Alegue est entr\u00e9 et J. Chramosta est sorti., \u00c0 la 72e minute, F. Novak est entr\u00e9 et D. Puskac est sorti., \u00c0 la 83e minute, R. Sedlacek est entr\u00e9 et S. Lavrincik est sorti., \u00c0 la 83e minute, D. Soucek est entr\u00e9 et M. Malensek est sorti. <\/p>\n<p>Remplacements dans l&rsquo;quipe de hradec kr\u00e1lov\u00e9: \u00c0 la 63e minute, M. van Buren est entr\u00e9 et O. Mihalik est sorti., \u00c0 la 63e minute, V. Pilar est entr\u00e9 et A. Vlkanova est sorti., \u00c0 la 73e minute, J. Elbel est entr\u00e9 et D. Ludvicek est sorti., \u00c0 la 89e minute, T. Sloncik est entr\u00e9 et A. Griger est sorti. <\/p>\n<p>Les \u00e9quipes se sont align\u00e9es comme suit:<\/p>\n<div class=\"lineups-container\">\n<style>\n                .lineups-container {\n                    display: flex;\n                    justify-content: space-around;\n                    flex-wrap: wrap;\n                }\n                .team-lineup {\n                    width: 49%;\n                    margin-bottom: 20px;\n                    border: 1px solid #ccc;\n                    padding: 5px;\n                }\n                .team-lineup h3 {\n                    text-align: center;\n                    margin-bottom: 10px;\n                }\n                .players-container {\n                    display: flex;\n                    justify-content: space-between;\n                }\n                .players-container div {\n                    width: 100%;\n                }\n                .player {\n                    display: flex;\n                    align-items: center;\n                    margin-bottom: 5px;\n                }\n                .player img {\n                    width: 30px;\n                    height: 30px;\n                    border-radius: 50%;\n                    margin-right: 10px;\n                }\n                    @media (max-width: 600px) {\n                    .team-lineup {\n                        width: 100%;\n                    }\n                }\n                <\/style>\n<div class=\"team-lineup\">\n<h3>Hradec Kr\u00e1lov\u00e9<\/h3>\n<p><img decoding=\"async\" src=\"https:\/\/media.api-sports.io\/football\/teams\/3723.png\" alt=\"Hradec Kr\u00e1lov\u00e9\" style=\"width: 50px; height: 50px;\"><\/p>\n<div class=\"players-container\">\n<div>\n<h4>Titulares:<\/h4>\n<div class=\"player\"><a href=\"https:\/\/soccer.aidatasports.com\/fr\/players\/Adam-Zadrazil-66691\"><img decoding=\"async\" src=\"https:\/\/soccer.aidatasports.com\/images\/players\/66691.png\" alt=\"Adam Zadrazil\" onerror=\"this.onerror=null;this.src='https:\/\/soccer.aidatasports.com\/images\/players\/default-player.png';\"><span>Adam Zadrazil<\/span><\/a><\/div>\n<div class=\"player\"><a href=\"https:\/\/soccer.aidatasports.com\/fr\/players\/Franti\u0161ek-\u010cech-128782\"><img decoding=\"async\" src=\"https:\/\/soccer.aidatasports.com\/images\/players\/128782.png\" alt=\"Franti\u0161ek \u010cech\" onerror=\"this.onerror=null;this.src='https:\/\/soccer.aidatasports.com\/images\/players\/default-player.png';\"><span>Franti\u0161ek \u010cech<\/span><\/a><\/div>\n<div class=\"player\"><a href=\"https:\/\/soccer.aidatasports.com\/fr\/players\/Tom\u00e1\u0161-Petr\u00e1\u0161ek-40606\"><img decoding=\"async\" src=\"https:\/\/soccer.aidatasports.com\/images\/players\/40606.png\" alt=\"Tom\u00e1\u0161 Petr\u00e1\u0161ek\" onerror=\"this.onerror=null;this.src='https:\/\/soccer.aidatasports.com\/images\/players\/default-player.png';\"><span>Tom\u00e1\u0161 Petr\u00e1\u0161ek<\/span><\/a><\/div>\n<div class=\"player\"><a href=\"https:\/\/soccer.aidatasports.com\/fr\/players\/Jakub-Elbel-282300\"><img decoding=\"async\" src=\"https:\/\/soccer.aidatasports.com\/images\/players\/282300.png\" alt=\"Jakub Elbel\" onerror=\"this.onerror=null;this.src='https:\/\/soccer.aidatasports.com\/images\/players\/default-player.png';\"><span>Jakub Elbel<\/span><\/a><\/div>\n<div class=\"player\"><a href=\"https:\/\/soccer.aidatasports.com\/fr\/players\/Alexandr-Sojka-386837\"><img decoding=\"async\" src=\"https:\/\/soccer.aidatasports.com\/images\/players\/386837.png\" alt=\"Alexandr Sojka\" onerror=\"this.onerror=null;this.src='https:\/\/soccer.aidatasports.com\/images\/players\/default-player.png';\"><span>Alexandr Sojka<\/span><\/a><\/div>\n<div class=\"player\"><a href=\"https:\/\/soccer.aidatasports.com\/fr\/players\/Vladim\u00edr-Darida-25348\"><img decoding=\"async\" src=\"https:\/\/soccer.aidatasports.com\/images\/players\/25348.png\" alt=\"Vladim\u00edr Darida\" onerror=\"this.onerror=null;this.src='https:\/\/soccer.aidatasports.com\/images\/players\/default-player.png';\"><span>Vladim\u00edr Darida<\/span><\/a><\/div>\n<div class=\"player\"><a href=\"https:\/\/soccer.aidatasports.com\/fr\/players\/Samuel-Danc\u00e1k-66224\"><img decoding=\"async\" src=\"https:\/\/soccer.aidatasports.com\/images\/players\/66224.png\" alt=\"Samuel Danc\u00e1k\" onerror=\"this.onerror=null;this.src='https:\/\/soccer.aidatasports.com\/images\/players\/default-player.png';\"><span>Samuel Danc\u00e1k<\/span><\/a><\/div>\n<div class=\"player\"><a href=\"https:\/\/soccer.aidatasports.com\/fr\/players\/Daniel-Hor\u00e1k-265370\"><img decoding=\"async\" src=\"https:\/\/soccer.aidatasports.com\/images\/players\/265370.png\" alt=\"Daniel Hor\u00e1k\" onerror=\"this.onerror=null;this.src='https:\/\/soccer.aidatasports.com\/images\/players\/default-player.png';\"><span>Daniel Hor\u00e1k<\/span><\/a><\/div>\n<div class=\"player\"><a href=\"https:\/\/soccer.aidatasports.com\/fr\/players\/V\u00e1clav-Pila\u0159-66281\"><img decoding=\"async\" src=\"https:\/\/soccer.aidatasports.com\/images\/players\/66281.png\" alt=\"V\u00e1clav Pila\u0159\" onerror=\"this.onerror=null;this.src='https:\/\/soccer.aidatasports.com\/images\/players\/default-player.png';\"><span>V\u00e1clav Pila\u0159<\/span><\/a><\/div>\n<div class=\"player\"><a href=\"https:\/\/soccer.aidatasports.com\/fr\/players\/Mick-van-Buren-1252\"><img decoding=\"async\" src=\"https:\/\/soccer.aidatasports.com\/images\/players\/1252.png\" alt=\"Mick van Buren\" onerror=\"this.onerror=null;this.src='https:\/\/soccer.aidatasports.com\/images\/players\/default-player.png';\"><span>Mick van Buren<\/span><\/a><\/div>\n<div class=\"player\"><a href=\"https:\/\/soccer.aidatasports.com\/fr\/players\/Tom-Slon\u010d\u00edk-390567\"><img decoding=\"async\" src=\"https:\/\/soccer.aidatasports.com\/images\/players\/390567.png\" alt=\"Tom Slon\u010d\u00edk\" onerror=\"this.onerror=null;this.src='https:\/\/soccer.aidatasports.com\/images\/players\/default-player.png';\"><span>Tom Slon\u010d\u00edk<\/span><\/a><\/div>\n<\/div>\n<div>\n<h4>Suplentes:<\/h4>\n<div class=\"player\"><a href=\"https:\/\/soccer.aidatasports.com\/fr\/players\/Adam-Vlkanova-66438\"><img decoding=\"async\" src=\"https:\/\/soccer.aidatasports.com\/images\/players\/66438.png\" alt=\"Adam Vlkanova\" onerror=\"this.onerror=null;this.src='https:\/\/soccer.aidatasports.com\/images\/players\/default-player.png';\"><span>Adam Vlkanova<\/span><\/a><\/div>\n<div class=\"player\"><a href=\"https:\/\/soccer.aidatasports.com\/fr\/players\/Ond\u0159ej-Mih\u00e1lik-36909\"><img decoding=\"async\" src=\"https:\/\/soccer.aidatasports.com\/images\/players\/36909.png\" alt=\"Ond\u0159ej Mih\u00e1lik\" onerror=\"this.onerror=null;this.src='https:\/\/soccer.aidatasports.com\/images\/players\/default-player.png';\"><span>Ond\u0159ej Mih\u00e1lik<\/span><\/a><\/div>\n<div class=\"player\"><a href=\"https:\/\/soccer.aidatasports.com\/fr\/players\/David-Ludvicek-376335\"><img decoding=\"async\" src=\"https:\/\/soccer.aidatasports.com\/images\/players\/376335.png\" alt=\"David Ludvicek\" onerror=\"this.onerror=null;this.src='https:\/\/soccer.aidatasports.com\/images\/players\/default-player.png';\"><span>David Ludvicek<\/span><\/a><\/div>\n<div class=\"player\"><a href=\"https:\/\/soccer.aidatasports.com\/fr\/players\/Matyas-Vagner-290210\"><img decoding=\"async\" src=\"https:\/\/soccer.aidatasports.com\/images\/players\/290210.png\" alt=\"Matyas Vagner\" onerror=\"this.onerror=null;this.src='https:\/\/soccer.aidatasports.com\/images\/players\/default-player.png';\"><span>Matyas Vagner<\/span><\/a><\/div>\n<div class=\"player\"><a href=\"https:\/\/soccer.aidatasports.com\/fr\/players\/Jakub-Uhrin\u010da\u0165-267794\"><img decoding=\"async\" src=\"https:\/\/soccer.aidatasports.com\/images\/players\/267794.png\" alt=\"Jakub Uhrin\u010da\u0165\" onerror=\"this.onerror=null;this.src='https:\/\/soccer.aidatasports.com\/images\/players\/default-player.png';\"><span>Jakub Uhrin\u010da\u0165<\/span><\/a><\/div>\n<div class=\"player\"><a href=\"https:\/\/soccer.aidatasports.com\/fr\/players\/Petr-Kodes-66481\"><img decoding=\"async\" src=\"https:\/\/soccer.aidatasports.com\/images\/players\/66481.png\" alt=\"Petr Kodes\" onerror=\"this.onerror=null;this.src='https:\/\/soccer.aidatasports.com\/images\/players\/default-player.png';\"><span>Petr Kodes<\/span><\/a><\/div>\n<div class=\"player\"><a href=\"https:\/\/soccer.aidatasports.com\/fr\/players\/Lucas-Kubr-378175\"><img decoding=\"async\" src=\"https:\/\/soccer.aidatasports.com\/images\/players\/378175.png\" alt=\"Lucas Kubr\" onerror=\"this.onerror=null;this.src='https:\/\/soccer.aidatasports.com\/images\/players\/default-player.png';\"><span>Lucas Kubr<\/span><\/a><\/div>\n<div class=\"player\"><a href=\"https:\/\/soccer.aidatasports.com\/fr\/players\/Lukas-Hruska-524886\"><img decoding=\"async\" src=\"https:\/\/soccer.aidatasports.com\/images\/players\/524886.png\" alt=\"Lukas Hruska\" onerror=\"this.onerror=null;this.src='https:\/\/soccer.aidatasports.com\/images\/players\/default-player.png';\"><span>Lukas Hruska<\/span><\/a><\/div>\n<div class=\"player\"><a href=\"https:\/\/soccer.aidatasports.com\/fr\/players\/Adam-Griger-269240\"><img decoding=\"async\" src=\"https:\/\/soccer.aidatasports.com\/images\/players\/269240.png\" alt=\"Adam Griger\" onerror=\"this.onerror=null;this.src='https:\/\/soccer.aidatasports.com\/images\/players\/default-player.png';\"><span>Adam Griger<\/span><\/a><\/div>\n<div class=\"player\"><a href=\"https:\/\/soccer.aidatasports.com\/fr\/players\/Jakub-Hodek-377014\"><img decoding=\"async\" src=\"https:\/\/soccer.aidatasports.com\/images\/players\/377014.png\" alt=\"Jakub Hodek\" onerror=\"this.onerror=null;this.src='https:\/\/soccer.aidatasports.com\/images\/players\/default-player.png';\"><span>Jakub Hodek<\/span><\/a><\/div>\n<\/div>\n<\/div>\n<\/div>\n<div class=\"team-lineup\">\n<h3>FK Jablonec<\/h3>\n<p><img decoding=\"async\" src=\"https:\/\/media.api-sports.io\/football\/teams\/1122.png\" alt=\"FK Jablonec\" style=\"width: 50px; height: 50px;\"><\/p>\n<div class=\"players-container\">\n<div>\n<h4>Titulares:<\/h4>\n<div class=\"player\"><a href=\"https:\/\/soccer.aidatasports.com\/fr\/players\/Jan-Hanu\u0161-2249\"><img decoding=\"async\" src=\"https:\/\/soccer.aidatasports.com\/images\/players\/2249.png\" alt=\"Jan Hanu\u0161\" onerror=\"this.onerror=null;this.src='https:\/\/soccer.aidatasports.com\/images\/players\/default-player.png';\"><span>Jan Hanu\u0161<\/span><\/a><\/div>\n<div class=\"player\"><a href=\"https:\/\/soccer.aidatasports.com\/fr\/players\/Martin-Cedidla-66303\"><img decoding=\"async\" src=\"https:\/\/soccer.aidatasports.com\/images\/players\/66303.png\" alt=\"Martin Cedidla\" onerror=\"this.onerror=null;this.src='https:\/\/soccer.aidatasports.com\/images\/players\/default-player.png';\"><span>Martin Cedidla<\/span><\/a><\/div>\n<div class=\"player\"><a href=\"https:\/\/soccer.aidatasports.com\/fr\/players\/Renato-Pantalon-14502\"><img decoding=\"async\" src=\"https:\/\/soccer.aidatasports.com\/images\/players\/14502.png\" alt=\"Renato Pantalon\" onerror=\"this.onerror=null;this.src='https:\/\/soccer.aidatasports.com\/images\/players\/default-player.png';\"><span>Renato Pantalon<\/span><\/a><\/div>\n<div class=\"player\"><a href=\"https:\/\/soccer.aidatasports.com\/fr\/players\/Filip-Nov\u00e1k-49874\"><img decoding=\"async\" src=\"https:\/\/soccer.aidatasports.com\/images\/players\/49874.png\" alt=\"Filip Nov\u00e1k\" onerror=\"this.onerror=null;this.src='https:\/\/soccer.aidatasports.com\/images\/players\/default-player.png';\"><span>Filip Nov\u00e1k<\/span><\/a><\/div>\n<div class=\"player\"><a href=\"https:\/\/soccer.aidatasports.com\/fr\/players\/Vakhtang-Chanturishvili-55948\"><img decoding=\"async\" src=\"https:\/\/soccer.aidatasports.com\/images\/players\/55948.png\" alt=\"Vakhtang Chanturishvili\" onerror=\"this.onerror=null;this.src='https:\/\/soccer.aidatasports.com\/images\/players\/default-player.png';\"><span>Vakhtang Chanturishvili<\/span><\/a><\/div>\n<div class=\"player\"><a href=\"https:\/\/soccer.aidatasports.com\/fr\/players\/Daniel-Sou\u010dek-66222\"><img decoding=\"async\" src=\"https:\/\/soccer.aidatasports.com\/images\/players\/66222.png\" alt=\"Daniel Sou\u010dek\" onerror=\"this.onerror=null;this.src='https:\/\/soccer.aidatasports.com\/images\/players\/default-player.png';\"><span>Daniel Sou\u010dek<\/span><\/a><\/div>\n<div class=\"player\"><a href=\"https:\/\/soccer.aidatasports.com\/fr\/players\/Anton\u00edn-R\u016fsek-66410\"><img decoding=\"async\" src=\"https:\/\/soccer.aidatasports.com\/images\/players\/66410.png\" alt=\"Anton\u00edn R\u016fsek\" onerror=\"this.onerror=null;this.src='https:\/\/soccer.aidatasports.com\/images\/players\/default-player.png';\"><span>Anton\u00edn R\u016fsek<\/span><\/a><\/div>\n<div class=\"player\"><a href=\"https:\/\/soccer.aidatasports.com\/fr\/players\/Nemanja-Tekija\u0161ki-46022\"><img decoding=\"async\" src=\"https:\/\/soccer.aidatasports.com\/images\/players\/46022.png\" alt=\"Nemanja Tekija\u0161ki\" onerror=\"this.onerror=null;this.src='https:\/\/soccer.aidatasports.com\/images\/players\/default-player.png';\"><span>Nemanja Tekija\u0161ki<\/span><\/a><\/div>\n<div class=\"player\"><a href=\"https:\/\/soccer.aidatasports.com\/fr\/players\/Alexis-Alegue-21260\"><img decoding=\"async\" src=\"https:\/\/soccer.aidatasports.com\/images\/players\/21260.png\" alt=\"Alexis Alegue\" onerror=\"this.onerror=null;this.src='https:\/\/soccer.aidatasports.com\/images\/players\/default-player.png';\"><span>Alexis Alegue<\/span><\/a><\/div>\n<div class=\"player\"><a href=\"https:\/\/soccer.aidatasports.com\/fr\/players\/Richard-Sedl\u00e1\u010dek-38823\"><img decoding=\"async\" src=\"https:\/\/soccer.aidatasports.com\/images\/players\/38823.png\" alt=\"Richard Sedl\u00e1\u010dek\" onerror=\"this.onerror=null;this.src='https:\/\/soccer.aidatasports.com\/images\/players\/default-player.png';\"><span>Richard Sedl\u00e1\u010dek<\/span><\/a><\/div>\n<div class=\"player\"><a href=\"https:\/\/soccer.aidatasports.com\/fr\/players\/Lamin-Jawo-66390\"><img decoding=\"async\" src=\"https:\/\/soccer.aidatasports.com\/images\/players\/66390.png\" alt=\"Lamin Jawo\" onerror=\"this.onerror=null;this.src='https:\/\/soccer.aidatasports.com\/images\/players\/default-player.png';\"><span>Lamin Jawo<\/span><\/a><\/div>\n<\/div>\n<div>\n<h4>Suplentes:<\/h4>\n<div class=\"player\"><a href=\"https:\/\/soccer.aidatasports.com\/fr\/players\/Filip-Zorvan-66439\"><img decoding=\"async\" src=\"https:\/\/soccer.aidatasports.com\/images\/players\/66439.png\" alt=\"Filip Zorvan\" onerror=\"this.onerror=null;this.src='https:\/\/soccer.aidatasports.com\/images\/players\/default-player.png';\"><span>Filip Zorvan<\/span><\/a><\/div>\n<div class=\"player\"><a href=\"https:\/\/soccer.aidatasports.com\/fr\/players\/Jan-Chramosta-2270\"><img decoding=\"async\" src=\"https:\/\/soccer.aidatasports.com\/images\/players\/2270.png\" alt=\"Jan Chramosta\" onerror=\"this.onerror=null;this.src='https:\/\/soccer.aidatasports.com\/images\/players\/default-player.png';\"><span>Jan Chramosta<\/span><\/a><\/div>\n<div class=\"player\"><a href=\"https:\/\/soccer.aidatasports.com\/fr\/players\/David-Pu\u0161k\u00e1\u010d-66154\"><img decoding=\"async\" src=\"https:\/\/soccer.aidatasports.com\/images\/players\/66154.png\" alt=\"David Pu\u0161k\u00e1\u010d\" onerror=\"this.onerror=null;this.src='https:\/\/soccer.aidatasports.com\/images\/players\/default-player.png';\"><span>David Pu\u0161k\u00e1\u010d<\/span><\/a><\/div>\n<div class=\"player\"><a href=\"https:\/\/soccer.aidatasports.com\/fr\/players\/Klemen-Mihelak-131323\"><img decoding=\"async\" src=\"https:\/\/soccer.aidatasports.com\/images\/players\/131323.png\" alt=\"Klemen Mihelak\" onerror=\"this.onerror=null;this.src='https:\/\/soccer.aidatasports.com\/images\/players\/default-player.png';\"><span>Klemen Mihelak<\/span><\/a><\/div>\n<div class=\"player\"><a href=\"https:\/\/soccer.aidatasports.com\/fr\/players\/David-\u0160t\u011bp\u00e1nek-80518\"><img decoding=\"async\" src=\"https:\/\/soccer.aidatasports.com\/images\/players\/80518.png\" alt=\"David \u0160t\u011bp\u00e1nek\" onerror=\"this.onerror=null;this.src='https:\/\/soccer.aidatasports.com\/images\/players\/default-player.png';\"><span>David \u0160t\u011bp\u00e1nek<\/span><\/a><\/div>\n<div class=\"player\"><a href=\"https:\/\/soccer.aidatasports.com\/fr\/players\/Nassim-Innocenti-162455\"><img decoding=\"async\" src=\"https:\/\/soccer.aidatasports.com\/images\/players\/162455.png\" alt=\"Nassim Innocenti\" onerror=\"this.onerror=null;this.src='https:\/\/soccer.aidatasports.com\/images\/players\/default-player.png';\"><span>Nassim Innocenti<\/span><\/a><\/div>\n<div class=\"player\"><a href=\"https:\/\/soccer.aidatasports.com\/fr\/players\/Lukas-Penxa-428288\"><img decoding=\"async\" src=\"https:\/\/soccer.aidatasports.com\/images\/players\/428288.png\" alt=\"Lukas Penxa\" onerror=\"this.onerror=null;this.src='https:\/\/soccer.aidatasports.com\/images\/players\/default-player.png';\"><span>Lukas Penxa<\/span><\/a><\/div>\n<div class=\"player\"><a href=\"https:\/\/soccer.aidatasports.com\/fr\/players\/Samuel-Lavrin\u010d\u00edk-162280\"><img decoding=\"async\" src=\"https:\/\/soccer.aidatasports.com\/images\/players\/162280.png\" alt=\"Samuel Lavrin\u010d\u00edk\" onerror=\"this.onerror=null;this.src='https:\/\/soccer.aidatasports.com\/images\/players\/default-player.png';\"><span>Samuel Lavrin\u010d\u00edk<\/span><\/a><\/div>\n<div class=\"player\"><a href=\"https:\/\/soccer.aidatasports.com\/fr\/players\/David-Nykrin-353864\"><img decoding=\"async\" src=\"https:\/\/soccer.aidatasports.com\/images\/players\/353864.png\" alt=\"David Nykrin\" onerror=\"this.onerror=null;this.src='https:\/\/soccer.aidatasports.com\/images\/players\/default-player.png';\"><span>David Nykrin<\/span><\/a><\/div>\n<div class=\"player\"><a href=\"https:\/\/soccer.aidatasports.com\/fr\/players\/Jan-Suchan-66203\"><img decoding=\"async\" src=\"https:\/\/soccer.aidatasports.com\/images\/players\/66203.png\" alt=\"Jan Suchan\" onerror=\"this.onerror=null;this.src='https:\/\/soccer.aidatasports.com\/images\/players\/default-player.png';\"><span>Jan Suchan<\/span><\/a><\/div>\n<div class=\"player\"><a href=\"https:\/\/soccer.aidatasports.com\/fr\/players\/Matej-Malen\u0161ek-366835\"><img decoding=\"async\" src=\"https:\/\/soccer.aidatasports.com\/images\/players\/366835.png\" alt=\"Matej Malen\u0161ek\" onerror=\"this.onerror=null;this.src='https:\/\/soccer.aidatasports.com\/images\/players\/default-player.png';\"><span>Matej Malen\u0161ek<\/span><\/a><\/div>\n<\/div>\n<\/div>\n<\/div>\n<\/div>\n<div id=\"wg-api-football-game\"\n                    data-host=\"xxxxx\"\n                    data-key=\"xxxx\"\n                    data-id=\"1384780\"\n                    data-theme=\"\"\n                    data-refresh=\"15\"\n                    data-show-errors=\"false\"\n                    data-show-logos=\"true\"><br \/>\n                    class=\u00a0\u00bbwg_loader\u00a0\u00bb>\n                <\/div>\n<div id=\"wg-api-football-standings\"\n                    data-host=\"xxxx\"\n                    data-key=\"ddddd\"\n                    data-league=\"345\"\n                    data-team=\"\"\n                    data-season=\"2025\"\n                    data-theme=\"\"\n                    data-show-errors=\"false\"\n                    data-show-logos=\"true\"\n                    class=\"wg_loader\">\n                <\/div>\n<p>                <script\n                    type=\"module\"\n                    src=\"https:\/\/soccer.aidatasports.com\/wp-content\/customjs\/widgetslocal.js\">\n                <\/script><\/p>\n","protected":false},"excerpt":{"rendered":"<p>Fran\u00e7ais: Hradec Kr\u00e1lov\u00e9 Remporte la Victoire \u00e0 Domicile Contre le FK Jablonec Hradec Kralove, R\u00e9publique&hellip;<\/p>\n","protected":false},"author":1,"featured_media":120662,"comment_status":"open","ping_status":"open","sticky":false,"template":"","format":"standard","meta":{"content-type":"","pmpro_default_level":"","_lmt_disableupdate":"","_lmt_disable":"","_league":15837,"_fixture":1384780,"penci_pfeatured_image_ratio":"","penci_single_style":"","footnotes":""},"categories":[15837],"tags":[1138,3000],"class_list":["post-120663","post","type-post","status-publish","format-standard","has-post-thumbnail","hentry","category-matches","tag-fk-jablonec-czech-republic-1122","tag-hradec-kralove-czech-republic-3723","pmpro-has-access"],"_links":{"self":[{"href":"https:\/\/soccer.aidatasports.com\/fr\/wp-json\/wp\/v2\/posts\/120663"}],"collection":[{"href":"https:\/\/soccer.aidatasports.com\/fr\/wp-json\/wp\/v2\/posts"}],"about":[{"href":"https:\/\/soccer.aidatasports.com\/fr\/wp-json\/wp\/v2\/types\/post"}],"author":[{"embeddable":true,"href":"https:\/\/soccer.aidatasports.com\/fr\/wp-json\/wp\/v2\/users\/1"}],"replies":[{"embeddable":true,"href":"https:\/\/soccer.aidatasports.com\/fr\/wp-json\/wp\/v2\/comments?post=120663"}],"version-history":[{"count":0,"href":"https:\/\/soccer.aidatasports.com\/fr\/wp-json\/wp\/v2\/posts\/120663\/revisions"}],"wp:featuredmedia":[{"embeddable":true,"href":"https:\/\/soccer.aidatasports.com\/fr\/wp-json\/wp\/v2\/media\/120662"}],"wp:attachment":[{"href":"https:\/\/soccer.aidatasports.com\/fr\/wp-json\/wp\/v2\/media?parent=120663"}],"wp:term":[{"taxonomy":"category","embeddable":true,"href":"https:\/\/soccer.aidatasports.com\/fr\/wp-json\/wp\/v2\/categories?post=120663"},{"taxonomy":"post_tag","embeddable":true,"href":"https:\/\/soccer.aidatasports.com\/fr\/wp-json\/wp\/v2\/tags?post=120663"}],"curies":[{"name":"wp","href":"https:\/\/api.w.org\/{rel}","templated":true}]}}