{"id":113160,"date":"2025-10-26T15:03:00","date_gmt":"2025-10-26T15:03:00","guid":{"rendered":"https:\/\/soccer.aidatasports.com\/fr\/uncategorized\/mallorca-vs-levante-oct-26-2025-1300-utc\/"},"modified":"2025-10-26T15:03:00","modified_gmt":"2025-10-26T15:03:00","slug":"mallorca-vs-levante-oct-26-2025-1300-utc","status":"publish","type":"post","link":"https:\/\/soccer.aidatasports.com\/fr\/matches\/mallorca-vs-levante-oct-26-2025-1300-utc\/","title":{"rendered":"Mallorca vs Levante Oct 26 2025 13:00 UTC"},"content":{"rendered":"<p><strong>Fran\u00e7ais<\/strong><\/p>\n<p><strong>Match Nul Arrache\u00e9 par Majorque Contre Levante en Fin de Match<\/strong><\/p>\n<p>L&rsquo;Estadi Mallorca Son Moix a \u00e9t\u00e9 le th\u00e9\u00e2tre d&rsquo;un match passionnant entre Majorque et Levante, qui s&rsquo;est sold\u00e9 par un match nul 1-1. Levante a pris l&rsquo;avantage \u00e0 la 22e minute gr\u00e2ce \u00e0 un but d&rsquo;Etta Eyong, suite \u00e0 une action sans passe d\u00e9cisive. Cependant, Majorque, dominant la possession avec 63%, n&rsquo;a pas baiss\u00e9 les bras. Le match a \u00e9t\u00e9 marqu\u00e9 par l&rsquo;intensit\u00e9, comme en t\u00e9moignent les cinq cartons jaunes distribu\u00e9s (trois pour Majorque et deux pour Levante). Finalement, \u00e0 la 79e minute, Pablo Maffeo a \u00e9galis\u00e9 pour Majorque gr\u00e2ce \u00e0 un but sur une passe de J. Mojica, d\u00e9clenchant l&rsquo;euphorie parmi les supporters locaux. Malgr\u00e9 l&rsquo;insistance de Majorque, qui a accumul\u00e9 20 tirs (4 cadr\u00e9s), Levante a su d\u00e9fendre sa zone et ramener un point pr\u00e9cieux de Palma. Le match, arbitr\u00e9 par Miguel Angel Ortiz Arias, s&rsquo;inscrivait dans le cadre de la dixi\u00e8me journ\u00e9e de La Liga 2025.<\/p>\n<p>Remplacements dans l&rsquo;quipe de levante: \u00c0 la 58e minute, G. Koyalipou est entr\u00e9 et R. Brugue est sorti., \u00c0 la 73e minute, J. Toljan est entr\u00e9 et Dela est sorti., \u00c0 la 73e minute, V. Garcia est entr\u00e9 et C. Alvarez est sorti., \u00c0 la 88e minute, P. Martinez est entr\u00e9 et J. A. Olasagasti est sorti., \u00c0 la 88e minute, U. Vencedor est entr\u00e9 et J. Morales est sorti. <\/p>\n<p>Remplacements dans l&rsquo;quipe de mallorca: \u00c0 la 61e minute, S. Darder est entr\u00e9 et P. Torre est sorti., \u00c0 la 73e minute, Samu Costa est entr\u00e9 et J. Llabres est sorti., \u00c0 la 83e minute, J. Virgili est entr\u00e9 et M. Domenech est sorti., \u00c0 la 83e minute, V. Muriqi est entr\u00e9 et A. Sanchez est sorti. <\/p>\n<p>Les \u00e9quipes se sont align\u00e9es comme suit:<\/p>\n<div class=\"lineups-container\">\n<style>\n                .lineups-container {\n                    display: flex;\n                    justify-content: space-around;\n                    flex-wrap: wrap;\n                }\n                .team-lineup {\n                    width: 49%;\n                    margin-bottom: 20px;\n                    border: 1px solid #ccc;\n                    padding: 5px;\n                }\n                .team-lineup h3 {\n                    text-align: center;\n                    margin-bottom: 10px;\n                }\n                .players-container {\n                    display: flex;\n                    justify-content: space-between;\n                }\n                .players-container div {\n                    width: 100%;\n                }\n                .player {\n                    display: flex;\n                    align-items: center;\n                    margin-bottom: 5px;\n                }\n                .player img {\n                    width: 30px;\n                    height: 30px;\n                    border-radius: 50%;\n                    margin-right: 10px;\n                }\n                    @media (max-width: 600px) {\n                    .team-lineup {\n                        width: 100%;\n                    }\n                }\n                <\/style>\n<div class=\"team-lineup\">\n<h3>Mallorca<\/h3>\n<p><img decoding=\"async\" src=\"https:\/\/media.api-sports.io\/football\/teams\/798.png\" alt=\"Mallorca\" style=\"width: 50px; height: 50px;\"><\/p>\n<div class=\"players-container\">\n<div>\n<h4>Titulares:<\/h4>\n<div class=\"player\"><a href=\"https:\/\/soccer.aidatasports.com\/fr\/players\/Leo-Rom\u00e1n-179139\"><img decoding=\"async\" src=\"https:\/\/soccer.aidatasports.com\/images\/players\/179139.png\" alt=\"Leo Rom\u00e1n\" onerror=\"this.onerror=null;this.src='https:\/\/soccer.aidatasports.com\/images\/players\/default-player.png';\"><span>Leo Rom\u00e1n<\/span><\/a><\/div>\n<div class=\"player\"><a href=\"https:\/\/soccer.aidatasports.com\/fr\/players\/Pablo-Maffeo-26302\"><img decoding=\"async\" src=\"https:\/\/soccer.aidatasports.com\/images\/players\/26302.png\" alt=\"Pablo Maffeo\" onerror=\"this.onerror=null;this.src='https:\/\/soccer.aidatasports.com\/images\/players\/default-player.png';\"><span>Pablo Maffeo<\/span><\/a><\/div>\n<div class=\"player\"><a href=\"https:\/\/soccer.aidatasports.com\/fr\/players\/Martin-Valjent-46738\"><img decoding=\"async\" src=\"https:\/\/soccer.aidatasports.com\/images\/players\/46738.png\" alt=\"Martin Valjent\" onerror=\"this.onerror=null;this.src='https:\/\/soccer.aidatasports.com\/images\/players\/default-player.png';\"><span>Martin Valjent<\/span><\/a><\/div>\n<div class=\"player\"><a href=\"https:\/\/soccer.aidatasports.com\/fr\/players\/Antonio-Ra\u00edllo-46733\"><img decoding=\"async\" src=\"https:\/\/soccer.aidatasports.com\/images\/players\/46733.png\" alt=\"Antonio Ra\u00edllo\" onerror=\"this.onerror=null;this.src='https:\/\/soccer.aidatasports.com\/images\/players\/default-player.png';\"><span>Antonio Ra\u00edllo<\/span><\/a><\/div>\n<div class=\"player\"><a href=\"https:\/\/soccer.aidatasports.com\/fr\/players\/Johan-Mojica-64268\"><img decoding=\"async\" src=\"https:\/\/soccer.aidatasports.com\/images\/players\/64268.png\" alt=\"Johan Mojica\" onerror=\"this.onerror=null;this.src='https:\/\/soccer.aidatasports.com\/images\/players\/default-player.png';\"><span>Johan Mojica<\/span><\/a><\/div>\n<div class=\"player\"><a href=\"https:\/\/soccer.aidatasports.com\/fr\/players\/Manu-Morlanes-1701\"><img decoding=\"async\" src=\"https:\/\/soccer.aidatasports.com\/images\/players\/1701.png\" alt=\"Manu Morlanes\" onerror=\"this.onerror=null;this.src='https:\/\/soccer.aidatasports.com\/images\/players\/default-player.png';\"><span>Manu Morlanes<\/span><\/a><\/div>\n<div class=\"player\"><a href=\"https:\/\/soccer.aidatasports.com\/fr\/players\/Sam\u00fa-Costa-190485\"><img decoding=\"async\" src=\"https:\/\/soccer.aidatasports.com\/images\/players\/190485.png\" alt=\"Sam\u00fa Costa\" onerror=\"this.onerror=null;this.src='https:\/\/soccer.aidatasports.com\/images\/players\/default-player.png';\"><span>Sam\u00fa Costa<\/span><\/a><\/div>\n<div class=\"player\"><a href=\"https:\/\/soccer.aidatasports.com\/fr\/players\/Mateo-Joseph-313059\"><img decoding=\"async\" src=\"https:\/\/soccer.aidatasports.com\/images\/players\/313059.png\" alt=\"Mateo Joseph\" onerror=\"this.onerror=null;this.src='https:\/\/soccer.aidatasports.com\/images\/players\/default-player.png';\"><span>Mateo Joseph<\/span><\/a><\/div>\n<div class=\"player\"><a href=\"https:\/\/soccer.aidatasports.com\/fr\/players\/Sergi-Darder-47336\"><img decoding=\"async\" src=\"https:\/\/soccer.aidatasports.com\/images\/players\/47336.png\" alt=\"Sergi Darder\" onerror=\"this.onerror=null;this.src='https:\/\/soccer.aidatasports.com\/images\/players\/default-player.png';\"><span>Sergi Darder<\/span><\/a><\/div>\n<div class=\"player\"><a href=\"https:\/\/soccer.aidatasports.com\/fr\/players\/Jan-Virgili-491248\"><img decoding=\"async\" src=\"https:\/\/soccer.aidatasports.com\/images\/players\/491248.png\" alt=\"Jan Virgili\" onerror=\"this.onerror=null;this.src='https:\/\/soccer.aidatasports.com\/images\/players\/default-player.png';\"><span>Jan Virgili<\/span><\/a><\/div>\n<div class=\"player\"><a href=\"https:\/\/soccer.aidatasports.com\/fr\/players\/Vedat-Muriqi-50048\"><img decoding=\"async\" src=\"https:\/\/soccer.aidatasports.com\/images\/players\/50048.png\" alt=\"Vedat Muriqi\" onerror=\"this.onerror=null;this.src='https:\/\/soccer.aidatasports.com\/images\/players\/default-player.png';\"><span>Vedat Muriqi<\/span><\/a><\/div>\n<\/div>\n<div>\n<h4>Suplentes:<\/h4>\n<div class=\"player\"><a href=\"https:\/\/soccer.aidatasports.com\/fr\/players\/Pablo-Torre-285909\"><img decoding=\"async\" src=\"https:\/\/soccer.aidatasports.com\/images\/players\/285909.png\" alt=\"Pablo Torre\" onerror=\"this.onerror=null;this.src='https:\/\/soccer.aidatasports.com\/images\/players\/default-player.png';\"><span>Pablo Torre<\/span><\/a><\/div>\n<div class=\"player\"><a href=\"https:\/\/soccer.aidatasports.com\/fr\/players\/Javi-Llabr\u00e9s-293604\"><img decoding=\"async\" src=\"https:\/\/soccer.aidatasports.com\/images\/players\/293604.png\" alt=\"Javi Llabr\u00e9s\" onerror=\"this.onerror=null;this.src='https:\/\/soccer.aidatasports.com\/images\/players\/default-player.png';\"><span>Javi Llabr\u00e9s<\/span><\/a><\/div>\n<div class=\"player\"><a href=\"https:\/\/soccer.aidatasports.com\/fr\/players\/Iv\u00e1n-Cu\u00e9llar-47399\"><img decoding=\"async\" src=\"https:\/\/soccer.aidatasports.com\/images\/players\/47399.png\" alt=\"Iv\u00e1n Cu\u00e9llar\" onerror=\"this.onerror=null;this.src='https:\/\/soccer.aidatasports.com\/images\/players\/default-player.png';\"><span>Iv\u00e1n Cu\u00e9llar<\/span><\/a><\/div>\n<div class=\"player\"><a href=\"https:\/\/soccer.aidatasports.com\/fr\/players\/Lucas-Bergstr\u00f6m-152955\"><img decoding=\"async\" src=\"https:\/\/soccer.aidatasports.com\/images\/players\/152955.png\" alt=\"Lucas Bergstr\u00f6m\" onerror=\"this.onerror=null;this.src='https:\/\/soccer.aidatasports.com\/images\/players\/default-player.png';\"><span>Lucas Bergstr\u00f6m<\/span><\/a><\/div>\n<div class=\"player\"><a href=\"https:\/\/soccer.aidatasports.com\/fr\/players\/Mateu-Morey-108519\"><img decoding=\"async\" src=\"https:\/\/soccer.aidatasports.com\/images\/players\/108519.png\" alt=\"Mateu Morey\" onerror=\"this.onerror=null;this.src='https:\/\/soccer.aidatasports.com\/images\/players\/default-player.png';\"><span>Mateu Morey<\/span><\/a><\/div>\n<div class=\"player\"><a href=\"https:\/\/soccer.aidatasports.com\/fr\/players\/Iliesse-Salhi-462277\"><img decoding=\"async\" src=\"https:\/\/soccer.aidatasports.com\/images\/players\/462277.png\" alt=\"Iliesse Salhi\" onerror=\"this.onerror=null;this.src='https:\/\/soccer.aidatasports.com\/images\/players\/default-player.png';\"><span>Iliesse Salhi<\/span><\/a><\/div>\n<div class=\"player\"><a href=\"https:\/\/soccer.aidatasports.com\/fr\/players\/David-L\u00f3pez-335697\"><img decoding=\"async\" src=\"https:\/\/soccer.aidatasports.com\/images\/players\/335697.png\" alt=\"David L\u00f3pez\" onerror=\"this.onerror=null;this.src='https:\/\/soccer.aidatasports.com\/images\/players\/default-player.png';\"><span>David L\u00f3pez<\/span><\/a><\/div>\n<div class=\"player\"><a href=\"https:\/\/soccer.aidatasports.com\/fr\/players\/Marc-Domenech-482473\"><img decoding=\"async\" src=\"https:\/\/soccer.aidatasports.com\/images\/players\/482473.png\" alt=\"Marc Domenech\" onerror=\"this.onerror=null;this.src='https:\/\/soccer.aidatasports.com\/images\/players\/default-player.png';\"><span>Marc Domenech<\/span><\/a><\/div>\n<div class=\"player\"><a href=\"https:\/\/soccer.aidatasports.com\/fr\/players\/Omar-Mascarell-414\"><img decoding=\"async\" src=\"https:\/\/soccer.aidatasports.com\/images\/players\/414.png\" alt=\"Omar Mascarell\" onerror=\"this.onerror=null;this.src='https:\/\/soccer.aidatasports.com\/images\/players\/default-player.png';\"><span>Omar Mascarell<\/span><\/a><\/div>\n<div class=\"player\"><a href=\"https:\/\/soccer.aidatasports.com\/fr\/players\/Takuma-Asano-25375\"><img decoding=\"async\" src=\"https:\/\/soccer.aidatasports.com\/images\/players\/25375.png\" alt=\"Takuma Asano\" onerror=\"this.onerror=null;this.src='https:\/\/soccer.aidatasports.com\/images\/players\/default-player.png';\"><span>Takuma Asano<\/span><\/a><\/div>\n<div class=\"player\"><a href=\"https:\/\/soccer.aidatasports.com\/fr\/players\/Antonio-S\u00e1nchez-107194\"><img decoding=\"async\" src=\"https:\/\/soccer.aidatasports.com\/images\/players\/107194.png\" alt=\"Antonio S\u00e1nchez\" onerror=\"this.onerror=null;this.src='https:\/\/soccer.aidatasports.com\/images\/players\/default-player.png';\"><span>Antonio S\u00e1nchez<\/span><\/a><\/div>\n<div class=\"player\"><a href=\"https:\/\/soccer.aidatasports.com\/fr\/players\/Abd\u00f3n-Prats-46751\"><img decoding=\"async\" src=\"https:\/\/soccer.aidatasports.com\/images\/players\/46751.png\" alt=\"Abd\u00f3n Prats\" onerror=\"this.onerror=null;this.src='https:\/\/soccer.aidatasports.com\/images\/players\/default-player.png';\"><span>Abd\u00f3n Prats<\/span><\/a><\/div>\n<\/div>\n<\/div>\n<\/div>\n<div class=\"team-lineup\">\n<h3>Levante<\/h3>\n<p><img decoding=\"async\" src=\"https:\/\/media.api-sports.io\/football\/teams\/539.png\" alt=\"Levante\" style=\"width: 50px; height: 50px;\"><\/p>\n<div class=\"players-container\">\n<div>\n<h4>Titulares:<\/h4>\n<div class=\"player\"><a href=\"https:\/\/soccer.aidatasports.com\/fr\/players\/Mathew-Ryan-2741\"><img decoding=\"async\" src=\"https:\/\/soccer.aidatasports.com\/images\/players\/2741.png\" alt=\"Mathew Ryan\" onerror=\"this.onerror=null;this.src='https:\/\/soccer.aidatasports.com\/images\/players\/default-player.png';\"><span>Mathew Ryan<\/span><\/a><\/div>\n<div class=\"player\"><a href=\"https:\/\/soccer.aidatasports.com\/fr\/players\/Jeremy-Toljan-1118\"><img decoding=\"async\" src=\"https:\/\/soccer.aidatasports.com\/images\/players\/1118.png\" alt=\"Jeremy Toljan\" onerror=\"this.onerror=null;this.src='https:\/\/soccer.aidatasports.com\/images\/players\/default-player.png';\"><span>Jeremy Toljan<\/span><\/a><\/div>\n<div class=\"player\"><a href=\"https:\/\/soccer.aidatasports.com\/fr\/players\/Unai-Elgezabal-46941\"><img decoding=\"async\" src=\"https:\/\/soccer.aidatasports.com\/images\/players\/46941.png\" alt=\"Unai Elgezabal\" onerror=\"this.onerror=null;this.src='https:\/\/soccer.aidatasports.com\/images\/players\/default-player.png';\"><span>Unai Elgezabal<\/span><\/a><\/div>\n<div class=\"player\"><a href=\"https:\/\/soccer.aidatasports.com\/fr\/players\/Matias-Moreno-421807\"><img decoding=\"async\" src=\"https:\/\/soccer.aidatasports.com\/images\/players\/421807.png\" alt=\"Matias Moreno\" onerror=\"this.onerror=null;this.src='https:\/\/soccer.aidatasports.com\/images\/players\/default-player.png';\"><span>Matias Moreno<\/span><\/a><\/div>\n<div class=\"player\"><a href=\"https:\/\/soccer.aidatasports.com\/fr\/players\/Manuel-S\u00e1nchez-64309\"><img decoding=\"async\" src=\"https:\/\/soccer.aidatasports.com\/images\/players\/64309.png\" alt=\"Manuel S\u00e1nchez\" onerror=\"this.onerror=null;this.src='https:\/\/soccer.aidatasports.com\/images\/players\/default-player.png';\"><span>Manuel S\u00e1nchez<\/span><\/a><\/div>\n<div class=\"player\"><a href=\"https:\/\/soccer.aidatasports.com\/fr\/players\/V\u00edctor-Garc\u00eda-46790\"><img decoding=\"async\" src=\"https:\/\/soccer.aidatasports.com\/images\/players\/46790.png\" alt=\"V\u00edctor Garc\u00eda\" onerror=\"this.onerror=null;this.src='https:\/\/soccer.aidatasports.com\/images\/players\/default-player.png';\"><span>V\u00edctor Garc\u00eda<\/span><\/a><\/div>\n<div class=\"player\"><a href=\"https:\/\/soccer.aidatasports.com\/fr\/players\/Unai-Vencedor-182639\"><img decoding=\"async\" src=\"https:\/\/soccer.aidatasports.com\/images\/players\/182639.png\" alt=\"Unai Vencedor\" onerror=\"this.onerror=null;this.src='https:\/\/soccer.aidatasports.com\/images\/players\/default-player.png';\"><span>Unai Vencedor<\/span><\/a><\/div>\n<div class=\"player\"><a href=\"https:\/\/soccer.aidatasports.com\/fr\/players\/Kervin-Arriaga-125239\"><img decoding=\"async\" src=\"https:\/\/soccer.aidatasports.com\/images\/players\/125239.png\" alt=\"Kervin Arriaga\" onerror=\"this.onerror=null;this.src='https:\/\/soccer.aidatasports.com\/images\/players\/default-player.png';\"><span>Kervin Arriaga<\/span><\/a><\/div>\n<div class=\"player\"><a href=\"https:\/\/soccer.aidatasports.com\/fr\/players\/Pablo-Mart\u00ednez-104949\"><img decoding=\"async\" src=\"https:\/\/soccer.aidatasports.com\/images\/players\/104949.png\" alt=\"Pablo Mart\u00ednez\" onerror=\"this.onerror=null;this.src='https:\/\/soccer.aidatasports.com\/images\/players\/default-player.png';\"><span>Pablo Mart\u00ednez<\/span><\/a><\/div>\n<div class=\"player\"><a href=\"https:\/\/soccer.aidatasports.com\/fr\/players\/Etta-Eyong-378284\"><img decoding=\"async\" src=\"https:\/\/soccer.aidatasports.com\/images\/players\/378284.png\" alt=\"Etta Eyong\" onerror=\"this.onerror=null;this.src='https:\/\/soccer.aidatasports.com\/images\/players\/default-player.png';\"><span>Etta Eyong<\/span><\/a><\/div>\n<div class=\"player\"><a href=\"https:\/\/soccer.aidatasports.com\/fr\/players\/Goduine-Koyalipou-20817\"><img decoding=\"async\" src=\"https:\/\/soccer.aidatasports.com\/images\/players\/20817.png\" alt=\"Goduine Koyalipou\" onerror=\"this.onerror=null;this.src='https:\/\/soccer.aidatasports.com\/images\/players\/default-player.png';\"><span>Goduine Koyalipou<\/span><\/a><\/div>\n<\/div>\n<div>\n<h4>Suplentes:<\/h4>\n<div class=\"player\"><a href=\"https:\/\/soccer.aidatasports.com\/fr\/players\/Roger-Brugu\u00e9-47225\"><img decoding=\"async\" src=\"https:\/\/soccer.aidatasports.com\/images\/players\/47225.png\" alt=\"Roger Brugu\u00e9\" onerror=\"this.onerror=null;this.src='https:\/\/soccer.aidatasports.com\/images\/players\/default-player.png';\"><span>Roger Brugu\u00e9<\/span><\/a><\/div>\n<div class=\"player\"><a href=\"https:\/\/soccer.aidatasports.com\/fr\/players\/Adri\u00e1n-de-la-Fuente-734\"><img decoding=\"async\" src=\"https:\/\/soccer.aidatasports.com\/images\/players\/734.png\" alt=\"Adri\u00e1n de la Fuente\" onerror=\"this.onerror=null;this.src='https:\/\/soccer.aidatasports.com\/images\/players\/default-player.png';\"><span>Adri\u00e1n de la Fuente<\/span><\/a><\/div>\n<div class=\"player\"><a href=\"https:\/\/soccer.aidatasports.com\/fr\/players\/Carlos-\u00c1lvarez-182770\"><img decoding=\"async\" src=\"https:\/\/soccer.aidatasports.com\/images\/players\/182770.png\" alt=\"Carlos \u00c1lvarez\" onerror=\"this.onerror=null;this.src='https:\/\/soccer.aidatasports.com\/images\/players\/default-player.png';\"><span>Carlos \u00c1lvarez<\/span><\/a><\/div>\n<div class=\"player\"><a href=\"https:\/\/soccer.aidatasports.com\/fr\/players\/Pablo-Cu\u00f1at-286611\"><img decoding=\"async\" src=\"https:\/\/soccer.aidatasports.com\/images\/players\/286611.png\" alt=\"Pablo Cu\u00f1at\" onerror=\"this.onerror=null;this.src='https:\/\/soccer.aidatasports.com\/images\/players\/default-player.png';\"><span>Pablo Cu\u00f1at<\/span><\/a><\/div>\n<div class=\"player\"><a href=\"https:\/\/soccer.aidatasports.com\/fr\/players\/Alan-Matturro-316517\"><img decoding=\"async\" src=\"https:\/\/soccer.aidatasports.com\/images\/players\/316517.png\" alt=\"Alan Matturro\" onerror=\"this.onerror=null;this.src='https:\/\/soccer.aidatasports.com\/images\/players\/default-player.png';\"><span>Alan Matturro<\/span><\/a><\/div>\n<div class=\"player\"><a href=\"https:\/\/soccer.aidatasports.com\/fr\/players\/Jorge-Cabello-408320\"><img decoding=\"async\" src=\"https:\/\/soccer.aidatasports.com\/images\/players\/408320.png\" alt=\"Jorge Cabello\" onerror=\"this.onerror=null;this.src='https:\/\/soccer.aidatasports.com\/images\/players\/default-player.png';\"><span>Jorge Cabello<\/span><\/a><\/div>\n<div class=\"player\"><a href=\"https:\/\/soccer.aidatasports.com\/fr\/players\/Jon-Ander-Olasagasti-182603\"><img decoding=\"async\" src=\"https:\/\/soccer.aidatasports.com\/images\/players\/182603.png\" alt=\"Jon Ander Olasagasti\" onerror=\"this.onerror=null;this.src='https:\/\/soccer.aidatasports.com\/images\/players\/default-player.png';\"><span>Jon Ander Olasagasti<\/span><\/a><\/div>\n<div class=\"player\"><a href=\"https:\/\/soccer.aidatasports.com\/fr\/players\/Iker-Losada-128985\"><img decoding=\"async\" src=\"https:\/\/soccer.aidatasports.com\/images\/players\/128985.png\" alt=\"Iker Losada\" onerror=\"this.onerror=null;this.src='https:\/\/soccer.aidatasports.com\/images\/players\/default-player.png';\"><span>Iker Losada<\/span><\/a><\/div>\n<div class=\"player\"><a href=\"https:\/\/soccer.aidatasports.com\/fr\/players\/Iv\u00e1n-Romero-192032\"><img decoding=\"async\" src=\"https:\/\/soccer.aidatasports.com\/images\/players\/192032.png\" alt=\"Iv\u00e1n Romero\" onerror=\"this.onerror=null;this.src='https:\/\/soccer.aidatasports.com\/images\/players\/default-player.png';\"><span>Iv\u00e1n Romero<\/span><\/a><\/div>\n<div class=\"player\"><a href=\"https:\/\/soccer.aidatasports.com\/fr\/players\/Carlos-Esp\u00ed-450497\"><img decoding=\"async\" src=\"https:\/\/soccer.aidatasports.com\/images\/players\/450497.png\" alt=\"Carlos Esp\u00ed\" onerror=\"this.onerror=null;this.src='https:\/\/soccer.aidatasports.com\/images\/players\/default-player.png';\"><span>Carlos Esp\u00ed<\/span><\/a><\/div>\n<div class=\"player\"><a href=\"https:\/\/soccer.aidatasports.com\/fr\/players\/Jos\u00e9-Luis-Morales-47467\"><img decoding=\"async\" src=\"https:\/\/soccer.aidatasports.com\/images\/players\/47467.png\" alt=\"Jos\u00e9 Luis Morales\" onerror=\"this.onerror=null;this.src='https:\/\/soccer.aidatasports.com\/images\/players\/default-player.png';\"><span>Jos\u00e9 Luis Morales<\/span><\/a><\/div>\n<\/div>\n<\/div>\n<\/div>\n<\/div>\n<div id=\"wg-api-football-game\"\n                    data-host=\"xxxxx\"\n                    data-key=\"xxxx\"\n                    data-id=\"1390913\"\n                    data-theme=\"\"\n                    data-refresh=\"15\"\n                    data-show-errors=\"false\"\n                    data-show-logos=\"true\"><br \/>\n                    class=\u00a0\u00bbwg_loader\u00a0\u00bb>\n                <\/div>\n<div id=\"wg-api-football-standings\"\n                    data-host=\"xxxx\"\n                    data-key=\"ddddd\"\n                    data-league=\"140\"\n                    data-team=\"\"\n                    data-season=\"2025\"\n                    data-theme=\"\"\n                    data-show-errors=\"false\"\n                    data-show-logos=\"true\"\n                    class=\"wg_loader\">\n                <\/div>\n<p>                <script\n                    type=\"module\"\n                    src=\"https:\/\/soccer.aidatasports.com\/wp-content\/customjs\/widgetslocal.js\">\n                <\/script><\/p>\n","protected":false},"excerpt":{"rendered":"<p>Fran\u00e7ais Match Nul Arrache\u00e9 par Majorque Contre Levante en Fin de Match L&rsquo;Estadi Mallorca Son&hellip;<\/p>\n","protected":false},"author":1,"featured_media":113159,"comment_status":"open","ping_status":"open","sticky":false,"template":"","format":"standard","meta":{"content-type":"","pmpro_default_level":"","_lmt_disableupdate":"","_lmt_disable":"","_league":15837,"_fixture":1390913,"penci_pfeatured_image_ratio":"","penci_single_style":"","footnotes":""},"categories":[15837],"tags":[650,874],"class_list":["post-113160","post","type-post","status-publish","format-standard","has-post-thumbnail","hentry","category-matches","tag-levante-spain-539","tag-mallorca-spain-798","pmpro-has-access"],"_links":{"self":[{"href":"https:\/\/soccer.aidatasports.com\/fr\/wp-json\/wp\/v2\/posts\/113160"}],"collection":[{"href":"https:\/\/soccer.aidatasports.com\/fr\/wp-json\/wp\/v2\/posts"}],"about":[{"href":"https:\/\/soccer.aidatasports.com\/fr\/wp-json\/wp\/v2\/types\/post"}],"author":[{"embeddable":true,"href":"https:\/\/soccer.aidatasports.com\/fr\/wp-json\/wp\/v2\/users\/1"}],"replies":[{"embeddable":true,"href":"https:\/\/soccer.aidatasports.com\/fr\/wp-json\/wp\/v2\/comments?post=113160"}],"version-history":[{"count":0,"href":"https:\/\/soccer.aidatasports.com\/fr\/wp-json\/wp\/v2\/posts\/113160\/revisions"}],"wp:featuredmedia":[{"embeddable":true,"href":"https:\/\/soccer.aidatasports.com\/fr\/wp-json\/wp\/v2\/media\/113159"}],"wp:attachment":[{"href":"https:\/\/soccer.aidatasports.com\/fr\/wp-json\/wp\/v2\/media?parent=113160"}],"wp:term":[{"taxonomy":"category","embeddable":true,"href":"https:\/\/soccer.aidatasports.com\/fr\/wp-json\/wp\/v2\/categories?post=113160"},{"taxonomy":"post_tag","embeddable":true,"href":"https:\/\/soccer.aidatasports.com\/fr\/wp-json\/wp\/v2\/tags?post=113160"}],"curies":[{"name":"wp","href":"https:\/\/api.w.org\/{rel}","templated":true}]}}