{"id":111186,"date":"2025-10-19T16:41:36","date_gmt":"2025-10-19T16:41:36","guid":{"rendered":"https:\/\/soccer.aidatasports.com\/fr\/uncategorized\/heracles-vs-feyenoord-oct-19-2025-1445-utc\/"},"modified":"2025-10-19T16:41:36","modified_gmt":"2025-10-19T16:41:36","slug":"heracles-vs-feyenoord-oct-19-2025-1445-utc","status":"publish","type":"post","link":"https:\/\/soccer.aidatasports.com\/fr\/matches\/heracles-vs-feyenoord-oct-19-2025-1445-utc\/","title":{"rendered":"Heracles vs Feyenoord Oct 19 2025 14:45 UTC"},"content":{"rendered":"<p><strong>Fran\u00e7ais<\/strong><\/p>\n<p><strong>Festival de Buts du Feyenoord \u00e0 Almelo : Victoire Imparable contre Heracles<\/strong><\/p>\n<p>Le Feyenoord a d\u00e9montr\u00e9 sa puissance offensive lors de sa visite \u00e0 l&rsquo;Asito Stadium, en \u00e9crasant Heracles dans un match d&rsquo;Eredivisie. La rencontre, disput\u00e9e \u00e0 Almelo, s&rsquo;est transform\u00e9e en un monologue pour l&rsquo;\u00e9quipe de Rotterdam, qui a domin\u00e9 la possession avec 63 % et g\u00e9n\u00e9r\u00e9 un total de 18 tirs, dont 12 cadr\u00e9s.<\/p>\n<p>La premi\u00e8re mi-temps a \u00e9t\u00e9 une d\u00e9monstration d&rsquo;efficacit\u00e9 de la part du Feyenoord, avec des buts de A. Ueda (minutes 7 et 33) et A. Hadj Moussa (minute 28), \u00e9tablissant une nette avance. Heracles, de son c\u00f4t\u00e9, a \u00e0 peine pu inqui\u00e9ter le but adverse, avec seulement quatre tentatives de tir, dont aucune cadr\u00e9e.<\/p>\n<p>Apr\u00e8s la pause, le Feyenoord a poursuivi son avalanche de buts. S. Steijn (minute 56), A. Hadj Moussa de nouveau (minute 59) et G. Borges (minute 80) ont parachev\u00e9 une victoire convaincante qui renforce le Feyenoord en haut du classement. Heracles, malgr\u00e9 ses efforts, n&rsquo;a pas pu contrer la puissance de son rival. Le match a \u00e9t\u00e9 arbitr\u00e9 par Rob Dieperink. Le Feyenoord a \u00e9cop\u00e9 de 2 cartons jaunes contre un pour Heracles.<\/p>\n<p>Remplacements dans l&rsquo;quipe de feyenoord: \u00c0 la 29e minute, G. Read est entr\u00e9 et J. Lotomba est sorti., \u00c0 la 46e minute, A. Ueda est entr\u00e9 et C. Larin est sorti., \u00c0 la 46e minute, J. Bos est entr\u00e9 et J. Plug est sorti., \u00c0 la 57e minute, A. Ahmedhodzic est entr\u00e9 et B. Nieuwkoop est sorti., \u00c0 la 71e minute, A. Hadj Moussa est entr\u00e9 et G. Borges est sorti. <\/p>\n<p>Remplacements dans l&rsquo;quipe de heracles: \u00c0 la 46e minute, Y. Borges Sanches est entr\u00e9 et L. Kulenovic est sorti., \u00c0 la 46e minute, J. Wieckhoff est entr\u00e9 et M. te Wierik est sorti., \u00c0 la 63e minute, M. Engels est entr\u00e9 et D. van der Kust est sorti. <\/p>\n<p>Les \u00e9quipes se sont align\u00e9es comme suit:<\/p>\n<div class=\"lineups-container\">\n<style>\n                .lineups-container {\n                    display: flex;\n                    justify-content: space-around;\n                    flex-wrap: wrap;\n                }\n                .team-lineup {\n                    width: 49%;\n                    margin-bottom: 20px;\n                    border: 1px solid #ccc;\n                    padding: 5px;\n                }\n                .team-lineup h3 {\n                    text-align: center;\n                    margin-bottom: 10px;\n                }\n                .players-container {\n                    display: flex;\n                    justify-content: space-between;\n                }\n                .players-container div {\n                    width: 100%;\n                }\n                .player {\n                    display: flex;\n                    align-items: center;\n                    margin-bottom: 5px;\n                }\n                .player img {\n                    width: 30px;\n                    height: 30px;\n                    border-radius: 50%;\n                    margin-right: 10px;\n                }\n                    @media (max-width: 600px) {\n                    .team-lineup {\n                        width: 100%;\n                    }\n                }\n                <\/style>\n<div class=\"team-lineup\">\n<h3>Heracles<\/h3>\n<p><img decoding=\"async\" src=\"https:\/\/media.api-sports.io\/football\/teams\/206.png\" alt=\"Heracles\" style=\"width: 50px; height: 50px;\"><\/p>\n<div class=\"players-container\">\n<div>\n<h4>Titulares:<\/h4>\n<div class=\"player\"><a href=\"https:\/\/soccer.aidatasports.com\/fr\/players\/Timo-Jansink-358449\"><img decoding=\"async\" src=\"https:\/\/soccer.aidatasports.com\/images\/players\/358449.png\" alt=\"Timo Jansink\" onerror=\"this.onerror=null;this.src='https:\/\/soccer.aidatasports.com\/images\/players\/default-player.png';\"><span>Timo Jansink<\/span><\/a><\/div>\n<div class=\"player\"><a href=\"https:\/\/soccer.aidatasports.com\/fr\/players\/Jannes-Wieckhoff-177714\"><img decoding=\"async\" src=\"https:\/\/soccer.aidatasports.com\/images\/players\/177714.png\" alt=\"Jannes Wieckhoff\" onerror=\"this.onerror=null;this.src='https:\/\/soccer.aidatasports.com\/images\/players\/default-player.png';\"><span>Jannes Wieckhoff<\/span><\/a><\/div>\n<div class=\"player\"><a href=\"https:\/\/soccer.aidatasports.com\/fr\/players\/Damon-Mirani-37670\"><img decoding=\"async\" src=\"https:\/\/soccer.aidatasports.com\/images\/players\/37670.png\" alt=\"Damon Mirani\" onerror=\"this.onerror=null;this.src='https:\/\/soccer.aidatasports.com\/images\/players\/default-player.png';\"><span>Damon Mirani<\/span><\/a><\/div>\n<div class=\"player\"><a href=\"https:\/\/soccer.aidatasports.com\/fr\/players\/Alec-Van-Hoorenbeeck-8935\"><img decoding=\"async\" src=\"https:\/\/soccer.aidatasports.com\/images\/players\/8935.png\" alt=\"Alec Van Hoorenbeeck\" onerror=\"this.onerror=null;this.src='https:\/\/soccer.aidatasports.com\/images\/players\/default-player.png';\"><span>Alec Van Hoorenbeeck<\/span><\/a><\/div>\n<div class=\"player\"><a href=\"https:\/\/soccer.aidatasports.com\/fr\/players\/Ivan-Mes\u00edk-1393\"><img decoding=\"async\" src=\"https:\/\/soccer.aidatasports.com\/images\/players\/1393.png\" alt=\"Ivan Mes\u00edk\" onerror=\"this.onerror=null;this.src='https:\/\/soccer.aidatasports.com\/images\/players\/default-player.png';\"><span>Ivan Mes\u00edk<\/span><\/a><\/div>\n<div class=\"player\"><a href=\"https:\/\/soccer.aidatasports.com\/fr\/players\/Ajdin-Hrusti\u0107-38123\"><img decoding=\"async\" src=\"https:\/\/soccer.aidatasports.com\/images\/players\/38123.png\" alt=\"Ajdin Hrusti\u0107\" onerror=\"this.onerror=null;this.src='https:\/\/soccer.aidatasports.com\/images\/players\/default-player.png';\"><span>Ajdin Hrusti\u0107<\/span><\/a><\/div>\n<div class=\"player\"><a href=\"https:\/\/soccer.aidatasports.com\/fr\/players\/Jan-\u017damb\u016frek-19360\"><img decoding=\"async\" src=\"https:\/\/soccer.aidatasports.com\/images\/players\/19360.png\" alt=\"Jan \u017damb\u016frek\" onerror=\"this.onerror=null;this.src='https:\/\/soccer.aidatasports.com\/images\/players\/default-player.png';\"><span>Jan \u017damb\u016frek<\/span><\/a><\/div>\n<div class=\"player\"><a href=\"https:\/\/soccer.aidatasports.com\/fr\/players\/Yvandro-Borges-Sanches-318531\"><img decoding=\"async\" src=\"https:\/\/soccer.aidatasports.com\/images\/players\/318531.png\" alt=\"Yvandro Borges Sanches\" onerror=\"this.onerror=null;this.src='https:\/\/soccer.aidatasports.com\/images\/players\/default-player.png';\"><span>Yvandro Borges Sanches<\/span><\/a><\/div>\n<div class=\"player\"><a href=\"https:\/\/soccer.aidatasports.com\/fr\/players\/Thomas-Bruns-38122\"><img decoding=\"async\" src=\"https:\/\/soccer.aidatasports.com\/images\/players\/38122.png\" alt=\"Thomas Bruns\" onerror=\"this.onerror=null;this.src='https:\/\/soccer.aidatasports.com\/images\/players\/default-player.png';\"><span>Thomas Bruns<\/span><\/a><\/div>\n<div class=\"player\"><a href=\"https:\/\/soccer.aidatasports.com\/fr\/players\/Mario-Engels-37081\"><img decoding=\"async\" src=\"https:\/\/soccer.aidatasports.com\/images\/players\/37081.png\" alt=\"Mario Engels\" onerror=\"this.onerror=null;this.src='https:\/\/soccer.aidatasports.com\/images\/players\/default-player.png';\"><span>Mario Engels<\/span><\/a><\/div>\n<div class=\"player\"><a href=\"https:\/\/soccer.aidatasports.com\/fr\/players\/Jizz-Hornkamp-36985\"><img decoding=\"async\" src=\"https:\/\/soccer.aidatasports.com\/images\/players\/36985.png\" alt=\"Jizz Hornkamp\" onerror=\"this.onerror=null;this.src='https:\/\/soccer.aidatasports.com\/images\/players\/default-player.png';\"><span>Jizz Hornkamp<\/span><\/a><\/div>\n<\/div>\n<div>\n<h4>Suplentes:<\/h4>\n<div class=\"player\"><a href=\"https:\/\/soccer.aidatasports.com\/fr\/players\/Mike-te-Wierik-38118\"><img decoding=\"async\" src=\"https:\/\/soccer.aidatasports.com\/images\/players\/38118.png\" alt=\"Mike te Wierik\" onerror=\"this.onerror=null;this.src='https:\/\/soccer.aidatasports.com\/images\/players\/default-player.png';\"><span>Mike te Wierik<\/span><\/a><\/div>\n<div class=\"player\"><a href=\"https:\/\/soccer.aidatasports.com\/fr\/players\/Luka-Kulenovi\u0107-144691\"><img decoding=\"async\" src=\"https:\/\/soccer.aidatasports.com\/images\/players\/144691.png\" alt=\"Luka Kulenovi\u0107\" onerror=\"this.onerror=null;this.src='https:\/\/soccer.aidatasports.com\/images\/players\/default-player.png';\"><span>Luka Kulenovi\u0107<\/span><\/a><\/div>\n<div class=\"player\"><a href=\"https:\/\/soccer.aidatasports.com\/fr\/players\/Djevencio-van-der-Kust-93006\"><img decoding=\"async\" src=\"https:\/\/soccer.aidatasports.com\/images\/players\/93006.png\" alt=\"Djevencio van der Kust\" onerror=\"this.onerror=null;this.src='https:\/\/soccer.aidatasports.com\/images\/players\/default-player.png';\"><span>Djevencio van der Kust<\/span><\/a><\/div>\n<div class=\"player\"><a href=\"https:\/\/soccer.aidatasports.com\/fr\/players\/Robin-Mantel-8742\"><img decoding=\"async\" src=\"https:\/\/soccer.aidatasports.com\/images\/players\/8742.png\" alt=\"Robin Mantel\" onerror=\"this.onerror=null;this.src='https:\/\/soccer.aidatasports.com\/images\/players\/default-player.png';\"><span>Robin Mantel<\/span><\/a><\/div>\n<div class=\"player\"><a href=\"https:\/\/soccer.aidatasports.com\/fr\/players\/Fabian-de-Keijzer-92975\"><img decoding=\"async\" src=\"https:\/\/soccer.aidatasports.com\/images\/players\/92975.png\" alt=\"Fabian de Keijzer\" onerror=\"this.onerror=null;this.src='https:\/\/soccer.aidatasports.com\/images\/players\/default-player.png';\"><span>Fabian de Keijzer<\/span><\/a><\/div>\n<div class=\"player\"><a href=\"https:\/\/soccer.aidatasports.com\/fr\/players\/Lorenzo-Milani-280837\"><img decoding=\"async\" src=\"https:\/\/soccer.aidatasports.com\/images\/players\/280837.png\" alt=\"Lorenzo Milani\" onerror=\"this.onerror=null;this.src='https:\/\/soccer.aidatasports.com\/images\/players\/default-player.png';\"><span>Lorenzo Milani<\/span><\/a><\/div>\n<div class=\"player\"><a href=\"https:\/\/soccer.aidatasports.com\/fr\/players\/Jop-Tijink-470471\"><img decoding=\"async\" src=\"https:\/\/soccer.aidatasports.com\/images\/players\/470471.png\" alt=\"Jop Tijink\" onerror=\"this.onerror=null;this.src='https:\/\/soccer.aidatasports.com\/images\/players\/default-player.png';\"><span>Jop Tijink<\/span><\/a><\/div>\n<div class=\"player\"><a href=\"https:\/\/soccer.aidatasports.com\/fr\/players\/Walid-Ould-Chikh-38464\"><img decoding=\"async\" src=\"https:\/\/soccer.aidatasports.com\/images\/players\/38464.png\" alt=\"Walid Ould-Chikh\" onerror=\"this.onerror=null;this.src='https:\/\/soccer.aidatasports.com\/images\/players\/default-player.png';\"><span>Walid Ould-Chikh<\/span><\/a><\/div>\n<div class=\"player\"><a href=\"https:\/\/soccer.aidatasports.com\/fr\/players\/Bryan-Limbombe-161901\"><img decoding=\"async\" src=\"https:\/\/soccer.aidatasports.com\/images\/players\/161901.png\" alt=\"Bryan Limbombe\" onerror=\"this.onerror=null;this.src='https:\/\/soccer.aidatasports.com\/images\/players\/default-player.png';\"><span>Bryan Limbombe<\/span><\/a><\/div>\n<\/div>\n<\/div>\n<\/div>\n<div class=\"team-lineup\">\n<h3>Feyenoord<\/h3>\n<p><img decoding=\"async\" src=\"https:\/\/media.api-sports.io\/football\/teams\/209.png\" alt=\"Feyenoord\" style=\"width: 50px; height: 50px;\"><\/p>\n<div class=\"players-container\">\n<div>\n<h4>Titulares:<\/h4>\n<div class=\"player\"><a href=\"https:\/\/soccer.aidatasports.com\/fr\/players\/Timon-Wellenreuther-36776\"><img decoding=\"async\" src=\"https:\/\/soccer.aidatasports.com\/images\/players\/36776.png\" alt=\"Timon Wellenreuther\" onerror=\"this.onerror=null;this.src='https:\/\/soccer.aidatasports.com\/images\/players\/default-player.png';\"><span>Timon Wellenreuther<\/span><\/a><\/div>\n<div class=\"player\"><a href=\"https:\/\/soccer.aidatasports.com\/fr\/players\/Givairo-Read-359390\"><img decoding=\"async\" src=\"https:\/\/soccer.aidatasports.com\/images\/players\/359390.png\" alt=\"Givairo Read\" onerror=\"this.onerror=null;this.src='https:\/\/soccer.aidatasports.com\/images\/players\/default-player.png';\"><span>Givairo Read<\/span><\/a><\/div>\n<div class=\"player\"><a href=\"https:\/\/soccer.aidatasports.com\/fr\/players\/Anel-Ahmedhod\u017ei\u0107-1949\"><img decoding=\"async\" src=\"https:\/\/soccer.aidatasports.com\/images\/players\/1949.png\" alt=\"Anel Ahmedhod\u017ei\u0107\" onerror=\"this.onerror=null;this.src='https:\/\/soccer.aidatasports.com\/images\/players\/default-player.png';\"><span>Anel Ahmedhod\u017ei\u0107<\/span><\/a><\/div>\n<div class=\"player\"><a href=\"https:\/\/soccer.aidatasports.com\/fr\/players\/Gijs-Smal-37742\"><img decoding=\"async\" src=\"https:\/\/soccer.aidatasports.com\/images\/players\/37742.png\" alt=\"Gijs Smal\" onerror=\"this.onerror=null;this.src='https:\/\/soccer.aidatasports.com\/images\/players\/default-player.png';\"><span>Gijs Smal<\/span><\/a><\/div>\n<div class=\"player\"><a href=\"https:\/\/soccer.aidatasports.com\/fr\/players\/Jordan-Bos-337587\"><img decoding=\"async\" src=\"https:\/\/soccer.aidatasports.com\/images\/players\/337587.png\" alt=\"Jordan Bos\" onerror=\"this.onerror=null;this.src='https:\/\/soccer.aidatasports.com\/images\/players\/default-player.png';\"><span>Jordan Bos<\/span><\/a><\/div>\n<div class=\"player\"><a href=\"https:\/\/soccer.aidatasports.com\/fr\/players\/Sem-Steijn-37784\"><img decoding=\"async\" src=\"https:\/\/soccer.aidatasports.com\/images\/players\/37784.png\" alt=\"Sem Steijn\" onerror=\"this.onerror=null;this.src='https:\/\/soccer.aidatasports.com\/images\/players\/default-player.png';\"><span>Sem Steijn<\/span><\/a><\/div>\n<div class=\"player\"><a href=\"https:\/\/soccer.aidatasports.com\/fr\/players\/Oussama-Targhalline-284071\"><img decoding=\"async\" src=\"https:\/\/soccer.aidatasports.com\/images\/players\/284071.png\" alt=\"Oussama Targhalline\" onerror=\"this.onerror=null;this.src='https:\/\/soccer.aidatasports.com\/images\/players\/default-player.png';\"><span>Oussama Targhalline<\/span><\/a><\/div>\n<div class=\"player\"><a href=\"https:\/\/soccer.aidatasports.com\/fr\/players\/Luciano-Valente-314266\"><img decoding=\"async\" src=\"https:\/\/soccer.aidatasports.com\/images\/players\/314266.png\" alt=\"Luciano Valente\" onerror=\"this.onerror=null;this.src='https:\/\/soccer.aidatasports.com\/images\/players\/default-player.png';\"><span>Luciano Valente<\/span><\/a><\/div>\n<div class=\"player\"><a href=\"https:\/\/soccer.aidatasports.com\/fr\/players\/Anis-Hadj-Moussa-326067\"><img decoding=\"async\" src=\"https:\/\/soccer.aidatasports.com\/images\/players\/326067.png\" alt=\"Anis Hadj Moussa\" onerror=\"this.onerror=null;this.src='https:\/\/soccer.aidatasports.com\/images\/players\/default-player.png';\"><span>Anis Hadj Moussa<\/span><\/a><\/div>\n<div class=\"player\"><a href=\"https:\/\/soccer.aidatasports.com\/fr\/players\/Ayase-Ueda-72155\"><img decoding=\"async\" src=\"https:\/\/soccer.aidatasports.com\/images\/players\/72155.png\" alt=\"Ayase Ueda\" onerror=\"this.onerror=null;this.src='https:\/\/soccer.aidatasports.com\/images\/players\/default-player.png';\"><span>Ayase Ueda<\/span><\/a><\/div>\n<div class=\"player\"><a href=\"https:\/\/soccer.aidatasports.com\/fr\/players\/Leo-Sauer-342163\"><img decoding=\"async\" src=\"https:\/\/soccer.aidatasports.com\/images\/players\/342163.png\" alt=\"Leo Sauer\" onerror=\"this.onerror=null;this.src='https:\/\/soccer.aidatasports.com\/images\/players\/default-player.png';\"><span>Leo Sauer<\/span><\/a><\/div>\n<\/div>\n<div>\n<h4>Suplentes:<\/h4>\n<div class=\"player\"><a href=\"https:\/\/soccer.aidatasports.com\/fr\/players\/Jordan-Lotomba-945\"><img decoding=\"async\" src=\"https:\/\/soccer.aidatasports.com\/images\/players\/945.png\" alt=\"Jordan Lotomba\" onerror=\"this.onerror=null;this.src='https:\/\/soccer.aidatasports.com\/images\/players\/default-player.png';\"><span>Jordan Lotomba<\/span><\/a><\/div>\n<div class=\"player\"><a href=\"https:\/\/soccer.aidatasports.com\/fr\/players\/Jan-Plug-441221\"><img decoding=\"async\" src=\"https:\/\/soccer.aidatasports.com\/images\/players\/441221.png\" alt=\"Jan Plug\" onerror=\"this.onerror=null;this.src='https:\/\/soccer.aidatasports.com\/images\/players\/default-player.png';\"><span>Jan Plug<\/span><\/a><\/div>\n<div class=\"player\"><a href=\"https:\/\/soccer.aidatasports.com\/fr\/players\/Cyle-Larin-2001\"><img decoding=\"async\" src=\"https:\/\/soccer.aidatasports.com\/images\/players\/2001.png\" alt=\"Cyle Larin\" onerror=\"this.onerror=null;this.src='https:\/\/soccer.aidatasports.com\/images\/players\/default-player.png';\"><span>Cyle Larin<\/span><\/a><\/div>\n<div class=\"player\"><a href=\"https:\/\/soccer.aidatasports.com\/fr\/players\/Bart-Nieuwkoop-37147\"><img decoding=\"async\" src=\"https:\/\/soccer.aidatasports.com\/images\/players\/37147.png\" alt=\"Bart Nieuwkoop\" onerror=\"this.onerror=null;this.src='https:\/\/soccer.aidatasports.com\/images\/players\/default-player.png';\"><span>Bart Nieuwkoop<\/span><\/a><\/div>\n<div class=\"player\"><a href=\"https:\/\/soccer.aidatasports.com\/fr\/players\/Gon\u00e7alo-Borges-128385\"><img decoding=\"async\" src=\"https:\/\/soccer.aidatasports.com\/images\/players\/128385.png\" alt=\"Gon\u00e7alo Borges\" onerror=\"this.onerror=null;this.src='https:\/\/soccer.aidatasports.com\/images\/players\/default-player.png';\"><span>Gon\u00e7alo Borges<\/span><\/a><\/div>\n<div class=\"player\"><a href=\"https:\/\/soccer.aidatasports.com\/fr\/players\/Justin-Bijlow-37137\"><img decoding=\"async\" src=\"https:\/\/soccer.aidatasports.com\/images\/players\/37137.png\" alt=\"Justin Bijlow\" onerror=\"this.onerror=null;this.src='https:\/\/soccer.aidatasports.com\/images\/players\/default-player.png';\"><span>Justin Bijlow<\/span><\/a><\/div>\n<div class=\"player\"><a href=\"https:\/\/soccer.aidatasports.com\/fr\/players\/Liam-Bossin-198483\"><img decoding=\"async\" src=\"https:\/\/soccer.aidatasports.com\/images\/players\/198483.png\" alt=\"Liam Bossin\" onerror=\"this.onerror=null;this.src='https:\/\/soccer.aidatasports.com\/images\/players\/default-player.png';\"><span>Liam Bossin<\/span><\/a><\/div>\n<div class=\"player\"><a href=\"https:\/\/soccer.aidatasports.com\/fr\/players\/Lucas-Gardenier-580231\"><img decoding=\"async\" src=\"https:\/\/soccer.aidatasports.com\/images\/players\/580231.png\" alt=\"Lucas Gardenier\" onerror=\"this.onerror=null;this.src='https:\/\/soccer.aidatasports.com\/images\/players\/default-player.png';\"><span>Lucas Gardenier<\/span><\/a><\/div>\n<div class=\"player\"><a href=\"https:\/\/soccer.aidatasports.com\/fr\/players\/Aymen-Sliti-412873\"><img decoding=\"async\" src=\"https:\/\/soccer.aidatasports.com\/images\/players\/412873.png\" alt=\"Aymen Sliti\" onerror=\"this.onerror=null;this.src='https:\/\/soccer.aidatasports.com\/images\/players\/default-player.png';\"><span>Aymen Sliti<\/span><\/a><\/div>\n<div class=\"player\"><a href=\"https:\/\/soccer.aidatasports.com\/fr\/players\/In-Beom-Hwang-2901\"><img decoding=\"async\" src=\"https:\/\/soccer.aidatasports.com\/images\/players\/2901.png\" alt=\"In-Beom Hwang\" onerror=\"this.onerror=null;this.src='https:\/\/soccer.aidatasports.com\/images\/players\/default-player.png';\"><span>In-Beom Hwang<\/span><\/a><\/div>\n<div class=\"player\"><a href=\"https:\/\/soccer.aidatasports.com\/fr\/players\/Gaoussou-Diarra-458540\"><img decoding=\"async\" src=\"https:\/\/soccer.aidatasports.com\/images\/players\/458540.png\" alt=\"Gaoussou Diarra\" onerror=\"this.onerror=null;this.src='https:\/\/soccer.aidatasports.com\/images\/players\/default-player.png';\"><span>Gaoussou Diarra<\/span><\/a><\/div>\n<div class=\"player\"><a href=\"https:\/\/soccer.aidatasports.com\/fr\/players\/Casper-Tengstedt-162703\"><img decoding=\"async\" src=\"https:\/\/soccer.aidatasports.com\/images\/players\/162703.png\" alt=\"Casper Tengstedt\" onerror=\"this.onerror=null;this.src='https:\/\/soccer.aidatasports.com\/images\/players\/default-player.png';\"><span>Casper Tengstedt<\/span><\/a><\/div>\n<\/div>\n<\/div>\n<\/div>\n<\/div>\n<div id=\"wg-api-football-game\"\n                    data-host=\"xxxxx\"\n                    data-key=\"xxxx\"\n                    data-id=\"1380939\"\n                    data-theme=\"\"\n                    data-refresh=\"15\"\n                    data-show-errors=\"false\"\n                    data-show-logos=\"true\"><br \/>\n                    class=\u00a0\u00bbwg_loader\u00a0\u00bb>\n                <\/div>\n<div id=\"wg-api-football-standings\"\n                    data-host=\"xxxx\"\n                    data-key=\"ddddd\"\n                    data-league=\"88\"\n                    data-team=\"\"\n                    data-season=\"2025\"\n                    data-theme=\"\"\n                    data-show-errors=\"false\"\n                    data-show-logos=\"true\"\n                    class=\"wg_loader\">\n                <\/div>\n<p>                <script\n                    type=\"module\"\n                    src=\"https:\/\/soccer.aidatasports.com\/wp-content\/customjs\/widgetslocal.js\">\n                <\/script><\/p>\n","protected":false},"excerpt":{"rendered":"<p>Fran\u00e7ais Festival de Buts du Feyenoord \u00e0 Almelo : Victoire Imparable contre Heracles Le Feyenoord&hellip;<\/p>\n","protected":false},"author":1,"featured_media":111185,"comment_status":"open","ping_status":"open","sticky":false,"template":"","format":"standard","meta":{"content-type":"","pmpro_default_level":"","_lmt_disableupdate":"","_lmt_disable":"","_league":15837,"_fixture":1380939,"penci_pfeatured_image_ratio":"","penci_single_style":"","footnotes":""},"categories":[15837],"tags":[332,329],"class_list":["post-111186","post","type-post","status-publish","format-standard","has-post-thumbnail","hentry","category-matches","tag-feyenoord-netherlands-209","tag-heracles-netherlands-206","pmpro-has-access"],"_links":{"self":[{"href":"https:\/\/soccer.aidatasports.com\/fr\/wp-json\/wp\/v2\/posts\/111186"}],"collection":[{"href":"https:\/\/soccer.aidatasports.com\/fr\/wp-json\/wp\/v2\/posts"}],"about":[{"href":"https:\/\/soccer.aidatasports.com\/fr\/wp-json\/wp\/v2\/types\/post"}],"author":[{"embeddable":true,"href":"https:\/\/soccer.aidatasports.com\/fr\/wp-json\/wp\/v2\/users\/1"}],"replies":[{"embeddable":true,"href":"https:\/\/soccer.aidatasports.com\/fr\/wp-json\/wp\/v2\/comments?post=111186"}],"version-history":[{"count":0,"href":"https:\/\/soccer.aidatasports.com\/fr\/wp-json\/wp\/v2\/posts\/111186\/revisions"}],"wp:featuredmedia":[{"embeddable":true,"href":"https:\/\/soccer.aidatasports.com\/fr\/wp-json\/wp\/v2\/media\/111185"}],"wp:attachment":[{"href":"https:\/\/soccer.aidatasports.com\/fr\/wp-json\/wp\/v2\/media?parent=111186"}],"wp:term":[{"taxonomy":"category","embeddable":true,"href":"https:\/\/soccer.aidatasports.com\/fr\/wp-json\/wp\/v2\/categories?post=111186"},{"taxonomy":"post_tag","embeddable":true,"href":"https:\/\/soccer.aidatasports.com\/fr\/wp-json\/wp\/v2\/tags?post=111186"}],"curies":[{"name":"wp","href":"https:\/\/api.w.org\/{rel}","templated":true}]}}