{"id":110993,"date":"2025-10-18T22:30:50","date_gmt":"2025-10-18T22:30:50","guid":{"rendered":"https:\/\/soccer.aidatasports.com\/fr\/uncategorized\/deportes-limache-vs-cobresal-oct-18-2025-2030-utc\/"},"modified":"2025-10-18T22:30:50","modified_gmt":"2025-10-18T22:30:50","slug":"deportes-limache-vs-cobresal-oct-18-2025-2030-utc","status":"publish","type":"post","link":"https:\/\/soccer.aidatasports.com\/fr\/matches\/deportes-limache-vs-cobresal-oct-18-2025-2030-utc\/","title":{"rendered":"Deportes Limache vs Cobresal Oct 18 2025 20:30 UTC"},"content":{"rendered":"<p><strong>Fran\u00e7ais<\/strong><\/p>\n<p><strong>Deportes Limache Domine un Cobresal D\u00e9cim\u00e9 \u00e0 Domicile<\/strong><\/p>\n<p>Lors d&rsquo;un match disput\u00e9 \u00e0 l&rsquo;Estadio Gustavo Ocaranza de Limache, Deportes Limache a battu Cobresal de mani\u00e8re d\u00e9cisive. Le match, correspondant \u00e0 la 24e journ\u00e9e de la Primera Divisi\u00f3n chilienne, Saison 2025, a \u00e9t\u00e9 marqu\u00e9 par la sup\u00e9riorit\u00e9 de l&rsquo;\u00e9quipe locale et la discipline de Cobresal, surtout apr\u00e8s l&rsquo;expulsion de C. Munder au d\u00e9but de la deuxi\u00e8me mi-temps.<\/p>\n<p>Deportes Limache a contr\u00f4l\u00e9 le ballon pendant la majeure partie du match, b\u00e9n\u00e9ficiant de 54 % de possession. F. Pons a ouvert le score \u00e0 la 30e minute, donnant \u00e0 son \u00e9quipe une avance pr\u00e9coce. D. Castro a creus\u00e9 l&rsquo;\u00e9cart en ratant d&rsquo;abord un penalty \u00e0 la 40e minute, mais en se rachetant ensuite en convertissant un autre \u00e0 la 43e minute. Malgr\u00e9 une activit\u00e9 offensive plus importante avec 20 tirs au total contre 9 pour Cobresal, seuls 6 des tentatives de Limache ont \u00e9t\u00e9 cadr\u00e9es.<\/p>\n<p>Cobresal a souffert d\u00e8s le d\u00e9but, montrant une disciplina que los llevo a cometer 9 faltas y acumular varias tarjetas amarillas, dont le double carton jaune et l&rsquo;expulsion de C. Munder. Malgr\u00e9 une possession de 46 % et quelques tirs, l&rsquo;\u00e9quipe visiteuse a \u00e9t\u00e9 d\u00e9pass\u00e9e par l&rsquo;intensit\u00e9 et la pr\u00e9cision de Limache. L&rsquo;arbitre Miguel Araos Riquelme a pass\u00e9 un apr\u00e8s-midi charg\u00e9, sanctionnant de nombreuses infractions et avertissant plusieurs joueurs. Le match s&rsquo;est termin\u00e9 par une victoire claire pour Deportes Limache, qui a c\u00e9l\u00e9br\u00e9 devant son public \u00e0 l&rsquo;Estadio Gustavo Ocaranza.<\/p>\n<p>Remplacements dans l&rsquo;quipe de deportes limache: \u00c0 la 61e minute, D. Castro est entr\u00e9 et Y. Zapata est sorti., \u00c0 la 61e minute, A. Arce est entr\u00e9 et M. Llanten est sorti., \u00c0 la 72e minute, F. Pons est entr\u00e9 et F. Fritz est sorti., \u00c0 la 72e minute, Y. W. Andia Leon est entr\u00e9 et L. Maluenda est sorti., \u00c0 la 82e minute, L. Guerra est entr\u00e9 et D. Catalan est sorti. <\/p>\n<p>Remplacements dans l&rsquo;quipe de cobresal: \u00c0 la 63e minute, J. Gaete est entr\u00e9 et B. Ramirez est sorti., \u00c0 la 63e minute, S. Carrasco est entr\u00e9 et M. Sepulveda est sorti., \u00c0 la 75e minute, C. Yanis est entr\u00e9 et M. Roki est sorti. <\/p>\n<p>Les \u00e9quipes se sont align\u00e9es comme suit:<\/p>\n<div class=\"lineups-container\">\n<style>\n                .lineups-container {\n                    display: flex;\n                    justify-content: space-around;\n                    flex-wrap: wrap;\n                }\n                .team-lineup {\n                    width: 49%;\n                    margin-bottom: 20px;\n                    border: 1px solid #ccc;\n                    padding: 5px;\n                }\n                .team-lineup h3 {\n                    text-align: center;\n                    margin-bottom: 10px;\n                }\n                .players-container {\n                    display: flex;\n                    justify-content: space-between;\n                }\n                .players-container div {\n                    width: 100%;\n                }\n                .player {\n                    display: flex;\n                    align-items: center;\n                    margin-bottom: 5px;\n                }\n                .player img {\n                    width: 30px;\n                    height: 30px;\n                    border-radius: 50%;\n                    margin-right: 10px;\n                }\n                    @media (max-width: 600px) {\n                    .team-lineup {\n                        width: 100%;\n                    }\n                }\n                <\/style>\n<div class=\"team-lineup\">\n<h3>Deportes Limache<\/h3>\n<p><img decoding=\"async\" src=\"https:\/\/media.api-sports.io\/football\/teams\/16730.png\" alt=\"Deportes Limache\" style=\"width: 50px; height: 50px;\"><\/p>\n<div class=\"players-container\">\n<div>\n<h4>Titulares:<\/h4>\n<div class=\"player\"><a href=\"https:\/\/soccer.aidatasports.com\/fr\/players\/Mat\u00edas-B\u00f3rquez-11592\"><img decoding=\"async\" src=\"https:\/\/soccer.aidatasports.com\/images\/players\/11592.png\" alt=\"Mat\u00edas B\u00f3rquez\" onerror=\"this.onerror=null;this.src='https:\/\/soccer.aidatasports.com\/images\/players\/default-player.png';\"><span>Mat\u00edas B\u00f3rquez<\/span><\/a><\/div>\n<div class=\"player\"><a href=\"https:\/\/soccer.aidatasports.com\/fr\/players\/Guillermo-Pacheco-11729\"><img decoding=\"async\" src=\"https:\/\/soccer.aidatasports.com\/images\/players\/11729.png\" alt=\"Guillermo Pacheco\" onerror=\"this.onerror=null;this.src='https:\/\/soccer.aidatasports.com\/images\/players\/default-player.png';\"><span>Guillermo Pacheco<\/span><\/a><\/div>\n<div class=\"player\"><a href=\"https:\/\/soccer.aidatasports.com\/fr\/players\/Augusto-Aguirre-253697\"><img decoding=\"async\" src=\"https:\/\/soccer.aidatasports.com\/images\/players\/253697.png\" alt=\"Augusto Aguirre\" onerror=\"this.onerror=null;this.src='https:\/\/soccer.aidatasports.com\/images\/players\/default-player.png';\"><span>Augusto Aguirre<\/span><\/a><\/div>\n<div class=\"player\"><a href=\"https:\/\/soccer.aidatasports.com\/fr\/players\/Alfonso-Parot-6504\"><img decoding=\"async\" src=\"https:\/\/soccer.aidatasports.com\/images\/players\/6504.png\" alt=\"Alfonso Parot\" onerror=\"this.onerror=null;this.src='https:\/\/soccer.aidatasports.com\/images\/players\/default-player.png';\"><span>Alfonso Parot<\/span><\/a><\/div>\n<div class=\"player\"><a href=\"https:\/\/soccer.aidatasports.com\/fr\/players\/Gonzalo-Paz-59319\"><img decoding=\"async\" src=\"https:\/\/soccer.aidatasports.com\/images\/players\/59319.png\" alt=\"Gonzalo Paz\" onerror=\"this.onerror=null;this.src='https:\/\/soccer.aidatasports.com\/images\/players\/default-player.png';\"><span>Gonzalo Paz<\/span><\/a><\/div>\n<div class=\"player\"><a href=\"https:\/\/soccer.aidatasports.com\/fr\/players\/Yonathan-And\u00eda-11390\"><img decoding=\"async\" src=\"https:\/\/soccer.aidatasports.com\/images\/players\/11390.png\" alt=\"Yonathan And\u00eda\" onerror=\"this.onerror=null;this.src='https:\/\/soccer.aidatasports.com\/images\/players\/default-player.png';\"><span>Yonathan And\u00eda<\/span><\/a><\/div>\n<div class=\"player\"><a href=\"https:\/\/soccer.aidatasports.com\/fr\/players\/Luis-Guerra-52543\"><img decoding=\"async\" src=\"https:\/\/soccer.aidatasports.com\/images\/players\/52543.png\" alt=\"Luis Guerra\" onerror=\"this.onerror=null;this.src='https:\/\/soccer.aidatasports.com\/images\/players\/default-player.png';\"><span>Luis Guerra<\/span><\/a><\/div>\n<div class=\"player\"><a href=\"https:\/\/soccer.aidatasports.com\/fr\/players\/Agust\u00edn-Arce-373591\"><img decoding=\"async\" src=\"https:\/\/soccer.aidatasports.com\/images\/players\/373591.png\" alt=\"Agust\u00edn Arce\" onerror=\"this.onerror=null;this.src='https:\/\/soccer.aidatasports.com\/images\/players\/default-player.png';\"><span>Agust\u00edn Arce<\/span><\/a><\/div>\n<div class=\"player\"><a href=\"https:\/\/soccer.aidatasports.com\/fr\/players\/C\u00e9sar-Pinares-11368\"><img decoding=\"async\" src=\"https:\/\/soccer.aidatasports.com\/images\/players\/11368.png\" alt=\"C\u00e9sar Pinares\" onerror=\"this.onerror=null;this.src='https:\/\/soccer.aidatasports.com\/images\/players\/default-player.png';\"><span>C\u00e9sar Pinares<\/span><\/a><\/div>\n<div class=\"player\"><a href=\"https:\/\/soccer.aidatasports.com\/fr\/players\/Daniel-Castro-80827\"><img decoding=\"async\" src=\"https:\/\/soccer.aidatasports.com\/images\/players\/80827.png\" alt=\"Daniel Castro\" onerror=\"this.onerror=null;this.src='https:\/\/soccer.aidatasports.com\/images\/players\/default-player.png';\"><span>Daniel Castro<\/span><\/a><\/div>\n<div class=\"player\"><a href=\"https:\/\/soccer.aidatasports.com\/fr\/players\/Facundo-Pons-5220\"><img decoding=\"async\" src=\"https:\/\/soccer.aidatasports.com\/images\/players\/5220.png\" alt=\"Facundo Pons\" onerror=\"this.onerror=null;this.src='https:\/\/soccer.aidatasports.com\/images\/players\/default-player.png';\"><span>Facundo Pons<\/span><\/a><\/div>\n<\/div>\n<div>\n<h4>Suplentes:<\/h4>\n<div class=\"player\"><a href=\"https:\/\/soccer.aidatasports.com\/fr\/players\/Nicol\u00e1s-Peranic-12270\"><img decoding=\"async\" src=\"https:\/\/soccer.aidatasports.com\/images\/players\/12270.png\" alt=\"Nicol\u00e1s Peranic\" onerror=\"this.onerror=null;this.src='https:\/\/soccer.aidatasports.com\/images\/players\/default-player.png';\"><span>Nicol\u00e1s Peranic<\/span><\/a><\/div>\n<div class=\"player\"><a href=\"https:\/\/soccer.aidatasports.com\/fr\/players\/Felipe-Fritz-12202\"><img decoding=\"async\" src=\"https:\/\/soccer.aidatasports.com\/images\/players\/12202.png\" alt=\"Felipe Fritz\" onerror=\"this.onerror=null;this.src='https:\/\/soccer.aidatasports.com\/images\/players\/default-player.png';\"><span>Felipe Fritz<\/span><\/a><\/div>\n<div class=\"player\"><a href=\"https:\/\/soccer.aidatasports.com\/fr\/players\/Mateo-Guerra-317866\"><img decoding=\"async\" src=\"https:\/\/soccer.aidatasports.com\/images\/players\/317866.png\" alt=\"Mateo Guerra\" onerror=\"this.onerror=null;this.src='https:\/\/soccer.aidatasports.com\/images\/players\/default-player.png';\"><span>Mateo Guerra<\/span><\/a><\/div>\n<div class=\"player\"><a href=\"https:\/\/soccer.aidatasports.com\/fr\/players\/Misael-Llant\u00e9n-106632\"><img decoding=\"async\" src=\"https:\/\/soccer.aidatasports.com\/images\/players\/106632.png\" alt=\"Misael Llant\u00e9n\" onerror=\"this.onerror=null;this.src='https:\/\/soccer.aidatasports.com\/images\/players\/default-player.png';\"><span>Misael Llant\u00e9n<\/span><\/a><\/div>\n<div class=\"player\"><a href=\"https:\/\/soccer.aidatasports.com\/fr\/players\/Danilo-Catal\u00e1n-12001\"><img decoding=\"async\" src=\"https:\/\/soccer.aidatasports.com\/images\/players\/12001.png\" alt=\"Danilo Catal\u00e1n\" onerror=\"this.onerror=null;this.src='https:\/\/soccer.aidatasports.com\/images\/players\/default-player.png';\"><span>Danilo Catal\u00e1n<\/span><\/a><\/div>\n<div class=\"player\"><a href=\"https:\/\/soccer.aidatasports.com\/fr\/players\/Yorman-Zapata-133990\"><img decoding=\"async\" src=\"https:\/\/soccer.aidatasports.com\/images\/players\/133990.png\" alt=\"Yorman Zapata\" onerror=\"this.onerror=null;this.src='https:\/\/soccer.aidatasports.com\/images\/players\/default-player.png';\"><span>Yorman Zapata<\/span><\/a><\/div>\n<div class=\"player\"><a href=\"https:\/\/soccer.aidatasports.com\/fr\/players\/Luis-Felipe-Hern\u00e1ndez-362881\"><img decoding=\"async\" src=\"https:\/\/soccer.aidatasports.com\/images\/players\/362881.png\" alt=\"Luis Felipe Hern\u00e1ndez\" onerror=\"this.onerror=null;this.src='https:\/\/soccer.aidatasports.com\/images\/players\/default-player.png';\"><span>Luis Felipe Hern\u00e1ndez<\/span><\/a><\/div>\n<\/div>\n<\/div>\n<\/div>\n<div class=\"team-lineup\">\n<h3>Cobresal<\/h3>\n<p><img decoding=\"async\" src=\"https:\/\/media.api-sports.io\/football\/teams\/2331.png\" alt=\"Cobresal\" style=\"width: 50px; height: 50px;\"><\/p>\n<div class=\"players-container\">\n<div>\n<h4>Titulares:<\/h4>\n<div class=\"player\"><a href=\"https:\/\/soccer.aidatasports.com\/fr\/players\/Alejandro-Santander-308382\"><img decoding=\"async\" src=\"https:\/\/soccer.aidatasports.com\/images\/players\/308382.png\" alt=\"Alejandro Santander\" onerror=\"this.onerror=null;this.src='https:\/\/soccer.aidatasports.com\/images\/players\/default-player.png';\"><span>Alejandro Santander<\/span><\/a><\/div>\n<div class=\"player\"><a href=\"https:\/\/soccer.aidatasports.com\/fr\/players\/Aaron-Astudillo-278163\"><img decoding=\"async\" src=\"https:\/\/soccer.aidatasports.com\/images\/players\/278163.png\" alt=\"Aaron Astudillo\" onerror=\"this.onerror=null;this.src='https:\/\/soccer.aidatasports.com\/images\/players\/default-player.png';\"><span>Aaron Astudillo<\/span><\/a><\/div>\n<div class=\"player\"><a href=\"https:\/\/soccer.aidatasports.com\/fr\/players\/Jos\u00e9-Tiznado-12037\"><img decoding=\"async\" src=\"https:\/\/soccer.aidatasports.com\/images\/players\/12037.png\" alt=\"Jos\u00e9 Tiznado\" onerror=\"this.onerror=null;this.src='https:\/\/soccer.aidatasports.com\/images\/players\/default-player.png';\"><span>Jos\u00e9 Tiznado<\/span><\/a><\/div>\n<div class=\"player\"><a href=\"https:\/\/soccer.aidatasports.com\/fr\/players\/Cristian-Toro-70249\"><img decoding=\"async\" src=\"https:\/\/soccer.aidatasports.com\/images\/players\/70249.png\" alt=\"Cristian Toro\" onerror=\"this.onerror=null;this.src='https:\/\/soccer.aidatasports.com\/images\/players\/default-player.png';\"><span>Cristian Toro<\/span><\/a><\/div>\n<div class=\"player\"><a href=\"https:\/\/soccer.aidatasports.com\/fr\/players\/Vicente-Fern\u00e1ndez-11350\"><img decoding=\"async\" src=\"https:\/\/soccer.aidatasports.com\/images\/players\/11350.png\" alt=\"Vicente Fern\u00e1ndez\" onerror=\"this.onerror=null;this.src='https:\/\/soccer.aidatasports.com\/images\/players\/default-player.png';\"><span>Vicente Fern\u00e1ndez<\/span><\/a><\/div>\n<div class=\"player\"><a href=\"https:\/\/soccer.aidatasports.com\/fr\/players\/Diego-C\u00e9spedes-78672\"><img decoding=\"async\" src=\"https:\/\/soccer.aidatasports.com\/images\/players\/78672.png\" alt=\"Diego C\u00e9spedes\" onerror=\"this.onerror=null;this.src='https:\/\/soccer.aidatasports.com\/images\/players\/default-player.png';\"><span>Diego C\u00e9spedes<\/span><\/a><\/div>\n<div class=\"player\"><a href=\"https:\/\/soccer.aidatasports.com\/fr\/players\/Cristhofer-Mes\u00edas-11793\"><img decoding=\"async\" src=\"https:\/\/soccer.aidatasports.com\/images\/players\/11793.png\" alt=\"Cristhofer Mes\u00edas\" onerror=\"this.onerror=null;this.src='https:\/\/soccer.aidatasports.com\/images\/players\/default-player.png';\"><span>Cristhofer Mes\u00edas<\/span><\/a><\/div>\n<div class=\"player\"><a href=\"https:\/\/soccer.aidatasports.com\/fr\/players\/C\u00e9sar-Yanis-57875\"><img decoding=\"async\" src=\"https:\/\/soccer.aidatasports.com\/images\/players\/57875.png\" alt=\"C\u00e9sar Yanis\" onerror=\"this.onerror=null;this.src='https:\/\/soccer.aidatasports.com\/images\/players\/default-player.png';\"><span>C\u00e9sar Yanis<\/span><\/a><\/div>\n<div class=\"player\"><a href=\"https:\/\/soccer.aidatasports.com\/fr\/players\/Juan-Carlos-Gaete-12256\"><img decoding=\"async\" src=\"https:\/\/soccer.aidatasports.com\/images\/players\/12256.png\" alt=\"Juan Carlos Gaete\" onerror=\"this.onerror=null;this.src='https:\/\/soccer.aidatasports.com\/images\/players\/default-player.png';\"><span>Juan Carlos Gaete<\/span><\/a><\/div>\n<div class=\"player\"><a href=\"https:\/\/soccer.aidatasports.com\/fr\/players\/C\u00e9sar-Munder-11367\"><img decoding=\"async\" src=\"https:\/\/soccer.aidatasports.com\/images\/players\/11367.png\" alt=\"C\u00e9sar Munder\" onerror=\"this.onerror=null;this.src='https:\/\/soccer.aidatasports.com\/images\/players\/default-player.png';\"><span>C\u00e9sar Munder<\/span><\/a><\/div>\n<div class=\"player\"><a href=\"https:\/\/soccer.aidatasports.com\/fr\/players\/Sergio-Carrasco-308388\"><img decoding=\"async\" src=\"https:\/\/soccer.aidatasports.com\/images\/players\/308388.png\" alt=\"Sergio Carrasco\" onerror=\"this.onerror=null;this.src='https:\/\/soccer.aidatasports.com\/images\/players\/default-player.png';\"><span>Sergio Carrasco<\/span><\/a><\/div>\n<\/div>\n<div>\n<h4>Suplentes:<\/h4>\n<div class=\"player\"><a href=\"https:\/\/soccer.aidatasports.com\/fr\/players\/Jorge-Pinos-16353\"><img decoding=\"async\" src=\"https:\/\/soccer.aidatasports.com\/images\/players\/16353.png\" alt=\"Jorge Pinos\" onerror=\"this.onerror=null;this.src='https:\/\/soccer.aidatasports.com\/images\/players\/default-player.png';\"><span>Jorge Pinos<\/span><\/a><\/div>\n<div class=\"player\"><a href=\"https:\/\/soccer.aidatasports.com\/fr\/players\/Franco-Bechtholdt-11568\"><img decoding=\"async\" src=\"https:\/\/soccer.aidatasports.com\/images\/players\/11568.png\" alt=\"Franco Bechtholdt\" onerror=\"this.onerror=null;this.src='https:\/\/soccer.aidatasports.com\/images\/players\/default-player.png';\"><span>Franco Bechtholdt<\/span><\/a><\/div>\n<div class=\"player\"><a href=\"https:\/\/soccer.aidatasports.com\/fr\/players\/Christian-Moreno-5606\"><img decoding=\"async\" src=\"https:\/\/soccer.aidatasports.com\/images\/players\/5606.png\" alt=\"Christian Moreno\" onerror=\"this.onerror=null;this.src='https:\/\/soccer.aidatasports.com\/images\/players\/default-player.png';\"><span>Christian Moreno<\/span><\/a><\/div>\n<div class=\"player\"><a href=\"https:\/\/soccer.aidatasports.com\/fr\/players\/Milan-Roki-458542\"><img decoding=\"async\" src=\"https:\/\/soccer.aidatasports.com\/images\/players\/458542.png\" alt=\"Milan Roki\" onerror=\"this.onerror=null;this.src='https:\/\/soccer.aidatasports.com\/images\/players\/default-player.png';\"><span>Milan Roki<\/span><\/a><\/div>\n<div class=\"player\"><a href=\"https:\/\/soccer.aidatasports.com\/fr\/players\/Oliver-Ramis-408955\"><img decoding=\"async\" src=\"https:\/\/soccer.aidatasports.com\/images\/players\/408955.png\" alt=\"Oliver Ramis\" onerror=\"this.onerror=null;this.src='https:\/\/soccer.aidatasports.com\/images\/players\/default-player.png';\"><span>Oliver Ramis<\/span><\/a><\/div>\n<div class=\"player\"><a href=\"https:\/\/soccer.aidatasports.com\/fr\/players\/Matias-Sepulveda-459001\"><img decoding=\"async\" src=\"https:\/\/soccer.aidatasports.com\/images\/players\/459001.png\" alt=\"Matias Sepulveda\" onerror=\"this.onerror=null;this.src='https:\/\/soccer.aidatasports.com\/images\/players\/default-player.png';\"><span>Matias Sepulveda<\/span><\/a><\/div>\n<div class=\"player\"><a href=\"https:\/\/soccer.aidatasports.com\/fr\/players\/Benjam\u00edn-Ram\u00edrez-463999\"><img decoding=\"async\" src=\"https:\/\/soccer.aidatasports.com\/images\/players\/463999.png\" alt=\"Benjam\u00edn Ram\u00edrez\" onerror=\"this.onerror=null;this.src='https:\/\/soccer.aidatasports.com\/images\/players\/default-player.png';\"><span>Benjam\u00edn Ram\u00edrez<\/span><\/a><\/div>\n<\/div>\n<\/div>\n<\/div>\n<\/div>\n<div id=\"wg-api-football-game\"\n                    data-host=\"xxxxx\"\n                    data-key=\"xxxx\"\n                    data-id=\"1339194\"\n                    data-theme=\"\"\n                    data-refresh=\"15\"\n                    data-show-errors=\"false\"\n                    data-show-logos=\"true\"><br \/>\n                    class=\u00a0\u00bbwg_loader\u00a0\u00bb>\n                <\/div>\n<div id=\"wg-api-football-standings\"\n                    data-host=\"xxxx\"\n                    data-key=\"ddddd\"\n                    data-league=\"265\"\n                    data-team=\"\"\n                    data-season=\"2025\"\n                    data-theme=\"\"\n                    data-show-errors=\"false\"\n                    data-show-logos=\"true\"\n                    class=\"wg_loader\">\n                <\/div>\n<p>                <script\n                    type=\"module\"\n                    src=\"https:\/\/soccer.aidatasports.com\/wp-content\/customjs\/widgetslocal.js\">\n                <\/script><\/p>\n","protected":false},"excerpt":{"rendered":"<p>Fran\u00e7ais Deportes Limache Domine un Cobresal D\u00e9cim\u00e9 \u00e0 Domicile Lors d&rsquo;un match disput\u00e9 \u00e0 l&rsquo;Estadio&hellip;<\/p>\n","protected":false},"author":1,"featured_media":110992,"comment_status":"open","ping_status":"open","sticky":false,"template":"","format":"standard","meta":{"content-type":"","pmpro_default_level":"","_lmt_disableupdate":"","_lmt_disable":"","_league":15837,"_fixture":1339194,"penci_pfeatured_image_ratio":"","penci_single_style":"","footnotes":""},"categories":[15837],"tags":[2104,10156],"class_list":["post-110993","post","type-post","status-publish","format-standard","has-post-thumbnail","hentry","category-matches","tag-cobresal-chile-2331","tag-deportes-limache-chile-16730","pmpro-has-access"],"_links":{"self":[{"href":"https:\/\/soccer.aidatasports.com\/fr\/wp-json\/wp\/v2\/posts\/110993"}],"collection":[{"href":"https:\/\/soccer.aidatasports.com\/fr\/wp-json\/wp\/v2\/posts"}],"about":[{"href":"https:\/\/soccer.aidatasports.com\/fr\/wp-json\/wp\/v2\/types\/post"}],"author":[{"embeddable":true,"href":"https:\/\/soccer.aidatasports.com\/fr\/wp-json\/wp\/v2\/users\/1"}],"replies":[{"embeddable":true,"href":"https:\/\/soccer.aidatasports.com\/fr\/wp-json\/wp\/v2\/comments?post=110993"}],"version-history":[{"count":0,"href":"https:\/\/soccer.aidatasports.com\/fr\/wp-json\/wp\/v2\/posts\/110993\/revisions"}],"wp:featuredmedia":[{"embeddable":true,"href":"https:\/\/soccer.aidatasports.com\/fr\/wp-json\/wp\/v2\/media\/110992"}],"wp:attachment":[{"href":"https:\/\/soccer.aidatasports.com\/fr\/wp-json\/wp\/v2\/media?parent=110993"}],"wp:term":[{"taxonomy":"category","embeddable":true,"href":"https:\/\/soccer.aidatasports.com\/fr\/wp-json\/wp\/v2\/categories?post=110993"},{"taxonomy":"post_tag","embeddable":true,"href":"https:\/\/soccer.aidatasports.com\/fr\/wp-json\/wp\/v2\/tags?post=110993"}],"curies":[{"name":"wp","href":"https:\/\/api.w.org\/{rel}","templated":true}]}}