{"id":109293,"date":"2025-10-05T15:40:42","date_gmt":"2025-10-05T15:40:42","guid":{"rendered":"https:\/\/soccer.aidatasports.com\/fr\/uncategorized\/plzen-vs-hradec-kralove-oct-05-2025-1330-utc\/"},"modified":"2025-10-05T15:40:42","modified_gmt":"2025-10-05T15:40:42","slug":"plzen-vs-hradec-kralove-oct-05-2025-1330-utc","status":"publish","type":"post","link":"https:\/\/soccer.aidatasports.com\/fr\/matches\/plzen-vs-hradec-kralove-oct-05-2025-1330-utc\/","title":{"rendered":"Plzen vs Hradec Kr\u00e1lov\u00e9 Oct 05 2025 13:30 UTC"},"content":{"rendered":"<p><strong>FRAN\u00c7AIS<\/strong><\/p>\n<p><strong>Victoire Palpitante de Plzen contre Hradec Kr\u00e1lov\u00e9 dans un Match Riche en \u00c9motions<\/strong><\/p>\n<p>Plzen, R\u00e9publique Tch\u00e8que \u2013 La Doosan Arena a \u00e9t\u00e9 le th\u00e9\u00e2tre d&rsquo;une rencontre vibrante et disput\u00e9e entre Plzen et Hradec Kr\u00e1lov\u00e9, se terminant par une victoire serr\u00e9e pour l&rsquo;\u00e9quipe locale. Plzen a domin\u00e9 la possession avec 63%, mais Hradec Kr\u00e1lov\u00e9 s&rsquo;est montr\u00e9 dangereux en contre-attaque.<\/p>\n<p>Hradec Kr\u00e1lov\u00e9 a pris l&rsquo;avantage \u00e0 la 12e minute avec un but de O. Mihalik, mais Plzen a r\u00e9pondu juste avant la mi-temps avec un but de P. Adu pour \u00e9galiser. La deuxi\u00e8me mi-temps a commenc\u00e9 avec un but de V. Pilar pour Hradec Kr\u00e1lov\u00e9, remettant les visiteurs en t\u00eate. Cependant, Plzen n&rsquo;a pas baiss\u00e9 les bras.<\/p>\n<p>Un penalty manqu\u00e9 par R. Durosinmi \u00e0 la 56e minute a sembl\u00e9 \u00eatre un coup dur pour Plzen, mais l&rsquo;\u00e9quipe locale a continu\u00e9 \u00e0 pousser. L&rsquo;expulsion de T. Petrasek \u00e0 la 66e minute pour un deuxi\u00e8me carton jaune a donn\u00e9 un coup de pouce \u00e0 Plzen, profitant de la sup\u00e9riorit\u00e9 num\u00e9rique.<\/p>\n<p>Dans les derni\u00e8res minutes du match, R. Durosinmi s&rsquo;est rachet\u00e9 avec un but \u00e0 la 88e minute, suivi d&rsquo;un autre but de P. Adu \u00e0 la 89e minute, inversant le score. Dans le temps additionnel, J. Kucera a marqu\u00e9 pour Hradec Kr\u00e1lov\u00e9, mais cela n&rsquo;a pas suffi \u00e0 \u00e9viter la d\u00e9faite.<\/p>\n<p>Le match, jou\u00e9 sous l&rsquo;\u0153il attentif de l&rsquo;arbitre Jan Benes, a \u00e9t\u00e9 marqu\u00e9 par l&rsquo;intensit\u00e9 et le nombre de cartons distribu\u00e9s. Six cartons jaunes ont \u00e9t\u00e9 montr\u00e9s \u00e0 Plzen et trois \u00e0 Hradec Kr\u00e1lov\u00e9, en plus du carton rouge \u00e0 T. Petrasek. Plzen a termin\u00e9 le match avec un total de 18 tirs, dont 7 cadr\u00e9s, tandis que Hradec Kr\u00e1lov\u00e9 a effectu\u00e9 6 tirs, dont 4 cadr\u00e9s.<\/p>\n<p>Plzen, bien qu&rsquo;avec des difficult\u00e9s, a r\u00e9ussi \u00e0 remporter un match compliqu\u00e9 et \u00e0 ajouter trois points importants en Czech Liga.<\/p>\n<p>Remplacements dans l&rsquo;quipe de plzen: \u00c0 la 46e minute, K. Spacil est entr\u00e9 et S. Dweh est sorti., \u00c0 la 46e minute, C. Souare est entr\u00e9 et M. Doski est sorti., \u00c0 la 58e minute, M. Havel est entr\u00e9 et A. Memic est sorti., \u00c0 la 58e minute, T. Ladra est entr\u00e9 et D. Visinsky est sorti., \u00c0 la 69e minute, J. Paluska est entr\u00e9 et C. Kabongo est sorti. <\/p>\n<p>Remplacements dans l&rsquo;quipe de hradec kr\u00e1lov\u00e9: \u00c0 la 46e minute, O. Mihalik est entr\u00e9 et A. Griger est sorti., \u00c0 la 58e minute, J. Chvatal est entr\u00e9 et J. Kucera est sorti., \u00c0 la 69e minute, V. Pilar est entr\u00e9 et J. Uhrincat est sorti., \u00c0 la 87e minute, V. Darida est entr\u00e9 et D. Ludvicek est sorti. <\/p>\n<p>Les \u00e9quipes se sont align\u00e9es comme suit:<\/p>\n<div class=\"lineups-container\">\n<style>\n                .lineups-container {\n                    display: flex;\n                    justify-content: space-around;\n                    flex-wrap: wrap;\n                }\n                .team-lineup {\n                    width: 49%;\n                    margin-bottom: 20px;\n                    border: 1px solid #ccc;\n                    padding: 5px;\n                }\n                .team-lineup h3 {\n                    text-align: center;\n                    margin-bottom: 10px;\n                }\n                .players-container {\n                    display: flex;\n                    justify-content: space-between;\n                }\n                .players-container div {\n                    width: 100%;\n                }\n                .player {\n                    display: flex;\n                    align-items: center;\n                    margin-bottom: 5px;\n                }\n                .player img {\n                    width: 30px;\n                    height: 30px;\n                    border-radius: 50%;\n                    margin-right: 10px;\n                }\n                    @media (max-width: 600px) {\n                    .team-lineup {\n                        width: 100%;\n                    }\n                }\n                <\/style>\n<div class=\"team-lineup\">\n<h3>Plzen<\/h3>\n<p><img decoding=\"async\" src=\"https:\/\/media.api-sports.io\/football\/teams\/567.png\" alt=\"Plzen\" style=\"width: 50px; height: 50px;\"><\/p>\n<div class=\"players-container\">\n<div>\n<h4>Titulares:<\/h4>\n<div class=\"player\"><a href=\"https:\/\/soccer.aidatasports.com\/fr\/players\/Martin-Jedli\u010dka-61161\"><img decoding=\"async\" src=\"https:\/\/soccer.aidatasports.com\/images\/players\/61161.png\" alt=\"Martin Jedli\u010dka\" onerror=\"this.onerror=null;this.src='https:\/\/soccer.aidatasports.com\/images\/players\/default-player.png';\"><span>Martin Jedli\u010dka<\/span><\/a><\/div>\n<div class=\"player\"><a href=\"https:\/\/soccer.aidatasports.com\/fr\/players\/Jan-Paluska-338998\"><img decoding=\"async\" src=\"https:\/\/soccer.aidatasports.com\/images\/players\/338998.png\" alt=\"Jan Paluska\" onerror=\"this.onerror=null;this.src='https:\/\/soccer.aidatasports.com\/images\/players\/default-player.png';\"><span>Jan Paluska<\/span><\/a><\/div>\n<div class=\"player\"><a href=\"https:\/\/soccer.aidatasports.com\/fr\/players\/V\u00e1clav-Jemelka-66270\"><img decoding=\"async\" src=\"https:\/\/soccer.aidatasports.com\/images\/players\/66270.png\" alt=\"V\u00e1clav Jemelka\" onerror=\"this.onerror=null;this.src='https:\/\/soccer.aidatasports.com\/images\/players\/default-player.png';\"><span>V\u00e1clav Jemelka<\/span><\/a><\/div>\n<div class=\"player\"><a href=\"https:\/\/soccer.aidatasports.com\/fr\/players\/Karel-Sp\u00e1\u010dil-426130\"><img decoding=\"async\" src=\"https:\/\/soccer.aidatasports.com\/images\/players\/426130.png\" alt=\"Karel Sp\u00e1\u010dil\" onerror=\"this.onerror=null;this.src='https:\/\/soccer.aidatasports.com\/images\/players\/default-player.png';\"><span>Karel Sp\u00e1\u010dil<\/span><\/a><\/div>\n<div class=\"player\"><a href=\"https:\/\/soccer.aidatasports.com\/fr\/players\/Milan-Havel-799\"><img decoding=\"async\" src=\"https:\/\/soccer.aidatasports.com\/images\/players\/799.png\" alt=\"Milan Havel\" onerror=\"this.onerror=null;this.src='https:\/\/soccer.aidatasports.com\/images\/players\/default-player.png';\"><span>Milan Havel<\/span><\/a><\/div>\n<div class=\"player\"><a href=\"https:\/\/soccer.aidatasports.com\/fr\/players\/Adrian-Zeljkovi\u0107-290045\"><img decoding=\"async\" src=\"https:\/\/soccer.aidatasports.com\/images\/players\/290045.png\" alt=\"Adrian Zeljkovi\u0107\" onerror=\"this.onerror=null;this.src='https:\/\/soccer.aidatasports.com\/images\/players\/default-player.png';\"><span>Adrian Zeljkovi\u0107<\/span><\/a><\/div>\n<div class=\"player\"><a href=\"https:\/\/soccer.aidatasports.com\/fr\/players\/Luk\u00e1\u0161-\u010cerv-162194\"><img decoding=\"async\" src=\"https:\/\/soccer.aidatasports.com\/images\/players\/162194.png\" alt=\"Luk\u00e1\u0161 \u010cerv\" onerror=\"this.onerror=null;this.src='https:\/\/soccer.aidatasports.com\/images\/players\/default-player.png';\"><span>Luk\u00e1\u0161 \u010cerv<\/span><\/a><\/div>\n<div class=\"player\"><a href=\"https:\/\/soccer.aidatasports.com\/fr\/players\/Cheick-Souar\u00e9-179449\"><img decoding=\"async\" src=\"https:\/\/soccer.aidatasports.com\/images\/players\/179449.png\" alt=\"Cheick Souar\u00e9\" onerror=\"this.onerror=null;this.src='https:\/\/soccer.aidatasports.com\/images\/players\/default-player.png';\"><span>Cheick Souar\u00e9<\/span><\/a><\/div>\n<div class=\"player\"><a href=\"https:\/\/soccer.aidatasports.com\/fr\/players\/Tom\u00e1\u0161-Ladra-66253\"><img decoding=\"async\" src=\"https:\/\/soccer.aidatasports.com\/images\/players\/66253.png\" alt=\"Tom\u00e1\u0161 Ladra\" onerror=\"this.onerror=null;this.src='https:\/\/soccer.aidatasports.com\/images\/players\/default-player.png';\"><span>Tom\u00e1\u0161 Ladra<\/span><\/a><\/div>\n<div class=\"player\"><a href=\"https:\/\/soccer.aidatasports.com\/fr\/players\/Prince-Kwabena-Adu-410016\"><img decoding=\"async\" src=\"https:\/\/soccer.aidatasports.com\/images\/players\/410016.png\" alt=\"Prince Kwabena Adu\" onerror=\"this.onerror=null;this.src='https:\/\/soccer.aidatasports.com\/images\/players\/default-player.png';\"><span>Prince Kwabena Adu<\/span><\/a><\/div>\n<div class=\"player\"><a href=\"https:\/\/soccer.aidatasports.com\/fr\/players\/Rafiu-Durosinmi-341226\"><img decoding=\"async\" src=\"https:\/\/soccer.aidatasports.com\/images\/players\/341226.png\" alt=\"Rafiu Durosinmi\" onerror=\"this.onerror=null;this.src='https:\/\/soccer.aidatasports.com\/images\/players\/default-player.png';\"><span>Rafiu Durosinmi<\/span><\/a><\/div>\n<\/div>\n<div>\n<h4>Suplentes:<\/h4>\n<div class=\"player\"><a href=\"https:\/\/soccer.aidatasports.com\/fr\/players\/Merchas-Doski-271444\"><img decoding=\"async\" src=\"https:\/\/soccer.aidatasports.com\/images\/players\/271444.png\" alt=\"Merchas Doski\" onerror=\"this.onerror=null;this.src='https:\/\/soccer.aidatasports.com\/images\/players\/default-player.png';\"><span>Merchas Doski<\/span><\/a><\/div>\n<div class=\"player\"><a href=\"https:\/\/soccer.aidatasports.com\/fr\/players\/Sampson-Dweh-317825\"><img decoding=\"async\" src=\"https:\/\/soccer.aidatasports.com\/images\/players\/317825.png\" alt=\"Sampson Dweh\" onerror=\"this.onerror=null;this.src='https:\/\/soccer.aidatasports.com\/images\/players\/default-player.png';\"><span>Sampson Dweh<\/span><\/a><\/div>\n<div class=\"player\"><a href=\"https:\/\/soccer.aidatasports.com\/fr\/players\/Denis-Vi\u0161insk\u00fd-290212\"><img decoding=\"async\" src=\"https:\/\/soccer.aidatasports.com\/images\/players\/290212.png\" alt=\"Denis Vi\u0161insk\u00fd\" onerror=\"this.onerror=null;this.src='https:\/\/soccer.aidatasports.com\/images\/players\/default-player.png';\"><span>Denis Vi\u0161insk\u00fd<\/span><\/a><\/div>\n<div class=\"player\"><a href=\"https:\/\/soccer.aidatasports.com\/fr\/players\/Amar-Memi\u0107-322101\"><img decoding=\"async\" src=\"https:\/\/soccer.aidatasports.com\/images\/players\/322101.png\" alt=\"Amar Memi\u0107\" onerror=\"this.onerror=null;this.src='https:\/\/soccer.aidatasports.com\/images\/players\/default-player.png';\"><span>Amar Memi\u0107<\/span><\/a><\/div>\n<div class=\"player\"><a href=\"https:\/\/soccer.aidatasports.com\/fr\/players\/Christophe-Kabongo-271869\"><img decoding=\"async\" src=\"https:\/\/soccer.aidatasports.com\/images\/players\/271869.png\" alt=\"Christophe Kabongo\" onerror=\"this.onerror=null;this.src='https:\/\/soccer.aidatasports.com\/images\/players\/default-player.png';\"><span>Christophe Kabongo<\/span><\/a><\/div>\n<div class=\"player\"><a href=\"https:\/\/soccer.aidatasports.com\/fr\/players\/Mari\u00e1n-Tvrdo\u0148-66447\"><img decoding=\"async\" src=\"https:\/\/soccer.aidatasports.com\/images\/players\/66447.png\" alt=\"Mari\u00e1n Tvrdo\u0148\" onerror=\"this.onerror=null;this.src='https:\/\/soccer.aidatasports.com\/images\/players\/default-player.png';\"><span>Mari\u00e1n Tvrdo\u0148<\/span><\/a><\/div>\n<div class=\"player\"><a href=\"https:\/\/soccer.aidatasports.com\/fr\/players\/Florian-Wiegele-221605\"><img decoding=\"async\" src=\"https:\/\/soccer.aidatasports.com\/images\/players\/221605.png\" alt=\"Florian Wiegele\" onerror=\"this.onerror=null;this.src='https:\/\/soccer.aidatasports.com\/images\/players\/default-player.png';\"><span>Florian Wiegele<\/span><\/a><\/div>\n<div class=\"player\"><a href=\"https:\/\/soccer.aidatasports.com\/fr\/players\/Luk\u00e1\u0161-Hejda-800\"><img decoding=\"async\" src=\"https:\/\/soccer.aidatasports.com\/images\/players\/800.png\" alt=\"Luk\u00e1\u0161 Hejda\" onerror=\"this.onerror=null;this.src='https:\/\/soccer.aidatasports.com\/images\/players\/default-player.png';\"><span>Luk\u00e1\u0161 Hejda<\/span><\/a><\/div>\n<div class=\"player\"><a href=\"https:\/\/soccer.aidatasports.com\/fr\/players\/James-Bello-474782\"><img decoding=\"async\" src=\"https:\/\/soccer.aidatasports.com\/images\/players\/474782.png\" alt=\"James Bello\" onerror=\"this.onerror=null;this.src='https:\/\/soccer.aidatasports.com\/images\/players\/default-player.png';\"><span>James Bello<\/span><\/a><\/div>\n<\/div>\n<\/div>\n<\/div>\n<div class=\"team-lineup\">\n<h3>Hradec Kr\u00e1lov\u00e9<\/h3>\n<p><img decoding=\"async\" src=\"https:\/\/media.api-sports.io\/football\/teams\/3723.png\" alt=\"Hradec Kr\u00e1lov\u00e9\" style=\"width: 50px; height: 50px;\"><\/p>\n<div class=\"players-container\">\n<div>\n<h4>Titulares:<\/h4>\n<div class=\"player\"><a href=\"https:\/\/soccer.aidatasports.com\/fr\/players\/Adam-Zadrazil-66691\"><img decoding=\"async\" src=\"https:\/\/soccer.aidatasports.com\/images\/players\/66691.png\" alt=\"Adam Zadrazil\" onerror=\"this.onerror=null;this.src='https:\/\/soccer.aidatasports.com\/images\/players\/default-player.png';\"><span>Adam Zadrazil<\/span><\/a><\/div>\n<div class=\"player\"><a href=\"https:\/\/soccer.aidatasports.com\/fr\/players\/Juraj-Chv\u00e1tal-66268\"><img decoding=\"async\" src=\"https:\/\/soccer.aidatasports.com\/images\/players\/66268.png\" alt=\"Juraj Chv\u00e1tal\" onerror=\"this.onerror=null;this.src='https:\/\/soccer.aidatasports.com\/images\/players\/default-player.png';\"><span>Juraj Chv\u00e1tal<\/span><\/a><\/div>\n<div class=\"player\"><a href=\"https:\/\/soccer.aidatasports.com\/fr\/players\/Franti\u0161ek-\u010cech-128782\"><img decoding=\"async\" src=\"https:\/\/soccer.aidatasports.com\/images\/players\/128782.png\" alt=\"Franti\u0161ek \u010cech\" onerror=\"this.onerror=null;this.src='https:\/\/soccer.aidatasports.com\/images\/players\/default-player.png';\"><span>Franti\u0161ek \u010cech<\/span><\/a><\/div>\n<div class=\"player\"><a href=\"https:\/\/soccer.aidatasports.com\/fr\/players\/Tom\u00e1\u0161-Petr\u00e1\u0161ek-40606\"><img decoding=\"async\" src=\"https:\/\/soccer.aidatasports.com\/images\/players\/40606.png\" alt=\"Tom\u00e1\u0161 Petr\u00e1\u0161ek\" onerror=\"this.onerror=null;this.src='https:\/\/soccer.aidatasports.com\/images\/players\/default-player.png';\"><span>Tom\u00e1\u0161 Petr\u00e1\u0161ek<\/span><\/a><\/div>\n<div class=\"player\"><a href=\"https:\/\/soccer.aidatasports.com\/fr\/players\/Jakub-Elbel-282300\"><img decoding=\"async\" src=\"https:\/\/soccer.aidatasports.com\/images\/players\/282300.png\" alt=\"Jakub Elbel\" onerror=\"this.onerror=null;this.src='https:\/\/soccer.aidatasports.com\/images\/players\/default-player.png';\"><span>Jakub Elbel<\/span><\/a><\/div>\n<div class=\"player\"><a href=\"https:\/\/soccer.aidatasports.com\/fr\/players\/Daniel-Hor\u00e1k-265370\"><img decoding=\"async\" src=\"https:\/\/soccer.aidatasports.com\/images\/players\/265370.png\" alt=\"Daniel Hor\u00e1k\" onerror=\"this.onerror=null;this.src='https:\/\/soccer.aidatasports.com\/images\/players\/default-player.png';\"><span>Daniel Hor\u00e1k<\/span><\/a><\/div>\n<div class=\"player\"><a href=\"https:\/\/soccer.aidatasports.com\/fr\/players\/Alexandr-Sojka-386837\"><img decoding=\"async\" src=\"https:\/\/soccer.aidatasports.com\/images\/players\/386837.png\" alt=\"Alexandr Sojka\" onerror=\"this.onerror=null;this.src='https:\/\/soccer.aidatasports.com\/images\/players\/default-player.png';\"><span>Alexandr Sojka<\/span><\/a><\/div>\n<div class=\"player\"><a href=\"https:\/\/soccer.aidatasports.com\/fr\/players\/Vladim\u00edr-Darida-25348\"><img decoding=\"async\" src=\"https:\/\/soccer.aidatasports.com\/images\/players\/25348.png\" alt=\"Vladim\u00edr Darida\" onerror=\"this.onerror=null;this.src='https:\/\/soccer.aidatasports.com\/images\/players\/default-player.png';\"><span>Vladim\u00edr Darida<\/span><\/a><\/div>\n<div class=\"player\"><a href=\"https:\/\/soccer.aidatasports.com\/fr\/players\/Samuel-Danc\u00e1k-66224\"><img decoding=\"async\" src=\"https:\/\/soccer.aidatasports.com\/images\/players\/66224.png\" alt=\"Samuel Danc\u00e1k\" onerror=\"this.onerror=null;this.src='https:\/\/soccer.aidatasports.com\/images\/players\/default-player.png';\"><span>Samuel Danc\u00e1k<\/span><\/a><\/div>\n<div class=\"player\"><a href=\"https:\/\/soccer.aidatasports.com\/fr\/players\/V\u00e1clav-Pila\u0159-66281\"><img decoding=\"async\" src=\"https:\/\/soccer.aidatasports.com\/images\/players\/66281.png\" alt=\"V\u00e1clav Pila\u0159\" onerror=\"this.onerror=null;this.src='https:\/\/soccer.aidatasports.com\/images\/players\/default-player.png';\"><span>V\u00e1clav Pila\u0159<\/span><\/a><\/div>\n<div class=\"player\"><a href=\"https:\/\/soccer.aidatasports.com\/fr\/players\/Ond\u0159ej-Mih\u00e1lik-36909\"><img decoding=\"async\" src=\"https:\/\/soccer.aidatasports.com\/images\/players\/36909.png\" alt=\"Ond\u0159ej Mih\u00e1lik\" onerror=\"this.onerror=null;this.src='https:\/\/soccer.aidatasports.com\/images\/players\/default-player.png';\"><span>Ond\u0159ej Mih\u00e1lik<\/span><\/a><\/div>\n<\/div>\n<div>\n<h4>Suplentes:<\/h4>\n<div class=\"player\"><a href=\"https:\/\/soccer.aidatasports.com\/fr\/players\/Adam-Griger-269240\"><img decoding=\"async\" src=\"https:\/\/soccer.aidatasports.com\/images\/players\/269240.png\" alt=\"Adam Griger\" onerror=\"this.onerror=null;this.src='https:\/\/soccer.aidatasports.com\/images\/players\/default-player.png';\"><span>Adam Griger<\/span><\/a><\/div>\n<div class=\"player\"><a href=\"https:\/\/soccer.aidatasports.com\/fr\/players\/Jakub-Kucera-66677\"><img decoding=\"async\" src=\"https:\/\/soccer.aidatasports.com\/images\/players\/66677.png\" alt=\"Jakub Kucera\" onerror=\"this.onerror=null;this.src='https:\/\/soccer.aidatasports.com\/images\/players\/default-player.png';\"><span>Jakub Kucera<\/span><\/a><\/div>\n<div class=\"player\"><a href=\"https:\/\/soccer.aidatasports.com\/fr\/players\/Jakub-Uhrin\u010da\u0165-267794\"><img decoding=\"async\" src=\"https:\/\/soccer.aidatasports.com\/images\/players\/267794.png\" alt=\"Jakub Uhrin\u010da\u0165\" onerror=\"this.onerror=null;this.src='https:\/\/soccer.aidatasports.com\/images\/players\/default-player.png';\"><span>Jakub Uhrin\u010da\u0165<\/span><\/a><\/div>\n<div class=\"player\"><a href=\"https:\/\/soccer.aidatasports.com\/fr\/players\/Matyas-Vagner-290210\"><img decoding=\"async\" src=\"https:\/\/soccer.aidatasports.com\/images\/players\/290210.png\" alt=\"Matyas Vagner\" onerror=\"this.onerror=null;this.src='https:\/\/soccer.aidatasports.com\/images\/players\/default-player.png';\"><span>Matyas Vagner<\/span><\/a><\/div>\n<div class=\"player\"><a href=\"https:\/\/soccer.aidatasports.com\/fr\/players\/David-Ludvicek-376335\"><img decoding=\"async\" src=\"https:\/\/soccer.aidatasports.com\/images\/players\/376335.png\" alt=\"David Ludvicek\" onerror=\"this.onerror=null;this.src='https:\/\/soccer.aidatasports.com\/images\/players\/default-player.png';\"><span>David Ludvicek<\/span><\/a><\/div>\n<div class=\"player\"><a href=\"https:\/\/soccer.aidatasports.com\/fr\/players\/Lucas-Kubr-378175\"><img decoding=\"async\" src=\"https:\/\/soccer.aidatasports.com\/images\/players\/378175.png\" alt=\"Lucas Kubr\" onerror=\"this.onerror=null;this.src='https:\/\/soccer.aidatasports.com\/images\/players\/default-player.png';\"><span>Lucas Kubr<\/span><\/a><\/div>\n<div class=\"player\"><a href=\"https:\/\/soccer.aidatasports.com\/fr\/players\/Jakub-Hodek-377014\"><img decoding=\"async\" src=\"https:\/\/soccer.aidatasports.com\/images\/players\/377014.png\" alt=\"Jakub Hodek\" onerror=\"this.onerror=null;this.src='https:\/\/soccer.aidatasports.com\/images\/players\/default-player.png';\"><span>Jakub Hodek<\/span><\/a><\/div>\n<\/div>\n<\/div>\n<\/div>\n<\/div>\n<div id=\"wg-api-football-game\"\n                    data-host=\"xxxxx\"\n                    data-key=\"xxxx\"\n                    data-id=\"1384735\"\n                    data-theme=\"\"\n                    data-refresh=\"15\"\n                    data-show-errors=\"false\"\n                    data-show-logos=\"true\"><br \/>\n                    class=\u00a0\u00bbwg_loader\u00a0\u00bb>\n                <\/div>\n<div id=\"wg-api-football-standings\"\n                    data-host=\"xxxx\"\n                    data-key=\"ddddd\"\n                    data-league=\"345\"\n                    data-team=\"\"\n                    data-season=\"2025\"\n                    data-theme=\"\"\n                    data-show-errors=\"false\"\n                    data-show-logos=\"true\"\n                    class=\"wg_loader\">\n                <\/div>\n<p>                <script\n                    type=\"module\"\n                    src=\"https:\/\/soccer.aidatasports.com\/wp-content\/customjs\/widgetslocal.js\">\n                <\/script><\/p>\n","protected":false},"excerpt":{"rendered":"<p>FRAN\u00c7AIS Victoire Palpitante de Plzen contre Hradec Kr\u00e1lov\u00e9 dans un Match Riche en \u00c9motions Plzen,&hellip;<\/p>\n","protected":false},"author":1,"featured_media":109292,"comment_status":"open","ping_status":"open","sticky":false,"template":"","format":"standard","meta":{"content-type":"","pmpro_default_level":"","_lmt_disableupdate":"","_lmt_disable":"","_league":15837,"_fixture":1384735,"penci_pfeatured_image_ratio":"","penci_single_style":"","footnotes":""},"categories":[15837],"tags":[3000,677],"class_list":["post-109293","post","type-post","status-publish","format-standard","has-post-thumbnail","hentry","category-matches","tag-hradec-kralove-czech-republic-3723","tag-plzen-czech-republic-567","pmpro-has-access"],"_links":{"self":[{"href":"https:\/\/soccer.aidatasports.com\/fr\/wp-json\/wp\/v2\/posts\/109293"}],"collection":[{"href":"https:\/\/soccer.aidatasports.com\/fr\/wp-json\/wp\/v2\/posts"}],"about":[{"href":"https:\/\/soccer.aidatasports.com\/fr\/wp-json\/wp\/v2\/types\/post"}],"author":[{"embeddable":true,"href":"https:\/\/soccer.aidatasports.com\/fr\/wp-json\/wp\/v2\/users\/1"}],"replies":[{"embeddable":true,"href":"https:\/\/soccer.aidatasports.com\/fr\/wp-json\/wp\/v2\/comments?post=109293"}],"version-history":[{"count":0,"href":"https:\/\/soccer.aidatasports.com\/fr\/wp-json\/wp\/v2\/posts\/109293\/revisions"}],"wp:featuredmedia":[{"embeddable":true,"href":"https:\/\/soccer.aidatasports.com\/fr\/wp-json\/wp\/v2\/media\/109292"}],"wp:attachment":[{"href":"https:\/\/soccer.aidatasports.com\/fr\/wp-json\/wp\/v2\/media?parent=109293"}],"wp:term":[{"taxonomy":"category","embeddable":true,"href":"https:\/\/soccer.aidatasports.com\/fr\/wp-json\/wp\/v2\/categories?post=109293"},{"taxonomy":"post_tag","embeddable":true,"href":"https:\/\/soccer.aidatasports.com\/fr\/wp-json\/wp\/v2\/tags?post=109293"}],"curies":[{"name":"wp","href":"https:\/\/api.w.org\/{rel}","templated":true}]}}