{"id":108799,"date":"2025-10-04T15:02:49","date_gmt":"2025-10-04T15:02:49","guid":{"rendered":"https:\/\/soccer.aidatasports.com\/fr\/uncategorized\/pardubice-vs-karvina-oct-04-2025-1300-utc\/"},"modified":"2025-10-04T15:02:49","modified_gmt":"2025-10-04T15:02:49","slug":"pardubice-vs-karvina-oct-04-2025-1300-utc","status":"publish","type":"post","link":"https:\/\/soccer.aidatasports.com\/fr\/matches\/pardubice-vs-karvina-oct-04-2025-1300-utc\/","title":{"rendered":"Pardubice vs Karvin\u00e1 Oct 04 2025 13:00 UTC"},"content":{"rendered":"<p><strong>Fran\u00e7ais:<\/strong><\/p>\n<p><strong>Remont\u00e9e palpitante de Pardubice \u00e0 domicile contre Karvin\u00e1<\/strong><\/p>\n<p>Pardubice, R\u00e9publique Tch\u00e8que \u2013 Dans un match vibrant et riche en rebondissements, Pardubice a remport\u00e9 une victoire importante dans son stade, le Stadion Arnosta Kostala, contre Karvin\u00e1. Malgr\u00e9 une possession de balle favorable \u00e0 Karvin\u00e1 (60 % contre 40 % pour Pardubice), l&rsquo;\u00e9quipe locale a fait preuve d&rsquo;efficacit\u00e9 dans les moments cl\u00e9s du match.<\/p>\n<p>Karvin\u00e1 a pris l&rsquo;avantage \u00e0 la 27e minute gr\u00e2ce \u00e0 un but de D. Krcik, sur une passe d\u00e9cisive de A. Labik. Pardubice, d\u00e9j\u00e0 confront\u00e9 \u00e0 un contretemps avec un changement forc\u00e9 en d\u00e9but de match, ne s&rsquo;est pas d\u00e9courag\u00e9 et a cherch\u00e9 l&rsquo;\u00e9galisation avec insistance. La premi\u00e8re mi-temps s&rsquo;est termin\u00e9e avec une courte avance pour les visiteurs et un carton jaune pour S. Simek de Pardubice.<\/p>\n<p>En deuxi\u00e8me mi-temps, Pardubice est revenu avec une \u00e9nergie renouvel\u00e9e et a \u00e9t\u00e9 r\u00e9compens\u00e9 de ses efforts \u00e0 la 58e minute avec un but de V. Patrak, sur une passe d\u00e9cisive de A. Tanko. L&rsquo;\u00e9galisation a insuffl\u00e9 de l&rsquo;\u00e9nergie \u00e0 l&rsquo;\u00e9quipe locale qui, malgr\u00e9 un carton jaune re\u00e7u par J. Reznicek, a continu\u00e9 \u00e0 presser. Finalement, \u00e0 la 82e minute, A. Tanko, sur une passe d\u00e9cisive de V. Sychra, a marqu\u00e9 le but de la victoire pour Pardubice, d\u00e9clenchant l&rsquo;euphorie dans les tribunes. Le match s&rsquo;est poursuivi avec intensit\u00e9, refl\u00e9t\u00e9e par une s\u00e9rie de cartons jaunes dans la derni\u00e8re ligne droite, dont un pour V. Patrak et un autre pour J. Serak.<\/p>\n<p>Le match s&rsquo;est termin\u00e9 sur un score qui refl\u00e8te la capacit\u00e9 de r\u00e9action de Pardubice et son efficacit\u00e9 offensive, malgr\u00e9 une possession de balle moindre. Les chiffres finaux montrent un \u00e9quilibre dans les tirs tent\u00e9s par les deux \u00e9quipes (13), bien que Pardubice ait fait preuve d&rsquo;une plus grande pr\u00e9cision avec 5 tirs cadr\u00e9s contre 4 pour Karvin\u00e1.<\/p>\n<p>Remplacements dans l&rsquo;quipe de pardubice: \u00c0 la 19e minute, G. Botos est entr\u00e9 et V. Sychra est sorti., \u00c0 la 46e minute, D. Teah est entr\u00e9 et F. Sancl est sorti., \u00c0 la 46e minute, F. Vecheta est entr\u00e9 et A. Tanko est sorti., \u00c0 la 73e minute, S. Simek est entr\u00e9 et M. Lexa est sorti., \u00c0 la 81e minute, R. Saarma est entr\u00e9 et M. Surzyn est sorti. <\/p>\n<p>Remplacements dans l&rsquo;quipe de karvin\u00e1: \u00c0 la 64e minute, A. Gning est entr\u00e9 et J. Fiala est sorti., \u00c0 la 64e minute, D. Samko est entr\u00e9 et L. Ezeh est sorti., \u00c0 la 83e minute, R. Storman est entr\u00e9 et J. Fleisman est sorti. <\/p>\n<p>Les \u00e9quipes se sont align\u00e9es comme suit:<\/p>\n<div class=\"lineups-container\">\n<style>\n                .lineups-container {\n                    display: flex;\n                    justify-content: space-around;\n                    flex-wrap: wrap;\n                }\n                .team-lineup {\n                    width: 49%;\n                    margin-bottom: 20px;\n                    border: 1px solid #ccc;\n                    padding: 5px;\n                }\n                .team-lineup h3 {\n                    text-align: center;\n                    margin-bottom: 10px;\n                }\n                .players-container {\n                    display: flex;\n                    justify-content: space-between;\n                }\n                .players-container div {\n                    width: 100%;\n                }\n                .player {\n                    display: flex;\n                    align-items: center;\n                    margin-bottom: 5px;\n                }\n                .player img {\n                    width: 30px;\n                    height: 30px;\n                    border-radius: 50%;\n                    margin-right: 10px;\n                }\n                    @media (max-width: 600px) {\n                    .team-lineup {\n                        width: 100%;\n                    }\n                }\n                <\/style>\n<div class=\"team-lineup\">\n<h3>Pardubice<\/h3>\n<p><img decoding=\"async\" src=\"https:\/\/media.api-sports.io\/football\/teams\/3724.png\" alt=\"Pardubice\" style=\"width: 50px; height: 50px;\"><\/p>\n<div class=\"players-container\">\n<div>\n<h4>Titulares:<\/h4>\n<div class=\"player\"><a href=\"https:\/\/soccer.aidatasports.com\/fr\/players\/J\u00e1chym-\u0160er\u00e1k-314020\"><img decoding=\"async\" src=\"https:\/\/soccer.aidatasports.com\/images\/players\/314020.png\" alt=\"J\u00e1chym \u0160er\u00e1k\" onerror=\"this.onerror=null;this.src='https:\/\/soccer.aidatasports.com\/images\/players\/default-player.png';\"><span>J\u00e1chym \u0160er\u00e1k<\/span><\/a><\/div>\n<div class=\"player\"><a href=\"https:\/\/soccer.aidatasports.com\/fr\/players\/Robi-Saarma-208780\"><img decoding=\"async\" src=\"https:\/\/soccer.aidatasports.com\/images\/players\/208780.png\" alt=\"Robi Saarma\" onerror=\"this.onerror=null;this.src='https:\/\/soccer.aidatasports.com\/images\/players\/default-player.png';\"><span>Robi Saarma<\/span><\/a><\/div>\n<div class=\"player\"><a href=\"https:\/\/soccer.aidatasports.com\/fr\/players\/Simon-Bammens-106394\"><img decoding=\"async\" src=\"https:\/\/soccer.aidatasports.com\/images\/players\/106394.png\" alt=\"Simon Bammens\" onerror=\"this.onerror=null;this.src='https:\/\/soccer.aidatasports.com\/images\/players\/default-player.png';\"><span>Simon Bammens<\/span><\/a><\/div>\n<div class=\"player\"><a href=\"https:\/\/soccer.aidatasports.com\/fr\/players\/Louis-Lurvink-267987\"><img decoding=\"async\" src=\"https:\/\/soccer.aidatasports.com\/images\/players\/267987.png\" alt=\"Louis Lurvink\" onerror=\"this.onerror=null;this.src='https:\/\/soccer.aidatasports.com\/images\/players\/default-player.png';\"><span>Louis Lurvink<\/span><\/a><\/div>\n<div class=\"player\"><a href=\"https:\/\/soccer.aidatasports.com\/fr\/players\/Ryan-Mahuta-301734\"><img decoding=\"async\" src=\"https:\/\/soccer.aidatasports.com\/images\/players\/301734.png\" alt=\"Ryan Mahuta\" onerror=\"this.onerror=null;this.src='https:\/\/soccer.aidatasports.com\/images\/players\/default-player.png';\"><span>Ryan Mahuta<\/span><\/a><\/div>\n<div class=\"player\"><a href=\"https:\/\/soccer.aidatasports.com\/fr\/players\/Jan-\u0158ezn\u00ed\u010dek-66120\"><img decoding=\"async\" src=\"https:\/\/soccer.aidatasports.com\/images\/players\/66120.png\" alt=\"Jan \u0158ezn\u00ed\u010dek\" onerror=\"this.onerror=null;this.src='https:\/\/soccer.aidatasports.com\/images\/players\/default-player.png';\"><span>Jan \u0158ezn\u00ed\u010dek<\/span><\/a><\/div>\n<div class=\"player\"><a href=\"https:\/\/soccer.aidatasports.com\/fr\/players\/Ioannis-Foivos-Botos-600\"><img decoding=\"async\" src=\"https:\/\/soccer.aidatasports.com\/images\/players\/600.png\" alt=\"Ioannis Foivos Botos\" onerror=\"this.onerror=null;this.src='https:\/\/soccer.aidatasports.com\/images\/players\/default-player.png';\"><span>Ioannis Foivos Botos<\/span><\/a><\/div>\n<div class=\"player\"><a href=\"https:\/\/soccer.aidatasports.com\/fr\/players\/Divine-Teah-339346\"><img decoding=\"async\" src=\"https:\/\/soccer.aidatasports.com\/images\/players\/339346.png\" alt=\"Divine Teah\" onerror=\"this.onerror=null;this.src='https:\/\/soccer.aidatasports.com\/images\/players\/default-player.png';\"><span>Divine Teah<\/span><\/a><\/div>\n<div class=\"player\"><a href=\"https:\/\/soccer.aidatasports.com\/fr\/players\/Samuel-\u0160imek-271978\"><img decoding=\"async\" src=\"https:\/\/soccer.aidatasports.com\/images\/players\/271978.png\" alt=\"Samuel \u0160imek\" onerror=\"this.onerror=null;this.src='https:\/\/soccer.aidatasports.com\/images\/players\/default-player.png';\"><span>Samuel \u0160imek<\/span><\/a><\/div>\n<div class=\"player\"><a href=\"https:\/\/soccer.aidatasports.com\/fr\/players\/Vojtech-Patrak-163510\"><img decoding=\"async\" src=\"https:\/\/soccer.aidatasports.com\/images\/players\/163510.png\" alt=\"Vojtech Patrak\" onerror=\"this.onerror=null;this.src='https:\/\/soccer.aidatasports.com\/images\/players\/default-player.png';\"><span>Vojtech Patrak<\/span><\/a><\/div>\n<div class=\"player\"><a href=\"https:\/\/soccer.aidatasports.com\/fr\/players\/Filip-Vecheta-72075\"><img decoding=\"async\" src=\"https:\/\/soccer.aidatasports.com\/images\/players\/72075.png\" alt=\"Filip Vecheta\" onerror=\"this.onerror=null;this.src='https:\/\/soccer.aidatasports.com\/images\/players\/default-player.png';\"><span>Filip Vecheta<\/span><\/a><\/div>\n<\/div>\n<div>\n<h4>Suplentes:<\/h4>\n<div class=\"player\"><a href=\"https:\/\/soccer.aidatasports.com\/fr\/players\/Vojt\u011bch-Sychra-271793\"><img decoding=\"async\" src=\"https:\/\/soccer.aidatasports.com\/images\/players\/271793.png\" alt=\"Vojt\u011bch Sychra\" onerror=\"this.onerror=null;this.src='https:\/\/soccer.aidatasports.com\/images\/players\/default-player.png';\"><span>Vojt\u011bch Sychra<\/span><\/a><\/div>\n<div class=\"player\"><a href=\"https:\/\/soccer.aidatasports.com\/fr\/players\/Filip-\u0160ancl-409945\"><img decoding=\"async\" src=\"https:\/\/soccer.aidatasports.com\/images\/players\/409945.png\" alt=\"Filip \u0160ancl\" onerror=\"this.onerror=null;this.src='https:\/\/soccer.aidatasports.com\/images\/players\/default-player.png';\"><span>Filip \u0160ancl<\/span><\/a><\/div>\n<div class=\"player\"><a href=\"https:\/\/soccer.aidatasports.com\/fr\/players\/Abdullahi-Tanko-127357\"><img decoding=\"async\" src=\"https:\/\/soccer.aidatasports.com\/images\/players\/127357.png\" alt=\"Abdullahi Tanko\" onerror=\"this.onerror=null;this.src='https:\/\/soccer.aidatasports.com\/images\/players\/default-player.png';\"><span>Abdullahi Tanko<\/span><\/a><\/div>\n<div class=\"player\"><a href=\"https:\/\/soccer.aidatasports.com\/fr\/players\/Luka-Kharatishvili-207171\"><img decoding=\"async\" src=\"https:\/\/soccer.aidatasports.com\/images\/players\/207171.png\" alt=\"Luka Kharatishvili\" onerror=\"this.onerror=null;this.src='https:\/\/soccer.aidatasports.com\/images\/players\/default-player.png';\"><span>Luka Kharatishvili<\/span><\/a><\/div>\n<div class=\"player\"><a href=\"https:\/\/soccer.aidatasports.com\/fr\/players\/Jason-Noslin-279098\"><img decoding=\"async\" src=\"https:\/\/soccer.aidatasports.com\/images\/players\/279098.png\" alt=\"Jason Noslin\" onerror=\"this.onerror=null;this.src='https:\/\/soccer.aidatasports.com\/images\/players\/default-player.png';\"><span>Jason Noslin<\/span><\/a><\/div>\n<div class=\"player\"><a href=\"https:\/\/soccer.aidatasports.com\/fr\/players\/Michal-Surzyn-66525\"><img decoding=\"async\" src=\"https:\/\/soccer.aidatasports.com\/images\/players\/66525.png\" alt=\"Michal Surzyn\" onerror=\"this.onerror=null;this.src='https:\/\/soccer.aidatasports.com\/images\/players\/default-player.png';\"><span>Michal Surzyn<\/span><\/a><\/div>\n<div class=\"player\"><a href=\"https:\/\/soccer.aidatasports.com\/fr\/players\/Jan-Tredl-363313\"><img decoding=\"async\" src=\"https:\/\/soccer.aidatasports.com\/images\/players\/363313.png\" alt=\"Jan Tredl\" onerror=\"this.onerror=null;this.src='https:\/\/soccer.aidatasports.com\/images\/players\/default-player.png';\"><span>Jan Tredl<\/span><\/a><\/div>\n<div class=\"player\"><a href=\"https:\/\/soccer.aidatasports.com\/fr\/players\/Milan-Lexa-405735\"><img decoding=\"async\" src=\"https:\/\/soccer.aidatasports.com\/images\/players\/405735.png\" alt=\"Milan Lexa\" onerror=\"this.onerror=null;this.src='https:\/\/soccer.aidatasports.com\/images\/players\/default-player.png';\"><span>Milan Lexa<\/span><\/a><\/div>\n<div class=\"player\"><a href=\"https:\/\/soccer.aidatasports.com\/fr\/players\/Stepan-Misek-424638\"><img decoding=\"async\" src=\"https:\/\/soccer.aidatasports.com\/images\/players\/424638.png\" alt=\"Stepan Misek\" onerror=\"this.onerror=null;this.src='https:\/\/soccer.aidatasports.com\/images\/players\/default-player.png';\"><span>Stepan Misek<\/span><\/a><\/div>\n<div class=\"player\"><a href=\"https:\/\/soccer.aidatasports.com\/fr\/players\/Tom\u00e1\u0161-Solil-66511\"><img decoding=\"async\" src=\"https:\/\/soccer.aidatasports.com\/images\/players\/66511.png\" alt=\"Tom\u00e1\u0161 Solil\" onerror=\"this.onerror=null;this.src='https:\/\/soccer.aidatasports.com\/images\/players\/default-player.png';\"><span>Tom\u00e1\u0161 Solil<\/span><\/a><\/div>\n<div class=\"player\"><a href=\"https:\/\/soccer.aidatasports.com\/fr\/players\/Daniel-Sm\u00e9kal-330340\"><img decoding=\"async\" src=\"https:\/\/soccer.aidatasports.com\/images\/players\/330340.png\" alt=\"Daniel Sm\u00e9kal\" onerror=\"this.onerror=null;this.src='https:\/\/soccer.aidatasports.com\/images\/players\/default-player.png';\"><span>Daniel Sm\u00e9kal<\/span><\/a><\/div>\n<\/div>\n<\/div>\n<\/div>\n<div class=\"team-lineup\">\n<h3>Karvin\u00e1<\/h3>\n<p><img decoding=\"async\" src=\"https:\/\/media.api-sports.io\/football\/teams\/3716.png\" alt=\"Karvin\u00e1\" style=\"width: 50px; height: 50px;\"><\/p>\n<div class=\"players-container\">\n<div>\n<h4>Titulares:<\/h4>\n<div class=\"player\"><a href=\"https:\/\/soccer.aidatasports.com\/fr\/players\/Jakub-Lapes-389769\"><img decoding=\"async\" src=\"https:\/\/soccer.aidatasports.com\/images\/players\/389769.png\" alt=\"Jakub Lapes\" onerror=\"this.onerror=null;this.src='https:\/\/soccer.aidatasports.com\/images\/players\/default-player.png';\"><span>Jakub Lapes<\/span><\/a><\/div>\n<div class=\"player\"><a href=\"https:\/\/soccer.aidatasports.com\/fr\/players\/Aboubacar-Traore-419029\"><img decoding=\"async\" src=\"https:\/\/soccer.aidatasports.com\/images\/players\/419029.png\" alt=\"Aboubacar Traore\" onerror=\"this.onerror=null;this.src='https:\/\/soccer.aidatasports.com\/images\/players\/default-player.png';\"><span>Aboubacar Traore<\/span><\/a><\/div>\n<div class=\"player\"><a href=\"https:\/\/soccer.aidatasports.com\/fr\/players\/Sahmkou-Camara-338205\"><img decoding=\"async\" src=\"https:\/\/soccer.aidatasports.com\/images\/players\/338205.png\" alt=\"Sahmkou Camara\" onerror=\"this.onerror=null;this.src='https:\/\/soccer.aidatasports.com\/images\/players\/default-player.png';\"><span>Sahmkou Camara<\/span><\/a><\/div>\n<div class=\"player\"><a href=\"https:\/\/soccer.aidatasports.com\/fr\/players\/D\u00e1vid-Kr\u010d\u00edk-204854\"><img decoding=\"async\" src=\"https:\/\/soccer.aidatasports.com\/images\/players\/204854.png\" alt=\"D\u00e1vid Kr\u010d\u00edk\" onerror=\"this.onerror=null;this.src='https:\/\/soccer.aidatasports.com\/images\/players\/default-player.png';\"><span>D\u00e1vid Kr\u010d\u00edk<\/span><\/a><\/div>\n<div class=\"player\"><a href=\"https:\/\/soccer.aidatasports.com\/fr\/players\/Rok-\u0160torman-335387\"><img decoding=\"async\" src=\"https:\/\/soccer.aidatasports.com\/images\/players\/335387.png\" alt=\"Rok \u0160torman\" onerror=\"this.onerror=null;this.src='https:\/\/soccer.aidatasports.com\/images\/players\/default-player.png';\"><span>Rok \u0160torman<\/span><\/a><\/div>\n<div class=\"player\"><a href=\"https:\/\/soccer.aidatasports.com\/fr\/players\/Jakub-Kristan-161868\"><img decoding=\"async\" src=\"https:\/\/soccer.aidatasports.com\/images\/players\/161868.png\" alt=\"Jakub Kristan\" onerror=\"this.onerror=null;this.src='https:\/\/soccer.aidatasports.com\/images\/players\/default-player.png';\"><span>Jakub Kristan<\/span><\/a><\/div>\n<div class=\"player\"><a href=\"https:\/\/soccer.aidatasports.com\/fr\/players\/Emmanuel-Ayaosi-365840\"><img decoding=\"async\" src=\"https:\/\/soccer.aidatasports.com\/images\/players\/365840.png\" alt=\"Emmanuel Ayaosi\" onerror=\"this.onerror=null;this.src='https:\/\/soccer.aidatasports.com\/images\/players\/default-player.png';\"><span>Emmanuel Ayaosi<\/span><\/a><\/div>\n<div class=\"player\"><a href=\"https:\/\/soccer.aidatasports.com\/fr\/players\/Denny-Samko-263206\"><img decoding=\"async\" src=\"https:\/\/soccer.aidatasports.com\/images\/players\/263206.png\" alt=\"Denny Samko\" onerror=\"this.onerror=null;this.src='https:\/\/soccer.aidatasports.com\/images\/players\/default-player.png';\"><span>Denny Samko<\/span><\/a><\/div>\n<div class=\"player\"><a href=\"https:\/\/soccer.aidatasports.com\/fr\/players\/Albert-Lab\u00edk-376316\"><img decoding=\"async\" src=\"https:\/\/soccer.aidatasports.com\/images\/players\/376316.png\" alt=\"Albert Lab\u00edk\" onerror=\"this.onerror=null;this.src='https:\/\/soccer.aidatasports.com\/images\/players\/default-player.png';\"><span>Albert Lab\u00edk<\/span><\/a><\/div>\n<div class=\"player\"><a href=\"https:\/\/soccer.aidatasports.com\/fr\/players\/Ebrima-Singhateh-352525\"><img decoding=\"async\" src=\"https:\/\/soccer.aidatasports.com\/images\/players\/352525.png\" alt=\"Ebrima Singhateh\" onerror=\"this.onerror=null;this.src='https:\/\/soccer.aidatasports.com\/images\/players\/default-player.png';\"><span>Ebrima Singhateh<\/span><\/a><\/div>\n<div class=\"player\"><a href=\"https:\/\/soccer.aidatasports.com\/fr\/players\/Abdallah-Gning-357282\"><img decoding=\"async\" src=\"https:\/\/soccer.aidatasports.com\/images\/players\/357282.png\" alt=\"Abdallah Gning\" onerror=\"this.onerror=null;this.src='https:\/\/soccer.aidatasports.com\/images\/players\/default-player.png';\"><span>Abdallah Gning<\/span><\/a><\/div>\n<\/div>\n<div>\n<h4>Suplentes:<\/h4>\n<div class=\"player\"><a href=\"https:\/\/soccer.aidatasports.com\/fr\/players\/Jan-Fiala-314368\"><img decoding=\"async\" src=\"https:\/\/soccer.aidatasports.com\/images\/players\/314368.png\" alt=\"Jan Fiala\" onerror=\"this.onerror=null;this.src='https:\/\/soccer.aidatasports.com\/images\/players\/default-player.png';\"><span>Jan Fiala<\/span><\/a><\/div>\n<div class=\"player\"><a href=\"https:\/\/soccer.aidatasports.com\/fr\/players\/Lucky-Ezeh-392743\"><img decoding=\"async\" src=\"https:\/\/soccer.aidatasports.com\/images\/players\/392743.png\" alt=\"Lucky Ezeh\" onerror=\"this.onerror=null;this.src='https:\/\/soccer.aidatasports.com\/images\/players\/default-player.png';\"><span>Lucky Ezeh<\/span><\/a><\/div>\n<div class=\"player\"><a href=\"https:\/\/soccer.aidatasports.com\/fr\/players\/Ondrej-Mrozek-265683\"><img decoding=\"async\" src=\"https:\/\/soccer.aidatasports.com\/images\/players\/265683.png\" alt=\"Ondrej Mrozek\" onerror=\"this.onerror=null;this.src='https:\/\/soccer.aidatasports.com\/images\/players\/default-player.png';\"><span>Ondrej Mrozek<\/span><\/a><\/div>\n<div class=\"player\"><a href=\"https:\/\/soccer.aidatasports.com\/fr\/players\/Vladimir-Neuman-154879\"><img decoding=\"async\" src=\"https:\/\/soccer.aidatasports.com\/images\/players\/154879.png\" alt=\"Vladimir Neuman\" onerror=\"this.onerror=null;this.src='https:\/\/soccer.aidatasports.com\/images\/players\/default-player.png';\"><span>Vladimir Neuman<\/span><\/a><\/div>\n<div class=\"player\"><a href=\"https:\/\/soccer.aidatasports.com\/fr\/players\/Ji\u0159i-Flei\u0161man-66060\"><img decoding=\"async\" src=\"https:\/\/soccer.aidatasports.com\/images\/players\/66060.png\" alt=\"Ji\u0159i Flei\u0161man\" onerror=\"this.onerror=null;this.src='https:\/\/soccer.aidatasports.com\/images\/players\/default-player.png';\"><span>Ji\u0159i Flei\u0161man<\/span><\/a><\/div>\n<div class=\"player\"><a href=\"https:\/\/soccer.aidatasports.com\/fr\/players\/Jan-Chytry-426135\"><img decoding=\"async\" src=\"https:\/\/soccer.aidatasports.com\/images\/players\/426135.png\" alt=\"Jan Chytry\" onerror=\"this.onerror=null;this.src='https:\/\/soccer.aidatasports.com\/images\/players\/default-player.png';\"><span>Jan Chytry<\/span><\/a><\/div>\n<div class=\"player\"><a href=\"https:\/\/soccer.aidatasports.com\/fr\/players\/Ousmane-Conde-439726\"><img decoding=\"async\" src=\"https:\/\/soccer.aidatasports.com\/images\/players\/439726.png\" alt=\"Ousmane Conde\" onerror=\"this.onerror=null;this.src='https:\/\/soccer.aidatasports.com\/images\/players\/default-player.png';\"><span>Ousmane Conde<\/span><\/a><\/div>\n<div class=\"player\"><a href=\"https:\/\/soccer.aidatasports.com\/fr\/players\/V\u00edt-Valosek-543973\"><img decoding=\"async\" src=\"https:\/\/soccer.aidatasports.com\/images\/players\/543973.png\" alt=\"V\u00edt Valosek\" onerror=\"this.onerror=null;this.src='https:\/\/soccer.aidatasports.com\/images\/players\/default-player.png';\"><span>V\u00edt Valosek<\/span><\/a><\/div>\n<div class=\"player\"><a href=\"https:\/\/soccer.aidatasports.com\/fr\/players\/Pavel-Ka\u010dor-450921\"><img decoding=\"async\" src=\"https:\/\/soccer.aidatasports.com\/images\/players\/450921.png\" alt=\"Pavel Ka\u010dor\" onerror=\"this.onerror=null;this.src='https:\/\/soccer.aidatasports.com\/images\/players\/default-player.png';\"><span>Pavel Ka\u010dor<\/span><\/a><\/div>\n<\/div>\n<\/div>\n<\/div>\n<\/div>\n<div id=\"wg-api-football-game\"\n                    data-host=\"xxxxx\"\n                    data-key=\"xxxx\"\n                    data-id=\"1384732\"\n                    data-theme=\"\"\n                    data-refresh=\"15\"\n                    data-show-errors=\"false\"\n                    data-show-logos=\"true\"><br \/>\n                    class=\u00a0\u00bbwg_loader\u00a0\u00bb>\n                <\/div>\n<div id=\"wg-api-football-standings\"\n                    data-host=\"xxxx\"\n                    data-key=\"ddddd\"\n                    data-league=\"345\"\n                    data-team=\"\"\n                    data-season=\"2025\"\n                    data-theme=\"\"\n                    data-show-errors=\"false\"\n                    data-show-logos=\"true\"\n                    class=\"wg_loader\">\n                <\/div>\n<p>                <script\n                    type=\"module\"\n                    src=\"https:\/\/soccer.aidatasports.com\/wp-content\/customjs\/widgetslocal.js\">\n                <\/script><\/p>\n","protected":false},"excerpt":{"rendered":"<p>Fran\u00e7ais: Remont\u00e9e palpitante de Pardubice \u00e0 domicile contre Karvin\u00e1 Pardubice, R\u00e9publique Tch\u00e8que \u2013 Dans un&hellip;<\/p>\n","protected":false},"author":1,"featured_media":108798,"comment_status":"open","ping_status":"open","sticky":false,"template":"","format":"standard","meta":{"content-type":"","pmpro_default_level":"","_lmt_disableupdate":"","_lmt_disable":"","_league":15837,"_fixture":1384732,"penci_pfeatured_image_ratio":"","penci_single_style":"","footnotes":""},"categories":[15837],"tags":[2993,3001],"class_list":["post-108799","post","type-post","status-publish","format-standard","has-post-thumbnail","hentry","category-matches","tag-karvina-czech-republic-3716","tag-pardubice-czech-republic-3724","pmpro-has-access"],"_links":{"self":[{"href":"https:\/\/soccer.aidatasports.com\/fr\/wp-json\/wp\/v2\/posts\/108799"}],"collection":[{"href":"https:\/\/soccer.aidatasports.com\/fr\/wp-json\/wp\/v2\/posts"}],"about":[{"href":"https:\/\/soccer.aidatasports.com\/fr\/wp-json\/wp\/v2\/types\/post"}],"author":[{"embeddable":true,"href":"https:\/\/soccer.aidatasports.com\/fr\/wp-json\/wp\/v2\/users\/1"}],"replies":[{"embeddable":true,"href":"https:\/\/soccer.aidatasports.com\/fr\/wp-json\/wp\/v2\/comments?post=108799"}],"version-history":[{"count":0,"href":"https:\/\/soccer.aidatasports.com\/fr\/wp-json\/wp\/v2\/posts\/108799\/revisions"}],"wp:featuredmedia":[{"embeddable":true,"href":"https:\/\/soccer.aidatasports.com\/fr\/wp-json\/wp\/v2\/media\/108798"}],"wp:attachment":[{"href":"https:\/\/soccer.aidatasports.com\/fr\/wp-json\/wp\/v2\/media?parent=108799"}],"wp:term":[{"taxonomy":"category","embeddable":true,"href":"https:\/\/soccer.aidatasports.com\/fr\/wp-json\/wp\/v2\/categories?post=108799"},{"taxonomy":"post_tag","embeddable":true,"href":"https:\/\/soccer.aidatasports.com\/fr\/wp-json\/wp\/v2\/tags?post=108799"}],"curies":[{"name":"wp","href":"https:\/\/api.w.org\/{rel}","templated":true}]}}