{"id":107315,"date":"2025-09-28T03:11:34","date_gmt":"2025-09-28T03:11:34","guid":{"rendered":"https:\/\/soccer.aidatasports.com\/fr\/uncategorized\/toluca-vs-mazatlan-sep-28-2025-0100-utc\/"},"modified":"2025-09-28T03:11:34","modified_gmt":"2025-09-28T03:11:34","slug":"toluca-vs-mazatlan-sep-28-2025-0100-utc","status":"publish","type":"post","link":"https:\/\/soccer.aidatasports.com\/fr\/matches\/toluca-vs-mazatlan-sep-28-2025-0100-utc\/","title":{"rendered":"Toluca vs Mazatl\u00e1n Sep 28 2025 01:00 UTC"},"content":{"rendered":"<p><strong>Fran\u00e7ais:<\/strong><\/p>\n<p><strong>Toluca surmonte Mazatl\u00e1n dans un match charg\u00e9 d&rsquo;\u00e9motion<\/strong><\/p>\n<p>Toluca, Mexique \u2013 Lors d&rsquo;un match disput\u00e9 \u00e0 l&rsquo;Estadio Nemesio D\u00edez, Toluca a battu Mazatl\u00e1n sur le score de 3 \u00e0 1 lors d&rsquo;un match comptant pour la 11e journ\u00e9e de l&rsquo;Apertura de la Liga MX. Le match, arbitr\u00e9 par Abraham de Jesus Quirarte Contreras, a \u00e9t\u00e9 caract\u00e9ris\u00e9 par une forte intensit\u00e9 et plusieurs incidents disciplinaires.<\/p>\n<p>Toluca a domin\u00e9 la possession avec 56 % et a g\u00e9n\u00e9r\u00e9 un plus grand nombre d&rsquo;occasions de marquer, ce qui se refl\u00e8te dans ses 15 tirs au total, dont 6 cadr\u00e9s. H\u00e9ctor Herrera a ouvert le score \u00e0 la 25e minute gr\u00e2ce \u00e0 une passe d\u00e9cisive de Ra\u00fal Morales, d\u00e9montrant ainsi la sup\u00e9riorit\u00e9 initiale de l&rsquo;\u00e9quipe locale. Bruno Mendez a creus\u00e9 l&rsquo;\u00e9cart \u00e0 la 49e minute, gr\u00e2ce \u00e0 une passe d\u00e9cisive d&rsquo;Alexis Brise\u00f1o. Cependant, l&rsquo;expulsion de Herrera juste avant la mi-temps a ajout\u00e9 un \u00e9l\u00e9ment de tension au match.<\/p>\n<p>Malgr\u00e9 le fait de jouer \u00e0 dix, Toluca a gard\u00e9 le contr\u00f4le du match jusqu&rsquo;\u00e0 la fin. Paulinho a scell\u00e9 la victoire gr\u00e2ce \u00e0 un penalty \u00e0 la 89e minute. Mazatl\u00e1n, pour sa part, a tent\u00e9 de r\u00e9agir, en marquant un but par N. Benedetti \u00e0 la 90e minute, mais il \u00e9tait trop tard pour changer le cours du match. L&rsquo;\u00e9quipe visiteuse, avec 44 % de possession et 10 tirs, n&rsquo;a r\u00e9ussi \u00e0 inqui\u00e9ter le but adverse qu&rsquo;\u00e0 quelques reprises. Le match a \u00e9galement \u00e9t\u00e9 marqu\u00e9 par des cartons, avec deux cartons jaunes pour Mazatl\u00e1n et un carton jaune et un carton rouge pour Toluca.<br \/>\nLe match a \u00e9t\u00e9 jou\u00e9 le 28 septembre 2025.<\/p>\n<p>Remplacements dans l&rsquo;quipe de mazatl\u00e1n: \u00c0 la 46e minute, M. Zaleta est entr\u00e9 et M. Lainez est sorti., \u00c0 la 58e minute, Y. Barcenas est entr\u00e9 et D. Hernandez est sorti., \u00c0 la 58e minute, L. Merolla est entr\u00e9 et A. Leyva est sorti., \u00c0 la 74e minute, J. Esquivel est entr\u00e9 et Dudu est sorti., \u00c0 la 74e minute, B. Colula est entr\u00e9 et R. Meraz est sorti. <\/p>\n<p>Remplacements dans l&rsquo;quipe de toluca: \u00c0 la 63e minute, N. Castro est entr\u00e9 et D. Barbosa est sorti., \u00c0 la 63e minute, J. Angulo est entr\u00e9 et M. Ruiz est sorti., \u00c0 la 75e minute, F. Arce est entr\u00e9 et F. Romero est sorti., \u00c0 la 75e minute, R. Morales est entr\u00e9 et Paulinho est sorti., \u00c0 la 84e minute, A. Vega est entr\u00e9 et F. Pereira est sorti. <\/p>\n<p>Les \u00e9quipes se sont align\u00e9es comme suit:<\/p>\n<div class=\"lineups-container\">\n<style>\n                .lineups-container {\n                    display: flex;\n                    justify-content: space-around;\n                    flex-wrap: wrap;\n                }\n                .team-lineup {\n                    width: 49%;\n                    margin-bottom: 20px;\n                    border: 1px solid #ccc;\n                    padding: 5px;\n                }\n                .team-lineup h3 {\n                    text-align: center;\n                    margin-bottom: 10px;\n                }\n                .players-container {\n                    display: flex;\n                    justify-content: space-between;\n                }\n                .players-container div {\n                    width: 100%;\n                }\n                .player {\n                    display: flex;\n                    align-items: center;\n                    margin-bottom: 5px;\n                }\n                .player img {\n                    width: 30px;\n                    height: 30px;\n                    border-radius: 50%;\n                    margin-right: 10px;\n                }\n                    @media (max-width: 600px) {\n                    .team-lineup {\n                        width: 100%;\n                    }\n                }\n                <\/style>\n<div class=\"team-lineup\">\n<h3>Toluca<\/h3>\n<p><img decoding=\"async\" src=\"https:\/\/media.api-sports.io\/football\/teams\/2281.png\" alt=\"Toluca\" style=\"width: 50px; height: 50px;\"><\/p>\n<div class=\"players-container\">\n<div>\n<h4>Titulares:<\/h4>\n<div class=\"player\"><a href=\"https:\/\/soccer.aidatasports.com\/fr\/players\/Hugo-Gonzalez-2867\"><img decoding=\"async\" src=\"https:\/\/soccer.aidatasports.com\/images\/players\/2867.png\" alt=\"Hugo Gonzalez\" onerror=\"this.onerror=null;this.src='https:\/\/soccer.aidatasports.com\/images\/players\/default-player.png';\"><span>Hugo Gonzalez<\/span><\/a><\/div>\n<div class=\"player\"><a href=\"https:\/\/soccer.aidatasports.com\/fr\/players\/Santiago-Sim\u00f3n-237143\"><img decoding=\"async\" src=\"https:\/\/soccer.aidatasports.com\/images\/players\/237143.png\" alt=\"Santiago Sim\u00f3n\" onerror=\"this.onerror=null;this.src='https:\/\/soccer.aidatasports.com\/images\/players\/default-player.png';\"><span>Santiago Sim\u00f3n<\/span><\/a><\/div>\n<div class=\"player\"><a href=\"https:\/\/soccer.aidatasports.com\/fr\/players\/Antonio-Brise\u00f1o-41489\"><img decoding=\"async\" src=\"https:\/\/soccer.aidatasports.com\/images\/players\/41489.png\" alt=\"Antonio Brise\u00f1o\" onerror=\"this.onerror=null;this.src='https:\/\/soccer.aidatasports.com\/images\/players\/default-player.png';\"><span>Antonio Brise\u00f1o<\/span><\/a><\/div>\n<div class=\"player\"><a href=\"https:\/\/soccer.aidatasports.com\/fr\/players\/Bruno-M\u00e9ndez-10233\"><img decoding=\"async\" src=\"https:\/\/soccer.aidatasports.com\/images\/players\/10233.png\" alt=\"Bruno M\u00e9ndez\" onerror=\"this.onerror=null;this.src='https:\/\/soccer.aidatasports.com\/images\/players\/default-player.png';\"><span>Bruno M\u00e9ndez<\/span><\/a><\/div>\n<div class=\"player\"><a href=\"https:\/\/soccer.aidatasports.com\/fr\/players\/Mauricio-Andre-Isais-196460\"><img decoding=\"async\" src=\"https:\/\/soccer.aidatasports.com\/images\/players\/196460.png\" alt=\"Mauricio Andre Isais\" onerror=\"this.onerror=null;this.src='https:\/\/soccer.aidatasports.com\/images\/players\/default-player.png';\"><span>Mauricio Andre Isais<\/span><\/a><\/div>\n<div class=\"player\"><a href=\"https:\/\/soccer.aidatasports.com\/fr\/players\/Fernando-Arce-Ju\u00e1rez-36169\"><img decoding=\"async\" src=\"https:\/\/soccer.aidatasports.com\/images\/players\/36169.png\" alt=\"Fernando Arce Ju\u00e1rez\" onerror=\"this.onerror=null;this.src='https:\/\/soccer.aidatasports.com\/images\/players\/default-player.png';\"><span>Fernando Arce Ju\u00e1rez<\/span><\/a><\/div>\n<div class=\"player\"><a href=\"https:\/\/soccer.aidatasports.com\/fr\/players\/H\u00e9ctor-Herrera-382\"><img decoding=\"async\" src=\"https:\/\/soccer.aidatasports.com\/images\/players\/382.png\" alt=\"H\u00e9ctor Herrera\" onerror=\"this.onerror=null;this.src='https:\/\/soccer.aidatasports.com\/images\/players\/default-player.png';\"><span>H\u00e9ctor Herrera<\/span><\/a><\/div>\n<div class=\"player\"><a href=\"https:\/\/soccer.aidatasports.com\/fr\/players\/Jes\u00fas-Ricardo-Angulo-35687\"><img decoding=\"async\" src=\"https:\/\/soccer.aidatasports.com\/images\/players\/35687.png\" alt=\"Jes\u00fas Ricardo Angulo\" onerror=\"this.onerror=null;this.src='https:\/\/soccer.aidatasports.com\/images\/players\/default-player.png';\"><span>Jes\u00fas Ricardo Angulo<\/span><\/a><\/div>\n<div class=\"player\"><a href=\"https:\/\/soccer.aidatasports.com\/fr\/players\/Nicol\u00e1s-Castro-153372\"><img decoding=\"async\" src=\"https:\/\/soccer.aidatasports.com\/images\/players\/153372.png\" alt=\"Nicol\u00e1s Castro\" onerror=\"this.onerror=null;this.src='https:\/\/soccer.aidatasports.com\/images\/players\/default-player.png';\"><span>Nicol\u00e1s Castro<\/span><\/a><\/div>\n<div class=\"player\"><a href=\"https:\/\/soccer.aidatasports.com\/fr\/players\/Alexis-Vega-2889\"><img decoding=\"async\" src=\"https:\/\/soccer.aidatasports.com\/images\/players\/2889.png\" alt=\"Alexis Vega\" onerror=\"this.onerror=null;this.src='https:\/\/soccer.aidatasports.com\/images\/players\/default-player.png';\"><span>Alexis Vega<\/span><\/a><\/div>\n<div class=\"player\"><a href=\"https:\/\/soccer.aidatasports.com\/fr\/players\/Robert-Morales-95446\"><img decoding=\"async\" src=\"https:\/\/soccer.aidatasports.com\/images\/players\/95446.png\" alt=\"Robert Morales\" onerror=\"this.onerror=null;this.src='https:\/\/soccer.aidatasports.com\/images\/players\/default-player.png';\"><span>Robert Morales<\/span><\/a><\/div>\n<\/div>\n<div>\n<h4>Suplentes:<\/h4>\n<div class=\"player\"><a href=\"https:\/\/soccer.aidatasports.com\/fr\/players\/Diego-Barbosa-36160\"><img decoding=\"async\" src=\"https:\/\/soccer.aidatasports.com\/images\/players\/36160.png\" alt=\"Diego Barbosa\" onerror=\"this.onerror=null;this.src='https:\/\/soccer.aidatasports.com\/images\/players\/default-player.png';\"><span>Diego Barbosa<\/span><\/a><\/div>\n<div class=\"player\"><a href=\"https:\/\/soccer.aidatasports.com\/fr\/players\/Marcel-Ru\u00edz-35981\"><img decoding=\"async\" src=\"https:\/\/soccer.aidatasports.com\/images\/players\/35981.png\" alt=\"Marcel Ru\u00edz\" onerror=\"this.onerror=null;this.src='https:\/\/soccer.aidatasports.com\/images\/players\/default-player.png';\"><span>Marcel Ru\u00edz<\/span><\/a><\/div>\n<div class=\"player\"><a href=\"https:\/\/soccer.aidatasports.com\/fr\/players\/Luis-Garc\u00eda-35702\"><img decoding=\"async\" src=\"https:\/\/soccer.aidatasports.com\/images\/players\/35702.png\" alt=\"Luis Garc\u00eda\" onerror=\"this.onerror=null;this.src='https:\/\/soccer.aidatasports.com\/images\/players\/default-player.png';\"><span>Luis Garc\u00eda<\/span><\/a><\/div>\n<div class=\"player\"><a href=\"https:\/\/soccer.aidatasports.com\/fr\/players\/Federico-Pereira-67884\"><img decoding=\"async\" src=\"https:\/\/soccer.aidatasports.com\/images\/players\/67884.png\" alt=\"Federico Pereira\" onerror=\"this.onerror=null;this.src='https:\/\/soccer.aidatasports.com\/images\/players\/default-player.png';\"><span>Federico Pereira<\/span><\/a><\/div>\n<div class=\"player\"><a href=\"https:\/\/soccer.aidatasports.com\/fr\/players\/Franco-Romero-289482\"><img decoding=\"async\" src=\"https:\/\/soccer.aidatasports.com\/images\/players\/289482.png\" alt=\"Franco Romero\" onerror=\"this.onerror=null;this.src='https:\/\/soccer.aidatasports.com\/images\/players\/default-player.png';\"><span>Franco Romero<\/span><\/a><\/div>\n<div class=\"player\"><a href=\"https:\/\/soccer.aidatasports.com\/fr\/players\/Victor-Arteaga-409886\"><img decoding=\"async\" src=\"https:\/\/soccer.aidatasports.com\/images\/players\/409886.png\" alt=\"Victor Arteaga\" onerror=\"this.onerror=null;this.src='https:\/\/soccer.aidatasports.com\/images\/players\/default-player.png';\"><span>Victor Arteaga<\/span><\/a><\/div>\n<div class=\"player\"><a href=\"https:\/\/soccer.aidatasports.com\/fr\/players\/Helinho-9965\"><img decoding=\"async\" src=\"https:\/\/soccer.aidatasports.com\/images\/players\/9965.png\" alt=\"Helinho\" onerror=\"this.onerror=null;this.src='https:\/\/soccer.aidatasports.com\/images\/players\/default-player.png';\"><span>Helinho<\/span><\/a><\/div>\n<div class=\"player\"><a href=\"https:\/\/soccer.aidatasports.com\/fr\/players\/Paulinho-41111\"><img decoding=\"async\" src=\"https:\/\/soccer.aidatasports.com\/images\/players\/41111.png\" alt=\"Paulinho\" onerror=\"this.onerror=null;this.src='https:\/\/soccer.aidatasports.com\/images\/players\/default-player.png';\"><span>Paulinho<\/span><\/a><\/div>\n<div class=\"player\"><a href=\"https:\/\/soccer.aidatasports.com\/fr\/players\/Jos\u00e9-Arroyo-407368\"><img decoding=\"async\" src=\"https:\/\/soccer.aidatasports.com\/images\/players\/407368.png\" alt=\"Jos\u00e9 Arroyo\" onerror=\"this.onerror=null;this.src='https:\/\/soccer.aidatasports.com\/images\/players\/default-player.png';\"><span>Jos\u00e9 Arroyo<\/span><\/a><\/div>\n<div class=\"player\"><a href=\"https:\/\/soccer.aidatasports.com\/fr\/players\/Jose-Estrada-526466\"><img decoding=\"async\" src=\"https:\/\/soccer.aidatasports.com\/images\/players\/526466.png\" alt=\"Jose Estrada\" onerror=\"this.onerror=null;this.src='https:\/\/soccer.aidatasports.com\/images\/players\/default-player.png';\"><span>Jose Estrada<\/span><\/a><\/div>\n<\/div>\n<\/div>\n<\/div>\n<div class=\"team-lineup\">\n<h3>Mazatl\u00e1n<\/h3>\n<p><img decoding=\"async\" src=\"https:\/\/media.api-sports.io\/football\/teams\/14002.png\" alt=\"Mazatl\u00e1n\" style=\"width: 50px; height: 50px;\"><\/p>\n<div class=\"players-container\">\n<div>\n<h4>Titulares:<\/h4>\n<div class=\"player\"><a href=\"https:\/\/soccer.aidatasports.com\/fr\/players\/Ricardo-Gutierrez-35929\"><img decoding=\"async\" src=\"https:\/\/soccer.aidatasports.com\/images\/players\/35929.png\" alt=\"Ricardo Gutierrez\" onerror=\"this.onerror=null;this.src='https:\/\/soccer.aidatasports.com\/images\/players\/default-player.png';\"><span>Ricardo Gutierrez<\/span><\/a><\/div>\n<div class=\"player\"><a href=\"https:\/\/soccer.aidatasports.com\/fr\/players\/Bryan-Colula-36195\"><img decoding=\"async\" src=\"https:\/\/soccer.aidatasports.com\/images\/players\/36195.png\" alt=\"Bryan Colula\" onerror=\"this.onerror=null;this.src='https:\/\/soccer.aidatasports.com\/images\/players\/default-player.png';\"><span>Bryan Colula<\/span><\/a><\/div>\n<div class=\"player\"><a href=\"https:\/\/soccer.aidatasports.com\/fr\/players\/Facundo-Almada-6494\"><img decoding=\"async\" src=\"https:\/\/soccer.aidatasports.com\/images\/players\/6494.png\" alt=\"Facundo Almada\" onerror=\"this.onerror=null;this.src='https:\/\/soccer.aidatasports.com\/images\/players\/default-player.png';\"><span>Facundo Almada<\/span><\/a><\/div>\n<div class=\"player\"><a href=\"https:\/\/soccer.aidatasports.com\/fr\/players\/Lucas-Merolla-6173\"><img decoding=\"async\" src=\"https:\/\/soccer.aidatasports.com\/images\/players\/6173.png\" alt=\"Lucas Merolla\" onerror=\"this.onerror=null;this.src='https:\/\/soccer.aidatasports.com\/images\/players\/default-player.png';\"><span>Lucas Merolla<\/span><\/a><\/div>\n<div class=\"player\"><a href=\"https:\/\/soccer.aidatasports.com\/fr\/players\/Ivan-Gonzalez-524491\"><img decoding=\"async\" src=\"https:\/\/soccer.aidatasports.com\/images\/players\/524491.png\" alt=\"Ivan Gonzalez\" onerror=\"this.onerror=null;this.src='https:\/\/soccer.aidatasports.com\/images\/players\/default-player.png';\"><span>Ivan Gonzalez<\/span><\/a><\/div>\n<div class=\"player\"><a href=\"https:\/\/soccer.aidatasports.com\/fr\/players\/Yoel-B\u00e1rcenas-46855\"><img decoding=\"async\" src=\"https:\/\/soccer.aidatasports.com\/images\/players\/46855.png\" alt=\"Yoel B\u00e1rcenas\" onerror=\"this.onerror=null;this.src='https:\/\/soccer.aidatasports.com\/images\/players\/default-player.png';\"><span>Yoel B\u00e1rcenas<\/span><\/a><\/div>\n<div class=\"player\"><a href=\"https:\/\/soccer.aidatasports.com\/fr\/players\/Jos\u00e9-Joaqu\u00edn-Esquivel-35800\"><img decoding=\"async\" src=\"https:\/\/soccer.aidatasports.com\/images\/players\/35800.png\" alt=\"Jos\u00e9 Joaqu\u00edn Esquivel\" onerror=\"this.onerror=null;this.src='https:\/\/soccer.aidatasports.com\/images\/players\/default-player.png';\"><span>Jos\u00e9 Joaqu\u00edn Esquivel<\/span><\/a><\/div>\n<div class=\"player\"><a href=\"https:\/\/soccer.aidatasports.com\/fr\/players\/Jordan-Sierra-35972\"><img decoding=\"async\" src=\"https:\/\/soccer.aidatasports.com\/images\/players\/35972.png\" alt=\"Jordan Sierra\" onerror=\"this.onerror=null;this.src='https:\/\/soccer.aidatasports.com\/images\/players\/default-player.png';\"><span>Jordan Sierra<\/span><\/a><\/div>\n<div class=\"player\"><a href=\"https:\/\/soccer.aidatasports.com\/fr\/players\/Mauro-Zaleta-350630\"><img decoding=\"async\" src=\"https:\/\/soccer.aidatasports.com\/images\/players\/350630.png\" alt=\"Mauro Zaleta\" onerror=\"this.onerror=null;this.src='https:\/\/soccer.aidatasports.com\/images\/players\/default-player.png';\"><span>Mauro Zaleta<\/span><\/a><\/div>\n<div class=\"player\"><a href=\"https:\/\/soccer.aidatasports.com\/fr\/players\/Nicol\u00e1s-Benedetti-35589\"><img decoding=\"async\" src=\"https:\/\/soccer.aidatasports.com\/images\/players\/35589.png\" alt=\"Nicol\u00e1s Benedetti\" onerror=\"this.onerror=null;this.src='https:\/\/soccer.aidatasports.com\/images\/players\/default-player.png';\"><span>Nicol\u00e1s Benedetti<\/span><\/a><\/div>\n<div class=\"player\"><a href=\"https:\/\/soccer.aidatasports.com\/fr\/players\/Anderson-Duarte-345360\"><img decoding=\"async\" src=\"https:\/\/soccer.aidatasports.com\/images\/players\/345360.png\" alt=\"Anderson Duarte\" onerror=\"this.onerror=null;this.src='https:\/\/soccer.aidatasports.com\/images\/players\/default-player.png';\"><span>Anderson Duarte<\/span><\/a><\/div>\n<\/div>\n<div>\n<h4>Suplentes:<\/h4>\n<div class=\"player\"><a href=\"https:\/\/soccer.aidatasports.com\/fr\/players\/Mauro-La\u00ednez-35813\"><img decoding=\"async\" src=\"https:\/\/soccer.aidatasports.com\/images\/players\/35813.png\" alt=\"Mauro La\u00ednez\" onerror=\"this.onerror=null;this.src='https:\/\/soccer.aidatasports.com\/images\/players\/default-player.png';\"><span>Mauro La\u00ednez<\/span><\/a><\/div>\n<div class=\"player\"><a href=\"https:\/\/soccer.aidatasports.com\/fr\/players\/Angel-Leyva-505851\"><img decoding=\"async\" src=\"https:\/\/soccer.aidatasports.com\/images\/players\/505851.png\" alt=\"Angel Leyva\" onerror=\"this.onerror=null;this.src='https:\/\/soccer.aidatasports.com\/images\/players\/default-player.png';\"><span>Angel Leyva<\/span><\/a><\/div>\n<div class=\"player\"><a href=\"https:\/\/soccer.aidatasports.com\/fr\/players\/Jes\u00fas-Hern\u00e1ndez-341971\"><img decoding=\"async\" src=\"https:\/\/soccer.aidatasports.com\/images\/players\/341971.png\" alt=\"Jes\u00fas Hern\u00e1ndez\" onerror=\"this.onerror=null;this.src='https:\/\/soccer.aidatasports.com\/images\/players\/default-player.png';\"><span>Jes\u00fas Hern\u00e1ndez<\/span><\/a><\/div>\n<div class=\"player\"><a href=\"https:\/\/soccer.aidatasports.com\/fr\/players\/Ricardo-Rodr\u00edguez-282709\"><img decoding=\"async\" src=\"https:\/\/soccer.aidatasports.com\/images\/players\/282709.png\" alt=\"Ricardo Rodr\u00edguez\" onerror=\"this.onerror=null;this.src='https:\/\/soccer.aidatasports.com\/images\/players\/default-player.png';\"><span>Ricardo Rodr\u00edguez<\/span><\/a><\/div>\n<div class=\"player\"><a href=\"https:\/\/soccer.aidatasports.com\/fr\/players\/Roberto-Meraz-35943\"><img decoding=\"async\" src=\"https:\/\/soccer.aidatasports.com\/images\/players\/35943.png\" alt=\"Roberto Meraz\" onerror=\"this.onerror=null;this.src='https:\/\/soccer.aidatasports.com\/images\/players\/default-player.png';\"><span>Roberto Meraz<\/span><\/a><\/div>\n<div class=\"player\"><a href=\"https:\/\/soccer.aidatasports.com\/fr\/players\/Sebastian-Fierro-403453\"><img decoding=\"async\" src=\"https:\/\/soccer.aidatasports.com\/images\/players\/403453.png\" alt=\"Sebastian Fierro\" onerror=\"this.onerror=null;this.src='https:\/\/soccer.aidatasports.com\/images\/players\/default-player.png';\"><span>Sebastian Fierro<\/span><\/a><\/div>\n<div class=\"player\"><a href=\"https:\/\/soccer.aidatasports.com\/fr\/players\/Jorge-Luis-Garc\u00eda-Rivas-35564\"><img decoding=\"async\" src=\"https:\/\/soccer.aidatasports.com\/images\/players\/35564.png\" alt=\"Jorge Luis Garc\u00eda Rivas\" onerror=\"this.onerror=null;this.src='https:\/\/soccer.aidatasports.com\/images\/players\/default-player.png';\"><span>Jorge Luis Garc\u00eda Rivas<\/span><\/a><\/div>\n<div class=\"player\"><a href=\"https:\/\/soccer.aidatasports.com\/fr\/players\/Alan-Torres-35883\"><img decoding=\"async\" src=\"https:\/\/soccer.aidatasports.com\/images\/players\/35883.png\" alt=\"Alan Torres\" onerror=\"this.onerror=null;this.src='https:\/\/soccer.aidatasports.com\/images\/players\/default-player.png';\"><span>Alan Torres<\/span><\/a><\/div>\n<div class=\"player\"><a href=\"https:\/\/soccer.aidatasports.com\/fr\/players\/Angel-Saavedra-391905\"><img decoding=\"async\" src=\"https:\/\/soccer.aidatasports.com\/images\/players\/391905.png\" alt=\"Angel Saavedra\" onerror=\"this.onerror=null;this.src='https:\/\/soccer.aidatasports.com\/images\/players\/default-player.png';\"><span>Angel Saavedra<\/span><\/a><\/div>\n<div class=\"player\"><a href=\"https:\/\/soccer.aidatasports.com\/fr\/players\/Dudu-129976\"><img decoding=\"async\" src=\"https:\/\/soccer.aidatasports.com\/images\/players\/129976.png\" alt=\"Dudu\" onerror=\"this.onerror=null;this.src='https:\/\/soccer.aidatasports.com\/images\/players\/default-player.png';\"><span>Dudu<\/span><\/a><\/div>\n<\/div>\n<\/div>\n<\/div>\n<\/div>\n<div id=\"wg-api-football-game\"\n                    data-host=\"xxxxx\"\n                    data-key=\"xxxx\"\n                    data-id=\"1379578\"\n                    data-theme=\"\"\n                    data-refresh=\"15\"\n                    data-show-errors=\"false\"\n                    data-show-logos=\"true\"><br \/>\n                    class=\u00a0\u00bbwg_loader\u00a0\u00bb>\n                <\/div>\n<div id=\"wg-api-football-standings\"\n                    data-host=\"xxxx\"\n                    data-key=\"ddddd\"\n                    data-league=\"262\"\n                    data-team=\"\"\n                    data-season=\"2025\"\n                    data-theme=\"\"\n                    data-show-errors=\"false\"\n                    data-show-logos=\"true\"\n                    class=\"wg_loader\">\n                <\/div>\n<p>                <script\n                    type=\"module\"\n                    src=\"https:\/\/soccer.aidatasports.com\/wp-content\/customjs\/widgetslocal.js\">\n                <\/script><\/p>\n","protected":false},"excerpt":{"rendered":"<p>Fran\u00e7ais: Toluca surmonte Mazatl\u00e1n dans un match charg\u00e9 d&rsquo;\u00e9motion Toluca, Mexique \u2013 Lors d&rsquo;un match&hellip;<\/p>\n","protected":false},"author":1,"featured_media":107314,"comment_status":"open","ping_status":"open","sticky":false,"template":"","format":"standard","meta":{"content-type":"","pmpro_default_level":"","_lmt_disableupdate":"","_lmt_disable":"","_league":15837,"_fixture":1379578,"penci_pfeatured_image_ratio":"","penci_single_style":"","footnotes":""},"categories":[15837],"tags":[8624,2060],"class_list":["post-107315","post","type-post","status-publish","format-standard","has-post-thumbnail","hentry","category-matches","tag-mazatlan-mexico-14002","tag-toluca-mexico-2281","pmpro-has-access"],"_links":{"self":[{"href":"https:\/\/soccer.aidatasports.com\/fr\/wp-json\/wp\/v2\/posts\/107315"}],"collection":[{"href":"https:\/\/soccer.aidatasports.com\/fr\/wp-json\/wp\/v2\/posts"}],"about":[{"href":"https:\/\/soccer.aidatasports.com\/fr\/wp-json\/wp\/v2\/types\/post"}],"author":[{"embeddable":true,"href":"https:\/\/soccer.aidatasports.com\/fr\/wp-json\/wp\/v2\/users\/1"}],"replies":[{"embeddable":true,"href":"https:\/\/soccer.aidatasports.com\/fr\/wp-json\/wp\/v2\/comments?post=107315"}],"version-history":[{"count":0,"href":"https:\/\/soccer.aidatasports.com\/fr\/wp-json\/wp\/v2\/posts\/107315\/revisions"}],"wp:featuredmedia":[{"embeddable":true,"href":"https:\/\/soccer.aidatasports.com\/fr\/wp-json\/wp\/v2\/media\/107314"}],"wp:attachment":[{"href":"https:\/\/soccer.aidatasports.com\/fr\/wp-json\/wp\/v2\/media?parent=107315"}],"wp:term":[{"taxonomy":"category","embeddable":true,"href":"https:\/\/soccer.aidatasports.com\/fr\/wp-json\/wp\/v2\/categories?post=107315"},{"taxonomy":"post_tag","embeddable":true,"href":"https:\/\/soccer.aidatasports.com\/fr\/wp-json\/wp\/v2\/tags?post=107315"}],"curies":[{"name":"wp","href":"https:\/\/api.w.org\/{rel}","templated":true}]}}