{"id":106100,"date":"2025-09-20T17:04:54","date_gmt":"2025-09-20T17:04:54","guid":{"rendered":"https:\/\/soccer.aidatasports.com\/fr\/uncategorized\/austria-vienna-vs-ried-sep-20-2025-1500-utc\/"},"modified":"2025-09-20T17:04:54","modified_gmt":"2025-09-20T17:04:54","slug":"austria-vienna-vs-ried-sep-20-2025-1500-utc","status":"publish","type":"post","link":"https:\/\/soccer.aidatasports.com\/fr\/matches\/austria-vienna-vs-ried-sep-20-2025-1500-utc\/","title":{"rendered":"Austria Vienna vs Ried Sep 20 2025 15:00 UTC"},"content":{"rendered":"<p><strong>Fran\u00e7ais<\/strong><\/p>\n<p><strong>Match Nul Palpitant \u00e0 la Generali Arena : Austria Vienna Arrache un Point Face \u00e0 Ried<\/strong><\/p>\n<p>Vienne, Autriche &#8211; Dans un match riche en \u00e9motions et en rebondissements, l&rsquo;Austria Vienna et Ried ont fait match nul trois buts partout \u00e0 la Generali Arena. Ried, avec une efficacit\u00e9 remarquable en premi\u00e8re mi-temps, a pris l&rsquo;avantage gr\u00e2ce \u00e0 un doubl\u00e9 de K. Mutandwa aux 22e et 45e minutes, les deux buts sans passe d\u00e9cisive. Il semblait que l&rsquo;\u00e9quipe visiteuse avait le contr\u00f4le du match.<\/p>\n<p>Cependant, l&rsquo;Austria Vienna est revenu avec une attitude diff\u00e9rente en deuxi\u00e8me mi-temps. Juste apr\u00e8s la reprise, A. Barry a r\u00e9duit l&rsquo;\u00e9cart \u00e0 la 49e minute, donnant de l&rsquo;espoir aux supporters locaux. Le jeu est devenu plus physique, avec plusieurs cartons jaunes distribu\u00e9s aux joueurs des deux \u00e9quipes, soulignant l&rsquo;intensit\u00e9 du choc. J. Eggestein a \u00e9galis\u00e9 \u00e0 la 76e minute, en transformant un penalty. Alors qu&rsquo;il semblait que le match allait se terminer par un nul, M. Fischer a marqu\u00e9 \u00e0 la 85e minute, donnant l&rsquo;avantage \u00e0 l&rsquo;Austria Vienna. Mais le match n&rsquo;\u00e9tait pas encore termin\u00e9.<\/p>\n<p>L&rsquo;Austria Vienna a domin\u00e9 la possession avec 60 %, g\u00e9n\u00e9rant 16 tirs, dont 9 cadr\u00e9s. Ried, avec 40 % de possession, a r\u00e9ussi 10 tirs, dont 5 dirig\u00e9s vers le but adverse. Le match a \u00e9t\u00e9 tr\u00e8s disput\u00e9 au milieu de terrain, ce qui s&rsquo;est traduit par de nombreuses fautes commises par les deux \u00e9quipes, avec 12 fautes pour Ried et 7 pour l&rsquo;Austria Vienna.<\/p>\n<p>Remplacements dans l&rsquo;quipe de austria vienna: \u00c0 la 46e minute, A. Dragovic est entr\u00e9 et L. Pazourek est sorti., \u00c0 la 66e minute, M. Sarkaria est entr\u00e9 et N. Botic est sorti., \u00c0 la 87e minute, M. Fischer est entr\u00e9 et P. Maybach est sorti., \u00c0 la 87e minute, J. Eggestein est entr\u00e9 et K. Boateng est sorti., \u00c0 la 90e minute, S. Saljic est entr\u00e9 et M. Raguz est sorti. <\/p>\n<p>Remplacements dans l&rsquo;quipe de ried: \u00c0 la 55e minute, A. van Wyk est entr\u00e9 et S. Sane est sorti., \u00c0 la 59e minute, J. Mayer est entr\u00e9 et M. Rasner est sorti., \u00c0 la 79e minute, M. Sollbauer est entr\u00e9 et D. Kirnbauer est sorti., \u00c0 la 79e minute, A. Bajic est entr\u00e9 et F. Rossdorfer est sorti. <\/p>\n<p>Les \u00e9quipes se sont align\u00e9es comme suit:<\/p>\n<div class=\"lineups-container\">\n<style>\n                .lineups-container {\n                    display: flex;\n                    justify-content: space-around;\n                    flex-wrap: wrap;\n                }\n                .team-lineup {\n                    width: 49%;\n                    margin-bottom: 20px;\n                    border: 1px solid #ccc;\n                    padding: 5px;\n                }\n                .team-lineup h3 {\n                    text-align: center;\n                    margin-bottom: 10px;\n                }\n                .players-container {\n                    display: flex;\n                    justify-content: space-between;\n                }\n                .players-container div {\n                    width: 100%;\n                }\n                .player {\n                    display: flex;\n                    align-items: center;\n                    margin-bottom: 5px;\n                }\n                .player img {\n                    width: 30px;\n                    height: 30px;\n                    border-radius: 50%;\n                    margin-right: 10px;\n                }\n                    @media (max-width: 600px) {\n                    .team-lineup {\n                        width: 100%;\n                    }\n                }\n                <\/style>\n<div class=\"team-lineup\">\n<h3>Austria Vienna<\/h3>\n<p><img decoding=\"async\" src=\"https:\/\/media.api-sports.io\/football\/teams\/601.png\" alt=\"Austria Vienna\" style=\"width: 50px; height: 50px;\"><\/p>\n<div class=\"players-container\">\n<div>\n<h4>Titulares:<\/h4>\n<div class=\"player\"><a href=\"https:\/\/soccer.aidatasports.com\/fr\/players\/Samuel-Sahin-Radlinger-25364\"><img decoding=\"async\" src=\"https:\/\/soccer.aidatasports.com\/images\/players\/25364.png\" alt=\"Samuel Sahin-Radlinger\" onerror=\"this.onerror=null;this.src='https:\/\/soccer.aidatasports.com\/images\/players\/default-player.png';\"><span>Samuel Sahin-Radlinger<\/span><\/a><\/div>\n<div class=\"player\"><a href=\"https:\/\/soccer.aidatasports.com\/fr\/players\/Dejan-Radonjic-392589\"><img decoding=\"async\" src=\"https:\/\/soccer.aidatasports.com\/images\/players\/392589.png\" alt=\"Dejan Radonjic\" onerror=\"this.onerror=null;this.src='https:\/\/soccer.aidatasports.com\/images\/players\/default-player.png';\"><span>Dejan Radonjic<\/span><\/a><\/div>\n<div class=\"player\"><a href=\"https:\/\/soccer.aidatasports.com\/fr\/players\/Aleksandar-Dragovi\u0107-968\"><img decoding=\"async\" src=\"https:\/\/soccer.aidatasports.com\/images\/players\/968.png\" alt=\"Aleksandar Dragovi\u0107\" onerror=\"this.onerror=null;this.src='https:\/\/soccer.aidatasports.com\/images\/players\/default-player.png';\"><span>Aleksandar Dragovi\u0107<\/span><\/a><\/div>\n<div class=\"player\"><a href=\"https:\/\/soccer.aidatasports.com\/fr\/players\/Philipp-Wiesinger-7531\"><img decoding=\"async\" src=\"https:\/\/soccer.aidatasports.com\/images\/players\/7531.png\" alt=\"Philipp Wiesinger\" onerror=\"this.onerror=null;this.src='https:\/\/soccer.aidatasports.com\/images\/players\/default-player.png';\"><span>Philipp Wiesinger<\/span><\/a><\/div>\n<div class=\"player\"><a href=\"https:\/\/soccer.aidatasports.com\/fr\/players\/Reinhold-Ranftl-7528\"><img decoding=\"async\" src=\"https:\/\/soccer.aidatasports.com\/images\/players\/7528.png\" alt=\"Reinhold Ranftl\" onerror=\"this.onerror=null;this.src='https:\/\/soccer.aidatasports.com\/images\/players\/default-player.png';\"><span>Reinhold Ranftl<\/span><\/a><\/div>\n<div class=\"player\"><a href=\"https:\/\/soccer.aidatasports.com\/fr\/players\/Abubakr-Barry-136154\"><img decoding=\"async\" src=\"https:\/\/soccer.aidatasports.com\/images\/players\/136154.png\" alt=\"Abubakr Barry\" onerror=\"this.onerror=null;this.src='https:\/\/soccer.aidatasports.com\/images\/players\/default-player.png';\"><span>Abubakr Barry<\/span><\/a><\/div>\n<div class=\"player\"><a href=\"https:\/\/soccer.aidatasports.com\/fr\/players\/Manfred-Fischer-7681\"><img decoding=\"async\" src=\"https:\/\/soccer.aidatasports.com\/images\/players\/7681.png\" alt=\"Manfred Fischer\" onerror=\"this.onerror=null;this.src='https:\/\/soccer.aidatasports.com\/images\/players\/default-player.png';\"><span>Manfred Fischer<\/span><\/a><\/div>\n<div class=\"player\"><a href=\"https:\/\/soccer.aidatasports.com\/fr\/players\/Lee-Tae-seok-237220\"><img decoding=\"async\" src=\"https:\/\/soccer.aidatasports.com\/images\/players\/237220.png\" alt=\"Lee Tae-seok\" onerror=\"this.onerror=null;this.src='https:\/\/soccer.aidatasports.com\/images\/players\/default-player.png';\"><span>Lee Tae-seok<\/span><\/a><\/div>\n<div class=\"player\"><a href=\"https:\/\/soccer.aidatasports.com\/fr\/players\/Manprit-Sarkaria-7449\"><img decoding=\"async\" src=\"https:\/\/soccer.aidatasports.com\/images\/players\/7449.png\" alt=\"Manprit Sarkaria\" onerror=\"this.onerror=null;this.src='https:\/\/soccer.aidatasports.com\/images\/players\/default-player.png';\"><span>Manprit Sarkaria<\/span><\/a><\/div>\n<div class=\"player\"><a href=\"https:\/\/soccer.aidatasports.com\/fr\/players\/Johannes-Eggestein-25326\"><img decoding=\"async\" src=\"https:\/\/soccer.aidatasports.com\/images\/players\/25326.png\" alt=\"Johannes Eggestein\" onerror=\"this.onerror=null;this.src='https:\/\/soccer.aidatasports.com\/images\/players\/default-player.png';\"><span>Johannes Eggestein<\/span><\/a><\/div>\n<div class=\"player\"><a href=\"https:\/\/soccer.aidatasports.com\/fr\/players\/Sanel-Saljic-339997\"><img decoding=\"async\" src=\"https:\/\/soccer.aidatasports.com\/images\/players\/339997.png\" alt=\"Sanel Saljic\" onerror=\"this.onerror=null;this.src='https:\/\/soccer.aidatasports.com\/images\/players\/default-player.png';\"><span>Sanel Saljic<\/span><\/a><\/div>\n<\/div>\n<div>\n<h4>Suplentes:<\/h4>\n<div class=\"player\"><a href=\"https:\/\/soccer.aidatasports.com\/fr\/players\/Luca-Pazourek-340172\"><img decoding=\"async\" src=\"https:\/\/soccer.aidatasports.com\/images\/players\/340172.png\" alt=\"Luca Pazourek\" onerror=\"this.onerror=null;this.src='https:\/\/soccer.aidatasports.com\/images\/players\/default-player.png';\"><span>Luca Pazourek<\/span><\/a><\/div>\n<div class=\"player\"><a href=\"https:\/\/soccer.aidatasports.com\/fr\/players\/Noah-Botic-202894\"><img decoding=\"async\" src=\"https:\/\/soccer.aidatasports.com\/images\/players\/202894.png\" alt=\"Noah Botic\" onerror=\"this.onerror=null;this.src='https:\/\/soccer.aidatasports.com\/images\/players\/default-player.png';\"><span>Noah Botic<\/span><\/a><\/div>\n<div class=\"player\"><a href=\"https:\/\/soccer.aidatasports.com\/fr\/players\/Mirko-Kos-7428\"><img decoding=\"async\" src=\"https:\/\/soccer.aidatasports.com\/images\/players\/7428.png\" alt=\"Mirko Kos\" onerror=\"this.onerror=null;this.src='https:\/\/soccer.aidatasports.com\/images\/players\/default-player.png';\"><span>Mirko Kos<\/span><\/a><\/div>\n<div class=\"player\"><a href=\"https:\/\/soccer.aidatasports.com\/fr\/players\/Aleksa-Ili\u0107-409007\"><img decoding=\"async\" src=\"https:\/\/soccer.aidatasports.com\/images\/players\/409007.png\" alt=\"Aleksa Ili\u0107\" onerror=\"this.onerror=null;this.src='https:\/\/soccer.aidatasports.com\/images\/players\/default-player.png';\"><span>Aleksa Ili\u0107<\/span><\/a><\/div>\n<div class=\"player\"><a href=\"https:\/\/soccer.aidatasports.com\/fr\/players\/Hakim-Guenouche-993\"><img decoding=\"async\" src=\"https:\/\/soccer.aidatasports.com\/images\/players\/993.png\" alt=\"Hakim Guenouche\" onerror=\"this.onerror=null;this.src='https:\/\/soccer.aidatasports.com\/images\/players\/default-player.png';\"><span>Hakim Guenouche<\/span><\/a><\/div>\n<div class=\"player\"><a href=\"https:\/\/soccer.aidatasports.com\/fr\/players\/Philipp-Maybach-460150\"><img decoding=\"async\" src=\"https:\/\/soccer.aidatasports.com\/images\/players\/460150.png\" alt=\"Philipp Maybach\" onerror=\"this.onerror=null;this.src='https:\/\/soccer.aidatasports.com\/images\/players\/default-player.png';\"><span>Philipp Maybach<\/span><\/a><\/div>\n<div class=\"player\"><a href=\"https:\/\/soccer.aidatasports.com\/fr\/players\/Marko-Ragu\u017e-7225\"><img decoding=\"async\" src=\"https:\/\/soccer.aidatasports.com\/images\/players\/7225.png\" alt=\"Marko Ragu\u017e\" onerror=\"this.onerror=null;this.src='https:\/\/soccer.aidatasports.com\/images\/players\/default-player.png';\"><span>Marko Ragu\u017e<\/span><\/a><\/div>\n<div class=\"player\"><a href=\"https:\/\/soccer.aidatasports.com\/fr\/players\/Kelvin-Boateng-263813\"><img decoding=\"async\" src=\"https:\/\/soccer.aidatasports.com\/images\/players\/263813.png\" alt=\"Kelvin Boateng\" onerror=\"this.onerror=null;this.src='https:\/\/soccer.aidatasports.com\/images\/players\/default-player.png';\"><span>Kelvin Boateng<\/span><\/a><\/div>\n<\/div>\n<\/div>\n<\/div>\n<div class=\"team-lineup\">\n<h3>Ried<\/h3>\n<p><img decoding=\"async\" src=\"https:\/\/media.api-sports.io\/football\/teams\/1028.png\" alt=\"Ried\" style=\"width: 50px; height: 50px;\"><\/p>\n<div class=\"players-container\">\n<div>\n<h4>Titulares:<\/h4>\n<div class=\"player\"><a href=\"https:\/\/soccer.aidatasports.com\/fr\/players\/Andreas-Leitner-7699\"><img decoding=\"async\" src=\"https:\/\/soccer.aidatasports.com\/images\/players\/7699.png\" alt=\"Andreas Leitner\" onerror=\"this.onerror=null;this.src='https:\/\/soccer.aidatasports.com\/images\/players\/default-player.png';\"><span>Andreas Leitner<\/span><\/a><\/div>\n<div class=\"player\"><a href=\"https:\/\/soccer.aidatasports.com\/fr\/players\/Nikki-Havenaar-48708\"><img decoding=\"async\" src=\"https:\/\/soccer.aidatasports.com\/images\/players\/48708.png\" alt=\"Nikki Havenaar\" onerror=\"this.onerror=null;this.src='https:\/\/soccer.aidatasports.com\/images\/players\/default-player.png';\"><span>Nikki Havenaar<\/span><\/a><\/div>\n<div class=\"player\"><a href=\"https:\/\/soccer.aidatasports.com\/fr\/players\/Michael-Sollbauer-7554\"><img decoding=\"async\" src=\"https:\/\/soccer.aidatasports.com\/images\/players\/7554.png\" alt=\"Michael Sollbauer\" onerror=\"this.onerror=null;this.src='https:\/\/soccer.aidatasports.com\/images\/players\/default-player.png';\"><span>Michael Sollbauer<\/span><\/a><\/div>\n<div class=\"player\"><a href=\"https:\/\/soccer.aidatasports.com\/fr\/players\/Oliver-Steurer-24901\"><img decoding=\"async\" src=\"https:\/\/soccer.aidatasports.com\/images\/players\/24901.png\" alt=\"Oliver Steurer\" onerror=\"this.onerror=null;this.src='https:\/\/soccer.aidatasports.com\/images\/players\/default-player.png';\"><span>Oliver Steurer<\/span><\/a><\/div>\n<div class=\"player\"><a href=\"https:\/\/soccer.aidatasports.com\/fr\/players\/Ante-Baji\u0107-7070\"><img decoding=\"async\" src=\"https:\/\/soccer.aidatasports.com\/images\/players\/7070.png\" alt=\"Ante Baji\u0107\" onerror=\"this.onerror=null;this.src='https:\/\/soccer.aidatasports.com\/images\/players\/default-player.png';\"><span>Ante Baji\u0107<\/span><\/a><\/div>\n<div class=\"player\"><a href=\"https:\/\/soccer.aidatasports.com\/fr\/players\/Yusuf-Maart-99106\"><img decoding=\"async\" src=\"https:\/\/soccer.aidatasports.com\/images\/players\/99106.png\" alt=\"Yusuf Maart\" onerror=\"this.onerror=null;this.src='https:\/\/soccer.aidatasports.com\/images\/players\/default-player.png';\"><span>Yusuf Maart<\/span><\/a><\/div>\n<div class=\"player\"><a href=\"https:\/\/soccer.aidatasports.com\/fr\/players\/Jonas-Mayer-323119\"><img decoding=\"async\" src=\"https:\/\/soccer.aidatasports.com\/images\/players\/323119.png\" alt=\"Jonas Mayer\" onerror=\"this.onerror=null;this.src='https:\/\/soccer.aidatasports.com\/images\/players\/default-player.png';\"><span>Jonas Mayer<\/span><\/a><\/div>\n<div class=\"player\"><a href=\"https:\/\/soccer.aidatasports.com\/fr\/players\/Philipp-Pomer-115590\"><img decoding=\"async\" src=\"https:\/\/soccer.aidatasports.com\/images\/players\/115590.png\" alt=\"Philipp Pomer\" onerror=\"this.onerror=null;this.src='https:\/\/soccer.aidatasports.com\/images\/players\/default-player.png';\"><span>Philipp Pomer<\/span><\/a><\/div>\n<div class=\"player\"><a href=\"https:\/\/soccer.aidatasports.com\/fr\/players\/Mark-Gro\u00dfe-106784\"><img decoding=\"async\" src=\"https:\/\/soccer.aidatasports.com\/images\/players\/106784.png\" alt=\"Mark Gro\u00dfe\" onerror=\"this.onerror=null;this.src='https:\/\/soccer.aidatasports.com\/images\/players\/default-player.png';\"><span>Mark Gro\u00dfe<\/span><\/a><\/div>\n<div class=\"player\"><a href=\"https:\/\/soccer.aidatasports.com\/fr\/players\/Kingstone-Mutandwa-408540\"><img decoding=\"async\" src=\"https:\/\/soccer.aidatasports.com\/images\/players\/408540.png\" alt=\"Kingstone Mutandwa\" onerror=\"this.onerror=null;this.src='https:\/\/soccer.aidatasports.com\/images\/players\/default-player.png';\"><span>Kingstone Mutandwa<\/span><\/a><\/div>\n<div class=\"player\"><a href=\"https:\/\/soccer.aidatasports.com\/fr\/players\/Antonio-Van-Wyk-316846\"><img decoding=\"async\" src=\"https:\/\/soccer.aidatasports.com\/images\/players\/316846.png\" alt=\"Antonio Van Wyk\" onerror=\"this.onerror=null;this.src='https:\/\/soccer.aidatasports.com\/images\/players\/default-player.png';\"><span>Antonio Van Wyk<\/span><\/a><\/div>\n<\/div>\n<div>\n<h4>Suplentes:<\/h4>\n<div class=\"player\"><a href=\"https:\/\/soccer.aidatasports.com\/fr\/players\/Saliou-San\u00e9-26111\"><img decoding=\"async\" src=\"https:\/\/soccer.aidatasports.com\/images\/players\/26111.png\" alt=\"Saliou San\u00e9\" onerror=\"this.onerror=null;this.src='https:\/\/soccer.aidatasports.com\/images\/players\/default-player.png';\"><span>Saliou San\u00e9<\/span><\/a><\/div>\n<div class=\"player\"><a href=\"https:\/\/soccer.aidatasports.com\/fr\/players\/Martin-Rasner-7632\"><img decoding=\"async\" src=\"https:\/\/soccer.aidatasports.com\/images\/players\/7632.png\" alt=\"Martin Rasner\" onerror=\"this.onerror=null;this.src='https:\/\/soccer.aidatasports.com\/images\/players\/default-player.png';\"><span>Martin Rasner<\/span><\/a><\/div>\n<div class=\"player\"><a href=\"https:\/\/soccer.aidatasports.com\/fr\/players\/Dominik-Kirnbauer-265320\"><img decoding=\"async\" src=\"https:\/\/soccer.aidatasports.com\/images\/players\/265320.png\" alt=\"Dominik Kirnbauer\" onerror=\"this.onerror=null;this.src='https:\/\/soccer.aidatasports.com\/images\/players\/default-player.png';\"><span>Dominik Kirnbauer<\/span><\/a><\/div>\n<div class=\"player\"><a href=\"https:\/\/soccer.aidatasports.com\/fr\/players\/Fabian-Rossdorfer-365016\"><img decoding=\"async\" src=\"https:\/\/soccer.aidatasports.com\/images\/players\/365016.png\" alt=\"Fabian Rossdorfer\" onerror=\"this.onerror=null;this.src='https:\/\/soccer.aidatasports.com\/images\/players\/default-player.png';\"><span>Fabian Rossdorfer<\/span><\/a><\/div>\n<div class=\"player\"><a href=\"https:\/\/soccer.aidatasports.com\/fr\/players\/Felix-Wimmer-120198\"><img decoding=\"async\" src=\"https:\/\/soccer.aidatasports.com\/images\/players\/120198.png\" alt=\"Felix Wimmer\" onerror=\"this.onerror=null;this.src='https:\/\/soccer.aidatasports.com\/images\/players\/default-player.png';\"><span>Felix Wimmer<\/span><\/a><\/div>\n<div class=\"player\"><a href=\"https:\/\/soccer.aidatasports.com\/fr\/players\/Nicolas-Bajlicz-338189\"><img decoding=\"async\" src=\"https:\/\/soccer.aidatasports.com\/images\/players\/338189.png\" alt=\"Nicolas Bajlicz\" onerror=\"this.onerror=null;this.src='https:\/\/soccer.aidatasports.com\/images\/players\/default-player.png';\"><span>Nicolas Bajlicz<\/span><\/a><\/div>\n<div class=\"player\"><a href=\"https:\/\/soccer.aidatasports.com\/fr\/players\/Christopher-Wernitznig-7567\"><img decoding=\"async\" src=\"https:\/\/soccer.aidatasports.com\/images\/players\/7567.png\" alt=\"Christopher Wernitznig\" onerror=\"this.onerror=null;this.src='https:\/\/soccer.aidatasports.com\/images\/players\/default-player.png';\"><span>Christopher Wernitznig<\/span><\/a><\/div>\n<div class=\"player\"><a href=\"https:\/\/soccer.aidatasports.com\/fr\/players\/Peter-Kiedl-369868\"><img decoding=\"async\" src=\"https:\/\/soccer.aidatasports.com\/images\/players\/369868.png\" alt=\"Peter Kiedl\" onerror=\"this.onerror=null;this.src='https:\/\/soccer.aidatasports.com\/images\/players\/default-player.png';\"><span>Peter Kiedl<\/span><\/a><\/div>\n<div class=\"player\"><a href=\"https:\/\/soccer.aidatasports.com\/fr\/players\/Joris-Boguo-479209\"><img decoding=\"async\" src=\"https:\/\/soccer.aidatasports.com\/images\/players\/479209.png\" alt=\"Joris Boguo\" onerror=\"this.onerror=null;this.src='https:\/\/soccer.aidatasports.com\/images\/players\/default-player.png';\"><span>Joris Boguo<\/span><\/a><\/div>\n<\/div>\n<\/div>\n<\/div>\n<\/div>\n<div id=\"wg-api-football-game\"\n                    data-host=\"xxxxx\"\n                    data-key=\"xxxx\"\n                    data-id=\"1390065\"\n                    data-theme=\"\"\n                    data-refresh=\"15\"\n                    data-show-errors=\"false\"\n                    data-show-logos=\"true\"><br \/>\n                    class=\u00a0\u00bbwg_loader\u00a0\u00bb>\n                <\/div>\n<div id=\"wg-api-football-standings\"\n                    data-host=\"xxxx\"\n                    data-key=\"ddddd\"\n                    data-league=\"218\"\n                    data-team=\"\"\n                    data-season=\"2025\"\n                    data-theme=\"\"\n                    data-show-errors=\"false\"\n                    data-show-logos=\"true\"\n                    class=\"wg_loader\">\n                <\/div>\n<p>                <script\n                    type=\"module\"\n                    src=\"https:\/\/soccer.aidatasports.com\/wp-content\/customjs\/widgetslocal.js\">\n                <\/script><\/p>\n","protected":false},"excerpt":{"rendered":"<p>Fran\u00e7ais Match Nul Palpitant \u00e0 la Generali Arena : Austria Vienna Arrache un Point Face&hellip;<\/p>\n","protected":false},"author":1,"featured_media":106099,"comment_status":"open","ping_status":"open","sticky":false,"template":"","format":"standard","meta":{"content-type":"","pmpro_default_level":"","_lmt_disableupdate":"","_lmt_disable":"","_league":15837,"_fixture":1390065,"penci_pfeatured_image_ratio":"","penci_single_style":"","footnotes":""},"categories":[15837],"tags":[704,1058],"class_list":["post-106100","post","type-post","status-publish","format-standard","has-post-thumbnail","hentry","category-matches","tag-austria-vienna-austria-601","tag-ried-austria-1028","pmpro-has-access"],"_links":{"self":[{"href":"https:\/\/soccer.aidatasports.com\/fr\/wp-json\/wp\/v2\/posts\/106100"}],"collection":[{"href":"https:\/\/soccer.aidatasports.com\/fr\/wp-json\/wp\/v2\/posts"}],"about":[{"href":"https:\/\/soccer.aidatasports.com\/fr\/wp-json\/wp\/v2\/types\/post"}],"author":[{"embeddable":true,"href":"https:\/\/soccer.aidatasports.com\/fr\/wp-json\/wp\/v2\/users\/1"}],"replies":[{"embeddable":true,"href":"https:\/\/soccer.aidatasports.com\/fr\/wp-json\/wp\/v2\/comments?post=106100"}],"version-history":[{"count":0,"href":"https:\/\/soccer.aidatasports.com\/fr\/wp-json\/wp\/v2\/posts\/106100\/revisions"}],"wp:featuredmedia":[{"embeddable":true,"href":"https:\/\/soccer.aidatasports.com\/fr\/wp-json\/wp\/v2\/media\/106099"}],"wp:attachment":[{"href":"https:\/\/soccer.aidatasports.com\/fr\/wp-json\/wp\/v2\/media?parent=106100"}],"wp:term":[{"taxonomy":"category","embeddable":true,"href":"https:\/\/soccer.aidatasports.com\/fr\/wp-json\/wp\/v2\/categories?post=106100"},{"taxonomy":"post_tag","embeddable":true,"href":"https:\/\/soccer.aidatasports.com\/fr\/wp-json\/wp\/v2\/tags?post=106100"}],"curies":[{"name":"wp","href":"https:\/\/api.w.org\/{rel}","templated":true}]}}