{"id":105216,"date":"2025-09-13T22:20:50","date_gmt":"2025-09-13T22:20:50","guid":{"rendered":"https:\/\/soccer.aidatasports.com\/fr\/uncategorized\/alianza-atletico-vs-juan-pablo-ii-college-sep-13-2025-2015-utc\/"},"modified":"2025-09-13T22:20:50","modified_gmt":"2025-09-13T22:20:50","slug":"alianza-atletico-vs-juan-pablo-ii-college-sep-13-2025-2015-utc","status":"publish","type":"post","link":"https:\/\/soccer.aidatasports.com\/fr\/matches\/alianza-atletico-vs-juan-pablo-ii-college-sep-13-2025-2015-utc\/","title":{"rendered":"Alianza Atletico vs Juan Pablo II College Sep 13 2025 20:15 UTC"},"content":{"rendered":"<p><strong>FRAN\u00c7AIS<\/strong><\/p>\n<p><strong>Match nul tendu \u00e0 Sullana : Juan Pablo II College et Alianza Atl\u00e9tico font match nul dans un match riche en incidents<\/strong><\/p>\n<p>Sullana a \u00e9t\u00e9 le th\u00e9\u00e2tre d&rsquo;une rencontre \u00e0 haute tension entre Juan Pablo II College et Alianza Atl\u00e9tico, valable pour la huiti\u00e8me journ\u00e9e de l&rsquo;Apertura de la Premi\u00e8re Division p\u00e9ruvienne. Le match, jou\u00e9 \u00e0 l&rsquo;Estadio Campeones del &rsquo;36 sous l&rsquo;\u0153il attentif de l&rsquo;arbitre Kevin Ortega, s&rsquo;est termin\u00e9 par un match nul, bien que le score ne refl\u00e8te pas l&rsquo;intensit\u00e9 et les incidents qui ont marqu\u00e9 le d\u00e9veloppement du match.<\/p>\n<p>Juan Pablo II College a pris l&rsquo;avantage \u00e0 la 22e minute gr\u00e2ce \u00e0 un but d&rsquo;E. Villar, sur une passe de N. Rodriguez, portant le score \u00e0 1-0. Cependant, cet avantage n&rsquo;a pas calm\u00e9 les esprits dans un match caract\u00e9ris\u00e9 par son jeu physique et ses interruptions constantes.<\/p>\n<p>La premi\u00e8re mi-temps avait d\u00e9j\u00e0 vu deux cartons jaunes pour l&rsquo;\u00e9quipe locale et un pour Alianza Atl\u00e9tico, annon\u00e7ant une seconde mi-temps encore plus conflictuelle.<\/p>\n<p>La seconde mi-temps a \u00e9t\u00e9 encore plus dramatique. Alianza Atl\u00e9tico, avec 66 % de possession, a constamment tent\u00e9 d&rsquo;\u00e9galiser le score, g\u00e9n\u00e9rant 18 tirs, bien que seulement 3 d&rsquo;entre eux aient \u00e9t\u00e9 cadr\u00e9s. Le jeu est devenu encore plus tendu \u00e0 la 79e minute, lorsque le match a compl\u00e8tement d\u00e9g\u00e9n\u00e9r\u00e9. E. Perleche, qui avait d\u00e9j\u00e0 un carton jaune, a vu rouge, laissant Alianza Atl\u00e9tico \u00e0 dix joueurs. Dans la m\u00eame action, N. Rodriguez du Juan Pablo II College a \u00e9galement \u00e9t\u00e9 expuls\u00e9, \u00e9galisant les forces sur le terrain, bien que le chaos se soit empar\u00e9 du match. De plus, A. Sanchez a \u00e9galement re\u00e7u un carton jaune dans la m\u00eame s\u00e9quence d&rsquo;\u00e9v\u00e9nements.<\/p>\n<p>Finalement, le match s&rsquo;est termin\u00e9 sur le score initial de 1-0, refl\u00e9tant la solidit\u00e9 d\u00e9fensive du Juan Pablo II College et le manque d&rsquo;efficacit\u00e9 d&rsquo;Alianza Atl\u00e9tico, qui, malgr\u00e9 la possession du ballon, n&rsquo;a pas pu surmonter le sch\u00e9ma tactique de son rival. L&rsquo;arbitrage de Kevin Ortega, tout en essayant de contr\u00f4ler le match, a \u00e9t\u00e9 d\u00e9pass\u00e9 par l&rsquo;intensit\u00e9 et les infractions constantes des deux \u00e9quipes. La rencontre laisse un go\u00fbt amer aux deux \u00e9quipes, qui devront repenser leur strat\u00e9gie pour les prochains engagements.<\/p>\n<p>Remplacements dans l&rsquo;quipe de alianza atletico: \u00c0 la 56e minute, H. Benincasa est entr\u00e9 et A. Gordillo est sorti., \u00c0 la 56e minute, J. del Castillo est entr\u00e9 et A. Aguinaga est sorti., \u00c0 la 74e minute, G. A. Larios Saavedra est entr\u00e9 et R. Diaz est sorti., \u00c0 la 74e minute, L. Olmedo est entr\u00e9 et F. Flores est sorti., \u00c0 la 74e minute, J. Perez est entr\u00e9 et R. Castro est sorti. <\/p>\n<p>Remplacements dans l&rsquo;quipe de juan pablo ii college: \u00c0 la 60e minute, J. Canova est entr\u00e9 et R. Fernandez est sorti., \u00c0 la 60e minute, N. Loyola est entr\u00e9 et F. Agurto est sorti., \u00c0 la 66e minute, N. Rodriguez est entr\u00e9 et A. Sanchez est sorti., \u00c0 la 74e minute, C. Ramirez est entr\u00e9 et J. Vega est sorti., \u00c0 la 74e minute, E. Villar est entr\u00e9 et A. Rojas est sorti. <\/p>\n<p>Les \u00e9quipes se sont align\u00e9es comme suit:<\/p>\n<div class=\"lineups-container\">\n<style>\n                .lineups-container {\n                    display: flex;\n                    justify-content: space-around;\n                    flex-wrap: wrap;\n                }\n                .team-lineup {\n                    width: 49%;\n                    margin-bottom: 20px;\n                    border: 1px solid #ccc;\n                    padding: 5px;\n                }\n                .team-lineup h3 {\n                    text-align: center;\n                    margin-bottom: 10px;\n                }\n                .players-container {\n                    display: flex;\n                    justify-content: space-between;\n                }\n                .players-container div {\n                    width: 100%;\n                }\n                .player {\n                    display: flex;\n                    align-items: center;\n                    margin-bottom: 5px;\n                }\n                .player img {\n                    width: 30px;\n                    height: 30px;\n                    border-radius: 50%;\n                    margin-right: 10px;\n                }\n                    @media (max-width: 600px) {\n                    .team-lineup {\n                        width: 100%;\n                    }\n                }\n                <\/style>\n<div class=\"team-lineup\">\n<h3>Alianza Atletico<\/h3>\n<p><img decoding=\"async\" src=\"https:\/\/media.api-sports.io\/football\/teams\/2560.png\" alt=\"Alianza Atletico\" style=\"width: 50px; height: 50px;\"><\/p>\n<div class=\"players-container\">\n<div>\n<h4>Titulares:<\/h4>\n<div class=\"player\"><a href=\"https:\/\/soccer.aidatasports.com\/fr\/players\/Diego-Meli\u00e1n-51679\"><img decoding=\"async\" src=\"https:\/\/soccer.aidatasports.com\/images\/players\/51679.png\" alt=\"Diego Meli\u00e1n\" onerror=\"this.onerror=null;this.src='https:\/\/soccer.aidatasports.com\/images\/players\/default-player.png';\"><span>Diego Meli\u00e1n<\/span><\/a><\/div>\n<div class=\"player\"><a href=\"https:\/\/soccer.aidatasports.com\/fr\/players\/Erick-Perleche-39677\"><img decoding=\"async\" src=\"https:\/\/soccer.aidatasports.com\/images\/players\/39677.png\" alt=\"Erick Perleche\" onerror=\"this.onerror=null;this.src='https:\/\/soccer.aidatasports.com\/images\/players\/default-player.png';\"><span>Erick Perleche<\/span><\/a><\/div>\n<div class=\"player\"><a href=\"https:\/\/soccer.aidatasports.com\/fr\/players\/Piero-Guzman-307509\"><img decoding=\"async\" src=\"https:\/\/soccer.aidatasports.com\/images\/players\/307509.png\" alt=\"Piero Guzman\" onerror=\"this.onerror=null;this.src='https:\/\/soccer.aidatasports.com\/images\/players\/default-player.png';\"><span>Piero Guzman<\/span><\/a><\/div>\n<div class=\"player\"><a href=\"https:\/\/soccer.aidatasports.com\/fr\/players\/Jos\u00e9-Villegas-58285\"><img decoding=\"async\" src=\"https:\/\/soccer.aidatasports.com\/images\/players\/58285.png\" alt=\"Jos\u00e9 Villegas\" onerror=\"this.onerror=null;this.src='https:\/\/soccer.aidatasports.com\/images\/players\/default-player.png';\"><span>Jos\u00e9 Villegas<\/span><\/a><\/div>\n<div class=\"player\"><a href=\"https:\/\/soccer.aidatasports.com\/fr\/players\/Horacio-Benincasa-39683\"><img decoding=\"async\" src=\"https:\/\/soccer.aidatasports.com\/images\/players\/39683.png\" alt=\"Horacio Benincasa\" onerror=\"this.onerror=null;this.src='https:\/\/soccer.aidatasports.com\/images\/players\/default-player.png';\"><span>Horacio Benincasa<\/span><\/a><\/div>\n<div class=\"player\"><a href=\"https:\/\/soccer.aidatasports.com\/fr\/players\/Jorge-del-Castillo-363127\"><img decoding=\"async\" src=\"https:\/\/soccer.aidatasports.com\/images\/players\/363127.png\" alt=\"Jorge del Castillo\" onerror=\"this.onerror=null;this.src='https:\/\/soccer.aidatasports.com\/images\/players\/default-player.png';\"><span>Jorge del Castillo<\/span><\/a><\/div>\n<div class=\"player\"><a href=\"https:\/\/soccer.aidatasports.com\/fr\/players\/Frank-Ysique-39549\"><img decoding=\"async\" src=\"https:\/\/soccer.aidatasports.com\/images\/players\/39549.png\" alt=\"Frank Ysique\" onerror=\"this.onerror=null;this.src='https:\/\/soccer.aidatasports.com\/images\/players\/default-player.png';\"><span>Frank Ysique<\/span><\/a><\/div>\n<div class=\"player\"><a href=\"https:\/\/soccer.aidatasports.com\/fr\/players\/Guillermo-Larios-307514\"><img decoding=\"async\" src=\"https:\/\/soccer.aidatasports.com\/images\/players\/307514.png\" alt=\"Guillermo Larios\" onerror=\"this.onerror=null;this.src='https:\/\/soccer.aidatasports.com\/images\/players\/default-player.png';\"><span>Guillermo Larios<\/span><\/a><\/div>\n<div class=\"player\"><a href=\"https:\/\/soccer.aidatasports.com\/fr\/players\/Jimmy-P\u00e9rez-266003\"><img decoding=\"async\" src=\"https:\/\/soccer.aidatasports.com\/images\/players\/266003.png\" alt=\"Jimmy P\u00e9rez\" onerror=\"this.onerror=null;this.src='https:\/\/soccer.aidatasports.com\/images\/players\/default-player.png';\"><span>Jimmy P\u00e9rez<\/span><\/a><\/div>\n<div class=\"player\"><a href=\"https:\/\/soccer.aidatasports.com\/fr\/players\/Luis-Olmedo-350410\"><img decoding=\"async\" src=\"https:\/\/soccer.aidatasports.com\/images\/players\/350410.png\" alt=\"Luis Olmedo\" onerror=\"this.onerror=null;this.src='https:\/\/soccer.aidatasports.com\/images\/players\/default-player.png';\"><span>Luis Olmedo<\/span><\/a><\/div>\n<div class=\"player\"><a href=\"https:\/\/soccer.aidatasports.com\/fr\/players\/Miguel-Agust\u00edn-Graneros-169899\"><img decoding=\"async\" src=\"https:\/\/soccer.aidatasports.com\/images\/players\/169899.png\" alt=\"Miguel Agust\u00edn Graneros\" onerror=\"this.onerror=null;this.src='https:\/\/soccer.aidatasports.com\/images\/players\/default-player.png';\"><span>Miguel Agust\u00edn Graneros<\/span><\/a><\/div>\n<\/div>\n<div>\n<h4>Suplentes:<\/h4>\n<div class=\"player\"><a href=\"https:\/\/soccer.aidatasports.com\/fr\/players\/Anthony-Gordillo-39535\"><img decoding=\"async\" src=\"https:\/\/soccer.aidatasports.com\/images\/players\/39535.png\" alt=\"Anthony Gordillo\" onerror=\"this.onerror=null;this.src='https:\/\/soccer.aidatasports.com\/images\/players\/default-player.png';\"><span>Anthony Gordillo<\/span><\/a><\/div>\n<div class=\"player\"><a href=\"https:\/\/soccer.aidatasports.com\/fr\/players\/Abraham-Aguinaga-325897\"><img decoding=\"async\" src=\"https:\/\/soccer.aidatasports.com\/images\/players\/325897.png\" alt=\"Abraham Aguinaga\" onerror=\"this.onerror=null;this.src='https:\/\/soccer.aidatasports.com\/images\/players\/default-player.png';\"><span>Abraham Aguinaga<\/span><\/a><\/div>\n<div class=\"player\"><a href=\"https:\/\/soccer.aidatasports.com\/fr\/players\/Rodrigo-Castro-11700\"><img decoding=\"async\" src=\"https:\/\/soccer.aidatasports.com\/images\/players\/11700.png\" alt=\"Rodrigo Castro\" onerror=\"this.onerror=null;this.src='https:\/\/soccer.aidatasports.com\/images\/players\/default-player.png';\"><span>Rodrigo Castro<\/span><\/a><\/div>\n<div class=\"player\"><a href=\"https:\/\/soccer.aidatasports.com\/fr\/players\/Franchesco-Flores-95865\"><img decoding=\"async\" src=\"https:\/\/soccer.aidatasports.com\/images\/players\/95865.png\" alt=\"Franchesco Flores\" onerror=\"this.onerror=null;this.src='https:\/\/soccer.aidatasports.com\/images\/players\/default-player.png';\"><span>Franchesco Flores<\/span><\/a><\/div>\n<div class=\"player\"><a href=\"https:\/\/soccer.aidatasports.com\/fr\/players\/Rolando-Diaz-39542\"><img decoding=\"async\" src=\"https:\/\/soccer.aidatasports.com\/images\/players\/39542.png\" alt=\"Rolando Diaz\" onerror=\"this.onerror=null;this.src='https:\/\/soccer.aidatasports.com\/images\/players\/default-player.png';\"><span>Rolando Diaz<\/span><\/a><\/div>\n<div class=\"player\"><a href=\"https:\/\/soccer.aidatasports.com\/fr\/players\/Daniel-Prieto-39975\"><img decoding=\"async\" src=\"https:\/\/soccer.aidatasports.com\/images\/players\/39975.png\" alt=\"Daniel Prieto\" onerror=\"this.onerror=null;this.src='https:\/\/soccer.aidatasports.com\/images\/players\/default-player.png';\"><span>Daniel Prieto<\/span><\/a><\/div>\n<div class=\"player\"><a href=\"https:\/\/soccer.aidatasports.com\/fr\/players\/Alexis-Cossio-39686\"><img decoding=\"async\" src=\"https:\/\/soccer.aidatasports.com\/images\/players\/39686.png\" alt=\"Alexis Cossio\" onerror=\"this.onerror=null;this.src='https:\/\/soccer.aidatasports.com\/images\/players\/default-player.png';\"><span>Alexis Cossio<\/span><\/a><\/div>\n<div class=\"player\"><a href=\"https:\/\/soccer.aidatasports.com\/fr\/players\/Hernan-Lup\u00fa-454727\"><img decoding=\"async\" src=\"https:\/\/soccer.aidatasports.com\/images\/players\/454727.png\" alt=\"Hernan Lup\u00fa\" onerror=\"this.onerror=null;this.src='https:\/\/soccer.aidatasports.com\/images\/players\/default-player.png';\"><span>Hernan Lup\u00fa<\/span><\/a><\/div>\n<div class=\"player\"><a href=\"https:\/\/soccer.aidatasports.com\/fr\/players\/Federico-Illanes-59026\"><img decoding=\"async\" src=\"https:\/\/soccer.aidatasports.com\/images\/players\/59026.png\" alt=\"Federico Illanes\" onerror=\"this.onerror=null;this.src='https:\/\/soccer.aidatasports.com\/images\/players\/default-player.png';\"><span>Federico Illanes<\/span><\/a><\/div>\n<\/div>\n<\/div>\n<\/div>\n<div class=\"team-lineup\">\n<h3>Juan Pablo II College<\/h3>\n<p><img decoding=\"async\" src=\"https:\/\/media.api-sports.io\/football\/teams\/22479.png\" alt=\"Juan Pablo II College\" style=\"width: 50px; height: 50px;\"><\/p>\n<div class=\"players-container\">\n<div>\n<h4>Titulares:<\/h4>\n<div class=\"player\"><a href=\"https:\/\/soccer.aidatasports.com\/fr\/players\/Matias-Vega-71571\"><img decoding=\"async\" src=\"https:\/\/soccer.aidatasports.com\/images\/players\/71571.png\" alt=\"Matias Vega\" onerror=\"this.onerror=null;this.src='https:\/\/soccer.aidatasports.com\/images\/players\/default-player.png';\"><span>Matias Vega<\/span><\/a><\/div>\n<div class=\"player\"><a href=\"https:\/\/soccer.aidatasports.com\/fr\/players\/Jorge-Toledo-39510\"><img decoding=\"async\" src=\"https:\/\/soccer.aidatasports.com\/images\/players\/39510.png\" alt=\"Jorge Toledo\" onerror=\"this.onerror=null;this.src='https:\/\/soccer.aidatasports.com\/images\/players\/default-player.png';\"><span>Jorge Toledo<\/span><\/a><\/div>\n<div class=\"player\"><a href=\"https:\/\/soccer.aidatasports.com\/fr\/players\/Renzo-Alfani-75001\"><img decoding=\"async\" src=\"https:\/\/soccer.aidatasports.com\/images\/players\/75001.png\" alt=\"Renzo Alfani\" onerror=\"this.onerror=null;this.src='https:\/\/soccer.aidatasports.com\/images\/players\/default-player.png';\"><span>Renzo Alfani<\/span><\/a><\/div>\n<div class=\"player\"><a href=\"https:\/\/soccer.aidatasports.com\/fr\/players\/Martin-Peralta-362211\"><img decoding=\"async\" src=\"https:\/\/soccer.aidatasports.com\/images\/players\/362211.png\" alt=\"Martin Peralta\" onerror=\"this.onerror=null;this.src='https:\/\/soccer.aidatasports.com\/images\/players\/default-player.png';\"><span>Martin Peralta<\/span><\/a><\/div>\n<div class=\"player\"><a href=\"https:\/\/soccer.aidatasports.com\/fr\/players\/Josu\u00e9-Canova-464382\"><img decoding=\"async\" src=\"https:\/\/soccer.aidatasports.com\/images\/players\/464382.png\" alt=\"Josu\u00e9 Canova\" onerror=\"this.onerror=null;this.src='https:\/\/soccer.aidatasports.com\/images\/players\/default-player.png';\"><span>Josu\u00e9 Canova<\/span><\/a><\/div>\n<div class=\"player\"><a href=\"https:\/\/soccer.aidatasports.com\/fr\/players\/Cristian-Ram\u00edrez-76118\"><img decoding=\"async\" src=\"https:\/\/soccer.aidatasports.com\/images\/players\/76118.png\" alt=\"Cristian Ram\u00edrez\" onerror=\"this.onerror=null;this.src='https:\/\/soccer.aidatasports.com\/images\/players\/default-player.png';\"><span>Cristian Ram\u00edrez<\/span><\/a><\/div>\n<div class=\"player\"><a href=\"https:\/\/soccer.aidatasports.com\/fr\/players\/Christian-Flores-307512\"><img decoding=\"async\" src=\"https:\/\/soccer.aidatasports.com\/images\/players\/307512.png\" alt=\"Christian Flores\" onerror=\"this.onerror=null;this.src='https:\/\/soccer.aidatasports.com\/images\/players\/default-player.png';\"><span>Christian Flores<\/span><\/a><\/div>\n<div class=\"player\"><a href=\"https:\/\/soccer.aidatasports.com\/fr\/players\/Nahuel-Rodriguez-313757\"><img decoding=\"async\" src=\"https:\/\/soccer.aidatasports.com\/images\/players\/313757.png\" alt=\"Nahuel Rodriguez\" onerror=\"this.onerror=null;this.src='https:\/\/soccer.aidatasports.com\/images\/players\/default-player.png';\"><span>Nahuel Rodriguez<\/span><\/a><\/div>\n<div class=\"player\"><a href=\"https:\/\/soccer.aidatasports.com\/fr\/players\/Cristhian-Tizon-51998\"><img decoding=\"async\" src=\"https:\/\/soccer.aidatasports.com\/images\/players\/51998.png\" alt=\"Cristhian Tizon\" onerror=\"this.onerror=null;this.src='https:\/\/soccer.aidatasports.com\/images\/players\/default-player.png';\"><span>Cristhian Tizon<\/span><\/a><\/div>\n<div class=\"player\"><a href=\"https:\/\/soccer.aidatasports.com\/fr\/players\/Nilson-Loyola-10341\"><img decoding=\"async\" src=\"https:\/\/soccer.aidatasports.com\/images\/players\/10341.png\" alt=\"Nilson Loyola\" onerror=\"this.onerror=null;this.src='https:\/\/soccer.aidatasports.com\/images\/players\/default-player.png';\"><span>Nilson Loyola<\/span><\/a><\/div>\n<div class=\"player\"><a href=\"https:\/\/soccer.aidatasports.com\/fr\/players\/Emiliano-Villar-51352\"><img decoding=\"async\" src=\"https:\/\/soccer.aidatasports.com\/images\/players\/51352.png\" alt=\"Emiliano Villar\" onerror=\"this.onerror=null;this.src='https:\/\/soccer.aidatasports.com\/images\/players\/default-player.png';\"><span>Emiliano Villar<\/span><\/a><\/div>\n<\/div>\n<div>\n<h4>Suplentes:<\/h4>\n<div class=\"player\"><a href=\"https:\/\/soccer.aidatasports.com\/fr\/players\/Fabio-Agurto-464380\"><img decoding=\"async\" src=\"https:\/\/soccer.aidatasports.com\/images\/players\/464380.png\" alt=\"Fabio Agurto\" onerror=\"this.onerror=null;this.src='https:\/\/soccer.aidatasports.com\/images\/players\/default-player.png';\"><span>Fabio Agurto<\/span><\/a><\/div>\n<div class=\"player\"><a href=\"https:\/\/soccer.aidatasports.com\/fr\/players\/Relly-Fern\u00e1ndez-39524\"><img decoding=\"async\" src=\"https:\/\/soccer.aidatasports.com\/images\/players\/39524.png\" alt=\"Relly Fern\u00e1ndez\" onerror=\"this.onerror=null;this.src='https:\/\/soccer.aidatasports.com\/images\/players\/default-player.png';\"><span>Relly Fern\u00e1ndez<\/span><\/a><\/div>\n<div class=\"player\"><a href=\"https:\/\/soccer.aidatasports.com\/fr\/players\/Ar\u00f3n-S\u00e1nchez-67843\"><img decoding=\"async\" src=\"https:\/\/soccer.aidatasports.com\/images\/players\/67843.png\" alt=\"Ar\u00f3n S\u00e1nchez\" onerror=\"this.onerror=null;this.src='https:\/\/soccer.aidatasports.com\/images\/players\/default-player.png';\"><span>Ar\u00f3n S\u00e1nchez<\/span><\/a><\/div>\n<div class=\"player\"><a href=\"https:\/\/soccer.aidatasports.com\/fr\/players\/Jhon-Vega-39720\"><img decoding=\"async\" src=\"https:\/\/soccer.aidatasports.com\/images\/players\/39720.png\" alt=\"Jhon Vega\" onerror=\"this.onerror=null;this.src='https:\/\/soccer.aidatasports.com\/images\/players\/default-player.png';\"><span>Jhon Vega<\/span><\/a><\/div>\n<div class=\"player\"><a href=\"https:\/\/soccer.aidatasports.com\/fr\/players\/Alvaro-Rojas-373774\"><img decoding=\"async\" src=\"https:\/\/soccer.aidatasports.com\/images\/players\/373774.png\" alt=\"Alvaro Rojas\" onerror=\"this.onerror=null;this.src='https:\/\/soccer.aidatasports.com\/images\/players\/default-player.png';\"><span>Alvaro Rojas<\/span><\/a><\/div>\n<div class=\"player\"><a href=\"https:\/\/soccer.aidatasports.com\/fr\/players\/Ismael-Quispe-39922\"><img decoding=\"async\" src=\"https:\/\/soccer.aidatasports.com\/images\/players\/39922.png\" alt=\"Ismael Quispe\" onerror=\"this.onerror=null;this.src='https:\/\/soccer.aidatasports.com\/images\/players\/default-player.png';\"><span>Ismael Quispe<\/span><\/a><\/div>\n<div class=\"player\"><a href=\"https:\/\/soccer.aidatasports.com\/fr\/players\/Michael-Rasmussen-39649\"><img decoding=\"async\" src=\"https:\/\/soccer.aidatasports.com\/images\/players\/39649.png\" alt=\"Michael Rasmussen\" onerror=\"this.onerror=null;this.src='https:\/\/soccer.aidatasports.com\/images\/players\/default-player.png';\"><span>Michael Rasmussen<\/span><\/a><\/div>\n<div class=\"player\"><a href=\"https:\/\/soccer.aidatasports.com\/fr\/players\/Gustavo-Aliaga-196346\"><img decoding=\"async\" src=\"https:\/\/soccer.aidatasports.com\/images\/players\/196346.png\" alt=\"Gustavo Aliaga\" onerror=\"this.onerror=null;this.src='https:\/\/soccer.aidatasports.com\/images\/players\/default-player.png';\"><span>Gustavo Aliaga<\/span><\/a><\/div>\n<div class=\"player\"><a href=\"https:\/\/soccer.aidatasports.com\/fr\/players\/Jorge-Quijano-527342\"><img decoding=\"async\" src=\"https:\/\/soccer.aidatasports.com\/images\/players\/527342.png\" alt=\"Jorge Quijano\" onerror=\"this.onerror=null;this.src='https:\/\/soccer.aidatasports.com\/images\/players\/default-player.png';\"><span>Jorge Quijano<\/span><\/a><\/div>\n<\/div>\n<\/div>\n<\/div>\n<\/div>\n<div id=\"wg-api-football-game\"\n                    data-host=\"xxxxx\"\n                    data-key=\"xxxx\"\n                    data-id=\"1437439\"\n                    data-theme=\"\"\n                    data-refresh=\"15\"\n                    data-show-errors=\"false\"\n                    data-show-logos=\"true\"><br \/>\n                    class=\u00a0\u00bbwg_loader\u00a0\u00bb>\n                <\/div>\n<div id=\"wg-api-football-standings\"\n                    data-host=\"xxxx\"\n                    data-key=\"ddddd\"\n                    data-league=\"281\"\n                    data-team=\"\"\n                    data-season=\"2025\"\n                    data-theme=\"\"\n                    data-show-errors=\"false\"\n                    data-show-logos=\"true\"\n                    class=\"wg_loader\">\n                <\/div>\n<p>                <script\n                    type=\"module\"\n                    src=\"https:\/\/soccer.aidatasports.com\/wp-content\/customjs\/widgetslocal.js\">\n                <\/script><\/p>\n","protected":false},"excerpt":{"rendered":"<p>FRAN\u00c7AIS Match nul tendu \u00e0 Sullana : Juan Pablo II College et Alianza Atl\u00e9tico font&hellip;<\/p>\n","protected":false},"author":1,"featured_media":105215,"comment_status":"open","ping_status":"open","sticky":false,"template":"","format":"standard","meta":{"content-type":"","pmpro_default_level":"","_lmt_disableupdate":"","_lmt_disable":"","_league":15837,"_fixture":1437439,"penci_pfeatured_image_ratio":"","penci_single_style":"","footnotes":""},"categories":[15837],"tags":[2277,13608],"class_list":["post-105216","post","type-post","status-publish","format-standard","has-post-thumbnail","hentry","category-matches","tag-alianza-atletico-peru-2560","tag-juan-pablo-ii-college-peru-22479","pmpro-has-access"],"_links":{"self":[{"href":"https:\/\/soccer.aidatasports.com\/fr\/wp-json\/wp\/v2\/posts\/105216"}],"collection":[{"href":"https:\/\/soccer.aidatasports.com\/fr\/wp-json\/wp\/v2\/posts"}],"about":[{"href":"https:\/\/soccer.aidatasports.com\/fr\/wp-json\/wp\/v2\/types\/post"}],"author":[{"embeddable":true,"href":"https:\/\/soccer.aidatasports.com\/fr\/wp-json\/wp\/v2\/users\/1"}],"replies":[{"embeddable":true,"href":"https:\/\/soccer.aidatasports.com\/fr\/wp-json\/wp\/v2\/comments?post=105216"}],"version-history":[{"count":0,"href":"https:\/\/soccer.aidatasports.com\/fr\/wp-json\/wp\/v2\/posts\/105216\/revisions"}],"wp:featuredmedia":[{"embeddable":true,"href":"https:\/\/soccer.aidatasports.com\/fr\/wp-json\/wp\/v2\/media\/105215"}],"wp:attachment":[{"href":"https:\/\/soccer.aidatasports.com\/fr\/wp-json\/wp\/v2\/media?parent=105216"}],"wp:term":[{"taxonomy":"category","embeddable":true,"href":"https:\/\/soccer.aidatasports.com\/fr\/wp-json\/wp\/v2\/categories?post=105216"},{"taxonomy":"post_tag","embeddable":true,"href":"https:\/\/soccer.aidatasports.com\/fr\/wp-json\/wp\/v2\/tags?post=105216"}],"curies":[{"name":"wp","href":"https:\/\/api.w.org\/{rel}","templated":true}]}}