{"id":104368,"date":"2025-09-02T00:10:38","date_gmt":"2025-09-02T00:10:38","guid":{"rendered":"https:\/\/soccer.aidatasports.com\/fr\/uncategorized\/chapecoense-sc-vs-vila-nova-sep-01-2025-2200-utc\/"},"modified":"2025-09-02T00:10:38","modified_gmt":"2025-09-02T00:10:38","slug":"chapecoense-sc-vs-vila-nova-sep-01-2025-2200-utc","status":"publish","type":"post","link":"https:\/\/soccer.aidatasports.com\/fr\/matches\/chapecoense-sc-vs-vila-nova-sep-01-2025-2200-utc\/","title":{"rendered":"Chapecoense-sc vs Vila Nova Sep 01 2025 22:00 UTC"},"content":{"rendered":"<p><strong>Fran\u00e7ais:<\/strong><\/p>\n<p><strong>Nul Passionnant \u00e0 l&rsquo;Arena Cond\u00e1 : Chapecoense-SC et Vila Nova Partagent les Points<\/strong><\/p>\n<p>Chapec\u00f3, Santa Catarina \u2013 Un match charg\u00e9 d&rsquo;\u00e9motions et de cartons s&rsquo;est d\u00e9roul\u00e9 \u00e0 l&rsquo;Arena Cond\u00e1 entre Chapecoense-SC et Vila Nova, aboutissant \u00e0 un match nul qui a laiss\u00e9 un go\u00fbt amer aux deux \u00e9quipes.<\/p>\n<p>Chapecoense-SC a domin\u00e9 la possession de balle avec 68 %, g\u00e9n\u00e9rant un total de 16 tirs, bien que seulement 3 d&rsquo;entre eux aient \u00e9t\u00e9 cadr\u00e9s. La premi\u00e8re mi-temps a vu Rafael Carvalheira donner l&rsquo;avantage aux locaux \u00e0 la 41e minute gr\u00e2ce \u00e0 une passe d\u00e9cisive de W. Clar, d\u00e9clenchant la joie dans les tribunes. Cependant, Vila Nova a r\u00e9pondu juste avant la mi-temps, avec Joao Vieira transformant un penalty \u00e0 la 45e minute.<\/p>\n<p>La seconde mi-temps a continu\u00e9 avec intensit\u00e9. W. Clar a creus\u00e9 l&rsquo;\u00e9cart pour Chapecoense-SC en marquant un penalty \u00e0 la 62e minute. Mais Vila Nova n&rsquo;a pas abandonn\u00e9 et Bruno Mendes a \u00e9galis\u00e9 \u00e0 la 64e minute, apr\u00e8s une passe d\u00e9cisive de Guilherme Parede. Le match a \u00e9t\u00e9 affect\u00e9 par le nombre \u00e9lev\u00e9 de fautes (10 pour Chapecoense-SC et 23 pour Vila Nova) et les nombreux cartons : 3 jaunes et un rouge pour l&rsquo;\u00e9quipe locale, et 7 jaunes pour les visiteurs. Eduardo Person de Chapecoense-SC a \u00e9t\u00e9 expuls\u00e9 \u00e0 la 83e minute. Malgr\u00e9 les efforts finaux, le score n&rsquo;a pas chang\u00e9, scellant le match nul.<\/p>\n<p>Remplacements dans l&rsquo;quipe de chapecoense-sc: \u00c0 la 15e minute, Victor Caetano est entr\u00e9 et Everton est sorti., \u00c0 la 68e minute, Italo est entr\u00e9 et Pedro Perotti est sorti., \u00c0 la 85e minute, Marcinho est entr\u00e9 et Mailson est sorti., \u00c0 la 85e minute, Gabriel Inocencio est entr\u00e9 et Rubens Ricoldi est sorti. <\/p>\n<p>Remplacements dans l&rsquo;quipe de vila nova: \u00c0 la 46e minute, Jean Mota est entr\u00e9 et Bruno Xavier est sorti., \u00c0 la 46e minute, Tiago Pagnussat est entr\u00e9 et Nathan Melo est sorti., \u00c0 la 46e minute, Ruan Ribeiro est entr\u00e9 et Bruno Mendes est sorti., \u00c0 la 85e minute, Joao Vieira est entr\u00e9 et Igor Henrique est sorti., \u00c0 la 90e minute, Guilherme Parede est entr\u00e9 et Junior Todinho est sorti. <\/p>\n<p>Les \u00e9quipes se sont align\u00e9es comme suit:<\/p>\n<div class=\"lineups-container\">\n<style>\n                .lineups-container {\n                    display: flex;\n                    justify-content: space-around;\n                    flex-wrap: wrap;\n                }\n                .team-lineup {\n                    width: 49%;\n                    margin-bottom: 20px;\n                    border: 1px solid #ccc;\n                    padding: 5px;\n                }\n                .team-lineup h3 {\n                    text-align: center;\n                    margin-bottom: 10px;\n                }\n                .players-container {\n                    display: flex;\n                    justify-content: space-between;\n                }\n                .players-container div {\n                    width: 100%;\n                }\n                .player {\n                    display: flex;\n                    align-items: center;\n                    margin-bottom: 5px;\n                }\n                .player img {\n                    width: 30px;\n                    height: 30px;\n                    border-radius: 50%;\n                    margin-right: 10px;\n                }\n                    @media (max-width: 600px) {\n                    .team-lineup {\n                        width: 100%;\n                    }\n                }\n                <\/style>\n<div class=\"team-lineup\">\n<h3>Chapecoense-sc<\/h3>\n<p><img decoding=\"async\" src=\"https:\/\/media.api-sports.io\/football\/teams\/132.png\" alt=\"Chapecoense-sc\" style=\"width: 50px; height: 50px;\"><\/p>\n<div class=\"players-container\">\n<div>\n<h4>Titulares:<\/h4>\n<div class=\"player\"><a href=\"https:\/\/soccer.aidatasports.com\/fr\/players\/L\u00e9o-Vieira-10109\"><img decoding=\"async\" src=\"https:\/\/soccer.aidatasports.com\/images\/players\/10109.png\" alt=\"L\u00e9o Vieira\" onerror=\"this.onerror=null;this.src='https:\/\/soccer.aidatasports.com\/images\/players\/default-player.png';\"><span>L\u00e9o Vieira<\/span><\/a><\/div>\n<div class=\"player\"><a href=\"https:\/\/soccer.aidatasports.com\/fr\/players\/Victor-Caetano-9666\"><img decoding=\"async\" src=\"https:\/\/soccer.aidatasports.com\/images\/players\/9666.png\" alt=\"Victor Caetano\" onerror=\"this.onerror=null;this.src='https:\/\/soccer.aidatasports.com\/images\/players\/default-player.png';\"><span>Victor Caetano<\/span><\/a><\/div>\n<div class=\"player\"><a href=\"https:\/\/soccer.aidatasports.com\/fr\/players\/Eduardo-Doma-106467\"><img decoding=\"async\" src=\"https:\/\/soccer.aidatasports.com\/images\/players\/106467.png\" alt=\"Eduardo Doma\" onerror=\"this.onerror=null;this.src='https:\/\/soccer.aidatasports.com\/images\/players\/default-player.png';\"><span>Eduardo Doma<\/span><\/a><\/div>\n<div class=\"player\"><a href=\"https:\/\/soccer.aidatasports.com\/fr\/players\/Jo\u00e3o-Paulo-197064\"><img decoding=\"async\" src=\"https:\/\/soccer.aidatasports.com\/images\/players\/197064.png\" alt=\"Jo\u00e3o Paulo\" onerror=\"this.onerror=null;this.src='https:\/\/soccer.aidatasports.com\/images\/players\/default-player.png';\"><span>Jo\u00e3o Paulo<\/span><\/a><\/div>\n<div class=\"player\"><a href=\"https:\/\/soccer.aidatasports.com\/fr\/players\/Gabriel-Inoc\u00eancio-195428\"><img decoding=\"async\" src=\"https:\/\/soccer.aidatasports.com\/images\/players\/195428.png\" alt=\"Gabriel Inoc\u00eancio\" onerror=\"this.onerror=null;this.src='https:\/\/soccer.aidatasports.com\/images\/players\/default-player.png';\"><span>Gabriel Inoc\u00eancio<\/span><\/a><\/div>\n<div class=\"player\"><a href=\"https:\/\/soccer.aidatasports.com\/fr\/players\/Rafael-Carvalheira-106495\"><img decoding=\"async\" src=\"https:\/\/soccer.aidatasports.com\/images\/players\/106495.png\" alt=\"Rafael Carvalheira\" onerror=\"this.onerror=null;this.src='https:\/\/soccer.aidatasports.com\/images\/players\/default-player.png';\"><span>Rafael Carvalheira<\/span><\/a><\/div>\n<div class=\"player\"><a href=\"https:\/\/soccer.aidatasports.com\/fr\/players\/Bruno-Matias-80626\"><img decoding=\"async\" src=\"https:\/\/soccer.aidatasports.com\/images\/players\/80626.png\" alt=\"Bruno Matias\" onerror=\"this.onerror=null;this.src='https:\/\/soccer.aidatasports.com\/images\/players\/default-player.png';\"><span>Bruno Matias<\/span><\/a><\/div>\n<div class=\"player\"><a href=\"https:\/\/soccer.aidatasports.com\/fr\/players\/Marcinho-10363\"><img decoding=\"async\" src=\"https:\/\/soccer.aidatasports.com\/images\/players\/10363.png\" alt=\"Marcinho\" onerror=\"this.onerror=null;this.src='https:\/\/soccer.aidatasports.com\/images\/players\/default-player.png';\"><span>Marcinho<\/span><\/a><\/div>\n<div class=\"player\"><a href=\"https:\/\/soccer.aidatasports.com\/fr\/players\/Walter-Clar-70793\"><img decoding=\"async\" src=\"https:\/\/soccer.aidatasports.com\/images\/players\/70793.png\" alt=\"Walter Clar\" onerror=\"this.onerror=null;this.src='https:\/\/soccer.aidatasports.com\/images\/players\/default-player.png';\"><span>Walter Clar<\/span><\/a><\/div>\n<div class=\"player\"><a href=\"https:\/\/soccer.aidatasports.com\/fr\/players\/Neto-Pessoa-54102\"><img decoding=\"async\" src=\"https:\/\/soccer.aidatasports.com\/images\/players\/54102.png\" alt=\"Neto Pessoa\" onerror=\"this.onerror=null;this.src='https:\/\/soccer.aidatasports.com\/images\/players\/default-player.png';\"><span>Neto Pessoa<\/span><\/a><\/div>\n<div class=\"player\"><a href=\"https:\/\/soccer.aidatasports.com\/fr\/players\/Italo-410229\"><img decoding=\"async\" src=\"https:\/\/soccer.aidatasports.com\/images\/players\/410229.png\" alt=\"Italo\" onerror=\"this.onerror=null;this.src='https:\/\/soccer.aidatasports.com\/images\/players\/default-player.png';\"><span>Italo<\/span><\/a><\/div>\n<\/div>\n<div>\n<h4>Suplentes:<\/h4>\n<div class=\"player\"><a href=\"https:\/\/soccer.aidatasports.com\/fr\/players\/Everton-55185\"><img decoding=\"async\" src=\"https:\/\/soccer.aidatasports.com\/images\/players\/55185.png\" alt=\"Everton\" onerror=\"this.onerror=null;this.src='https:\/\/soccer.aidatasports.com\/images\/players\/default-player.png';\"><span>Everton<\/span><\/a><\/div>\n<div class=\"player\"><a href=\"https:\/\/soccer.aidatasports.com\/fr\/players\/Perotti-10220\"><img decoding=\"async\" src=\"https:\/\/soccer.aidatasports.com\/images\/players\/10220.png\" alt=\"Perotti\" onerror=\"this.onerror=null;this.src='https:\/\/soccer.aidatasports.com\/images\/players\/default-player.png';\"><span>Perotti<\/span><\/a><\/div>\n<div class=\"player\"><a href=\"https:\/\/soccer.aidatasports.com\/fr\/players\/Rubens-Tadeu-408347\"><img decoding=\"async\" src=\"https:\/\/soccer.aidatasports.com\/images\/players\/408347.png\" alt=\"Rubens Tadeu\" onerror=\"this.onerror=null;this.src='https:\/\/soccer.aidatasports.com\/images\/players\/default-player.png';\"><span>Rubens Tadeu<\/span><\/a><\/div>\n<div class=\"player\"><a href=\"https:\/\/soccer.aidatasports.com\/fr\/players\/Mailson-455321\"><img decoding=\"async\" src=\"https:\/\/soccer.aidatasports.com\/images\/players\/455321.png\" alt=\"Mailson\" onerror=\"this.onerror=null;this.src='https:\/\/soccer.aidatasports.com\/images\/players\/default-player.png';\"><span>Mailson<\/span><\/a><\/div>\n<div class=\"player\"><a href=\"https:\/\/soccer.aidatasports.com\/fr\/players\/Rafael-Santos-9589\"><img decoding=\"async\" src=\"https:\/\/soccer.aidatasports.com\/images\/players\/9589.png\" alt=\"Rafael Santos\" onerror=\"this.onerror=null;this.src='https:\/\/soccer.aidatasports.com\/images\/players\/default-player.png';\"><span>Rafael Santos<\/span><\/a><\/div>\n<div class=\"player\"><a href=\"https:\/\/soccer.aidatasports.com\/fr\/players\/Felipe-Vieira-9276\"><img decoding=\"async\" src=\"https:\/\/soccer.aidatasports.com\/images\/players\/9276.png\" alt=\"Felipe Vieira\" onerror=\"this.onerror=null;this.src='https:\/\/soccer.aidatasports.com\/images\/players\/default-player.png';\"><span>Felipe Vieira<\/span><\/a><\/div>\n<div class=\"player\"><a href=\"https:\/\/soccer.aidatasports.com\/fr\/players\/Bressan-51127\"><img decoding=\"async\" src=\"https:\/\/soccer.aidatasports.com\/images\/players\/51127.png\" alt=\"Bressan\" onerror=\"this.onerror=null;this.src='https:\/\/soccer.aidatasports.com\/images\/players\/default-player.png';\"><span>Bressan<\/span><\/a><\/div>\n<div class=\"player\"><a href=\"https:\/\/soccer.aidatasports.com\/fr\/players\/Jhonnathan-279812\"><img decoding=\"async\" src=\"https:\/\/soccer.aidatasports.com\/images\/players\/279812.png\" alt=\"Jhonnathan\" onerror=\"this.onerror=null;this.src='https:\/\/soccer.aidatasports.com\/images\/players\/default-player.png';\"><span>Jhonnathan<\/span><\/a><\/div>\n<div class=\"player\"><a href=\"https:\/\/soccer.aidatasports.com\/fr\/players\/Eduardo-Person-119272\"><img decoding=\"async\" src=\"https:\/\/soccer.aidatasports.com\/images\/players\/119272.png\" alt=\"Eduardo Person\" onerror=\"this.onerror=null;this.src='https:\/\/soccer.aidatasports.com\/images\/players\/default-player.png';\"><span>Eduardo Person<\/span><\/a><\/div>\n<div class=\"player\"><a href=\"https:\/\/soccer.aidatasports.com\/fr\/players\/Jorge-Roa-Jim\u00e9nez-54709\"><img decoding=\"async\" src=\"https:\/\/soccer.aidatasports.com\/images\/players\/54709.png\" alt=\"Jorge Roa Jim\u00e9nez\" onerror=\"this.onerror=null;this.src='https:\/\/soccer.aidatasports.com\/images\/players\/default-player.png';\"><span>Jorge Roa Jim\u00e9nez<\/span><\/a><\/div>\n<div class=\"player\"><a href=\"https:\/\/soccer.aidatasports.com\/fr\/players\/Pedro-Victor-Martins-305038\"><img decoding=\"async\" src=\"https:\/\/soccer.aidatasports.com\/images\/players\/305038.png\" alt=\"Pedro Victor Martins\" onerror=\"this.onerror=null;this.src='https:\/\/soccer.aidatasports.com\/images\/players\/default-player.png';\"><span>Pedro Victor Martins<\/span><\/a><\/div>\n<div class=\"player\"><a href=\"https:\/\/soccer.aidatasports.com\/fr\/players\/R\u00f4mulo-50575\"><img decoding=\"async\" src=\"https:\/\/soccer.aidatasports.com\/images\/players\/50575.png\" alt=\"R\u00f4mulo\" onerror=\"this.onerror=null;this.src='https:\/\/soccer.aidatasports.com\/images\/players\/default-player.png';\"><span>R\u00f4mulo<\/span><\/a><\/div>\n<\/div>\n<\/div>\n<\/div>\n<div class=\"team-lineup\">\n<h3>Vila Nova<\/h3>\n<p><img decoding=\"async\" src=\"https:\/\/media.api-sports.io\/football\/teams\/142.png\" alt=\"Vila Nova\" style=\"width: 50px; height: 50px;\"><\/p>\n<div class=\"players-container\">\n<div>\n<h4>Titulares:<\/h4>\n<div class=\"player\"><a href=\"https:\/\/soccer.aidatasports.com\/fr\/players\/Halls-198327\"><img decoding=\"async\" src=\"https:\/\/soccer.aidatasports.com\/images\/players\/198327.png\" alt=\"Halls\" onerror=\"this.onerror=null;this.src='https:\/\/soccer.aidatasports.com\/images\/players\/default-player.png';\"><span>Halls<\/span><\/a><\/div>\n<div class=\"player\"><a href=\"https:\/\/soccer.aidatasports.com\/fr\/players\/Pedro-Romano-381623\"><img decoding=\"async\" src=\"https:\/\/soccer.aidatasports.com\/images\/players\/381623.png\" alt=\"Pedro Romano\" onerror=\"this.onerror=null;this.src='https:\/\/soccer.aidatasports.com\/images\/players\/default-player.png';\"><span>Pedro Romano<\/span><\/a><\/div>\n<div class=\"player\"><a href=\"https:\/\/soccer.aidatasports.com\/fr\/players\/Tiago-Pagnussat-6204\"><img decoding=\"async\" src=\"https:\/\/soccer.aidatasports.com\/images\/players\/6204.png\" alt=\"Tiago Pagnussat\" onerror=\"this.onerror=null;this.src='https:\/\/soccer.aidatasports.com\/images\/players\/default-player.png';\"><span>Tiago Pagnussat<\/span><\/a><\/div>\n<div class=\"player\"><a href=\"https:\/\/soccer.aidatasports.com\/fr\/players\/Walisson-Maia-9347\"><img decoding=\"async\" src=\"https:\/\/soccer.aidatasports.com\/images\/players\/9347.png\" alt=\"Walisson Maia\" onerror=\"this.onerror=null;this.src='https:\/\/soccer.aidatasports.com\/images\/players\/default-player.png';\"><span>Walisson Maia<\/span><\/a><\/div>\n<div class=\"player\"><a href=\"https:\/\/soccer.aidatasports.com\/fr\/players\/Higor-372623\"><img decoding=\"async\" src=\"https:\/\/soccer.aidatasports.com\/images\/players\/372623.png\" alt=\"Higor\" onerror=\"this.onerror=null;this.src='https:\/\/soccer.aidatasports.com\/images\/players\/default-player.png';\"><span>Higor<\/span><\/a><\/div>\n<div class=\"player\"><a href=\"https:\/\/soccer.aidatasports.com\/fr\/players\/Jo\u00e3o-Vieira-182494\"><img decoding=\"async\" src=\"https:\/\/soccer.aidatasports.com\/images\/players\/182494.png\" alt=\"Jo\u00e3o Vieira\" onerror=\"this.onerror=null;this.src='https:\/\/soccer.aidatasports.com\/images\/players\/default-player.png';\"><span>Jo\u00e3o Vieira<\/span><\/a><\/div>\n<div class=\"player\"><a href=\"https:\/\/soccer.aidatasports.com\/fr\/players\/Jean-Mota-9997\"><img decoding=\"async\" src=\"https:\/\/soccer.aidatasports.com\/images\/players\/9997.png\" alt=\"Jean Mota\" onerror=\"this.onerror=null;this.src='https:\/\/soccer.aidatasports.com\/images\/players\/default-player.png';\"><span>Jean Mota<\/span><\/a><\/div>\n<div class=\"player\"><a href=\"https:\/\/soccer.aidatasports.com\/fr\/players\/Elias-Lira-Nogueira-J\u00fanior-9573\"><img decoding=\"async\" src=\"https:\/\/soccer.aidatasports.com\/images\/players\/9573.png\" alt=\"Elias Lira Nogueira J\u00fanior\" onerror=\"this.onerror=null;this.src='https:\/\/soccer.aidatasports.com\/images\/players\/default-player.png';\"><span>Elias Lira Nogueira J\u00fanior<\/span><\/a><\/div>\n<div class=\"player\"><a href=\"https:\/\/soccer.aidatasports.com\/fr\/players\/Dod\u00f4-306885\"><img decoding=\"async\" src=\"https:\/\/soccer.aidatasports.com\/images\/players\/306885.png\" alt=\"Dod\u00f4\" onerror=\"this.onerror=null;this.src='https:\/\/soccer.aidatasports.com\/images\/players\/default-player.png';\"><span>Dod\u00f4<\/span><\/a><\/div>\n<div class=\"player\"><a href=\"https:\/\/soccer.aidatasports.com\/fr\/players\/Guilherme-Parede-10404\"><img decoding=\"async\" src=\"https:\/\/soccer.aidatasports.com\/images\/players\/10404.png\" alt=\"Guilherme Parede\" onerror=\"this.onerror=null;this.src='https:\/\/soccer.aidatasports.com\/images\/players\/default-player.png';\"><span>Guilherme Parede<\/span><\/a><\/div>\n<div class=\"player\"><a href=\"https:\/\/soccer.aidatasports.com\/fr\/players\/Ruan-Ribeiro-279807\"><img decoding=\"async\" src=\"https:\/\/soccer.aidatasports.com\/images\/players\/279807.png\" alt=\"Ruan Ribeiro\" onerror=\"this.onerror=null;this.src='https:\/\/soccer.aidatasports.com\/images\/players\/default-player.png';\"><span>Ruan Ribeiro<\/span><\/a><\/div>\n<\/div>\n<div>\n<h4>Suplentes:<\/h4>\n<div class=\"player\"><a href=\"https:\/\/soccer.aidatasports.com\/fr\/players\/Bruno-Xavier-9394\"><img decoding=\"async\" src=\"https:\/\/soccer.aidatasports.com\/images\/players\/9394.png\" alt=\"Bruno Xavier\" onerror=\"this.onerror=null;this.src='https:\/\/soccer.aidatasports.com\/images\/players\/default-player.png';\"><span>Bruno Xavier<\/span><\/a><\/div>\n<div class=\"player\"><a href=\"https:\/\/soccer.aidatasports.com\/fr\/players\/Nathan-Melo-297513\"><img decoding=\"async\" src=\"https:\/\/soccer.aidatasports.com\/images\/players\/297513.png\" alt=\"Nathan Melo\" onerror=\"this.onerror=null;this.src='https:\/\/soccer.aidatasports.com\/images\/players\/default-player.png';\"><span>Nathan Melo<\/span><\/a><\/div>\n<div class=\"player\"><a href=\"https:\/\/soccer.aidatasports.com\/fr\/players\/Bruno-Mendes-33186\"><img decoding=\"async\" src=\"https:\/\/soccer.aidatasports.com\/images\/players\/33186.png\" alt=\"Bruno Mendes\" onerror=\"this.onerror=null;this.src='https:\/\/soccer.aidatasports.com\/images\/players\/default-player.png';\"><span>Bruno Mendes<\/span><\/a><\/div>\n<div class=\"player\"><a href=\"https:\/\/soccer.aidatasports.com\/fr\/players\/Igor-Henrique-9717\"><img decoding=\"async\" src=\"https:\/\/soccer.aidatasports.com\/images\/players\/9717.png\" alt=\"Igor Henrique\" onerror=\"this.onerror=null;this.src='https:\/\/soccer.aidatasports.com\/images\/players\/default-player.png';\"><span>Igor Henrique<\/span><\/a><\/div>\n<div class=\"player\"><a href=\"https:\/\/soccer.aidatasports.com\/fr\/players\/Mauricio-Kozlinski-9304\"><img decoding=\"async\" src=\"https:\/\/soccer.aidatasports.com\/images\/players\/9304.png\" alt=\"Mauricio Kozlinski\" onerror=\"this.onerror=null;this.src='https:\/\/soccer.aidatasports.com\/images\/players\/default-player.png';\"><span>Mauricio Kozlinski<\/span><\/a><\/div>\n<div class=\"player\"><a href=\"https:\/\/soccer.aidatasports.com\/fr\/players\/Thalys-146060\"><img decoding=\"async\" src=\"https:\/\/soccer.aidatasports.com\/images\/players\/146060.png\" alt=\"Thalys\" onerror=\"this.onerror=null;this.src='https:\/\/soccer.aidatasports.com\/images\/players\/default-player.png';\"><span>Thalys<\/span><\/a><\/div>\n<div class=\"player\"><a href=\"https:\/\/soccer.aidatasports.com\/fr\/players\/Diego-Miticov-299093\"><img decoding=\"async\" src=\"https:\/\/soccer.aidatasports.com\/images\/players\/299093.png\" alt=\"Diego Miticov\" onerror=\"this.onerror=null;this.src='https:\/\/soccer.aidatasports.com\/images\/players\/default-player.png';\"><span>Diego Miticov<\/span><\/a><\/div>\n<div class=\"player\"><a href=\"https:\/\/soccer.aidatasports.com\/fr\/players\/Todinho-9262\"><img decoding=\"async\" src=\"https:\/\/soccer.aidatasports.com\/images\/players\/9262.png\" alt=\"Todinho\" onerror=\"this.onerror=null;this.src='https:\/\/soccer.aidatasports.com\/images\/players\/default-player.png';\"><span>Todinho<\/span><\/a><\/div>\n<div class=\"player\"><a href=\"https:\/\/soccer.aidatasports.com\/fr\/players\/Gabriel-Poveda-10141\"><img decoding=\"async\" src=\"https:\/\/soccer.aidatasports.com\/images\/players\/10141.png\" alt=\"Gabriel Poveda\" onerror=\"this.onerror=null;this.src='https:\/\/soccer.aidatasports.com\/images\/players\/default-player.png';\"><span>Gabriel Poveda<\/span><\/a><\/div>\n<div class=\"player\"><a href=\"https:\/\/soccer.aidatasports.com\/fr\/players\/Andr\u00e9-Lu\u00eds-10256\"><img decoding=\"async\" src=\"https:\/\/soccer.aidatasports.com\/images\/players\/10256.png\" alt=\"Andr\u00e9 Lu\u00eds\" onerror=\"this.onerror=null;this.src='https:\/\/soccer.aidatasports.com\/images\/players\/default-player.png';\"><span>Andr\u00e9 Lu\u00eds<\/span><\/a><\/div>\n<div class=\"player\"><a href=\"https:\/\/soccer.aidatasports.com\/fr\/players\/Gustavo-Paj\u00e9-467065\"><img decoding=\"async\" src=\"https:\/\/soccer.aidatasports.com\/images\/players\/467065.png\" alt=\"Gustavo Paj\u00e9\" onerror=\"this.onerror=null;this.src='https:\/\/soccer.aidatasports.com\/images\/players\/default-player.png';\"><span>Gustavo Paj\u00e9<\/span><\/a><\/div>\n<\/div>\n<\/div>\n<\/div>\n<\/div>\n<div id=\"wg-api-football-game\"\n                    data-host=\"xxxxx\"\n                    data-key=\"xxxx\"\n                    data-id=\"1353494\"\n                    data-theme=\"\"\n                    data-refresh=\"15\"\n                    data-show-errors=\"false\"\n                    data-show-logos=\"true\"><br \/>\n                    class=\u00a0\u00bbwg_loader\u00a0\u00bb>\n                <\/div>\n<div id=\"wg-api-football-standings\"\n                    data-host=\"xxxx\"\n                    data-key=\"ddddd\"\n                    data-league=\"72\"\n                    data-team=\"\"\n                    data-season=\"2025\"\n                    data-theme=\"\"\n                    data-show-errors=\"false\"\n                    data-show-logos=\"true\"\n                    class=\"wg_loader\">\n                <\/div>\n<p>                <script\n                    type=\"module\"\n                    src=\"https:\/\/soccer.aidatasports.com\/wp-content\/customjs\/widgetslocal.js\">\n                <\/script><\/p>\n","protected":false},"excerpt":{"rendered":"<p>Fran\u00e7ais: Nul Passionnant \u00e0 l&rsquo;Arena Cond\u00e1 : Chapecoense-SC et Vila Nova Partagent les Points Chapec\u00f3,&hellip;<\/p>\n","protected":false},"author":1,"featured_media":104367,"comment_status":"open","ping_status":"open","sticky":false,"template":"","format":"standard","meta":{"content-type":"","pmpro_default_level":"","_lmt_disableupdate":"","_lmt_disable":"","_league":15837,"_fixture":1353494,"penci_pfeatured_image_ratio":"","penci_single_style":"","footnotes":""},"categories":[15837],"tags":[255,265],"class_list":["post-104368","post","type-post","status-publish","format-standard","has-post-thumbnail","hentry","category-matches","tag-chapecoense-sc-brazil-132","tag-vila-nova-brazil-142","pmpro-has-access"],"_links":{"self":[{"href":"https:\/\/soccer.aidatasports.com\/fr\/wp-json\/wp\/v2\/posts\/104368"}],"collection":[{"href":"https:\/\/soccer.aidatasports.com\/fr\/wp-json\/wp\/v2\/posts"}],"about":[{"href":"https:\/\/soccer.aidatasports.com\/fr\/wp-json\/wp\/v2\/types\/post"}],"author":[{"embeddable":true,"href":"https:\/\/soccer.aidatasports.com\/fr\/wp-json\/wp\/v2\/users\/1"}],"replies":[{"embeddable":true,"href":"https:\/\/soccer.aidatasports.com\/fr\/wp-json\/wp\/v2\/comments?post=104368"}],"version-history":[{"count":0,"href":"https:\/\/soccer.aidatasports.com\/fr\/wp-json\/wp\/v2\/posts\/104368\/revisions"}],"wp:featuredmedia":[{"embeddable":true,"href":"https:\/\/soccer.aidatasports.com\/fr\/wp-json\/wp\/v2\/media\/104367"}],"wp:attachment":[{"href":"https:\/\/soccer.aidatasports.com\/fr\/wp-json\/wp\/v2\/media?parent=104368"}],"wp:term":[{"taxonomy":"category","embeddable":true,"href":"https:\/\/soccer.aidatasports.com\/fr\/wp-json\/wp\/v2\/categories?post=104368"},{"taxonomy":"post_tag","embeddable":true,"href":"https:\/\/soccer.aidatasports.com\/fr\/wp-json\/wp\/v2\/tags?post=104368"}],"curies":[{"name":"wp","href":"https:\/\/api.w.org\/{rel}","templated":true}]}}