{"id":103502,"date":"2025-08-28T20:03:29","date_gmt":"2025-08-28T20:03:29","guid":{"rendered":"https:\/\/soccer.aidatasports.com\/fr\/uncategorized\/rayo-vallecano-vs-neman-aug-28-2025-1800-utc\/"},"modified":"2025-08-28T20:03:29","modified_gmt":"2025-08-28T20:03:29","slug":"rayo-vallecano-vs-neman-aug-28-2025-1800-utc","status":"publish","type":"post","link":"https:\/\/soccer.aidatasports.com\/fr\/matches\/rayo-vallecano-vs-neman-aug-28-2025-1800-utc\/","title":{"rendered":"Rayo Vallecano vs Neman Aug 28 2025 18:00 UTC"},"content":{"rendered":"<p><strong>Fran\u00e7ais<\/strong><\/p>\n<p><strong>Rayo Vallecano Domine Neman au Stade de Vallecas<\/strong><\/p>\n<p>Madrid, Espagne \u2013 Rayo Vallecano a affich\u00e9 une domination \u00e9crasante lors de son match contre Neman, correspondant au tour de barrage de l&rsquo;UEFA Europa Conference League. Avec 70% de possession, l&rsquo;\u00e9quipe espagnole a contr\u00f4l\u00e9 le rythme du jeu d\u00e8s le coup de sifflet initial. Malgr\u00e9 un but refus\u00e9 \u00e0 S. Camello \u00e0 la 42e minute pour hors-jeu, Rayo est rest\u00e9 d\u00e9termin\u00e9 et a maintenu la pression.<\/p>\n<p>La deuxi\u00e8me mi-temps a \u00e9t\u00e9 un v\u00e9ritable d\u00e9luge offensif de Rayo Vallecano. A. Garcia a ouvert le score \u00e0 la 64e minute, sur une passe de J. de Frutos, d\u00e9clenchant l&rsquo;euphorie dans les tribunes. \u00c0 peine une minute plus tard, S. Camello a creus\u00e9 l&rsquo;\u00e9cart gr\u00e2ce \u00e0 une passe d\u00e9cisive de A. Garcia. J. de Frutos a rejoint la f\u00eate en marquant \u00e0 la 80e minute, sur une passe de U. Lopez. A. Garcia lui-m\u00eame a cl\u00f4tur\u00e9 la victoire \u00e0 la 89e minute, \u00e0 nouveau sur une passe de J. de Frutos, d\u00e9montrant ainsi leur connexion mortelle en attaque.<\/p>\n<p>Neman, quant \u00e0 lui, a \u00e9t\u00e9 surclass\u00e9 dans tous les domaines du jeu, avec seulement 30% de possession et aucune occasion de but claire. L&rsquo;\u00e9quipe bi\u00e9lorusse a re\u00e7u deux cartons jaunes (O. Evdokimov \u00e0 la 15e minute et A. Shamurzaev \u00e0 la 53e minute) et a commis 11 fautes, refl\u00e9tant sa frustration face au contr\u00f4le absolu de Rayo Vallecano. Le match s&rsquo;est conclu par une nette victoire de l&rsquo;\u00e9quipe locale, qui est bien partie pour se qualifier pour la prochaine \u00e9tape de la comp\u00e9tition.<\/p>\n<p>Remplacements dans l&rsquo;quipe de rayo vallecano: \u00c0 la 46e minute, G. Gumbau est entr\u00e9 et U. Lopez est sorti., \u00c0 la 60e minute, R. Nteka est entr\u00e9 et J. de Frutos est sorti., \u00c0 la 60e minute, F. Perez est entr\u00e9 et A. Garcia est sorti., \u00c0 la 67e minute, O. Trejo est entr\u00e9 et I. Palazon est sorti., \u00c0 la 83e minute, F. Lejeune est entr\u00e9 et P. Fernandez est sorti. <\/p>\n<p>Remplacements dans l&rsquo;quipe de neman: \u00c0 la 61e minute, E. Zubovich est entr\u00e9 et P. Savitskiy est sorti., \u00c0 la 61e minute, A. Suchkov est entr\u00e9 et Y. Klochkov est sorti., \u00c0 la 77e minute, S. Pushnyakov est entr\u00e9 et A. Yakimov est sorti., \u00c0 la 82e minute, M. Kozlov est entr\u00e9 et V. Ahmedi est sorti., \u00c0 la 82e minute, O. Evdokimov est entr\u00e9 et G. Borubaev est sorti. <\/p>\n<p>Les \u00e9quipes se sont align\u00e9es comme suit:<\/p>\n<div class=\"lineups-container\">\n<style>\n                .lineups-container {\n                    display: flex;\n                    justify-content: space-around;\n                    flex-wrap: wrap;\n                }\n                .team-lineup {\n                    width: 49%;\n                    margin-bottom: 20px;\n                    border: 1px solid #ccc;\n                    padding: 5px;\n                }\n                .team-lineup h3 {\n                    text-align: center;\n                    margin-bottom: 10px;\n                }\n                .players-container {\n                    display: flex;\n                    justify-content: space-between;\n                }\n                .players-container div {\n                    width: 100%;\n                }\n                .player {\n                    display: flex;\n                    align-items: center;\n                    margin-bottom: 5px;\n                }\n                .player img {\n                    width: 30px;\n                    height: 30px;\n                    border-radius: 50%;\n                    margin-right: 10px;\n                }\n                    @media (max-width: 600px) {\n                    .team-lineup {\n                        width: 100%;\n                    }\n                }\n                <\/style>\n<div class=\"team-lineup\">\n<h3>Rayo Vallecano<\/h3>\n<p><img decoding=\"async\" src=\"https:\/\/media.api-sports.io\/football\/teams\/728.png\" alt=\"Rayo Vallecano\" style=\"width: 50px; height: 50px;\"><\/p>\n<div class=\"players-container\">\n<div>\n<h4>Titulares:<\/h4>\n<div class=\"player\"><a href=\"https:\/\/soccer.aidatasports.com\/fr\/players\/Augusto-Batalla-11379\"><img decoding=\"async\" src=\"https:\/\/soccer.aidatasports.com\/images\/players\/11379.png\" alt=\"Augusto Batalla\" onerror=\"this.onerror=null;this.src='https:\/\/soccer.aidatasports.com\/images\/players\/default-player.png';\"><span>Augusto Batalla<\/span><\/a><\/div>\n<div class=\"player\"><a href=\"https:\/\/soccer.aidatasports.com\/fr\/players\/Iv\u00e1n-Balliu-20520\"><img decoding=\"async\" src=\"https:\/\/soccer.aidatasports.com\/images\/players\/20520.png\" alt=\"Iv\u00e1n Balliu\" onerror=\"this.onerror=null;this.src='https:\/\/soccer.aidatasports.com\/images\/players\/default-player.png';\"><span>Iv\u00e1n Balliu<\/span><\/a><\/div>\n<div class=\"player\"><a href=\"https:\/\/soccer.aidatasports.com\/fr\/players\/Florian-Lejeune-18895\"><img decoding=\"async\" src=\"https:\/\/soccer.aidatasports.com\/images\/players\/18895.png\" alt=\"Florian Lejeune\" onerror=\"this.onerror=null;this.src='https:\/\/soccer.aidatasports.com\/images\/players\/default-player.png';\"><span>Florian Lejeune<\/span><\/a><\/div>\n<div class=\"player\"><a href=\"https:\/\/soccer.aidatasports.com\/fr\/players\/Jozhua-Vertrouwd-314006\"><img decoding=\"async\" src=\"https:\/\/soccer.aidatasports.com\/images\/players\/314006.png\" alt=\"Jozhua Vertrouwd\" onerror=\"this.onerror=null;this.src='https:\/\/soccer.aidatasports.com\/images\/players\/default-player.png';\"><span>Jozhua Vertrouwd<\/span><\/a><\/div>\n<div class=\"player\"><a href=\"https:\/\/soccer.aidatasports.com\/fr\/players\/Alfonso-Espino-46759\"><img decoding=\"async\" src=\"https:\/\/soccer.aidatasports.com\/images\/players\/46759.png\" alt=\"Alfonso Espino\" onerror=\"this.onerror=null;this.src='https:\/\/soccer.aidatasports.com\/images\/players\/default-player.png';\"><span>Alfonso Espino<\/span><\/a><\/div>\n<div class=\"player\"><a href=\"https:\/\/soccer.aidatasports.com\/fr\/players\/\u00d3scar-Trejo-47557\"><img decoding=\"async\" src=\"https:\/\/soccer.aidatasports.com\/images\/players\/47557.png\" alt=\"\u00d3scar Trejo\" onerror=\"this.onerror=null;this.src='https:\/\/soccer.aidatasports.com\/images\/players\/default-player.png';\"><span>\u00d3scar Trejo<\/span><\/a><\/div>\n<div class=\"player\"><a href=\"https:\/\/soccer.aidatasports.com\/fr\/players\/\u00d3scar-Valent\u00edn-47109\"><img decoding=\"async\" src=\"https:\/\/soccer.aidatasports.com\/images\/players\/47109.png\" alt=\"\u00d3scar Valent\u00edn\" onerror=\"this.onerror=null;this.src='https:\/\/soccer.aidatasports.com\/images\/players\/default-player.png';\"><span>\u00d3scar Valent\u00edn<\/span><\/a><\/div>\n<div class=\"player\"><a href=\"https:\/\/soccer.aidatasports.com\/fr\/players\/Gerard-Gumbau-47414\"><img decoding=\"async\" src=\"https:\/\/soccer.aidatasports.com\/images\/players\/47414.png\" alt=\"Gerard Gumbau\" onerror=\"this.onerror=null;this.src='https:\/\/soccer.aidatasports.com\/images\/players\/default-player.png';\"><span>Gerard Gumbau<\/span><\/a><\/div>\n<div class=\"player\"><a href=\"https:\/\/soccer.aidatasports.com\/fr\/players\/Fran-P\u00e9rez-162931\"><img decoding=\"async\" src=\"https:\/\/soccer.aidatasports.com\/images\/players\/162931.png\" alt=\"Fran P\u00e9rez\" onerror=\"this.onerror=null;this.src='https:\/\/soccer.aidatasports.com\/images\/players\/default-player.png';\"><span>Fran P\u00e9rez<\/span><\/a><\/div>\n<div class=\"player\"><a href=\"https:\/\/soccer.aidatasports.com\/fr\/players\/Randy-Nteka-122657\"><img decoding=\"async\" src=\"https:\/\/soccer.aidatasports.com\/images\/players\/122657.png\" alt=\"Randy Nteka\" onerror=\"this.onerror=null;this.src='https:\/\/soccer.aidatasports.com\/images\/players\/default-player.png';\"><span>Randy Nteka<\/span><\/a><\/div>\n<div class=\"player\"><a href=\"https:\/\/soccer.aidatasports.com\/fr\/players\/Sergio-Camello-52\"><img decoding=\"async\" src=\"https:\/\/soccer.aidatasports.com\/images\/players\/52.png\" alt=\"Sergio Camello\" onerror=\"this.onerror=null;this.src='https:\/\/soccer.aidatasports.com\/images\/players\/default-player.png';\"><span>Sergio Camello<\/span><\/a><\/div>\n<\/div>\n<div>\n<h4>Suplentes:<\/h4>\n<div class=\"player\"><a href=\"https:\/\/soccer.aidatasports.com\/fr\/players\/Unai-L\u00f3pez-47285\"><img decoding=\"async\" src=\"https:\/\/soccer.aidatasports.com\/images\/players\/47285.png\" alt=\"Unai L\u00f3pez\" onerror=\"this.onerror=null;this.src='https:\/\/soccer.aidatasports.com\/images\/players\/default-player.png';\"><span>Unai L\u00f3pez<\/span><\/a><\/div>\n<div class=\"player\"><a href=\"https:\/\/soccer.aidatasports.com\/fr\/players\/Jorge-de-Frutos-128582\"><img decoding=\"async\" src=\"https:\/\/soccer.aidatasports.com\/images\/players\/128582.png\" alt=\"Jorge de Frutos\" onerror=\"this.onerror=null;this.src='https:\/\/soccer.aidatasports.com\/images\/players\/default-player.png';\"><span>Jorge de Frutos<\/span><\/a><\/div>\n<div class=\"player\"><a href=\"https:\/\/soccer.aidatasports.com\/fr\/players\/\u00c1lvaro-Garc\u00eda-47543\"><img decoding=\"async\" src=\"https:\/\/soccer.aidatasports.com\/images\/players\/47543.png\" alt=\"\u00c1lvaro Garc\u00eda\" onerror=\"this.onerror=null;this.src='https:\/\/soccer.aidatasports.com\/images\/players\/default-player.png';\"><span>\u00c1lvaro Garc\u00eda<\/span><\/a><\/div>\n<div class=\"player\"><a href=\"https:\/\/soccer.aidatasports.com\/fr\/players\/Isi-Palaz\u00f3n-131546\"><img decoding=\"async\" src=\"https:\/\/soccer.aidatasports.com\/images\/players\/131546.png\" alt=\"Isi Palaz\u00f3n\" onerror=\"this.onerror=null;this.src='https:\/\/soccer.aidatasports.com\/images\/players\/default-player.png';\"><span>Isi Palaz\u00f3n<\/span><\/a><\/div>\n<div class=\"player\"><a href=\"https:\/\/soccer.aidatasports.com\/fr\/players\/Dani-C\u00e1rdenas-156488\"><img decoding=\"async\" src=\"https:\/\/soccer.aidatasports.com\/images\/players\/156488.png\" alt=\"Dani C\u00e1rdenas\" onerror=\"this.onerror=null;this.src='https:\/\/soccer.aidatasports.com\/images\/players\/default-player.png';\"><span>Dani C\u00e1rdenas<\/span><\/a><\/div>\n<div class=\"player\"><a href=\"https:\/\/soccer.aidatasports.com\/fr\/players\/Andrei-Ra\u021biu-1703\"><img decoding=\"async\" src=\"https:\/\/soccer.aidatasports.com\/images\/players\/1703.png\" alt=\"Andrei Ra\u021biu\" onerror=\"this.onerror=null;this.src='https:\/\/soccer.aidatasports.com\/images\/players\/default-player.png';\"><span>Andrei Ra\u021biu<\/span><\/a><\/div>\n<div class=\"player\"><a href=\"https:\/\/soccer.aidatasports.com\/fr\/players\/Josep-Chavarr\u00eda-181734\"><img decoding=\"async\" src=\"https:\/\/soccer.aidatasports.com\/images\/players\/181734.png\" alt=\"Josep Chavarr\u00eda\" onerror=\"this.onerror=null;this.src='https:\/\/soccer.aidatasports.com\/images\/players\/default-player.png';\"><span>Josep Chavarr\u00eda<\/span><\/a><\/div>\n<div class=\"player\"><a href=\"https:\/\/soccer.aidatasports.com\/fr\/players\/Pelayo-Fern\u00e1ndez-333292\"><img decoding=\"async\" src=\"https:\/\/soccer.aidatasports.com\/images\/players\/333292.png\" alt=\"Pelayo Fern\u00e1ndez\" onerror=\"this.onerror=null;this.src='https:\/\/soccer.aidatasports.com\/images\/players\/default-player.png';\"><span>Pelayo Fern\u00e1ndez<\/span><\/a><\/div>\n<div class=\"player\"><a href=\"https:\/\/soccer.aidatasports.com\/fr\/players\/Marco-de-las-Sias-478243\"><img decoding=\"async\" src=\"https:\/\/soccer.aidatasports.com\/images\/players\/478243.png\" alt=\"Marco de las Sias\" onerror=\"this.onerror=null;this.src='https:\/\/soccer.aidatasports.com\/images\/players\/default-player.png';\"><span>Marco de las Sias<\/span><\/a><\/div>\n<div class=\"player\"><a href=\"https:\/\/soccer.aidatasports.com\/fr\/players\/Pedro-D\u00edaz-46887\"><img decoding=\"async\" src=\"https:\/\/soccer.aidatasports.com\/images\/players\/46887.png\" alt=\"Pedro D\u00edaz\" onerror=\"this.onerror=null;this.src='https:\/\/soccer.aidatasports.com\/images\/players\/default-player.png';\"><span>Pedro D\u00edaz<\/span><\/a><\/div>\n<div class=\"player\"><a href=\"https:\/\/soccer.aidatasports.com\/fr\/players\/Path\u00e9-Isma\u00ebl-Ciss-41552\"><img decoding=\"async\" src=\"https:\/\/soccer.aidatasports.com\/images\/players\/41552.png\" alt=\"Path\u00e9 Isma\u00ebl Ciss\" onerror=\"this.onerror=null;this.src='https:\/\/soccer.aidatasports.com\/images\/players\/default-player.png';\"><span>Path\u00e9 Isma\u00ebl Ciss<\/span><\/a><\/div>\n<div class=\"player\"><a href=\"https:\/\/soccer.aidatasports.com\/fr\/players\/Samu-Becerra-439633\"><img decoding=\"async\" src=\"https:\/\/soccer.aidatasports.com\/images\/players\/439633.png\" alt=\"Samu Becerra\" onerror=\"this.onerror=null;this.src='https:\/\/soccer.aidatasports.com\/images\/players\/default-player.png';\"><span>Samu Becerra<\/span><\/a><\/div>\n<\/div>\n<\/div>\n<\/div>\n<div class=\"team-lineup\">\n<h3>Neman<\/h3>\n<p><img decoding=\"async\" src=\"https:\/\/media.api-sports.io\/football\/teams\/387.png\" alt=\"Neman\" style=\"width: 50px; height: 50px;\"><\/p>\n<div class=\"players-container\">\n<div>\n<h4>Titulares:<\/h4>\n<div class=\"player\"><a href=\"https:\/\/soccer.aidatasports.com\/fr\/players\/Maksim-Belov-8005\"><img decoding=\"async\" src=\"https:\/\/soccer.aidatasports.com\/images\/players\/8005.png\" alt=\"Maksim Belov\" onerror=\"this.onerror=null;this.src='https:\/\/soccer.aidatasports.com\/images\/players\/default-player.png';\"><span>Maksim Belov<\/span><\/a><\/div>\n<div class=\"player\"><a href=\"https:\/\/soccer.aidatasports.com\/fr\/players\/Yuri-Pantya-7945\"><img decoding=\"async\" src=\"https:\/\/soccer.aidatasports.com\/images\/players\/7945.png\" alt=\"Yuri Pantya\" onerror=\"this.onerror=null;this.src='https:\/\/soccer.aidatasports.com\/images\/players\/default-player.png';\"><span>Yuri Pantya<\/span><\/a><\/div>\n<div class=\"player\"><a href=\"https:\/\/soccer.aidatasports.com\/fr\/players\/Ivan-Sadovnichy-111570\"><img decoding=\"async\" src=\"https:\/\/soccer.aidatasports.com\/images\/players\/111570.png\" alt=\"Ivan Sadovnichy\" onerror=\"this.onerror=null;this.src='https:\/\/soccer.aidatasports.com\/images\/players\/default-player.png';\"><span>Ivan Sadovnichy<\/span><\/a><\/div>\n<div class=\"player\"><a href=\"https:\/\/soccer.aidatasports.com\/fr\/players\/Egor-Parkhomenko-291983\"><img decoding=\"async\" src=\"https:\/\/soccer.aidatasports.com\/images\/players\/291983.png\" alt=\"Egor Parkhomenko\" onerror=\"this.onerror=null;this.src='https:\/\/soccer.aidatasports.com\/images\/players\/default-player.png';\"><span>Egor Parkhomenko<\/span><\/a><\/div>\n<div class=\"player\"><a href=\"https:\/\/soccer.aidatasports.com\/fr\/players\/Amantur-Shamurzaev-433119\"><img decoding=\"async\" src=\"https:\/\/soccer.aidatasports.com\/images\/players\/433119.png\" alt=\"Amantur Shamurzaev\" onerror=\"this.onerror=null;this.src='https:\/\/soccer.aidatasports.com\/images\/players\/default-player.png';\"><span>Amantur Shamurzaev<\/span><\/a><\/div>\n<div class=\"player\"><a href=\"https:\/\/soccer.aidatasports.com\/fr\/players\/Artur-Nazarenko-427423\"><img decoding=\"async\" src=\"https:\/\/soccer.aidatasports.com\/images\/players\/427423.png\" alt=\"Artur Nazarenko\" onerror=\"this.onerror=null;this.src='https:\/\/soccer.aidatasports.com\/images\/players\/default-player.png';\"><span>Artur Nazarenko<\/span><\/a><\/div>\n<div class=\"player\"><a href=\"https:\/\/soccer.aidatasports.com\/fr\/players\/Mikhail-Kozlov-7964\"><img decoding=\"async\" src=\"https:\/\/soccer.aidatasports.com\/images\/players\/7964.png\" alt=\"Mikhail Kozlov\" onerror=\"this.onerror=null;this.src='https:\/\/soccer.aidatasports.com\/images\/players\/default-player.png';\"><span>Mikhail Kozlov<\/span><\/a><\/div>\n<div class=\"player\"><a href=\"https:\/\/soccer.aidatasports.com\/fr\/players\/Oleg-Evdokimov-7891\"><img decoding=\"async\" src=\"https:\/\/soccer.aidatasports.com\/images\/players\/7891.png\" alt=\"Oleg Evdokimov\" onerror=\"this.onerror=null;this.src='https:\/\/soccer.aidatasports.com\/images\/players\/default-player.png';\"><span>Oleg Evdokimov<\/span><\/a><\/div>\n<div class=\"player\"><a href=\"https:\/\/soccer.aidatasports.com\/fr\/players\/Egor-Zubovich-7930\"><img decoding=\"async\" src=\"https:\/\/soccer.aidatasports.com\/images\/players\/7930.png\" alt=\"Egor Zubovich\" onerror=\"this.onerror=null;this.src='https:\/\/soccer.aidatasports.com\/images\/players\/default-player.png';\"><span>Egor Zubovich<\/span><\/a><\/div>\n<div class=\"player\"><a href=\"https:\/\/soccer.aidatasports.com\/fr\/players\/Anton-Suchkov-266065\"><img decoding=\"async\" src=\"https:\/\/soccer.aidatasports.com\/images\/players\/266065.png\" alt=\"Anton Suchkov\" onerror=\"this.onerror=null;this.src='https:\/\/soccer.aidatasports.com\/images\/players\/default-player.png';\"><span>Anton Suchkov<\/span><\/a><\/div>\n<div class=\"player\"><a href=\"https:\/\/soccer.aidatasports.com\/fr\/players\/Sergei-Pushnyakov-8043\"><img decoding=\"async\" src=\"https:\/\/soccer.aidatasports.com\/images\/players\/8043.png\" alt=\"Sergei Pushnyakov\" onerror=\"this.onerror=null;this.src='https:\/\/soccer.aidatasports.com\/images\/players\/default-player.png';\"><span>Sergei Pushnyakov<\/span><\/a><\/div>\n<\/div>\n<div>\n<h4>Suplentes:<\/h4>\n<div class=\"player\"><a href=\"https:\/\/soccer.aidatasports.com\/fr\/players\/Yuri-Klochkov-138561\"><img decoding=\"async\" src=\"https:\/\/soccer.aidatasports.com\/images\/players\/138561.png\" alt=\"Yuri Klochkov\" onerror=\"this.onerror=null;this.src='https:\/\/soccer.aidatasports.com\/images\/players\/default-player.png';\"><span>Yuri Klochkov<\/span><\/a><\/div>\n<div class=\"player\"><a href=\"https:\/\/soccer.aidatasports.com\/fr\/players\/Pavel-Savitski-7814\"><img decoding=\"async\" src=\"https:\/\/soccer.aidatasports.com\/images\/players\/7814.png\" alt=\"Pavel Savitski\" onerror=\"this.onerror=null;this.src='https:\/\/soccer.aidatasports.com\/images\/players\/default-player.png';\"><span>Pavel Savitski<\/span><\/a><\/div>\n<div class=\"player\"><a href=\"https:\/\/soccer.aidatasports.com\/fr\/players\/Arthur-Malievskiy-7879\"><img decoding=\"async\" src=\"https:\/\/soccer.aidatasports.com\/images\/players\/7879.png\" alt=\"Arthur Malievskiy\" onerror=\"this.onerror=null;this.src='https:\/\/soccer.aidatasports.com\/images\/players\/default-player.png';\"><span>Arthur Malievskiy<\/span><\/a><\/div>\n<div class=\"player\"><a href=\"https:\/\/soccer.aidatasports.com\/fr\/players\/Konstantin-Kuchinskiy-8184\"><img decoding=\"async\" src=\"https:\/\/soccer.aidatasports.com\/images\/players\/8184.png\" alt=\"Konstantin Kuchinskiy\" onerror=\"this.onerror=null;this.src='https:\/\/soccer.aidatasports.com\/images\/players\/default-player.png';\"><span>Konstantin Kuchinskiy<\/span><\/a><\/div>\n<div class=\"player\"><a href=\"https:\/\/soccer.aidatasports.com\/fr\/players\/Aleksey-Legchilin-7892\"><img decoding=\"async\" src=\"https:\/\/soccer.aidatasports.com\/images\/players\/7892.png\" alt=\"Aleksey Legchilin\" onerror=\"this.onerror=null;this.src='https:\/\/soccer.aidatasports.com\/images\/players\/default-player.png';\"><span>Aleksey Legchilin<\/span><\/a><\/div>\n<div class=\"player\"><a href=\"https:\/\/soccer.aidatasports.com\/fr\/players\/Aleksey-Shalashnikov-307483\"><img decoding=\"async\" src=\"https:\/\/soccer.aidatasports.com\/images\/players\/307483.png\" alt=\"Aleksey Shalashnikov\" onerror=\"this.onerror=null;this.src='https:\/\/soccer.aidatasports.com\/images\/players\/default-player.png';\"><span>Aleksey Shalashnikov<\/span><\/a><\/div>\n<div class=\"player\"><a href=\"https:\/\/soccer.aidatasports.com\/fr\/players\/Yuriy-Gavrilov-324435\"><img decoding=\"async\" src=\"https:\/\/soccer.aidatasports.com\/images\/players\/324435.png\" alt=\"Yuriy Gavrilov\" onerror=\"this.onerror=null;this.src='https:\/\/soccer.aidatasports.com\/images\/players\/default-player.png';\"><span>Yuriy Gavrilov<\/span><\/a><\/div>\n<div class=\"player\"><a href=\"https:\/\/soccer.aidatasports.com\/fr\/players\/Andrey-Yakimov-7896\"><img decoding=\"async\" src=\"https:\/\/soccer.aidatasports.com\/images\/players\/7896.png\" alt=\"Andrey Yakimov\" onerror=\"this.onerror=null;this.src='https:\/\/soccer.aidatasports.com\/images\/players\/default-player.png';\"><span>Andrey Yakimov<\/span><\/a><\/div>\n<div class=\"player\"><a href=\"https:\/\/soccer.aidatasports.com\/fr\/players\/Valon-Ahmedi-105572\"><img decoding=\"async\" src=\"https:\/\/soccer.aidatasports.com\/images\/players\/105572.png\" alt=\"Valon Ahmedi\" onerror=\"this.onerror=null;this.src='https:\/\/soccer.aidatasports.com\/images\/players\/default-player.png';\"><span>Valon Ahmedi<\/span><\/a><\/div>\n<div class=\"player\"><a href=\"https:\/\/soccer.aidatasports.com\/fr\/players\/Yuri-Pavlyukovets-8192\"><img decoding=\"async\" src=\"https:\/\/soccer.aidatasports.com\/images\/players\/8192.png\" alt=\"Yuri Pavlyukovets\" onerror=\"this.onerror=null;this.src='https:\/\/soccer.aidatasports.com\/images\/players\/default-player.png';\"><span>Yuri Pavlyukovets<\/span><\/a><\/div>\n<div class=\"player\"><a href=\"https:\/\/soccer.aidatasports.com\/fr\/players\/Gulzhigit-Borubaev-314432\"><img decoding=\"async\" src=\"https:\/\/soccer.aidatasports.com\/images\/players\/314432.png\" alt=\"Gulzhigit Borubaev\" onerror=\"this.onerror=null;this.src='https:\/\/soccer.aidatasports.com\/images\/players\/default-player.png';\"><span>Gulzhigit Borubaev<\/span><\/a><\/div>\n<div class=\"player\"><a href=\"https:\/\/soccer.aidatasports.com\/fr\/players\/Maxim-Kravtsov-309905\"><img decoding=\"async\" src=\"https:\/\/soccer.aidatasports.com\/images\/players\/309905.png\" alt=\"Maxim Kravtsov\" onerror=\"this.onerror=null;this.src='https:\/\/soccer.aidatasports.com\/images\/players\/default-player.png';\"><span>Maxim Kravtsov<\/span><\/a><\/div>\n<\/div>\n<\/div>\n<\/div>\n<\/div>\n<div id=\"wg-api-football-game\"\n                    data-host=\"xxxxx\"\n                    data-key=\"xxxx\"\n                    data-id=\"1438821\"\n                    data-theme=\"\"\n                    data-refresh=\"15\"\n                    data-show-errors=\"false\"\n                    data-show-logos=\"true\"><br \/>\n                    class=\u00a0\u00bbwg_loader\u00a0\u00bb>\n                <\/div>\n<div id=\"wg-api-football-standings\"\n                    data-host=\"xxxx\"\n                    data-key=\"ddddd\"\n                    data-league=\"848\"\n                    data-team=\"\"\n                    data-season=\"2025\"\n                    data-theme=\"\"\n                    data-show-errors=\"false\"\n                    data-show-logos=\"true\"\n                    class=\"wg_loader\">\n                <\/div>\n<p>                <script\n                    type=\"module\"\n                    src=\"https:\/\/soccer.aidatasports.com\/wp-content\/customjs\/widgetslocal.js\">\n                <\/script><\/p>\n","protected":false},"excerpt":{"rendered":"<p>Fran\u00e7ais Rayo Vallecano Domine Neman au Stade de Vallecas Madrid, Espagne \u2013 Rayo Vallecano a&hellip;<\/p>\n","protected":false},"author":1,"featured_media":103501,"comment_status":"open","ping_status":"open","sticky":false,"template":"","format":"standard","meta":{"content-type":"","pmpro_default_level":"","_lmt_disableupdate":"","_lmt_disable":"","_league":15837,"_fixture":1438821,"penci_pfeatured_image_ratio":"","penci_single_style":"","footnotes":""},"categories":[15837],"tags":[503,813],"class_list":["post-103502","post","type-post","status-publish","format-standard","has-post-thumbnail","hentry","category-matches","tag-neman-belarus-387","tag-rayo-vallecano-spain-728","pmpro-has-access"],"_links":{"self":[{"href":"https:\/\/soccer.aidatasports.com\/fr\/wp-json\/wp\/v2\/posts\/103502"}],"collection":[{"href":"https:\/\/soccer.aidatasports.com\/fr\/wp-json\/wp\/v2\/posts"}],"about":[{"href":"https:\/\/soccer.aidatasports.com\/fr\/wp-json\/wp\/v2\/types\/post"}],"author":[{"embeddable":true,"href":"https:\/\/soccer.aidatasports.com\/fr\/wp-json\/wp\/v2\/users\/1"}],"replies":[{"embeddable":true,"href":"https:\/\/soccer.aidatasports.com\/fr\/wp-json\/wp\/v2\/comments?post=103502"}],"version-history":[{"count":0,"href":"https:\/\/soccer.aidatasports.com\/fr\/wp-json\/wp\/v2\/posts\/103502\/revisions"}],"wp:featuredmedia":[{"embeddable":true,"href":"https:\/\/soccer.aidatasports.com\/fr\/wp-json\/wp\/v2\/media\/103501"}],"wp:attachment":[{"href":"https:\/\/soccer.aidatasports.com\/fr\/wp-json\/wp\/v2\/media?parent=103502"}],"wp:term":[{"taxonomy":"category","embeddable":true,"href":"https:\/\/soccer.aidatasports.com\/fr\/wp-json\/wp\/v2\/categories?post=103502"},{"taxonomy":"post_tag","embeddable":true,"href":"https:\/\/soccer.aidatasports.com\/fr\/wp-json\/wp\/v2\/tags?post=103502"}],"curies":[{"name":"wp","href":"https:\/\/api.w.org\/{rel}","templated":true}]}}