{"id":102889,"date":"2025-08-23T17:47:27","date_gmt":"2025-08-23T17:47:27","guid":{"rendered":"https:\/\/soccer.aidatasports.com\/fr\/uncategorized\/zlin-vs-slovan-liberec-aug-23-2025-1500-utc\/"},"modified":"2025-08-23T17:47:27","modified_gmt":"2025-08-23T17:47:27","slug":"zlin-vs-slovan-liberec-aug-23-2025-1500-utc","status":"publish","type":"post","link":"https:\/\/soccer.aidatasports.com\/fr\/matches\/zlin-vs-slovan-liberec-aug-23-2025-1500-utc\/","title":{"rendered":"Zlin vs Slovan Liberec Aug 23 2025 15:00 UTC"},"content":{"rendered":"<p><strong>Nouvelle en Fran\u00e7ais:<\/strong><\/p>\n<p><strong>Zl\u00edn Assure la Victoire \u00e0 Domicile Contre Slovan Liberec Gr\u00e2ce \u00e0 un Penalty Transform\u00e9<\/strong><\/p>\n<p>Zl\u00edn, R\u00e9publique Tch\u00e8que \u2013 Dans un match disput\u00e9 au Stadion Letn\u00e1, l&rsquo;\u00e9quipe locale, Zl\u00edn, s&rsquo;est impos\u00e9e face \u00e0 Slovan Liberec sur le score de 1 \u00e0 0. Le match, comptant pour la sixi\u00e8me journ\u00e9e de la saison r\u00e9guli\u00e8re de la Czech Liga, a \u00e9t\u00e9 marqu\u00e9 par l&rsquo;intensit\u00e9 et les cartons jaunes.<\/p>\n<p>La premi\u00e8re mi-temps a \u00e9t\u00e9 caract\u00e9ris\u00e9e par un jeu tactique et une bataille acharn\u00e9e au milieu de terrain. La tension s&rsquo;est traduite par des cartons jaunes pour M. Fukala de Zl\u00edn \u00e0 la 31e minute et M. Hlavaty de Slovan Liberec \u00e0 la 40e minute. Juste avant la pause, \u00e0 la 42e minute, J. Kalabiska a transform\u00e9 un penalty crucial pour Zl\u00edn, donnant l&rsquo;avantage \u00e0 son \u00e9quipe.<\/p>\n<p>La seconde mi-temps a continu\u00e9 sur la m\u00eame lanc\u00e9e, avec M. Kopecny de Zl\u00edn recevant un carton jaune \u00e0 la 55e minute. Slovan Liberec a tent\u00e9 de r\u00e9agir et a cherch\u00e9 l&rsquo;\u00e9galisation, g\u00e9n\u00e9rant plus d&rsquo;occasions de but (15 tirs au total contre 6 pour Zl\u00edn) et dominant la possession du ballon avec 60 %. Cependant, la d\u00e9fense de Zl\u00edn est rest\u00e9e solide, et son gardien de but a r\u00e9pondu avec assurance aux 4 tirs cadr\u00e9s. P. Hodous de Slovan Liberec a \u00e9galement \u00e9cop\u00e9 d&rsquo;un carton jaune \u00e0 la 78e minute. Malgr\u00e9 la sup\u00e9riorit\u00e9 en termes de possession et de nombre de tirs, Slovan Liberec n&rsquo;a pas r\u00e9ussi \u00e0 concr\u00e9tiser, et Zl\u00edn a empoch\u00e9 les trois points.<\/p>\n<p>L&rsquo;arbitre Dominik Stary a eu fort \u00e0 faire, sanctionnant un total de 31 fautes entre les deux \u00e9quipes. Zl\u00edn, avec 40 % de possession, a privil\u00e9gi\u00e9 la solidit\u00e9 d\u00e9fensive et l&rsquo;efficacit\u00e9 en contre-attaque, obtenant ainsi une pr\u00e9cieuse victoire \u00e0 domicile.<\/p>\n<p>Remplacements dans l&rsquo;quipe de slovan liberec: \u00c0 la 67e minute, L. Letenay est entr\u00e9 et P. Julis est sorti., \u00c0 la 76e minute, A. Soliu est entr\u00e9 et E. Mahmic est sorti., \u00c0 la 76e minute, A. Ghali est entr\u00e9 et P. Dulay est sorti., \u00c0 la 81e minute, V. Stransky est entr\u00e9 et M. Icha est sorti., \u00c0 la 81e minute, J. Mikula est entr\u00e9 et J. Kozeluh est sorti. <\/p>\n<p>Remplacements dans l&rsquo;quipe de zlin: \u00c0 la 76e minute, T. Poznar est entr\u00e9 et S. Kanu est sorti., \u00c0 la 77e minute, M. Pisoja est entr\u00e9 et S. Petruta est sorti., \u00c0 la 86e minute, C. Nombil est entr\u00e9 et T. Ulbrich est sorti., \u00c0 la 90e minute, M. Cupak est entr\u00e9 et M. Koubek est sorti. <\/p>\n<p>Les \u00e9quipes se sont align\u00e9es comme suit:<\/p>\n<div class=\"lineups-container\">\n<style>\n                .lineups-container {\n                    display: flex;\n                    justify-content: space-around;\n                    flex-wrap: wrap;\n                }\n                .team-lineup {\n                    width: 49%;\n                    margin-bottom: 20px;\n                    border: 1px solid #ccc;\n                    padding: 5px;\n                }\n                .team-lineup h3 {\n                    text-align: center;\n                    margin-bottom: 10px;\n                }\n                .players-container {\n                    display: flex;\n                    justify-content: space-between;\n                }\n                .players-container div {\n                    width: 100%;\n                }\n                .player {\n                    display: flex;\n                    align-items: center;\n                    margin-bottom: 5px;\n                }\n                .player img {\n                    width: 30px;\n                    height: 30px;\n                    border-radius: 50%;\n                    margin-right: 10px;\n                }\n                    @media (max-width: 600px) {\n                    .team-lineup {\n                        width: 100%;\n                    }\n                }\n                <\/style>\n<div class=\"team-lineup\">\n<h3>Zlin<\/h3>\n<p><img decoding=\"async\" src=\"https:\/\/media.api-sports.io\/football\/teams\/603.png\" alt=\"Zlin\" style=\"width: 50px; height: 50px;\"><\/p>\n<div class=\"players-container\">\n<div>\n<h4>Titulares:<\/h4>\n<div class=\"player\"><a href=\"https:\/\/soccer.aidatasports.com\/fr\/players\/Stanislav-Dostal-66293\"><img decoding=\"async\" src=\"https:\/\/soccer.aidatasports.com\/images\/players\/66293.png\" alt=\"Stanislav Dostal\" onerror=\"this.onerror=null;this.src='https:\/\/soccer.aidatasports.com\/images\/players\/default-player.png';\"><span>Stanislav Dostal<\/span><\/a><\/div>\n<div class=\"player\"><a href=\"https:\/\/soccer.aidatasports.com\/fr\/players\/Milo\u0161-Kope\u010dn\u00fd-66434\"><img decoding=\"async\" src=\"https:\/\/soccer.aidatasports.com\/images\/players\/66434.png\" alt=\"Milo\u0161 Kope\u010dn\u00fd\" onerror=\"this.onerror=null;this.src='https:\/\/soccer.aidatasports.com\/images\/players\/default-player.png';\"><span>Milo\u0161 Kope\u010dn\u00fd<\/span><\/a><\/div>\n<div class=\"player\"><a href=\"https:\/\/soccer.aidatasports.com\/fr\/players\/Anton\u00edn-K\u0159apka-66244\"><img decoding=\"async\" src=\"https:\/\/soccer.aidatasports.com\/images\/players\/66244.png\" alt=\"Anton\u00edn K\u0159apka\" onerror=\"this.onerror=null;this.src='https:\/\/soccer.aidatasports.com\/images\/players\/default-player.png';\"><span>Anton\u00edn K\u0159apka<\/span><\/a><\/div>\n<div class=\"player\"><a href=\"https:\/\/soccer.aidatasports.com\/fr\/players\/Jakub-Kolar-127304\"><img decoding=\"async\" src=\"https:\/\/soccer.aidatasports.com\/images\/players\/127304.png\" alt=\"Jakub Kolar\" onerror=\"this.onerror=null;this.src='https:\/\/soccer.aidatasports.com\/images\/players\/default-player.png';\"><span>Jakub Kolar<\/span><\/a><\/div>\n<div class=\"player\"><a href=\"https:\/\/soccer.aidatasports.com\/fr\/players\/Michal-Fukala-66034\"><img decoding=\"async\" src=\"https:\/\/soccer.aidatasports.com\/images\/players\/66034.png\" alt=\"Michal Fukala\" onerror=\"this.onerror=null;this.src='https:\/\/soccer.aidatasports.com\/images\/players\/default-player.png';\"><span>Michal Fukala<\/span><\/a><\/div>\n<div class=\"player\"><a href=\"https:\/\/soccer.aidatasports.com\/fr\/players\/Cletus-Nombil-281983\"><img decoding=\"async\" src=\"https:\/\/soccer.aidatasports.com\/images\/players\/281983.png\" alt=\"Cletus Nombil\" onerror=\"this.onerror=null;this.src='https:\/\/soccer.aidatasports.com\/images\/players\/default-player.png';\"><span>Cletus Nombil<\/span><\/a><\/div>\n<div class=\"player\"><a href=\"https:\/\/soccer.aidatasports.com\/fr\/players\/Joss-Didiba-91597\"><img decoding=\"async\" src=\"https:\/\/soccer.aidatasports.com\/images\/players\/91597.png\" alt=\"Joss Didiba\" onerror=\"this.onerror=null;this.src='https:\/\/soccer.aidatasports.com\/images\/players\/default-player.png';\"><span>Joss Didiba<\/span><\/a><\/div>\n<div class=\"player\"><a href=\"https:\/\/soccer.aidatasports.com\/fr\/players\/Mari\u00e1n-Pi\u0161oja-61402\"><img decoding=\"async\" src=\"https:\/\/soccer.aidatasports.com\/images\/players\/61402.png\" alt=\"Mari\u00e1n Pi\u0161oja\" onerror=\"this.onerror=null;this.src='https:\/\/soccer.aidatasports.com\/images\/players\/default-player.png';\"><span>Mari\u00e1n Pi\u0161oja<\/span><\/a><\/div>\n<div class=\"player\"><a href=\"https:\/\/soccer.aidatasports.com\/fr\/players\/Michal-Cupak-140272\"><img decoding=\"async\" src=\"https:\/\/soccer.aidatasports.com\/images\/players\/140272.png\" alt=\"Michal Cupak\" onerror=\"this.onerror=null;this.src='https:\/\/soccer.aidatasports.com\/images\/players\/default-player.png';\"><span>Michal Cupak<\/span><\/a><\/div>\n<div class=\"player\"><a href=\"https:\/\/soccer.aidatasports.com\/fr\/players\/Jan-Kalabi\u0161ka-66099\"><img decoding=\"async\" src=\"https:\/\/soccer.aidatasports.com\/images\/players\/66099.png\" alt=\"Jan Kalabi\u0161ka\" onerror=\"this.onerror=null;this.src='https:\/\/soccer.aidatasports.com\/images\/players\/default-player.png';\"><span>Jan Kalabi\u0161ka<\/span><\/a><\/div>\n<div class=\"player\"><a href=\"https:\/\/soccer.aidatasports.com\/fr\/players\/Tom\u00e1\u0161-Poznar-66313\"><img decoding=\"async\" src=\"https:\/\/soccer.aidatasports.com\/images\/players\/66313.png\" alt=\"Tom\u00e1\u0161 Poznar\" onerror=\"this.onerror=null;this.src='https:\/\/soccer.aidatasports.com\/images\/players\/default-player.png';\"><span>Tom\u00e1\u0161 Poznar<\/span><\/a><\/div>\n<\/div>\n<div>\n<h4>Suplentes:<\/h4>\n<div class=\"player\"><a href=\"https:\/\/soccer.aidatasports.com\/fr\/players\/Stanley-Kanu-281417\"><img decoding=\"async\" src=\"https:\/\/soccer.aidatasports.com\/images\/players\/281417.png\" alt=\"Stanley Kanu\" onerror=\"this.onerror=null;this.src='https:\/\/soccer.aidatasports.com\/images\/players\/default-player.png';\"><span>Stanley Kanu<\/span><\/a><\/div>\n<div class=\"player\"><a href=\"https:\/\/soccer.aidatasports.com\/fr\/players\/Stanislav-Petruta-449571\"><img decoding=\"async\" src=\"https:\/\/soccer.aidatasports.com\/images\/players\/449571.png\" alt=\"Stanislav Petruta\" onerror=\"this.onerror=null;this.src='https:\/\/soccer.aidatasports.com\/images\/players\/default-player.png';\"><span>Stanislav Petruta<\/span><\/a><\/div>\n<div class=\"player\"><a href=\"https:\/\/soccer.aidatasports.com\/fr\/players\/Samuel-Belan\u00edk-268872\"><img decoding=\"async\" src=\"https:\/\/soccer.aidatasports.com\/images\/players\/268872.png\" alt=\"Samuel Belan\u00edk\" onerror=\"this.onerror=null;this.src='https:\/\/soccer.aidatasports.com\/images\/players\/default-player.png';\"><span>Samuel Belan\u00edk<\/span><\/a><\/div>\n<div class=\"player\"><a href=\"https:\/\/soccer.aidatasports.com\/fr\/players\/Andr\u00e9-Lopes-282721\"><img decoding=\"async\" src=\"https:\/\/soccer.aidatasports.com\/images\/players\/282721.png\" alt=\"Andr\u00e9 Lopes\" onerror=\"this.onerror=null;this.src='https:\/\/soccer.aidatasports.com\/images\/players\/default-player.png';\"><span>Andr\u00e9 Lopes<\/span><\/a><\/div>\n<div class=\"player\"><a href=\"https:\/\/soccer.aidatasports.com\/fr\/players\/David-Machal\u00edk-66680\"><img decoding=\"async\" src=\"https:\/\/soccer.aidatasports.com\/images\/players\/66680.png\" alt=\"David Machal\u00edk\" onerror=\"this.onerror=null;this.src='https:\/\/soccer.aidatasports.com\/images\/players\/default-player.png';\"><span>David Machal\u00edk<\/span><\/a><\/div>\n<div class=\"player\"><a href=\"https:\/\/soccer.aidatasports.com\/fr\/players\/Zviad-Natchkebia-87729\"><img decoding=\"async\" src=\"https:\/\/soccer.aidatasports.com\/images\/players\/87729.png\" alt=\"Zviad Natchkebia\" onerror=\"this.onerror=null;this.src='https:\/\/soccer.aidatasports.com\/images\/players\/default-player.png';\"><span>Zviad Natchkebia<\/span><\/a><\/div>\n<div class=\"player\"><a href=\"https:\/\/soccer.aidatasports.com\/fr\/players\/Tomas-Hellebrand-515076\"><img decoding=\"async\" src=\"https:\/\/soccer.aidatasports.com\/images\/players\/515076.png\" alt=\"Tomas Hellebrand\" onerror=\"this.onerror=null;this.src='https:\/\/soccer.aidatasports.com\/images\/players\/default-player.png';\"><span>Tomas Hellebrand<\/span><\/a><\/div>\n<div class=\"player\"><a href=\"https:\/\/soccer.aidatasports.com\/fr\/players\/Tom-Ulbrich-328653\"><img decoding=\"async\" src=\"https:\/\/soccer.aidatasports.com\/images\/players\/328653.png\" alt=\"Tom Ulbrich\" onerror=\"this.onerror=null;this.src='https:\/\/soccer.aidatasports.com\/images\/players\/default-player.png';\"><span>Tom Ulbrich<\/span><\/a><\/div>\n<div class=\"player\"><a href=\"https:\/\/soccer.aidatasports.com\/fr\/players\/Luk\u00e1\u0161-Braneck\u00fd-394635\"><img decoding=\"async\" src=\"https:\/\/soccer.aidatasports.com\/images\/players\/394635.png\" alt=\"Luk\u00e1\u0161 Braneck\u00fd\" onerror=\"this.onerror=null;this.src='https:\/\/soccer.aidatasports.com\/images\/players\/default-player.png';\"><span>Luk\u00e1\u0161 Braneck\u00fd<\/span><\/a><\/div>\n<div class=\"player\"><a href=\"https:\/\/soccer.aidatasports.com\/fr\/players\/Mat\u011bj-Koubek-66146\"><img decoding=\"async\" src=\"https:\/\/soccer.aidatasports.com\/images\/players\/66146.png\" alt=\"Mat\u011bj Koubek\" onerror=\"this.onerror=null;this.src='https:\/\/soccer.aidatasports.com\/images\/players\/default-player.png';\"><span>Mat\u011bj Koubek<\/span><\/a><\/div>\n<\/div>\n<\/div>\n<\/div>\n<div class=\"team-lineup\">\n<h3>Slovan Liberec<\/h3>\n<p><img decoding=\"async\" src=\"https:\/\/media.api-sports.io\/football\/teams\/782.png\" alt=\"Slovan Liberec\" style=\"width: 50px; height: 50px;\"><\/p>\n<div class=\"players-container\">\n<div>\n<h4>Titulares:<\/h4>\n<div class=\"player\"><a href=\"https:\/\/soccer.aidatasports.com\/fr\/players\/Tom\u00e1\u0161-Koubek-2192\"><img decoding=\"async\" src=\"https:\/\/soccer.aidatasports.com\/images\/players\/2192.png\" alt=\"Tom\u00e1\u0161 Koubek\" onerror=\"this.onerror=null;this.src='https:\/\/soccer.aidatasports.com\/images\/players\/default-player.png';\"><span>Tom\u00e1\u0161 Koubek<\/span><\/a><\/div>\n<div class=\"player\"><a href=\"https:\/\/soccer.aidatasports.com\/fr\/players\/Petr-Hodou\u0161-376326\"><img decoding=\"async\" src=\"https:\/\/soccer.aidatasports.com\/images\/players\/376326.png\" alt=\"Petr Hodou\u0161\" onerror=\"this.onerror=null;this.src='https:\/\/soccer.aidatasports.com\/images\/players\/default-player.png';\"><span>Petr Hodou\u0161<\/span><\/a><\/div>\n<div class=\"player\"><a href=\"https:\/\/soccer.aidatasports.com\/fr\/players\/\u0160imon-Gabriel-162922\"><img decoding=\"async\" src=\"https:\/\/soccer.aidatasports.com\/images\/players\/162922.png\" alt=\"\u0160imon Gabriel\" onerror=\"this.onerror=null;this.src='https:\/\/soccer.aidatasports.com\/images\/players\/default-player.png';\"><span>\u0160imon Gabriel<\/span><\/a><\/div>\n<div class=\"player\"><a href=\"https:\/\/soccer.aidatasports.com\/fr\/players\/Ange-N'Guessan-276551\"><img decoding=\"async\" src=\"https:\/\/soccer.aidatasports.com\/images\/players\/276551.png\" alt=\"Ange N'Guessan\" onerror=\"this.onerror=null;this.src='https:\/\/soccer.aidatasports.com\/images\/players\/default-player.png';\"><span>Ange N&rsquo;Guessan<\/span><\/a><\/div>\n<div class=\"player\"><a href=\"https:\/\/soccer.aidatasports.com\/fr\/players\/Jan-Mikula-66039\"><img decoding=\"async\" src=\"https:\/\/soccer.aidatasports.com\/images\/players\/66039.png\" alt=\"Jan Mikula\" onerror=\"this.onerror=null;this.src='https:\/\/soccer.aidatasports.com\/images\/players\/default-player.png';\"><span>Jan Mikula<\/span><\/a><\/div>\n<div class=\"player\"><a href=\"https:\/\/soccer.aidatasports.com\/fr\/players\/Vojtech-Stransky-262605\"><img decoding=\"async\" src=\"https:\/\/soccer.aidatasports.com\/images\/players\/262605.png\" alt=\"Vojtech Stransky\" onerror=\"this.onerror=null;this.src='https:\/\/soccer.aidatasports.com\/images\/players\/default-player.png';\"><span>Vojtech Stransky<\/span><\/a><\/div>\n<div class=\"player\"><a href=\"https:\/\/soccer.aidatasports.com\/fr\/players\/Michal-Hlavat\u00fd-66582\"><img decoding=\"async\" src=\"https:\/\/soccer.aidatasports.com\/images\/players\/66582.png\" alt=\"Michal Hlavat\u00fd\" onerror=\"this.onerror=null;this.src='https:\/\/soccer.aidatasports.com\/images\/players\/default-player.png';\"><span>Michal Hlavat\u00fd<\/span><\/a><\/div>\n<div class=\"player\"><a href=\"https:\/\/soccer.aidatasports.com\/fr\/players\/Abubakar-Ghali-216185\"><img decoding=\"async\" src=\"https:\/\/soccer.aidatasports.com\/images\/players\/216185.png\" alt=\"Abubakar Ghali\" onerror=\"this.onerror=null;this.src='https:\/\/soccer.aidatasports.com\/images\/players\/default-player.png';\"><span>Abubakar Ghali<\/span><\/a><\/div>\n<div class=\"player\"><a href=\"https:\/\/soccer.aidatasports.com\/fr\/players\/Luk\u00e1\u0161-Letenay-61421\"><img decoding=\"async\" src=\"https:\/\/soccer.aidatasports.com\/images\/players\/61421.png\" alt=\"Luk\u00e1\u0161 Letenay\" onerror=\"this.onerror=null;this.src='https:\/\/soccer.aidatasports.com\/images\/players\/default-player.png';\"><span>Luk\u00e1\u0161 Letenay<\/span><\/a><\/div>\n<div class=\"player\"><a href=\"https:\/\/soccer.aidatasports.com\/fr\/players\/Soliu-Afolabi-476419\"><img decoding=\"async\" src=\"https:\/\/soccer.aidatasports.com\/images\/players\/476419.png\" alt=\"Soliu Afolabi\" onerror=\"this.onerror=null;this.src='https:\/\/soccer.aidatasports.com\/images\/players\/default-player.png';\"><span>Soliu Afolabi<\/span><\/a><\/div>\n<div class=\"player\"><a href=\"https:\/\/soccer.aidatasports.com\/fr\/players\/Lukas-Masek-272145\"><img decoding=\"async\" src=\"https:\/\/soccer.aidatasports.com\/images\/players\/272145.png\" alt=\"Lukas Masek\" onerror=\"this.onerror=null;this.src='https:\/\/soccer.aidatasports.com\/images\/players\/default-player.png';\"><span>Lukas Masek<\/span><\/a><\/div>\n<\/div>\n<div>\n<h4>Suplentes:<\/h4>\n<div class=\"player\"><a href=\"https:\/\/soccer.aidatasports.com\/fr\/players\/Petr-Juli\u0161-304574\"><img decoding=\"async\" src=\"https:\/\/soccer.aidatasports.com\/images\/players\/304574.png\" alt=\"Petr Juli\u0161\" onerror=\"this.onerror=null;this.src='https:\/\/soccer.aidatasports.com\/images\/players\/default-player.png';\"><span>Petr Juli\u0161<\/span><\/a><\/div>\n<div class=\"player\"><a href=\"https:\/\/soccer.aidatasports.com\/fr\/players\/Ermin-Mahmic-340173\"><img decoding=\"async\" src=\"https:\/\/soccer.aidatasports.com\/images\/players\/340173.png\" alt=\"Ermin Mahmic\" onerror=\"this.onerror=null;this.src='https:\/\/soccer.aidatasports.com\/images\/players\/default-player.png';\"><span>Ermin Mahmic<\/span><\/a><\/div>\n<div class=\"player\"><a href=\"https:\/\/soccer.aidatasports.com\/fr\/players\/Patrik-Dulay-418904\"><img decoding=\"async\" src=\"https:\/\/soccer.aidatasports.com\/images\/players\/418904.png\" alt=\"Patrik Dulay\" onerror=\"this.onerror=null;this.src='https:\/\/soccer.aidatasports.com\/images\/players\/default-player.png';\"><span>Patrik Dulay<\/span><\/a><\/div>\n<div class=\"player\"><a href=\"https:\/\/soccer.aidatasports.com\/fr\/players\/Luk\u00e1\u0161-Pe\u0161l-290217\"><img decoding=\"async\" src=\"https:\/\/soccer.aidatasports.com\/images\/players\/290217.png\" alt=\"Luk\u00e1\u0161 Pe\u0161l\" onerror=\"this.onerror=null;this.src='https:\/\/soccer.aidatasports.com\/images\/players\/default-player.png';\"><span>Luk\u00e1\u0161 Pe\u0161l<\/span><\/a><\/div>\n<div class=\"player\"><a href=\"https:\/\/soccer.aidatasports.com\/fr\/players\/Ivan-Kraj\u010d\u00edrik-61189\"><img decoding=\"async\" src=\"https:\/\/soccer.aidatasports.com\/images\/players\/61189.png\" alt=\"Ivan Kraj\u010d\u00edrik\" onerror=\"this.onerror=null;this.src='https:\/\/soccer.aidatasports.com\/images\/players\/default-player.png';\"><span>Ivan Kraj\u010d\u00edrik<\/span><\/a><\/div>\n<div class=\"player\"><a href=\"https:\/\/soccer.aidatasports.com\/fr\/players\/Josef-Ko\u017eeluh-163030\"><img decoding=\"async\" src=\"https:\/\/soccer.aidatasports.com\/images\/players\/163030.png\" alt=\"Josef Ko\u017eeluh\" onerror=\"this.onerror=null;this.src='https:\/\/soccer.aidatasports.com\/images\/players\/default-player.png';\"><span>Josef Ko\u017eeluh<\/span><\/a><\/div>\n<div class=\"player\"><a href=\"https:\/\/soccer.aidatasports.com\/fr\/players\/Dominik-Plechat\u00fd-66012\"><img decoding=\"async\" src=\"https:\/\/soccer.aidatasports.com\/images\/players\/66012.png\" alt=\"Dominik Plechat\u00fd\" onerror=\"this.onerror=null;this.src='https:\/\/soccer.aidatasports.com\/images\/players\/default-player.png';\"><span>Dominik Plechat\u00fd<\/span><\/a><\/div>\n<div class=\"player\"><a href=\"https:\/\/soccer.aidatasports.com\/fr\/players\/Filip-\u0160patenka-390611\"><img decoding=\"async\" src=\"https:\/\/soccer.aidatasports.com\/images\/players\/390611.png\" alt=\"Filip \u0160patenka\" onerror=\"this.onerror=null;this.src='https:\/\/soccer.aidatasports.com\/images\/players\/default-player.png';\"><span>Filip \u0160patenka<\/span><\/a><\/div>\n<div class=\"player\"><a href=\"https:\/\/soccer.aidatasports.com\/fr\/players\/Marek-Icha-271795\"><img decoding=\"async\" src=\"https:\/\/soccer.aidatasports.com\/images\/players\/271795.png\" alt=\"Marek Icha\" onerror=\"this.onerror=null;this.src='https:\/\/soccer.aidatasports.com\/images\/players\/default-player.png';\"><span>Marek Icha<\/span><\/a><\/div>\n<\/div>\n<\/div>\n<\/div>\n<\/div>\n<div id=\"wg-api-football-game\"\n                    data-host=\"xxxxx\"\n                    data-key=\"xxxx\"\n                    data-id=\"1384698\"\n                    data-theme=\"\"\n                    data-refresh=\"15\"\n                    data-show-errors=\"false\"\n                    data-show-logos=\"true\"><br \/>\n                    class=\u00a0\u00bbwg_loader\u00a0\u00bb>\n                <\/div>\n<div id=\"wg-api-football-standings\"\n                    data-host=\"xxxx\"\n                    data-key=\"ddddd\"\n                    data-league=\"345\"\n                    data-team=\"\"\n                    data-season=\"2025\"\n                    data-theme=\"\"\n                    data-show-errors=\"false\"\n                    data-show-logos=\"true\"\n                    class=\"wg_loader\">\n                <\/div>\n<p>                <script\n                    type=\"module\"\n                    src=\"https:\/\/soccer.aidatasports.com\/wp-content\/customjs\/widgetslocal.js\">\n                <\/script><\/p>\n","protected":false},"excerpt":{"rendered":"<p>Nouvelle en Fran\u00e7ais: Zl\u00edn Assure la Victoire \u00e0 Domicile Contre Slovan Liberec Gr\u00e2ce \u00e0 un&hellip;<\/p>\n","protected":false},"author":1,"featured_media":102888,"comment_status":"open","ping_status":"open","sticky":false,"template":"","format":"standard","meta":{"content-type":"","pmpro_default_level":"","_lmt_disableupdate":"","_lmt_disable":"","_league":15837,"_fixture":1384698,"penci_pfeatured_image_ratio":"","penci_single_style":"","footnotes":""},"categories":[15837],"tags":[862,706],"class_list":["post-102889","post","type-post","status-publish","format-standard","has-post-thumbnail","hentry","category-matches","tag-slovan-liberec-czech-republic-782","tag-zlin-czech-republic-603","pmpro-has-access"],"_links":{"self":[{"href":"https:\/\/soccer.aidatasports.com\/fr\/wp-json\/wp\/v2\/posts\/102889"}],"collection":[{"href":"https:\/\/soccer.aidatasports.com\/fr\/wp-json\/wp\/v2\/posts"}],"about":[{"href":"https:\/\/soccer.aidatasports.com\/fr\/wp-json\/wp\/v2\/types\/post"}],"author":[{"embeddable":true,"href":"https:\/\/soccer.aidatasports.com\/fr\/wp-json\/wp\/v2\/users\/1"}],"replies":[{"embeddable":true,"href":"https:\/\/soccer.aidatasports.com\/fr\/wp-json\/wp\/v2\/comments?post=102889"}],"version-history":[{"count":0,"href":"https:\/\/soccer.aidatasports.com\/fr\/wp-json\/wp\/v2\/posts\/102889\/revisions"}],"wp:featuredmedia":[{"embeddable":true,"href":"https:\/\/soccer.aidatasports.com\/fr\/wp-json\/wp\/v2\/media\/102888"}],"wp:attachment":[{"href":"https:\/\/soccer.aidatasports.com\/fr\/wp-json\/wp\/v2\/media?parent=102889"}],"wp:term":[{"taxonomy":"category","embeddable":true,"href":"https:\/\/soccer.aidatasports.com\/fr\/wp-json\/wp\/v2\/categories?post=102889"},{"taxonomy":"post_tag","embeddable":true,"href":"https:\/\/soccer.aidatasports.com\/fr\/wp-json\/wp\/v2\/tags?post=102889"}],"curies":[{"name":"wp","href":"https:\/\/api.w.org\/{rel}","templated":true}]}}