{"id":100862,"date":"2025-08-15T02:42:01","date_gmt":"2025-08-15T02:42:01","guid":{"rendered":"https:\/\/soccer.aidatasports.com\/fr\/uncategorized\/utc-vs-cusco-aug-04-2025-1800-utc\/"},"modified":"2025-08-15T02:42:01","modified_gmt":"2025-08-15T02:42:01","slug":"utc-vs-cusco-aug-04-2025-1800-utc","status":"publish","type":"post","link":"https:\/\/soccer.aidatasports.com\/fr\/matches\/utc-vs-cusco-aug-04-2025-1800-utc\/","title":{"rendered":"UTC vs Cusco Aug 04 2025 18:00 UTC"},"content":{"rendered":"<p><strong>Nouvelles en Fran\u00e7ais:<\/strong><\/p>\n<p><strong>Match Nul Palpitant Entre UTC et Cusco \u00e0 Cajabamba<\/strong><\/p>\n<p>Cajabamba a \u00e9t\u00e9 le th\u00e9\u00e2tre d&rsquo;un match vibrant entre UTC et Cusco qui s&rsquo;est termin\u00e9 par un match nul. Le match, qui s&rsquo;est d\u00e9roul\u00e9 \u00e0 l&rsquo;Estadio Municipal Germ\u00e1n Contreras Jara, correspondant \u00e0 la 4e journ\u00e9e du Clausura de la Premi\u00e8re Division p\u00e9ruvienne, a tenu les supporters en haleine jusqu&rsquo;\u00e0 la derni\u00e8re minute.<\/p>\n<p>Le match a commenc\u00e9 avec Cusco dominant la possession du ballon avec 60%, contre 40% pour l&rsquo;UTC. Cependant, c&rsquo;est l&rsquo;UTC qui a ouvert le score \u00e0 la 37e minute gr\u00e2ce \u00e0 un but de J. Quintero, assist\u00e9 par J. A. Rosell Delgado. La joie locale n&rsquo;allait pas durer longtemps, car Cusco allait \u00e9galiser \u00e0 la 42e minute gr\u00e2ce \u00e0 un penalty transform\u00e9 par F. Callejo.<\/p>\n<p>La deuxi\u00e8me mi-temps a \u00e9t\u00e9 tout aussi intense, les deux \u00e9quipes cherchant le but de la victoire. La tension sur le terrain s&rsquo;est refl\u00e9t\u00e9e dans les nombreux cartons jaunes, avec quatre pour Cusco et deux pour l&rsquo;UTC. Alors que le match semblait se terminer par un match nul un partout, A. Fuentes a marqu\u00e9 pour Cusco \u00e0 la 90e minute, assist\u00e9 par I. Colman.<\/p>\n<p>En ce qui concerne les statistiques, Cusco a surpass\u00e9 l&rsquo;UTC en termes de possession de balle (60% contre 40%) et l\u00e9g\u00e8rement en termes de tirs (14 contre 12). Cependant, l&rsquo;UTC a eu plus de tirs non cadr\u00e9s (7 contre 5).<\/p>\n<p>L&rsquo;arbitre Jonathan Zamora a eu une soir\u00e9e charg\u00e9e, montrant plusieurs cartons et g\u00e9rant les fautes constantes des deux \u00e9quipes. Au final, un point pr\u00e9cieux pour chaque \u00e9quipe dans sa lutte pour grimper au classement du tournoi.<\/p>\n<p>Remplacements dans l&rsquo;quipe de utc: \u00c0 la 57e minute, G. Balanta est entr\u00e9 et E. Ramirez est sorti., \u00c0 la 57e minute, J. Vega est entr\u00e9 et B. Palacios est sorti., \u00c0 la 71e minute, F. Oncoy est entr\u00e9 et P. Serra est sorti., \u00c0 la 89e minute, J. Quintero est entr\u00e9 et L. De la Cruz est sorti. <\/p>\n<p>Remplacements dans l&rsquo;quipe de cusco: \u00c0 la 79e minute, F. Callejo est entr\u00e9 et J. Tevez est sorti., \u00c0 la 79e minute, C. Diez est entr\u00e9 et M. Aucca est sorti., \u00c0 la 88e minute, M. Ruidias est entr\u00e9 et A. Custodio est sorti., \u00c0 la 88e minute, A. Ampuero est entr\u00e9 et J. Zevallos est sorti., \u00c0 la 88e minute, N. Silva est entr\u00e9 et A. Milesi est sorti. <\/p>\n<p>Les \u00e9quipes se sont align\u00e9es comme suit:<\/p>\n<div class=\"lineups-container\">\n<style>\n                .lineups-container {\n                    display: flex;\n                    justify-content: space-around;\n                    flex-wrap: wrap;\n                }\n                .team-lineup {\n                    width: 49%;\n                    margin-bottom: 20px;\n                    border: 1px solid #ccc;\n                    padding: 5px;\n                }\n                .team-lineup h3 {\n                    text-align: center;\n                    margin-bottom: 10px;\n                }\n                .players-container {\n                    display: flex;\n                    justify-content: space-between;\n                }\n                .players-container div {\n                    width: 100%;\n                }\n                .player {\n                    display: flex;\n                    align-items: center;\n                    margin-bottom: 5px;\n                }\n                .player img {\n                    width: 30px;\n                    height: 30px;\n                    border-radius: 50%;\n                    margin-right: 10px;\n                }\n                    @media (max-width: 600px) {\n                    .team-lineup {\n                        width: 100%;\n                    }\n                }\n                <\/style>\n<div class=\"team-lineup\">\n<h3>UTC<\/h3>\n<p><img decoding=\"async\" src=\"https:\/\/media.api-sports.io\/football\/teams\/2539.png\" alt=\"UTC\" style=\"width: 50px; height: 50px;\"><\/p>\n<div class=\"players-container\">\n<div>\n<h4>Titulares:<\/h4>\n<div class=\"player\"><a href=\"https:\/\/soccer.aidatasports.com\/fr\/players\/Diego-Campos-100901\"><img decoding=\"async\" src=\"https:\/\/soccer.aidatasports.com\/images\/players\/100901.png\" alt=\"Diego Campos\" onerror=\"this.onerror=null;this.src='https:\/\/soccer.aidatasports.com\/images\/players\/default-player.png';\"><span>Diego Campos<\/span><\/a><\/div>\n<div class=\"player\"><a href=\"https:\/\/soccer.aidatasports.com\/fr\/players\/Juan-Cruz-Vega-491810\"><img decoding=\"async\" src=\"https:\/\/soccer.aidatasports.com\/images\/players\/491810.png\" alt=\"Juan Cruz Vega\" onerror=\"this.onerror=null;this.src='https:\/\/soccer.aidatasports.com\/images\/players\/default-player.png';\"><span>Juan Cruz Vega<\/span><\/a><\/div>\n<div class=\"player\"><a href=\"https:\/\/soccer.aidatasports.com\/fr\/players\/Leonardo-Rugel-196690\"><img decoding=\"async\" src=\"https:\/\/soccer.aidatasports.com\/images\/players\/196690.png\" alt=\"Leonardo Rugel\" onerror=\"this.onerror=null;this.src='https:\/\/soccer.aidatasports.com\/images\/players\/default-player.png';\"><span>Leonardo Rugel<\/span><\/a><\/div>\n<div class=\"player\"><a href=\"https:\/\/soccer.aidatasports.com\/fr\/players\/Luis-Alvarez-39512\"><img decoding=\"async\" src=\"https:\/\/soccer.aidatasports.com\/images\/players\/39512.png\" alt=\"Luis Alvarez\" onerror=\"this.onerror=null;this.src='https:\/\/soccer.aidatasports.com\/images\/players\/default-player.png';\"><span>Luis Alvarez<\/span><\/a><\/div>\n<div class=\"player\"><a href=\"https:\/\/soccer.aidatasports.com\/fr\/players\/Roberto-Villamar\u00edn-39511\"><img decoding=\"async\" src=\"https:\/\/soccer.aidatasports.com\/images\/players\/39511.png\" alt=\"Roberto Villamar\u00edn\" onerror=\"this.onerror=null;this.src='https:\/\/soccer.aidatasports.com\/images\/players\/default-player.png';\"><span>Roberto Villamar\u00edn<\/span><\/a><\/div>\n<div class=\"player\"><a href=\"https:\/\/soccer.aidatasports.com\/fr\/players\/Anthony-Rosell-39415\"><img decoding=\"async\" src=\"https:\/\/soccer.aidatasports.com\/images\/players\/39415.png\" alt=\"Anthony Rosell\" onerror=\"this.onerror=null;this.src='https:\/\/soccer.aidatasports.com\/images\/players\/default-player.png';\"><span>Anthony Rosell<\/span><\/a><\/div>\n<div class=\"player\"><a href=\"https:\/\/soccer.aidatasports.com\/fr\/players\/Freddy-Oncoy-39729\"><img decoding=\"async\" src=\"https:\/\/soccer.aidatasports.com\/images\/players\/39729.png\" alt=\"Freddy Oncoy\" onerror=\"this.onerror=null;this.src='https:\/\/soccer.aidatasports.com\/images\/players\/default-player.png';\"><span>Freddy Oncoy<\/span><\/a><\/div>\n<div class=\"player\"><a href=\"https:\/\/soccer.aidatasports.com\/fr\/players\/Cristian-Mejia-39492\"><img decoding=\"async\" src=\"https:\/\/soccer.aidatasports.com\/images\/players\/39492.png\" alt=\"Cristian Mejia\" onerror=\"this.onerror=null;this.src='https:\/\/soccer.aidatasports.com\/images\/players\/default-player.png';\"><span>Cristian Mejia<\/span><\/a><\/div>\n<div class=\"player\"><a href=\"https:\/\/soccer.aidatasports.com\/fr\/players\/Geimer-Balanta-79552\"><img decoding=\"async\" src=\"https:\/\/soccer.aidatasports.com\/images\/players\/79552.png\" alt=\"Geimer Balanta\" onerror=\"this.onerror=null;this.src='https:\/\/soccer.aidatasports.com\/images\/players\/default-player.png';\"><span>Geimer Balanta<\/span><\/a><\/div>\n<div class=\"player\"><a href=\"https:\/\/soccer.aidatasports.com\/fr\/players\/Andr\u00e9-Vasquez-315017\"><img decoding=\"async\" src=\"https:\/\/soccer.aidatasports.com\/images\/players\/315017.png\" alt=\"Andr\u00e9 Vasquez\" onerror=\"this.onerror=null;this.src='https:\/\/soccer.aidatasports.com\/images\/players\/default-player.png';\"><span>Andr\u00e9 Vasquez<\/span><\/a><\/div>\n<div class=\"player\"><a href=\"https:\/\/soccer.aidatasports.com\/fr\/players\/Jarlin-Quintero-39833\"><img decoding=\"async\" src=\"https:\/\/soccer.aidatasports.com\/images\/players\/39833.png\" alt=\"Jarlin Quintero\" onerror=\"this.onerror=null;this.src='https:\/\/soccer.aidatasports.com\/images\/players\/default-player.png';\"><span>Jarlin Quintero<\/span><\/a><\/div>\n<\/div>\n<div>\n<h4>Suplentes:<\/h4>\n<div class=\"player\"><a href=\"https:\/\/soccer.aidatasports.com\/fr\/players\/Brandon-Palacios-39857\"><img decoding=\"async\" src=\"https:\/\/soccer.aidatasports.com\/images\/players\/39857.png\" alt=\"Brandon Palacios\" onerror=\"this.onerror=null;this.src='https:\/\/soccer.aidatasports.com\/images\/players\/default-player.png';\"><span>Brandon Palacios<\/span><\/a><\/div>\n<div class=\"player\"><a href=\"https:\/\/soccer.aidatasports.com\/fr\/players\/Erinson-Ramirez-39554\"><img decoding=\"async\" src=\"https:\/\/soccer.aidatasports.com\/images\/players\/39554.png\" alt=\"Erinson Ramirez\" onerror=\"this.onerror=null;this.src='https:\/\/soccer.aidatasports.com\/images\/players\/default-player.png';\"><span>Erinson Ramirez<\/span><\/a><\/div>\n<div class=\"player\"><a href=\"https:\/\/soccer.aidatasports.com\/fr\/players\/Manuel-Heredia-39499\"><img decoding=\"async\" src=\"https:\/\/soccer.aidatasports.com\/images\/players\/39499.png\" alt=\"Manuel Heredia\" onerror=\"this.onerror=null;this.src='https:\/\/soccer.aidatasports.com\/images\/players\/default-player.png';\"><span>Manuel Heredia<\/span><\/a><\/div>\n<div class=\"player\"><a href=\"https:\/\/soccer.aidatasports.com\/fr\/players\/Yehider-Ibarg\u00fcen-306725\"><img decoding=\"async\" src=\"https:\/\/soccer.aidatasports.com\/images\/players\/306725.png\" alt=\"Yehider Ibarg\u00fcen\" onerror=\"this.onerror=null;this.src='https:\/\/soccer.aidatasports.com\/images\/players\/default-player.png';\"><span>Yehider Ibarg\u00fcen<\/span><\/a><\/div>\n<div class=\"player\"><a href=\"https:\/\/soccer.aidatasports.com\/fr\/players\/Mijailov-Cabanillas-466472\"><img decoding=\"async\" src=\"https:\/\/soccer.aidatasports.com\/images\/players\/466472.png\" alt=\"Mijailov Cabanillas\" onerror=\"this.onerror=null;this.src='https:\/\/soccer.aidatasports.com\/images\/players\/default-player.png';\"><span>Mijailov Cabanillas<\/span><\/a><\/div>\n<div class=\"player\"><a href=\"https:\/\/soccer.aidatasports.com\/fr\/players\/Piero-Serra-95801\"><img decoding=\"async\" src=\"https:\/\/soccer.aidatasports.com\/images\/players\/95801.png\" alt=\"Piero Serra\" onerror=\"this.onerror=null;this.src='https:\/\/soccer.aidatasports.com\/images\/players\/default-player.png';\"><span>Piero Serra<\/span><\/a><\/div>\n<div class=\"player\"><a href=\"https:\/\/soccer.aidatasports.com\/fr\/players\/Jos\u00e9-Luj\u00e1n-39844\"><img decoding=\"async\" src=\"https:\/\/soccer.aidatasports.com\/images\/players\/39844.png\" alt=\"Jos\u00e9 Luj\u00e1n\" onerror=\"this.onerror=null;this.src='https:\/\/soccer.aidatasports.com\/images\/players\/default-player.png';\"><span>Jos\u00e9 Luj\u00e1n<\/span><\/a><\/div>\n<div class=\"player\"><a href=\"https:\/\/soccer.aidatasports.com\/fr\/players\/Farid-Romero-147880\"><img decoding=\"async\" src=\"https:\/\/soccer.aidatasports.com\/images\/players\/147880.png\" alt=\"Farid Romero\" onerror=\"this.onerror=null;this.src='https:\/\/soccer.aidatasports.com\/images\/players\/default-player.png';\"><span>Farid Romero<\/span><\/a><\/div>\n<div class=\"player\"><a href=\"https:\/\/soccer.aidatasports.com\/fr\/players\/Leonardo-de-la-Cruz-285837\"><img decoding=\"async\" src=\"https:\/\/soccer.aidatasports.com\/images\/players\/285837.png\" alt=\"Leonardo de la Cruz\" onerror=\"this.onerror=null;this.src='https:\/\/soccer.aidatasports.com\/images\/players\/default-player.png';\"><span>Leonardo de la Cruz<\/span><\/a><\/div>\n<\/div>\n<\/div>\n<\/div>\n<div class=\"team-lineup\">\n<h3>Cusco<\/h3>\n<p><img decoding=\"async\" src=\"https:\/\/media.api-sports.io\/football\/teams\/10013.png\" alt=\"Cusco\" style=\"width: 50px; height: 50px;\"><\/p>\n<div class=\"players-container\">\n<div>\n<h4>Titulares:<\/h4>\n<div class=\"player\"><a href=\"https:\/\/soccer.aidatasports.com\/fr\/players\/Pedro-Diaz-39498\"><img decoding=\"async\" src=\"https:\/\/soccer.aidatasports.com\/images\/players\/39498.png\" alt=\"Pedro Diaz\" onerror=\"this.onerror=null;this.src='https:\/\/soccer.aidatasports.com\/images\/players\/default-player.png';\"><span>Pedro Diaz<\/span><\/a><\/div>\n<div class=\"player\"><a href=\"https:\/\/soccer.aidatasports.com\/fr\/players\/Aldair-Fuentes-39425\"><img decoding=\"async\" src=\"https:\/\/soccer.aidatasports.com\/images\/players\/39425.png\" alt=\"Aldair Fuentes\" onerror=\"this.onerror=null;this.src='https:\/\/soccer.aidatasports.com\/images\/players\/default-player.png';\"><span>Aldair Fuentes<\/span><\/a><\/div>\n<div class=\"player\"><a href=\"https:\/\/soccer.aidatasports.com\/fr\/players\/Carlos-Gamarra-39630\"><img decoding=\"async\" src=\"https:\/\/soccer.aidatasports.com\/images\/players\/39630.png\" alt=\"Carlos Gamarra\" onerror=\"this.onerror=null;this.src='https:\/\/soccer.aidatasports.com\/images\/players\/default-player.png';\"><span>Carlos Gamarra<\/span><\/a><\/div>\n<div class=\"player\"><a href=\"https:\/\/soccer.aidatasports.com\/fr\/players\/Alvaro-Ampuero-39590\"><img decoding=\"async\" src=\"https:\/\/soccer.aidatasports.com\/images\/players\/39590.png\" alt=\"Alvaro Ampuero\" onerror=\"this.onerror=null;this.src='https:\/\/soccer.aidatasports.com\/images\/players\/default-player.png';\"><span>Alvaro Ampuero<\/span><\/a><\/div>\n<div class=\"player\"><a href=\"https:\/\/soccer.aidatasports.com\/fr\/players\/Marlon-Ruid\u00edas-196673\"><img decoding=\"async\" src=\"https:\/\/soccer.aidatasports.com\/images\/players\/196673.png\" alt=\"Marlon Ruid\u00edas\" onerror=\"this.onerror=null;this.src='https:\/\/soccer.aidatasports.com\/images\/players\/default-player.png';\"><span>Marlon Ruid\u00edas<\/span><\/a><\/div>\n<div class=\"player\"><a href=\"https:\/\/soccer.aidatasports.com\/fr\/players\/Oswaldo-Valenzuela-39430\"><img decoding=\"async\" src=\"https:\/\/soccer.aidatasports.com\/images\/players\/39430.png\" alt=\"Oswaldo Valenzuela\" onerror=\"this.onerror=null;this.src='https:\/\/soccer.aidatasports.com\/images\/players\/default-player.png';\"><span>Oswaldo Valenzuela<\/span><\/a><\/div>\n<div class=\"player\"><a href=\"https:\/\/soccer.aidatasports.com\/fr\/players\/Nicol\u00e1s-Silva-6390\"><img decoding=\"async\" src=\"https:\/\/soccer.aidatasports.com\/images\/players\/6390.png\" alt=\"Nicol\u00e1s Silva\" onerror=\"this.onerror=null;this.src='https:\/\/soccer.aidatasports.com\/images\/players\/default-player.png';\"><span>Nicol\u00e1s Silva<\/span><\/a><\/div>\n<div class=\"player\"><a href=\"https:\/\/soccer.aidatasports.com\/fr\/players\/Carlos-Diez-39618\"><img decoding=\"async\" src=\"https:\/\/soccer.aidatasports.com\/images\/players\/39618.png\" alt=\"Carlos Diez\" onerror=\"this.onerror=null;this.src='https:\/\/soccer.aidatasports.com\/images\/players\/default-player.png';\"><span>Carlos Diez<\/span><\/a><\/div>\n<div class=\"player\"><a href=\"https:\/\/soccer.aidatasports.com\/fr\/players\/Iv\u00e1n-Colman-6273\"><img decoding=\"async\" src=\"https:\/\/soccer.aidatasports.com\/images\/players\/6273.png\" alt=\"Iv\u00e1n Colman\" onerror=\"this.onerror=null;this.src='https:\/\/soccer.aidatasports.com\/images\/players\/default-player.png';\"><span>Iv\u00e1n Colman<\/span><\/a><\/div>\n<div class=\"player\"><a href=\"https:\/\/soccer.aidatasports.com\/fr\/players\/Pierre-Da-Silva-102919\"><img decoding=\"async\" src=\"https:\/\/soccer.aidatasports.com\/images\/players\/102919.png\" alt=\"Pierre Da Silva\" onerror=\"this.onerror=null;this.src='https:\/\/soccer.aidatasports.com\/images\/players\/default-player.png';\"><span>Pierre Da Silva<\/span><\/a><\/div>\n<div class=\"player\"><a href=\"https:\/\/soccer.aidatasports.com\/fr\/players\/Facundo-Callejo-5709\"><img decoding=\"async\" src=\"https:\/\/soccer.aidatasports.com\/images\/players\/5709.png\" alt=\"Facundo Callejo\" onerror=\"this.onerror=null;this.src='https:\/\/soccer.aidatasports.com\/images\/players\/default-player.png';\"><span>Facundo Callejo<\/span><\/a><\/div>\n<\/div>\n<div>\n<h4>Suplentes:<\/h4>\n<div class=\"player\"><a href=\"https:\/\/soccer.aidatasports.com\/fr\/players\/Andy-Vidal-39475\"><img decoding=\"async\" src=\"https:\/\/soccer.aidatasports.com\/images\/players\/39475.png\" alt=\"Andy Vidal\" onerror=\"this.onerror=null;this.src='https:\/\/soccer.aidatasports.com\/images\/players\/default-player.png';\"><span>Andy Vidal<\/span><\/a><\/div>\n<div class=\"player\"><a href=\"https:\/\/soccer.aidatasports.com\/fr\/players\/Alessandro-Milesi-32211\"><img decoding=\"async\" src=\"https:\/\/soccer.aidatasports.com\/images\/players\/32211.png\" alt=\"Alessandro Milesi\" onerror=\"this.onerror=null;this.src='https:\/\/soccer.aidatasports.com\/images\/players\/default-player.png';\"><span>Alessandro Milesi<\/span><\/a><\/div>\n<div class=\"player\"><a href=\"https:\/\/soccer.aidatasports.com\/fr\/players\/Jos\u00e9-Zevallos-39876\"><img decoding=\"async\" src=\"https:\/\/soccer.aidatasports.com\/images\/players\/39876.png\" alt=\"Jos\u00e9 Zevallos\" onerror=\"this.onerror=null;this.src='https:\/\/soccer.aidatasports.com\/images\/players\/default-player.png';\"><span>Jos\u00e9 Zevallos<\/span><\/a><\/div>\n<div class=\"player\"><a href=\"https:\/\/soccer.aidatasports.com\/fr\/players\/Alex-Miguel-Custodio-200567\"><img decoding=\"async\" src=\"https:\/\/soccer.aidatasports.com\/images\/players\/200567.png\" alt=\"Alex Miguel Custodio\" onerror=\"this.onerror=null;this.src='https:\/\/soccer.aidatasports.com\/images\/players\/default-player.png';\"><span>Alex Miguel Custodio<\/span><\/a><\/div>\n<div class=\"player\"><a href=\"https:\/\/soccer.aidatasports.com\/fr\/players\/Anthony-Aoki-39788\"><img decoding=\"async\" src=\"https:\/\/soccer.aidatasports.com\/images\/players\/39788.png\" alt=\"Anthony Aoki\" onerror=\"this.onerror=null;this.src='https:\/\/soccer.aidatasports.com\/images\/players\/default-player.png';\"><span>Anthony Aoki<\/span><\/a><\/div>\n<div class=\"player\"><a href=\"https:\/\/soccer.aidatasports.com\/fr\/players\/Miguel-Aucca-39694\"><img decoding=\"async\" src=\"https:\/\/soccer.aidatasports.com\/images\/players\/39694.png\" alt=\"Miguel Aucca\" onerror=\"this.onerror=null;this.src='https:\/\/soccer.aidatasports.com\/images\/players\/default-player.png';\"><span>Miguel Aucca<\/span><\/a><\/div>\n<div class=\"player\"><a href=\"https:\/\/soccer.aidatasports.com\/fr\/players\/Santiago-G\u00e1lvez-404369\"><img decoding=\"async\" src=\"https:\/\/soccer.aidatasports.com\/images\/players\/404369.png\" alt=\"Santiago G\u00e1lvez\" onerror=\"this.onerror=null;this.src='https:\/\/soccer.aidatasports.com\/images\/players\/default-player.png';\"><span>Santiago G\u00e1lvez<\/span><\/a><\/div>\n<div class=\"player\"><a href=\"https:\/\/soccer.aidatasports.com\/fr\/players\/Juan-T\u00e9vez-16543\"><img decoding=\"async\" src=\"https:\/\/soccer.aidatasports.com\/images\/players\/16543.png\" alt=\"Juan T\u00e9vez\" onerror=\"this.onerror=null;this.src='https:\/\/soccer.aidatasports.com\/images\/players\/default-player.png';\"><span>Juan T\u00e9vez<\/span><\/a><\/div>\n<\/div>\n<\/div>\n<\/div>\n<\/div>\n<div id=\"wg-api-football-game\"\n                    data-host=\"xxxxx\"\n                    data-key=\"xxxx\"\n                    data-id=\"1402655\"\n                    data-theme=\"\"\n                    data-refresh=\"15\"\n                    data-show-errors=\"false\"\n                    data-show-logos=\"true\"><br \/>\n                    class=\u00a0\u00bbwg_loader\u00a0\u00bb>\n                <\/div>\n<div id=\"wg-api-football-standings\"\n                    data-host=\"xxxx\"\n                    data-key=\"ddddd\"\n                    data-league=\"281\"\n                    data-team=\"\"\n                    data-season=\"2025\"\n                    data-theme=\"\"\n                    data-show-errors=\"false\"\n                    data-show-logos=\"true\"\n                    class=\"wg_loader\">\n                <\/div>\n<p>                <script\n                    type=\"module\"\n                    src=\"https:\/\/soccer.aidatasports.com\/wp-content\/customjs\/widgetslocal.js\">\n                <\/script><\/p>\n","protected":false},"excerpt":{"rendered":"<p>Nouvelles en Fran\u00e7ais: Match Nul Palpitant Entre UTC et Cusco \u00e0 Cajabamba Cajabamba a \u00e9t\u00e9&hellip;<\/p>\n","protected":false},"author":1,"featured_media":100861,"comment_status":"open","ping_status":"open","sticky":false,"template":"","format":"standard","meta":{"content-type":"","pmpro_default_level":"","_lmt_disableupdate":"","_lmt_disable":"","_league":15837,"_fixture":1402655,"penci_pfeatured_image_ratio":"","penci_single_style":"","footnotes":""},"categories":[15837],"tags":[7039,2258],"class_list":["post-100862","post","type-post","status-publish","format-standard","has-post-thumbnail","hentry","category-matches","tag-cusco-peru-10013","tag-utc-peru-2539","pmpro-has-access"],"_links":{"self":[{"href":"https:\/\/soccer.aidatasports.com\/fr\/wp-json\/wp\/v2\/posts\/100862"}],"collection":[{"href":"https:\/\/soccer.aidatasports.com\/fr\/wp-json\/wp\/v2\/posts"}],"about":[{"href":"https:\/\/soccer.aidatasports.com\/fr\/wp-json\/wp\/v2\/types\/post"}],"author":[{"embeddable":true,"href":"https:\/\/soccer.aidatasports.com\/fr\/wp-json\/wp\/v2\/users\/1"}],"replies":[{"embeddable":true,"href":"https:\/\/soccer.aidatasports.com\/fr\/wp-json\/wp\/v2\/comments?post=100862"}],"version-history":[{"count":0,"href":"https:\/\/soccer.aidatasports.com\/fr\/wp-json\/wp\/v2\/posts\/100862\/revisions"}],"wp:featuredmedia":[{"embeddable":true,"href":"https:\/\/soccer.aidatasports.com\/fr\/wp-json\/wp\/v2\/media\/100861"}],"wp:attachment":[{"href":"https:\/\/soccer.aidatasports.com\/fr\/wp-json\/wp\/v2\/media?parent=100862"}],"wp:term":[{"taxonomy":"category","embeddable":true,"href":"https:\/\/soccer.aidatasports.com\/fr\/wp-json\/wp\/v2\/categories?post=100862"},{"taxonomy":"post_tag","embeddable":true,"href":"https:\/\/soccer.aidatasports.com\/fr\/wp-json\/wp\/v2\/tags?post=100862"}],"curies":[{"name":"wp","href":"https:\/\/api.w.org\/{rel}","templated":true}]}}