{"id":99055,"date":"2025-06-17T00:10:24","date_gmt":"2025-06-17T00:10:24","guid":{"rendered":"https:\/\/soccer.aidatasports.com\/es\/uncategorized\/boca-juniors-vs-benfica-jun-16-2025-2200-utc\/"},"modified":"2025-06-17T00:10:24","modified_gmt":"2025-06-17T00:10:24","slug":"boca-juniors-vs-benfica-jun-16-2025-2200-utc","status":"publish","type":"post","link":"https:\/\/soccer.aidatasports.com\/es\/matches\/boca-juniors-vs-benfica-jun-16-2025-2200-utc\/","title":{"rendered":"Boca Juniors vs Benfica Jun 16 2025 22:00 UTC"},"content":{"rendered":"<p><strong>Espa\u00f1ol<\/strong><\/p>\n<p><strong>Pol\u00e9mico Empate en Miami: Boca Juniors y Benfica Igualan en Partido Cargado de Emoci\u00f3n<\/strong><\/p>\n<p>Miami Gardens, Florida \u2013 En un encuentro disputado en el Hard Rock Stadium, Boca Juniors y Benfica empataron en un partido memorable, marcado por las expulsiones y la controversia. Bajo la atenta mirada del \u00e1rbitro mexicano C\u00e9sar Ramos Palazuelos, el partido correspondiente a la fase de grupos de la FIFA Club World Cup 2025 no defraud\u00f3 en emociones.<\/p>\n<p>Boca Juniors se adelant\u00f3 temprano en el marcador con goles de Miguel Merentiel al minuto 21, gracias a una asistencia de L. Blanco, y de R. Battaglia al minuto 27, asistido por A. Costa. Sin embargo, el partido dio un giro dr\u00e1stico justo antes del descanso con la expulsi\u00f3n de A. Herrera al minuto 45. El Benfica aprovech\u00f3 la oportunidad y A. Di Maria descont\u00f3 desde el punto penal, sin asistencia.<\/p>\n<p>A pesar de tener solo el 40% de la posesi\u00f3n, Boca se mantuvo firme. El segundo tiempo estuvo cargado de tensi\u00f3n. El Benfica, con mayor posesi\u00f3n (60%), busc\u00f3 el empate con insistencia. Sin embargo, otra expulsi\u00f3n, esta vez de A. Belotti al minuto 72, igual\u00f3 las fuerzas en el campo. No obstante, N. Otamendi igual\u00f3 el marcador al minuto 84, asistido por O. Kokcu.<\/p>\n<p>El final del partido fue ca\u00f3tico, con una nueva expulsi\u00f3n para Boca Juniors, esta vez de J. Figal al minuto 88. El encuentro concluy\u00f3 con un empate que deja un sabor agridulce para ambos equipos, especialmente para Boca, que a pesar de jugar con valent\u00eda, vio como se escapaba la victoria. El partido termin\u00f3 con un total de 12 faltas para Boca y 8 para Benfica. Boca tuvo 10 tiros, 2 a puerta, 3 fuera y 4 corners, mientras que Benfica tuvo 7 tiros, 3 a puerta, 3 fuera y 7 corners.<\/p>\n<p>Sustituciones en el equipo de boca juniors: en el minuto 20 ingres\u00f3 T. Belmonte y sali\u00f3 A. Herrera, en el minuto 58 ingres\u00f3 M. Gimenez y sali\u00f3 A. Velasco, en el minuto 65 ingres\u00f3 E. Zeballos y sali\u00f3 Miguel Merentiel, en el minuto 66 ingres\u00f3 W. H. Alarcon Cepeda y sali\u00f3 Carlos Palacios <\/p>\n<p>Sustituciones en el equipo de benfica: en el minuto 46 ingres\u00f3 A. Belotti y sali\u00f3 S. Dahl, en el minuto 61 ingres\u00f3 K. Akturkoglu y sali\u00f3 Bruma, en el minuto 61 ingres\u00f3 O. Kokcu y sali\u00f3 R. Sanches, en el minuto 77 ingres\u00f3 G. Prestianni y sali\u00f3 A. Di Maria, en el minuto 90 ingres\u00f3 L. Barreiro y sali\u00f3 Florentino <\/p>\n<p>Los equipos alinearon de la siguiente manera:<\/p>\n<div class=\"lineups-container\">\n<style>\n                .lineups-container {\n                    display: flex;\n                    justify-content: space-around;\n                    flex-wrap: wrap;\n                }\n                .team-lineup {\n                    width: 49%;\n                    margin-bottom: 20px;\n                    border: 1px solid #ccc;\n                    padding: 5px;\n                }\n                .team-lineup h3 {\n                    text-align: center;\n                    margin-bottom: 10px;\n                }\n                .players-container {\n                    display: flex;\n                    justify-content: space-between;\n                }\n                .players-container div {\n                    width: 100%;\n                }\n                .player {\n                    display: flex;\n                    align-items: center;\n                    margin-bottom: 5px;\n                }\n                .player img {\n                    width: 30px;\n                    height: 30px;\n                    border-radius: 50%;\n                    margin-right: 10px;\n                }\n                    @media (max-width: 600px) {\n                    .team-lineup {\n                        width: 100%;\n                    }\n                }\n                <\/style>\n<div class=\"team-lineup\">\n<h3>Boca Juniors<\/h3>\n<p><img decoding=\"async\" src=\"https:\/\/media.api-sports.io\/football\/teams\/451.png\" alt=\"Boca Juniors\" style=\"width: 50px; height: 50px;\"><\/p>\n<div class=\"players-container\">\n<div>\n<h4>Titulares:<\/h4>\n<div class=\"player\"><a href=\"https:\/\/soccer.aidatasports.com\/es\/players\/Agust\u00edn-Marches\u00edn-2464\"><img decoding=\"async\" src=\"https:\/\/soccer.aidatasports.com\/images\/players\/2464.png\" alt=\"Agust\u00edn Marches\u00edn\" onerror=\"this.onerror=null;this.src='https:\/\/soccer.aidatasports.com\/images\/players\/default-player.png';\"><span>Agust\u00edn Marches\u00edn<\/span><\/a><\/div>\n<div class=\"player\"><a href=\"https:\/\/soccer.aidatasports.com\/es\/players\/Luis-Adv\u00edncula-2419\"><img decoding=\"async\" src=\"https:\/\/soccer.aidatasports.com\/images\/players\/2419.png\" alt=\"Luis Adv\u00edncula\" onerror=\"this.onerror=null;this.src='https:\/\/soccer.aidatasports.com\/images\/players\/default-player.png';\"><span>Luis Adv\u00edncula<\/span><\/a><\/div>\n<div class=\"player\"><a href=\"https:\/\/soccer.aidatasports.com\/es\/players\/Nicol\u00e1s-Figal-6082\"><img decoding=\"async\" src=\"https:\/\/soccer.aidatasports.com\/images\/players\/6082.png\" alt=\"Nicol\u00e1s Figal\" onerror=\"this.onerror=null;this.src='https:\/\/soccer.aidatasports.com\/images\/players\/default-player.png';\"><span>Nicol\u00e1s Figal<\/span><\/a><\/div>\n<div class=\"player\"><a href=\"https:\/\/soccer.aidatasports.com\/es\/players\/Ayrton-Costa-288750\"><img decoding=\"async\" src=\"https:\/\/soccer.aidatasports.com\/images\/players\/288750.png\" alt=\"Ayrton Costa\" onerror=\"this.onerror=null;this.src='https:\/\/soccer.aidatasports.com\/images\/players\/default-player.png';\"><span>Ayrton Costa<\/span><\/a><\/div>\n<div class=\"player\"><a href=\"https:\/\/soccer.aidatasports.com\/es\/players\/Lautaro-Blanco-289444\"><img decoding=\"async\" src=\"https:\/\/soccer.aidatasports.com\/images\/players\/289444.png\" alt=\"Lautaro Blanco\" onerror=\"this.onerror=null;this.src='https:\/\/soccer.aidatasports.com\/images\/players\/default-player.png';\"><span>Lautaro Blanco<\/span><\/a><\/div>\n<div class=\"player\"><a href=\"https:\/\/soccer.aidatasports.com\/es\/players\/Ander-Herrera-898\"><img decoding=\"async\" src=\"https:\/\/soccer.aidatasports.com\/images\/players\/898.png\" alt=\"Ander Herrera\" onerror=\"this.onerror=null;this.src='https:\/\/soccer.aidatasports.com\/images\/players\/default-player.png';\"><span>Ander Herrera<\/span><\/a><\/div>\n<div class=\"player\"><a href=\"https:\/\/soccer.aidatasports.com\/es\/players\/Rodrigo-Battaglia-1484\"><img decoding=\"async\" src=\"https:\/\/soccer.aidatasports.com\/images\/players\/1484.png\" alt=\"Rodrigo Battaglia\" onerror=\"this.onerror=null;this.src='https:\/\/soccer.aidatasports.com\/images\/players\/default-player.png';\"><span>Rodrigo Battaglia<\/span><\/a><\/div>\n<div class=\"player\"><a href=\"https:\/\/soccer.aidatasports.com\/es\/players\/Kevin-Zen\u00f3n-288707\"><img decoding=\"async\" src=\"https:\/\/soccer.aidatasports.com\/images\/players\/288707.png\" alt=\"Kevin Zen\u00f3n\" onerror=\"this.onerror=null;this.src='https:\/\/soccer.aidatasports.com\/images\/players\/default-player.png';\"><span>Kevin Zen\u00f3n<\/span><\/a><\/div>\n<div class=\"player\"><a href=\"https:\/\/soccer.aidatasports.com\/es\/players\/Alan-Velasco-6092\"><img decoding=\"async\" src=\"https:\/\/soccer.aidatasports.com\/images\/players\/6092.png\" alt=\"Alan Velasco\" onerror=\"this.onerror=null;this.src='https:\/\/soccer.aidatasports.com\/images\/players\/default-player.png';\"><span>Alan Velasco<\/span><\/a><\/div>\n<div class=\"player\"><a href=\"https:\/\/soccer.aidatasports.com\/es\/players\/Carlos-Palacios-11463\"><img decoding=\"async\" src=\"https:\/\/soccer.aidatasports.com\/images\/players\/11463.png\" alt=\"Carlos Palacios\" onerror=\"this.onerror=null;this.src='https:\/\/soccer.aidatasports.com\/images\/players\/default-player.png';\"><span>Carlos Palacios<\/span><\/a><\/div>\n<div class=\"player\"><a href=\"https:\/\/soccer.aidatasports.com\/es\/players\/Miguel-Merentiel-6327\"><img decoding=\"async\" src=\"https:\/\/soccer.aidatasports.com\/images\/players\/6327.png\" alt=\"Miguel Merentiel\" onerror=\"this.onerror=null;this.src='https:\/\/soccer.aidatasports.com\/images\/players\/default-player.png';\"><span>Miguel Merentiel<\/span><\/a><\/div>\n<\/div>\n<div>\n<h4>Suplentes:<\/h4>\n<div class=\"player\"><a href=\"https:\/\/soccer.aidatasports.com\/es\/players\/Tom\u00e1s-Belmonte-6209\"><img decoding=\"async\" src=\"https:\/\/soccer.aidatasports.com\/images\/players\/6209.png\" alt=\"Tom\u00e1s Belmonte\" onerror=\"this.onerror=null;this.src='https:\/\/soccer.aidatasports.com\/images\/players\/default-player.png';\"><span>Tom\u00e1s Belmonte<\/span><\/a><\/div>\n<div class=\"player\"><a href=\"https:\/\/soccer.aidatasports.com\/es\/players\/Milton-Gim\u00e9nez-59229\"><img decoding=\"async\" src=\"https:\/\/soccer.aidatasports.com\/images\/players\/59229.png\" alt=\"Milton Gim\u00e9nez\" onerror=\"this.onerror=null;this.src='https:\/\/soccer.aidatasports.com\/images\/players\/default-player.png';\"><span>Milton Gim\u00e9nez<\/span><\/a><\/div>\n<div class=\"player\"><a href=\"https:\/\/soccer.aidatasports.com\/es\/players\/Exequiel-Zeballos-237090\"><img decoding=\"async\" src=\"https:\/\/soccer.aidatasports.com\/images\/players\/237090.png\" alt=\"Exequiel Zeballos\" onerror=\"this.onerror=null;this.src='https:\/\/soccer.aidatasports.com\/images\/players\/default-player.png';\"><span>Exequiel Zeballos<\/span><\/a><\/div>\n<div class=\"player\"><a href=\"https:\/\/soccer.aidatasports.com\/es\/players\/Williams-Alarc\u00f3n-11424\"><img decoding=\"async\" src=\"https:\/\/soccer.aidatasports.com\/images\/players\/11424.png\" alt=\"Williams Alarc\u00f3n\" onerror=\"this.onerror=null;this.src='https:\/\/soccer.aidatasports.com\/images\/players\/default-player.png';\"><span>Williams Alarc\u00f3n<\/span><\/a><\/div>\n<div class=\"player\"><a href=\"https:\/\/soccer.aidatasports.com\/es\/players\/Leandro-Brey-177230\"><img decoding=\"async\" src=\"https:\/\/soccer.aidatasports.com\/images\/players\/177230.png\" alt=\"Leandro Brey\" onerror=\"this.onerror=null;this.src='https:\/\/soccer.aidatasports.com\/images\/players\/default-player.png';\"><span>Leandro Brey<\/span><\/a><\/div>\n<div class=\"player\"><a href=\"https:\/\/soccer.aidatasports.com\/es\/players\/Javier-Garc\u00eda-5903\"><img decoding=\"async\" src=\"https:\/\/soccer.aidatasports.com\/images\/players\/5903.png\" alt=\"Javier Garc\u00eda\" onerror=\"this.onerror=null;this.src='https:\/\/soccer.aidatasports.com\/images\/players\/default-player.png';\"><span>Javier Garc\u00eda<\/span><\/a><\/div>\n<div class=\"player\"><a href=\"https:\/\/soccer.aidatasports.com\/es\/players\/Lucas-Blondel-5626\"><img decoding=\"async\" src=\"https:\/\/soccer.aidatasports.com\/images\/players\/5626.png\" alt=\"Lucas Blondel\" onerror=\"this.onerror=null;this.src='https:\/\/soccer.aidatasports.com\/images\/players\/default-player.png';\"><span>Lucas Blondel<\/span><\/a><\/div>\n<div class=\"player\"><a href=\"https:\/\/soccer.aidatasports.com\/es\/players\/Frank-Fabra-5963\"><img decoding=\"async\" src=\"https:\/\/soccer.aidatasports.com\/images\/players\/5963.png\" alt=\"Frank Fabra\" onerror=\"this.onerror=null;this.src='https:\/\/soccer.aidatasports.com\/images\/players\/default-player.png';\"><span>Frank Fabra<\/span><\/a><\/div>\n<div class=\"player\"><a href=\"https:\/\/soccer.aidatasports.com\/es\/players\/Marcos-Rojo-890\"><img decoding=\"async\" src=\"https:\/\/soccer.aidatasports.com\/images\/players\/890.png\" alt=\"Marcos Rojo\" onerror=\"this.onerror=null;this.src='https:\/\/soccer.aidatasports.com\/images\/players\/default-player.png';\"><span>Marcos Rojo<\/span><\/a><\/div>\n<div class=\"player\"><a href=\"https:\/\/soccer.aidatasports.com\/es\/players\/Marcelo-Saracchi-1160\"><img decoding=\"async\" src=\"https:\/\/soccer.aidatasports.com\/images\/players\/1160.png\" alt=\"Marcelo Saracchi\" onerror=\"this.onerror=null;this.src='https:\/\/soccer.aidatasports.com\/images\/players\/default-player.png';\"><span>Marcelo Saracchi<\/span><\/a><\/div>\n<div class=\"player\"><a href=\"https:\/\/soccer.aidatasports.com\/es\/players\/Malcom-Braida-5791\"><img decoding=\"async\" src=\"https:\/\/soccer.aidatasports.com\/images\/players\/5791.png\" alt=\"Malcom Braida\" onerror=\"this.onerror=null;this.src='https:\/\/soccer.aidatasports.com\/images\/players\/default-player.png';\"><span>Malcom Braida<\/span><\/a><\/div>\n<div class=\"player\"><a href=\"https:\/\/soccer.aidatasports.com\/es\/players\/Milton-Delgado-459876\"><img decoding=\"async\" src=\"https:\/\/soccer.aidatasports.com\/images\/players\/459876.png\" alt=\"Milton Delgado\" onerror=\"this.onerror=null;this.src='https:\/\/soccer.aidatasports.com\/images\/players\/default-player.png';\"><span>Milton Delgado<\/span><\/a><\/div>\n<div class=\"player\"><a href=\"https:\/\/soccer.aidatasports.com\/es\/players\/Ignacio-Miram\u00f3n-291503\"><img decoding=\"async\" src=\"https:\/\/soccer.aidatasports.com\/images\/players\/291503.png\" alt=\"Ignacio Miram\u00f3n\" onerror=\"this.onerror=null;this.src='https:\/\/soccer.aidatasports.com\/images\/players\/default-player.png';\"><span>Ignacio Miram\u00f3n<\/span><\/a><\/div>\n<div class=\"player\"><a href=\"https:\/\/soccer.aidatasports.com\/es\/players\/Lucas-Janson-6161\"><img decoding=\"async\" src=\"https:\/\/soccer.aidatasports.com\/images\/players\/6161.png\" alt=\"Lucas Janson\" onerror=\"this.onerror=null;this.src='https:\/\/soccer.aidatasports.com\/images\/players\/default-player.png';\"><span>Lucas Janson<\/span><\/a><\/div>\n<div class=\"player\"><a href=\"https:\/\/soccer.aidatasports.com\/es\/players\/Brian-Aguirre-289465\"><img decoding=\"async\" src=\"https:\/\/soccer.aidatasports.com\/images\/players\/289465.png\" alt=\"Brian Aguirre\" onerror=\"this.onerror=null;this.src='https:\/\/soccer.aidatasports.com\/images\/players\/default-player.png';\"><span>Brian Aguirre<\/span><\/a><\/div>\n<\/div>\n<\/div>\n<\/div>\n<div class=\"team-lineup\">\n<h3>Benfica<\/h3>\n<p><img decoding=\"async\" src=\"https:\/\/media.api-sports.io\/football\/teams\/211.png\" alt=\"Benfica\" style=\"width: 50px; height: 50px;\"><\/p>\n<div class=\"players-container\">\n<div>\n<h4>Titulares:<\/h4>\n<div class=\"player\"><a href=\"https:\/\/soccer.aidatasports.com\/es\/players\/Anatoliy-Trubin-675\"><img decoding=\"async\" src=\"https:\/\/soccer.aidatasports.com\/images\/players\/675.png\" alt=\"Anatoliy Trubin\" onerror=\"this.onerror=null;this.src='https:\/\/soccer.aidatasports.com\/images\/players\/default-player.png';\"><span>Anatoliy Trubin<\/span><\/a><\/div>\n<div class=\"player\"><a href=\"https:\/\/soccer.aidatasports.com\/es\/players\/Samuel-Dahl-135505\"><img decoding=\"async\" src=\"https:\/\/soccer.aidatasports.com\/images\/players\/135505.png\" alt=\"Samuel Dahl\" onerror=\"this.onerror=null;this.src='https:\/\/soccer.aidatasports.com\/images\/players\/default-player.png';\"><span>Samuel Dahl<\/span><\/a><\/div>\n<div class=\"player\"><a href=\"https:\/\/soccer.aidatasports.com\/es\/players\/Ant\u00f3nio-Silva-331832\"><img decoding=\"async\" src=\"https:\/\/soccer.aidatasports.com\/images\/players\/331832.png\" alt=\"Ant\u00f3nio Silva\" onerror=\"this.onerror=null;this.src='https:\/\/soccer.aidatasports.com\/images\/players\/default-player.png';\"><span>Ant\u00f3nio Silva<\/span><\/a><\/div>\n<div class=\"player\"><a href=\"https:\/\/soccer.aidatasports.com\/es\/players\/Nicol\u00e1s-Otamendi-624\"><img decoding=\"async\" src=\"https:\/\/soccer.aidatasports.com\/images\/players\/624.png\" alt=\"Nicol\u00e1s Otamendi\" onerror=\"this.onerror=null;this.src='https:\/\/soccer.aidatasports.com\/images\/players\/default-player.png';\"><span>Nicol\u00e1s Otamendi<\/span><\/a><\/div>\n<div class=\"player\"><a href=\"https:\/\/soccer.aidatasports.com\/es\/players\/\u00c1lvaro-Carreras-284300\"><img decoding=\"async\" src=\"https:\/\/soccer.aidatasports.com\/images\/players\/284300.png\" alt=\"\u00c1lvaro Carreras\" onerror=\"this.onerror=null;this.src='https:\/\/soccer.aidatasports.com\/images\/players\/default-player.png';\"><span>\u00c1lvaro Carreras<\/span><\/a><\/div>\n<div class=\"player\"><a href=\"https:\/\/soccer.aidatasports.com\/es\/players\/Fredrik-Aursnes-39043\"><img decoding=\"async\" src=\"https:\/\/soccer.aidatasports.com\/images\/players\/39043.png\" alt=\"Fredrik Aursnes\" onerror=\"this.onerror=null;this.src='https:\/\/soccer.aidatasports.com\/images\/players\/default-player.png';\"><span>Fredrik Aursnes<\/span><\/a><\/div>\n<div class=\"player\"><a href=\"https:\/\/soccer.aidatasports.com\/es\/players\/Florentino-Lu\u00eds-575\"><img decoding=\"async\" src=\"https:\/\/soccer.aidatasports.com\/images\/players\/575.png\" alt=\"Florentino Lu\u00eds\" onerror=\"this.onerror=null;this.src='https:\/\/soccer.aidatasports.com\/images\/players\/default-player.png';\"><span>Florentino Lu\u00eds<\/span><\/a><\/div>\n<div class=\"player\"><a href=\"https:\/\/soccer.aidatasports.com\/es\/players\/Renato-Sanches-513\"><img decoding=\"async\" src=\"https:\/\/soccer.aidatasports.com\/images\/players\/513.png\" alt=\"Renato Sanches\" onerror=\"this.onerror=null;this.src='https:\/\/soccer.aidatasports.com\/images\/players\/default-player.png';\"><span>Renato Sanches<\/span><\/a><\/div>\n<div class=\"player\"><a href=\"https:\/\/soccer.aidatasports.com\/es\/players\/\u00c1ngel-Di-Mar\u00eda-266\"><img decoding=\"async\" src=\"https:\/\/soccer.aidatasports.com\/images\/players\/266.png\" alt=\"\u00c1ngel Di Mar\u00eda\" onerror=\"this.onerror=null;this.src='https:\/\/soccer.aidatasports.com\/images\/players\/default-player.png';\"><span>\u00c1ngel Di Mar\u00eda<\/span><\/a><\/div>\n<div class=\"player\"><a href=\"https:\/\/soccer.aidatasports.com\/es\/players\/Vangelis-Pavlidis-36798\"><img decoding=\"async\" src=\"https:\/\/soccer.aidatasports.com\/images\/players\/36798.png\" alt=\"Vangelis Pavlidis\" onerror=\"this.onerror=null;this.src='https:\/\/soccer.aidatasports.com\/images\/players\/default-player.png';\"><span>Vangelis Pavlidis<\/span><\/a><\/div>\n<div class=\"player\"><a href=\"https:\/\/soccer.aidatasports.com\/es\/players\/Bruma-1163\"><img decoding=\"async\" src=\"https:\/\/soccer.aidatasports.com\/images\/players\/1163.png\" alt=\"Bruma\" onerror=\"this.onerror=null;this.src='https:\/\/soccer.aidatasports.com\/images\/players\/default-player.png';\"><span>Bruma<\/span><\/a><\/div>\n<\/div>\n<div>\n<h4>Suplentes:<\/h4>\n<div class=\"player\"><a href=\"https:\/\/soccer.aidatasports.com\/es\/players\/Andrea-Belotti-30509\"><img decoding=\"async\" src=\"https:\/\/soccer.aidatasports.com\/images\/players\/30509.png\" alt=\"Andrea Belotti\" onerror=\"this.onerror=null;this.src='https:\/\/soccer.aidatasports.com\/images\/players\/default-player.png';\"><span>Andrea Belotti<\/span><\/a><\/div>\n<div class=\"player\"><a href=\"https:\/\/soccer.aidatasports.com\/es\/players\/Orkun-K\u00f6k\u00e7\u00fc-37155\"><img decoding=\"async\" src=\"https:\/\/soccer.aidatasports.com\/images\/players\/37155.png\" alt=\"Orkun K\u00f6k\u00e7\u00fc\" onerror=\"this.onerror=null;this.src='https:\/\/soccer.aidatasports.com\/images\/players\/default-player.png';\"><span>Orkun K\u00f6k\u00e7\u00fc<\/span><\/a><\/div>\n<div class=\"player\"><a href=\"https:\/\/soccer.aidatasports.com\/es\/players\/Kerem-Akt\u00fcrko\u011flu-142959\"><img decoding=\"async\" src=\"https:\/\/soccer.aidatasports.com\/images\/players\/142959.png\" alt=\"Kerem Akt\u00fcrko\u011flu\" onerror=\"this.onerror=null;this.src='https:\/\/soccer.aidatasports.com\/images\/players\/default-player.png';\"><span>Kerem Akt\u00fcrko\u011flu<\/span><\/a><\/div>\n<div class=\"player\"><a href=\"https:\/\/soccer.aidatasports.com\/es\/players\/Gianluca-Prestianni-362755\"><img decoding=\"async\" src=\"https:\/\/soccer.aidatasports.com\/images\/players\/362755.png\" alt=\"Gianluca Prestianni\" onerror=\"this.onerror=null;this.src='https:\/\/soccer.aidatasports.com\/images\/players\/default-player.png';\"><span>Gianluca Prestianni<\/span><\/a><\/div>\n<div class=\"player\"><a href=\"https:\/\/soccer.aidatasports.com\/es\/players\/Leandro-Barreiro-25918\"><img decoding=\"async\" src=\"https:\/\/soccer.aidatasports.com\/images\/players\/25918.png\" alt=\"Leandro Barreiro\" onerror=\"this.onerror=null;this.src='https:\/\/soccer.aidatasports.com\/images\/players\/default-player.png';\"><span>Leandro Barreiro<\/span><\/a><\/div>\n<div class=\"player\"><a href=\"https:\/\/soccer.aidatasports.com\/es\/players\/Andr\u00e9-Gomes-350337\"><img decoding=\"async\" src=\"https:\/\/soccer.aidatasports.com\/images\/players\/350337.png\" alt=\"Andr\u00e9 Gomes\" onerror=\"this.onerror=null;this.src='https:\/\/soccer.aidatasports.com\/images\/players\/default-player.png';\"><span>Andr\u00e9 Gomes<\/span><\/a><\/div>\n<div class=\"player\"><a href=\"https:\/\/soccer.aidatasports.com\/es\/players\/Adrian-Bajrami-180320\"><img decoding=\"async\" src=\"https:\/\/soccer.aidatasports.com\/images\/players\/180320.png\" alt=\"Adrian Bajrami\" onerror=\"this.onerror=null;this.src='https:\/\/soccer.aidatasports.com\/images\/players\/default-player.png';\"><span>Adrian Bajrami<\/span><\/a><\/div>\n<div class=\"player\"><a href=\"https:\/\/soccer.aidatasports.com\/es\/players\/Gon\u00e7alo-Oliveira-400525\"><img decoding=\"async\" src=\"https:\/\/soccer.aidatasports.com\/images\/players\/400525.png\" alt=\"Gon\u00e7alo Oliveira\" onerror=\"this.onerror=null;this.src='https:\/\/soccer.aidatasports.com\/images\/players\/default-player.png';\"><span>Gon\u00e7alo Oliveira<\/span><\/a><\/div>\n<div class=\"player\"><a href=\"https:\/\/soccer.aidatasports.com\/es\/players\/Leandro-Santos-474842\"><img decoding=\"async\" src=\"https:\/\/soccer.aidatasports.com\/images\/players\/474842.png\" alt=\"Leandro Santos\" onerror=\"this.onerror=null;this.src='https:\/\/soccer.aidatasports.com\/images\/players\/default-player.png';\"><span>Leandro Santos<\/span><\/a><\/div>\n<div class=\"player\"><a href=\"https:\/\/soccer.aidatasports.com\/es\/players\/Rafael-Luis-345416\"><img decoding=\"async\" src=\"https:\/\/soccer.aidatasports.com\/images\/players\/345416.png\" alt=\"Rafael Luis\" onerror=\"this.onerror=null;this.src='https:\/\/soccer.aidatasports.com\/images\/players\/default-player.png';\"><span>Rafael Luis<\/span><\/a><\/div>\n<div class=\"player\"><a href=\"https:\/\/soccer.aidatasports.com\/es\/players\/Diogo-Prioste-364811\"><img decoding=\"async\" src=\"https:\/\/soccer.aidatasports.com\/images\/players\/364811.png\" alt=\"Diogo Prioste\" onerror=\"this.onerror=null;this.src='https:\/\/soccer.aidatasports.com\/images\/players\/default-player.png';\"><span>Diogo Prioste<\/span><\/a><\/div>\n<div class=\"player\"><a href=\"https:\/\/soccer.aidatasports.com\/es\/players\/Jo\u00e3o-R\u00eago-345427\"><img decoding=\"async\" src=\"https:\/\/soccer.aidatasports.com\/images\/players\/345427.png\" alt=\"Jo\u00e3o R\u00eago\" onerror=\"this.onerror=null;this.src='https:\/\/soccer.aidatasports.com\/images\/players\/default-player.png';\"><span>Jo\u00e3o R\u00eago<\/span><\/a><\/div>\n<div class=\"player\"><a href=\"https:\/\/soccer.aidatasports.com\/es\/players\/Jo\u00e3o-Veloso-345390\"><img decoding=\"async\" src=\"https:\/\/soccer.aidatasports.com\/images\/players\/345390.png\" alt=\"Jo\u00e3o Veloso\" onerror=\"this.onerror=null;this.src='https:\/\/soccer.aidatasports.com\/images\/players\/default-player.png';\"><span>Jo\u00e3o Veloso<\/span><\/a><\/div>\n<div class=\"player\"><a href=\"https:\/\/soccer.aidatasports.com\/es\/players\/Tiago-Gouveia-158065\"><img decoding=\"async\" src=\"https:\/\/soccer.aidatasports.com\/images\/players\/158065.png\" alt=\"Tiago Gouveia\" onerror=\"this.onerror=null;this.src='https:\/\/soccer.aidatasports.com\/images\/players\/default-player.png';\"><span>Tiago Gouveia<\/span><\/a><\/div>\n<div class=\"player\"><a href=\"https:\/\/soccer.aidatasports.com\/es\/players\/Andreas-Schjelderup-301528\"><img decoding=\"async\" src=\"https:\/\/soccer.aidatasports.com\/images\/players\/301528.png\" alt=\"Andreas Schjelderup\" onerror=\"this.onerror=null;this.src='https:\/\/soccer.aidatasports.com\/images\/players\/default-player.png';\"><span>Andreas Schjelderup<\/span><\/a><\/div>\n<\/div>\n<\/div>\n<\/div>\n<\/div>\n<div id=\"wg-api-football-game\"\n                    data-host=\"xxxxx\"\n                    data-key=\"xxxx\"\n                    data-id=\"1321686\"\n                    data-theme=\"\"\n                    data-refresh=\"15\"\n                    data-show-errors=\"false\"\n                    data-show-logos=\"true\"><br \/>\n                    class=\u00bbwg_loader\u00bb>\n                <\/div>\n<div id=\"wg-api-football-standings\"\n                    data-host=\"xxxx\"\n                    data-key=\"ddddd\"\n                    data-league=\"15\"\n                    data-team=\"\"\n                    data-season=\"2025\"\n                    data-theme=\"\"\n                    data-show-errors=\"false\"\n                    data-show-logos=\"true\"\n                    class=\"wg_loader\">\n                <\/div>\n<p>                <script\n                    type=\"module\"\n                    src=\"https:\/\/soccer.aidatasports.com\/wp-content\/customjs\/widgetslocal.js\">\n                <\/script><\/p>\n","protected":false},"excerpt":{"rendered":"<p>Espa\u00f1ol Pol\u00e9mico Empate en Miami: Boca Juniors y Benfica Igualan en Partido Cargado de Emoci\u00f3n&hellip;<\/p>\n","protected":false},"author":1,"featured_media":99054,"comment_status":"open","ping_status":"open","sticky":false,"template":"","format":"standard","meta":{"content-type":"","_lmt_disableupdate":"","_lmt_disable":"","_league":15837,"_fixture":1321686,"penci_pfeatured_image_ratio":"","penci_single_style":"","footnotes":""},"categories":[15837],"tags":[334,564],"class_list":["post-99055","post","type-post","status-publish","format-standard","has-post-thumbnail","hentry","category-matches","tag-benfica-portugal-211","tag-boca-juniors-argentina-451"],"_links":{"self":[{"href":"https:\/\/soccer.aidatasports.com\/es\/wp-json\/wp\/v2\/posts\/99055"}],"collection":[{"href":"https:\/\/soccer.aidatasports.com\/es\/wp-json\/wp\/v2\/posts"}],"about":[{"href":"https:\/\/soccer.aidatasports.com\/es\/wp-json\/wp\/v2\/types\/post"}],"author":[{"embeddable":true,"href":"https:\/\/soccer.aidatasports.com\/es\/wp-json\/wp\/v2\/users\/1"}],"replies":[{"embeddable":true,"href":"https:\/\/soccer.aidatasports.com\/es\/wp-json\/wp\/v2\/comments?post=99055"}],"version-history":[{"count":0,"href":"https:\/\/soccer.aidatasports.com\/es\/wp-json\/wp\/v2\/posts\/99055\/revisions"}],"wp:featuredmedia":[{"embeddable":true,"href":"https:\/\/soccer.aidatasports.com\/es\/wp-json\/wp\/v2\/media\/99054"}],"wp:attachment":[{"href":"https:\/\/soccer.aidatasports.com\/es\/wp-json\/wp\/v2\/media?parent=99055"}],"wp:term":[{"taxonomy":"category","embeddable":true,"href":"https:\/\/soccer.aidatasports.com\/es\/wp-json\/wp\/v2\/categories?post=99055"},{"taxonomy":"post_tag","embeddable":true,"href":"https:\/\/soccer.aidatasports.com\/es\/wp-json\/wp\/v2\/tags?post=99055"}],"curies":[{"name":"wp","href":"https:\/\/api.w.org\/{rel}","templated":true}]}}