{"id":98548,"date":"2025-06-02T22:45:11","date_gmt":"2025-06-02T22:45:11","guid":{"rendered":"https:\/\/soccer.aidatasports.com\/es\/uncategorized\/huracan-vs-platense-jun-01-2025-2000-utc\/"},"modified":"2025-06-02T22:45:11","modified_gmt":"2025-06-02T22:45:11","slug":"huracan-vs-platense-jun-01-2025-2000-utc","status":"publish","type":"post","link":"https:\/\/soccer.aidatasports.com\/es\/matches\/huracan-vs-platense-jun-01-2025-2000-utc\/","title":{"rendered":"Huracan vs Platense Jun 01 2025 20:00 UTC"},"content":{"rendered":"<p><strong>Espa\u00f1ol:<\/strong><\/p>\n<p><strong>Platense Sorprende a Hurac\u00e1n en la Final de la Liga Profesional<\/strong><\/p>\n<p>Santiago del Estero, Argentina \u2013 Platense se alz\u00f3 con la victoria en un disputado encuentro contra Hurac\u00e1n en la final de la Liga Profesional Argentina, celebrado en el Estadio \u00danico Madre de Ciudades. A pesar del dominio territorial de Hurac\u00e1n, con un 62% de posesi\u00f3n del bal\u00f3n, fue Platense quien logr\u00f3 concretar la oportunidad clave. El \u00fanico gol del partido, obra de G. Mainero al minuto 64, tras una jugada sin asistencia, fue suficiente para asegurar el triunfo para el equipo Calamar.<\/p>\n<p>El partido se caracteriz\u00f3 por un juego friccionado, evidenciado por las numerosas faltas cometidas por ambos equipos (12 por Hurac\u00e1n y 20 por Platense). La intensidad del encuentro se reflej\u00f3 tambi\u00e9n en las tarjetas amarillas mostradas: dos para Hurac\u00e1n (a T. Guidara y M. Miljevic) y seis para Platense (a T. Silva, R. Herrera, J. Cozzani, G. Mainero y F. Juarez). Si bien Hurac\u00e1n tuvo m\u00e1s tiros en total (10 contra 11 de Platense), ambos equipos registraron 3 tiros a puerta. Platense aprovech\u00f3 mejor sus oportunidades y se llev\u00f3 el trofeo a casa.<\/p>\n<p>Sustituciones en el equipo de platense: en el minuto 46 ingres\u00f3 I. Schor y sali\u00f3 A. Lotti, en el minuto 50 ingres\u00f3 E. Elizalde y sali\u00f3 T. Silva, en el minuto 83 ingres\u00f3 F. Zapiola y sali\u00f3 V. Taborda, en el minuto 86 ingres\u00f3 F. Juarez y sali\u00f3 R. Herrera, en el minuto 86 ingres\u00f3 N. Orsini y sali\u00f3 R. Martinez <\/p>\n<p>Sustituciones en el equipo de huracan: en el minuto 46 ingres\u00f3 L. Sequeira y sali\u00f3 E. Ramirez, en el minuto 58 ingres\u00f3 G. Alanis y sali\u00f3 A. Urzi, en el minuto 73 ingres\u00f3 M. Tissera y sali\u00f3 L. Perez, en el minuto 73 ingres\u00f3 H. De La Fuente y sali\u00f3 T. Guidara, en el minuto 83 ingres\u00f3 R. Abila y sali\u00f3 M. Pellegrino <\/p>\n<p>Los equipos alinearon de la siguiente manera:<\/p>\n<div class=\"lineups-container\">\n<style>\n                .lineups-container {\n                    display: flex;\n                    justify-content: space-around;\n                    flex-wrap: wrap;\n                }\n                .team-lineup {\n                    width: 49%;\n                    margin-bottom: 20px;\n                    border: 1px solid #ccc;\n                    padding: 5px;\n                }\n                .team-lineup h3 {\n                    text-align: center;\n                    margin-bottom: 10px;\n                }\n                .players-container {\n                    display: flex;\n                    justify-content: space-between;\n                }\n                .players-container div {\n                    width: 100%;\n                }\n                .player {\n                    display: flex;\n                    align-items: center;\n                    margin-bottom: 5px;\n                }\n                .player img {\n                    width: 30px;\n                    height: 30px;\n                    border-radius: 50%;\n                    margin-right: 10px;\n                }\n                    @media (max-width: 600px) {\n                    .team-lineup {\n                        width: 100%;\n                    }\n                }\n                <\/style>\n<div class=\"team-lineup\">\n<h3>Huracan<\/h3>\n<p><img decoding=\"async\" src=\"https:\/\/media.api-sports.io\/football\/teams\/445.png\" alt=\"Huracan\" style=\"width: 50px; height: 50px;\"><\/p>\n<div class=\"players-container\">\n<div>\n<h4>Titulares:<\/h4>\n<div class=\"player\"><a href=\"https:\/\/soccer.aidatasports.com\/es\/players\/Hern\u00e1n-Gal\u00edndez-16380\"><img decoding=\"async\" src=\"https:\/\/soccer.aidatasports.com\/images\/players\/16380.png\" alt=\"Hern\u00e1n Gal\u00edndez\" onerror=\"this.onerror=null;this.src='https:\/\/soccer.aidatasports.com\/images\/players\/default-player.png';\"><span>Hern\u00e1n Gal\u00edndez<\/span><\/a><\/div>\n<div class=\"player\"><a href=\"https:\/\/soccer.aidatasports.com\/es\/players\/Tom\u00e1s-Guidara-6567\"><img decoding=\"async\" src=\"https:\/\/soccer.aidatasports.com\/images\/players\/6567.png\" alt=\"Tom\u00e1s Guidara\" onerror=\"this.onerror=null;this.src='https:\/\/soccer.aidatasports.com\/images\/players\/default-player.png';\"><span>Tom\u00e1s Guidara<\/span><\/a><\/div>\n<div class=\"player\"><a href=\"https:\/\/soccer.aidatasports.com\/es\/players\/Fabio-Pereyra-5201\"><img decoding=\"async\" src=\"https:\/\/soccer.aidatasports.com\/images\/players\/5201.png\" alt=\"Fabio Pereyra\" onerror=\"this.onerror=null;this.src='https:\/\/soccer.aidatasports.com\/images\/players\/default-player.png';\"><span>Fabio Pereyra<\/span><\/a><\/div>\n<div class=\"player\"><a href=\"https:\/\/soccer.aidatasports.com\/es\/players\/Marco-Pellegrino-212842\"><img decoding=\"async\" src=\"https:\/\/soccer.aidatasports.com\/images\/players\/212842.png\" alt=\"Marco Pellegrino\" onerror=\"this.onerror=null;this.src='https:\/\/soccer.aidatasports.com\/images\/players\/default-player.png';\"><span>Marco Pellegrino<\/span><\/a><\/div>\n<div class=\"player\"><a href=\"https:\/\/soccer.aidatasports.com\/es\/players\/C\u00e9sar-Ib\u00e1\u00f1ez-68011\"><img decoding=\"async\" src=\"https:\/\/soccer.aidatasports.com\/images\/players\/68011.png\" alt=\"C\u00e9sar Ib\u00e1\u00f1ez\" onerror=\"this.onerror=null;this.src='https:\/\/soccer.aidatasports.com\/images\/players\/default-player.png';\"><span>C\u00e9sar Ib\u00e1\u00f1ez<\/span><\/a><\/div>\n<div class=\"player\"><a href=\"https:\/\/soccer.aidatasports.com\/es\/players\/Leonel-P\u00e9rez-408342\"><img decoding=\"async\" src=\"https:\/\/soccer.aidatasports.com\/images\/players\/408342.png\" alt=\"Leonel P\u00e9rez\" onerror=\"this.onerror=null;this.src='https:\/\/soccer.aidatasports.com\/images\/players\/default-player.png';\"><span>Leonel P\u00e9rez<\/span><\/a><\/div>\n<div class=\"player\"><a href=\"https:\/\/soccer.aidatasports.com\/es\/players\/Leonardo-Gil-6511\"><img decoding=\"async\" src=\"https:\/\/soccer.aidatasports.com\/images\/players\/6511.png\" alt=\"Leonardo Gil\" onerror=\"this.onerror=null;this.src='https:\/\/soccer.aidatasports.com\/images\/players\/default-player.png';\"><span>Leonardo Gil<\/span><\/a><\/div>\n<div class=\"player\"><a href=\"https:\/\/soccer.aidatasports.com\/es\/players\/Walter-Mazzantti-59231\"><img decoding=\"async\" src=\"https:\/\/soccer.aidatasports.com\/images\/players\/59231.png\" alt=\"Walter Mazzantti\" onerror=\"this.onerror=null;this.src='https:\/\/soccer.aidatasports.com\/images\/players\/default-player.png';\"><span>Walter Mazzantti<\/span><\/a><\/div>\n<div class=\"player\"><a href=\"https:\/\/soccer.aidatasports.com\/es\/players\/Matko-Miljevic-6719\"><img decoding=\"async\" src=\"https:\/\/soccer.aidatasports.com\/images\/players\/6719.png\" alt=\"Matko Miljevic\" onerror=\"this.onerror=null;this.src='https:\/\/soccer.aidatasports.com\/images\/players\/default-player.png';\"><span>Matko Miljevic<\/span><\/a><\/div>\n<div class=\"player\"><a href=\"https:\/\/soccer.aidatasports.com\/es\/players\/Agust\u00edn-Urzi-6392\"><img decoding=\"async\" src=\"https:\/\/soccer.aidatasports.com\/images\/players\/6392.png\" alt=\"Agust\u00edn Urzi\" onerror=\"this.onerror=null;this.src='https:\/\/soccer.aidatasports.com\/images\/players\/default-player.png';\"><span>Agust\u00edn Urzi<\/span><\/a><\/div>\n<div class=\"player\"><a href=\"https:\/\/soccer.aidatasports.com\/es\/players\/Eric-Ram\u00edrez-5687\"><img decoding=\"async\" src=\"https:\/\/soccer.aidatasports.com\/images\/players\/5687.png\" alt=\"Eric Ram\u00edrez\" onerror=\"this.onerror=null;this.src='https:\/\/soccer.aidatasports.com\/images\/players\/default-player.png';\"><span>Eric Ram\u00edrez<\/span><\/a><\/div>\n<\/div>\n<div>\n<h4>Suplentes:<\/h4>\n<div class=\"player\"><a href=\"https:\/\/soccer.aidatasports.com\/es\/players\/Leonardo-Sequeira-6593\"><img decoding=\"async\" src=\"https:\/\/soccer.aidatasports.com\/images\/players\/6593.png\" alt=\"Leonardo Sequeira\" onerror=\"this.onerror=null;this.src='https:\/\/soccer.aidatasports.com\/images\/players\/default-player.png';\"><span>Leonardo Sequeira<\/span><\/a><\/div>\n<div class=\"player\"><a href=\"https:\/\/soccer.aidatasports.com\/es\/players\/Gabriel-Alanis-6577\"><img decoding=\"async\" src=\"https:\/\/soccer.aidatasports.com\/images\/players\/6577.png\" alt=\"Gabriel Alanis\" onerror=\"this.onerror=null;this.src='https:\/\/soccer.aidatasports.com\/images\/players\/default-player.png';\"><span>Gabriel Alanis<\/span><\/a><\/div>\n<div class=\"player\"><a href=\"https:\/\/soccer.aidatasports.com\/es\/players\/Sebasti\u00e1n-Meza-196749\"><img decoding=\"async\" src=\"https:\/\/soccer.aidatasports.com\/images\/players\/196749.png\" alt=\"Sebasti\u00e1n Meza\" onerror=\"this.onerror=null;this.src='https:\/\/soccer.aidatasports.com\/images\/players\/default-player.png';\"><span>Sebasti\u00e1n Meza<\/span><\/a><\/div>\n<div class=\"player\"><a href=\"https:\/\/soccer.aidatasports.com\/es\/players\/Lucas-Carrizo-74973\"><img decoding=\"async\" src=\"https:\/\/soccer.aidatasports.com\/images\/players\/74973.png\" alt=\"Lucas Carrizo\" onerror=\"this.onerror=null;this.src='https:\/\/soccer.aidatasports.com\/images\/players\/default-player.png';\"><span>Lucas Carrizo<\/span><\/a><\/div>\n<div class=\"player\"><a href=\"https:\/\/soccer.aidatasports.com\/es\/players\/Leandro-Lescano-435724\"><img decoding=\"async\" src=\"https:\/\/soccer.aidatasports.com\/images\/players\/435724.png\" alt=\"Leandro Lescano\" onerror=\"this.onerror=null;this.src='https:\/\/soccer.aidatasports.com\/images\/players\/default-player.png';\"><span>Leandro Lescano<\/span><\/a><\/div>\n<div class=\"player\"><a href=\"https:\/\/soccer.aidatasports.com\/es\/players\/Nicol\u00e1s-Goitea-276524\"><img decoding=\"async\" src=\"https:\/\/soccer.aidatasports.com\/images\/players\/276524.png\" alt=\"Nicol\u00e1s Goitea\" onerror=\"this.onerror=null;this.src='https:\/\/soccer.aidatasports.com\/images\/players\/default-player.png';\"><span>Nicol\u00e1s Goitea<\/span><\/a><\/div>\n<div class=\"player\"><a href=\"https:\/\/soccer.aidatasports.com\/es\/players\/Hern\u00e1n-de-la-Fuente-6049\"><img decoding=\"async\" src=\"https:\/\/soccer.aidatasports.com\/images\/players\/6049.png\" alt=\"Hern\u00e1n de la Fuente\" onerror=\"this.onerror=null;this.src='https:\/\/soccer.aidatasports.com\/images\/players\/default-player.png';\"><span>Hern\u00e1n de la Fuente<\/span><\/a><\/div>\n<div class=\"player\"><a href=\"https:\/\/soccer.aidatasports.com\/es\/players\/Franco-Watson-202082\"><img decoding=\"async\" src=\"https:\/\/soccer.aidatasports.com\/images\/players\/202082.png\" alt=\"Franco Watson\" onerror=\"this.onerror=null;this.src='https:\/\/soccer.aidatasports.com\/images\/players\/default-player.png';\"><span>Franco Watson<\/span><\/a><\/div>\n<div class=\"player\"><a href=\"https:\/\/soccer.aidatasports.com\/es\/players\/Emmanuel-Ojeda-6513\"><img decoding=\"async\" src=\"https:\/\/soccer.aidatasports.com\/images\/players\/6513.png\" alt=\"Emmanuel Ojeda\" onerror=\"this.onerror=null;this.src='https:\/\/soccer.aidatasports.com\/images\/players\/default-player.png';\"><span>Emmanuel Ojeda<\/span><\/a><\/div>\n<div class=\"player\"><a href=\"https:\/\/soccer.aidatasports.com\/es\/players\/Mat\u00edas-Tissera-5396\"><img decoding=\"async\" src=\"https:\/\/soccer.aidatasports.com\/images\/players\/5396.png\" alt=\"Mat\u00edas Tissera\" onerror=\"this.onerror=null;this.src='https:\/\/soccer.aidatasports.com\/images\/players\/default-player.png';\"><span>Mat\u00edas Tissera<\/span><\/a><\/div>\n<div class=\"player\"><a href=\"https:\/\/soccer.aidatasports.com\/es\/players\/Ram\u00f3n-\u00c1bila-5979\"><img decoding=\"async\" src=\"https:\/\/soccer.aidatasports.com\/images\/players\/5979.png\" alt=\"Ram\u00f3n \u00c1bila\" onerror=\"this.onerror=null;this.src='https:\/\/soccer.aidatasports.com\/images\/players\/default-player.png';\"><span>Ram\u00f3n \u00c1bila<\/span><\/a><\/div>\n<div class=\"player\"><a href=\"https:\/\/soccer.aidatasports.com\/es\/players\/Rodrigo-Cabral-129881\"><img decoding=\"async\" src=\"https:\/\/soccer.aidatasports.com\/images\/players\/129881.png\" alt=\"Rodrigo Cabral\" onerror=\"this.onerror=null;this.src='https:\/\/soccer.aidatasports.com\/images\/players\/default-player.png';\"><span>Rodrigo Cabral<\/span><\/a><\/div>\n<\/div>\n<\/div>\n<\/div>\n<div class=\"team-lineup\">\n<h3>Platense<\/h3>\n<p><img decoding=\"async\" src=\"https:\/\/media.api-sports.io\/football\/teams\/1064.png\" alt=\"Platense\" style=\"width: 50px; height: 50px;\"><\/p>\n<div class=\"players-container\">\n<div>\n<h4>Titulares:<\/h4>\n<div class=\"player\"><a href=\"https:\/\/soccer.aidatasports.com\/es\/players\/Juan-Cozzani-6193\"><img decoding=\"async\" src=\"https:\/\/soccer.aidatasports.com\/images\/players\/6193.png\" alt=\"Juan Cozzani\" onerror=\"this.onerror=null;this.src='https:\/\/soccer.aidatasports.com\/images\/players\/default-player.png';\"><span>Juan Cozzani<\/span><\/a><\/div>\n<div class=\"player\"><a href=\"https:\/\/soccer.aidatasports.com\/es\/players\/Juan-Ignacio-Saborido-170010\"><img decoding=\"async\" src=\"https:\/\/soccer.aidatasports.com\/images\/players\/170010.png\" alt=\"Juan Ignacio Saborido\" onerror=\"this.onerror=null;this.src='https:\/\/soccer.aidatasports.com\/images\/players\/default-player.png';\"><span>Juan Ignacio Saborido<\/span><\/a><\/div>\n<div class=\"player\"><a href=\"https:\/\/soccer.aidatasports.com\/es\/players\/Ignacio-Vazquez-59184\"><img decoding=\"async\" src=\"https:\/\/soccer.aidatasports.com\/images\/players\/59184.png\" alt=\"Ignacio Vazquez\" onerror=\"this.onerror=null;this.src='https:\/\/soccer.aidatasports.com\/images\/players\/default-player.png';\"><span>Ignacio Vazquez<\/span><\/a><\/div>\n<div class=\"player\"><a href=\"https:\/\/soccer.aidatasports.com\/es\/players\/Oscar-Salom\u00f3n-126858\"><img decoding=\"async\" src=\"https:\/\/soccer.aidatasports.com\/images\/players\/126858.png\" alt=\"Oscar Salom\u00f3n\" onerror=\"this.onerror=null;this.src='https:\/\/soccer.aidatasports.com\/images\/players\/default-player.png';\"><span>Oscar Salom\u00f3n<\/span><\/a><\/div>\n<div class=\"player\"><a href=\"https:\/\/soccer.aidatasports.com\/es\/players\/Tom\u00e1s-Ariel-Silva-353488\"><img decoding=\"async\" src=\"https:\/\/soccer.aidatasports.com\/images\/players\/353488.png\" alt=\"Tom\u00e1s Ariel Silva\" onerror=\"this.onerror=null;this.src='https:\/\/soccer.aidatasports.com\/images\/players\/default-player.png';\"><span>Tom\u00e1s Ariel Silva<\/span><\/a><\/div>\n<div class=\"player\"><a href=\"https:\/\/soccer.aidatasports.com\/es\/players\/Guido-Mainero-6059\"><img decoding=\"async\" src=\"https:\/\/soccer.aidatasports.com\/images\/players\/6059.png\" alt=\"Guido Mainero\" onerror=\"this.onerror=null;this.src='https:\/\/soccer.aidatasports.com\/images\/players\/default-player.png';\"><span>Guido Mainero<\/span><\/a><\/div>\n<div class=\"player\"><a href=\"https:\/\/soccer.aidatasports.com\/es\/players\/Rodrigo-Herrera-280936\"><img decoding=\"async\" src=\"https:\/\/soccer.aidatasports.com\/images\/players\/280936.png\" alt=\"Rodrigo Herrera\" onerror=\"this.onerror=null;this.src='https:\/\/soccer.aidatasports.com\/images\/players\/default-player.png';\"><span>Rodrigo Herrera<\/span><\/a><\/div>\n<div class=\"player\"><a href=\"https:\/\/soccer.aidatasports.com\/es\/players\/Leonel-Picco-5211\"><img decoding=\"async\" src=\"https:\/\/soccer.aidatasports.com\/images\/players\/5211.png\" alt=\"Leonel Picco\" onerror=\"this.onerror=null;this.src='https:\/\/soccer.aidatasports.com\/images\/players\/default-player.png';\"><span>Leonel Picco<\/span><\/a><\/div>\n<div class=\"player\"><a href=\"https:\/\/soccer.aidatasports.com\/es\/players\/Vicente-Taborda-323785\"><img decoding=\"async\" src=\"https:\/\/soccer.aidatasports.com\/images\/players\/323785.png\" alt=\"Vicente Taborda\" onerror=\"this.onerror=null;this.src='https:\/\/soccer.aidatasports.com\/images\/players\/default-player.png';\"><span>Vicente Taborda<\/span><\/a><\/div>\n<div class=\"player\"><a href=\"https:\/\/soccer.aidatasports.com\/es\/players\/Augusto-Lotti-6129\"><img decoding=\"async\" src=\"https:\/\/soccer.aidatasports.com\/images\/players\/6129.png\" alt=\"Augusto Lotti\" onerror=\"this.onerror=null;this.src='https:\/\/soccer.aidatasports.com\/images\/players\/default-player.png';\"><span>Augusto Lotti<\/span><\/a><\/div>\n<div class=\"player\"><a href=\"https:\/\/soccer.aidatasports.com\/es\/players\/Ronaldo-Martinez-95314\"><img decoding=\"async\" src=\"https:\/\/soccer.aidatasports.com\/images\/players\/95314.png\" alt=\"Ronaldo Martinez\" onerror=\"this.onerror=null;this.src='https:\/\/soccer.aidatasports.com\/images\/players\/default-player.png';\"><span>Ronaldo Martinez<\/span><\/a><\/div>\n<\/div>\n<div>\n<h4>Suplentes:<\/h4>\n<div class=\"player\"><a href=\"https:\/\/soccer.aidatasports.com\/es\/players\/\u202aIgnacio-Schor-292875\"><img decoding=\"async\" src=\"https:\/\/soccer.aidatasports.com\/images\/players\/292875.png\" alt=\"\u202aIgnacio Schor\" onerror=\"this.onerror=null;this.src='https:\/\/soccer.aidatasports.com\/images\/players\/default-player.png';\"><span>\u202aIgnacio Schor<\/span><\/a><\/div>\n<div class=\"player\"><a href=\"https:\/\/soccer.aidatasports.com\/es\/players\/Edgar-Elizalde-31482\"><img decoding=\"async\" src=\"https:\/\/soccer.aidatasports.com\/images\/players\/31482.png\" alt=\"Edgar Elizalde\" onerror=\"this.onerror=null;this.src='https:\/\/soccer.aidatasports.com\/images\/players\/default-player.png';\"><span>Edgar Elizalde<\/span><\/a><\/div>\n<div class=\"player\"><a href=\"https:\/\/soccer.aidatasports.com\/es\/players\/Andres-Desabato-5288\"><img decoding=\"async\" src=\"https:\/\/soccer.aidatasports.com\/images\/players\/5288.png\" alt=\"Andres Desabato\" onerror=\"this.onerror=null;this.src='https:\/\/soccer.aidatasports.com\/images\/players\/default-player.png';\"><span>Andres Desabato<\/span><\/a><\/div>\n<div class=\"player\"><a href=\"https:\/\/soccer.aidatasports.com\/es\/players\/Bautista-Barros-Schelotto-296834\"><img decoding=\"async\" src=\"https:\/\/soccer.aidatasports.com\/images\/players\/296834.png\" alt=\"Bautista Barros Schelotto\" onerror=\"this.onerror=null;this.src='https:\/\/soccer.aidatasports.com\/images\/players\/default-player.png';\"><span>Bautista Barros Schelotto<\/span><\/a><\/div>\n<div class=\"player\"><a href=\"https:\/\/soccer.aidatasports.com\/es\/players\/Juan-Pablo-Pignani-353506\"><img decoding=\"async\" src=\"https:\/\/soccer.aidatasports.com\/images\/players\/353506.png\" alt=\"Juan Pablo Pignani\" onerror=\"this.onerror=null;this.src='https:\/\/soccer.aidatasports.com\/images\/players\/default-player.png';\"><span>Juan Pablo Pignani<\/span><\/a><\/div>\n<div class=\"player\"><a href=\"https:\/\/soccer.aidatasports.com\/es\/players\/Fernando-Ju\u00e1rez-6238\"><img decoding=\"async\" src=\"https:\/\/soccer.aidatasports.com\/images\/players\/6238.png\" alt=\"Fernando Ju\u00e1rez\" onerror=\"this.onerror=null;this.src='https:\/\/soccer.aidatasports.com\/images\/players\/default-player.png';\"><span>Fernando Ju\u00e1rez<\/span><\/a><\/div>\n<div class=\"player\"><a href=\"https:\/\/soccer.aidatasports.com\/es\/players\/Franco-Zapiola-322307\"><img decoding=\"async\" src=\"https:\/\/soccer.aidatasports.com\/images\/players\/322307.png\" alt=\"Franco Zapiola\" onerror=\"this.onerror=null;this.src='https:\/\/soccer.aidatasports.com\/images\/players\/default-player.png';\"><span>Franco Zapiola<\/span><\/a><\/div>\n<div class=\"player\"><a href=\"https:\/\/soccer.aidatasports.com\/es\/players\/Franco-Baldassarra-5297\"><img decoding=\"async\" src=\"https:\/\/soccer.aidatasports.com\/images\/players\/5297.png\" alt=\"Franco Baldassarra\" onerror=\"this.onerror=null;this.src='https:\/\/soccer.aidatasports.com\/images\/players\/default-player.png';\"><span>Franco Baldassarra<\/span><\/a><\/div>\n<div class=\"player\"><a href=\"https:\/\/soccer.aidatasports.com\/es\/players\/Enzo-Rold\u00e1n-201827\"><img decoding=\"async\" src=\"https:\/\/soccer.aidatasports.com\/images\/players\/201827.png\" alt=\"Enzo Rold\u00e1n\" onerror=\"this.onerror=null;this.src='https:\/\/soccer.aidatasports.com\/images\/players\/default-player.png';\"><span>Enzo Rold\u00e1n<\/span><\/a><\/div>\n<div class=\"player\"><a href=\"https:\/\/soccer.aidatasports.com\/es\/players\/Franco-Minerva-455314\"><img decoding=\"async\" src=\"https:\/\/soccer.aidatasports.com\/images\/players\/455314.png\" alt=\"Franco Minerva\" onerror=\"this.onerror=null;this.src='https:\/\/soccer.aidatasports.com\/images\/players\/default-player.png';\"><span>Franco Minerva<\/span><\/a><\/div>\n<div class=\"player\"><a href=\"https:\/\/soccer.aidatasports.com\/es\/players\/Santiago-Toloza-194904\"><img decoding=\"async\" src=\"https:\/\/soccer.aidatasports.com\/images\/players\/194904.png\" alt=\"Santiago Toloza\" onerror=\"this.onerror=null;this.src='https:\/\/soccer.aidatasports.com\/images\/players\/default-player.png';\"><span>Santiago Toloza<\/span><\/a><\/div>\n<div class=\"player\"><a href=\"https:\/\/soccer.aidatasports.com\/es\/players\/Nicol\u00e1s-Orsini-5187\"><img decoding=\"async\" src=\"https:\/\/soccer.aidatasports.com\/images\/players\/5187.png\" alt=\"Nicol\u00e1s Orsini\" onerror=\"this.onerror=null;this.src='https:\/\/soccer.aidatasports.com\/images\/players\/default-player.png';\"><span>Nicol\u00e1s Orsini<\/span><\/a><\/div>\n<\/div>\n<\/div>\n<\/div>\n<\/div>\n<div id=\"wg-api-football-game\"\n                    data-host=\"xxxxx\"\n                    data-key=\"xxxx\"\n                    data-id=\"1376552\"\n                    data-theme=\"\"\n                    data-refresh=\"15\"\n                    data-show-errors=\"false\"\n                    data-show-logos=\"true\"><br \/>\n                    class=\u00bbwg_loader\u00bb>\n                <\/div>\n<div id=\"wg-api-football-standings\"\n                    data-host=\"xxxx\"\n                    data-key=\"ddddd\"\n                    data-league=\"128\"\n                    data-team=\"\"\n                    data-season=\"2025\"\n                    data-theme=\"\"\n                    data-show-errors=\"false\"\n                    data-show-logos=\"true\"\n                    class=\"wg_loader\">\n                <\/div>\n<p>                <script\n                    type=\"module\"\n                    src=\"https:\/\/soccer.aidatasports.com\/wp-content\/customjs\/widgetslocal.js\">\n                <\/script><\/p>\n","protected":false},"excerpt":{"rendered":"<p>Espa\u00f1ol: Platense Sorprende a Hurac\u00e1n en la Final de la Liga Profesional Santiago del Estero,&hellip;<\/p>\n","protected":false},"author":1,"featured_media":98547,"comment_status":"open","ping_status":"open","sticky":false,"template":"","format":"standard","meta":{"content-type":"","_lmt_disableupdate":"","_lmt_disable":"","_league":15837,"_fixture":1376552,"penci_pfeatured_image_ratio":"","penci_single_style":"","footnotes":""},"categories":[15837],"tags":[558,1085],"class_list":["post-98548","post","type-post","status-publish","format-standard","has-post-thumbnail","hentry","category-matches","tag-huracan-argentina-445","tag-platense-argentina-1064"],"_links":{"self":[{"href":"https:\/\/soccer.aidatasports.com\/es\/wp-json\/wp\/v2\/posts\/98548"}],"collection":[{"href":"https:\/\/soccer.aidatasports.com\/es\/wp-json\/wp\/v2\/posts"}],"about":[{"href":"https:\/\/soccer.aidatasports.com\/es\/wp-json\/wp\/v2\/types\/post"}],"author":[{"embeddable":true,"href":"https:\/\/soccer.aidatasports.com\/es\/wp-json\/wp\/v2\/users\/1"}],"replies":[{"embeddable":true,"href":"https:\/\/soccer.aidatasports.com\/es\/wp-json\/wp\/v2\/comments?post=98548"}],"version-history":[{"count":0,"href":"https:\/\/soccer.aidatasports.com\/es\/wp-json\/wp\/v2\/posts\/98548\/revisions"}],"wp:featuredmedia":[{"embeddable":true,"href":"https:\/\/soccer.aidatasports.com\/es\/wp-json\/wp\/v2\/media\/98547"}],"wp:attachment":[{"href":"https:\/\/soccer.aidatasports.com\/es\/wp-json\/wp\/v2\/media?parent=98548"}],"wp:term":[{"taxonomy":"category","embeddable":true,"href":"https:\/\/soccer.aidatasports.com\/es\/wp-json\/wp\/v2\/categories?post=98548"},{"taxonomy":"post_tag","embeddable":true,"href":"https:\/\/soccer.aidatasports.com\/es\/wp-json\/wp\/v2\/tags?post=98548"}],"curies":[{"name":"wp","href":"https:\/\/api.w.org\/{rel}","templated":true}]}}