{"id":98536,"date":"2025-06-02T22:42:08","date_gmt":"2025-06-02T22:42:08","guid":{"rendered":"https:\/\/soccer.aidatasports.com\/es\/uncategorized\/spezia-vs-cremonese-jun-01-2025-1830-utc\/"},"modified":"2025-06-02T22:42:08","modified_gmt":"2025-06-02T22:42:08","slug":"spezia-vs-cremonese-jun-01-2025-1830-utc","status":"publish","type":"post","link":"https:\/\/soccer.aidatasports.com\/es\/matches\/spezia-vs-cremonese-jun-01-2025-1830-utc\/","title":{"rendered":"Spezia vs Cremonese Jun 01 2025 18:30 UTC"},"content":{"rendered":"<p><strong>Noticia en Espa\u00f1ol<\/strong><\/p>\n<p><strong>Emocionante empate en el Stadio Alberto Picco entre Spezia y Cremonese<\/strong><\/p>\n<p>La Spezia, Italia \u2013 En un vibrante encuentro disputado en el Stadio Alberto Picco, Spezia y Cremonese empataron en un partido cargado de emociones y alternativas. Cremonese se adelant\u00f3 en el marcador en el minuto 25 con un gol de M. De Luca, asistido por F. Vazquez. Ampliaron su ventaja en el minuto 63 gracias a M. Collocolo, con asistencia de J. Vandeputte. De Luca volvi\u00f3 a marcar en el minuto 79 con un pase de P. Azzi, parec\u00eda que Cremonese se llevaba la victoria.<\/p>\n<p>Sin embargo, Spezia reaccion\u00f3 con fuerza en los \u00faltimos compases del partido. F. Esposito descont\u00f3 en el minuto 84, asistido por S. Esposito, y L. Vignali igual\u00f3 el marcador en el minuto 85 con un pase de R. Kouda. El partido se calent\u00f3 en los minutos finales, con la expulsi\u00f3n de L. Vignali por Spezia y M. Nasti por Cremonese, adem\u00e1s de varias tarjetas amarillas mostradas por el \u00e1rbitro Luca Pairetto.<\/p>\n<p>Cremonese tuvo una ligera superioridad en la posesi\u00f3n del bal\u00f3n, con un 52% frente al 48% de Spezia. Sin embargo, Spezia mostr\u00f3 efectividad de cara a la porter\u00eda. En cuanto a disparos totales, Cremonese realiz\u00f3 10, de los cuales 6 fueron a puerta, mientras que Spezia tuvo 6 disparos, con 4 dirigidos a la porter\u00eda. El partido finaliz\u00f3 con un total de 21 faltas cometidas por Cremonese y 20 por Spezia. El encuentro correspondiente a la final de los play-offs de ascenso a Serie A deja todo abierto para el partido de vuelta.<\/p>\n<p>Sustituciones en el equipo de spezia: en el minuto 64 ingres\u00f3 F. Cassata y sali\u00f3 A. Nagy, en el minuto 64 ingres\u00f3 R. Kouda y sali\u00f3 F. Bandinelli, en el minuto 68 ingres\u00f3 G. Lapadula y sali\u00f3 G. Di Serio, en el minuto 77 ingres\u00f3 A. Reca y sali\u00f3 S. Elia, en el minuto 78 ingres\u00f3 L. Vignali y sali\u00f3 A. Mateju <\/p>\n<p>Sustituciones en el equipo de cremonese: en el minuto 73 ingres\u00f3 C. Pickel y sali\u00f3 M. Castagnetti, en el minuto 73 ingres\u00f3 F. Gelli y sali\u00f3 J. Vandeputte, en el minuto 80 ingres\u00f3 M. Valoti y sali\u00f3 F. Vazquez, en el minuto 90 ingres\u00f3 M. Nasti y sali\u00f3 M. De Luca, en el minuto 90 ingres\u00f3 M. Bianchetti y sali\u00f3 T. Barbieri <\/p>\n<p>Los equipos alinearon de la siguiente manera:<\/p>\n<div class=\"lineups-container\">\n<style>\n                .lineups-container {\n                    display: flex;\n                    justify-content: space-around;\n                    flex-wrap: wrap;\n                }\n                .team-lineup {\n                    width: 49%;\n                    margin-bottom: 20px;\n                    border: 1px solid #ccc;\n                    padding: 5px;\n                }\n                .team-lineup h3 {\n                    text-align: center;\n                    margin-bottom: 10px;\n                }\n                .players-container {\n                    display: flex;\n                    justify-content: space-between;\n                }\n                .players-container div {\n                    width: 100%;\n                }\n                .player {\n                    display: flex;\n                    align-items: center;\n                    margin-bottom: 5px;\n                }\n                .player img {\n                    width: 30px;\n                    height: 30px;\n                    border-radius: 50%;\n                    margin-right: 10px;\n                }\n                    @media (max-width: 600px) {\n                    .team-lineup {\n                        width: 100%;\n                    }\n                }\n                <\/style>\n<div class=\"team-lineup\">\n<h3>Spezia<\/h3>\n<p><img decoding=\"async\" src=\"https:\/\/media.api-sports.io\/football\/teams\/515.png\" alt=\"Spezia\" style=\"width: 50px; height: 50px;\"><\/p>\n<div class=\"players-container\">\n<div>\n<h4>Titulares:<\/h4>\n<div class=\"player\"><a href=\"https:\/\/soccer.aidatasports.com\/es\/players\/Stefano-Gori-30704\"><img decoding=\"async\" src=\"https:\/\/soccer.aidatasports.com\/images\/players\/30704.png\" alt=\"Stefano Gori\" onerror=\"this.onerror=null;this.src='https:\/\/soccer.aidatasports.com\/images\/players\/default-player.png';\"><span>Stefano Gori<\/span><\/a><\/div>\n<div class=\"player\"><a href=\"https:\/\/soccer.aidatasports.com\/es\/players\/Przemys\u0142aw-Wi\u015bniewski-40231\"><img decoding=\"async\" src=\"https:\/\/soccer.aidatasports.com\/images\/players\/40231.png\" alt=\"Przemys\u0142aw Wi\u015bniewski\" onerror=\"this.onerror=null;this.src='https:\/\/soccer.aidatasports.com\/images\/players\/default-player.png';\"><span>Przemys\u0142aw Wi\u015bniewski<\/span><\/a><\/div>\n<div class=\"player\"><a href=\"https:\/\/soccer.aidatasports.com\/es\/players\/Petko-Hristov-31258\"><img decoding=\"async\" src=\"https:\/\/soccer.aidatasports.com\/images\/players\/31258.png\" alt=\"Petko Hristov\" onerror=\"this.onerror=null;this.src='https:\/\/soccer.aidatasports.com\/images\/players\/default-player.png';\"><span>Petko Hristov<\/span><\/a><\/div>\n<div class=\"player\"><a href=\"https:\/\/soccer.aidatasports.com\/es\/players\/Ale\u0161-Mat\u011bj\u016f-31135\"><img decoding=\"async\" src=\"https:\/\/soccer.aidatasports.com\/images\/players\/31135.png\" alt=\"Ale\u0161 Mat\u011bj\u016f\" onerror=\"this.onerror=null;this.src='https:\/\/soccer.aidatasports.com\/images\/players\/default-player.png';\"><span>Ale\u0161 Mat\u011bj\u016f<\/span><\/a><\/div>\n<div class=\"player\"><a href=\"https:\/\/soccer.aidatasports.com\/es\/players\/Salvatore-Elia-32023\"><img decoding=\"async\" src=\"https:\/\/soccer.aidatasports.com\/images\/players\/32023.png\" alt=\"Salvatore Elia\" onerror=\"this.onerror=null;this.src='https:\/\/soccer.aidatasports.com\/images\/players\/default-player.png';\"><span>Salvatore Elia<\/span><\/a><\/div>\n<div class=\"player\"><a href=\"https:\/\/soccer.aidatasports.com\/es\/players\/\u00c1d\u00e1m-Nagy-30481\"><img decoding=\"async\" src=\"https:\/\/soccer.aidatasports.com\/images\/players\/30481.png\" alt=\"\u00c1d\u00e1m Nagy\" onerror=\"this.onerror=null;this.src='https:\/\/soccer.aidatasports.com\/images\/players\/default-player.png';\"><span>\u00c1d\u00e1m Nagy<\/span><\/a><\/div>\n<div class=\"player\"><a href=\"https:\/\/soccer.aidatasports.com\/es\/players\/Salvatore-Esposito-56558\"><img decoding=\"async\" src=\"https:\/\/soccer.aidatasports.com\/images\/players\/56558.png\" alt=\"Salvatore Esposito\" onerror=\"this.onerror=null;this.src='https:\/\/soccer.aidatasports.com\/images\/players\/default-player.png';\"><span>Salvatore Esposito<\/span><\/a><\/div>\n<div class=\"player\"><a href=\"https:\/\/soccer.aidatasports.com\/es\/players\/Filippo-Bandinelli-30624\"><img decoding=\"async\" src=\"https:\/\/soccer.aidatasports.com\/images\/players\/30624.png\" alt=\"Filippo Bandinelli\" onerror=\"this.onerror=null;this.src='https:\/\/soccer.aidatasports.com\/images\/players\/default-player.png';\"><span>Filippo Bandinelli<\/span><\/a><\/div>\n<div class=\"player\"><a href=\"https:\/\/soccer.aidatasports.com\/es\/players\/Giuseppe-Aurelio-264477\"><img decoding=\"async\" src=\"https:\/\/soccer.aidatasports.com\/images\/players\/264477.png\" alt=\"Giuseppe Aurelio\" onerror=\"this.onerror=null;this.src='https:\/\/soccer.aidatasports.com\/images\/players\/default-player.png';\"><span>Giuseppe Aurelio<\/span><\/a><\/div>\n<div class=\"player\"><a href=\"https:\/\/soccer.aidatasports.com\/es\/players\/Giuseppe-Di-Serio-64024\"><img decoding=\"async\" src=\"https:\/\/soccer.aidatasports.com\/images\/players\/64024.png\" alt=\"Giuseppe Di Serio\" onerror=\"this.onerror=null;this.src='https:\/\/soccer.aidatasports.com\/images\/players\/default-player.png';\"><span>Giuseppe Di Serio<\/span><\/a><\/div>\n<div class=\"player\"><a href=\"https:\/\/soccer.aidatasports.com\/es\/players\/Francesco-Pio-Esposito-345808\"><img decoding=\"async\" src=\"https:\/\/soccer.aidatasports.com\/images\/players\/345808.png\" alt=\"Francesco Pio Esposito\" onerror=\"this.onerror=null;this.src='https:\/\/soccer.aidatasports.com\/images\/players\/default-player.png';\"><span>Francesco Pio Esposito<\/span><\/a><\/div>\n<\/div>\n<div>\n<h4>Suplentes:<\/h4>\n<div class=\"player\"><a href=\"https:\/\/soccer.aidatasports.com\/es\/players\/Francesco-Cassata-31081\"><img decoding=\"async\" src=\"https:\/\/soccer.aidatasports.com\/images\/players\/31081.png\" alt=\"Francesco Cassata\" onerror=\"this.onerror=null;this.src='https:\/\/soccer.aidatasports.com\/images\/players\/default-player.png';\"><span>Francesco Cassata<\/span><\/a><\/div>\n<div class=\"player\"><a href=\"https:\/\/soccer.aidatasports.com\/es\/players\/Rachid-Kouda-386393\"><img decoding=\"async\" src=\"https:\/\/soccer.aidatasports.com\/images\/players\/386393.png\" alt=\"Rachid Kouda\" onerror=\"this.onerror=null;this.src='https:\/\/soccer.aidatasports.com\/images\/players\/default-player.png';\"><span>Rachid Kouda<\/span><\/a><\/div>\n<div class=\"player\"><a href=\"https:\/\/soccer.aidatasports.com\/es\/players\/Gianluca-Lapadula-30790\"><img decoding=\"async\" src=\"https:\/\/soccer.aidatasports.com\/images\/players\/30790.png\" alt=\"Gianluca Lapadula\" onerror=\"this.onerror=null;this.src='https:\/\/soccer.aidatasports.com\/images\/players\/default-player.png';\"><span>Gianluca Lapadula<\/span><\/a><\/div>\n<div class=\"player\"><a href=\"https:\/\/soccer.aidatasports.com\/es\/players\/Arkadiusz-Reca-3010\"><img decoding=\"async\" src=\"https:\/\/soccer.aidatasports.com\/images\/players\/3010.png\" alt=\"Arkadiusz Reca\" onerror=\"this.onerror=null;this.src='https:\/\/soccer.aidatasports.com\/images\/players\/default-player.png';\"><span>Arkadiusz Reca<\/span><\/a><\/div>\n<div class=\"player\"><a href=\"https:\/\/soccer.aidatasports.com\/es\/players\/Luca-Vignali-30840\"><img decoding=\"async\" src=\"https:\/\/soccer.aidatasports.com\/images\/players\/30840.png\" alt=\"Luca Vignali\" onerror=\"this.onerror=null;this.src='https:\/\/soccer.aidatasports.com\/images\/players\/default-player.png';\"><span>Luca Vignali<\/span><\/a><\/div>\n<div class=\"player\"><a href=\"https:\/\/soccer.aidatasports.com\/es\/players\/Leandro-Chichizola-47246\"><img decoding=\"async\" src=\"https:\/\/soccer.aidatasports.com\/images\/players\/47246.png\" alt=\"Leandro Chichizola\" onerror=\"this.onerror=null;this.src='https:\/\/soccer.aidatasports.com\/images\/players\/default-player.png';\"><span>Leandro Chichizola<\/span><\/a><\/div>\n<div class=\"player\"><a href=\"https:\/\/soccer.aidatasports.com\/es\/players\/Simone-Giorgeschi-406049\"><img decoding=\"async\" src=\"https:\/\/soccer.aidatasports.com\/images\/players\/406049.png\" alt=\"Simone Giorgeschi\" onerror=\"this.onerror=null;this.src='https:\/\/soccer.aidatasports.com\/images\/players\/default-player.png';\"><span>Simone Giorgeschi<\/span><\/a><\/div>\n<div class=\"player\"><a href=\"https:\/\/soccer.aidatasports.com\/es\/players\/Salvador-Ferrer-47217\"><img decoding=\"async\" src=\"https:\/\/soccer.aidatasports.com\/images\/players\/47217.png\" alt=\"Salvador Ferrer\" onerror=\"this.onerror=null;this.src='https:\/\/soccer.aidatasports.com\/images\/players\/default-player.png';\"><span>Salvador Ferrer<\/span><\/a><\/div>\n<div class=\"player\"><a href=\"https:\/\/soccer.aidatasports.com\/es\/players\/Mattia-Benvenuto-481077\"><img decoding=\"async\" src=\"https:\/\/soccer.aidatasports.com\/images\/players\/481077.png\" alt=\"Mattia Benvenuto\" onerror=\"this.onerror=null;this.src='https:\/\/soccer.aidatasports.com\/images\/players\/default-player.png';\"><span>Mattia Benvenuto<\/span><\/a><\/div>\n<div class=\"player\"><a href=\"https:\/\/soccer.aidatasports.com\/es\/players\/Pietro-Candelari-406160\"><img decoding=\"async\" src=\"https:\/\/soccer.aidatasports.com\/images\/players\/406160.png\" alt=\"Pietro Candelari\" onerror=\"this.onerror=null;this.src='https:\/\/soccer.aidatasports.com\/images\/players\/default-player.png';\"><span>Pietro Candelari<\/span><\/a><\/div>\n<div class=\"player\"><a href=\"https:\/\/soccer.aidatasports.com\/es\/players\/Antonio-\u010colak-14293\"><img decoding=\"async\" src=\"https:\/\/soccer.aidatasports.com\/images\/players\/14293.png\" alt=\"Antonio \u010colak\" onerror=\"this.onerror=null;this.src='https:\/\/soccer.aidatasports.com\/images\/players\/default-player.png';\"><span>Antonio \u010colak<\/span><\/a><\/div>\n<div class=\"player\"><a href=\"https:\/\/soccer.aidatasports.com\/es\/players\/Diego-Falcinelli-30487\"><img decoding=\"async\" src=\"https:\/\/soccer.aidatasports.com\/images\/players\/30487.png\" alt=\"Diego Falcinelli\" onerror=\"this.onerror=null;this.src='https:\/\/soccer.aidatasports.com\/images\/players\/default-player.png';\"><span>Diego Falcinelli<\/span><\/a><\/div>\n<\/div>\n<\/div>\n<\/div>\n<div class=\"team-lineup\">\n<h3>Cremonese<\/h3>\n<p><img decoding=\"async\" src=\"https:\/\/media.api-sports.io\/football\/teams\/520.png\" alt=\"Cremonese\" style=\"width: 50px; height: 50px;\"><\/p>\n<div class=\"players-container\">\n<div>\n<h4>Titulares:<\/h4>\n<div class=\"player\"><a href=\"https:\/\/soccer.aidatasports.com\/es\/players\/Andrea-Fulignati-30850\"><img decoding=\"async\" src=\"https:\/\/soccer.aidatasports.com\/images\/players\/30850.png\" alt=\"Andrea Fulignati\" onerror=\"this.onerror=null;this.src='https:\/\/soccer.aidatasports.com\/images\/players\/default-player.png';\"><span>Andrea Fulignati<\/span><\/a><\/div>\n<div class=\"player\"><a href=\"https:\/\/soccer.aidatasports.com\/es\/players\/Michele-Collocolo-126889\"><img decoding=\"async\" src=\"https:\/\/soccer.aidatasports.com\/images\/players\/126889.png\" alt=\"Michele Collocolo\" onerror=\"this.onerror=null;this.src='https:\/\/soccer.aidatasports.com\/images\/players\/default-player.png';\"><span>Michele Collocolo<\/span><\/a><\/div>\n<div class=\"player\"><a href=\"https:\/\/soccer.aidatasports.com\/es\/players\/Tommaso-Barbieri-126980\"><img decoding=\"async\" src=\"https:\/\/soccer.aidatasports.com\/images\/players\/126980.png\" alt=\"Tommaso Barbieri\" onerror=\"this.onerror=null;this.src='https:\/\/soccer.aidatasports.com\/images\/players\/default-player.png';\"><span>Tommaso Barbieri<\/span><\/a><\/div>\n<div class=\"player\"><a href=\"https:\/\/soccer.aidatasports.com\/es\/players\/Francesco-Folino-385788\"><img decoding=\"async\" src=\"https:\/\/soccer.aidatasports.com\/images\/players\/385788.png\" alt=\"Francesco Folino\" onerror=\"this.onerror=null;this.src='https:\/\/soccer.aidatasports.com\/images\/players\/default-player.png';\"><span>Francesco Folino<\/span><\/a><\/div>\n<div class=\"player\"><a href=\"https:\/\/soccer.aidatasports.com\/es\/players\/Federico-Ceccherini-30397\"><img decoding=\"async\" src=\"https:\/\/soccer.aidatasports.com\/images\/players\/30397.png\" alt=\"Federico Ceccherini\" onerror=\"this.onerror=null;this.src='https:\/\/soccer.aidatasports.com\/images\/players\/default-player.png';\"><span>Federico Ceccherini<\/span><\/a><\/div>\n<div class=\"player\"><a href=\"https:\/\/soccer.aidatasports.com\/es\/players\/Paulo-Azzi-56207\"><img decoding=\"async\" src=\"https:\/\/soccer.aidatasports.com\/images\/players\/56207.png\" alt=\"Paulo Azzi\" onerror=\"this.onerror=null;this.src='https:\/\/soccer.aidatasports.com\/images\/players\/default-player.png';\"><span>Paulo Azzi<\/span><\/a><\/div>\n<div class=\"player\"><a href=\"https:\/\/soccer.aidatasports.com\/es\/players\/Franco-V\u00e1zquez-2057\"><img decoding=\"async\" src=\"https:\/\/soccer.aidatasports.com\/images\/players\/2057.png\" alt=\"Franco V\u00e1zquez\" onerror=\"this.onerror=null;this.src='https:\/\/soccer.aidatasports.com\/images\/players\/default-player.png';\"><span>Franco V\u00e1zquez<\/span><\/a><\/div>\n<div class=\"player\"><a href=\"https:\/\/soccer.aidatasports.com\/es\/players\/Michele-Castagnetti-31614\"><img decoding=\"async\" src=\"https:\/\/soccer.aidatasports.com\/images\/players\/31614.png\" alt=\"Michele Castagnetti\" onerror=\"this.onerror=null;this.src='https:\/\/soccer.aidatasports.com\/images\/players\/default-player.png';\"><span>Michele Castagnetti<\/span><\/a><\/div>\n<div class=\"player\"><a href=\"https:\/\/soccer.aidatasports.com\/es\/players\/Jari-Vandeputte-31211\"><img decoding=\"async\" src=\"https:\/\/soccer.aidatasports.com\/images\/players\/31211.png\" alt=\"Jari Vandeputte\" onerror=\"this.onerror=null;this.src='https:\/\/soccer.aidatasports.com\/images\/players\/default-player.png';\"><span>Jari Vandeputte<\/span><\/a><\/div>\n<div class=\"player\"><a href=\"https:\/\/soccer.aidatasports.com\/es\/players\/Manuel-De-Luca-31853\"><img decoding=\"async\" src=\"https:\/\/soccer.aidatasports.com\/images\/players\/31853.png\" alt=\"Manuel De Luca\" onerror=\"this.onerror=null;this.src='https:\/\/soccer.aidatasports.com\/images\/players\/default-player.png';\"><span>Manuel De Luca<\/span><\/a><\/div>\n<div class=\"player\"><a href=\"https:\/\/soccer.aidatasports.com\/es\/players\/Dennis-Johnsen-36986\"><img decoding=\"async\" src=\"https:\/\/soccer.aidatasports.com\/images\/players\/36986.png\" alt=\"Dennis Johnsen\" onerror=\"this.onerror=null;this.src='https:\/\/soccer.aidatasports.com\/images\/players\/default-player.png';\"><span>Dennis Johnsen<\/span><\/a><\/div>\n<\/div>\n<div>\n<h4>Suplentes:<\/h4>\n<div class=\"player\"><a href=\"https:\/\/soccer.aidatasports.com\/es\/players\/Francesco-Gelli-31982\"><img decoding=\"async\" src=\"https:\/\/soccer.aidatasports.com\/images\/players\/31982.png\" alt=\"Francesco Gelli\" onerror=\"this.onerror=null;this.src='https:\/\/soccer.aidatasports.com\/images\/players\/default-player.png';\"><span>Francesco Gelli<\/span><\/a><\/div>\n<div class=\"player\"><a href=\"https:\/\/soccer.aidatasports.com\/es\/players\/Charles-Pickel-48555\"><img decoding=\"async\" src=\"https:\/\/soccer.aidatasports.com\/images\/players\/48555.png\" alt=\"Charles Pickel\" onerror=\"this.onerror=null;this.src='https:\/\/soccer.aidatasports.com\/images\/players\/default-player.png';\"><span>Charles Pickel<\/span><\/a><\/div>\n<div class=\"player\"><a href=\"https:\/\/soccer.aidatasports.com\/es\/players\/Giacomo-Drago-30671\"><img decoding=\"async\" src=\"https:\/\/soccer.aidatasports.com\/images\/players\/30671.png\" alt=\"Giacomo Drago\" onerror=\"this.onerror=null;this.src='https:\/\/soccer.aidatasports.com\/images\/players\/default-player.png';\"><span>Giacomo Drago<\/span><\/a><\/div>\n<div class=\"player\"><a href=\"https:\/\/soccer.aidatasports.com\/es\/players\/Jakob-T\u00e5nnander-137854\"><img decoding=\"async\" src=\"https:\/\/soccer.aidatasports.com\/images\/players\/137854.png\" alt=\"Jakob T\u00e5nnander\" onerror=\"this.onerror=null;this.src='https:\/\/soccer.aidatasports.com\/images\/players\/default-player.png';\"><span>Jakob T\u00e5nnander<\/span><\/a><\/div>\n<div class=\"player\"><a href=\"https:\/\/soccer.aidatasports.com\/es\/players\/Lorenzo-Moretti-237266\"><img decoding=\"async\" src=\"https:\/\/soccer.aidatasports.com\/images\/players\/237266.png\" alt=\"Lorenzo Moretti\" onerror=\"this.onerror=null;this.src='https:\/\/soccer.aidatasports.com\/images\/players\/default-player.png';\"><span>Lorenzo Moretti<\/span><\/a><\/div>\n<div class=\"player\"><a href=\"https:\/\/soccer.aidatasports.com\/es\/players\/Valentin-Antov-10997\"><img decoding=\"async\" src=\"https:\/\/soccer.aidatasports.com\/images\/players\/10997.png\" alt=\"Valentin Antov\" onerror=\"this.onerror=null;this.src='https:\/\/soccer.aidatasports.com\/images\/players\/default-player.png';\"><span>Valentin Antov<\/span><\/a><\/div>\n<div class=\"player\"><a href=\"https:\/\/soccer.aidatasports.com\/es\/players\/Matteo-Bianchetti-30919\"><img decoding=\"async\" src=\"https:\/\/soccer.aidatasports.com\/images\/players\/30919.png\" alt=\"Matteo Bianchetti\" onerror=\"this.onerror=null;this.src='https:\/\/soccer.aidatasports.com\/images\/players\/default-player.png';\"><span>Matteo Bianchetti<\/span><\/a><\/div>\n<div class=\"player\"><a href=\"https:\/\/soccer.aidatasports.com\/es\/players\/Luca-Zanimacchia-56304\"><img decoding=\"async\" src=\"https:\/\/soccer.aidatasports.com\/images\/players\/56304.png\" alt=\"Luca Zanimacchia\" onerror=\"this.onerror=null;this.src='https:\/\/soccer.aidatasports.com\/images\/players\/default-player.png';\"><span>Luca Zanimacchia<\/span><\/a><\/div>\n<div class=\"player\"><a href=\"https:\/\/soccer.aidatasports.com\/es\/players\/Mattia-Valoti-30875\"><img decoding=\"async\" src=\"https:\/\/soccer.aidatasports.com\/images\/players\/30875.png\" alt=\"Mattia Valoti\" onerror=\"this.onerror=null;this.src='https:\/\/soccer.aidatasports.com\/images\/players\/default-player.png';\"><span>Mattia Valoti<\/span><\/a><\/div>\n<div class=\"player\"><a href=\"https:\/\/soccer.aidatasports.com\/es\/players\/\u017dan-Majer-31736\"><img decoding=\"async\" src=\"https:\/\/soccer.aidatasports.com\/images\/players\/31736.png\" alt=\"\u017dan Majer\" onerror=\"this.onerror=null;this.src='https:\/\/soccer.aidatasports.com\/images\/players\/default-player.png';\"><span>\u017dan Majer<\/span><\/a><\/div>\n<div class=\"player\"><a href=\"https:\/\/soccer.aidatasports.com\/es\/players\/Marco-Nasti-345467\"><img decoding=\"async\" src=\"https:\/\/soccer.aidatasports.com\/images\/players\/345467.png\" alt=\"Marco Nasti\" onerror=\"this.onerror=null;this.src='https:\/\/soccer.aidatasports.com\/images\/players\/default-player.png';\"><span>Marco Nasti<\/span><\/a><\/div>\n<div class=\"player\"><a href=\"https:\/\/soccer.aidatasports.com\/es\/players\/Federico-Bonazzoli-31436\"><img decoding=\"async\" src=\"https:\/\/soccer.aidatasports.com\/images\/players\/31436.png\" alt=\"Federico Bonazzoli\" onerror=\"this.onerror=null;this.src='https:\/\/soccer.aidatasports.com\/images\/players\/default-player.png';\"><span>Federico Bonazzoli<\/span><\/a><\/div>\n<\/div>\n<\/div>\n<\/div>\n<\/div>\n<div id=\"wg-api-football-game\"\n                    data-host=\"xxxxx\"\n                    data-key=\"xxxx\"\n                    data-id=\"1376536\"\n                    data-theme=\"\"\n                    data-refresh=\"15\"\n                    data-show-errors=\"false\"\n                    data-show-logos=\"true\"><br \/>\n                    class=\u00bbwg_loader\u00bb>\n                <\/div>\n<div id=\"wg-api-football-standings\"\n                    data-host=\"xxxx\"\n                    data-key=\"ddddd\"\n                    data-league=\"136\"\n                    data-team=\"\"\n                    data-season=\"2024\"\n                    data-theme=\"\"\n                    data-show-errors=\"false\"\n                    data-show-logos=\"true\"\n                    class=\"wg_loader\">\n                <\/div>\n<p>                <script\n                    type=\"module\"\n                    src=\"https:\/\/soccer.aidatasports.com\/wp-content\/customjs\/widgetslocal.js\">\n                <\/script><\/p>\n","protected":false},"excerpt":{"rendered":"<p>Noticia en Espa\u00f1ol Emocionante empate en el Stadio Alberto Picco entre Spezia y Cremonese La&hellip;<\/p>\n","protected":false},"author":1,"featured_media":98535,"comment_status":"open","ping_status":"open","sticky":false,"template":"","format":"standard","meta":{"content-type":"","_lmt_disableupdate":"","_lmt_disable":"","_league":15837,"_fixture":1376536,"penci_pfeatured_image_ratio":"","penci_single_style":"","footnotes":""},"categories":[15837],"tags":[631,627],"class_list":["post-98536","post","type-post","status-publish","format-standard","has-post-thumbnail","hentry","category-matches","tag-cremonese-italy-520","tag-spezia-italy-515"],"_links":{"self":[{"href":"https:\/\/soccer.aidatasports.com\/es\/wp-json\/wp\/v2\/posts\/98536"}],"collection":[{"href":"https:\/\/soccer.aidatasports.com\/es\/wp-json\/wp\/v2\/posts"}],"about":[{"href":"https:\/\/soccer.aidatasports.com\/es\/wp-json\/wp\/v2\/types\/post"}],"author":[{"embeddable":true,"href":"https:\/\/soccer.aidatasports.com\/es\/wp-json\/wp\/v2\/users\/1"}],"replies":[{"embeddable":true,"href":"https:\/\/soccer.aidatasports.com\/es\/wp-json\/wp\/v2\/comments?post=98536"}],"version-history":[{"count":0,"href":"https:\/\/soccer.aidatasports.com\/es\/wp-json\/wp\/v2\/posts\/98536\/revisions"}],"wp:featuredmedia":[{"embeddable":true,"href":"https:\/\/soccer.aidatasports.com\/es\/wp-json\/wp\/v2\/media\/98535"}],"wp:attachment":[{"href":"https:\/\/soccer.aidatasports.com\/es\/wp-json\/wp\/v2\/media?parent=98536"}],"wp:term":[{"taxonomy":"category","embeddable":true,"href":"https:\/\/soccer.aidatasports.com\/es\/wp-json\/wp\/v2\/categories?post=98536"},{"taxonomy":"post_tag","embeddable":true,"href":"https:\/\/soccer.aidatasports.com\/es\/wp-json\/wp\/v2\/tags?post=98536"}],"curies":[{"name":"wp","href":"https:\/\/api.w.org\/{rel}","templated":true}]}}