{"id":89463,"date":"2025-03-06T22:05:27","date_gmt":"2025-03-06T22:05:27","guid":{"rendered":"https:\/\/soccer.aidatasports.com\/es\/uncategorized\/celje-vs-fc-lugano-mar-06-2025-2000-utc\/"},"modified":"2025-03-06T22:05:27","modified_gmt":"2025-03-06T22:05:27","slug":"celje-vs-fc-lugano-mar-06-2025-2000-utc","status":"publish","type":"post","link":"https:\/\/soccer.aidatasports.com\/es\/matches\/celje-vs-fc-lugano-mar-06-2025-2000-utc\/","title":{"rendered":"Celje vs FC Lugano Mar 06 2025 20:00 UTC"},"content":{"rendered":"<p><strong>Espa\u00f1ol<\/strong><\/p>\n<p>El Celje se impuso al FC Lugano en un vibrante encuentro disputado en el Stadion Z&#8217;de\u017eele de Celje, correspondiente a la ronda de 16 de la UEFA Europa Conference League 2024.  El partido, jugado el 6 de marzo de 2025,  fue un encuentro disputado con alternativas,  pero con una victoria para el equipo local.  A pesar de que el FC Lugano domin\u00f3 la posesi\u00f3n del bal\u00f3n (55%),  fue el Celje quien se llev\u00f3 el triunfo gracias a un gol de T. Svetlin al minuto 23, asistido por L. Delaurier-Chaubet.  El partido estuvo marcado por la tensi\u00f3n, reflejada en las numerosas tarjetas: una roja para el FC Lugano (Papadopoulos al 90&#8242;), y  cuatro amarillas (una para el Celje y tres para el FC Lugano).  Si bien el FC Lugano gener\u00f3 m\u00e1s ocasiones de gol (14 tiros a puerta contra 6 del Celje), la efectividad del equipo local fue superior.  El Celje, con un 45% de posesi\u00f3n,  demostr\u00f3 una mayor contundencia en ataque, aprovechando al m\u00e1ximo sus oportunidades.<\/p>\n<p>Sustituciones en el equipo de celje: en el minuto 46 ingres\u00f3 M. Dulca y sali\u00f3 M. Kvesic, en el minuto 72 ingres\u00f3 D. Vuklisevic y sali\u00f3 L. Bejger, en el minuto 84 ingres\u00f3 Edmilson Santos y sali\u00f3 A. Kucys, en el minuto 88 ingres\u00f3 N. Kouter y sali\u00f3 T. Svetlin <\/p>\n<p>Sustituciones en el equipo de fc lugano: en el minuto 62 ingres\u00f3 K. Przybylko y sali\u00f3 G. Koutsias, en el minuto 80 ingres\u00f3 Y. Cimignani y sali\u00f3 M. Bottani, en el minuto 90 ingres\u00f3 A. El Wafi y sali\u00f3 R. Steffen, en el minuto 90 ingres\u00f3 D. Dos Santos y sali\u00f3 M. Valenzuela <\/p>\n<p>Los equipos alinearon de la siguiente manera:<\/p>\n<div class=\"lineups-container\">\n<style>\n                .lineups-container {\n                    display: flex;\n                    justify-content: space-around;\n                    flex-wrap: wrap;\n                }\n                .team-lineup {\n                    width: 49%;\n                    margin-bottom: 20px;\n                    border: 1px solid #ccc;\n                    padding: 5px;\n                }\n                .team-lineup h3 {\n                    text-align: center;\n                    margin-bottom: 10px;\n                }\n                .players-container {\n                    display: flex;\n                    justify-content: space-between;\n                }\n                .players-container div {\n                    width: 100%;\n                }\n                .player {\n                    display: flex;\n                    align-items: center;\n                    margin-bottom: 5px;\n                }\n                .player img {\n                    width: 30px;\n                    height: 30px;\n                    border-radius: 50%;\n                    margin-right: 10px;\n                }\n                    @media (max-width: 600px) {\n                    .team-lineup {\n                        width: 100%;\n                    }\n                }\n                <\/style>\n<div class=\"team-lineup\">\n<h3>Celje<\/h3>\n<p><img decoding=\"async\" src=\"https:\/\/media.api-sports.io\/football\/teams\/4360.png\" alt=\"Celje\" style=\"width: 50px; height: 50px;\"><\/p>\n<div class=\"players-container\">\n<div>\n<h4>Titulares:<\/h4>\n<div class=\"player\"><a href=\"https:\/\/soccer.aidatasports.com\/es\/players\/Ricardo-Silva-41716\"><img decoding=\"async\" src=\"https:\/\/soccer.aidatasports.com\/images\/players\/41716.png\" alt=\"Ricardo Silva\" onerror=\"this.onerror=null;this.src='https:\/\/soccer.aidatasports.com\/images\/players\/default-player.png';\"><span>Ricardo Silva<\/span><\/a><\/div>\n<div class=\"player\"><a href=\"https:\/\/soccer.aidatasports.com\/es\/players\/Juanjo-Nieto-105034\"><img decoding=\"async\" src=\"https:\/\/soccer.aidatasports.com\/images\/players\/105034.png\" alt=\"Juanjo Nieto\" onerror=\"this.onerror=null;this.src='https:\/\/soccer.aidatasports.com\/images\/players\/default-player.png';\"><span>Juanjo Nieto<\/span><\/a><\/div>\n<div class=\"player\"><a href=\"https:\/\/soccer.aidatasports.com\/es\/players\/\u0141ukasz-Bejger-163053\"><img decoding=\"async\" src=\"https:\/\/soccer.aidatasports.com\/images\/players\/163053.png\" alt=\"\u0141ukasz Bejger\" onerror=\"this.onerror=null;this.src='https:\/\/soccer.aidatasports.com\/images\/players\/default-player.png';\"><span>\u0141ukasz Bejger<\/span><\/a><\/div>\n<div class=\"player\"><a href=\"https:\/\/soccer.aidatasports.com\/es\/players\/Klemen-Nemani\u010d-109944\"><img decoding=\"async\" src=\"https:\/\/soccer.aidatasports.com\/images\/players\/109944.png\" alt=\"Klemen Nemani\u010d\" onerror=\"this.onerror=null;this.src='https:\/\/soccer.aidatasports.com\/images\/players\/default-player.png';\"><span>Klemen Nemani\u010d<\/span><\/a><\/div>\n<div class=\"player\"><a href=\"https:\/\/soccer.aidatasports.com\/es\/players\/\u017dan-Karni\u010dnik-109724\"><img decoding=\"async\" src=\"https:\/\/soccer.aidatasports.com\/images\/players\/109724.png\" alt=\"\u017dan Karni\u010dnik\" onerror=\"this.onerror=null;this.src='https:\/\/soccer.aidatasports.com\/images\/players\/default-player.png';\"><span>\u017dan Karni\u010dnik<\/span><\/a><\/div>\n<div class=\"player\"><a href=\"https:\/\/soccer.aidatasports.com\/es\/players\/Mark-Zabukovnik-131343\"><img decoding=\"async\" src=\"https:\/\/soccer.aidatasports.com\/images\/players\/131343.png\" alt=\"Mark Zabukovnik\" onerror=\"this.onerror=null;this.src='https:\/\/soccer.aidatasports.com\/images\/players\/default-player.png';\"><span>Mark Zabukovnik<\/span><\/a><\/div>\n<div class=\"player\"><a href=\"https:\/\/soccer.aidatasports.com\/es\/players\/Logan-Delaurier-Chaubet-190685\"><img decoding=\"async\" src=\"https:\/\/soccer.aidatasports.com\/images\/players\/190685.png\" alt=\"Logan Delaurier-Chaubet\" onerror=\"this.onerror=null;this.src='https:\/\/soccer.aidatasports.com\/images\/players\/default-player.png';\"><span>Logan Delaurier-Chaubet<\/span><\/a><\/div>\n<div class=\"player\"><a href=\"https:\/\/soccer.aidatasports.com\/es\/players\/Svit-Se\u0161lar-109987\"><img decoding=\"async\" src=\"https:\/\/soccer.aidatasports.com\/images\/players\/109987.png\" alt=\"Svit Se\u0161lar\" onerror=\"this.onerror=null;this.src='https:\/\/soccer.aidatasports.com\/images\/players\/default-player.png';\"><span>Svit Se\u0161lar<\/span><\/a><\/div>\n<div class=\"player\"><a href=\"https:\/\/soccer.aidatasports.com\/es\/players\/Mario-Kvesi\u0107-25102\"><img decoding=\"async\" src=\"https:\/\/soccer.aidatasports.com\/images\/players\/25102.png\" alt=\"Mario Kvesi\u0107\" onerror=\"this.onerror=null;this.src='https:\/\/soccer.aidatasports.com\/images\/players\/default-player.png';\"><span>Mario Kvesi\u0107<\/span><\/a><\/div>\n<div class=\"player\"><a href=\"https:\/\/soccer.aidatasports.com\/es\/players\/Tamar-Svetlin-131326\"><img decoding=\"async\" src=\"https:\/\/soccer.aidatasports.com\/images\/players\/131326.png\" alt=\"Tamar Svetlin\" onerror=\"this.onerror=null;this.src='https:\/\/soccer.aidatasports.com\/images\/players\/default-player.png';\"><span>Tamar Svetlin<\/span><\/a><\/div>\n<div class=\"player\"><a href=\"https:\/\/soccer.aidatasports.com\/es\/players\/Armandas-Ku\u010dys-70044\"><img decoding=\"async\" src=\"https:\/\/soccer.aidatasports.com\/images\/players\/70044.png\" alt=\"Armandas Ku\u010dys\" onerror=\"this.onerror=null;this.src='https:\/\/soccer.aidatasports.com\/images\/players\/default-player.png';\"><span>Armandas Ku\u010dys<\/span><\/a><\/div>\n<\/div>\n<div>\n<h4>Suplentes:<\/h4>\n<div class=\"player\"><a href=\"https:\/\/soccer.aidatasports.com\/es\/players\/Marco-Dulca-125631\"><img decoding=\"async\" src=\"https:\/\/soccer.aidatasports.com\/images\/players\/125631.png\" alt=\"Marco Dulca\" onerror=\"this.onerror=null;this.src='https:\/\/soccer.aidatasports.com\/images\/players\/default-player.png';\"><span>Marco Dulca<\/span><\/a><\/div>\n<div class=\"player\"><a href=\"https:\/\/soccer.aidatasports.com\/es\/players\/Luka-Kolar-348848\"><img decoding=\"async\" src=\"https:\/\/soccer.aidatasports.com\/images\/players\/348848.png\" alt=\"Luka Kolar\" onerror=\"this.onerror=null;this.src='https:\/\/soccer.aidatasports.com\/images\/players\/default-player.png';\"><span>Luka Kolar<\/span><\/a><\/div>\n<div class=\"player\"><a href=\"https:\/\/soccer.aidatasports.com\/es\/players\/Damjan-Vukli\u0161evi\u0107-66040\"><img decoding=\"async\" src=\"https:\/\/soccer.aidatasports.com\/images\/players\/66040.png\" alt=\"Damjan Vukli\u0161evi\u0107\" onerror=\"this.onerror=null;this.src='https:\/\/soccer.aidatasports.com\/images\/players\/default-player.png';\"><span>Damjan Vukli\u0161evi\u0107<\/span><\/a><\/div>\n<div class=\"player\"><a href=\"https:\/\/soccer.aidatasports.com\/es\/players\/Clement-Lhernault-334818\"><img decoding=\"async\" src=\"https:\/\/soccer.aidatasports.com\/images\/players\/334818.png\" alt=\"Clement Lhernault\" onerror=\"this.onerror=null;this.src='https:\/\/soccer.aidatasports.com\/images\/players\/default-player.png';\"><span>Clement Lhernault<\/span><\/a><\/div>\n<div class=\"player\"><a href=\"https:\/\/soccer.aidatasports.com\/es\/players\/Aljo\u0161a-Matko-111917\"><img decoding=\"async\" src=\"https:\/\/soccer.aidatasports.com\/images\/players\/111917.png\" alt=\"Aljo\u0161a Matko\" onerror=\"this.onerror=null;this.src='https:\/\/soccer.aidatasports.com\/images\/players\/default-player.png';\"><span>Aljo\u0161a Matko<\/span><\/a><\/div>\n<div class=\"player\"><a href=\"https:\/\/soccer.aidatasports.com\/es\/players\/Nino-Kouter-109688\"><img decoding=\"async\" src=\"https:\/\/soccer.aidatasports.com\/images\/players\/109688.png\" alt=\"Nino Kouter\" onerror=\"this.onerror=null;this.src='https:\/\/soccer.aidatasports.com\/images\/players\/default-player.png';\"><span>Nino Kouter<\/span><\/a><\/div>\n<div class=\"player\"><a href=\"https:\/\/soccer.aidatasports.com\/es\/players\/Edmilson-301363\"><img decoding=\"async\" src=\"https:\/\/soccer.aidatasports.com\/images\/players\/301363.png\" alt=\"Edmilson\" onerror=\"this.onerror=null;this.src='https:\/\/soccer.aidatasports.com\/images\/players\/default-player.png';\"><span>Edmilson<\/span><\/a><\/div>\n<\/div>\n<\/div>\n<\/div>\n<div class=\"team-lineup\">\n<h3>FC Lugano<\/h3>\n<p><img decoding=\"async\" src=\"https:\/\/media.api-sports.io\/football\/teams\/606.png\" alt=\"FC Lugano\" style=\"width: 50px; height: 50px;\"><\/p>\n<div class=\"players-container\">\n<div>\n<h4>Titulares:<\/h4>\n<div class=\"player\"><a href=\"https:\/\/soccer.aidatasports.com\/es\/players\/Amir-Saipi-70532\"><img decoding=\"async\" src=\"https:\/\/soccer.aidatasports.com\/images\/players\/70532.png\" alt=\"Amir Saipi\" onerror=\"this.onerror=null;this.src='https:\/\/soccer.aidatasports.com\/images\/players\/default-player.png';\"><span>Amir Saipi<\/span><\/a><\/div>\n<div class=\"player\"><a href=\"https:\/\/soccer.aidatasports.com\/es\/players\/Antonios-Papadopoulos-26626\"><img decoding=\"async\" src=\"https:\/\/soccer.aidatasports.com\/images\/players\/26626.png\" alt=\"Antonios Papadopoulos\" onerror=\"this.onerror=null;this.src='https:\/\/soccer.aidatasports.com\/images\/players\/default-player.png';\"><span>Antonios Papadopoulos<\/span><\/a><\/div>\n<div class=\"player\"><a href=\"https:\/\/soccer.aidatasports.com\/es\/players\/Lars-Lukas-Mai-503\"><img decoding=\"async\" src=\"https:\/\/soccer.aidatasports.com\/images\/players\/503.png\" alt=\"Lars Lukas Mai\" onerror=\"this.onerror=null;this.src='https:\/\/soccer.aidatasports.com\/images\/players\/default-player.png';\"><span>Lars Lukas Mai<\/span><\/a><\/div>\n<div class=\"player\"><a href=\"https:\/\/soccer.aidatasports.com\/es\/players\/Albian-Hajdari-278453\"><img decoding=\"async\" src=\"https:\/\/soccer.aidatasports.com\/images\/players\/278453.png\" alt=\"Albian Hajdari\" onerror=\"this.onerror=null;this.src='https:\/\/soccer.aidatasports.com\/images\/players\/default-player.png';\"><span>Albian Hajdari<\/span><\/a><\/div>\n<div class=\"player\"><a href=\"https:\/\/soccer.aidatasports.com\/es\/players\/Mattia-Zanotti-322626\"><img decoding=\"async\" src=\"https:\/\/soccer.aidatasports.com\/images\/players\/322626.png\" alt=\"Mattia Zanotti\" onerror=\"this.onerror=null;this.src='https:\/\/soccer.aidatasports.com\/images\/players\/default-player.png';\"><span>Mattia Zanotti<\/span><\/a><\/div>\n<div class=\"player\"><a href=\"https:\/\/soccer.aidatasports.com\/es\/players\/Mohamed-Belhadj-Mahmoud-67195\"><img decoding=\"async\" src=\"https:\/\/soccer.aidatasports.com\/images\/players\/67195.png\" alt=\"Mohamed Belhadj Mahmoud\" onerror=\"this.onerror=null;this.src='https:\/\/soccer.aidatasports.com\/images\/players\/default-player.png';\"><span>Mohamed Belhadj Mahmoud<\/span><\/a><\/div>\n<div class=\"player\"><a href=\"https:\/\/soccer.aidatasports.com\/es\/players\/Anto-Grgi\u0107-48520\"><img decoding=\"async\" src=\"https:\/\/soccer.aidatasports.com\/images\/players\/48520.png\" alt=\"Anto Grgi\u0107\" onerror=\"this.onerror=null;this.src='https:\/\/soccer.aidatasports.com\/images\/players\/default-player.png';\"><span>Anto Grgi\u0107<\/span><\/a><\/div>\n<div class=\"player\"><a href=\"https:\/\/soccer.aidatasports.com\/es\/players\/Milton-Valenzuela-50832\"><img decoding=\"async\" src=\"https:\/\/soccer.aidatasports.com\/images\/players\/50832.png\" alt=\"Milton Valenzuela\" onerror=\"this.onerror=null;this.src='https:\/\/soccer.aidatasports.com\/images\/players\/default-player.png';\"><span>Milton Valenzuela<\/span><\/a><\/div>\n<div class=\"player\"><a href=\"https:\/\/soccer.aidatasports.com\/es\/players\/Renato-Steffen-2809\"><img decoding=\"async\" src=\"https:\/\/soccer.aidatasports.com\/images\/players\/2809.png\" alt=\"Renato Steffen\" onerror=\"this.onerror=null;this.src='https:\/\/soccer.aidatasports.com\/images\/players\/default-player.png';\"><span>Renato Steffen<\/span><\/a><\/div>\n<div class=\"player\"><a href=\"https:\/\/soccer.aidatasports.com\/es\/players\/Georgios-Koutsias-161579\"><img decoding=\"async\" src=\"https:\/\/soccer.aidatasports.com\/images\/players\/161579.png\" alt=\"Georgios Koutsias\" onerror=\"this.onerror=null;this.src='https:\/\/soccer.aidatasports.com\/images\/players\/default-player.png';\"><span>Georgios Koutsias<\/span><\/a><\/div>\n<div class=\"player\"><a href=\"https:\/\/soccer.aidatasports.com\/es\/players\/Mattia-Bottani-48413\"><img decoding=\"async\" src=\"https:\/\/soccer.aidatasports.com\/images\/players\/48413.png\" alt=\"Mattia Bottani\" onerror=\"this.onerror=null;this.src='https:\/\/soccer.aidatasports.com\/images\/players\/default-player.png';\"><span>Mattia Bottani<\/span><\/a><\/div>\n<\/div>\n<div>\n<h4>Suplentes:<\/h4>\n<div class=\"player\"><a href=\"https:\/\/soccer.aidatasports.com\/es\/players\/Kacper-Przyby\u0142ko-50750\"><img decoding=\"async\" src=\"https:\/\/soccer.aidatasports.com\/images\/players\/50750.png\" alt=\"Kacper Przyby\u0142ko\" onerror=\"this.onerror=null;this.src='https:\/\/soccer.aidatasports.com\/images\/players\/default-player.png';\"><span>Kacper Przyby\u0142ko<\/span><\/a><\/div>\n<div class=\"player\"><a href=\"https:\/\/soccer.aidatasports.com\/es\/players\/Diego-Mina-384129\"><img decoding=\"async\" src=\"https:\/\/soccer.aidatasports.com\/images\/players\/384129.png\" alt=\"Diego Mina\" onerror=\"this.onerror=null;this.src='https:\/\/soccer.aidatasports.com\/images\/players\/default-player.png';\"><span>Diego Mina<\/span><\/a><\/div>\n<div class=\"player\"><a href=\"https:\/\/soccer.aidatasports.com\/es\/players\/Sebastian-Osigwe-48788\"><img decoding=\"async\" src=\"https:\/\/soccer.aidatasports.com\/images\/players\/48788.png\" alt=\"Sebastian Osigwe\" onerror=\"this.onerror=null;this.src='https:\/\/soccer.aidatasports.com\/images\/players\/default-player.png';\"><span>Sebastian Osigwe<\/span><\/a><\/div>\n<div class=\"player\"><a href=\"https:\/\/soccer.aidatasports.com\/es\/players\/Zachary-Brault-Guillard-50779\"><img decoding=\"async\" src=\"https:\/\/soccer.aidatasports.com\/images\/players\/50779.png\" alt=\"Zachary Brault Guillard\" onerror=\"this.onerror=null;this.src='https:\/\/soccer.aidatasports.com\/images\/players\/default-player.png';\"><span>Zachary Brault Guillard<\/span><\/a><\/div>\n<div class=\"player\"><a href=\"https:\/\/soccer.aidatasports.com\/es\/players\/Ayman-El-Wafi-383023\"><img decoding=\"async\" src=\"https:\/\/soccer.aidatasports.com\/images\/players\/383023.png\" alt=\"Ayman El Wafi\" onerror=\"this.onerror=null;this.src='https:\/\/soccer.aidatasports.com\/images\/players\/default-player.png';\"><span>Ayman El Wafi<\/span><\/a><\/div>\n<div class=\"player\"><a href=\"https:\/\/soccer.aidatasports.com\/es\/players\/Martim-Marques-336574\"><img decoding=\"async\" src=\"https:\/\/soccer.aidatasports.com\/images\/players\/336574.png\" alt=\"Martim Marques\" onerror=\"this.onerror=null;this.src='https:\/\/soccer.aidatasports.com\/images\/players\/default-player.png';\"><span>Martim Marques<\/span><\/a><\/div>\n<div class=\"player\"><a href=\"https:\/\/soccer.aidatasports.com\/es\/players\/Ousmane-Doumbia-48693\"><img decoding=\"async\" src=\"https:\/\/soccer.aidatasports.com\/images\/players\/48693.png\" alt=\"Ousmane Doumbia\" onerror=\"this.onerror=null;this.src='https:\/\/soccer.aidatasports.com\/images\/players\/default-player.png';\"><span>Ousmane Doumbia<\/span><\/a><\/div>\n<div class=\"player\"><a href=\"https:\/\/soccer.aidatasports.com\/es\/players\/Yanis-Cimignani-193645\"><img decoding=\"async\" src=\"https:\/\/soccer.aidatasports.com\/images\/players\/193645.png\" alt=\"Yanis Cimignani\" onerror=\"this.onerror=null;this.src='https:\/\/soccer.aidatasports.com\/images\/players\/default-player.png';\"><span>Yanis Cimignani<\/span><\/a><\/div>\n<div class=\"player\"><a href=\"https:\/\/soccer.aidatasports.com\/es\/players\/Daniel-Dos-Santos-Correia-303004\"><img decoding=\"async\" src=\"https:\/\/soccer.aidatasports.com\/images\/players\/303004.png\" alt=\"Daniel Dos Santos Correia\" onerror=\"this.onerror=null;this.src='https:\/\/soccer.aidatasports.com\/images\/players\/default-player.png';\"><span>Daniel Dos Santos Correia<\/span><\/a><\/div>\n<div class=\"player\"><a href=\"https:\/\/soccer.aidatasports.com\/es\/players\/Yannis-Ryter-446270\"><img decoding=\"async\" src=\"https:\/\/soccer.aidatasports.com\/images\/players\/446270.png\" alt=\"Yannis Ryter\" onerror=\"this.onerror=null;this.src='https:\/\/soccer.aidatasports.com\/images\/players\/default-player.png';\"><span>Yannis Ryter<\/span><\/a><\/div>\n<div class=\"player\"><a href=\"https:\/\/soccer.aidatasports.com\/es\/players\/Ilija-Maslarov-428081\"><img decoding=\"async\" src=\"https:\/\/soccer.aidatasports.com\/images\/players\/428081.png\" alt=\"Ilija Maslarov\" onerror=\"this.onerror=null;this.src='https:\/\/soccer.aidatasports.com\/images\/players\/default-player.png';\"><span>Ilija Maslarov<\/span><\/a><\/div>\n<\/div>\n<\/div>\n<\/div>\n<\/div>\n<div id=\"wg-api-football-game\"\n                    data-host=\"xxxxx\"\n                    data-key=\"xxxx\"\n                    data-id=\"1353212\"\n                    data-theme=\"\"\n                    data-refresh=\"15\"\n                    data-show-errors=\"false\"\n                    data-show-logos=\"true\"><br \/>\n                    class=\u00bbwg_loader\u00bb>\n                <\/div>\n<div id=\"wg-api-football-standings\"\n                    data-host=\"xxxx\"\n                    data-key=\"ddddd\"\n                    data-league=\"848\"\n                    data-team=\"\"\n                    data-season=\"2024\"\n                    data-theme=\"\"\n                    data-show-errors=\"false\"\n                    data-show-logos=\"true\"\n                    class=\"wg_loader\">\n                <\/div>\n<p>                <script\n                    type=\"module\"\n                    src=\"https:\/\/soccer.aidatasports.com\/wp-content\/customjs\/widgetslocal.js\">\n                <\/script><\/p>\n","protected":false},"excerpt":{"rendered":"<p>Espa\u00f1ol El Celje se impuso al FC Lugano en un vibrante encuentro disputado en el&hellip;<\/p>\n","protected":false},"author":1,"featured_media":89462,"comment_status":"open","ping_status":"open","sticky":false,"template":"","format":"standard","meta":{"content-type":"","_lmt_disableupdate":"","_lmt_disable":"","_league":15837,"_fixture":1353212,"penci_pfeatured_image_ratio":"","penci_single_style":"","footnotes":""},"categories":[15837],"tags":[3408,709],"class_list":["post-89463","post","type-post","status-publish","format-standard","has-post-thumbnail","hentry","category-matches","tag-celje-slovenia-4360","tag-fc-lugano-switzerland-606"],"_links":{"self":[{"href":"https:\/\/soccer.aidatasports.com\/es\/wp-json\/wp\/v2\/posts\/89463"}],"collection":[{"href":"https:\/\/soccer.aidatasports.com\/es\/wp-json\/wp\/v2\/posts"}],"about":[{"href":"https:\/\/soccer.aidatasports.com\/es\/wp-json\/wp\/v2\/types\/post"}],"author":[{"embeddable":true,"href":"https:\/\/soccer.aidatasports.com\/es\/wp-json\/wp\/v2\/users\/1"}],"replies":[{"embeddable":true,"href":"https:\/\/soccer.aidatasports.com\/es\/wp-json\/wp\/v2\/comments?post=89463"}],"version-history":[{"count":0,"href":"https:\/\/soccer.aidatasports.com\/es\/wp-json\/wp\/v2\/posts\/89463\/revisions"}],"wp:featuredmedia":[{"embeddable":true,"href":"https:\/\/soccer.aidatasports.com\/es\/wp-json\/wp\/v2\/media\/89462"}],"wp:attachment":[{"href":"https:\/\/soccer.aidatasports.com\/es\/wp-json\/wp\/v2\/media?parent=89463"}],"wp:term":[{"taxonomy":"category","embeddable":true,"href":"https:\/\/soccer.aidatasports.com\/es\/wp-json\/wp\/v2\/categories?post=89463"},{"taxonomy":"post_tag","embeddable":true,"href":"https:\/\/soccer.aidatasports.com\/es\/wp-json\/wp\/v2\/tags?post=89463"}],"curies":[{"name":"wp","href":"https:\/\/api.w.org\/{rel}","templated":true}]}}