{"id":89386,"date":"2025-03-05T19:40:28","date_gmt":"2025-03-05T19:40:28","guid":{"rendered":"https:\/\/soccer.aidatasports.com\/es\/uncategorized\/feyenoord-vs-inter-mar-05-2025-1745-utc\/"},"modified":"2025-03-05T19:40:28","modified_gmt":"2025-03-05T19:40:28","slug":"feyenoord-vs-inter-mar-05-2025-1745-utc","status":"publish","type":"post","link":"https:\/\/soccer.aidatasports.com\/es\/matches\/feyenoord-vs-inter-mar-05-2025-1745-utc\/","title":{"rendered":"Feyenoord vs Inter Mar 05 2025 17:45 UTC"},"content":{"rendered":"<p><strong>Espa\u00f1ol<\/strong><\/p>\n<p>El Inter de Mil\u00e1n se impuso al Feyenoord con un contundente 3-0 en un partido correspondiente a los octavos de final de la Champions League 2024 disputado en el Stadion Feijenoord de Rotterdam el 5 de marzo de 2025.  El dominio del Inter fue evidente, reflejado en la posesi\u00f3n del bal\u00f3n (58%) y en la mayor cantidad de remates a puerta (6 frente a 5 del Feyenoord).  Marcus Thuram abri\u00f3 el marcador al minuto 38,  asistido por Nicolo Barella. Lautaro Mart\u00ednez ampli\u00f3 la ventaja a los 50 minutos, con asistencia de Piotr Zielinski, quien posteriormente fall\u00f3 un penalti al minuto 65.  A pesar de la superioridad del Inter, el Feyenoord mostr\u00f3 garra, pero se vio afectado por las numerosas tarjetas amarillas (3) recibidas por sus jugadores  Mitchell, Wellenreuther y Osman.  El Inter, por su parte,  recibi\u00f3 solo una amarilla para Alessandro Bastoni.  El partido, arbitrado por Espen Eskas de Noruega, termin\u00f3 con una victoria clara para los italianos.<\/p>\n<p>Sustituciones en el equipo de feyenoord: en el minuto 59 ingres\u00f3 A. Ueda y sali\u00f3 J. Carranza <\/p>\n<p>Sustituciones en el equipo de inter: en el minuto 62 ingres\u00f3 M. Taremi y sali\u00f3 M. Thuram, en el minuto 72 ingres\u00f3 D. Frattesi y sali\u00f3 N. Barella, en el minuto 72 ingres\u00f3 Y. Bisseck y sali\u00f3 S. de Vrij, en el minuto 81 ingres\u00f3 M. Arnautovic y sali\u00f3 L. Martinez, en el minuto 81 ingres\u00f3 H. Calhanoglu y sali\u00f3 K. Asllani <\/p>\n<p>Los equipos alinearon de la siguiente manera:<\/p>\n<div class=\"lineups-container\">\n<style>\n                .lineups-container {\n                    display: flex;\n                    justify-content: space-around;\n                    flex-wrap: wrap;\n                }\n                .team-lineup {\n                    width: 49%;\n                    margin-bottom: 20px;\n                    border: 1px solid #ccc;\n                    padding: 5px;\n                }\n                .team-lineup h3 {\n                    text-align: center;\n                    margin-bottom: 10px;\n                }\n                .players-container {\n                    display: flex;\n                    justify-content: space-between;\n                }\n                .players-container div {\n                    width: 100%;\n                }\n                .player {\n                    display: flex;\n                    align-items: center;\n                    margin-bottom: 5px;\n                }\n                .player img {\n                    width: 30px;\n                    height: 30px;\n                    border-radius: 50%;\n                    margin-right: 10px;\n                }\n                    @media (max-width: 600px) {\n                    .team-lineup {\n                        width: 100%;\n                    }\n                }\n                <\/style>\n<div class=\"team-lineup\">\n<h3>Feyenoord<\/h3>\n<p><img decoding=\"async\" src=\"https:\/\/media.api-sports.io\/football\/teams\/209.png\" alt=\"Feyenoord\" style=\"width: 50px; height: 50px;\"><\/p>\n<div class=\"players-container\">\n<div>\n<h4>Titulares:<\/h4>\n<div class=\"player\"><a href=\"https:\/\/soccer.aidatasports.com\/es\/players\/Timon-Wellenreuther-36776\"><img decoding=\"async\" src=\"https:\/\/soccer.aidatasports.com\/images\/players\/36776.png\" alt=\"Timon Wellenreuther\" onerror=\"this.onerror=null;this.src='https:\/\/soccer.aidatasports.com\/images\/players\/default-player.png';\"><span>Timon Wellenreuther<\/span><\/a><\/div>\n<div class=\"player\"><a href=\"https:\/\/soccer.aidatasports.com\/es\/players\/Jeyland-Mitchell-297583\"><img decoding=\"async\" src=\"https:\/\/soccer.aidatasports.com\/images\/players\/297583.png\" alt=\"Jeyland Mitchell\" onerror=\"this.onerror=null;this.src='https:\/\/soccer.aidatasports.com\/images\/players\/default-player.png';\"><span>Jeyland Mitchell<\/span><\/a><\/div>\n<div class=\"player\"><a href=\"https:\/\/soccer.aidatasports.com\/es\/players\/Thomas-Beelen-328141\"><img decoding=\"async\" src=\"https:\/\/soccer.aidatasports.com\/images\/players\/328141.png\" alt=\"Thomas Beelen\" onerror=\"this.onerror=null;this.src='https:\/\/soccer.aidatasports.com\/images\/players\/default-player.png';\"><span>Thomas Beelen<\/span><\/a><\/div>\n<div class=\"player\"><a href=\"https:\/\/soccer.aidatasports.com\/es\/players\/D\u00e1vid-Hancko-30399\"><img decoding=\"async\" src=\"https:\/\/soccer.aidatasports.com\/images\/players\/30399.png\" alt=\"D\u00e1vid Hancko\" onerror=\"this.onerror=null;this.src='https:\/\/soccer.aidatasports.com\/images\/players\/default-player.png';\"><span>D\u00e1vid Hancko<\/span><\/a><\/div>\n<div class=\"player\"><a href=\"https:\/\/soccer.aidatasports.com\/es\/players\/Hugo-Bueno-280687\"><img decoding=\"async\" src=\"https:\/\/soccer.aidatasports.com\/images\/players\/280687.png\" alt=\"Hugo Bueno\" onerror=\"this.onerror=null;this.src='https:\/\/soccer.aidatasports.com\/images\/players\/default-player.png';\"><span>Hugo Bueno<\/span><\/a><\/div>\n<div class=\"player\"><a href=\"https:\/\/soccer.aidatasports.com\/es\/players\/Anis-Hadj-Moussa-326067\"><img decoding=\"async\" src=\"https:\/\/soccer.aidatasports.com\/images\/players\/326067.png\" alt=\"Anis Hadj Moussa\" onerror=\"this.onerror=null;this.src='https:\/\/soccer.aidatasports.com\/images\/players\/default-player.png';\"><span>Anis Hadj Moussa<\/span><\/a><\/div>\n<div class=\"player\"><a href=\"https:\/\/soccer.aidatasports.com\/es\/players\/Jakub-Moder-40911\"><img decoding=\"async\" src=\"https:\/\/soccer.aidatasports.com\/images\/players\/40911.png\" alt=\"Jakub Moder\" onerror=\"this.onerror=null;this.src='https:\/\/soccer.aidatasports.com\/images\/players\/default-player.png';\"><span>Jakub Moder<\/span><\/a><\/div>\n<div class=\"player\"><a href=\"https:\/\/soccer.aidatasports.com\/es\/players\/Gijs-Smal-37742\"><img decoding=\"async\" src=\"https:\/\/soccer.aidatasports.com\/images\/players\/37742.png\" alt=\"Gijs Smal\" onerror=\"this.onerror=null;this.src='https:\/\/soccer.aidatasports.com\/images\/players\/default-player.png';\"><span>Gijs Smal<\/span><\/a><\/div>\n<div class=\"player\"><a href=\"https:\/\/soccer.aidatasports.com\/es\/players\/Ibrahim-Osman-293643\"><img decoding=\"async\" src=\"https:\/\/soccer.aidatasports.com\/images\/players\/293643.png\" alt=\"Ibrahim Osman\" onerror=\"this.onerror=null;this.src='https:\/\/soccer.aidatasports.com\/images\/players\/default-player.png';\"><span>Ibrahim Osman<\/span><\/a><\/div>\n<div class=\"player\"><a href=\"https:\/\/soccer.aidatasports.com\/es\/players\/Igor-Paix\u00e3o-9363\"><img decoding=\"async\" src=\"https:\/\/soccer.aidatasports.com\/images\/players\/9363.png\" alt=\"Igor Paix\u00e3o\" onerror=\"this.onerror=null;this.src='https:\/\/soccer.aidatasports.com\/images\/players\/default-player.png';\"><span>Igor Paix\u00e3o<\/span><\/a><\/div>\n<div class=\"player\"><a href=\"https:\/\/soccer.aidatasports.com\/es\/players\/Juli\u00e1n-Carranza-6386\"><img decoding=\"async\" src=\"https:\/\/soccer.aidatasports.com\/images\/players\/6386.png\" alt=\"Juli\u00e1n Carranza\" onerror=\"this.onerror=null;this.src='https:\/\/soccer.aidatasports.com\/images\/players\/default-player.png';\"><span>Juli\u00e1n Carranza<\/span><\/a><\/div>\n<\/div>\n<div>\n<h4>Suplentes:<\/h4>\n<div class=\"player\"><a href=\"https:\/\/soccer.aidatasports.com\/es\/players\/Ayase-Ueda-72155\"><img decoding=\"async\" src=\"https:\/\/soccer.aidatasports.com\/images\/players\/72155.png\" alt=\"Ayase Ueda\" onerror=\"this.onerror=null;this.src='https:\/\/soccer.aidatasports.com\/images\/players\/default-player.png';\"><span>Ayase Ueda<\/span><\/a><\/div>\n<div class=\"player\"><a href=\"https:\/\/soccer.aidatasports.com\/es\/players\/Plamen-Andreev-315880\"><img decoding=\"async\" src=\"https:\/\/soccer.aidatasports.com\/images\/players\/315880.png\" alt=\"Plamen Andreev\" onerror=\"this.onerror=null;this.src='https:\/\/soccer.aidatasports.com\/images\/players\/default-player.png';\"><span>Plamen Andreev<\/span><\/a><\/div>\n<div class=\"player\"><a href=\"https:\/\/soccer.aidatasports.com\/es\/players\/Ismail-Ka-441274\"><img decoding=\"async\" src=\"https:\/\/soccer.aidatasports.com\/images\/players\/441274.png\" alt=\"Ismail Ka\" onerror=\"this.onerror=null;this.src='https:\/\/soccer.aidatasports.com\/images\/players\/default-player.png';\"><span>Ismail Ka<\/span><\/a><\/div>\n<div class=\"player\"><a href=\"https:\/\/soccer.aidatasports.com\/es\/players\/Jan-Plug-441221\"><img decoding=\"async\" src=\"https:\/\/soccer.aidatasports.com\/images\/players\/441221.png\" alt=\"Jan Plug\" onerror=\"this.onerror=null;this.src='https:\/\/soccer.aidatasports.com\/images\/players\/default-player.png';\"><span>Jan Plug<\/span><\/a><\/div>\n<div class=\"player\"><a href=\"https:\/\/soccer.aidatasports.com\/es\/players\/Djomar-Giersthove-441275\"><img decoding=\"async\" src=\"https:\/\/soccer.aidatasports.com\/images\/players\/441275.png\" alt=\"Djomar Giersthove\" onerror=\"this.onerror=null;this.src='https:\/\/soccer.aidatasports.com\/images\/players\/default-player.png';\"><span>Djomar Giersthove<\/span><\/a><\/div>\n<div class=\"player\"><a href=\"https:\/\/soccer.aidatasports.com\/es\/players\/Luka-Ivanu\u0161ec-14394\"><img decoding=\"async\" src=\"https:\/\/soccer.aidatasports.com\/images\/players\/14394.png\" alt=\"Luka Ivanu\u0161ec\" onerror=\"this.onerror=null;this.src='https:\/\/soccer.aidatasports.com\/images\/players\/default-player.png';\"><span>Luka Ivanu\u0161ec<\/span><\/a><\/div>\n<div class=\"player\"><a href=\"https:\/\/soccer.aidatasports.com\/es\/players\/Shiloh-'t-Zand-361888\"><img decoding=\"async\" src=\"https:\/\/soccer.aidatasports.com\/images\/players\/361888.png\" alt=\"Shiloh 't Zand\" onerror=\"this.onerror=null;this.src='https:\/\/soccer.aidatasports.com\/images\/players\/default-player.png';\"><span>Shiloh &#8216;t Zand<\/span><\/a><\/div>\n<div class=\"player\"><a href=\"https:\/\/soccer.aidatasports.com\/es\/players\/Thijs-Kraaijeveld-371228\"><img decoding=\"async\" src=\"https:\/\/soccer.aidatasports.com\/images\/players\/371228.png\" alt=\"Thijs Kraaijeveld\" onerror=\"this.onerror=null;this.src='https:\/\/soccer.aidatasports.com\/images\/players\/default-player.png';\"><span>Thijs Kraaijeveld<\/span><\/a><\/div>\n<div class=\"player\"><a href=\"https:\/\/soccer.aidatasports.com\/es\/players\/Zepiqueno-Redmond-371230\"><img decoding=\"async\" src=\"https:\/\/soccer.aidatasports.com\/images\/players\/371230.png\" alt=\"Zepiqueno Redmond\" onerror=\"this.onerror=null;this.src='https:\/\/soccer.aidatasports.com\/images\/players\/default-player.png';\"><span>Zepiqueno Redmond<\/span><\/a><\/div>\n<div class=\"player\"><a href=\"https:\/\/soccer.aidatasports.com\/es\/players\/Aymen-Sliti-412873\"><img decoding=\"async\" src=\"https:\/\/soccer.aidatasports.com\/images\/players\/412873.png\" alt=\"Aymen Sliti\" onerror=\"this.onerror=null;this.src='https:\/\/soccer.aidatasports.com\/images\/players\/default-player.png';\"><span>Aymen Sliti<\/span><\/a><\/div>\n<\/div>\n<\/div>\n<\/div>\n<div class=\"team-lineup\">\n<h3>Inter<\/h3>\n<p><img decoding=\"async\" src=\"https:\/\/media.api-sports.io\/football\/teams\/505.png\" alt=\"Inter\" style=\"width: 50px; height: 50px;\"><\/p>\n<div class=\"players-container\">\n<div>\n<h4>Titulares:<\/h4>\n<div class=\"player\"><a href=\"https:\/\/soccer.aidatasports.com\/es\/players\/Josep-Mart\u00ednez-46988\"><img decoding=\"async\" src=\"https:\/\/soccer.aidatasports.com\/images\/players\/46988.png\" alt=\"Josep Mart\u00ednez\" onerror=\"this.onerror=null;this.src='https:\/\/soccer.aidatasports.com\/images\/players\/default-player.png';\"><span>Josep Mart\u00ednez<\/span><\/a><\/div>\n<div class=\"player\"><a href=\"https:\/\/soccer.aidatasports.com\/es\/players\/Benjamin-Pavard-2725\"><img decoding=\"async\" src=\"https:\/\/soccer.aidatasports.com\/images\/players\/2725.png\" alt=\"Benjamin Pavard\" onerror=\"this.onerror=null;this.src='https:\/\/soccer.aidatasports.com\/images\/players\/default-player.png';\"><span>Benjamin Pavard<\/span><\/a><\/div>\n<div class=\"player\"><a href=\"https:\/\/soccer.aidatasports.com\/es\/players\/Stefan-de-Vrij-194\"><img decoding=\"async\" src=\"https:\/\/soccer.aidatasports.com\/images\/players\/194.png\" alt=\"Stefan de Vrij\" onerror=\"this.onerror=null;this.src='https:\/\/soccer.aidatasports.com\/images\/players\/default-player.png';\"><span>Stefan de Vrij<\/span><\/a><\/div>\n<div class=\"player\"><a href=\"https:\/\/soccer.aidatasports.com\/es\/players\/Francesco-Acerbi-1836\"><img decoding=\"async\" src=\"https:\/\/soccer.aidatasports.com\/images\/players\/1836.png\" alt=\"Francesco Acerbi\" onerror=\"this.onerror=null;this.src='https:\/\/soccer.aidatasports.com\/images\/players\/default-player.png';\"><span>Francesco Acerbi<\/span><\/a><\/div>\n<div class=\"player\"><a href=\"https:\/\/soccer.aidatasports.com\/es\/players\/Denzel-Dumfries-226\"><img decoding=\"async\" src=\"https:\/\/soccer.aidatasports.com\/images\/players\/226.png\" alt=\"Denzel Dumfries\" onerror=\"this.onerror=null;this.src='https:\/\/soccer.aidatasports.com\/images\/players\/default-player.png';\"><span>Denzel Dumfries<\/span><\/a><\/div>\n<div class=\"player\"><a href=\"https:\/\/soccer.aidatasports.com\/es\/players\/Nicol\u00f2-Barella-30558\"><img decoding=\"async\" src=\"https:\/\/soccer.aidatasports.com\/images\/players\/30558.png\" alt=\"Nicol\u00f2 Barella\" onerror=\"this.onerror=null;this.src='https:\/\/soccer.aidatasports.com\/images\/players\/default-player.png';\"><span>Nicol\u00f2 Barella<\/span><\/a><\/div>\n<div class=\"player\"><a href=\"https:\/\/soccer.aidatasports.com\/es\/players\/Kristjan-Asllani-275776\"><img decoding=\"async\" src=\"https:\/\/soccer.aidatasports.com\/images\/players\/275776.png\" alt=\"Kristjan Asllani\" onerror=\"this.onerror=null;this.src='https:\/\/soccer.aidatasports.com\/images\/players\/default-player.png';\"><span>Kristjan Asllani<\/span><\/a><\/div>\n<div class=\"player\"><a href=\"https:\/\/soccer.aidatasports.com\/es\/players\/Piotr-Zieli\u0144ski-329\"><img decoding=\"async\" src=\"https:\/\/soccer.aidatasports.com\/images\/players\/329.png\" alt=\"Piotr Zieli\u0144ski\" onerror=\"this.onerror=null;this.src='https:\/\/soccer.aidatasports.com\/images\/players\/default-player.png';\"><span>Piotr Zieli\u0144ski<\/span><\/a><\/div>\n<div class=\"player\"><a href=\"https:\/\/soccer.aidatasports.com\/es\/players\/Alessandro-Bastoni-31009\"><img decoding=\"async\" src=\"https:\/\/soccer.aidatasports.com\/images\/players\/31009.png\" alt=\"Alessandro Bastoni\" onerror=\"this.onerror=null;this.src='https:\/\/soccer.aidatasports.com\/images\/players\/default-player.png';\"><span>Alessandro Bastoni<\/span><\/a><\/div>\n<div class=\"player\"><a href=\"https:\/\/soccer.aidatasports.com\/es\/players\/Lautaro-Mart\u00ednez-217\"><img decoding=\"async\" src=\"https:\/\/soccer.aidatasports.com\/images\/players\/217.png\" alt=\"Lautaro Mart\u00ednez\" onerror=\"this.onerror=null;this.src='https:\/\/soccer.aidatasports.com\/images\/players\/default-player.png';\"><span>Lautaro Mart\u00ednez<\/span><\/a><\/div>\n<div class=\"player\"><a href=\"https:\/\/soccer.aidatasports.com\/es\/players\/Marcus-Thuram-21509\"><img decoding=\"async\" src=\"https:\/\/soccer.aidatasports.com\/images\/players\/21509.png\" alt=\"Marcus Thuram\" onerror=\"this.onerror=null;this.src='https:\/\/soccer.aidatasports.com\/images\/players\/default-player.png';\"><span>Marcus Thuram<\/span><\/a><\/div>\n<\/div>\n<div>\n<h4>Suplentes:<\/h4>\n<div class=\"player\"><a href=\"https:\/\/soccer.aidatasports.com\/es\/players\/Mehdi-Taremi-42315\"><img decoding=\"async\" src=\"https:\/\/soccer.aidatasports.com\/images\/players\/42315.png\" alt=\"Mehdi Taremi\" onerror=\"this.onerror=null;this.src='https:\/\/soccer.aidatasports.com\/images\/players\/default-player.png';\"><span>Mehdi Taremi<\/span><\/a><\/div>\n<div class=\"player\"><a href=\"https:\/\/soccer.aidatasports.com\/es\/players\/Yann-Bisseck-24953\"><img decoding=\"async\" src=\"https:\/\/soccer.aidatasports.com\/images\/players\/24953.png\" alt=\"Yann Bisseck\" onerror=\"this.onerror=null;this.src='https:\/\/soccer.aidatasports.com\/images\/players\/default-player.png';\"><span>Yann Bisseck<\/span><\/a><\/div>\n<div class=\"player\"><a href=\"https:\/\/soccer.aidatasports.com\/es\/players\/Davide-Frattesi-31173\"><img decoding=\"async\" src=\"https:\/\/soccer.aidatasports.com\/images\/players\/31173.png\" alt=\"Davide Frattesi\" onerror=\"this.onerror=null;this.src='https:\/\/soccer.aidatasports.com\/images\/players\/default-player.png';\"><span>Davide Frattesi<\/span><\/a><\/div>\n<div class=\"player\"><a href=\"https:\/\/soccer.aidatasports.com\/es\/players\/Hakan-\u00c7alhano\u011flu-1640\"><img decoding=\"async\" src=\"https:\/\/soccer.aidatasports.com\/images\/players\/1640.png\" alt=\"Hakan \u00c7alhano\u011flu\" onerror=\"this.onerror=null;this.src='https:\/\/soccer.aidatasports.com\/images\/players\/default-player.png';\"><span>Hakan \u00c7alhano\u011flu<\/span><\/a><\/div>\n<div class=\"player\"><a href=\"https:\/\/soccer.aidatasports.com\/es\/players\/Marko-Arnautovi\u0107-18830\"><img decoding=\"async\" src=\"https:\/\/soccer.aidatasports.com\/images\/players\/18830.png\" alt=\"Marko Arnautovi\u0107\" onerror=\"this.onerror=null;this.src='https:\/\/soccer.aidatasports.com\/images\/players\/default-player.png';\"><span>Marko Arnautovi\u0107<\/span><\/a><\/div>\n<div class=\"player\"><a href=\"https:\/\/soccer.aidatasports.com\/es\/players\/Raffaele-Di-Gennaro-91488\"><img decoding=\"async\" src=\"https:\/\/soccer.aidatasports.com\/images\/players\/91488.png\" alt=\"Raffaele Di Gennaro\" onerror=\"this.onerror=null;this.src='https:\/\/soccer.aidatasports.com\/images\/players\/default-player.png';\"><span>Raffaele Di Gennaro<\/span><\/a><\/div>\n<div class=\"player\"><a href=\"https:\/\/soccer.aidatasports.com\/es\/players\/Yann-Sommer-2802\"><img decoding=\"async\" src=\"https:\/\/soccer.aidatasports.com\/images\/players\/2802.png\" alt=\"Yann Sommer\" onerror=\"this.onerror=null;this.src='https:\/\/soccer.aidatasports.com\/images\/players\/default-player.png';\"><span>Yann Sommer<\/span><\/a><\/div>\n<div class=\"player\"><a href=\"https:\/\/soccer.aidatasports.com\/es\/players\/Mike-Aidoo-436263\"><img decoding=\"async\" src=\"https:\/\/soccer.aidatasports.com\/images\/players\/436263.png\" alt=\"Mike Aidoo\" onerror=\"this.onerror=null;this.src='https:\/\/soccer.aidatasports.com\/images\/players\/default-player.png';\"><span>Mike Aidoo<\/span><\/a><\/div>\n<div class=\"player\"><a href=\"https:\/\/soccer.aidatasports.com\/es\/players\/Matteo-Motta-441132\"><img decoding=\"async\" src=\"https:\/\/soccer.aidatasports.com\/images\/players\/441132.png\" alt=\"Matteo Motta\" onerror=\"this.onerror=null;this.src='https:\/\/soccer.aidatasports.com\/images\/players\/default-player.png';\"><span>Matteo Motta<\/span><\/a><\/div>\n<div class=\"player\"><a href=\"https:\/\/soccer.aidatasports.com\/es\/players\/Henrikh-Mkhitaryan-1457\"><img decoding=\"async\" src=\"https:\/\/soccer.aidatasports.com\/images\/players\/1457.png\" alt=\"Henrikh Mkhitaryan\" onerror=\"this.onerror=null;this.src='https:\/\/soccer.aidatasports.com\/images\/players\/default-player.png';\"><span>Henrikh Mkhitaryan<\/span><\/a><\/div>\n<div class=\"player\"><a href=\"https:\/\/soccer.aidatasports.com\/es\/players\/Daniele-Quieto-364643\"><img decoding=\"async\" src=\"https:\/\/soccer.aidatasports.com\/images\/players\/364643.png\" alt=\"Daniele Quieto\" onerror=\"this.onerror=null;this.src='https:\/\/soccer.aidatasports.com\/images\/players\/default-player.png';\"><span>Daniele Quieto<\/span><\/a><\/div>\n<\/div>\n<\/div>\n<\/div>\n<\/div>\n<div id=\"wg-api-football-game\"\n                    data-host=\"xxxxx\"\n                    data-key=\"xxxx\"\n                    data-id=\"1353174\"\n                    data-theme=\"\"\n                    data-refresh=\"15\"\n                    data-show-errors=\"false\"\n                    data-show-logos=\"true\"><br \/>\n                    class=\u00bbwg_loader\u00bb>\n                <\/div>\n<div id=\"wg-api-football-standings\"\n                    data-host=\"xxxx\"\n                    data-key=\"ddddd\"\n                    data-league=\"2\"\n                    data-team=\"\"\n                    data-season=\"2024\"\n                    data-theme=\"\"\n                    data-show-errors=\"false\"\n                    data-show-logos=\"true\"\n                    class=\"wg_loader\">\n                <\/div>\n<p>                <script\n                    type=\"module\"\n                    src=\"https:\/\/soccer.aidatasports.com\/wp-content\/customjs\/widgetslocal.js\">\n                <\/script><\/p>\n","protected":false},"excerpt":{"rendered":"<p>Espa\u00f1ol El Inter de Mil\u00e1n se impuso al Feyenoord con un contundente 3-0 en un&hellip;<\/p>\n","protected":false},"author":1,"featured_media":89385,"comment_status":"open","ping_status":"open","sticky":false,"template":"","format":"standard","meta":{"content-type":"","_lmt_disableupdate":"","_lmt_disable":"","_league":15837,"_fixture":1353174,"penci_pfeatured_image_ratio":"","penci_single_style":"","footnotes":""},"categories":[15837],"tags":[332,617],"class_list":["post-89386","post","type-post","status-publish","format-standard","has-post-thumbnail","hentry","category-matches","tag-feyenoord-netherlands-209","tag-inter-italy-505"],"_links":{"self":[{"href":"https:\/\/soccer.aidatasports.com\/es\/wp-json\/wp\/v2\/posts\/89386"}],"collection":[{"href":"https:\/\/soccer.aidatasports.com\/es\/wp-json\/wp\/v2\/posts"}],"about":[{"href":"https:\/\/soccer.aidatasports.com\/es\/wp-json\/wp\/v2\/types\/post"}],"author":[{"embeddable":true,"href":"https:\/\/soccer.aidatasports.com\/es\/wp-json\/wp\/v2\/users\/1"}],"replies":[{"embeddable":true,"href":"https:\/\/soccer.aidatasports.com\/es\/wp-json\/wp\/v2\/comments?post=89386"}],"version-history":[{"count":0,"href":"https:\/\/soccer.aidatasports.com\/es\/wp-json\/wp\/v2\/posts\/89386\/revisions"}],"wp:featuredmedia":[{"embeddable":true,"href":"https:\/\/soccer.aidatasports.com\/es\/wp-json\/wp\/v2\/media\/89385"}],"wp:attachment":[{"href":"https:\/\/soccer.aidatasports.com\/es\/wp-json\/wp\/v2\/media?parent=89386"}],"wp:term":[{"taxonomy":"category","embeddable":true,"href":"https:\/\/soccer.aidatasports.com\/es\/wp-json\/wp\/v2\/categories?post=89386"},{"taxonomy":"post_tag","embeddable":true,"href":"https:\/\/soccer.aidatasports.com\/es\/wp-json\/wp\/v2\/tags?post=89386"}],"curies":[{"name":"wp","href":"https:\/\/api.w.org\/{rel}","templated":true}]}}