{"id":89164,"date":"2025-03-02T22:05:00","date_gmt":"2025-03-02T22:05:00","guid":{"rendered":"https:\/\/soccer.aidatasports.com\/es\/uncategorized\/osasuna-vs-valencia-mar-02-2025-2000-utc\/"},"modified":"2025-03-02T22:05:00","modified_gmt":"2025-03-02T22:05:00","slug":"osasuna-vs-valencia-mar-02-2025-2000-utc","status":"publish","type":"post","link":"https:\/\/soccer.aidatasports.com\/es\/matches\/osasuna-vs-valencia-mar-02-2025-2000-utc\/","title":{"rendered":"Osasuna vs Valencia Mar 02 2025 20:00 UTC"},"content":{"rendered":"<p><strong>Espa\u00f1ol:<\/strong><\/p>\n<p>Osasuna y Valencia protagonizaron un emocionante encuentro en el Estadio El Sadar de Iru\u00f1ea, finalizando con un marcador de 4-3 a favor del equipo local.  El partido, correspondiente a la jornada 26 de La Liga 2024, estuvo lleno de alternativas. Valencia se adelant\u00f3 con un gol de D. Lopez al minuto 14, pero Osasuna respondi\u00f3 r\u00e1pidamente con un tanto de A. Oroz al 26. U. Sadiq puso de nuevo por delante al Valencia al 32&#8242;, pero antes del descanso, A. Oroz (39&#8242;) y A. Budimir (45&#8242;, de penalti) dieron la vuelta al marcador para Osasuna.  En la segunda mitad, U. Sadiq anot\u00f3 su segundo gol personal al 87&#8242;, pero no fue suficiente para evitar la derrota del Valencia.  Osasuna domin\u00f3 ligeramente la posesi\u00f3n (51%), mientras que Valencia realiz\u00f3 m\u00e1s tiros (12 contra 11).  Ambos equipos tuvieron 3 c\u00f3rners, pero Osasuna vio dos tarjetas amarillas, mientras que Valencia una. Un partido vibrante que no decepcion\u00f3 a los espectadores.<\/p>\n<p>Sustituciones en el equipo de osasuna: en el minuto 55 ingres\u00f3 K. Barja y sali\u00f3 A. Oroz, en el minuto 72 ingres\u00f3 I. Munoz y sali\u00f3 J. Moncayola, en el minuto 72 ingres\u00f3 J. Cruz y sali\u00f3 A. Bretones, en el minuto 73 ingres\u00f3 M. Gomez y sali\u00f3 B. Zaragoza, en el minuto 83 ingres\u00f3 R. Pena y sali\u00f3 J. Areso <\/p>\n<p>Sustituciones en el equipo de valencia: en el minuto 56 ingres\u00f3 R. Mir y sali\u00f3 Ivan Jaime, en el minuto 67 ingres\u00f3 A. Almeida y sali\u00f3 J. Guerra, en el minuto 67 ingres\u00f3 F. Perez y sali\u00f3 J. Gaya, en el minuto 80 ingres\u00f3 Pepelu y sali\u00f3 E. Barrenechea, en el minuto 80 ingres\u00f3 S. Canos y sali\u00f3 D. Lopez <\/p>\n<p>Los equipos alinearon de la siguiente manera:<\/p>\n<div class=\"lineups-container\">\n<style>\n                .lineups-container {\n                    display: flex;\n                    justify-content: space-around;\n                    flex-wrap: wrap;\n                }\n                .team-lineup {\n                    width: 49%;\n                    margin-bottom: 20px;\n                    border: 1px solid #ccc;\n                    padding: 5px;\n                }\n                .team-lineup h3 {\n                    text-align: center;\n                    margin-bottom: 10px;\n                }\n                .players-container {\n                    display: flex;\n                    justify-content: space-between;\n                }\n                .players-container div {\n                    width: 100%;\n                }\n                .player {\n                    display: flex;\n                    align-items: center;\n                    margin-bottom: 5px;\n                }\n                .player img {\n                    width: 30px;\n                    height: 30px;\n                    border-radius: 50%;\n                    margin-right: 10px;\n                }\n                    @media (max-width: 600px) {\n                    .team-lineup {\n                        width: 100%;\n                    }\n                }\n                <\/style>\n<div class=\"team-lineup\">\n<h3>Osasuna<\/h3>\n<p><img decoding=\"async\" src=\"https:\/\/media.api-sports.io\/football\/teams\/727.png\" alt=\"Osasuna\" style=\"width: 50px; height: 50px;\"><\/p>\n<div class=\"players-container\">\n<div>\n<h4>Titulares:<\/h4>\n<div class=\"player\"><a href=\"https:\/\/soccer.aidatasports.com\/es\/players\/Sergio-Herrera-46646\"><img decoding=\"async\" src=\"https:\/\/soccer.aidatasports.com\/images\/players\/46646.png\" alt=\"Sergio Herrera\" onerror=\"this.onerror=null;this.src='https:\/\/soccer.aidatasports.com\/images\/players\/default-player.png';\"><span>Sergio Herrera<\/span><\/a><\/div>\n<div class=\"player\"><a href=\"https:\/\/soccer.aidatasports.com\/es\/players\/Jes\u00fas-Areso-182181\"><img decoding=\"async\" src=\"https:\/\/soccer.aidatasports.com\/images\/players\/182181.png\" alt=\"Jes\u00fas Areso\" onerror=\"this.onerror=null;this.src='https:\/\/soccer.aidatasports.com\/images\/players\/default-player.png';\"><span>Jes\u00fas Areso<\/span><\/a><\/div>\n<div class=\"player\"><a href=\"https:\/\/soccer.aidatasports.com\/es\/players\/Flavien-Boyomo-279822\"><img decoding=\"async\" src=\"https:\/\/soccer.aidatasports.com\/images\/players\/279822.png\" alt=\"Flavien Boyomo\" onerror=\"this.onerror=null;this.src='https:\/\/soccer.aidatasports.com\/images\/players\/default-player.png';\"><span>Flavien Boyomo<\/span><\/a><\/div>\n<div class=\"player\"><a href=\"https:\/\/soccer.aidatasports.com\/es\/players\/Alejandro-Catena-47533\"><img decoding=\"async\" src=\"https:\/\/soccer.aidatasports.com\/images\/players\/47533.png\" alt=\"Alejandro Catena\" onerror=\"this.onerror=null;this.src='https:\/\/soccer.aidatasports.com\/images\/players\/default-player.png';\"><span>Alejandro Catena<\/span><\/a><\/div>\n<div class=\"player\"><a href=\"https:\/\/soccer.aidatasports.com\/es\/players\/Abel-Bretones-181259\"><img decoding=\"async\" src=\"https:\/\/soccer.aidatasports.com\/images\/players\/181259.png\" alt=\"Abel Bretones\" onerror=\"this.onerror=null;this.src='https:\/\/soccer.aidatasports.com\/images\/players\/default-player.png';\"><span>Abel Bretones<\/span><\/a><\/div>\n<div class=\"player\"><a href=\"https:\/\/soccer.aidatasports.com\/es\/players\/Jon-Moncayola-46662\"><img decoding=\"async\" src=\"https:\/\/soccer.aidatasports.com\/images\/players\/46662.png\" alt=\"Jon Moncayola\" onerror=\"this.onerror=null;this.src='https:\/\/soccer.aidatasports.com\/images\/players\/default-player.png';\"><span>Jon Moncayola<\/span><\/a><\/div>\n<div class=\"player\"><a href=\"https:\/\/soccer.aidatasports.com\/es\/players\/Lucas-Torr\u00f3-1825\"><img decoding=\"async\" src=\"https:\/\/soccer.aidatasports.com\/images\/players\/1825.png\" alt=\"Lucas Torr\u00f3\" onerror=\"this.onerror=null;this.src='https:\/\/soccer.aidatasports.com\/images\/players\/default-player.png';\"><span>Lucas Torr\u00f3<\/span><\/a><\/div>\n<div class=\"player\"><a href=\"https:\/\/soccer.aidatasports.com\/es\/players\/Rub\u00e9n-Garc\u00eda-46658\"><img decoding=\"async\" src=\"https:\/\/soccer.aidatasports.com\/images\/players\/46658.png\" alt=\"Rub\u00e9n Garc\u00eda\" onerror=\"this.onerror=null;this.src='https:\/\/soccer.aidatasports.com\/images\/players\/default-player.png';\"><span>Rub\u00e9n Garc\u00eda<\/span><\/a><\/div>\n<div class=\"player\"><a href=\"https:\/\/soccer.aidatasports.com\/es\/players\/Aimar-Oroz-67939\"><img decoding=\"async\" src=\"https:\/\/soccer.aidatasports.com\/images\/players\/67939.png\" alt=\"Aimar Oroz\" onerror=\"this.onerror=null;this.src='https:\/\/soccer.aidatasports.com\/images\/players\/default-player.png';\"><span>Aimar Oroz<\/span><\/a><\/div>\n<div class=\"player\"><a href=\"https:\/\/soccer.aidatasports.com\/es\/players\/Bryan-Zaragoza-286639\"><img decoding=\"async\" src=\"https:\/\/soccer.aidatasports.com\/images\/players\/286639.png\" alt=\"Bryan Zaragoza\" onerror=\"this.onerror=null;this.src='https:\/\/soccer.aidatasports.com\/images\/players\/default-player.png';\"><span>Bryan Zaragoza<\/span><\/a><\/div>\n<div class=\"player\"><a href=\"https:\/\/soccer.aidatasports.com\/es\/players\/Ante-Budimir-46746\"><img decoding=\"async\" src=\"https:\/\/soccer.aidatasports.com\/images\/players\/46746.png\" alt=\"Ante Budimir\" onerror=\"this.onerror=null;this.src='https:\/\/soccer.aidatasports.com\/images\/players\/default-player.png';\"><span>Ante Budimir<\/span><\/a><\/div>\n<\/div>\n<div>\n<h4>Suplentes:<\/h4>\n<div class=\"player\"><a href=\"https:\/\/soccer.aidatasports.com\/es\/players\/Kike-Barja-46667\"><img decoding=\"async\" src=\"https:\/\/soccer.aidatasports.com\/images\/players\/46667.png\" alt=\"Kike Barja\" onerror=\"this.onerror=null;this.src='https:\/\/soccer.aidatasports.com\/images\/players\/default-player.png';\"><span>Kike Barja<\/span><\/a><\/div>\n<div class=\"player\"><a href=\"https:\/\/soccer.aidatasports.com\/es\/players\/Juan-Cruz-46967\"><img decoding=\"async\" src=\"https:\/\/soccer.aidatasports.com\/images\/players\/46967.png\" alt=\"Juan Cruz\" onerror=\"this.onerror=null;this.src='https:\/\/soccer.aidatasports.com\/images\/players\/default-player.png';\"><span>Juan Cruz<\/span><\/a><\/div>\n<div class=\"player\"><a href=\"https:\/\/soccer.aidatasports.com\/es\/players\/Iker-Mu\u00f1oz-182621\"><img decoding=\"async\" src=\"https:\/\/soccer.aidatasports.com\/images\/players\/182621.png\" alt=\"Iker Mu\u00f1oz\" onerror=\"this.onerror=null;this.src='https:\/\/soccer.aidatasports.com\/images\/players\/default-player.png';\"><span>Iker Mu\u00f1oz<\/span><\/a><\/div>\n<div class=\"player\"><a href=\"https:\/\/soccer.aidatasports.com\/es\/players\/Moi-G\u00f3mez-47574\"><img decoding=\"async\" src=\"https:\/\/soccer.aidatasports.com\/images\/players\/47574.png\" alt=\"Moi G\u00f3mez\" onerror=\"this.onerror=null;this.src='https:\/\/soccer.aidatasports.com\/images\/players\/default-player.png';\"><span>Moi G\u00f3mez<\/span><\/a><\/div>\n<div class=\"player\"><a href=\"https:\/\/soccer.aidatasports.com\/es\/players\/Pablo-Valencia-182657\"><img decoding=\"async\" src=\"https:\/\/soccer.aidatasports.com\/images\/players\/182657.png\" alt=\"Pablo Valencia\" onerror=\"this.onerror=null;this.src='https:\/\/soccer.aidatasports.com\/images\/players\/default-player.png';\"><span>Pablo Valencia<\/span><\/a><\/div>\n<div class=\"player\"><a href=\"https:\/\/soccer.aidatasports.com\/es\/players\/Aitor-Fern\u00e1ndez-47448\"><img decoding=\"async\" src=\"https:\/\/soccer.aidatasports.com\/images\/players\/47448.png\" alt=\"Aitor Fern\u00e1ndez\" onerror=\"this.onerror=null;this.src='https:\/\/soccer.aidatasports.com\/images\/players\/default-player.png';\"><span>Aitor Fern\u00e1ndez<\/span><\/a><\/div>\n<div class=\"player\"><a href=\"https:\/\/soccer.aidatasports.com\/es\/players\/Jorge-Herrando-182592\"><img decoding=\"async\" src=\"https:\/\/soccer.aidatasports.com\/images\/players\/182592.png\" alt=\"Jorge Herrando\" onerror=\"this.onerror=null;this.src='https:\/\/soccer.aidatasports.com\/images\/players\/default-player.png';\"><span>Jorge Herrando<\/span><\/a><\/div>\n<div class=\"player\"><a href=\"https:\/\/soccer.aidatasports.com\/es\/players\/Unai-Garc\u00eda-46652\"><img decoding=\"async\" src=\"https:\/\/soccer.aidatasports.com\/images\/players\/46652.png\" alt=\"Unai Garc\u00eda\" onerror=\"this.onerror=null;this.src='https:\/\/soccer.aidatasports.com\/images\/players\/default-player.png';\"><span>Unai Garc\u00eda<\/span><\/a><\/div>\n<div class=\"player\"><a href=\"https:\/\/soccer.aidatasports.com\/es\/players\/Rub\u00e9n-Pe\u00f1a-47391\"><img decoding=\"async\" src=\"https:\/\/soccer.aidatasports.com\/images\/players\/47391.png\" alt=\"Rub\u00e9n Pe\u00f1a\" onerror=\"this.onerror=null;this.src='https:\/\/soccer.aidatasports.com\/images\/players\/default-player.png';\"><span>Rub\u00e9n Pe\u00f1a<\/span><\/a><\/div>\n<div class=\"player\"><a href=\"https:\/\/soccer.aidatasports.com\/es\/players\/Pablo-Ib\u00e1\u00f1ez-139001\"><img decoding=\"async\" src=\"https:\/\/soccer.aidatasports.com\/images\/players\/139001.png\" alt=\"Pablo Ib\u00e1\u00f1ez\" onerror=\"this.onerror=null;this.src='https:\/\/soccer.aidatasports.com\/images\/players\/default-player.png';\"><span>Pablo Ib\u00e1\u00f1ez<\/span><\/a><\/div>\n<div class=\"player\"><a href=\"https:\/\/soccer.aidatasports.com\/es\/players\/Ra\u00fal-Garc\u00eda-de-Haro-146751\"><img decoding=\"async\" src=\"https:\/\/soccer.aidatasports.com\/images\/players\/146751.png\" alt=\"Ra\u00fal Garc\u00eda de Haro\" onerror=\"this.onerror=null;this.src='https:\/\/soccer.aidatasports.com\/images\/players\/default-player.png';\"><span>Ra\u00fal Garc\u00eda de Haro<\/span><\/a><\/div>\n<div class=\"player\"><a href=\"https:\/\/soccer.aidatasports.com\/es\/players\/Jos\u00e9-Manuel-Arn\u00e1iz-47419\"><img decoding=\"async\" src=\"https:\/\/soccer.aidatasports.com\/images\/players\/47419.png\" alt=\"Jos\u00e9 Manuel Arn\u00e1iz\" onerror=\"this.onerror=null;this.src='https:\/\/soccer.aidatasports.com\/images\/players\/default-player.png';\"><span>Jos\u00e9 Manuel Arn\u00e1iz<\/span><\/a><\/div>\n<\/div>\n<\/div>\n<\/div>\n<div class=\"team-lineup\">\n<h3>Valencia<\/h3>\n<p><img decoding=\"async\" src=\"https:\/\/media.api-sports.io\/football\/teams\/532.png\" alt=\"Valencia\" style=\"width: 50px; height: 50px;\"><\/p>\n<div class=\"players-container\">\n<div>\n<h4>Titulares:<\/h4>\n<div class=\"player\"><a href=\"https:\/\/soccer.aidatasports.com\/es\/players\/Giorgi-Mamardashvili-24760\"><img decoding=\"async\" src=\"https:\/\/soccer.aidatasports.com\/images\/players\/24760.png\" alt=\"Giorgi Mamardashvili\" onerror=\"this.onerror=null;this.src='https:\/\/soccer.aidatasports.com\/images\/players\/default-player.png';\"><span>Giorgi Mamardashvili<\/span><\/a><\/div>\n<div class=\"player\"><a href=\"https:\/\/soccer.aidatasports.com\/es\/players\/Dimitri-Foulquier-47251\"><img decoding=\"async\" src=\"https:\/\/soccer.aidatasports.com\/images\/players\/47251.png\" alt=\"Dimitri Foulquier\" onerror=\"this.onerror=null;this.src='https:\/\/soccer.aidatasports.com\/images\/players\/default-player.png';\"><span>Dimitri Foulquier<\/span><\/a><\/div>\n<div class=\"player\"><a href=\"https:\/\/soccer.aidatasports.com\/es\/players\/C\u00e9sar-T\u00e1rrega-333672\"><img decoding=\"async\" src=\"https:\/\/soccer.aidatasports.com\/images\/players\/333672.png\" alt=\"C\u00e9sar T\u00e1rrega\" onerror=\"this.onerror=null;this.src='https:\/\/soccer.aidatasports.com\/images\/players\/default-player.png';\"><span>C\u00e9sar T\u00e1rrega<\/span><\/a><\/div>\n<div class=\"player\"><a href=\"https:\/\/soccer.aidatasports.com\/es\/players\/Cristhian-Mosquera-333682\"><img decoding=\"async\" src=\"https:\/\/soccer.aidatasports.com\/images\/players\/333682.png\" alt=\"Cristhian Mosquera\" onerror=\"this.onerror=null;this.src='https:\/\/soccer.aidatasports.com\/images\/players\/default-player.png';\"><span>Cristhian Mosquera<\/span><\/a><\/div>\n<div class=\"player\"><a href=\"https:\/\/soccer.aidatasports.com\/es\/players\/Jos\u00e9-Luis-Gay\u00e0-918\"><img decoding=\"async\" src=\"https:\/\/soccer.aidatasports.com\/images\/players\/918.png\" alt=\"Jos\u00e9 Luis Gay\u00e0\" onerror=\"this.onerror=null;this.src='https:\/\/soccer.aidatasports.com\/images\/players\/default-player.png';\"><span>Jos\u00e9 Luis Gay\u00e0<\/span><\/a><\/div>\n<div class=\"player\"><a href=\"https:\/\/soccer.aidatasports.com\/es\/players\/Javier-Guerra-315699\"><img decoding=\"async\" src=\"https:\/\/soccer.aidatasports.com\/images\/players\/315699.png\" alt=\"Javier Guerra\" onerror=\"this.onerror=null;this.src='https:\/\/soccer.aidatasports.com\/images\/players\/default-player.png';\"><span>Javier Guerra<\/span><\/a><\/div>\n<div class=\"player\"><a href=\"https:\/\/soccer.aidatasports.com\/es\/players\/Enzo-Barrenechea-158378\"><img decoding=\"async\" src=\"https:\/\/soccer.aidatasports.com\/images\/players\/158378.png\" alt=\"Enzo Barrenechea\" onerror=\"this.onerror=null;this.src='https:\/\/soccer.aidatasports.com\/images\/players\/default-player.png';\"><span>Enzo Barrenechea<\/span><\/a><\/div>\n<div class=\"player\"><a href=\"https:\/\/soccer.aidatasports.com\/es\/players\/Luis-Rioja-46933\"><img decoding=\"async\" src=\"https:\/\/soccer.aidatasports.com\/images\/players\/46933.png\" alt=\"Luis Rioja\" onerror=\"this.onerror=null;this.src='https:\/\/soccer.aidatasports.com\/images\/players\/default-player.png';\"><span>Luis Rioja<\/span><\/a><\/div>\n<div class=\"player\"><a href=\"https:\/\/soccer.aidatasports.com\/es\/players\/Iv\u00e1n-Jaime-46828\"><img decoding=\"async\" src=\"https:\/\/soccer.aidatasports.com\/images\/players\/46828.png\" alt=\"Iv\u00e1n Jaime\" onerror=\"this.onerror=null;this.src='https:\/\/soccer.aidatasports.com\/images\/players\/default-player.png';\"><span>Iv\u00e1n Jaime<\/span><\/a><\/div>\n<div class=\"player\"><a href=\"https:\/\/soccer.aidatasports.com\/es\/players\/Diego-L\u00f3pez-162127\"><img decoding=\"async\" src=\"https:\/\/soccer.aidatasports.com\/images\/players\/162127.png\" alt=\"Diego L\u00f3pez\" onerror=\"this.onerror=null;this.src='https:\/\/soccer.aidatasports.com\/images\/players\/default-player.png';\"><span>Diego L\u00f3pez<\/span><\/a><\/div>\n<div class=\"player\"><a href=\"https:\/\/soccer.aidatasports.com\/es\/players\/Umar-Sadiq-31406\"><img decoding=\"async\" src=\"https:\/\/soccer.aidatasports.com\/images\/players\/31406.png\" alt=\"Umar Sadiq\" onerror=\"this.onerror=null;this.src='https:\/\/soccer.aidatasports.com\/images\/players\/default-player.png';\"><span>Umar Sadiq<\/span><\/a><\/div>\n<\/div>\n<div>\n<h4>Suplentes:<\/h4>\n<div class=\"player\"><a href=\"https:\/\/soccer.aidatasports.com\/es\/players\/Rafa-Mir-47013\"><img decoding=\"async\" src=\"https:\/\/soccer.aidatasports.com\/images\/players\/47013.png\" alt=\"Rafa Mir\" onerror=\"this.onerror=null;this.src='https:\/\/soccer.aidatasports.com\/images\/players\/default-player.png';\"><span>Rafa Mir<\/span><\/a><\/div>\n<div class=\"player\"><a href=\"https:\/\/soccer.aidatasports.com\/es\/players\/Fran-P\u00e9rez-162931\"><img decoding=\"async\" src=\"https:\/\/soccer.aidatasports.com\/images\/players\/162931.png\" alt=\"Fran P\u00e9rez\" onerror=\"this.onerror=null;this.src='https:\/\/soccer.aidatasports.com\/images\/players\/default-player.png';\"><span>Fran P\u00e9rez<\/span><\/a><\/div>\n<div class=\"player\"><a href=\"https:\/\/soccer.aidatasports.com\/es\/players\/Andr\u00e9-Almeida-41157\"><img decoding=\"async\" src=\"https:\/\/soccer.aidatasports.com\/images\/players\/41157.png\" alt=\"Andr\u00e9 Almeida\" onerror=\"this.onerror=null;this.src='https:\/\/soccer.aidatasports.com\/images\/players\/default-player.png';\"><span>Andr\u00e9 Almeida<\/span><\/a><\/div>\n<div class=\"player\"><a href=\"https:\/\/soccer.aidatasports.com\/es\/players\/Stole-Dimitrievski-47527\"><img decoding=\"async\" src=\"https:\/\/soccer.aidatasports.com\/images\/players\/47527.png\" alt=\"Stole Dimitrievski\" onerror=\"this.onerror=null;this.src='https:\/\/soccer.aidatasports.com\/images\/players\/default-player.png';\"><span>Stole Dimitrievski<\/span><\/a><\/div>\n<div class=\"player\"><a href=\"https:\/\/soccer.aidatasports.com\/es\/players\/Jaume-Dom\u00e9nech-911\"><img decoding=\"async\" src=\"https:\/\/soccer.aidatasports.com\/images\/players\/911.png\" alt=\"Jaume Dom\u00e9nech\" onerror=\"this.onerror=null;this.src='https:\/\/soccer.aidatasports.com\/images\/players\/default-player.png';\"><span>Jaume Dom\u00e9nech<\/span><\/a><\/div>\n<div class=\"player\"><a href=\"https:\/\/soccer.aidatasports.com\/es\/players\/Jes\u00fas-V\u00e1zquez-162175\"><img decoding=\"async\" src=\"https:\/\/soccer.aidatasports.com\/images\/players\/162175.png\" alt=\"Jes\u00fas V\u00e1zquez\" onerror=\"this.onerror=null;this.src='https:\/\/soccer.aidatasports.com\/images\/players\/default-player.png';\"><span>Jes\u00fas V\u00e1zquez<\/span><\/a><\/div>\n<div class=\"player\"><a href=\"https:\/\/soccer.aidatasports.com\/es\/players\/Mouctar-Diakhaby-916\"><img decoding=\"async\" src=\"https:\/\/soccer.aidatasports.com\/images\/players\/916.png\" alt=\"Mouctar Diakhaby\" onerror=\"this.onerror=null;this.src='https:\/\/soccer.aidatasports.com\/images\/players\/default-player.png';\"><span>Mouctar Diakhaby<\/span><\/a><\/div>\n<div class=\"player\"><a href=\"https:\/\/soccer.aidatasports.com\/es\/players\/Yarek-Gasiorowski-361385\"><img decoding=\"async\" src=\"https:\/\/soccer.aidatasports.com\/images\/players\/361385.png\" alt=\"Yarek Gasiorowski\" onerror=\"this.onerror=null;this.src='https:\/\/soccer.aidatasports.com\/images\/players\/default-player.png';\"><span>Yarek Gasiorowski<\/span><\/a><\/div>\n<div class=\"player\"><a href=\"https:\/\/soccer.aidatasports.com\/es\/players\/Max-Aarons-19070\"><img decoding=\"async\" src=\"https:\/\/soccer.aidatasports.com\/images\/players\/19070.png\" alt=\"Max Aarons\" onerror=\"this.onerror=null;this.src='https:\/\/soccer.aidatasports.com\/images\/players\/default-player.png';\"><span>Max Aarons<\/span><\/a><\/div>\n<div class=\"player\"><a href=\"https:\/\/soccer.aidatasports.com\/es\/players\/Sergi-Can\u00f3s-19352\"><img decoding=\"async\" src=\"https:\/\/soccer.aidatasports.com\/images\/players\/19352.png\" alt=\"Sergi Can\u00f3s\" onerror=\"this.onerror=null;this.src='https:\/\/soccer.aidatasports.com\/images\/players\/default-player.png';\"><span>Sergi Can\u00f3s<\/span><\/a><\/div>\n<div class=\"player\"><a href=\"https:\/\/soccer.aidatasports.com\/es\/players\/Pepelu-47463\"><img decoding=\"async\" src=\"https:\/\/soccer.aidatasports.com\/images\/players\/47463.png\" alt=\"Pepelu\" onerror=\"this.onerror=null;this.src='https:\/\/soccer.aidatasports.com\/images\/players\/default-player.png';\"><span>Pepelu<\/span><\/a><\/div>\n<div class=\"player\"><a href=\"https:\/\/soccer.aidatasports.com\/es\/players\/Hugo-Guillam\u00f3n-919\"><img decoding=\"async\" src=\"https:\/\/soccer.aidatasports.com\/images\/players\/919.png\" alt=\"Hugo Guillam\u00f3n\" onerror=\"this.onerror=null;this.src='https:\/\/soccer.aidatasports.com\/images\/players\/default-player.png';\"><span>Hugo Guillam\u00f3n<\/span><\/a><\/div>\n<\/div>\n<\/div>\n<\/div>\n<\/div>\n<div id=\"wg-api-football-game\"\n                    data-host=\"xxxxx\"\n                    data-key=\"xxxx\"\n                    data-id=\"1208721\"\n                    data-theme=\"\"\n                    data-refresh=\"15\"\n                    data-show-errors=\"false\"\n                    data-show-logos=\"true\"><br \/>\n                    class=\u00bbwg_loader\u00bb>\n                <\/div>\n<div id=\"wg-api-football-standings\"\n                    data-host=\"xxxx\"\n                    data-key=\"ddddd\"\n                    data-league=\"140\"\n                    data-team=\"\"\n                    data-season=\"2024\"\n                    data-theme=\"\"\n                    data-show-errors=\"false\"\n                    data-show-logos=\"true\"\n                    class=\"wg_loader\">\n                <\/div>\n<p>                <script\n                    type=\"module\"\n                    src=\"https:\/\/soccer.aidatasports.com\/wp-content\/customjs\/widgetslocal.js\">\n                <\/script><\/p>\n","protected":false},"excerpt":{"rendered":"<p>Espa\u00f1ol: Osasuna y Valencia protagonizaron un emocionante encuentro en el Estadio El Sadar de Iru\u00f1ea,&hellip;<\/p>\n","protected":false},"author":1,"featured_media":89163,"comment_status":"open","ping_status":"open","sticky":false,"template":"","format":"standard","meta":{"content-type":"","_lmt_disableupdate":"","_lmt_disable":"","_league":15837,"_fixture":1208721,"penci_pfeatured_image_ratio":"","penci_single_style":"","footnotes":""},"categories":[15837],"tags":[812,643],"class_list":["post-89164","post","type-post","status-publish","format-standard","has-post-thumbnail","hentry","category-matches","tag-osasuna-spain-727","tag-valencia-spain-532"],"_links":{"self":[{"href":"https:\/\/soccer.aidatasports.com\/es\/wp-json\/wp\/v2\/posts\/89164"}],"collection":[{"href":"https:\/\/soccer.aidatasports.com\/es\/wp-json\/wp\/v2\/posts"}],"about":[{"href":"https:\/\/soccer.aidatasports.com\/es\/wp-json\/wp\/v2\/types\/post"}],"author":[{"embeddable":true,"href":"https:\/\/soccer.aidatasports.com\/es\/wp-json\/wp\/v2\/users\/1"}],"replies":[{"embeddable":true,"href":"https:\/\/soccer.aidatasports.com\/es\/wp-json\/wp\/v2\/comments?post=89164"}],"version-history":[{"count":0,"href":"https:\/\/soccer.aidatasports.com\/es\/wp-json\/wp\/v2\/posts\/89164\/revisions"}],"wp:featuredmedia":[{"embeddable":true,"href":"https:\/\/soccer.aidatasports.com\/es\/wp-json\/wp\/v2\/media\/89163"}],"wp:attachment":[{"href":"https:\/\/soccer.aidatasports.com\/es\/wp-json\/wp\/v2\/media?parent=89164"}],"wp:term":[{"taxonomy":"category","embeddable":true,"href":"https:\/\/soccer.aidatasports.com\/es\/wp-json\/wp\/v2\/categories?post=89164"},{"taxonomy":"post_tag","embeddable":true,"href":"https:\/\/soccer.aidatasports.com\/es\/wp-json\/wp\/v2\/tags?post=89164"}],"curies":[{"name":"wp","href":"https:\/\/api.w.org\/{rel}","templated":true}]}}