{"id":85253,"date":"2024-12-14T21:40:22","date_gmt":"2024-12-14T21:40:22","guid":{"rendered":"https:\/\/soccer.aidatasports.com\/es\/uncategorized\/kortrijk-vs-dender-dec-14-2024-1945-utc\/"},"modified":"2024-12-14T21:40:22","modified_gmt":"2024-12-14T21:40:22","slug":"kortrijk-vs-dender-dec-14-2024-1945-utc","status":"publish","type":"post","link":"https:\/\/soccer.aidatasports.com\/es\/matches\/kortrijk-vs-dender-dec-14-2024-1945-utc\/","title":{"rendered":"Kortrijk vs Dender Dec 14 2024 19:45 UTC"},"content":{"rendered":"<p><strong>Espa\u00f1ol<\/strong><\/p>\n<p>KV Kortrijk sufri\u00f3 una contundente derrota en casa ante KVV Dender EH por 0-3 en un partido de la Jupiler Pro League disputado en el Guldensporenstadion de Kortrijk el 14 de diciembre de 2024.  A pesar de dominar la posesi\u00f3n con un 62%, el equipo local apenas inquiet\u00f3 la porter\u00eda rival, registrando solo un disparo entre los tres palos.  En cambio, Dender EH, con un 38% de posesi\u00f3n, demostr\u00f3 una mayor efectividad, anotando tres goles.  M. Berte abri\u00f3 el marcador al minuto 15, seguido por un doblete de A. Scheidler a los 17 y 45 minutos.  El partido estuvo marcado por la superioridad del equipo visitante, que se llev\u00f3 la victoria a pesar de recibir tres tarjetas amarillas, mientras que Kortrijk vio una amonestaci\u00f3n.  Las estad\u00edsticas reflejan la ineficacia del ataque local frente a la contundencia de su rival.<\/p>\n<p>Sustituciones en el equipo de kortrijk: en el minuto 46 ingres\u00f3 G. Dewaele y sali\u00f3 J. Silva, en el minuto 46 ingres\u00f3 T. Ambrose y sali\u00f3 T. Takamine, en el minuto 72 ingres\u00f3 M. Bruno y sali\u00f3 B. Dejaegere, en el minuto 72 ingres\u00f3 A. Sissako y sali\u00f3 B. Messaoudi, en el minuto 90 ingres\u00f3 I. Fossum y sali\u00f3 A. Kadri <\/p>\n<p>Sustituciones en el equipo de dender: en el minuto 62 ingres\u00f3 B. Nsimba y sali\u00f3 M. Berte, en el minuto 62 ingres\u00f3 M. Viltard y sali\u00f3 R. Oratmangoen, en el minuto 76 ingres\u00f3 J. Soladio y sali\u00f3 A. Scheidler, en el minuto 76 ingres\u00f3 D. Acquah y sali\u00f3 R. Kvet <\/p>\n<p>Los equipos alinearon de la siguiente manera:<\/p>\n<div class=\"lineups-container\">\n<style>\n                .lineups-container {\n                    display: flex;\n                    justify-content: space-around;\n                    flex-wrap: wrap;\n                }\n                .team-lineup {\n                    width: 49%;\n                    margin-bottom: 20px;\n                    border: 1px solid #ccc;\n                    padding: 5px;\n                }\n                .team-lineup h3 {\n                    text-align: center;\n                    margin-bottom: 10px;\n                }\n                .players-container {\n                    display: flex;\n                    justify-content: space-between;\n                }\n                .players-container div {\n                    width: 100%;\n                }\n                .player {\n                    display: flex;\n                    align-items: center;\n                    margin-bottom: 5px;\n                }\n                .player img {\n                    width: 30px;\n                    height: 30px;\n                    border-radius: 50%;\n                    margin-right: 10px;\n                }\n                    @media (max-width: 600px) {\n                    .team-lineup {\n                        width: 100%;\n                    }\n                }\n                <\/style>\n<div class=\"team-lineup\">\n<h3>Kortrijk<\/h3>\n<p><img decoding=\"async\" src=\"https:\/\/media.api-sports.io\/football\/teams\/734.png\" alt=\"Kortrijk\" style=\"width: 50px; height: 50px;\"><\/p>\n<div class=\"players-container\">\n<div>\n<h4>Titulares:<\/h4>\n<div class=\"player\"><a href=\"https:\/\/soccer.aidatasports.com\/es\/players\/Tom-Vandenberghe-131953\"><img decoding=\"async\" src=\"https:\/\/soccer.aidatasports.com\/images\/players\/131953.png\" alt=\"Tom Vandenberghe\" onerror=\"this.onerror=null;this.src='https:\/\/soccer.aidatasports.com\/images\/players\/default-player.png';\"><span>Tom Vandenberghe<\/span><\/a><\/div>\n<div class=\"player\"><a href=\"https:\/\/soccer.aidatasports.com\/es\/players\/Haruya-Fujii-32882\"><img decoding=\"async\" src=\"https:\/\/soccer.aidatasports.com\/images\/players\/32882.png\" alt=\"Haruya Fujii\" onerror=\"this.onerror=null;this.src='https:\/\/soccer.aidatasports.com\/images\/players\/default-player.png';\"><span>Haruya Fujii<\/span><\/a><\/div>\n<div class=\"player\"><a href=\"https:\/\/soccer.aidatasports.com\/es\/players\/Jo\u00e3o-Silva-163482\"><img decoding=\"async\" src=\"https:\/\/soccer.aidatasports.com\/images\/players\/163482.png\" alt=\"Jo\u00e3o Silva\" onerror=\"this.onerror=null;this.src='https:\/\/soccer.aidatasports.com\/images\/players\/default-player.png';\"><span>Jo\u00e3o Silva<\/span><\/a><\/div>\n<div class=\"player\"><a href=\"https:\/\/soccer.aidatasports.com\/es\/players\/Bram-Lagae-348241\"><img decoding=\"async\" src=\"https:\/\/soccer.aidatasports.com\/images\/players\/348241.png\" alt=\"Bram Lagae\" onerror=\"this.onerror=null;this.src='https:\/\/soccer.aidatasports.com\/images\/players\/default-player.png';\"><span>Bram Lagae<\/span><\/a><\/div>\n<div class=\"player\"><a href=\"https:\/\/soccer.aidatasports.com\/es\/players\/Nayel-Mehssatou-321747\"><img decoding=\"async\" src=\"https:\/\/soccer.aidatasports.com\/images\/players\/321747.png\" alt=\"Nayel Mehssatou\" onerror=\"this.onerror=null;this.src='https:\/\/soccer.aidatasports.com\/images\/players\/default-player.png';\"><span>Nayel Mehssatou<\/span><\/a><\/div>\n<div class=\"player\"><a href=\"https:\/\/soccer.aidatasports.com\/es\/players\/Brecht-Dejaegere-8482\"><img decoding=\"async\" src=\"https:\/\/soccer.aidatasports.com\/images\/players\/8482.png\" alt=\"Brecht Dejaegere\" onerror=\"this.onerror=null;this.src='https:\/\/soccer.aidatasports.com\/images\/players\/default-player.png';\"><span>Brecht Dejaegere<\/span><\/a><\/div>\n<div class=\"player\"><a href=\"https:\/\/soccer.aidatasports.com\/es\/players\/Abdelkahar-Kadri-129867\"><img decoding=\"async\" src=\"https:\/\/soccer.aidatasports.com\/images\/players\/129867.png\" alt=\"Abdelkahar Kadri\" onerror=\"this.onerror=null;this.src='https:\/\/soccer.aidatasports.com\/images\/players\/default-player.png';\"><span>Abdelkahar Kadri<\/span><\/a><\/div>\n<div class=\"player\"><a href=\"https:\/\/soccer.aidatasports.com\/es\/players\/Tomoki-Takamine-32994\"><img decoding=\"async\" src=\"https:\/\/soccer.aidatasports.com\/images\/players\/32994.png\" alt=\"Tomoki Takamine\" onerror=\"this.onerror=null;this.src='https:\/\/soccer.aidatasports.com\/images\/players\/default-player.png';\"><span>Tomoki Takamine<\/span><\/a><\/div>\n<div class=\"player\"><a href=\"https:\/\/soccer.aidatasports.com\/es\/players\/Dion-De-Neve-324097\"><img decoding=\"async\" src=\"https:\/\/soccer.aidatasports.com\/images\/players\/324097.png\" alt=\"Dion De Neve\" onerror=\"this.onerror=null;this.src='https:\/\/soccer.aidatasports.com\/images\/players\/default-player.png';\"><span>Dion De Neve<\/span><\/a><\/div>\n<div class=\"player\"><a href=\"https:\/\/soccer.aidatasports.com\/es\/players\/Billal-Messaoudi-74741\"><img decoding=\"async\" src=\"https:\/\/soccer.aidatasports.com\/images\/players\/74741.png\" alt=\"Billal Messaoudi\" onerror=\"this.onerror=null;this.src='https:\/\/soccer.aidatasports.com\/images\/players\/default-player.png';\"><span>Billal Messaoudi<\/span><\/a><\/div>\n<div class=\"player\"><a href=\"https:\/\/soccer.aidatasports.com\/es\/players\/Nacho-Ferri-353943\"><img decoding=\"async\" src=\"https:\/\/soccer.aidatasports.com\/images\/players\/353943.png\" alt=\"Nacho Ferri\" onerror=\"this.onerror=null;this.src='https:\/\/soccer.aidatasports.com\/images\/players\/default-player.png';\"><span>Nacho Ferri<\/span><\/a><\/div>\n<\/div>\n<div>\n<h4>Suplentes:<\/h4>\n<div class=\"player\"><a href=\"https:\/\/soccer.aidatasports.com\/es\/players\/Gilles-Dewaele-8980\"><img decoding=\"async\" src=\"https:\/\/soccer.aidatasports.com\/images\/players\/8980.png\" alt=\"Gilles Dewaele\" onerror=\"this.onerror=null;this.src='https:\/\/soccer.aidatasports.com\/images\/players\/default-player.png';\"><span>Gilles Dewaele<\/span><\/a><\/div>\n<div class=\"player\"><a href=\"https:\/\/soccer.aidatasports.com\/es\/players\/Thierry-Ambrose-20673\"><img decoding=\"async\" src=\"https:\/\/soccer.aidatasports.com\/images\/players\/20673.png\" alt=\"Thierry Ambrose\" onerror=\"this.onerror=null;this.src='https:\/\/soccer.aidatasports.com\/images\/players\/default-player.png';\"><span>Thierry Ambrose<\/span><\/a><\/div>\n<div class=\"player\"><a href=\"https:\/\/soccer.aidatasports.com\/es\/players\/Patrik-Sigurdur-Gunnarsson-19343\"><img decoding=\"async\" src=\"https:\/\/soccer.aidatasports.com\/images\/players\/19343.png\" alt=\"Patrik Sigurdur Gunnarsson\" onerror=\"this.onerror=null;this.src='https:\/\/soccer.aidatasports.com\/images\/players\/default-player.png';\"><span>Patrik Sigurdur Gunnarsson<\/span><\/a><\/div>\n<div class=\"player\"><a href=\"https:\/\/soccer.aidatasports.com\/es\/players\/Ryan-Alebiosu-278107\"><img decoding=\"async\" src=\"https:\/\/soccer.aidatasports.com\/images\/players\/278107.png\" alt=\"Ryan Alebiosu\" onerror=\"this.onerror=null;this.src='https:\/\/soccer.aidatasports.com\/images\/players\/default-player.png';\"><span>Ryan Alebiosu<\/span><\/a><\/div>\n<div class=\"player\"><a href=\"https:\/\/soccer.aidatasports.com\/es\/players\/Iver-Fossum-25378\"><img decoding=\"async\" src=\"https:\/\/soccer.aidatasports.com\/images\/players\/25378.png\" alt=\"Iver Fossum\" onerror=\"this.onerror=null;this.src='https:\/\/soccer.aidatasports.com\/images\/players\/default-player.png';\"><span>Iver Fossum<\/span><\/a><\/div>\n<div class=\"player\"><a href=\"https:\/\/soccer.aidatasports.com\/es\/players\/Massimo-Bruno-8561\"><img decoding=\"async\" src=\"https:\/\/soccer.aidatasports.com\/images\/players\/8561.png\" alt=\"Massimo Bruno\" onerror=\"this.onerror=null;this.src='https:\/\/soccer.aidatasports.com\/images\/players\/default-player.png';\"><span>Massimo Bruno<\/span><\/a><\/div>\n<div class=\"player\"><a href=\"https:\/\/soccer.aidatasports.com\/es\/players\/Abdoulaye-Sissako-20839\"><img decoding=\"async\" src=\"https:\/\/soccer.aidatasports.com\/images\/players\/20839.png\" alt=\"Abdoulaye Sissako\" onerror=\"this.onerror=null;this.src='https:\/\/soccer.aidatasports.com\/images\/players\/default-player.png';\"><span>Abdoulaye Sissako<\/span><\/a><\/div>\n<div class=\"player\"><a href=\"https:\/\/soccer.aidatasports.com\/es\/players\/Nathan-Huygevelde-374124\"><img decoding=\"async\" src=\"https:\/\/soccer.aidatasports.com\/images\/players\/374124.png\" alt=\"Nathan Huygevelde\" onerror=\"this.onerror=null;this.src='https:\/\/soccer.aidatasports.com\/images\/players\/default-player.png';\"><span>Nathan Huygevelde<\/span><\/a><\/div>\n<div class=\"player\"><a href=\"https:\/\/soccer.aidatasports.com\/es\/players\/Leko-Verbauwhede-455757\"><img decoding=\"async\" src=\"https:\/\/soccer.aidatasports.com\/images\/players\/455757.png\" alt=\"Leko Verbauwhede\" onerror=\"this.onerror=null;this.src='https:\/\/soccer.aidatasports.com\/images\/players\/default-player.png';\"><span>Leko Verbauwhede<\/span><\/a><\/div>\n<\/div>\n<\/div>\n<\/div>\n<div class=\"team-lineup\">\n<h3>Dender<\/h3>\n<p><img decoding=\"async\" src=\"https:\/\/media.api-sports.io\/football\/teams\/6215.png\" alt=\"Dender\" style=\"width: 50px; height: 50px;\"><\/p>\n<div class=\"players-container\">\n<div>\n<h4>Titulares:<\/h4>\n<div class=\"player\"><a href=\"https:\/\/soccer.aidatasports.com\/es\/players\/Michael-Verrips-8924\"><img decoding=\"async\" src=\"https:\/\/soccer.aidatasports.com\/images\/players\/8924.png\" alt=\"Michael Verrips\" onerror=\"this.onerror=null;this.src='https:\/\/soccer.aidatasports.com\/images\/players\/default-player.png';\"><span>Michael Verrips<\/span><\/a><\/div>\n<div class=\"player\"><a href=\"https:\/\/soccer.aidatasports.com\/es\/players\/Gilles-Ruyssen-79133\"><img decoding=\"async\" src=\"https:\/\/soccer.aidatasports.com\/images\/players\/79133.png\" alt=\"Gilles Ruyssen\" onerror=\"this.onerror=null;this.src='https:\/\/soccer.aidatasports.com\/images\/players\/default-player.png';\"><span>Gilles Ruyssen<\/span><\/a><\/div>\n<div class=\"player\"><a href=\"https:\/\/soccer.aidatasports.com\/es\/players\/Kobe-Cools-134694\"><img decoding=\"async\" src=\"https:\/\/soccer.aidatasports.com\/images\/players\/134694.png\" alt=\"Kobe Cools\" onerror=\"this.onerror=null;this.src='https:\/\/soccer.aidatasports.com\/images\/players\/default-player.png';\"><span>Kobe Cools<\/span><\/a><\/div>\n<div class=\"player\"><a href=\"https:\/\/soccer.aidatasports.com\/es\/players\/Joedrick-Pupe-37671\"><img decoding=\"async\" src=\"https:\/\/soccer.aidatasports.com\/images\/players\/37671.png\" alt=\"Joedrick Pupe\" onerror=\"this.onerror=null;this.src='https:\/\/soccer.aidatasports.com\/images\/players\/default-player.png';\"><span>Joedrick Pupe<\/span><\/a><\/div>\n<div class=\"player\"><a href=\"https:\/\/soccer.aidatasports.com\/es\/players\/David-Hrn\u010d\u00e1r-98855\"><img decoding=\"async\" src=\"https:\/\/soccer.aidatasports.com\/images\/players\/98855.png\" alt=\"David Hrn\u010d\u00e1r\" onerror=\"this.onerror=null;this.src='https:\/\/soccer.aidatasports.com\/images\/players\/default-player.png';\"><span>David Hrn\u010d\u00e1r<\/span><\/a><\/div>\n<div class=\"player\"><a href=\"https:\/\/soccer.aidatasports.com\/es\/players\/Roman-Kvet-66175\"><img decoding=\"async\" src=\"https:\/\/soccer.aidatasports.com\/images\/players\/66175.png\" alt=\"Roman Kvet\" onerror=\"this.onerror=null;this.src='https:\/\/soccer.aidatasports.com\/images\/players\/default-player.png';\"><span>Roman Kvet<\/span><\/a><\/div>\n<div class=\"player\"><a href=\"https:\/\/soccer.aidatasports.com\/es\/players\/Nathan-Rodes-8569\"><img decoding=\"async\" src=\"https:\/\/soccer.aidatasports.com\/images\/players\/8569.png\" alt=\"Nathan Rodes\" onerror=\"this.onerror=null;this.src='https:\/\/soccer.aidatasports.com\/images\/players\/default-player.png';\"><span>Nathan Rodes<\/span><\/a><\/div>\n<div class=\"player\"><a href=\"https:\/\/soccer.aidatasports.com\/es\/players\/Ragnar-Oratmangoen-37839\"><img decoding=\"async\" src=\"https:\/\/soccer.aidatasports.com\/images\/players\/37839.png\" alt=\"Ragnar Oratmangoen\" onerror=\"this.onerror=null;this.src='https:\/\/soccer.aidatasports.com\/images\/players\/default-player.png';\"><span>Ragnar Oratmangoen<\/span><\/a><\/div>\n<div class=\"player\"><a href=\"https:\/\/soccer.aidatasports.com\/es\/players\/Fabio-Ferraro-338230\"><img decoding=\"async\" src=\"https:\/\/soccer.aidatasports.com\/images\/players\/338230.png\" alt=\"Fabio Ferraro\" onerror=\"this.onerror=null;this.src='https:\/\/soccer.aidatasports.com\/images\/players\/default-player.png';\"><span>Fabio Ferraro<\/span><\/a><\/div>\n<div class=\"player\"><a href=\"https:\/\/soccer.aidatasports.com\/es\/players\/Mohamed-Berte-315025\"><img decoding=\"async\" src=\"https:\/\/soccer.aidatasports.com\/images\/players\/315025.png\" alt=\"Mohamed Berte\" onerror=\"this.onerror=null;this.src='https:\/\/soccer.aidatasports.com\/images\/players\/default-player.png';\"><span>Mohamed Berte<\/span><\/a><\/div>\n<div class=\"player\"><a href=\"https:\/\/soccer.aidatasports.com\/es\/players\/Aur\u00e9lien-Scheidler-20733\"><img decoding=\"async\" src=\"https:\/\/soccer.aidatasports.com\/images\/players\/20733.png\" alt=\"Aur\u00e9lien Scheidler\" onerror=\"this.onerror=null;this.src='https:\/\/soccer.aidatasports.com\/images\/players\/default-player.png';\"><span>Aur\u00e9lien Scheidler<\/span><\/a><\/div>\n<\/div>\n<div>\n<h4>Suplentes:<\/h4>\n<div class=\"player\"><a href=\"https:\/\/soccer.aidatasports.com\/es\/players\/Malcolm-Viltard-193719\"><img decoding=\"async\" src=\"https:\/\/soccer.aidatasports.com\/images\/players\/193719.png\" alt=\"Malcolm Viltard\" onerror=\"this.onerror=null;this.src='https:\/\/soccer.aidatasports.com\/images\/players\/default-player.png';\"><span>Malcolm Viltard<\/span><\/a><\/div>\n<div class=\"player\"><a href=\"https:\/\/soccer.aidatasports.com\/es\/players\/Bruny-Nsimba-267723\"><img decoding=\"async\" src=\"https:\/\/soccer.aidatasports.com\/images\/players\/267723.png\" alt=\"Bruny Nsimba\" onerror=\"this.onerror=null;this.src='https:\/\/soccer.aidatasports.com\/images\/players\/default-player.png';\"><span>Bruny Nsimba<\/span><\/a><\/div>\n<div class=\"player\"><a href=\"https:\/\/soccer.aidatasports.com\/es\/players\/Guillaume-Dietsch-20518\"><img decoding=\"async\" src=\"https:\/\/soccer.aidatasports.com\/images\/players\/20518.png\" alt=\"Guillaume Dietsch\" onerror=\"this.onerror=null;this.src='https:\/\/soccer.aidatasports.com\/images\/players\/default-player.png';\"><span>Guillaume Dietsch<\/span><\/a><\/div>\n<div class=\"player\"><a href=\"https:\/\/soccer.aidatasports.com\/es\/players\/Ridwane-M'Barki-76681\"><img decoding=\"async\" src=\"https:\/\/soccer.aidatasports.com\/images\/players\/76681.png\" alt=\"Ridwane M'Barki\" onerror=\"this.onerror=null;this.src='https:\/\/soccer.aidatasports.com\/images\/players\/default-player.png';\"><span>Ridwane M&#8217;Barki<\/span><\/a><\/div>\n<div class=\"player\"><a href=\"https:\/\/soccer.aidatasports.com\/es\/players\/Bryan-Goncalves-87037\"><img decoding=\"async\" src=\"https:\/\/soccer.aidatasports.com\/images\/players\/87037.png\" alt=\"Bryan Goncalves\" onerror=\"this.onerror=null;this.src='https:\/\/soccer.aidatasports.com\/images\/players\/default-player.png';\"><span>Bryan Goncalves<\/span><\/a><\/div>\n<div class=\"player\"><a href=\"https:\/\/soccer.aidatasports.com\/es\/players\/Desmond-Acquah-373826\"><img decoding=\"async\" src=\"https:\/\/soccer.aidatasports.com\/images\/players\/373826.png\" alt=\"Desmond Acquah\" onerror=\"this.onerror=null;this.src='https:\/\/soccer.aidatasports.com\/images\/players\/default-player.png';\"><span>Desmond Acquah<\/span><\/a><\/div>\n<div class=\"player\"><a href=\"https:\/\/soccer.aidatasports.com\/es\/players\/Dembo-Sylla-193507\"><img decoding=\"async\" src=\"https:\/\/soccer.aidatasports.com\/images\/players\/193507.png\" alt=\"Dembo Sylla\" onerror=\"this.onerror=null;this.src='https:\/\/soccer.aidatasports.com\/images\/players\/default-player.png';\"><span>Dembo Sylla<\/span><\/a><\/div>\n<div class=\"player\"><a href=\"https:\/\/soccer.aidatasports.com\/es\/players\/Jordy-Soladio-122207\"><img decoding=\"async\" src=\"https:\/\/soccer.aidatasports.com\/images\/players\/122207.png\" alt=\"Jordy Soladio\" onerror=\"this.onerror=null;this.src='https:\/\/soccer.aidatasports.com\/images\/players\/default-player.png';\"><span>Jordy Soladio<\/span><\/a><\/div>\n<div class=\"player\"><a href=\"https:\/\/soccer.aidatasports.com\/es\/players\/Ali-Akman-50242\"><img decoding=\"async\" src=\"https:\/\/soccer.aidatasports.com\/images\/players\/50242.png\" alt=\"Ali Akman\" onerror=\"this.onerror=null;this.src='https:\/\/soccer.aidatasports.com\/images\/players\/default-player.png';\"><span>Ali Akman<\/span><\/a><\/div>\n<\/div>\n<\/div>\n<\/div>\n<\/div>\n<div id=\"wg-api-football-game\"\n                    data-host=\"xxxxx\"\n                    data-key=\"xxxx\"\n                    data-id=\"1213340\"\n                    data-theme=\"\"\n                    data-refresh=\"15\"\n                    data-show-errors=\"false\"\n                    data-show-logos=\"true\"><br \/>\n                    class=\u00bbwg_loader\u00bb>\n                <\/div>\n<div id=\"wg-api-football-standings\"\n                    data-host=\"xxxx\"\n                    data-key=\"ddddd\"\n                    data-league=\"144\"\n                    data-team=\"\"\n                    data-season=\"2024\"\n                    data-theme=\"\"\n                    data-show-errors=\"false\"\n                    data-show-logos=\"true\"\n                    class=\"wg_loader\">\n                <\/div>\n<p>                <script\n                    type=\"module\"\n                    src=\"https:\/\/soccer.aidatasports.com\/wp-content\/customjs\/widgetslocal.js\">\n                <\/script><\/p>\n","protected":false},"excerpt":{"rendered":"<p>Espa\u00f1ol KV Kortrijk sufri\u00f3 una contundente derrota en casa ante KVV Dender EH por 0-3&hellip;<\/p>\n","protected":false},"author":1,"featured_media":85252,"comment_status":"open","ping_status":"open","sticky":false,"template":"","format":"standard","meta":{"content-type":"","_lmt_disableupdate":"","_lmt_disable":"","_league":15837,"_fixture":1213340,"penci_pfeatured_image_ratio":"","penci_single_style":"","footnotes":""},"categories":[15837],"tags":[4569,818],"class_list":["post-85253","post","type-post","status-publish","format-standard","has-post-thumbnail","hentry","category-matches","tag-dender-belgium-6215","tag-kortrijk-belgium-734"],"_links":{"self":[{"href":"https:\/\/soccer.aidatasports.com\/es\/wp-json\/wp\/v2\/posts\/85253"}],"collection":[{"href":"https:\/\/soccer.aidatasports.com\/es\/wp-json\/wp\/v2\/posts"}],"about":[{"href":"https:\/\/soccer.aidatasports.com\/es\/wp-json\/wp\/v2\/types\/post"}],"author":[{"embeddable":true,"href":"https:\/\/soccer.aidatasports.com\/es\/wp-json\/wp\/v2\/users\/1"}],"replies":[{"embeddable":true,"href":"https:\/\/soccer.aidatasports.com\/es\/wp-json\/wp\/v2\/comments?post=85253"}],"version-history":[{"count":0,"href":"https:\/\/soccer.aidatasports.com\/es\/wp-json\/wp\/v2\/posts\/85253\/revisions"}],"wp:featuredmedia":[{"embeddable":true,"href":"https:\/\/soccer.aidatasports.com\/es\/wp-json\/wp\/v2\/media\/85252"}],"wp:attachment":[{"href":"https:\/\/soccer.aidatasports.com\/es\/wp-json\/wp\/v2\/media?parent=85253"}],"wp:term":[{"taxonomy":"category","embeddable":true,"href":"https:\/\/soccer.aidatasports.com\/es\/wp-json\/wp\/v2\/categories?post=85253"},{"taxonomy":"post_tag","embeddable":true,"href":"https:\/\/soccer.aidatasports.com\/es\/wp-json\/wp\/v2\/tags?post=85253"}],"curies":[{"name":"wp","href":"https:\/\/api.w.org\/{rel}","templated":true}]}}