{"id":68737,"date":"2024-10-06T02:10:12","date_gmt":"2024-10-06T02:10:12","guid":{"rendered":"https:\/\/soccer.aidatasports.com\/es\/uncategorized\/universidad-de-chile-vs-union-la-calera-oct-06-2024-0000-utc\/"},"modified":"2024-10-06T02:10:12","modified_gmt":"2024-10-06T02:10:12","slug":"universidad-de-chile-vs-union-la-calera-oct-06-2024-0000-utc","status":"publish","type":"post","link":"https:\/\/soccer.aidatasports.com\/es\/uncategorized\/universidad-de-chile-vs-union-la-calera-oct-06-2024-0000-utc\/","title":{"rendered":"Universidad de Chile vs Union La Calera Oct 06 2024 00:00 UTC"},"content":{"rendered":"<h1>Universidad de Chile se impuso a Uni\u00f3n La Calera en un partido con dominio azul<\/h1>\n<p><strong>Santiago de Chile, 6 de octubre de 2024.<\/strong> La Universidad de Chile se llev\u00f3 la victoria en un partido intenso ante Uni\u00f3n La Calera por 1 &#8211; 0, en el Estadio Nacional Julio Mart\u00ednez Pr\u00e1danos. <\/p>\n<p>El encuentro comenz\u00f3 con un ritmo fren\u00e9tico, marcado por la presi\u00f3n alta de ambos equipos. La Universidad de Chile, con un mayor control de la posesi\u00f3n del bal\u00f3n, encontr\u00f3 el gol en el minuto 38&#8242; gracias a un gran remate de Fernando Hormazabal, quien aprovech\u00f3 un preciso pase de Mauricio Zaldivia.<\/p>\n<p>Uni\u00f3n La Calera, por su parte, intent\u00f3 reaccionar, pero encontr\u00f3 poca precisi\u00f3n en sus ataques. Adem\u00e1s, el equipo visitante recibi\u00f3 dos tarjetas amarillas, a los 33\u2019 para Andr\u00e9s \u00c1lvarez Wallace y a los 79\u2019 para Diego Ulloa, que complicaron sus opciones de empatar. <\/p>\n<p>En el segundo tiempo, el partido sigui\u00f3 siendo de ida y vuelta, pero sin ocasiones claras de gol. El equipo azul mantuvo la ventaja hasta el pitazo final, logrando un valioso triunfo que los acerca a los puestos de arriba en la tabla.<\/p>\n<p><strong>Estad\u00edsticas:<\/strong><\/p>\n<p>* <strong>Universidad de Chile:<\/strong> 62% posesi\u00f3n, 16 tiros (7 a puerta, 6 fuera), 12 corners, 9 faltas, 0 amarillas, 0 rojas.<br \/>\n* <strong>Uni\u00f3n La Calera:<\/strong> 38% posesi\u00f3n, 9 tiros (2 a puerta, 3 fuera), 4 corners, 9 faltas, 2 amarillas, 0 rojas.<\/p>\n<p>**<\/p>\n<p>Sustituciones en el equipo de union la calera: en el minuto 55 ingres\u00f3 E. Valencia y sali\u00f3 R. Huerta, en el minuto 88 ingres\u00f3 W. Ponce y sali\u00f3 M. Cavalleri, en el minuto 88 ingres\u00f3 A. Henriquez y sali\u00f3 P. Parra, en el minuto 88 ingres\u00f3 M. Munoz y sali\u00f3 R. Rebolledo, en el minuto 89 ingres\u00f3 A. Encinas y sali\u00f3 A. Alvarez Wallace <\/p>\n<p>Sustituciones en el equipo de universidad de chile: en el minuto 60 ingres\u00f3 M. Sepulveda y sali\u00f3 M. Morales, en el minuto 60 ingres\u00f3 L. Assadi y sali\u00f3 N. Guerra, en el minuto 74 ingres\u00f3 L. Pons y sali\u00f3 C. Palacios, en el minuto 83 ingres\u00f3 I. E. Poblete Zuniga y sali\u00f3 M. G. Guerrero Pena <\/p>\n<p>Los equipos alinearon de la siguiente manera:<\/p>\n<div class=\"lineups-container\">\n<style>\n                .lineups-container {\n                    display: flex;\n                    justify-content: space-around;\n                    flex-wrap: wrap;\n                }\n                .team-lineup {\n                    width: 49%;\n                    margin-bottom: 20px;\n                    border: 1px solid #ccc;\n                    padding: 5px;\n                }\n                .team-lineup h3 {\n                    text-align: center;\n                    margin-bottom: 10px;\n                }\n                .players-container {\n                    display: flex;\n                    justify-content: space-between;\n                }\n                .players-container div {\n                    width: 100%;\n                }\n                .player {\n                    display: flex;\n                    align-items: center;\n                    margin-bottom: 5px;\n                }\n                .player img {\n                    width: 30px;\n                    height: 30px;\n                    border-radius: 50%;\n                    margin-right: 10px;\n                }\n                    @media (max-width: 600px) {\n                    .team-lineup {\n                        width: 100%;\n                    }\n                }\n                <\/style>\n<div class=\"team-lineup\">\n<h3>Universidad de Chile<\/h3>\n<p><img decoding=\"async\" src=\"https:\/\/media.api-sports.io\/football\/teams\/2323.png\" alt=\"Universidad de Chile\" style=\"width: 50px; height: 50px;\"><\/p>\n<div class=\"players-container\">\n<div>\n<h4>Titulares:<\/h4>\n<div class=\"player\"><a href=\"https:\/\/soccer.aidatasports.com\/es\/players\/Gabriel-Castell\u00f3n-11655\"><img decoding=\"async\" src=\"https:\/\/soccer.aidatasports.com\/images\/players\/11655.png\" alt=\"Gabriel Castell\u00f3n\" onerror=\"this.onerror=null;this.src='https:\/\/soccer.aidatasports.com\/images\/players\/default-player.png';\"><span>Gabriel Castell\u00f3n<\/span><\/a><\/div>\n<div class=\"player\"><a href=\"https:\/\/soccer.aidatasports.com\/es\/players\/Fabi\u00e1n-Hormaz\u00e1bal-12021\"><img decoding=\"async\" src=\"https:\/\/soccer.aidatasports.com\/images\/players\/12021.png\" alt=\"Fabi\u00e1n Hormaz\u00e1bal\" onerror=\"this.onerror=null;this.src='https:\/\/soccer.aidatasports.com\/images\/players\/default-player.png';\"><span>Fabi\u00e1n Hormaz\u00e1bal<\/span><\/a><\/div>\n<div class=\"player\"><a href=\"https:\/\/soccer.aidatasports.com\/es\/players\/Franco-Calder\u00f3n-6106\"><img decoding=\"async\" src=\"https:\/\/soccer.aidatasports.com\/images\/players\/6106.png\" alt=\"Franco Calder\u00f3n\" onerror=\"this.onerror=null;this.src='https:\/\/soccer.aidatasports.com\/images\/players\/default-player.png';\"><span>Franco Calder\u00f3n<\/span><\/a><\/div>\n<div class=\"player\"><a href=\"https:\/\/soccer.aidatasports.com\/es\/players\/Mat\u00edas-Zaldivia-11422\"><img decoding=\"async\" src=\"https:\/\/soccer.aidatasports.com\/images\/players\/11422.png\" alt=\"Mat\u00edas Zaldivia\" onerror=\"this.onerror=null;this.src='https:\/\/soccer.aidatasports.com\/images\/players\/default-player.png';\"><span>Mat\u00edas Zaldivia<\/span><\/a><\/div>\n<div class=\"player\"><a href=\"https:\/\/soccer.aidatasports.com\/es\/players\/Marcelo-Morales-289291\"><img decoding=\"async\" src=\"https:\/\/soccer.aidatasports.com\/images\/players\/289291.png\" alt=\"Marcelo Morales\" onerror=\"this.onerror=null;this.src='https:\/\/soccer.aidatasports.com\/images\/players\/default-player.png';\"><span>Marcelo Morales<\/span><\/a><\/div>\n<div class=\"player\"><a href=\"https:\/\/soccer.aidatasports.com\/es\/players\/Fabricio-Formiliano-51596\"><img decoding=\"async\" src=\"https:\/\/soccer.aidatasports.com\/images\/players\/51596.png\" alt=\"Fabricio Formiliano\" onerror=\"this.onerror=null;this.src='https:\/\/soccer.aidatasports.com\/images\/players\/default-player.png';\"><span>Fabricio Formiliano<\/span><\/a><\/div>\n<div class=\"player\"><a href=\"https:\/\/soccer.aidatasports.com\/es\/players\/Marcelo-D\u00edaz-5914\"><img decoding=\"async\" src=\"https:\/\/soccer.aidatasports.com\/images\/players\/5914.png\" alt=\"Marcelo D\u00edaz\" onerror=\"this.onerror=null;this.src='https:\/\/soccer.aidatasports.com\/images\/players\/default-player.png';\"><span>Marcelo D\u00edaz<\/span><\/a><\/div>\n<div class=\"player\"><a href=\"https:\/\/soccer.aidatasports.com\/es\/players\/Charles-Ar\u00e1nguiz-974\"><img decoding=\"async\" src=\"https:\/\/soccer.aidatasports.com\/images\/players\/974.png\" alt=\"Charles Ar\u00e1nguiz\" onerror=\"this.onerror=null;this.src='https:\/\/soccer.aidatasports.com\/images\/players\/default-player.png';\"><span>Charles Ar\u00e1nguiz<\/span><\/a><\/div>\n<div class=\"player\"><a href=\"https:\/\/soccer.aidatasports.com\/es\/players\/Maximiliano-Guerrero-12003\"><img decoding=\"async\" src=\"https:\/\/soccer.aidatasports.com\/images\/players\/12003.png\" alt=\"Maximiliano Guerrero\" onerror=\"this.onerror=null;this.src='https:\/\/soccer.aidatasports.com\/images\/players\/default-player.png';\"><span>Maximiliano Guerrero<\/span><\/a><\/div>\n<div class=\"player\"><a href=\"https:\/\/soccer.aidatasports.com\/es\/players\/Cristi\u00e1n-Palacios-39808\"><img decoding=\"async\" src=\"https:\/\/soccer.aidatasports.com\/images\/players\/39808.png\" alt=\"Cristi\u00e1n Palacios\" onerror=\"this.onerror=null;this.src='https:\/\/soccer.aidatasports.com\/images\/players\/default-player.png';\"><span>Cristi\u00e1n Palacios<\/span><\/a><\/div>\n<div class=\"player\"><a href=\"https:\/\/soccer.aidatasports.com\/es\/players\/Nicol\u00e1s-Guerra-11839\"><img decoding=\"async\" src=\"https:\/\/soccer.aidatasports.com\/images\/players\/11839.png\" alt=\"Nicol\u00e1s Guerra\" onerror=\"this.onerror=null;this.src='https:\/\/soccer.aidatasports.com\/images\/players\/default-player.png';\"><span>Nicol\u00e1s Guerra<\/span><\/a><\/div>\n<\/div>\n<div>\n<h4>Suplentes:<\/h4>\n<div class=\"player\"><a href=\"https:\/\/soccer.aidatasports.com\/es\/players\/Lucas-Assadi-237130\"><img decoding=\"async\" src=\"https:\/\/soccer.aidatasports.com\/images\/players\/237130.png\" alt=\"Lucas Assadi\" onerror=\"this.onerror=null;this.src='https:\/\/soccer.aidatasports.com\/images\/players\/default-player.png';\"><span>Lucas Assadi<\/span><\/a><\/div>\n<div class=\"player\"><a href=\"https:\/\/soccer.aidatasports.com\/es\/players\/Mat\u00edas-Sep\u00falveda-11486\"><img decoding=\"async\" src=\"https:\/\/soccer.aidatasports.com\/images\/players\/11486.png\" alt=\"Mat\u00edas Sep\u00falveda\" onerror=\"this.onerror=null;this.src='https:\/\/soccer.aidatasports.com\/images\/players\/default-player.png';\"><span>Mat\u00edas Sep\u00falveda<\/span><\/a><\/div>\n<div class=\"player\"><a href=\"https:\/\/soccer.aidatasports.com\/es\/players\/Luciano-Pons-6695\"><img decoding=\"async\" src=\"https:\/\/soccer.aidatasports.com\/images\/players\/6695.png\" alt=\"Luciano Pons\" onerror=\"this.onerror=null;this.src='https:\/\/soccer.aidatasports.com\/images\/players\/default-player.png';\"><span>Luciano Pons<\/span><\/a><\/div>\n<div class=\"player\"><a href=\"https:\/\/soccer.aidatasports.com\/es\/players\/Cristopher-Toselli-11348\"><img decoding=\"async\" src=\"https:\/\/soccer.aidatasports.com\/images\/players\/11348.png\" alt=\"Cristopher Toselli\" onerror=\"this.onerror=null;this.src='https:\/\/soccer.aidatasports.com\/images\/players\/default-player.png';\"><span>Cristopher Toselli<\/span><\/a><\/div>\n<div class=\"player\"><a href=\"https:\/\/soccer.aidatasports.com\/es\/players\/Pedro-Emanuel-Ojeda-6513\"><img decoding=\"async\" src=\"https:\/\/soccer.aidatasports.com\/images\/players\/6513.png\" alt=\"Pedro Emanuel Ojeda\" onerror=\"this.onerror=null;this.src='https:\/\/soccer.aidatasports.com\/images\/players\/default-player.png';\"><span>Pedro Emanuel Ojeda<\/span><\/a><\/div>\n<div class=\"player\"><a href=\"https:\/\/soccer.aidatasports.com\/es\/players\/Federico-Mateos-12226\"><img decoding=\"async\" src=\"https:\/\/soccer.aidatasports.com\/images\/players\/12226.png\" alt=\"Federico Mateos\" onerror=\"this.onerror=null;this.src='https:\/\/soccer.aidatasports.com\/images\/players\/default-player.png';\"><span>Federico Mateos<\/span><\/a><\/div>\n<div class=\"player\"><a href=\"https:\/\/soccer.aidatasports.com\/es\/players\/Israel-Poblete-11801\"><img decoding=\"async\" src=\"https:\/\/soccer.aidatasports.com\/images\/players\/11801.png\" alt=\"Israel Poblete\" onerror=\"this.onerror=null;this.src='https:\/\/soccer.aidatasports.com\/images\/players\/default-player.png';\"><span>Israel Poblete<\/span><\/a><\/div>\n<\/div>\n<\/div>\n<\/div>\n<div class=\"team-lineup\">\n<h3>Union La Calera<\/h3>\n<p><img decoding=\"async\" src=\"https:\/\/media.api-sports.io\/football\/teams\/2326.png\" alt=\"Union La Calera\" style=\"width: 50px; height: 50px;\"><\/p>\n<div class=\"players-container\">\n<div>\n<h4>Titulares:<\/h4>\n<div class=\"player\"><a href=\"https:\/\/soccer.aidatasports.com\/es\/players\/Jorge-Pe\u00f1a-125667\"><img decoding=\"async\" src=\"https:\/\/soccer.aidatasports.com\/images\/players\/125667.png\" alt=\"Jorge Pe\u00f1a\" onerror=\"this.onerror=null;this.src='https:\/\/soccer.aidatasports.com\/images\/players\/default-player.png';\"><span>Jorge Pe\u00f1a<\/span><\/a><\/div>\n<div class=\"player\"><a href=\"https:\/\/soccer.aidatasports.com\/es\/players\/Raimundo-Rebolledo-11356\"><img decoding=\"async\" src=\"https:\/\/soccer.aidatasports.com\/images\/players\/11356.png\" alt=\"Raimundo Rebolledo\" onerror=\"this.onerror=null;this.src='https:\/\/soccer.aidatasports.com\/images\/players\/default-player.png';\"><span>Raimundo Rebolledo<\/span><\/a><\/div>\n<div class=\"player\"><a href=\"https:\/\/soccer.aidatasports.com\/es\/players\/Enzo-Ferrario-11351\"><img decoding=\"async\" src=\"https:\/\/soccer.aidatasports.com\/images\/players\/11351.png\" alt=\"Enzo Ferrario\" onerror=\"this.onerror=null;this.src='https:\/\/soccer.aidatasports.com\/images\/players\/default-player.png';\"><span>Enzo Ferrario<\/span><\/a><\/div>\n<div class=\"player\"><a href=\"https:\/\/soccer.aidatasports.com\/es\/players\/Nahuel-Brunet-354935\"><img decoding=\"async\" src=\"https:\/\/soccer.aidatasports.com\/images\/players\/354935.png\" alt=\"Nahuel Brunet\" onerror=\"this.onerror=null;this.src='https:\/\/soccer.aidatasports.com\/images\/players\/default-player.png';\"><span>Nahuel Brunet<\/span><\/a><\/div>\n<div class=\"player\"><a href=\"https:\/\/soccer.aidatasports.com\/es\/players\/Diego-Ulloa-353858\"><img decoding=\"async\" src=\"https:\/\/soccer.aidatasports.com\/images\/players\/353858.png\" alt=\"Diego Ulloa\" onerror=\"this.onerror=null;this.src='https:\/\/soccer.aidatasports.com\/images\/players\/default-player.png';\"><span>Diego Ulloa<\/span><\/a><\/div>\n<div class=\"player\"><a href=\"https:\/\/soccer.aidatasports.com\/es\/players\/Agust\u00edn-\u00c1lvarez-146659\"><img decoding=\"async\" src=\"https:\/\/soccer.aidatasports.com\/images\/players\/146659.png\" alt=\"Agust\u00edn \u00c1lvarez\" onerror=\"this.onerror=null;this.src='https:\/\/soccer.aidatasports.com\/images\/players\/default-player.png';\"><span>Agust\u00edn \u00c1lvarez<\/span><\/a><\/div>\n<div class=\"player\"><a href=\"https:\/\/soccer.aidatasports.com\/es\/players\/Pablo-Parra-11833\"><img decoding=\"async\" src=\"https:\/\/soccer.aidatasports.com\/images\/players\/11833.png\" alt=\"Pablo Parra\" onerror=\"this.onerror=null;this.src='https:\/\/soccer.aidatasports.com\/images\/players\/default-player.png';\"><span>Pablo Parra<\/span><\/a><\/div>\n<div class=\"player\"><a href=\"https:\/\/soccer.aidatasports.com\/es\/players\/Renato-Huerta-404781\"><img decoding=\"async\" src=\"https:\/\/soccer.aidatasports.com\/images\/players\/404781.png\" alt=\"Renato Huerta\" onerror=\"this.onerror=null;this.src='https:\/\/soccer.aidatasports.com\/images\/players\/default-player.png';\"><span>Renato Huerta<\/span><\/a><\/div>\n<div class=\"player\"><a href=\"https:\/\/soccer.aidatasports.com\/es\/players\/Franco-Soldano-1619\"><img decoding=\"async\" src=\"https:\/\/soccer.aidatasports.com\/images\/players\/1619.png\" alt=\"Franco Soldano\" onerror=\"this.onerror=null;this.src='https:\/\/soccer.aidatasports.com\/images\/players\/default-player.png';\"><span>Franco Soldano<\/span><\/a><\/div>\n<div class=\"player\"><a href=\"https:\/\/soccer.aidatasports.com\/es\/players\/Mat\u00edas-Cavalleri-11583\"><img decoding=\"async\" src=\"https:\/\/soccer.aidatasports.com\/images\/players\/11583.png\" alt=\"Mat\u00edas Cavalleri\" onerror=\"this.onerror=null;this.src='https:\/\/soccer.aidatasports.com\/images\/players\/default-player.png';\"><span>Mat\u00edas Cavalleri<\/span><\/a><\/div>\n<div class=\"player\"><a href=\"https:\/\/soccer.aidatasports.com\/es\/players\/David-Romero-58270\"><img decoding=\"async\" src=\"https:\/\/soccer.aidatasports.com\/images\/players\/58270.png\" alt=\"David Romero\" onerror=\"this.onerror=null;this.src='https:\/\/soccer.aidatasports.com\/images\/players\/default-player.png';\"><span>David Romero<\/span><\/a><\/div>\n<\/div>\n<div>\n<h4>Suplentes:<\/h4>\n<div class=\"player\"><a href=\"https:\/\/soccer.aidatasports.com\/es\/players\/Esteban-Valencia-11402\"><img decoding=\"async\" src=\"https:\/\/soccer.aidatasports.com\/images\/players\/11402.png\" alt=\"Esteban Valencia\" onerror=\"this.onerror=null;this.src='https:\/\/soccer.aidatasports.com\/images\/players\/default-player.png';\"><span>Esteban Valencia<\/span><\/a><\/div>\n<div class=\"player\"><a href=\"https:\/\/soccer.aidatasports.com\/es\/players\/Benjam\u00edn-Astudillo-408954\"><img decoding=\"async\" src=\"https:\/\/soccer.aidatasports.com\/images\/players\/408954.png\" alt=\"Benjam\u00edn Astudillo\" onerror=\"this.onerror=null;this.src='https:\/\/soccer.aidatasports.com\/images\/players\/default-player.png';\"><span>Benjam\u00edn Astudillo<\/span><\/a><\/div>\n<div class=\"player\"><a href=\"https:\/\/soccer.aidatasports.com\/es\/players\/Ezequiel-Parnisiari-5487\"><img decoding=\"async\" src=\"https:\/\/soccer.aidatasports.com\/images\/players\/5487.png\" alt=\"Ezequiel Parnisiari\" onerror=\"this.onerror=null;this.src='https:\/\/soccer.aidatasports.com\/images\/players\/default-player.png';\"><span>Ezequiel Parnisiari<\/span><\/a><\/div>\n<div class=\"player\"><a href=\"https:\/\/soccer.aidatasports.com\/es\/players\/Alejandro-Henr\u00edquez-11642\"><img decoding=\"async\" src=\"https:\/\/soccer.aidatasports.com\/images\/players\/11642.png\" alt=\"Alejandro Henr\u00edquez\" onerror=\"this.onerror=null;this.src='https:\/\/soccer.aidatasports.com\/images\/players\/default-player.png';\"><span>Alejandro Henr\u00edquez<\/span><\/a><\/div>\n<div class=\"player\"><a href=\"https:\/\/soccer.aidatasports.com\/es\/players\/Mat\u00edas-Mu\u00f1oz-75740\"><img decoding=\"async\" src=\"https:\/\/soccer.aidatasports.com\/images\/players\/75740.png\" alt=\"Mat\u00edas Mu\u00f1oz\" onerror=\"this.onerror=null;this.src='https:\/\/soccer.aidatasports.com\/images\/players\/default-player.png';\"><span>Mat\u00edas Mu\u00f1oz<\/span><\/a><\/div>\n<div class=\"player\"><a href=\"https:\/\/soccer.aidatasports.com\/es\/players\/Axel-Encinas-404717\"><img decoding=\"async\" src=\"https:\/\/soccer.aidatasports.com\/images\/players\/404717.png\" alt=\"Axel Encinas\" onerror=\"this.onerror=null;this.src='https:\/\/soccer.aidatasports.com\/images\/players\/default-player.png';\"><span>Axel Encinas<\/span><\/a><\/div>\n<div class=\"player\"><a href=\"https:\/\/soccer.aidatasports.com\/es\/players\/Walter-Ponce-11747\"><img decoding=\"async\" src=\"https:\/\/soccer.aidatasports.com\/images\/players\/11747.png\" alt=\"Walter Ponce\" onerror=\"this.onerror=null;this.src='https:\/\/soccer.aidatasports.com\/images\/players\/default-player.png';\"><span>Walter Ponce<\/span><\/a><\/div>\n<\/div>\n<\/div>\n<\/div>\n<\/div>\n<div id=\"wg-api-football-game\"\n                    data-host=\"xxxxx\"\n                    data-key=\"xxxx\"\n                    data-id=\"1161532\"\n                    data-theme=\"\"\n                    data-refresh=\"15\"\n                    data-show-errors=\"false\"\n                    data-show-logos=\"true\"><br \/>\n                    class=\u00bbwg_loader\u00bb>\n                <\/div>\n<div id=\"wg-api-football-standings\"\n                    data-host=\"xxxx\"\n                    data-key=\"ddddd\"\n                    data-league=\"265\"\n                    data-team=\"\"\n                    data-season=\"2024\"\n                    data-theme=\"\"\n                    data-show-errors=\"false\"\n                    data-show-logos=\"true\"\n                    class=\"wg_loader\">\n                <\/div>\n<p>                <script\n                    type=\"module\"\n                    src=\"https:\/\/soccer.aidatasports.com\/wp-content\/customjs\/widgetslocal.js\">\n                <\/script><\/p>\n","protected":false},"excerpt":{"rendered":"<p>Universidad de Chile se impuso a Uni\u00f3n La Calera en un partido con dominio azul&hellip;<\/p>\n","protected":false},"author":1,"featured_media":68736,"comment_status":"open","ping_status":"open","sticky":false,"template":"","format":"standard","meta":{"content-type":"","_lmt_disableupdate":"","_lmt_disable":"","_league":1,"_fixture":1161532,"penci_pfeatured_image_ratio":"","penci_single_style":"","footnotes":""},"categories":[1],"tags":[2099,2096],"class_list":["post-68737","post","type-post","status-publish","format-standard","has-post-thumbnail","hentry","category-uncategorized","tag-union-la-calera-chile-2326","tag-universidad-de-chile-chile-2323"],"_links":{"self":[{"href":"https:\/\/soccer.aidatasports.com\/es\/wp-json\/wp\/v2\/posts\/68737"}],"collection":[{"href":"https:\/\/soccer.aidatasports.com\/es\/wp-json\/wp\/v2\/posts"}],"about":[{"href":"https:\/\/soccer.aidatasports.com\/es\/wp-json\/wp\/v2\/types\/post"}],"author":[{"embeddable":true,"href":"https:\/\/soccer.aidatasports.com\/es\/wp-json\/wp\/v2\/users\/1"}],"replies":[{"embeddable":true,"href":"https:\/\/soccer.aidatasports.com\/es\/wp-json\/wp\/v2\/comments?post=68737"}],"version-history":[{"count":0,"href":"https:\/\/soccer.aidatasports.com\/es\/wp-json\/wp\/v2\/posts\/68737\/revisions"}],"wp:featuredmedia":[{"embeddable":true,"href":"https:\/\/soccer.aidatasports.com\/es\/wp-json\/wp\/v2\/media\/68736"}],"wp:attachment":[{"href":"https:\/\/soccer.aidatasports.com\/es\/wp-json\/wp\/v2\/media?parent=68737"}],"wp:term":[{"taxonomy":"category","embeddable":true,"href":"https:\/\/soccer.aidatasports.com\/es\/wp-json\/wp\/v2\/categories?post=68737"},{"taxonomy":"post_tag","embeddable":true,"href":"https:\/\/soccer.aidatasports.com\/es\/wp-json\/wp\/v2\/tags?post=68737"}],"curies":[{"name":"wp","href":"https:\/\/api.w.org\/{rel}","templated":true}]}}